{"id":9968,"date":"2024-10-12T13:06:29","date_gmt":"2024-10-12T09:06:29","guid":{"rendered":"https:\/\/kokpit.az\/?p=9968"},"modified":"2024-10-12T11:32:47","modified_gmt":"2024-10-12T07:32:47","slug":"h-marko-antonellinin-uguruna-t%c9%99minat-yoxdur","status":"publish","type":"post","link":"https:\/\/kokpit.az\/?p=9968","title":{"rendered":"H.Marko: Antonellinin u\u011furuna t\u0259minat yoxdur"},"content":{"rendered":"<p>Kokpit.az xat\u0131rlad\u0131r ki, Mercedes komandas\u0131 Ferrari-y\u0259 ged\u0259n Lyuis H\u0259miltonun yerin\u0259 bir ne\u00e7\u0259 s\u00fcr\u00fcc\u00fcn\u00fc d\u0259y\u0259rl\u0259ndirs\u0259 d\u0259, sonda 18 ya\u015fl\u0131 Kimi Antonellid\u0259 q\u0259rar q\u0131l\u0131b. \u201cG\u00fcm\u00fc\u015f\u00fc oxlar\u201d\u0131n d\u0259y\u0259rl\u0259ndirdiyi s\u00fcr\u00fcc\u00fcl\u0259r aras\u0131nda Maks Ferstappen d\u0259 var idi.<\/p>\n<p><strong>Toto Volff<\/strong> Antonelli transferi bar\u0259d\u0259 bel\u0259 dan\u0131\u015fm\u0131\u015fd\u0131: \u201cLyuisd\u0259n sonra bir n\u0259sil d\u0259yi\u015fikliyi laz\u0131m idi, \u00e7\u00fcnki indid\u0259n sonra he\u00e7 n\u0259 \u0259vv\u0259lki kimi olmayacaq.<\/p>\n<p>G\u0259l\u0259n il g\u0259nc komandam\u0131z olacaq. M\u00f6vs\u00fcm\u0259 Rassell v\u0259 Antonelli il\u0259 ba\u015flayaca\u011f\u0131q. Bu is\u0259 yeni d\u00f6vr\u0259 girdiyimizin g\u00f6st\u0259ricisidir. \u018fvv\u0259lki d\u00f6vr \u0259la idi, amma indi yeni s\u0259hif\u0259 a\u00e7ma\u011f\u0131n zaman\u0131 g\u0259ldi.<\/p>\n<p>\u018fg\u0259r Kimi \u0259vv\u0259l ba\u015fqa komandaya gets\u0259ydi, f\u0259rqli \u015feyl\u0259r \u00f6yr\u0259n\u0259c\u0259k v\u0259 ba\u015fqa c\u00fcr davranacaqd\u0131. Biziml\u0259 eyni fikirl\u0259r\u0259 sahib olmayacaqd\u0131. Biz d\u0259 bundan qa\u00e7maq ist\u0259dik. M\u0259qs\u0259dimiz Lyuisd\u0259 oldu\u011fu kimi yeni u\u011fur hek\u0259y\u0259l\u0259ri yazmaqd\u0131r\u201d.<\/p>\n<p><strong>Red Bull \u015firk\u0259tinin idman m\u0259sl\u0259h\u0259t\u00e7isi Helmut Marko<\/strong> is\u0259 etiraf edib ki, o, Kimi Antonellini g\u00f6z\u00fcn\u0259 k\u0259sdirib: \u201cS\u00fcr\u0259tind\u0259n t\u0259sirl\u0259nmi\u015fdim. Amma ham\u0131s\u0131na bird\u0259n sahib ola bilm\u0259zsiniz.<\/p>\n<p>Maks t\u0259bii ki, Maksd\u0131r. Buna g\u00f6r\u0259 d\u0259 indi Kimi Antonelli \u00f6z\u00fcn\u00fc isbatlamal\u0131d\u0131r. N\u0259tic\u0259l\u0259r qazanmal\u0131d\u0131r v\u0259 bu da t\u0259min olunmay\u0131b. Ham\u0131m\u0131z motivasiyas\u0131n\u0131 itir\u0259n, \u00f6z\u00fcn\u0259 q\u0131z tapan v\u0259 g\u00fcc\u00fcn\u00fc itir\u0259n pilotlar g\u00f6rd\u00fck. Bunlar\u0131n ham\u0131s\u0131 daha \u0259vv\u0259l ba\u015f verib\u201d.<\/p>\n","protected":false},"excerpt":{"rendered":"<p>Red Bull \u015firk\u0259tinin idman m\u0259sl\u0259h\u0259t\u00e7isi Helmut Marko bildirib ki, Kimi Antonellinin Mercedes-d\u0259 u\u011furlu olaca\u011f\u0131n\u0131n t\u0259minat\u0131 yoxdur.<\/p>\n","protected":false},"author":2,"featured_media":9969,"comment_status":"open","ping_status":"open","sticky":false,"template":"","format":"standard","meta":{"footnotes":""},"categories":[2],"tags":[55,389,60],"class_list":["post-9968","post","type-post","status-publish","format-standard","has-post-thumbnail","hentry","category-news","tag-helmut-marko","tag-kimi-antonelli","tag-toto-wolff"],"yoast_head":"<!-- This site is optimized with the Yoast SEO plugin v27.5 - https:\/\/yoast.com\/product\/yoast-seo-wordpress\/ -->\n<title>H.Marko: Antonellinin u\u011furuna t\u0259minat yoxdur - X\u0259b\u0259ri Kokpitd\u0259 Oxuyun!<\/title>\n<meta name=\"robots\" content=\"index, follow, max-snippet:-1, max-image-preview:large, max-video-preview:-1\" \/>\n<link rel=\"canonical\" href=\"https:\/\/kokpit.az\/?p=9968\" \/>\n<meta property=\"og:locale\" content=\"az_AZ\" \/>\n<meta property=\"og:type\" content=\"article\" \/>\n<meta property=\"og:title\" content=\"H.Marko: Antonellinin u\u011furuna t\u0259minat yoxdur - X\u0259b\u0259ri Kokpitd\u0259 Oxuyun!\" \/>\n<meta property=\"og:description\" content=\"Red Bull \u015firk\u0259tinin idman m\u0259sl\u0259h\u0259t\u00e7isi Helmut Marko bildirib ki, Kimi Antonellinin Mercedes-d\u0259 u\u011furlu olaca\u011f\u0131n\u0131n t\u0259minat\u0131 yoxdur.\" \/>\n<meta property=\"og:url\" content=\"https:\/\/kokpit.az\/?p=9968\" \/>\n<meta property=\"og:site_name\" content=\"X\u0259b\u0259ri Kokpitd\u0259 Oxuyun!\" \/>\n<meta property=\"article:publisher\" content=\"https:\/\/www.facebook.com\/profile.php?id=61553756392357\" \/>\n<meta property=\"article:published_time\" content=\"2024-10-12T09:06:29+00:00\" \/>\n<meta property=\"og:image\" content=\"https:\/\/kokpit.az\/wp-content\/uploads\/2024\/10\/c-99-e1728534440365.webp\" \/>\n\t<meta property=\"og:image:width\" content=\"1600\" \/>\n\t<meta property=\"og:image:height\" content=\"839\" \/>\n\t<meta property=\"og:image:type\" content=\"image\/webp\" \/>\n<meta name=\"author\" content=\"Rauf Hac\u0131yev\" \/>\n<meta name=\"twitter:card\" content=\"summary_large_image\" \/>\n<meta name=\"twitter:label1\" content=\"Written by\" \/>\n\t<meta name=\"twitter:data1\" content=\"Rauf Hac\u0131yev\" \/>\n\t<meta name=\"twitter:label2\" content=\"Est. reading time\" \/>\n\t<meta name=\"twitter:data2\" content=\"1 minute\" \/>\n<script type=\"application\/ld+json\" class=\"yoast-schema-graph\">{\"@context\":\"https:\\\/\\\/schema.org\",\"@graph\":[{\"@type\":\"Article\",\"@id\":\"https:\\\/\\\/kokpit.az\\\/?p=9968#article\",\"isPartOf\":{\"@id\":\"https:\\\/\\\/kokpit.az\\\/?p=9968\"},\"author\":{\"name\":\"Rauf Hac\u0131yev\",\"@id\":\"https:\\\/\\\/kokpit.az\\\/#\\\/schema\\\/person\\\/f4114e650bc2993d0650e4fb6933c581\"},\"headline\":\"H.Marko: Antonellinin u\u011furuna t\u0259minat yoxdur\",\"datePublished\":\"2024-10-12T09:06:29+00:00\",\"mainEntityOfPage\":{\"@id\":\"https:\\\/\\\/kokpit.az\\\/?p=9968\"},\"wordCount\":299,\"commentCount\":0,\"publisher\":{\"@id\":\"https:\\\/\\\/kokpit.az\\\/#organization\"},\"image\":{\"@id\":\"https:\\\/\\\/kokpit.az\\\/?p=9968#primaryimage\"},\"thumbnailUrl\":\"https:\\\/\\\/kokpit.az\\\/wp-content\\\/uploads\\\/2024\\\/10\\\/c-99-e1728534440365.webp\",\"keywords\":[\"Helmut Marko\",\"Kimi Antonelli\",\"Toto Wolff\"],\"articleSection\":[\"X\u0259b\u0259rl\u0259r\"],\"inLanguage\":\"az\",\"potentialAction\":[{\"@type\":\"CommentAction\",\"name\":\"Comment\",\"target\":[\"https:\\\/\\\/kokpit.az\\\/?p=9968#respond\"]}]},{\"@type\":\"WebPage\",\"@id\":\"https:\\\/\\\/kokpit.az\\\/?p=9968\",\"url\":\"https:\\\/\\\/kokpit.az\\\/?p=9968\",\"name\":\"H.Marko: Antonellinin u\u011furuna t\u0259minat yoxdur - X\u0259b\u0259ri Kokpitd\u0259 Oxuyun!\",\"isPartOf\":{\"@id\":\"https:\\\/\\\/kokpit.az\\\/#website\"},\"primaryImageOfPage\":{\"@id\":\"https:\\\/\\\/kokpit.az\\\/?p=9968#primaryimage\"},\"image\":{\"@id\":\"https:\\\/\\\/kokpit.az\\\/?p=9968#primaryimage\"},\"thumbnailUrl\":\"https:\\\/\\\/kokpit.az\\\/wp-content\\\/uploads\\\/2024\\\/10\\\/c-99-e1728534440365.webp\",\"datePublished\":\"2024-10-12T09:06:29+00:00\",\"breadcrumb\":{\"@id\":\"https:\\\/\\\/kokpit.az\\\/?p=9968#breadcrumb\"},\"inLanguage\":\"az\",\"potentialAction\":[{\"@type\":\"ReadAction\",\"target\":[\"https:\\\/\\\/kokpit.az\\\/?p=9968\"]}]},{\"@type\":\"ImageObject\",\"inLanguage\":\"az\",\"@id\":\"https:\\\/\\\/kokpit.az\\\/?p=9968#primaryimage\",\"url\":\"https:\\\/\\\/kokpit.az\\\/wp-content\\\/uploads\\\/2024\\\/10\\\/c-99-e1728534440365.webp\",\"contentUrl\":\"https:\\\/\\\/kokpit.az\\\/wp-content\\\/uploads\\\/2024\\\/10\\\/c-99-e1728534440365.webp\",\"width\":1600,\"height\":839},{\"@type\":\"BreadcrumbList\",\"@id\":\"https:\\\/\\\/kokpit.az\\\/?p=9968#breadcrumb\",\"itemListElement\":[{\"@type\":\"ListItem\",\"position\":1,\"name\":\"Home\",\"item\":\"https:\\\/\\\/kokpit.az\\\/\"},{\"@type\":\"ListItem\",\"position\":2,\"name\":\"H.Marko: Antonellinin u\u011furuna t\u0259minat yoxdur\"}]},{\"@type\":\"WebSite\",\"@id\":\"https:\\\/\\\/kokpit.az\\\/#website\",\"url\":\"https:\\\/\\\/kokpit.az\\\/\",\"name\":\"X\u0259b\u0259ri Kokpitd\u0259 Oxuyun!\",\"description\":\"\",\"publisher\":{\"@id\":\"https:\\\/\\\/kokpit.az\\\/#organization\"},\"potentialAction\":[{\"@type\":\"SearchAction\",\"target\":{\"@type\":\"EntryPoint\",\"urlTemplate\":\"https:\\\/\\\/kokpit.az\\\/?s={search_term_string}\"},\"query-input\":{\"@type\":\"PropertyValueSpecification\",\"valueRequired\":true,\"valueName\":\"search_term_string\"}}],\"inLanguage\":\"az\"},{\"@type\":\"Organization\",\"@id\":\"https:\\\/\\\/kokpit.az\\\/#organization\",\"name\":\"X\u0259b\u0259ri Kokpitd\u0259 Oxuyun!\",\"url\":\"https:\\\/\\\/kokpit.az\\\/\",\"logo\":{\"@type\":\"ImageObject\",\"inLanguage\":\"az\",\"@id\":\"https:\\\/\\\/kokpit.az\\\/#\\\/schema\\\/logo\\\/image\\\/\",\"url\":\"https:\\\/\\\/kokpit.az\\\/wp-content\\\/uploads\\\/2023\\\/05\\\/kokpit.jpg\",\"contentUrl\":\"https:\\\/\\\/kokpit.az\\\/wp-content\\\/uploads\\\/2023\\\/05\\\/kokpit.jpg\",\"width\":488,\"height\":245,\"caption\":\"X\u0259b\u0259ri Kokpitd\u0259 Oxuyun!\"},\"image\":{\"@id\":\"https:\\\/\\\/kokpit.az\\\/#\\\/schema\\\/logo\\\/image\\\/\"},\"sameAs\":[\"https:\\\/\\\/www.facebook.com\\\/profile.php?id=61553756392357\"]},{\"@type\":\"Person\",\"@id\":\"https:\\\/\\\/kokpit.az\\\/#\\\/schema\\\/person\\\/f4114e650bc2993d0650e4fb6933c581\",\"name\":\"Rauf Hac\u0131yev\",\"image\":{\"@type\":\"ImageObject\",\"inLanguage\":\"az\",\"@id\":\"https:\\\/\\\/secure.gravatar.com\\\/avatar\\\/394a2085c47c7acdcf41f7d270b7cbb52513d6f4f24c1cb6dfbbd61f98c0503d?s=96&d=mm&r=g\",\"url\":\"https:\\\/\\\/secure.gravatar.com\\\/avatar\\\/394a2085c47c7acdcf41f7d270b7cbb52513d6f4f24c1cb6dfbbd61f98c0503d?s=96&d=mm&r=g\",\"contentUrl\":\"https:\\\/\\\/secure.gravatar.com\\\/avatar\\\/394a2085c47c7acdcf41f7d270b7cbb52513d6f4f24c1cb6dfbbd61f98c0503d?s=96&d=mm&r=g\",\"caption\":\"Rauf Hac\u0131yev\"},\"sameAs\":[\"https:\\\/\\\/kokpit.az\"],\"url\":\"https:\\\/\\\/kokpit.az\\\/?author=2\"}]}<\/script>\n<!-- \/ Yoast SEO plugin. -->","yoast_head_json":{"title":"H.Marko: Antonellinin u\u011furuna t\u0259minat yoxdur - X\u0259b\u0259ri Kokpitd\u0259 Oxuyun!","robots":{"index":"index","follow":"follow","max-snippet":"max-snippet:-1","max-image-preview":"max-image-preview:large","max-video-preview":"max-video-preview:-1"},"canonical":"https:\/\/kokpit.az\/?p=9968","og_locale":"az_AZ","og_type":"article","og_title":"H.Marko: Antonellinin u\u011furuna t\u0259minat yoxdur - X\u0259b\u0259ri Kokpitd\u0259 Oxuyun!","og_description":"Red Bull \u015firk\u0259tinin idman m\u0259sl\u0259h\u0259t\u00e7isi Helmut Marko bildirib ki, Kimi Antonellinin Mercedes-d\u0259 u\u011furlu olaca\u011f\u0131n\u0131n t\u0259minat\u0131 yoxdur.","og_url":"https:\/\/kokpit.az\/?p=9968","og_site_name":"X\u0259b\u0259ri Kokpitd\u0259 Oxuyun!","article_publisher":"https:\/\/www.facebook.com\/profile.php?id=61553756392357","article_published_time":"2024-10-12T09:06:29+00:00","og_image":[{"width":1600,"height":839,"url":"https:\/\/kokpit.az\/wp-content\/uploads\/2024\/10\/c-99-e1728534440365.webp","type":"image\/webp"}],"author":"Rauf Hac\u0131yev","twitter_card":"summary_large_image","twitter_misc":{"Written by":"Rauf Hac\u0131yev","Est. reading time":"1 minute"},"schema":{"@context":"https:\/\/schema.org","@graph":[{"@type":"Article","@id":"https:\/\/kokpit.az\/?p=9968#article","isPartOf":{"@id":"https:\/\/kokpit.az\/?p=9968"},"author":{"name":"Rauf Hac\u0131yev","@id":"https:\/\/kokpit.az\/#\/schema\/person\/f4114e650bc2993d0650e4fb6933c581"},"headline":"H.Marko: Antonellinin u\u011furuna t\u0259minat yoxdur","datePublished":"2024-10-12T09:06:29+00:00","mainEntityOfPage":{"@id":"https:\/\/kokpit.az\/?p=9968"},"wordCount":299,"commentCount":0,"publisher":{"@id":"https:\/\/kokpit.az\/#organization"},"image":{"@id":"https:\/\/kokpit.az\/?p=9968#primaryimage"},"thumbnailUrl":"https:\/\/kokpit.az\/wp-content\/uploads\/2024\/10\/c-99-e1728534440365.webp","keywords":["Helmut Marko","Kimi Antonelli","Toto Wolff"],"articleSection":["X\u0259b\u0259rl\u0259r"],"inLanguage":"az","potentialAction":[{"@type":"CommentAction","name":"Comment","target":["https:\/\/kokpit.az\/?p=9968#respond"]}]},{"@type":"WebPage","@id":"https:\/\/kokpit.az\/?p=9968","url":"https:\/\/kokpit.az\/?p=9968","name":"H.Marko: Antonellinin u\u011furuna t\u0259minat yoxdur - X\u0259b\u0259ri Kokpitd\u0259 Oxuyun!","isPartOf":{"@id":"https:\/\/kokpit.az\/#website"},"primaryImageOfPage":{"@id":"https:\/\/kokpit.az\/?p=9968#primaryimage"},"image":{"@id":"https:\/\/kokpit.az\/?p=9968#primaryimage"},"thumbnailUrl":"https:\/\/kokpit.az\/wp-content\/uploads\/2024\/10\/c-99-e1728534440365.webp","datePublished":"2024-10-12T09:06:29+00:00","breadcrumb":{"@id":"https:\/\/kokpit.az\/?p=9968#breadcrumb"},"inLanguage":"az","potentialAction":[{"@type":"ReadAction","target":["https:\/\/kokpit.az\/?p=9968"]}]},{"@type":"ImageObject","inLanguage":"az","@id":"https:\/\/kokpit.az\/?p=9968#primaryimage","url":"https:\/\/kokpit.az\/wp-content\/uploads\/2024\/10\/c-99-e1728534440365.webp","contentUrl":"https:\/\/kokpit.az\/wp-content\/uploads\/2024\/10\/c-99-e1728534440365.webp","width":1600,"height":839},{"@type":"BreadcrumbList","@id":"https:\/\/kokpit.az\/?p=9968#breadcrumb","itemListElement":[{"@type":"ListItem","position":1,"name":"Home","item":"https:\/\/kokpit.az\/"},{"@type":"ListItem","position":2,"name":"H.Marko: Antonellinin u\u011furuna t\u0259minat yoxdur"}]},{"@type":"WebSite","@id":"https:\/\/kokpit.az\/#website","url":"https:\/\/kokpit.az\/","name":"X\u0259b\u0259ri Kokpitd\u0259 Oxuyun!","description":"","publisher":{"@id":"https:\/\/kokpit.az\/#organization"},"potentialAction":[{"@type":"SearchAction","target":{"@type":"EntryPoint","urlTemplate":"https:\/\/kokpit.az\/?s={search_term_string}"},"query-input":{"@type":"PropertyValueSpecification","valueRequired":true,"valueName":"search_term_string"}}],"inLanguage":"az"},{"@type":"Organization","@id":"https:\/\/kokpit.az\/#organization","name":"X\u0259b\u0259ri Kokpitd\u0259 Oxuyun!","url":"https:\/\/kokpit.az\/","logo":{"@type":"ImageObject","inLanguage":"az","@id":"https:\/\/kokpit.az\/#\/schema\/logo\/image\/","url":"https:\/\/kokpit.az\/wp-content\/uploads\/2023\/05\/kokpit.jpg","contentUrl":"https:\/\/kokpit.az\/wp-content\/uploads\/2023\/05\/kokpit.jpg","width":488,"height":245,"caption":"X\u0259b\u0259ri Kokpitd\u0259 Oxuyun!"},"image":{"@id":"https:\/\/kokpit.az\/#\/schema\/logo\/image\/"},"sameAs":["https:\/\/www.facebook.com\/profile.php?id=61553756392357"]},{"@type":"Person","@id":"https:\/\/kokpit.az\/#\/schema\/person\/f4114e650bc2993d0650e4fb6933c581","name":"Rauf Hac\u0131yev","image":{"@type":"ImageObject","inLanguage":"az","@id":"https:\/\/secure.gravatar.com\/avatar\/394a2085c47c7acdcf41f7d270b7cbb52513d6f4f24c1cb6dfbbd61f98c0503d?s=96&d=mm&r=g","url":"https:\/\/secure.gravatar.com\/avatar\/394a2085c47c7acdcf41f7d270b7cbb52513d6f4f24c1cb6dfbbd61f98c0503d?s=96&d=mm&r=g","contentUrl":"https:\/\/secure.gravatar.com\/avatar\/394a2085c47c7acdcf41f7d270b7cbb52513d6f4f24c1cb6dfbbd61f98c0503d?s=96&d=mm&r=g","caption":"Rauf Hac\u0131yev"},"sameAs":["https:\/\/kokpit.az"],"url":"https:\/\/kokpit.az\/?author=2"}]}},"_links":{"self":[{"href":"https:\/\/kokpit.az\/index.php?rest_route=\/wp\/v2\/posts\/9968","targetHints":{"allow":["GET"]}}],"collection":[{"href":"https:\/\/kokpit.az\/index.php?rest_route=\/wp\/v2\/posts"}],"about":[{"href":"https:\/\/kokpit.az\/index.php?rest_route=\/wp\/v2\/types\/post"}],"author":[{"embeddable":true,"href":"https:\/\/kokpit.az\/index.php?rest_route=\/wp\/v2\/users\/2"}],"replies":[{"embeddable":true,"href":"https:\/\/kokpit.az\/index.php?rest_route=%2Fwp%2Fv2%2Fcomments&post=9968"}],"version-history":[{"count":1,"href":"https:\/\/kokpit.az\/index.php?rest_route=\/wp\/v2\/posts\/9968\/revisions"}],"predecessor-version":[{"id":9970,"href":"https:\/\/kokpit.az\/index.php?rest_route=\/wp\/v2\/posts\/9968\/revisions\/9970"}],"wp:featuredmedia":[{"embeddable":true,"href":"https:\/\/kokpit.az\/index.php?rest_route=\/wp\/v2\/media\/9969"}],"wp:attachment":[{"href":"https:\/\/kokpit.az\/index.php?rest_route=%2Fwp%2Fv2%2Fmedia&parent=9968"}],"wp:term":[{"taxonomy":"category","embeddable":true,"href":"https:\/\/kokpit.az\/index.php?rest_route=%2Fwp%2Fv2%2Fcategories&post=9968"},{"taxonomy":"post_tag","embeddable":true,"href":"https:\/\/kokpit.az\/index.php?rest_route=%2Fwp%2Fv2%2Ftags&post=9968"}],"curies":[{"name":"wp","href":"https:\/\/api.w.org\/{rel}","templated":true}]}}