{"id":8766,"date":"2024-09-07T17:36:33","date_gmt":"2024-09-07T13:36:33","guid":{"rendered":"https:\/\/kokpit.az\/?p=8766"},"modified":"2024-09-07T17:36:33","modified_gmt":"2024-09-07T13:36:33","slug":"red-bull-mercedes-l%c9%99-muqavil%c9%99-baglamaga-yaxin-olub","status":"publish","type":"post","link":"https:\/\/kokpit.az\/?p=8766","title":{"rendered":"Red Bull Mercedes-l\u0259 m\u00fcqavil\u0259 ba\u011flama\u011fa yax\u0131n olub"},"content":{"rendered":"<p>Kokpit.az xat\u0131rlad\u0131r ki, Red Bull 2019-cu ild\u0259 Renault mtorlar\u0131ndan imtina ed\u0259r\u0259k Honda motorlar\u0131na ke\u00e7mi\u015fdi.<\/p>\n<p>O d\u00f6vrl\u0259r turbo hibrid motorlara ke\u00e7dikd\u0259n sonra Mercedes ard\u0131c\u0131l titullar qazanm\u0131\u015f v\u0259 dig\u0259r motor istehsal\u00e7\u0131lar\u0131 \u00e7ox pis v\u0259ziyy\u0259td\u0259 qalm\u0131\u015fd\u0131lar. Red Bull-u motorla t\u0259chiz ed\u0259n Renault is\u0259 \u0259n z\u0259if istehsal\u00e7\u0131lardan biri idi. Turbo eran\u0131n ba\u015flad\u0131\u011f\u0131 2014-c\u00fc ild\u0259 Red Bull Daniel Rikkardo il\u0259 3 yar\u0131\u015f qazan\u0131b, \u00e7empionat\u0131 ikinci yerd\u0259 bitirs\u0259 d\u0259, Red Bull-la Renault aras\u0131nda m\u00fcnasib\u0259tl\u0259r art\u0131q pisl\u0259\u015fmi\u015fdi.<\/p>\n<p>Buna baxmayaraq, t\u0259r\u0259fl\u0259r 2016-c\u0131 ild\u0259 yeni m\u00fcqavil\u0259 ba\u011flam\u0131\u015f v\u0259 \u201cq\u0131rm\u0131z\u0131 \u00f6k\u00fczl\u0259r\u201d 2016-2018-ci ill\u0259rd\u0259 Tag Heuer brendli Renault motorlar\u0131ndan istifad\u0259 etmi\u015fdi.<\/p>\n<p>Lakin bu m\u00fcqavil\u0259d\u0259n \u0259vv\u0259l Helmut Marko 2014-c\u00fc ild\u0259 Mercedes-l\u0259 anla\u015fsa da, daha sonra t\u0259r\u0259fl\u0259r raz\u0131la\u015fa bilm\u0259mi\u015fdil\u0259r.<\/p>\n<p>Helmut Marko bu bar\u0259d\u0259 bel\u0259 dan\u0131\u015f\u0131b: \u201c2014-c\u00fc ild\u0259 yeni motor reqlamenti ba\u015flayanda Renault heyif ki, ist\u0259diyimiz kimi r\u0259qab\u0259t\u0259davaml\u0131 motor istehsal ed\u0259 bilm\u0259di. Mercedes \u00e7ox g\u00fccl\u00fc idi v\u0259 Mate\u015fi\u00e7 d\u0259 v\u0259ziyy\u0259td\u0259n naraz\u0131 idi. O vaxt\u0131 m\u0259n dedim ki, art\u0131q insanlara bizim motorumuzla motivasiya ver\u0259 bilm\u0259rik, \u00e7\u00fcnki ham\u0131 bilir ki, biz bu motorla qalib g\u0259l\u0259 bily\u0259c\u0259yik.<\/p>\n<p>Buna g\u00f6r\u0259 d\u0259 Mercedes il\u0259 anla\u015fd\u0131q v\u0259 Niki Lauda il\u0259 bir-birimizin \u0259lini s\u0131xd\u0131q. Lakin Toto Volff bu q\u0259rar\u0131 d\u0259st\u0259kl\u0259m\u0259di. Buna g\u00f6r\u0259 d\u0259 bu t\u0259r\u0259fda\u015fl\u0131q realla\u015fmad\u0131\u201d.<\/p>\n<p>Bel\u0259 olan halda Red Bull komandas\u0131n\u0131n idmandak\u0131 g\u0259l\u0259c\u0259yi t\u0259hl\u00fck\u0259y\u0259 girmi\u015fdi, \u00e7\u00fcnki komanda g\u00fcc qur\u011fusuz qala bil\u0259rdi. Lakin \u201cq\u0131rm\u0131z\u0131 \u00f6k\u00fczl\u0259r\u201d sonradan Honda-ya y\u00f6n\u0259ldil\u0259r.<\/p>\n<p>Yapon istehsal\u00e7\u0131 2015-ci ild\u0259 idmana qay\u0131tm\u0131\u015fd\u0131 v\u0259 2015-2017-ci ill\u0259rd\u0259 McLaren il\u0259 \u00fc\u00e7 \u00e7\u0259tin m\u00f6vs\u00fcm ke\u00e7irmi\u015fdil\u0259r. Lakin Honda 2019-cu ild\u0259 Red Bull il\u0259 g\u00fccl\u0259rini birl\u0259\u015fdirm\u0259mi\u015fd\u0259n \u0259vv\u0259l 2018-ci ild\u0259 Toro Rosso il\u0259 t\u0259r\u0259fda\u015fl\u0131\u011fa ba\u015flam\u0131\u015fd\u0131lar.<\/p>\n<p>Lakin McLaren komandas\u0131ndan f\u0259rqli olaraq Red Bull Honda il\u0259 daha yax\u015f\u0131 t\u0259r\u0259fda\u015fl\u0131q qurmu\u015f v\u0259 2021-2023-c\u00fc ill\u0259rd\u0259 S\u00fcr\u00fcc\u00fcl\u0259r, 2022-2023-c\u00fc ill\u0259rd\u0259 is\u0259 M\u00fch\u0259ndisl\u0259r Kubokunu qazanm\u0131\u015fd\u0131lar. \u00dcst\u0259lik 2023-c\u00fc ild\u0259ki ma\u015f\u0131n Formula 1 tarixinin \u0259n hegemon ma\u015f\u0131nlar\u0131ndan biri idi.<\/p>\n<p>Helmut Marko: \u201cSonra Honda il\u0259 dan\u0131\u015f\u0131qlar apard\u0131q. Honda o vaxt McLaren il\u0259 m\u00fcbariz\u0259y\u0259 giri\u015f\u0259 bilmirdi, amma planlar\u0131 bar\u0259d\u0259 m\u0259lumatl\u0131 idim. Buna g\u00f6r\u0259 d\u0259 onlarla anla\u015faraq risk ald\u0131q. Bunun risk oldu\u011funa inanm\u0131rd\u0131m, \u00e7\u00fcnki \u00e7ox pul x\u0259rcl\u0259dikl\u0259rini bilirdim. Bu i\u015fd\u0259 \u00e7ox ciddi idil\u0259r.<\/p>\n<p>Sonra motoru d\u0259yi\u015fdirdik. Fernando Alonsonun 2015-ci il Yaponiya Qran Prisind\u0259 Honda motoru bar\u0259d\u0259 dediyi kimi F2 t\u0259rzli g\u00fcc\u00fc olan bir motor idi. El\u0259 ona b\u0259nz\u0259yirdi. Biz c\u0259sar\u0259tli q\u0259rar verdik. H\u0259mi\u015f\u0259 c\u0259sur q\u0259rarlar alm\u0131\u015f\u0131q. Bir az risk olmasa, \u0259yl\u0259nc\u0259 d\u0259 olmaz\u201d.<\/p>\n","protected":false},"excerpt":{"rendered":"<p>Red Bull \u015firk\u0259tinin idman m\u0259sl\u0259h\u0259t\u00e7isi Helmut Marko bildirib ki, onlar vaxt\u0131nda Honda-n\u0131n yerin\u0259 Mercedes-l\u0259 m\u00fcqavil\u0259 ba\u011flama\u011fa yax\u0131n olublar.<\/p>\n","protected":false},"author":2,"featured_media":8768,"comment_status":"open","ping_status":"open","sticky":false,"template":"","format":"standard","meta":{"footnotes":""},"categories":[2],"tags":[55,51],"class_list":["post-8766","post","type-post","status-publish","format-standard","has-post-thumbnail","hentry","category-news","tag-helmut-marko","tag-red-bull-racing"],"yoast_head":"<!-- This site is optimized with the Yoast SEO plugin v27.5 - https:\/\/yoast.com\/product\/yoast-seo-wordpress\/ -->\n<title>Red Bull Mercedes-l\u0259 m\u00fcqavil\u0259 ba\u011flama\u011fa yax\u0131n olub - X\u0259b\u0259ri Kokpitd\u0259 Oxuyun!<\/title>\n<meta name=\"robots\" content=\"index, follow, max-snippet:-1, max-image-preview:large, max-video-preview:-1\" \/>\n<link rel=\"canonical\" href=\"https:\/\/kokpit.az\/?p=8766\" \/>\n<meta property=\"og:locale\" content=\"az_AZ\" \/>\n<meta property=\"og:type\" content=\"article\" \/>\n<meta property=\"og:title\" content=\"Red Bull Mercedes-l\u0259 m\u00fcqavil\u0259 ba\u011flama\u011fa yax\u0131n olub - X\u0259b\u0259ri Kokpitd\u0259 Oxuyun!\" \/>\n<meta property=\"og:description\" content=\"Red Bull \u015firk\u0259tinin idman m\u0259sl\u0259h\u0259t\u00e7isi Helmut Marko bildirib ki, onlar vaxt\u0131nda Honda-n\u0131n yerin\u0259 Mercedes-l\u0259 m\u00fcqavil\u0259 ba\u011flama\u011fa yax\u0131n olublar.\" \/>\n<meta property=\"og:url\" content=\"https:\/\/kokpit.az\/?p=8766\" \/>\n<meta property=\"og:site_name\" content=\"X\u0259b\u0259ri Kokpitd\u0259 Oxuyun!\" \/>\n<meta property=\"article:publisher\" content=\"https:\/\/www.facebook.com\/profile.php?id=61553756392357\" \/>\n<meta property=\"article:published_time\" content=\"2024-09-07T13:36:33+00:00\" \/>\n<meta property=\"og:image\" content=\"https:\/\/kokpit.az\/wp-content\/uploads\/2024\/09\/IMG_6347.jpeg\" \/>\n\t<meta property=\"og:image:width\" content=\"1600\" \/>\n\t<meta property=\"og:image:height\" content=\"900\" \/>\n\t<meta property=\"og:image:type\" content=\"image\/jpeg\" \/>\n<meta name=\"author\" content=\"Rauf Hac\u0131yev\" \/>\n<meta name=\"twitter:card\" content=\"summary_large_image\" \/>\n<meta name=\"twitter:label1\" content=\"Written by\" \/>\n\t<meta name=\"twitter:data1\" content=\"Rauf Hac\u0131yev\" \/>\n\t<meta name=\"twitter:label2\" content=\"Est. reading time\" \/>\n\t<meta name=\"twitter:data2\" content=\"3 minutes\" \/>\n<script type=\"application\/ld+json\" class=\"yoast-schema-graph\">{\"@context\":\"https:\\\/\\\/schema.org\",\"@graph\":[{\"@type\":\"Article\",\"@id\":\"https:\\\/\\\/kokpit.az\\\/?p=8766#article\",\"isPartOf\":{\"@id\":\"https:\\\/\\\/kokpit.az\\\/?p=8766\"},\"author\":{\"name\":\"Rauf Hac\u0131yev\",\"@id\":\"https:\\\/\\\/kokpit.az\\\/#\\\/schema\\\/person\\\/f4114e650bc2993d0650e4fb6933c581\"},\"headline\":\"Red Bull Mercedes-l\u0259 m\u00fcqavil\u0259 ba\u011flama\u011fa yax\u0131n olub\",\"datePublished\":\"2024-09-07T13:36:33+00:00\",\"mainEntityOfPage\":{\"@id\":\"https:\\\/\\\/kokpit.az\\\/?p=8766\"},\"wordCount\":557,\"commentCount\":0,\"publisher\":{\"@id\":\"https:\\\/\\\/kokpit.az\\\/#organization\"},\"image\":{\"@id\":\"https:\\\/\\\/kokpit.az\\\/?p=8766#primaryimage\"},\"thumbnailUrl\":\"https:\\\/\\\/kokpit.az\\\/wp-content\\\/uploads\\\/2024\\\/09\\\/IMG_6347.jpeg\",\"keywords\":[\"Helmut Marko\",\"Red Bull Racing\"],\"articleSection\":[\"X\u0259b\u0259rl\u0259r\"],\"inLanguage\":\"az\",\"potentialAction\":[{\"@type\":\"CommentAction\",\"name\":\"Comment\",\"target\":[\"https:\\\/\\\/kokpit.az\\\/?p=8766#respond\"]}]},{\"@type\":\"WebPage\",\"@id\":\"https:\\\/\\\/kokpit.az\\\/?p=8766\",\"url\":\"https:\\\/\\\/kokpit.az\\\/?p=8766\",\"name\":\"Red Bull Mercedes-l\u0259 m\u00fcqavil\u0259 ba\u011flama\u011fa yax\u0131n olub - X\u0259b\u0259ri Kokpitd\u0259 Oxuyun!\",\"isPartOf\":{\"@id\":\"https:\\\/\\\/kokpit.az\\\/#website\"},\"primaryImageOfPage\":{\"@id\":\"https:\\\/\\\/kokpit.az\\\/?p=8766#primaryimage\"},\"image\":{\"@id\":\"https:\\\/\\\/kokpit.az\\\/?p=8766#primaryimage\"},\"thumbnailUrl\":\"https:\\\/\\\/kokpit.az\\\/wp-content\\\/uploads\\\/2024\\\/09\\\/IMG_6347.jpeg\",\"datePublished\":\"2024-09-07T13:36:33+00:00\",\"breadcrumb\":{\"@id\":\"https:\\\/\\\/kokpit.az\\\/?p=8766#breadcrumb\"},\"inLanguage\":\"az\",\"potentialAction\":[{\"@type\":\"ReadAction\",\"target\":[\"https:\\\/\\\/kokpit.az\\\/?p=8766\"]}]},{\"@type\":\"ImageObject\",\"inLanguage\":\"az\",\"@id\":\"https:\\\/\\\/kokpit.az\\\/?p=8766#primaryimage\",\"url\":\"https:\\\/\\\/kokpit.az\\\/wp-content\\\/uploads\\\/2024\\\/09\\\/IMG_6347.jpeg\",\"contentUrl\":\"https:\\\/\\\/kokpit.az\\\/wp-content\\\/uploads\\\/2024\\\/09\\\/IMG_6347.jpeg\",\"width\":1600,\"height\":900},{\"@type\":\"BreadcrumbList\",\"@id\":\"https:\\\/\\\/kokpit.az\\\/?p=8766#breadcrumb\",\"itemListElement\":[{\"@type\":\"ListItem\",\"position\":1,\"name\":\"Home\",\"item\":\"https:\\\/\\\/kokpit.az\\\/\"},{\"@type\":\"ListItem\",\"position\":2,\"name\":\"Red Bull Mercedes-l\u0259 m\u00fcqavil\u0259 ba\u011flama\u011fa yax\u0131n olub\"}]},{\"@type\":\"WebSite\",\"@id\":\"https:\\\/\\\/kokpit.az\\\/#website\",\"url\":\"https:\\\/\\\/kokpit.az\\\/\",\"name\":\"X\u0259b\u0259ri Kokpitd\u0259 Oxuyun!\",\"description\":\"\",\"publisher\":{\"@id\":\"https:\\\/\\\/kokpit.az\\\/#organization\"},\"potentialAction\":[{\"@type\":\"SearchAction\",\"target\":{\"@type\":\"EntryPoint\",\"urlTemplate\":\"https:\\\/\\\/kokpit.az\\\/?s={search_term_string}\"},\"query-input\":{\"@type\":\"PropertyValueSpecification\",\"valueRequired\":true,\"valueName\":\"search_term_string\"}}],\"inLanguage\":\"az\"},{\"@type\":\"Organization\",\"@id\":\"https:\\\/\\\/kokpit.az\\\/#organization\",\"name\":\"X\u0259b\u0259ri Kokpitd\u0259 Oxuyun!\",\"url\":\"https:\\\/\\\/kokpit.az\\\/\",\"logo\":{\"@type\":\"ImageObject\",\"inLanguage\":\"az\",\"@id\":\"https:\\\/\\\/kokpit.az\\\/#\\\/schema\\\/logo\\\/image\\\/\",\"url\":\"https:\\\/\\\/kokpit.az\\\/wp-content\\\/uploads\\\/2023\\\/05\\\/kokpit.jpg\",\"contentUrl\":\"https:\\\/\\\/kokpit.az\\\/wp-content\\\/uploads\\\/2023\\\/05\\\/kokpit.jpg\",\"width\":488,\"height\":245,\"caption\":\"X\u0259b\u0259ri Kokpitd\u0259 Oxuyun!\"},\"image\":{\"@id\":\"https:\\\/\\\/kokpit.az\\\/#\\\/schema\\\/logo\\\/image\\\/\"},\"sameAs\":[\"https:\\\/\\\/www.facebook.com\\\/profile.php?id=61553756392357\"]},{\"@type\":\"Person\",\"@id\":\"https:\\\/\\\/kokpit.az\\\/#\\\/schema\\\/person\\\/f4114e650bc2993d0650e4fb6933c581\",\"name\":\"Rauf Hac\u0131yev\",\"image\":{\"@type\":\"ImageObject\",\"inLanguage\":\"az\",\"@id\":\"https:\\\/\\\/secure.gravatar.com\\\/avatar\\\/394a2085c47c7acdcf41f7d270b7cbb52513d6f4f24c1cb6dfbbd61f98c0503d?s=96&d=mm&r=g\",\"url\":\"https:\\\/\\\/secure.gravatar.com\\\/avatar\\\/394a2085c47c7acdcf41f7d270b7cbb52513d6f4f24c1cb6dfbbd61f98c0503d?s=96&d=mm&r=g\",\"contentUrl\":\"https:\\\/\\\/secure.gravatar.com\\\/avatar\\\/394a2085c47c7acdcf41f7d270b7cbb52513d6f4f24c1cb6dfbbd61f98c0503d?s=96&d=mm&r=g\",\"caption\":\"Rauf Hac\u0131yev\"},\"sameAs\":[\"https:\\\/\\\/kokpit.az\"],\"url\":\"https:\\\/\\\/kokpit.az\\\/?author=2\"}]}<\/script>\n<!-- \/ Yoast SEO plugin. -->","yoast_head_json":{"title":"Red Bull Mercedes-l\u0259 m\u00fcqavil\u0259 ba\u011flama\u011fa yax\u0131n olub - X\u0259b\u0259ri Kokpitd\u0259 Oxuyun!","robots":{"index":"index","follow":"follow","max-snippet":"max-snippet:-1","max-image-preview":"max-image-preview:large","max-video-preview":"max-video-preview:-1"},"canonical":"https:\/\/kokpit.az\/?p=8766","og_locale":"az_AZ","og_type":"article","og_title":"Red Bull Mercedes-l\u0259 m\u00fcqavil\u0259 ba\u011flama\u011fa yax\u0131n olub - X\u0259b\u0259ri Kokpitd\u0259 Oxuyun!","og_description":"Red Bull \u015firk\u0259tinin idman m\u0259sl\u0259h\u0259t\u00e7isi Helmut Marko bildirib ki, onlar vaxt\u0131nda Honda-n\u0131n yerin\u0259 Mercedes-l\u0259 m\u00fcqavil\u0259 ba\u011flama\u011fa yax\u0131n olublar.","og_url":"https:\/\/kokpit.az\/?p=8766","og_site_name":"X\u0259b\u0259ri Kokpitd\u0259 Oxuyun!","article_publisher":"https:\/\/www.facebook.com\/profile.php?id=61553756392357","article_published_time":"2024-09-07T13:36:33+00:00","og_image":[{"width":1600,"height":900,"url":"https:\/\/kokpit.az\/wp-content\/uploads\/2024\/09\/IMG_6347.jpeg","type":"image\/jpeg"}],"author":"Rauf Hac\u0131yev","twitter_card":"summary_large_image","twitter_misc":{"Written by":"Rauf Hac\u0131yev","Est. reading time":"3 minutes"},"schema":{"@context":"https:\/\/schema.org","@graph":[{"@type":"Article","@id":"https:\/\/kokpit.az\/?p=8766#article","isPartOf":{"@id":"https:\/\/kokpit.az\/?p=8766"},"author":{"name":"Rauf Hac\u0131yev","@id":"https:\/\/kokpit.az\/#\/schema\/person\/f4114e650bc2993d0650e4fb6933c581"},"headline":"Red Bull Mercedes-l\u0259 m\u00fcqavil\u0259 ba\u011flama\u011fa yax\u0131n olub","datePublished":"2024-09-07T13:36:33+00:00","mainEntityOfPage":{"@id":"https:\/\/kokpit.az\/?p=8766"},"wordCount":557,"commentCount":0,"publisher":{"@id":"https:\/\/kokpit.az\/#organization"},"image":{"@id":"https:\/\/kokpit.az\/?p=8766#primaryimage"},"thumbnailUrl":"https:\/\/kokpit.az\/wp-content\/uploads\/2024\/09\/IMG_6347.jpeg","keywords":["Helmut Marko","Red Bull Racing"],"articleSection":["X\u0259b\u0259rl\u0259r"],"inLanguage":"az","potentialAction":[{"@type":"CommentAction","name":"Comment","target":["https:\/\/kokpit.az\/?p=8766#respond"]}]},{"@type":"WebPage","@id":"https:\/\/kokpit.az\/?p=8766","url":"https:\/\/kokpit.az\/?p=8766","name":"Red Bull Mercedes-l\u0259 m\u00fcqavil\u0259 ba\u011flama\u011fa yax\u0131n olub - X\u0259b\u0259ri Kokpitd\u0259 Oxuyun!","isPartOf":{"@id":"https:\/\/kokpit.az\/#website"},"primaryImageOfPage":{"@id":"https:\/\/kokpit.az\/?p=8766#primaryimage"},"image":{"@id":"https:\/\/kokpit.az\/?p=8766#primaryimage"},"thumbnailUrl":"https:\/\/kokpit.az\/wp-content\/uploads\/2024\/09\/IMG_6347.jpeg","datePublished":"2024-09-07T13:36:33+00:00","breadcrumb":{"@id":"https:\/\/kokpit.az\/?p=8766#breadcrumb"},"inLanguage":"az","potentialAction":[{"@type":"ReadAction","target":["https:\/\/kokpit.az\/?p=8766"]}]},{"@type":"ImageObject","inLanguage":"az","@id":"https:\/\/kokpit.az\/?p=8766#primaryimage","url":"https:\/\/kokpit.az\/wp-content\/uploads\/2024\/09\/IMG_6347.jpeg","contentUrl":"https:\/\/kokpit.az\/wp-content\/uploads\/2024\/09\/IMG_6347.jpeg","width":1600,"height":900},{"@type":"BreadcrumbList","@id":"https:\/\/kokpit.az\/?p=8766#breadcrumb","itemListElement":[{"@type":"ListItem","position":1,"name":"Home","item":"https:\/\/kokpit.az\/"},{"@type":"ListItem","position":2,"name":"Red Bull Mercedes-l\u0259 m\u00fcqavil\u0259 ba\u011flama\u011fa yax\u0131n olub"}]},{"@type":"WebSite","@id":"https:\/\/kokpit.az\/#website","url":"https:\/\/kokpit.az\/","name":"X\u0259b\u0259ri Kokpitd\u0259 Oxuyun!","description":"","publisher":{"@id":"https:\/\/kokpit.az\/#organization"},"potentialAction":[{"@type":"SearchAction","target":{"@type":"EntryPoint","urlTemplate":"https:\/\/kokpit.az\/?s={search_term_string}"},"query-input":{"@type":"PropertyValueSpecification","valueRequired":true,"valueName":"search_term_string"}}],"inLanguage":"az"},{"@type":"Organization","@id":"https:\/\/kokpit.az\/#organization","name":"X\u0259b\u0259ri Kokpitd\u0259 Oxuyun!","url":"https:\/\/kokpit.az\/","logo":{"@type":"ImageObject","inLanguage":"az","@id":"https:\/\/kokpit.az\/#\/schema\/logo\/image\/","url":"https:\/\/kokpit.az\/wp-content\/uploads\/2023\/05\/kokpit.jpg","contentUrl":"https:\/\/kokpit.az\/wp-content\/uploads\/2023\/05\/kokpit.jpg","width":488,"height":245,"caption":"X\u0259b\u0259ri Kokpitd\u0259 Oxuyun!"},"image":{"@id":"https:\/\/kokpit.az\/#\/schema\/logo\/image\/"},"sameAs":["https:\/\/www.facebook.com\/profile.php?id=61553756392357"]},{"@type":"Person","@id":"https:\/\/kokpit.az\/#\/schema\/person\/f4114e650bc2993d0650e4fb6933c581","name":"Rauf Hac\u0131yev","image":{"@type":"ImageObject","inLanguage":"az","@id":"https:\/\/secure.gravatar.com\/avatar\/394a2085c47c7acdcf41f7d270b7cbb52513d6f4f24c1cb6dfbbd61f98c0503d?s=96&d=mm&r=g","url":"https:\/\/secure.gravatar.com\/avatar\/394a2085c47c7acdcf41f7d270b7cbb52513d6f4f24c1cb6dfbbd61f98c0503d?s=96&d=mm&r=g","contentUrl":"https:\/\/secure.gravatar.com\/avatar\/394a2085c47c7acdcf41f7d270b7cbb52513d6f4f24c1cb6dfbbd61f98c0503d?s=96&d=mm&r=g","caption":"Rauf Hac\u0131yev"},"sameAs":["https:\/\/kokpit.az"],"url":"https:\/\/kokpit.az\/?author=2"}]}},"_links":{"self":[{"href":"https:\/\/kokpit.az\/index.php?rest_route=\/wp\/v2\/posts\/8766","targetHints":{"allow":["GET"]}}],"collection":[{"href":"https:\/\/kokpit.az\/index.php?rest_route=\/wp\/v2\/posts"}],"about":[{"href":"https:\/\/kokpit.az\/index.php?rest_route=\/wp\/v2\/types\/post"}],"author":[{"embeddable":true,"href":"https:\/\/kokpit.az\/index.php?rest_route=\/wp\/v2\/users\/2"}],"replies":[{"embeddable":true,"href":"https:\/\/kokpit.az\/index.php?rest_route=%2Fwp%2Fv2%2Fcomments&post=8766"}],"version-history":[{"count":1,"href":"https:\/\/kokpit.az\/index.php?rest_route=\/wp\/v2\/posts\/8766\/revisions"}],"predecessor-version":[{"id":8767,"href":"https:\/\/kokpit.az\/index.php?rest_route=\/wp\/v2\/posts\/8766\/revisions\/8767"}],"wp:featuredmedia":[{"embeddable":true,"href":"https:\/\/kokpit.az\/index.php?rest_route=\/wp\/v2\/media\/8768"}],"wp:attachment":[{"href":"https:\/\/kokpit.az\/index.php?rest_route=%2Fwp%2Fv2%2Fmedia&parent=8766"}],"wp:term":[{"taxonomy":"category","embeddable":true,"href":"https:\/\/kokpit.az\/index.php?rest_route=%2Fwp%2Fv2%2Fcategories&post=8766"},{"taxonomy":"post_tag","embeddable":true,"href":"https:\/\/kokpit.az\/index.php?rest_route=%2Fwp%2Fv2%2Ftags&post=8766"}],"curies":[{"name":"wp","href":"https:\/\/api.w.org\/{rel}","templated":true}]}}