{"id":8661,"date":"2024-09-05T10:41:51","date_gmt":"2024-09-05T06:41:51","guid":{"rendered":"https:\/\/kokpit.az\/?p=8661"},"modified":"2024-09-05T10:41:51","modified_gmt":"2024-09-05T06:41:51","slug":"sauber-in-5-namiz%c9%99di-var","status":"publish","type":"post","link":"https:\/\/kokpit.az\/?p=8661","title":{"rendered":"Sauber-in 5 namiz\u0259di var"},"content":{"rendered":"<div class=\"msnt-entity-header  pb-6 pt-4 t:pb-8 t:pt-0  \">\n<h2><span style=\"font-size: 16px;\">Kokpit.az \u00a0xat\u0131rlad\u0131r ki, haz\u0131rda 2025-ci il \u00fc\u00e7\u00fcn bo\u015f yer olan iki Formula 1 komandas\u0131 var. Onlardan biri RB, dig\u0259ri is\u0259 Sauber-dir.\u00a0<\/span><\/h2>\n<\/div>\n<p>Sauber komandas\u0131nda haz\u0131rda Valtteri Bottas\u0131n yeni m\u00fcqavil\u0259y\u0259 yax\u0131n oldu\u011fu deyilir, amma bu yer \u00fc\u00e7\u00fcn \u00e7ox s\u00fcr\u00fcc\u00fcn\u00fcn ad\u0131 hallan\u0131r. Bottas v\u0259 \u00c7joudan ba\u015fqa Mik \u015eumaxer, Teo Pur\u015fer v\u0259 Gabriel Bortoleto Sauber komandas\u0131 \u00fc\u00e7\u00fcn namiz\u0259ddirl\u0259r.<\/p>\n<p>Komandaya yeni transfer olunan Mattia Binotto da bu s\u00fcr\u00fcc\u00fcl\u0259rl\u0259 maraqland\u0131qlar\u0131n\u0131 t\u0259sdiql\u0259yib: &#8220;Mik \u015eumaxeri Ferrari S\u00fcr\u00fcc\u00fc Akademiyas\u0131ndan \u00e7ox yax\u015f\u0131 tan\u0131y\u0131ram. Onun n\u0259 q\u0259d\u0259r g\u00fccl\u00fc yar\u0131\u015f s\u00fcr\u00fcc\u00fcs\u00fc oldu\u011funu \u00e7ox yax\u015f\u0131 bilir\u0259m. Dig\u0259rl\u0259ri kimi o da bizim siyah\u0131m\u0131zdad\u0131r.<\/p>\n<p>Ba\u015fqa kiml\u0259r var? Ehtiyat s\u00fcr\u00fcc\u00fcm\u00fcz Teo Pur\u015fer var. O onsuz da bu komandan\u0131n bir par\u00e7as\u0131d\u0131r. Buna g\u00f6r\u0259 d\u0259 onun burada olmas\u0131 \u00e7ox normald\u0131r.<\/p>\n<p>Gabriel Bortoleto da Formula 2-d\u0259 \u00e7ox yax\u015f\u0131 performans g\u00f6st\u0259rir. \u00c7ox istedadl\u0131 oldu\u011funu art\u0131q s\u00fcbut edib. Onun performans\u0131n\u0131 yax\u0131ndan izl\u0259yirik&#8221;.<\/p>\n<p>Qeyd ed\u0259k ki, Sauber komandas\u0131 n\u00f6vb\u0259ti m\u00f6vs\u00fcm \u00fc\u00e7\u00fcn Niko H\u00fclkenberqi hey\u0259tin\u0259 qat\u0131b.<\/p>\n","protected":false},"excerpt":{"rendered":"<p>Audi F1 proqram\u0131n\u0131n r\u0259hb\u0259ri Mattia Binotto bildirib ki, Sauber-in 2025-ci il \u00fc\u00e7\u00fcn haz\u0131rda 5 namiz\u0259di var.\u00a0<\/p>\n","protected":false},"author":2,"featured_media":8662,"comment_status":"open","ping_status":"open","sticky":false,"template":"","format":"standard","meta":{"footnotes":""},"categories":[2],"tags":[307,277],"class_list":["post-8661","post","type-post","status-publish","format-standard","has-post-thumbnail","hentry","category-news","tag-mattia-binotto","tag-stake-f1-team-kick-sauber"],"yoast_head":"<!-- This site is optimized with the Yoast SEO plugin v27.5 - https:\/\/yoast.com\/product\/yoast-seo-wordpress\/ -->\n<title>Sauber-in 5 namiz\u0259di var - X\u0259b\u0259ri Kokpitd\u0259 Oxuyun!<\/title>\n<meta name=\"robots\" content=\"index, follow, max-snippet:-1, max-image-preview:large, max-video-preview:-1\" \/>\n<link rel=\"canonical\" href=\"https:\/\/kokpit.az\/?p=8661\" \/>\n<meta property=\"og:locale\" content=\"az_AZ\" \/>\n<meta property=\"og:type\" content=\"article\" \/>\n<meta property=\"og:title\" content=\"Sauber-in 5 namiz\u0259di var - X\u0259b\u0259ri Kokpitd\u0259 Oxuyun!\" \/>\n<meta property=\"og:description\" content=\"Audi F1 proqram\u0131n\u0131n r\u0259hb\u0259ri Mattia Binotto bildirib ki, Sauber-in 2025-ci il \u00fc\u00e7\u00fcn haz\u0131rda 5 namiz\u0259di var.\u00a0\" \/>\n<meta property=\"og:url\" content=\"https:\/\/kokpit.az\/?p=8661\" \/>\n<meta property=\"og:site_name\" content=\"X\u0259b\u0259ri Kokpitd\u0259 Oxuyun!\" \/>\n<meta property=\"article:publisher\" content=\"https:\/\/www.facebook.com\/profile.php?id=61553756392357\" \/>\n<meta property=\"article:published_time\" content=\"2024-09-05T06:41:51+00:00\" \/>\n<meta property=\"og:image\" content=\"https:\/\/kokpit.az\/wp-content\/uploads\/2024\/09\/kimi-raikkonen-and-mattia-bino-e1725518504397.webp\" \/>\n\t<meta property=\"og:image:width\" content=\"1200\" \/>\n\t<meta property=\"og:image:height\" content=\"632\" \/>\n\t<meta property=\"og:image:type\" content=\"image\/webp\" \/>\n<meta name=\"author\" content=\"Rauf Hac\u0131yev\" \/>\n<meta name=\"twitter:card\" content=\"summary_large_image\" \/>\n<meta name=\"twitter:label1\" content=\"Written by\" \/>\n\t<meta name=\"twitter:data1\" content=\"Rauf Hac\u0131yev\" \/>\n\t<meta name=\"twitter:label2\" content=\"Est. reading time\" \/>\n\t<meta name=\"twitter:data2\" content=\"1 minute\" \/>\n<script type=\"application\/ld+json\" class=\"yoast-schema-graph\">{\"@context\":\"https:\\\/\\\/schema.org\",\"@graph\":[{\"@type\":\"Article\",\"@id\":\"https:\\\/\\\/kokpit.az\\\/?p=8661#article\",\"isPartOf\":{\"@id\":\"https:\\\/\\\/kokpit.az\\\/?p=8661\"},\"author\":{\"name\":\"Rauf Hac\u0131yev\",\"@id\":\"https:\\\/\\\/kokpit.az\\\/#\\\/schema\\\/person\\\/f4114e650bc2993d0650e4fb6933c581\"},\"headline\":\"Sauber-in 5 namiz\u0259di var\",\"datePublished\":\"2024-09-05T06:41:51+00:00\",\"mainEntityOfPage\":{\"@id\":\"https:\\\/\\\/kokpit.az\\\/?p=8661\"},\"wordCount\":222,\"commentCount\":0,\"publisher\":{\"@id\":\"https:\\\/\\\/kokpit.az\\\/#organization\"},\"image\":{\"@id\":\"https:\\\/\\\/kokpit.az\\\/?p=8661#primaryimage\"},\"thumbnailUrl\":\"https:\\\/\\\/kokpit.az\\\/wp-content\\\/uploads\\\/2024\\\/09\\\/kimi-raikkonen-and-mattia-bino-e1725518504397.webp\",\"keywords\":[\"Mattia Binotto\",\"Stake F1 Team Kick Sauber\"],\"articleSection\":[\"X\u0259b\u0259rl\u0259r\"],\"inLanguage\":\"az\",\"potentialAction\":[{\"@type\":\"CommentAction\",\"name\":\"Comment\",\"target\":[\"https:\\\/\\\/kokpit.az\\\/?p=8661#respond\"]}]},{\"@type\":\"WebPage\",\"@id\":\"https:\\\/\\\/kokpit.az\\\/?p=8661\",\"url\":\"https:\\\/\\\/kokpit.az\\\/?p=8661\",\"name\":\"Sauber-in 5 namiz\u0259di var - X\u0259b\u0259ri Kokpitd\u0259 Oxuyun!\",\"isPartOf\":{\"@id\":\"https:\\\/\\\/kokpit.az\\\/#website\"},\"primaryImageOfPage\":{\"@id\":\"https:\\\/\\\/kokpit.az\\\/?p=8661#primaryimage\"},\"image\":{\"@id\":\"https:\\\/\\\/kokpit.az\\\/?p=8661#primaryimage\"},\"thumbnailUrl\":\"https:\\\/\\\/kokpit.az\\\/wp-content\\\/uploads\\\/2024\\\/09\\\/kimi-raikkonen-and-mattia-bino-e1725518504397.webp\",\"datePublished\":\"2024-09-05T06:41:51+00:00\",\"breadcrumb\":{\"@id\":\"https:\\\/\\\/kokpit.az\\\/?p=8661#breadcrumb\"},\"inLanguage\":\"az\",\"potentialAction\":[{\"@type\":\"ReadAction\",\"target\":[\"https:\\\/\\\/kokpit.az\\\/?p=8661\"]}]},{\"@type\":\"ImageObject\",\"inLanguage\":\"az\",\"@id\":\"https:\\\/\\\/kokpit.az\\\/?p=8661#primaryimage\",\"url\":\"https:\\\/\\\/kokpit.az\\\/wp-content\\\/uploads\\\/2024\\\/09\\\/kimi-raikkonen-and-mattia-bino-e1725518504397.webp\",\"contentUrl\":\"https:\\\/\\\/kokpit.az\\\/wp-content\\\/uploads\\\/2024\\\/09\\\/kimi-raikkonen-and-mattia-bino-e1725518504397.webp\",\"width\":1200,\"height\":632},{\"@type\":\"BreadcrumbList\",\"@id\":\"https:\\\/\\\/kokpit.az\\\/?p=8661#breadcrumb\",\"itemListElement\":[{\"@type\":\"ListItem\",\"position\":1,\"name\":\"Home\",\"item\":\"https:\\\/\\\/kokpit.az\\\/\"},{\"@type\":\"ListItem\",\"position\":2,\"name\":\"Sauber-in 5 namiz\u0259di var\"}]},{\"@type\":\"WebSite\",\"@id\":\"https:\\\/\\\/kokpit.az\\\/#website\",\"url\":\"https:\\\/\\\/kokpit.az\\\/\",\"name\":\"X\u0259b\u0259ri Kokpitd\u0259 Oxuyun!\",\"description\":\"\",\"publisher\":{\"@id\":\"https:\\\/\\\/kokpit.az\\\/#organization\"},\"potentialAction\":[{\"@type\":\"SearchAction\",\"target\":{\"@type\":\"EntryPoint\",\"urlTemplate\":\"https:\\\/\\\/kokpit.az\\\/?s={search_term_string}\"},\"query-input\":{\"@type\":\"PropertyValueSpecification\",\"valueRequired\":true,\"valueName\":\"search_term_string\"}}],\"inLanguage\":\"az\"},{\"@type\":\"Organization\",\"@id\":\"https:\\\/\\\/kokpit.az\\\/#organization\",\"name\":\"X\u0259b\u0259ri Kokpitd\u0259 Oxuyun!\",\"url\":\"https:\\\/\\\/kokpit.az\\\/\",\"logo\":{\"@type\":\"ImageObject\",\"inLanguage\":\"az\",\"@id\":\"https:\\\/\\\/kokpit.az\\\/#\\\/schema\\\/logo\\\/image\\\/\",\"url\":\"https:\\\/\\\/kokpit.az\\\/wp-content\\\/uploads\\\/2023\\\/05\\\/kokpit.jpg\",\"contentUrl\":\"https:\\\/\\\/kokpit.az\\\/wp-content\\\/uploads\\\/2023\\\/05\\\/kokpit.jpg\",\"width\":488,\"height\":245,\"caption\":\"X\u0259b\u0259ri Kokpitd\u0259 Oxuyun!\"},\"image\":{\"@id\":\"https:\\\/\\\/kokpit.az\\\/#\\\/schema\\\/logo\\\/image\\\/\"},\"sameAs\":[\"https:\\\/\\\/www.facebook.com\\\/profile.php?id=61553756392357\"]},{\"@type\":\"Person\",\"@id\":\"https:\\\/\\\/kokpit.az\\\/#\\\/schema\\\/person\\\/f4114e650bc2993d0650e4fb6933c581\",\"name\":\"Rauf Hac\u0131yev\",\"image\":{\"@type\":\"ImageObject\",\"inLanguage\":\"az\",\"@id\":\"https:\\\/\\\/secure.gravatar.com\\\/avatar\\\/394a2085c47c7acdcf41f7d270b7cbb52513d6f4f24c1cb6dfbbd61f98c0503d?s=96&d=mm&r=g\",\"url\":\"https:\\\/\\\/secure.gravatar.com\\\/avatar\\\/394a2085c47c7acdcf41f7d270b7cbb52513d6f4f24c1cb6dfbbd61f98c0503d?s=96&d=mm&r=g\",\"contentUrl\":\"https:\\\/\\\/secure.gravatar.com\\\/avatar\\\/394a2085c47c7acdcf41f7d270b7cbb52513d6f4f24c1cb6dfbbd61f98c0503d?s=96&d=mm&r=g\",\"caption\":\"Rauf Hac\u0131yev\"},\"sameAs\":[\"https:\\\/\\\/kokpit.az\"],\"url\":\"https:\\\/\\\/kokpit.az\\\/?author=2\"}]}<\/script>\n<!-- \/ Yoast SEO plugin. -->","yoast_head_json":{"title":"Sauber-in 5 namiz\u0259di var - X\u0259b\u0259ri Kokpitd\u0259 Oxuyun!","robots":{"index":"index","follow":"follow","max-snippet":"max-snippet:-1","max-image-preview":"max-image-preview:large","max-video-preview":"max-video-preview:-1"},"canonical":"https:\/\/kokpit.az\/?p=8661","og_locale":"az_AZ","og_type":"article","og_title":"Sauber-in 5 namiz\u0259di var - X\u0259b\u0259ri Kokpitd\u0259 Oxuyun!","og_description":"Audi F1 proqram\u0131n\u0131n r\u0259hb\u0259ri Mattia Binotto bildirib ki, Sauber-in 2025-ci il \u00fc\u00e7\u00fcn haz\u0131rda 5 namiz\u0259di var.\u00a0","og_url":"https:\/\/kokpit.az\/?p=8661","og_site_name":"X\u0259b\u0259ri Kokpitd\u0259 Oxuyun!","article_publisher":"https:\/\/www.facebook.com\/profile.php?id=61553756392357","article_published_time":"2024-09-05T06:41:51+00:00","og_image":[{"width":1200,"height":632,"url":"https:\/\/kokpit.az\/wp-content\/uploads\/2024\/09\/kimi-raikkonen-and-mattia-bino-e1725518504397.webp","type":"image\/webp"}],"author":"Rauf Hac\u0131yev","twitter_card":"summary_large_image","twitter_misc":{"Written by":"Rauf Hac\u0131yev","Est. reading time":"1 minute"},"schema":{"@context":"https:\/\/schema.org","@graph":[{"@type":"Article","@id":"https:\/\/kokpit.az\/?p=8661#article","isPartOf":{"@id":"https:\/\/kokpit.az\/?p=8661"},"author":{"name":"Rauf Hac\u0131yev","@id":"https:\/\/kokpit.az\/#\/schema\/person\/f4114e650bc2993d0650e4fb6933c581"},"headline":"Sauber-in 5 namiz\u0259di var","datePublished":"2024-09-05T06:41:51+00:00","mainEntityOfPage":{"@id":"https:\/\/kokpit.az\/?p=8661"},"wordCount":222,"commentCount":0,"publisher":{"@id":"https:\/\/kokpit.az\/#organization"},"image":{"@id":"https:\/\/kokpit.az\/?p=8661#primaryimage"},"thumbnailUrl":"https:\/\/kokpit.az\/wp-content\/uploads\/2024\/09\/kimi-raikkonen-and-mattia-bino-e1725518504397.webp","keywords":["Mattia Binotto","Stake F1 Team Kick Sauber"],"articleSection":["X\u0259b\u0259rl\u0259r"],"inLanguage":"az","potentialAction":[{"@type":"CommentAction","name":"Comment","target":["https:\/\/kokpit.az\/?p=8661#respond"]}]},{"@type":"WebPage","@id":"https:\/\/kokpit.az\/?p=8661","url":"https:\/\/kokpit.az\/?p=8661","name":"Sauber-in 5 namiz\u0259di var - X\u0259b\u0259ri Kokpitd\u0259 Oxuyun!","isPartOf":{"@id":"https:\/\/kokpit.az\/#website"},"primaryImageOfPage":{"@id":"https:\/\/kokpit.az\/?p=8661#primaryimage"},"image":{"@id":"https:\/\/kokpit.az\/?p=8661#primaryimage"},"thumbnailUrl":"https:\/\/kokpit.az\/wp-content\/uploads\/2024\/09\/kimi-raikkonen-and-mattia-bino-e1725518504397.webp","datePublished":"2024-09-05T06:41:51+00:00","breadcrumb":{"@id":"https:\/\/kokpit.az\/?p=8661#breadcrumb"},"inLanguage":"az","potentialAction":[{"@type":"ReadAction","target":["https:\/\/kokpit.az\/?p=8661"]}]},{"@type":"ImageObject","inLanguage":"az","@id":"https:\/\/kokpit.az\/?p=8661#primaryimage","url":"https:\/\/kokpit.az\/wp-content\/uploads\/2024\/09\/kimi-raikkonen-and-mattia-bino-e1725518504397.webp","contentUrl":"https:\/\/kokpit.az\/wp-content\/uploads\/2024\/09\/kimi-raikkonen-and-mattia-bino-e1725518504397.webp","width":1200,"height":632},{"@type":"BreadcrumbList","@id":"https:\/\/kokpit.az\/?p=8661#breadcrumb","itemListElement":[{"@type":"ListItem","position":1,"name":"Home","item":"https:\/\/kokpit.az\/"},{"@type":"ListItem","position":2,"name":"Sauber-in 5 namiz\u0259di var"}]},{"@type":"WebSite","@id":"https:\/\/kokpit.az\/#website","url":"https:\/\/kokpit.az\/","name":"X\u0259b\u0259ri Kokpitd\u0259 Oxuyun!","description":"","publisher":{"@id":"https:\/\/kokpit.az\/#organization"},"potentialAction":[{"@type":"SearchAction","target":{"@type":"EntryPoint","urlTemplate":"https:\/\/kokpit.az\/?s={search_term_string}"},"query-input":{"@type":"PropertyValueSpecification","valueRequired":true,"valueName":"search_term_string"}}],"inLanguage":"az"},{"@type":"Organization","@id":"https:\/\/kokpit.az\/#organization","name":"X\u0259b\u0259ri Kokpitd\u0259 Oxuyun!","url":"https:\/\/kokpit.az\/","logo":{"@type":"ImageObject","inLanguage":"az","@id":"https:\/\/kokpit.az\/#\/schema\/logo\/image\/","url":"https:\/\/kokpit.az\/wp-content\/uploads\/2023\/05\/kokpit.jpg","contentUrl":"https:\/\/kokpit.az\/wp-content\/uploads\/2023\/05\/kokpit.jpg","width":488,"height":245,"caption":"X\u0259b\u0259ri Kokpitd\u0259 Oxuyun!"},"image":{"@id":"https:\/\/kokpit.az\/#\/schema\/logo\/image\/"},"sameAs":["https:\/\/www.facebook.com\/profile.php?id=61553756392357"]},{"@type":"Person","@id":"https:\/\/kokpit.az\/#\/schema\/person\/f4114e650bc2993d0650e4fb6933c581","name":"Rauf Hac\u0131yev","image":{"@type":"ImageObject","inLanguage":"az","@id":"https:\/\/secure.gravatar.com\/avatar\/394a2085c47c7acdcf41f7d270b7cbb52513d6f4f24c1cb6dfbbd61f98c0503d?s=96&d=mm&r=g","url":"https:\/\/secure.gravatar.com\/avatar\/394a2085c47c7acdcf41f7d270b7cbb52513d6f4f24c1cb6dfbbd61f98c0503d?s=96&d=mm&r=g","contentUrl":"https:\/\/secure.gravatar.com\/avatar\/394a2085c47c7acdcf41f7d270b7cbb52513d6f4f24c1cb6dfbbd61f98c0503d?s=96&d=mm&r=g","caption":"Rauf Hac\u0131yev"},"sameAs":["https:\/\/kokpit.az"],"url":"https:\/\/kokpit.az\/?author=2"}]}},"_links":{"self":[{"href":"https:\/\/kokpit.az\/index.php?rest_route=\/wp\/v2\/posts\/8661","targetHints":{"allow":["GET"]}}],"collection":[{"href":"https:\/\/kokpit.az\/index.php?rest_route=\/wp\/v2\/posts"}],"about":[{"href":"https:\/\/kokpit.az\/index.php?rest_route=\/wp\/v2\/types\/post"}],"author":[{"embeddable":true,"href":"https:\/\/kokpit.az\/index.php?rest_route=\/wp\/v2\/users\/2"}],"replies":[{"embeddable":true,"href":"https:\/\/kokpit.az\/index.php?rest_route=%2Fwp%2Fv2%2Fcomments&post=8661"}],"version-history":[{"count":1,"href":"https:\/\/kokpit.az\/index.php?rest_route=\/wp\/v2\/posts\/8661\/revisions"}],"predecessor-version":[{"id":8663,"href":"https:\/\/kokpit.az\/index.php?rest_route=\/wp\/v2\/posts\/8661\/revisions\/8663"}],"wp:featuredmedia":[{"embeddable":true,"href":"https:\/\/kokpit.az\/index.php?rest_route=\/wp\/v2\/media\/8662"}],"wp:attachment":[{"href":"https:\/\/kokpit.az\/index.php?rest_route=%2Fwp%2Fv2%2Fmedia&parent=8661"}],"wp:term":[{"taxonomy":"category","embeddable":true,"href":"https:\/\/kokpit.az\/index.php?rest_route=%2Fwp%2Fv2%2Fcategories&post=8661"},{"taxonomy":"post_tag","embeddable":true,"href":"https:\/\/kokpit.az\/index.php?rest_route=%2Fwp%2Fv2%2Ftags&post=8661"}],"curies":[{"name":"wp","href":"https:\/\/api.w.org\/{rel}","templated":true}]}}