{"id":8306,"date":"2024-08-30T15:52:23","date_gmt":"2024-08-30T11:52:23","guid":{"rendered":"https:\/\/kokpit.az\/?p=8306"},"modified":"2024-08-30T16:52:36","modified_gmt":"2024-08-30T12:52:36","slug":"debutantlar-ucun-sprint-yarisi-olacaq","status":"publish","type":"post","link":"https:\/\/kokpit.az\/?p=8306","title":{"rendered":"Deb\u00fctantlar \u00fc\u00e7\u00fcn sprint yar\u0131\u015f\u0131 olacaq?"},"content":{"rendered":"<div class=\"msnt-entity-header pb-6 pt-4 t:pb-8 t:pt-0 \">\n<h2><span style=\"font-size: 16px;\">Kokpit.az bildirir ki, F1 Komisiyas\u0131n\u0131n son toplant\u0131s\u0131ndan sonra g\u0259nc s\u00fcr\u00fcc\u00fcl\u0259r\u0259 daha \u00e7ox s\u00fcr\u00fc\u015f \u015fans\u0131 verm\u0259k \u00fc\u00e7\u00fcn Formula 1 v\u0259 komanda r\u0259hb\u0259rl\u0259ri aras\u0131nda m\u00fczakir\u0259l\u0259r ba\u015flay\u0131b. Haz\u0131rda bunun \u00fc\u00e7\u00fcn \u00fcsullar axtar\u0131l\u0131r.<\/span><\/h2>\n<\/div>\n<p>Komanda r\u0259hb\u0259rl\u0259ri d\u00fc\u015f\u00fcn\u00fcrl\u0259r ki, m\u00fcasir d\u00f6vrd\u0259 testl\u0259r m\u0259hdud oldu\u011fu \u00fc\u00e7\u00fcn deb\u00fctant s\u00fcr\u00fcc\u00fcl\u0259r ke\u00e7mi\u015fd\u0259ki kimi haz\u0131rl\u0131ql\u0131 olmurlar.<\/p>\n<p>Deb\u00fctantlar\u0131n x\u00fcsusi d\u0259v\u0259tl\u0259 Formula 1-d\u0259 yar\u0131\u015fmas\u0131 ideyas\u0131 ortaya at\u0131lsa da, \u00fc\u00e7\u00fcnc\u00fc bolidl\u0259 ba\u011fl\u0131 probleml\u0259r\u0259 g\u00f6r\u0259 bu fikir r\u0259dd edilmi\u015fdi. Ba\u015fqa ideya da var idi: Deb\u00fctantlar\u0131n \u00a0daha \u00e7ox s\u0259rb\u0259st y\u00fcr\u00fc\u015fl\u0259rd\u0259 i\u015ftirak etm\u0259si.<\/p>\n<p>\u0130ndi is\u0259 ba\u015fqa bir t\u0259klif ortaya at\u0131l\u0131b: Deb\u00fctantlar \u00fc\u00e7\u00fcn sprint yar\u0131\u015f\u0131 t\u0259\u015fkil etm\u0259k. Bu is\u0259 dekabr ay\u0131nda m\u00f6vs\u00fcm\u00fcn son yar\u0131\u015f\u0131ndan sonra \u018fbu Dabid\u0259 ke\u00e7iril\u0259n deb\u00fctant testl\u0259ri zaman\u0131 olacaq. Bel\u0259 ki, testl\u0259rd\u0259n sonra g\u0259nc s\u00fcr\u00fcc\u00fcl\u0259r sprint yar\u0131\u015f\u0131na qat\u0131lacaqlar.<\/p>\n<p>\u0130ndiki reqlament\u0259 g\u00f6r\u0259 komandalar \u018fbu Dabi testl\u0259rin\u0259 iki ma\u015f\u0131nla qat\u0131lmal\u0131d\u0131r. Ma\u015f\u0131nlardan biri iki Qran Prid\u0259n \u00e7ox yar\u0131\u015fmayan s\u00fcr\u00fcc\u00fcy\u0259, dig\u0259ri is\u0259 n\u00f6vb\u0259ti m\u00f6vs\u00fcmd\u0259ki t\u0259k\u0259rl\u0259ri test etm\u0259si \u00fc\u00e7\u00fcn \u0259sas s\u00fcr\u00fcc\u00fcl\u0259rd\u0259n birin\u0259 verilir.<\/p>\n<p>N\u00f6vb\u0259ti ay ke\u00e7iril\u0259c\u0259k F1 Komisiyas\u0131ndan \u0259vv\u0259l idman direktorlar\u0131n\u0131 fikri soru\u015fulub. Bu ideyan\u0131n t\u0259tbiq edilib-edilm\u0259y\u0259c\u0259yi bundan sonra d\u0259y\u0259rl\u0259ndiril\u0259c\u0259k.<\/p>\n<p><strong>Formula 1-in r\u0259hb\u0259ri Stefano Domenikali<\/strong> d\u0259 \u0130taliya Qran Prisi \u0259r\u0259f\u0259sind\u0259 bildirib ki, bu ideyan\u0131n say\u0259sind\u0259 g\u0259nc s\u00fcr\u00fcc\u00fcl\u0259rin inki\u015faf\u0131 daha faydal\u0131 olacaq: &#8220;Masada bir layih\u0259 var. \u018fbu Dabid\u0259 g\u0259nc s\u00fcr\u00fcc\u00fcl\u0259r \u00fc\u00e7\u00fcn sprint yar\u0131\u015f\u0131 t\u0259\u015fkil etm\u0259k ehtimal\u0131.<\/p>\n<p>Yas Marina testi zaman\u0131 g\u0259ncl\u0259r\u0259 \u00f6zl\u0259rini g\u00f6st\u0259rm\u0259 v\u0259 t\u0259cr\u00fcb\u0259 qazanma f\u00fcrs\u0259ti ver\u0259 bil\u0259c\u0259yimizi d\u00fc\u015f\u00fcn\u00fcr\u00fck. Sad\u0259c\u0259 testd\u0259 s\u00fcrm\u0259kl\u0259 yox, eyni zamanda m\u00fcbariz\u0259 aparmaqda da t\u0259cr\u00fcb\u0259 qazanmalar\u0131n\u0131 ist\u0259yirik. Bu hal onlar\u0131 sonrak\u0131 add\u0131ma haz\u0131rlayacaq v\u0259 inki\u015faf prosesl\u0259rin\u0259 k\u00f6m\u0259k ed\u0259c\u0259k. Bu fikri t\u0259tbiq etm\u0259k \u00fc\u00e7\u00fcn sentyabr ay\u0131n\u0131n sonuna q\u0259d\u0259r detall\u0131 m\u00fczakir\u0259 aparaca\u011f\u0131q&#8221;.<\/p>\n<p>\u018fbu Dabi testind\u0259n sonra sprint yar\u0131\u015f\u0131 ke\u00e7irm\u0259k h\u0259m komandalar, h\u0259m d\u0259 t\u0259\u015fkilat\u00e7\u0131lar \u00fc\u00e7\u00fcn boy\u00fck loqistika \u00e7\u0259tinliyi yaradacaq. Yekunda zaman sistemi, t\u0259hl\u00fck\u0259sizlik avadanl\u0131qlar, i\u015f\u00e7il\u0259r v\u0259 komanda \u0259m\u0259kda\u015flar\u0131 kimi \u0259lav\u0259 ehtiyaclar ortaya \u00e7\u0131xacaq.<\/p>\n<p>Bunlardan ba\u015fqa is\u0259 sprint yar\u0131\u015f\u0131n\u0131n televizorda nec\u0259 g\u00f6st\u0259ril\u0259c\u0259yi h\u0259l\u0259 m\u0259lum deyil. Ancaq bu test\u0259 qat\u0131lan s\u00fcr\u00fcc\u00fcl\u0259r \u00fc\u00e7\u00fcn b\u00f6y\u00fck d\u0259st\u0259l olacaq. Haas-\u0131n yeni s\u00fcr\u00fcc\u00fcs\u00fc Oliver Berman, Alpine-d\u0259n Cek Duh\u0259n v\u0259 Kimi Antonelli kimi s\u00fcr\u00fcc\u00fcl\u0259r bu testl\u0259rd\u0259 i\u015ftirak ed\u0259 bil\u0259c\u0259kl\u0259r.<\/p>\n<p>Amma onu da qeyd ed\u0259k ki, sprint yar\u0131\u015f\u0131n\u0131n bu il realla\u015fmas\u0131 inand\u0131r\u0131c\u0131 g\u00f6r\u00fcnm\u00fcr. Lakin 2025-ci il \u00fc\u00e7\u00fcn m\u00fczakir\u0259l\u0259r apar\u0131la bil\u0259r.<\/p>\n<div>\n<div class=\"ms-article-content\" data-autoplay=\"0\" data-mute=\"0\" data-position=\"embed\" data-series=\"f1\">\n<h2><strong>Daha \u00e7ox sprint yar\u0131\u015f\u0131<\/strong><\/h2>\n<\/div>\n<\/div>\n<p>Formula 1-in r\u0259hb\u0259ri Stefano Domenikali bildirib ki, 2025-ci ild\u0259n sonra daha \u00e7ox sprint yar\u0131\u015f\u0131 t\u0259\u015fkil etm\u0259k ist\u0259yirl\u0259r: &#8220;2025-ci ild\u0259 yox, amma g\u0259l\u0259c\u0259kd\u0259 sprint h\u0259ft\u0259sonunu art\u0131rmaq ehtimal\u0131 var. Getdikc\u0259 maraq art\u0131r, amma MotoGP-d\u0259 oldu\u011fu kimi h\u0259r h\u0259ft\u0259sonu sprint yar\u0131\u015f\u0131 ke\u00e7ir\u0259 bilm\u0259rik. Ancaq bunun say\u0131n\u0131 art\u0131ra bil\u0259rik. Bunu ilin sonuna q\u0259d\u0259r Q\u0259t\u0259rd\u0259 m\u00fczakir\u0259 ed\u0259c\u0259yik&#8221;.<\/p>\n<div>\n<div class=\"ms-article-content-end mt-8 grid gap-6\">\n<div class=\"flex flex-col items-center gap-5\"><\/div>\n<\/div>\n<\/div>\n","protected":false},"excerpt":{"rendered":"<p>Formula 1 r\u0259hb\u0259rliyi \u00a0\u018fbu Dabi yar\u0131\u015f\u0131ndan sonra ke\u00e7iril\u0259n t\u0259k\u0259r testl\u0259rinin ard\u0131ndan bir sprint yar\u0131\u015f\u0131 ke\u00e7irm\u0259yi m\u00fczakir\u0259 edir.<\/p>\n","protected":false},"author":2,"featured_media":8311,"comment_status":"open","ping_status":"open","sticky":false,"template":"","format":"standard","meta":{"footnotes":""},"categories":[4,2],"tags":[118],"class_list":["post-8306","post","type-post","status-publish","format-standard","has-post-thumbnail","hentry","category-manshet","category-news","tag-stefano-domenicali"],"yoast_head":"<!-- This site is optimized with the Yoast SEO plugin v27.5 - https:\/\/yoast.com\/product\/yoast-seo-wordpress\/ -->\n<title>Deb\u00fctantlar \u00fc\u00e7\u00fcn sprint yar\u0131\u015f\u0131 olacaq? - X\u0259b\u0259ri Kokpitd\u0259 Oxuyun!<\/title>\n<meta name=\"robots\" content=\"index, follow, max-snippet:-1, max-image-preview:large, max-video-preview:-1\" \/>\n<link rel=\"canonical\" href=\"https:\/\/kokpit.az\/?p=8306\" \/>\n<meta property=\"og:locale\" content=\"az_AZ\" \/>\n<meta property=\"og:type\" content=\"article\" \/>\n<meta property=\"og:title\" content=\"Deb\u00fctantlar \u00fc\u00e7\u00fcn sprint yar\u0131\u015f\u0131 olacaq? - X\u0259b\u0259ri Kokpitd\u0259 Oxuyun!\" \/>\n<meta property=\"og:description\" content=\"Formula 1 r\u0259hb\u0259rliyi \u00a0\u018fbu Dabi yar\u0131\u015f\u0131ndan sonra ke\u00e7iril\u0259n t\u0259k\u0259r testl\u0259rinin ard\u0131ndan bir sprint yar\u0131\u015f\u0131 ke\u00e7irm\u0259yi m\u00fczakir\u0259 edir.\" \/>\n<meta property=\"og:url\" content=\"https:\/\/kokpit.az\/?p=8306\" \/>\n<meta property=\"og:site_name\" content=\"X\u0259b\u0259ri Kokpitd\u0259 Oxuyun!\" \/>\n<meta property=\"article:publisher\" content=\"https:\/\/www.facebook.com\/profile.php?id=61553756392357\" \/>\n<meta property=\"article:published_time\" content=\"2024-08-30T11:52:23+00:00\" \/>\n<meta property=\"article:modified_time\" content=\"2024-08-30T12:52:36+00:00\" \/>\n<meta property=\"og:image\" content=\"https:\/\/kokpit.az\/wp-content\/uploads\/2024\/08\/max-verstappen-red-bull-racing-2-2-e1725022339528.webp\" \/>\n\t<meta property=\"og:image:width\" content=\"1200\" \/>\n\t<meta property=\"og:image:height\" content=\"630\" \/>\n\t<meta property=\"og:image:type\" content=\"image\/webp\" \/>\n<meta name=\"author\" content=\"Rauf Hac\u0131yev\" \/>\n<meta name=\"twitter:card\" content=\"summary_large_image\" \/>\n<meta name=\"twitter:label1\" content=\"Written by\" \/>\n\t<meta name=\"twitter:data1\" content=\"Rauf Hac\u0131yev\" \/>\n\t<meta name=\"twitter:label2\" content=\"Est. reading time\" \/>\n\t<meta name=\"twitter:data2\" content=\"3 minutes\" \/>\n<script type=\"application\/ld+json\" class=\"yoast-schema-graph\">{\"@context\":\"https:\\\/\\\/schema.org\",\"@graph\":[{\"@type\":\"Article\",\"@id\":\"https:\\\/\\\/kokpit.az\\\/?p=8306#article\",\"isPartOf\":{\"@id\":\"https:\\\/\\\/kokpit.az\\\/?p=8306\"},\"author\":{\"name\":\"Rauf Hac\u0131yev\",\"@id\":\"https:\\\/\\\/kokpit.az\\\/#\\\/schema\\\/person\\\/f4114e650bc2993d0650e4fb6933c581\"},\"headline\":\"Deb\u00fctantlar \u00fc\u00e7\u00fcn sprint yar\u0131\u015f\u0131 olacaq?\",\"datePublished\":\"2024-08-30T11:52:23+00:00\",\"dateModified\":\"2024-08-30T12:52:36+00:00\",\"mainEntityOfPage\":{\"@id\":\"https:\\\/\\\/kokpit.az\\\/?p=8306\"},\"wordCount\":682,\"commentCount\":0,\"publisher\":{\"@id\":\"https:\\\/\\\/kokpit.az\\\/#organization\"},\"image\":{\"@id\":\"https:\\\/\\\/kokpit.az\\\/?p=8306#primaryimage\"},\"thumbnailUrl\":\"https:\\\/\\\/kokpit.az\\\/wp-content\\\/uploads\\\/2024\\\/08\\\/max-verstappen-red-bull-racing-2-2-e1725022339528.webp\",\"keywords\":[\"Stefano Domenicali\"],\"articleSection\":[\"Man\u015fet\",\"X\u0259b\u0259rl\u0259r\"],\"inLanguage\":\"az\",\"potentialAction\":[{\"@type\":\"CommentAction\",\"name\":\"Comment\",\"target\":[\"https:\\\/\\\/kokpit.az\\\/?p=8306#respond\"]}]},{\"@type\":\"WebPage\",\"@id\":\"https:\\\/\\\/kokpit.az\\\/?p=8306\",\"url\":\"https:\\\/\\\/kokpit.az\\\/?p=8306\",\"name\":\"Deb\u00fctantlar \u00fc\u00e7\u00fcn sprint yar\u0131\u015f\u0131 olacaq? - X\u0259b\u0259ri Kokpitd\u0259 Oxuyun!\",\"isPartOf\":{\"@id\":\"https:\\\/\\\/kokpit.az\\\/#website\"},\"primaryImageOfPage\":{\"@id\":\"https:\\\/\\\/kokpit.az\\\/?p=8306#primaryimage\"},\"image\":{\"@id\":\"https:\\\/\\\/kokpit.az\\\/?p=8306#primaryimage\"},\"thumbnailUrl\":\"https:\\\/\\\/kokpit.az\\\/wp-content\\\/uploads\\\/2024\\\/08\\\/max-verstappen-red-bull-racing-2-2-e1725022339528.webp\",\"datePublished\":\"2024-08-30T11:52:23+00:00\",\"dateModified\":\"2024-08-30T12:52:36+00:00\",\"breadcrumb\":{\"@id\":\"https:\\\/\\\/kokpit.az\\\/?p=8306#breadcrumb\"},\"inLanguage\":\"az\",\"potentialAction\":[{\"@type\":\"ReadAction\",\"target\":[\"https:\\\/\\\/kokpit.az\\\/?p=8306\"]}]},{\"@type\":\"ImageObject\",\"inLanguage\":\"az\",\"@id\":\"https:\\\/\\\/kokpit.az\\\/?p=8306#primaryimage\",\"url\":\"https:\\\/\\\/kokpit.az\\\/wp-content\\\/uploads\\\/2024\\\/08\\\/max-verstappen-red-bull-racing-2-2-e1725022339528.webp\",\"contentUrl\":\"https:\\\/\\\/kokpit.az\\\/wp-content\\\/uploads\\\/2024\\\/08\\\/max-verstappen-red-bull-racing-2-2-e1725022339528.webp\",\"width\":1200,\"height\":630},{\"@type\":\"BreadcrumbList\",\"@id\":\"https:\\\/\\\/kokpit.az\\\/?p=8306#breadcrumb\",\"itemListElement\":[{\"@type\":\"ListItem\",\"position\":1,\"name\":\"Home\",\"item\":\"https:\\\/\\\/kokpit.az\\\/\"},{\"@type\":\"ListItem\",\"position\":2,\"name\":\"Deb\u00fctantlar \u00fc\u00e7\u00fcn sprint yar\u0131\u015f\u0131 olacaq?\"}]},{\"@type\":\"WebSite\",\"@id\":\"https:\\\/\\\/kokpit.az\\\/#website\",\"url\":\"https:\\\/\\\/kokpit.az\\\/\",\"name\":\"X\u0259b\u0259ri Kokpitd\u0259 Oxuyun!\",\"description\":\"\",\"publisher\":{\"@id\":\"https:\\\/\\\/kokpit.az\\\/#organization\"},\"potentialAction\":[{\"@type\":\"SearchAction\",\"target\":{\"@type\":\"EntryPoint\",\"urlTemplate\":\"https:\\\/\\\/kokpit.az\\\/?s={search_term_string}\"},\"query-input\":{\"@type\":\"PropertyValueSpecification\",\"valueRequired\":true,\"valueName\":\"search_term_string\"}}],\"inLanguage\":\"az\"},{\"@type\":\"Organization\",\"@id\":\"https:\\\/\\\/kokpit.az\\\/#organization\",\"name\":\"X\u0259b\u0259ri Kokpitd\u0259 Oxuyun!\",\"url\":\"https:\\\/\\\/kokpit.az\\\/\",\"logo\":{\"@type\":\"ImageObject\",\"inLanguage\":\"az\",\"@id\":\"https:\\\/\\\/kokpit.az\\\/#\\\/schema\\\/logo\\\/image\\\/\",\"url\":\"https:\\\/\\\/kokpit.az\\\/wp-content\\\/uploads\\\/2023\\\/05\\\/kokpit.jpg\",\"contentUrl\":\"https:\\\/\\\/kokpit.az\\\/wp-content\\\/uploads\\\/2023\\\/05\\\/kokpit.jpg\",\"width\":488,\"height\":245,\"caption\":\"X\u0259b\u0259ri Kokpitd\u0259 Oxuyun!\"},\"image\":{\"@id\":\"https:\\\/\\\/kokpit.az\\\/#\\\/schema\\\/logo\\\/image\\\/\"},\"sameAs\":[\"https:\\\/\\\/www.facebook.com\\\/profile.php?id=61553756392357\"]},{\"@type\":\"Person\",\"@id\":\"https:\\\/\\\/kokpit.az\\\/#\\\/schema\\\/person\\\/f4114e650bc2993d0650e4fb6933c581\",\"name\":\"Rauf Hac\u0131yev\",\"image\":{\"@type\":\"ImageObject\",\"inLanguage\":\"az\",\"@id\":\"https:\\\/\\\/secure.gravatar.com\\\/avatar\\\/394a2085c47c7acdcf41f7d270b7cbb52513d6f4f24c1cb6dfbbd61f98c0503d?s=96&d=mm&r=g\",\"url\":\"https:\\\/\\\/secure.gravatar.com\\\/avatar\\\/394a2085c47c7acdcf41f7d270b7cbb52513d6f4f24c1cb6dfbbd61f98c0503d?s=96&d=mm&r=g\",\"contentUrl\":\"https:\\\/\\\/secure.gravatar.com\\\/avatar\\\/394a2085c47c7acdcf41f7d270b7cbb52513d6f4f24c1cb6dfbbd61f98c0503d?s=96&d=mm&r=g\",\"caption\":\"Rauf Hac\u0131yev\"},\"sameAs\":[\"https:\\\/\\\/kokpit.az\"],\"url\":\"https:\\\/\\\/kokpit.az\\\/?author=2\"}]}<\/script>\n<!-- \/ Yoast SEO plugin. -->","yoast_head_json":{"title":"Deb\u00fctantlar \u00fc\u00e7\u00fcn sprint yar\u0131\u015f\u0131 olacaq? - X\u0259b\u0259ri Kokpitd\u0259 Oxuyun!","robots":{"index":"index","follow":"follow","max-snippet":"max-snippet:-1","max-image-preview":"max-image-preview:large","max-video-preview":"max-video-preview:-1"},"canonical":"https:\/\/kokpit.az\/?p=8306","og_locale":"az_AZ","og_type":"article","og_title":"Deb\u00fctantlar \u00fc\u00e7\u00fcn sprint yar\u0131\u015f\u0131 olacaq? - X\u0259b\u0259ri Kokpitd\u0259 Oxuyun!","og_description":"Formula 1 r\u0259hb\u0259rliyi \u00a0\u018fbu Dabi yar\u0131\u015f\u0131ndan sonra ke\u00e7iril\u0259n t\u0259k\u0259r testl\u0259rinin ard\u0131ndan bir sprint yar\u0131\u015f\u0131 ke\u00e7irm\u0259yi m\u00fczakir\u0259 edir.","og_url":"https:\/\/kokpit.az\/?p=8306","og_site_name":"X\u0259b\u0259ri Kokpitd\u0259 Oxuyun!","article_publisher":"https:\/\/www.facebook.com\/profile.php?id=61553756392357","article_published_time":"2024-08-30T11:52:23+00:00","article_modified_time":"2024-08-30T12:52:36+00:00","og_image":[{"width":1200,"height":630,"url":"https:\/\/kokpit.az\/wp-content\/uploads\/2024\/08\/max-verstappen-red-bull-racing-2-2-e1725022339528.webp","type":"image\/webp"}],"author":"Rauf Hac\u0131yev","twitter_card":"summary_large_image","twitter_misc":{"Written by":"Rauf Hac\u0131yev","Est. reading time":"3 minutes"},"schema":{"@context":"https:\/\/schema.org","@graph":[{"@type":"Article","@id":"https:\/\/kokpit.az\/?p=8306#article","isPartOf":{"@id":"https:\/\/kokpit.az\/?p=8306"},"author":{"name":"Rauf Hac\u0131yev","@id":"https:\/\/kokpit.az\/#\/schema\/person\/f4114e650bc2993d0650e4fb6933c581"},"headline":"Deb\u00fctantlar \u00fc\u00e7\u00fcn sprint yar\u0131\u015f\u0131 olacaq?","datePublished":"2024-08-30T11:52:23+00:00","dateModified":"2024-08-30T12:52:36+00:00","mainEntityOfPage":{"@id":"https:\/\/kokpit.az\/?p=8306"},"wordCount":682,"commentCount":0,"publisher":{"@id":"https:\/\/kokpit.az\/#organization"},"image":{"@id":"https:\/\/kokpit.az\/?p=8306#primaryimage"},"thumbnailUrl":"https:\/\/kokpit.az\/wp-content\/uploads\/2024\/08\/max-verstappen-red-bull-racing-2-2-e1725022339528.webp","keywords":["Stefano Domenicali"],"articleSection":["Man\u015fet","X\u0259b\u0259rl\u0259r"],"inLanguage":"az","potentialAction":[{"@type":"CommentAction","name":"Comment","target":["https:\/\/kokpit.az\/?p=8306#respond"]}]},{"@type":"WebPage","@id":"https:\/\/kokpit.az\/?p=8306","url":"https:\/\/kokpit.az\/?p=8306","name":"Deb\u00fctantlar \u00fc\u00e7\u00fcn sprint yar\u0131\u015f\u0131 olacaq? - X\u0259b\u0259ri Kokpitd\u0259 Oxuyun!","isPartOf":{"@id":"https:\/\/kokpit.az\/#website"},"primaryImageOfPage":{"@id":"https:\/\/kokpit.az\/?p=8306#primaryimage"},"image":{"@id":"https:\/\/kokpit.az\/?p=8306#primaryimage"},"thumbnailUrl":"https:\/\/kokpit.az\/wp-content\/uploads\/2024\/08\/max-verstappen-red-bull-racing-2-2-e1725022339528.webp","datePublished":"2024-08-30T11:52:23+00:00","dateModified":"2024-08-30T12:52:36+00:00","breadcrumb":{"@id":"https:\/\/kokpit.az\/?p=8306#breadcrumb"},"inLanguage":"az","potentialAction":[{"@type":"ReadAction","target":["https:\/\/kokpit.az\/?p=8306"]}]},{"@type":"ImageObject","inLanguage":"az","@id":"https:\/\/kokpit.az\/?p=8306#primaryimage","url":"https:\/\/kokpit.az\/wp-content\/uploads\/2024\/08\/max-verstappen-red-bull-racing-2-2-e1725022339528.webp","contentUrl":"https:\/\/kokpit.az\/wp-content\/uploads\/2024\/08\/max-verstappen-red-bull-racing-2-2-e1725022339528.webp","width":1200,"height":630},{"@type":"BreadcrumbList","@id":"https:\/\/kokpit.az\/?p=8306#breadcrumb","itemListElement":[{"@type":"ListItem","position":1,"name":"Home","item":"https:\/\/kokpit.az\/"},{"@type":"ListItem","position":2,"name":"Deb\u00fctantlar \u00fc\u00e7\u00fcn sprint yar\u0131\u015f\u0131 olacaq?"}]},{"@type":"WebSite","@id":"https:\/\/kokpit.az\/#website","url":"https:\/\/kokpit.az\/","name":"X\u0259b\u0259ri Kokpitd\u0259 Oxuyun!","description":"","publisher":{"@id":"https:\/\/kokpit.az\/#organization"},"potentialAction":[{"@type":"SearchAction","target":{"@type":"EntryPoint","urlTemplate":"https:\/\/kokpit.az\/?s={search_term_string}"},"query-input":{"@type":"PropertyValueSpecification","valueRequired":true,"valueName":"search_term_string"}}],"inLanguage":"az"},{"@type":"Organization","@id":"https:\/\/kokpit.az\/#organization","name":"X\u0259b\u0259ri Kokpitd\u0259 Oxuyun!","url":"https:\/\/kokpit.az\/","logo":{"@type":"ImageObject","inLanguage":"az","@id":"https:\/\/kokpit.az\/#\/schema\/logo\/image\/","url":"https:\/\/kokpit.az\/wp-content\/uploads\/2023\/05\/kokpit.jpg","contentUrl":"https:\/\/kokpit.az\/wp-content\/uploads\/2023\/05\/kokpit.jpg","width":488,"height":245,"caption":"X\u0259b\u0259ri Kokpitd\u0259 Oxuyun!"},"image":{"@id":"https:\/\/kokpit.az\/#\/schema\/logo\/image\/"},"sameAs":["https:\/\/www.facebook.com\/profile.php?id=61553756392357"]},{"@type":"Person","@id":"https:\/\/kokpit.az\/#\/schema\/person\/f4114e650bc2993d0650e4fb6933c581","name":"Rauf Hac\u0131yev","image":{"@type":"ImageObject","inLanguage":"az","@id":"https:\/\/secure.gravatar.com\/avatar\/394a2085c47c7acdcf41f7d270b7cbb52513d6f4f24c1cb6dfbbd61f98c0503d?s=96&d=mm&r=g","url":"https:\/\/secure.gravatar.com\/avatar\/394a2085c47c7acdcf41f7d270b7cbb52513d6f4f24c1cb6dfbbd61f98c0503d?s=96&d=mm&r=g","contentUrl":"https:\/\/secure.gravatar.com\/avatar\/394a2085c47c7acdcf41f7d270b7cbb52513d6f4f24c1cb6dfbbd61f98c0503d?s=96&d=mm&r=g","caption":"Rauf Hac\u0131yev"},"sameAs":["https:\/\/kokpit.az"],"url":"https:\/\/kokpit.az\/?author=2"}]}},"_links":{"self":[{"href":"https:\/\/kokpit.az\/index.php?rest_route=\/wp\/v2\/posts\/8306","targetHints":{"allow":["GET"]}}],"collection":[{"href":"https:\/\/kokpit.az\/index.php?rest_route=\/wp\/v2\/posts"}],"about":[{"href":"https:\/\/kokpit.az\/index.php?rest_route=\/wp\/v2\/types\/post"}],"author":[{"embeddable":true,"href":"https:\/\/kokpit.az\/index.php?rest_route=\/wp\/v2\/users\/2"}],"replies":[{"embeddable":true,"href":"https:\/\/kokpit.az\/index.php?rest_route=%2Fwp%2Fv2%2Fcomments&post=8306"}],"version-history":[{"count":5,"href":"https:\/\/kokpit.az\/index.php?rest_route=\/wp\/v2\/posts\/8306\/revisions"}],"predecessor-version":[{"id":8312,"href":"https:\/\/kokpit.az\/index.php?rest_route=\/wp\/v2\/posts\/8306\/revisions\/8312"}],"wp:featuredmedia":[{"embeddable":true,"href":"https:\/\/kokpit.az\/index.php?rest_route=\/wp\/v2\/media\/8311"}],"wp:attachment":[{"href":"https:\/\/kokpit.az\/index.php?rest_route=%2Fwp%2Fv2%2Fmedia&parent=8306"}],"wp:term":[{"taxonomy":"category","embeddable":true,"href":"https:\/\/kokpit.az\/index.php?rest_route=%2Fwp%2Fv2%2Fcategories&post=8306"},{"taxonomy":"post_tag","embeddable":true,"href":"https:\/\/kokpit.az\/index.php?rest_route=%2Fwp%2Fv2%2Ftags&post=8306"}],"curies":[{"name":"wp","href":"https:\/\/api.w.org\/{rel}","templated":true}]}}