{"id":8290,"date":"2024-08-30T10:45:47","date_gmt":"2024-08-30T06:45:47","guid":{"rendered":"https:\/\/kokpit.az\/?p=8290"},"modified":"2024-08-30T10:45:47","modified_gmt":"2024-08-30T06:45:47","slug":"red-bull-un-z%c9%99ifl%c9%99m%c9%99-s%c9%99b%c9%99bi-m%c9%99lumdur","status":"publish","type":"post","link":"https:\/\/kokpit.az\/?p=8290","title":{"rendered":"Red Bull-un z\u0259ifl\u0259m\u0259 s\u0259b\u0259bi m\u0259lumdur"},"content":{"rendered":"<div class=\"msnt-entity-header  pb-6 pt-4 t:pb-8 t:pt-0  \">\n<h2><span style=\"font-size: 16px;\">Kokpit.az xat\u0131rlad\u0131r ki, Red Bull komandas\u0131 m\u00f6vs\u00fcm\u0259 yax\u015f\u0131 ba\u015flam\u0131\u015f v\u0259 ilk 5 yar\u0131\u015fdan 4-d\u0259 qalib g\u0259lmi\u015fdi. \u018fks\u0259riyy\u0259t d\u00fc\u015f\u00fcn\u00fcrd\u00fc ki, &#8220;q\u0131rm\u0131z\u0131 \u00f6k\u00fczl\u0259r&#8221; ke\u00e7\u0259nilki kimi q\u0259l\u0259b\u0259l\u0259ri s\u0131ralayacaqlar.\u00a0<\/span><\/h2>\n<\/div>\n<p>Lakin bird\u0259n bir\u0259 McLaren c\u0259 Mercedes komandalar\u0131 inki\u015faf ed\u0259r\u0259k s\u00fcr\u0259tl\u0259ndil\u0259r v\u0259 Red bull art\u0131q 5 yar\u0131\u015fd\u0131r ki, q\u0259l\u0259b\u0259 \u00fcz\u00fcn\u0259 h\u0259sr\u0259t qal\u0131b. Red Bull bu m\u00f6vs\u00fcm g\u0259tirdiyi yenilikl\u0259rd\u0259 r\u0259qibl\u0259rin\u0259 uduzur v\u0259 bu da problemin t\u0259m\u0259l s\u0259b\u0259bi olaraq g\u00f6r\u00fcl\u00fcr.<\/p>\n<p><img loading=\"lazy\" decoding=\"async\" class=\"aligncenter wp-image-8292 size-large\" src=\"https:\/\/kokpit.az\/wp-content\/uploads\/2024\/08\/red-bull-racing-rb20-front-win-1024x682.webp\" alt=\"\" width=\"770\" height=\"513\" srcset=\"https:\/\/kokpit.az\/wp-content\/uploads\/2024\/08\/red-bull-racing-rb20-front-win-1024x682.webp 1024w, https:\/\/kokpit.az\/wp-content\/uploads\/2024\/08\/red-bull-racing-rb20-front-win-300x200.webp 300w, https:\/\/kokpit.az\/wp-content\/uploads\/2024\/08\/red-bull-racing-rb20-front-win-768x511.webp 768w, https:\/\/kokpit.az\/wp-content\/uploads\/2024\/08\/red-bull-racing-rb20-front-win-270x180.webp 270w, https:\/\/kokpit.az\/wp-content\/uploads\/2024\/08\/red-bull-racing-rb20-front-win-370x246.webp 370w, https:\/\/kokpit.az\/wp-content\/uploads\/2024\/08\/red-bull-racing-rb20-front-win-570x380.webp 570w, https:\/\/kokpit.az\/wp-content\/uploads\/2024\/08\/red-bull-racing-rb20-front-win-740x493.webp 740w, https:\/\/kokpit.az\/wp-content\/uploads\/2024\/08\/red-bull-racing-rb20-front-win.webp 1200w\" sizes=\"auto, (max-width: 770px) 100vw, 770px\" \/><\/p>\n<p><strong>Red Bull komandas\u0131n\u0131n r\u0259hb\u0259ri Kristian Horner<\/strong> geril\u0259m\u0259nin s\u0259b\u0259bini a\u00e7\u0131qlay\u0131b v\u0259 qeyd edib ki, r\u0259qibl\u0259rin \u00f6n qanad konseptl\u0259rind\u0259 tapd\u0131qlar\u0131 performans \u0259sas s\u0259b\u0259bdir: &#8220;M\u0259nc\u0259, \u00f6n qanad dig\u0259r komandalar\u0131 s\u00fcr\u0259tl\u0259ndir\u0259n \u0259sas sah\u0259l\u0259rd\u0259n biridir.<\/p>\n<div class=\"ms-article_detail\">\n<div class=\"ms-article__main mb-dynamic\">\n<div class=\"ms-article__body\">\n<div class=\"ms-article-content-wrapper my-dynamic\">\n<div class=\"ms-article-content\" data-autoplay=\"0\" data-mute=\"0\" data-position=\"embed\" data-series=\"f1\">\n<p>\u00d6n qanadlar\u0131n istifad\u0259 qaydalar\u0131 olduqca f\u0259rqlidir. McLaren v\u0259 Mercedes-in \u00f6n qanad d\u0259r\u0259c\u0259lr\u0259in\u0259 baxsan\u0131z, \u00e7ox f\u0259rqli olduqlar\u0131n\u0131 g\u00f6r\u0259c\u0259ksiniz. Dig\u0259r komandalardan \u00e7ox f\u0259rqlidirl\u0259r&#8221;.<\/p>\n<p><img loading=\"lazy\" decoding=\"async\" class=\"aligncenter wp-image-8293 size-large\" src=\"https:\/\/kokpit.az\/wp-content\/uploads\/2024\/08\/mclaren-mcl38-front-wing-compa-1024x683.webp\" alt=\"\" width=\"770\" height=\"514\" srcset=\"https:\/\/kokpit.az\/wp-content\/uploads\/2024\/08\/mclaren-mcl38-front-wing-compa-1024x683.webp 1024w, https:\/\/kokpit.az\/wp-content\/uploads\/2024\/08\/mclaren-mcl38-front-wing-compa-300x200.webp 300w, https:\/\/kokpit.az\/wp-content\/uploads\/2024\/08\/mclaren-mcl38-front-wing-compa-768x512.webp 768w, https:\/\/kokpit.az\/wp-content\/uploads\/2024\/08\/mclaren-mcl38-front-wing-compa-270x180.webp 270w, https:\/\/kokpit.az\/wp-content\/uploads\/2024\/08\/mclaren-mcl38-front-wing-compa-370x247.webp 370w, https:\/\/kokpit.az\/wp-content\/uploads\/2024\/08\/mclaren-mcl38-front-wing-compa-570x380.webp 570w, https:\/\/kokpit.az\/wp-content\/uploads\/2024\/08\/mclaren-mcl38-front-wing-compa-740x493.webp 740w, https:\/\/kokpit.az\/wp-content\/uploads\/2024\/08\/mclaren-mcl38-front-wing-compa.webp 1200w\" sizes=\"auto, (max-width: 770px) 100vw, 770px\" \/><\/p>\n<p>Kristian Hornerin bu s\u00f6z\u00fcnd\u0259n bel\u0259 \u00e7\u0131x\u0131r ki, McLaren v\u0259 Mercedes haz\u0131rda Red Bull-un istifad\u0259 etm\u0259diyi \u00fcsullardan istifad\u0259 edir.<\/p>\n<\/div>\n<\/div>\n<\/div>\n<\/div>\n<\/div>\n<p>X\u00fcsus\u0259n d\u0259, Mercedes komandas\u0131n\u0131n 2022-ci ild\u0259 t\u0259qdim etdiyi v\u0259 2023-c\u00fc ild\u0259 texniki reqlament\u0259 uy\u011funla\u015fd\u0131r\u0131lan qanadlar\u0131 McLaren d\u0259 daxil olmaqla dig\u0259r komandalar t\u0259r\u0259find\u0259n kopiyalan\u0131b. Bu yenilikl\u0259 t\u0259k\u0259rin arxas\u0131nda \u0259m\u0259l\u0259 g\u0259l\u0259n hava ax\u0131m\u0131n\u0131n manimulyasiya edilm\u0259si h\u0259d\u0259fl\u0259nir v\u0259 bu da bolidin balans\u0131na, performans\u0131na t\u0259sir edir.<\/p>\n<p>Bundan ba\u015fqa Mercedes v\u0259 McLaren-in \u00f6n qanadlar\u0131nda qanad\u0131n stabil daxili hiss\u0259si v\u0259 h\u0259r\u0259k\u0259tli qanadc\u0131q aras\u0131ndak\u0131 m\u0259saf\u0259 d\u0259 f\u0259rqli formada d\u00fcz\u0259ldilib.<\/p>\n<p><img loading=\"lazy\" decoding=\"async\" class=\"aligncenter wp-image-8294 size-large\" src=\"https:\/\/kokpit.az\/wp-content\/uploads\/2024\/08\/mclaren-mcl38-end-plate-compar-1024x683.webp\" alt=\"\" width=\"770\" height=\"514\" srcset=\"https:\/\/kokpit.az\/wp-content\/uploads\/2024\/08\/mclaren-mcl38-end-plate-compar-1024x683.webp 1024w, https:\/\/kokpit.az\/wp-content\/uploads\/2024\/08\/mclaren-mcl38-end-plate-compar-300x200.webp 300w, https:\/\/kokpit.az\/wp-content\/uploads\/2024\/08\/mclaren-mcl38-end-plate-compar-768x512.webp 768w, https:\/\/kokpit.az\/wp-content\/uploads\/2024\/08\/mclaren-mcl38-end-plate-compar-270x180.webp 270w, https:\/\/kokpit.az\/wp-content\/uploads\/2024\/08\/mclaren-mcl38-end-plate-compar-370x247.webp 370w, https:\/\/kokpit.az\/wp-content\/uploads\/2024\/08\/mclaren-mcl38-end-plate-compar-570x380.webp 570w, https:\/\/kokpit.az\/wp-content\/uploads\/2024\/08\/mclaren-mcl38-end-plate-compar-740x493.webp 740w, https:\/\/kokpit.az\/wp-content\/uploads\/2024\/08\/mclaren-mcl38-end-plate-compar.webp 1200w\" sizes=\"auto, (max-width: 770px) 100vw, 770px\" \/><\/p>\n<p><strong>Kristian Horner<\/strong>: &#8220;G\u00f6r\u00fcl\u0259si \u00e7ox i\u015fimiz var, amma Niderlanddak\u0131 h\u0259ft\u0259sonundan \u00e7oxlu d\u0259rsl\u0259r \u00e7\u0131xard\u0131q. Bolidd\u0259 test etdiyimiz \u015feyl\u0259rd\u0259n yax\u015f\u0131 m\u0259lumatlar toplad\u0131q. Bunlardan d\u00fczg\u00fcn istifad\u0259 etm\u0259liyik. M\u0259lumatlar\u0131 anlamaq v\u0259 Montsda q\u0259l\u0259b\u0259 \u00fc\u00e7\u00fcn yar\u0131\u015fmal\u0131y\u0131q&#8221;.<\/p>\n<p>Lakin Red Bull v\u0259 McLaren aras\u0131nda f\u0259qin s\u0259b\u0259bi do\u011frudan da \u00f6n qanadd\u0131rsa, bu problemin bir h\u0259ft\u0259sonunda h\u0259ll olunmas\u0131 \u00e7\u0259tin m\u0259s\u0259l\u0259dir.<\/p>\n","protected":false},"excerpt":{"rendered":"<p>Red Bull komandas\u0131 m\u00f6vs\u00fcm\u0259 yax\u015f\u0131 ba\u015flasa da, \u00c7in yar\u0131\u015f\u0131ndan sonra z\u0259ifl\u0259m\u0259y\u0259 ba\u015flay\u0131b. Komandan\u0131n r\u0259hb\u0259ri Kristian Horner \u00a0d\u00fc\u015f\u00fcn\u00fcr ki, geril\u0259m\u0259nin s\u0259b\u0259bi \u00f6n qanad dizayn\u0131 ola bil\u0259r.\u00a0<\/p>\n","protected":false},"author":2,"featured_media":8291,"comment_status":"open","ping_status":"open","sticky":false,"template":"","format":"standard","meta":{"footnotes":""},"categories":[2],"tags":[54,51],"class_list":["post-8290","post","type-post","status-publish","format-standard","has-post-thumbnail","hentry","category-news","tag-christian-horner","tag-red-bull-racing"],"yoast_head":"<!-- This site is optimized with the Yoast SEO plugin v27.5 - https:\/\/yoast.com\/product\/yoast-seo-wordpress\/ -->\n<title>Red Bull-un z\u0259ifl\u0259m\u0259 s\u0259b\u0259bi m\u0259lumdur - X\u0259b\u0259ri Kokpitd\u0259 Oxuyun!<\/title>\n<meta name=\"robots\" content=\"index, follow, max-snippet:-1, max-image-preview:large, max-video-preview:-1\" \/>\n<link rel=\"canonical\" href=\"https:\/\/kokpit.az\/?p=8290\" \/>\n<meta property=\"og:locale\" content=\"az_AZ\" \/>\n<meta property=\"og:type\" content=\"article\" \/>\n<meta property=\"og:title\" content=\"Red Bull-un z\u0259ifl\u0259m\u0259 s\u0259b\u0259bi m\u0259lumdur - X\u0259b\u0259ri Kokpitd\u0259 Oxuyun!\" \/>\n<meta property=\"og:description\" content=\"Red Bull komandas\u0131 m\u00f6vs\u00fcm\u0259 yax\u015f\u0131 ba\u015flasa da, \u00c7in yar\u0131\u015f\u0131ndan sonra z\u0259ifl\u0259m\u0259y\u0259 ba\u015flay\u0131b. Komandan\u0131n r\u0259hb\u0259ri Kristian Horner \u00a0d\u00fc\u015f\u00fcn\u00fcr ki, geril\u0259m\u0259nin s\u0259b\u0259bi \u00f6n qanad dizayn\u0131 ola bil\u0259r.\u00a0\" \/>\n<meta property=\"og:url\" content=\"https:\/\/kokpit.az\/?p=8290\" \/>\n<meta property=\"og:site_name\" content=\"X\u0259b\u0259ri Kokpitd\u0259 Oxuyun!\" \/>\n<meta property=\"article:publisher\" content=\"https:\/\/www.facebook.com\/profile.php?id=61553756392357\" \/>\n<meta property=\"article:published_time\" content=\"2024-08-30T06:45:47+00:00\" \/>\n<meta property=\"og:image\" content=\"https:\/\/kokpit.az\/wp-content\/uploads\/2024\/08\/car-of-max-verstappen-red-bull-2-e1725000247963.webp\" \/>\n\t<meta property=\"og:image:width\" content=\"1200\" \/>\n\t<meta property=\"og:image:height\" content=\"630\" \/>\n\t<meta property=\"og:image:type\" content=\"image\/webp\" \/>\n<meta name=\"author\" content=\"Rauf Hac\u0131yev\" \/>\n<meta name=\"twitter:card\" content=\"summary_large_image\" \/>\n<meta name=\"twitter:label1\" content=\"Written by\" \/>\n\t<meta name=\"twitter:data1\" content=\"Rauf Hac\u0131yev\" \/>\n\t<meta name=\"twitter:label2\" content=\"Est. reading time\" \/>\n\t<meta name=\"twitter:data2\" content=\"2 minutes\" \/>\n<script type=\"application\/ld+json\" class=\"yoast-schema-graph\">{\"@context\":\"https:\\\/\\\/schema.org\",\"@graph\":[{\"@type\":\"Article\",\"@id\":\"https:\\\/\\\/kokpit.az\\\/?p=8290#article\",\"isPartOf\":{\"@id\":\"https:\\\/\\\/kokpit.az\\\/?p=8290\"},\"author\":{\"name\":\"Rauf Hac\u0131yev\",\"@id\":\"https:\\\/\\\/kokpit.az\\\/#\\\/schema\\\/person\\\/f4114e650bc2993d0650e4fb6933c581\"},\"headline\":\"Red Bull-un z\u0259ifl\u0259m\u0259 s\u0259b\u0259bi m\u0259lumdur\",\"datePublished\":\"2024-08-30T06:45:47+00:00\",\"mainEntityOfPage\":{\"@id\":\"https:\\\/\\\/kokpit.az\\\/?p=8290\"},\"wordCount\":427,\"commentCount\":0,\"publisher\":{\"@id\":\"https:\\\/\\\/kokpit.az\\\/#organization\"},\"image\":{\"@id\":\"https:\\\/\\\/kokpit.az\\\/?p=8290#primaryimage\"},\"thumbnailUrl\":\"https:\\\/\\\/kokpit.az\\\/wp-content\\\/uploads\\\/2024\\\/08\\\/car-of-max-verstappen-red-bull-2-e1725000247963.webp\",\"keywords\":[\"Christian Horner\",\"Red Bull Racing\"],\"articleSection\":[\"X\u0259b\u0259rl\u0259r\"],\"inLanguage\":\"az\",\"potentialAction\":[{\"@type\":\"CommentAction\",\"name\":\"Comment\",\"target\":[\"https:\\\/\\\/kokpit.az\\\/?p=8290#respond\"]}]},{\"@type\":\"WebPage\",\"@id\":\"https:\\\/\\\/kokpit.az\\\/?p=8290\",\"url\":\"https:\\\/\\\/kokpit.az\\\/?p=8290\",\"name\":\"Red Bull-un z\u0259ifl\u0259m\u0259 s\u0259b\u0259bi m\u0259lumdur - X\u0259b\u0259ri Kokpitd\u0259 Oxuyun!\",\"isPartOf\":{\"@id\":\"https:\\\/\\\/kokpit.az\\\/#website\"},\"primaryImageOfPage\":{\"@id\":\"https:\\\/\\\/kokpit.az\\\/?p=8290#primaryimage\"},\"image\":{\"@id\":\"https:\\\/\\\/kokpit.az\\\/?p=8290#primaryimage\"},\"thumbnailUrl\":\"https:\\\/\\\/kokpit.az\\\/wp-content\\\/uploads\\\/2024\\\/08\\\/car-of-max-verstappen-red-bull-2-e1725000247963.webp\",\"datePublished\":\"2024-08-30T06:45:47+00:00\",\"breadcrumb\":{\"@id\":\"https:\\\/\\\/kokpit.az\\\/?p=8290#breadcrumb\"},\"inLanguage\":\"az\",\"potentialAction\":[{\"@type\":\"ReadAction\",\"target\":[\"https:\\\/\\\/kokpit.az\\\/?p=8290\"]}]},{\"@type\":\"ImageObject\",\"inLanguage\":\"az\",\"@id\":\"https:\\\/\\\/kokpit.az\\\/?p=8290#primaryimage\",\"url\":\"https:\\\/\\\/kokpit.az\\\/wp-content\\\/uploads\\\/2024\\\/08\\\/car-of-max-verstappen-red-bull-2-e1725000247963.webp\",\"contentUrl\":\"https:\\\/\\\/kokpit.az\\\/wp-content\\\/uploads\\\/2024\\\/08\\\/car-of-max-verstappen-red-bull-2-e1725000247963.webp\",\"width\":1200,\"height\":630},{\"@type\":\"BreadcrumbList\",\"@id\":\"https:\\\/\\\/kokpit.az\\\/?p=8290#breadcrumb\",\"itemListElement\":[{\"@type\":\"ListItem\",\"position\":1,\"name\":\"Home\",\"item\":\"https:\\\/\\\/kokpit.az\\\/\"},{\"@type\":\"ListItem\",\"position\":2,\"name\":\"Red Bull-un z\u0259ifl\u0259m\u0259 s\u0259b\u0259bi m\u0259lumdur\"}]},{\"@type\":\"WebSite\",\"@id\":\"https:\\\/\\\/kokpit.az\\\/#website\",\"url\":\"https:\\\/\\\/kokpit.az\\\/\",\"name\":\"X\u0259b\u0259ri Kokpitd\u0259 Oxuyun!\",\"description\":\"\",\"publisher\":{\"@id\":\"https:\\\/\\\/kokpit.az\\\/#organization\"},\"potentialAction\":[{\"@type\":\"SearchAction\",\"target\":{\"@type\":\"EntryPoint\",\"urlTemplate\":\"https:\\\/\\\/kokpit.az\\\/?s={search_term_string}\"},\"query-input\":{\"@type\":\"PropertyValueSpecification\",\"valueRequired\":true,\"valueName\":\"search_term_string\"}}],\"inLanguage\":\"az\"},{\"@type\":\"Organization\",\"@id\":\"https:\\\/\\\/kokpit.az\\\/#organization\",\"name\":\"X\u0259b\u0259ri Kokpitd\u0259 Oxuyun!\",\"url\":\"https:\\\/\\\/kokpit.az\\\/\",\"logo\":{\"@type\":\"ImageObject\",\"inLanguage\":\"az\",\"@id\":\"https:\\\/\\\/kokpit.az\\\/#\\\/schema\\\/logo\\\/image\\\/\",\"url\":\"https:\\\/\\\/kokpit.az\\\/wp-content\\\/uploads\\\/2023\\\/05\\\/kokpit.jpg\",\"contentUrl\":\"https:\\\/\\\/kokpit.az\\\/wp-content\\\/uploads\\\/2023\\\/05\\\/kokpit.jpg\",\"width\":488,\"height\":245,\"caption\":\"X\u0259b\u0259ri Kokpitd\u0259 Oxuyun!\"},\"image\":{\"@id\":\"https:\\\/\\\/kokpit.az\\\/#\\\/schema\\\/logo\\\/image\\\/\"},\"sameAs\":[\"https:\\\/\\\/www.facebook.com\\\/profile.php?id=61553756392357\"]},{\"@type\":\"Person\",\"@id\":\"https:\\\/\\\/kokpit.az\\\/#\\\/schema\\\/person\\\/f4114e650bc2993d0650e4fb6933c581\",\"name\":\"Rauf Hac\u0131yev\",\"image\":{\"@type\":\"ImageObject\",\"inLanguage\":\"az\",\"@id\":\"https:\\\/\\\/secure.gravatar.com\\\/avatar\\\/394a2085c47c7acdcf41f7d270b7cbb52513d6f4f24c1cb6dfbbd61f98c0503d?s=96&d=mm&r=g\",\"url\":\"https:\\\/\\\/secure.gravatar.com\\\/avatar\\\/394a2085c47c7acdcf41f7d270b7cbb52513d6f4f24c1cb6dfbbd61f98c0503d?s=96&d=mm&r=g\",\"contentUrl\":\"https:\\\/\\\/secure.gravatar.com\\\/avatar\\\/394a2085c47c7acdcf41f7d270b7cbb52513d6f4f24c1cb6dfbbd61f98c0503d?s=96&d=mm&r=g\",\"caption\":\"Rauf Hac\u0131yev\"},\"sameAs\":[\"https:\\\/\\\/kokpit.az\"],\"url\":\"https:\\\/\\\/kokpit.az\\\/?author=2\"}]}<\/script>\n<!-- \/ Yoast SEO plugin. -->","yoast_head_json":{"title":"Red Bull-un z\u0259ifl\u0259m\u0259 s\u0259b\u0259bi m\u0259lumdur - X\u0259b\u0259ri Kokpitd\u0259 Oxuyun!","robots":{"index":"index","follow":"follow","max-snippet":"max-snippet:-1","max-image-preview":"max-image-preview:large","max-video-preview":"max-video-preview:-1"},"canonical":"https:\/\/kokpit.az\/?p=8290","og_locale":"az_AZ","og_type":"article","og_title":"Red Bull-un z\u0259ifl\u0259m\u0259 s\u0259b\u0259bi m\u0259lumdur - X\u0259b\u0259ri Kokpitd\u0259 Oxuyun!","og_description":"Red Bull komandas\u0131 m\u00f6vs\u00fcm\u0259 yax\u015f\u0131 ba\u015flasa da, \u00c7in yar\u0131\u015f\u0131ndan sonra z\u0259ifl\u0259m\u0259y\u0259 ba\u015flay\u0131b. Komandan\u0131n r\u0259hb\u0259ri Kristian Horner \u00a0d\u00fc\u015f\u00fcn\u00fcr ki, geril\u0259m\u0259nin s\u0259b\u0259bi \u00f6n qanad dizayn\u0131 ola bil\u0259r.\u00a0","og_url":"https:\/\/kokpit.az\/?p=8290","og_site_name":"X\u0259b\u0259ri Kokpitd\u0259 Oxuyun!","article_publisher":"https:\/\/www.facebook.com\/profile.php?id=61553756392357","article_published_time":"2024-08-30T06:45:47+00:00","og_image":[{"width":1200,"height":630,"url":"https:\/\/kokpit.az\/wp-content\/uploads\/2024\/08\/car-of-max-verstappen-red-bull-2-e1725000247963.webp","type":"image\/webp"}],"author":"Rauf Hac\u0131yev","twitter_card":"summary_large_image","twitter_misc":{"Written by":"Rauf Hac\u0131yev","Est. reading time":"2 minutes"},"schema":{"@context":"https:\/\/schema.org","@graph":[{"@type":"Article","@id":"https:\/\/kokpit.az\/?p=8290#article","isPartOf":{"@id":"https:\/\/kokpit.az\/?p=8290"},"author":{"name":"Rauf Hac\u0131yev","@id":"https:\/\/kokpit.az\/#\/schema\/person\/f4114e650bc2993d0650e4fb6933c581"},"headline":"Red Bull-un z\u0259ifl\u0259m\u0259 s\u0259b\u0259bi m\u0259lumdur","datePublished":"2024-08-30T06:45:47+00:00","mainEntityOfPage":{"@id":"https:\/\/kokpit.az\/?p=8290"},"wordCount":427,"commentCount":0,"publisher":{"@id":"https:\/\/kokpit.az\/#organization"},"image":{"@id":"https:\/\/kokpit.az\/?p=8290#primaryimage"},"thumbnailUrl":"https:\/\/kokpit.az\/wp-content\/uploads\/2024\/08\/car-of-max-verstappen-red-bull-2-e1725000247963.webp","keywords":["Christian Horner","Red Bull Racing"],"articleSection":["X\u0259b\u0259rl\u0259r"],"inLanguage":"az","potentialAction":[{"@type":"CommentAction","name":"Comment","target":["https:\/\/kokpit.az\/?p=8290#respond"]}]},{"@type":"WebPage","@id":"https:\/\/kokpit.az\/?p=8290","url":"https:\/\/kokpit.az\/?p=8290","name":"Red Bull-un z\u0259ifl\u0259m\u0259 s\u0259b\u0259bi m\u0259lumdur - X\u0259b\u0259ri Kokpitd\u0259 Oxuyun!","isPartOf":{"@id":"https:\/\/kokpit.az\/#website"},"primaryImageOfPage":{"@id":"https:\/\/kokpit.az\/?p=8290#primaryimage"},"image":{"@id":"https:\/\/kokpit.az\/?p=8290#primaryimage"},"thumbnailUrl":"https:\/\/kokpit.az\/wp-content\/uploads\/2024\/08\/car-of-max-verstappen-red-bull-2-e1725000247963.webp","datePublished":"2024-08-30T06:45:47+00:00","breadcrumb":{"@id":"https:\/\/kokpit.az\/?p=8290#breadcrumb"},"inLanguage":"az","potentialAction":[{"@type":"ReadAction","target":["https:\/\/kokpit.az\/?p=8290"]}]},{"@type":"ImageObject","inLanguage":"az","@id":"https:\/\/kokpit.az\/?p=8290#primaryimage","url":"https:\/\/kokpit.az\/wp-content\/uploads\/2024\/08\/car-of-max-verstappen-red-bull-2-e1725000247963.webp","contentUrl":"https:\/\/kokpit.az\/wp-content\/uploads\/2024\/08\/car-of-max-verstappen-red-bull-2-e1725000247963.webp","width":1200,"height":630},{"@type":"BreadcrumbList","@id":"https:\/\/kokpit.az\/?p=8290#breadcrumb","itemListElement":[{"@type":"ListItem","position":1,"name":"Home","item":"https:\/\/kokpit.az\/"},{"@type":"ListItem","position":2,"name":"Red Bull-un z\u0259ifl\u0259m\u0259 s\u0259b\u0259bi m\u0259lumdur"}]},{"@type":"WebSite","@id":"https:\/\/kokpit.az\/#website","url":"https:\/\/kokpit.az\/","name":"X\u0259b\u0259ri Kokpitd\u0259 Oxuyun!","description":"","publisher":{"@id":"https:\/\/kokpit.az\/#organization"},"potentialAction":[{"@type":"SearchAction","target":{"@type":"EntryPoint","urlTemplate":"https:\/\/kokpit.az\/?s={search_term_string}"},"query-input":{"@type":"PropertyValueSpecification","valueRequired":true,"valueName":"search_term_string"}}],"inLanguage":"az"},{"@type":"Organization","@id":"https:\/\/kokpit.az\/#organization","name":"X\u0259b\u0259ri Kokpitd\u0259 Oxuyun!","url":"https:\/\/kokpit.az\/","logo":{"@type":"ImageObject","inLanguage":"az","@id":"https:\/\/kokpit.az\/#\/schema\/logo\/image\/","url":"https:\/\/kokpit.az\/wp-content\/uploads\/2023\/05\/kokpit.jpg","contentUrl":"https:\/\/kokpit.az\/wp-content\/uploads\/2023\/05\/kokpit.jpg","width":488,"height":245,"caption":"X\u0259b\u0259ri Kokpitd\u0259 Oxuyun!"},"image":{"@id":"https:\/\/kokpit.az\/#\/schema\/logo\/image\/"},"sameAs":["https:\/\/www.facebook.com\/profile.php?id=61553756392357"]},{"@type":"Person","@id":"https:\/\/kokpit.az\/#\/schema\/person\/f4114e650bc2993d0650e4fb6933c581","name":"Rauf Hac\u0131yev","image":{"@type":"ImageObject","inLanguage":"az","@id":"https:\/\/secure.gravatar.com\/avatar\/394a2085c47c7acdcf41f7d270b7cbb52513d6f4f24c1cb6dfbbd61f98c0503d?s=96&d=mm&r=g","url":"https:\/\/secure.gravatar.com\/avatar\/394a2085c47c7acdcf41f7d270b7cbb52513d6f4f24c1cb6dfbbd61f98c0503d?s=96&d=mm&r=g","contentUrl":"https:\/\/secure.gravatar.com\/avatar\/394a2085c47c7acdcf41f7d270b7cbb52513d6f4f24c1cb6dfbbd61f98c0503d?s=96&d=mm&r=g","caption":"Rauf Hac\u0131yev"},"sameAs":["https:\/\/kokpit.az"],"url":"https:\/\/kokpit.az\/?author=2"}]}},"_links":{"self":[{"href":"https:\/\/kokpit.az\/index.php?rest_route=\/wp\/v2\/posts\/8290","targetHints":{"allow":["GET"]}}],"collection":[{"href":"https:\/\/kokpit.az\/index.php?rest_route=\/wp\/v2\/posts"}],"about":[{"href":"https:\/\/kokpit.az\/index.php?rest_route=\/wp\/v2\/types\/post"}],"author":[{"embeddable":true,"href":"https:\/\/kokpit.az\/index.php?rest_route=\/wp\/v2\/users\/2"}],"replies":[{"embeddable":true,"href":"https:\/\/kokpit.az\/index.php?rest_route=%2Fwp%2Fv2%2Fcomments&post=8290"}],"version-history":[{"count":1,"href":"https:\/\/kokpit.az\/index.php?rest_route=\/wp\/v2\/posts\/8290\/revisions"}],"predecessor-version":[{"id":8295,"href":"https:\/\/kokpit.az\/index.php?rest_route=\/wp\/v2\/posts\/8290\/revisions\/8295"}],"wp:featuredmedia":[{"embeddable":true,"href":"https:\/\/kokpit.az\/index.php?rest_route=\/wp\/v2\/media\/8291"}],"wp:attachment":[{"href":"https:\/\/kokpit.az\/index.php?rest_route=%2Fwp%2Fv2%2Fmedia&parent=8290"}],"wp:term":[{"taxonomy":"category","embeddable":true,"href":"https:\/\/kokpit.az\/index.php?rest_route=%2Fwp%2Fv2%2Fcategories&post=8290"},{"taxonomy":"post_tag","embeddable":true,"href":"https:\/\/kokpit.az\/index.php?rest_route=%2Fwp%2Fv2%2Ftags&post=8290"}],"curies":[{"name":"wp","href":"https:\/\/api.w.org\/{rel}","templated":true}]}}