{"id":7737,"date":"2024-08-17T09:32:27","date_gmt":"2024-08-17T05:32:27","guid":{"rendered":"https:\/\/kokpit.az\/?p=7737"},"modified":"2024-08-17T09:32:27","modified_gmt":"2024-08-17T05:32:27","slug":"f-alonso-2025-ci-il%c9%99-fokuslanmaliyiq","status":"publish","type":"post","link":"https:\/\/kokpit.az\/?p=7737","title":{"rendered":"F.Alonso: 2025-ci il\u0259 fokuslanmal\u0131y\u0131q"},"content":{"rendered":"<div class=\"msnt-entity-header  pb-6 pt-4 t:pb-8 t:pt-0  \">\n<h1 class=\"text-h1 font-title font-bold uppercase text-fg-on-color t:text-fg-default mt-4 mb-4\"><span style=\"font-size: 16px;\">Kokpit.az xat\u0131rlad\u0131r ki, Aston Martin komandas\u0131 ke\u00e7\u0259n il\u0259 \u0259n s\u00fcr\u0259tli ikinci komanda kimi ba\u015flam\u0131\u015f v\u0259 Fernando Alonso il\u0259 ilk 8 yar\u0131\u015f\u0131n 6-da podium qazanm\u0131\u015fd\u0131. Lakin &#8220;ya\u015f\u0131llar&#8221; 2024-c\u00fc il\u0259 pis ba\u015flay\u0131blar v\u0259 haz\u0131rda turnir c\u0259dv\u0259lind\u0259 5-ci yerd\u0259dirl\u0259r.\u00a0<\/span><\/h1>\n<\/div>\n<p>\u0130kiqat D\u00fcnya \u00c7empionu Fernando Alonso komandan\u0131n qalan yar\u0131\u015flarda inki\u015fafa y\u00f6nl\u0259nm\u0259sini g\u00f6zl\u0259yir. \u0130spaniyal\u0131 s\u00fcr\u00fcc\u00fc bununla da 2025-ci il m\u00f6vs\u00fcm\u00fcnd\u0259 daha stabil v\u0259 daha yax\u015f\u0131 performans ist\u0259yir.<\/p>\n<p><span style=\"color: #008080;\"><strong>Fernando Alonso<\/strong><\/span> art\u0131q q\u0259bul edir ki, bu il ilk 4 komanda il\u0259 m\u00fcbariz\u0259 aparmaq m\u00fcmk\u00fcns\u00fczd\u00fcr, ancaq AMR24 inki\u015faf etdirilm\u0259lidir: &#8220;\u0130lk d\u00f6rd komanda haz\u0131rda \u0259l\u00e7atmazd\u0131rlar. Buna g\u00f6r\u0259 d\u0259 inki\u015faf\u0131m\u0131z\u0131 yax\u015f\u0131la\u015fd\u0131rmal\u0131 v\u0259 n\u00f6vb\u0259ti m\u00f6vs\u00fcm \u00fc\u00e7\u00fcn performans\u0131m\u0131z\u0131 g\u00fccl\u0259ndirm\u0259liyik.<\/p>\n<p>M\u0259qs\u0259dimiz v\u0259 m\u0259nim \u015f\u0259xsi arzum inki\u015faf prosesind\u0259 daha rahat y\u00f6n tapmaq v\u0259 q\u0131\u015f fasil\u0259sind\u0259n \u0259vv\u0259l n\u0259 ed\u0259c\u0259yimiz\u0259 dair daha \u00e7ox inam qazanmaqd\u0131r. Bel\u0259 ets\u0259k, 2025-ci il bizim \u00fc\u00e7\u00fcn normal il olar&#8221;.<\/p>\n","protected":false},"excerpt":{"rendered":"<p>Aston Martin komandas\u0131n\u0131n s\u00fcr\u00fcc\u00fcs\u00fc Fernando Alonso bildirib ki, onlar n\u00f6vb\u0259ti m\u00f6vs\u00fcmd\u0259 inki\u015fafa fokuslanmal\u0131 v\u0259 2025-ci il\u0259 daha yax\u015f\u0131 start verm\u0259lidirl\u0259r.<\/p>\n","protected":false},"author":2,"featured_media":7738,"comment_status":"open","ping_status":"open","sticky":false,"template":"","format":"standard","meta":{"footnotes":""},"categories":[2],"tags":[275,67],"class_list":["post-7737","post","type-post","status-publish","format-standard","has-post-thumbnail","hentry","category-news","tag-aston-martin-aramco-formula-1-team","tag-fernando-alonso"],"yoast_head":"<!-- This site is optimized with the Yoast SEO plugin v27.5 - https:\/\/yoast.com\/product\/yoast-seo-wordpress\/ -->\n<title>F.Alonso: 2025-ci il\u0259 fokuslanmal\u0131y\u0131q - X\u0259b\u0259ri Kokpitd\u0259 Oxuyun!<\/title>\n<meta name=\"robots\" content=\"index, follow, max-snippet:-1, max-image-preview:large, max-video-preview:-1\" \/>\n<link rel=\"canonical\" href=\"https:\/\/kokpit.az\/?p=7737\" \/>\n<meta property=\"og:locale\" content=\"az_AZ\" \/>\n<meta property=\"og:type\" content=\"article\" \/>\n<meta property=\"og:title\" content=\"F.Alonso: 2025-ci il\u0259 fokuslanmal\u0131y\u0131q - X\u0259b\u0259ri Kokpitd\u0259 Oxuyun!\" \/>\n<meta property=\"og:description\" content=\"Aston Martin komandas\u0131n\u0131n s\u00fcr\u00fcc\u00fcs\u00fc Fernando Alonso bildirib ki, onlar n\u00f6vb\u0259ti m\u00f6vs\u00fcmd\u0259 inki\u015fafa fokuslanmal\u0131 v\u0259 2025-ci il\u0259 daha yax\u015f\u0131 start verm\u0259lidirl\u0259r.\" \/>\n<meta property=\"og:url\" content=\"https:\/\/kokpit.az\/?p=7737\" \/>\n<meta property=\"og:site_name\" content=\"X\u0259b\u0259ri Kokpitd\u0259 Oxuyun!\" \/>\n<meta property=\"article:publisher\" content=\"https:\/\/www.facebook.com\/profile.php?id=61553756392357\" \/>\n<meta property=\"article:published_time\" content=\"2024-08-17T05:32:27+00:00\" \/>\n<meta property=\"og:image\" content=\"https:\/\/kokpit.az\/wp-content\/uploads\/2024\/08\/fernando-alonso-aston-martin-f-4-e1723872741322.webp\" \/>\n\t<meta property=\"og:image:width\" content=\"1200\" \/>\n\t<meta property=\"og:image:height\" content=\"630\" \/>\n\t<meta property=\"og:image:type\" content=\"image\/webp\" \/>\n<meta name=\"author\" content=\"Rauf Hac\u0131yev\" \/>\n<meta name=\"twitter:card\" content=\"summary_large_image\" \/>\n<meta name=\"twitter:label1\" content=\"Written by\" \/>\n\t<meta name=\"twitter:data1\" content=\"Rauf Hac\u0131yev\" \/>\n\t<meta name=\"twitter:label2\" content=\"Est. reading time\" \/>\n\t<meta name=\"twitter:data2\" content=\"1 minute\" \/>\n<script type=\"application\/ld+json\" class=\"yoast-schema-graph\">{\"@context\":\"https:\\\/\\\/schema.org\",\"@graph\":[{\"@type\":\"Article\",\"@id\":\"https:\\\/\\\/kokpit.az\\\/?p=7737#article\",\"isPartOf\":{\"@id\":\"https:\\\/\\\/kokpit.az\\\/?p=7737\"},\"author\":{\"name\":\"Rauf Hac\u0131yev\",\"@id\":\"https:\\\/\\\/kokpit.az\\\/#\\\/schema\\\/person\\\/f4114e650bc2993d0650e4fb6933c581\"},\"headline\":\"F.Alonso: 2025-ci il\u0259 fokuslanmal\u0131y\u0131q\",\"datePublished\":\"2024-08-17T05:32:27+00:00\",\"mainEntityOfPage\":{\"@id\":\"https:\\\/\\\/kokpit.az\\\/?p=7737\"},\"wordCount\":205,\"commentCount\":0,\"publisher\":{\"@id\":\"https:\\\/\\\/kokpit.az\\\/#organization\"},\"image\":{\"@id\":\"https:\\\/\\\/kokpit.az\\\/?p=7737#primaryimage\"},\"thumbnailUrl\":\"https:\\\/\\\/kokpit.az\\\/wp-content\\\/uploads\\\/2024\\\/08\\\/fernando-alonso-aston-martin-f-4-e1723872741322.webp\",\"keywords\":[\"Aston Martin Aramco Formula 1 Team\",\"Fernando Alonso\"],\"articleSection\":[\"X\u0259b\u0259rl\u0259r\"],\"inLanguage\":\"az\",\"potentialAction\":[{\"@type\":\"CommentAction\",\"name\":\"Comment\",\"target\":[\"https:\\\/\\\/kokpit.az\\\/?p=7737#respond\"]}]},{\"@type\":\"WebPage\",\"@id\":\"https:\\\/\\\/kokpit.az\\\/?p=7737\",\"url\":\"https:\\\/\\\/kokpit.az\\\/?p=7737\",\"name\":\"F.Alonso: 2025-ci il\u0259 fokuslanmal\u0131y\u0131q - X\u0259b\u0259ri Kokpitd\u0259 Oxuyun!\",\"isPartOf\":{\"@id\":\"https:\\\/\\\/kokpit.az\\\/#website\"},\"primaryImageOfPage\":{\"@id\":\"https:\\\/\\\/kokpit.az\\\/?p=7737#primaryimage\"},\"image\":{\"@id\":\"https:\\\/\\\/kokpit.az\\\/?p=7737#primaryimage\"},\"thumbnailUrl\":\"https:\\\/\\\/kokpit.az\\\/wp-content\\\/uploads\\\/2024\\\/08\\\/fernando-alonso-aston-martin-f-4-e1723872741322.webp\",\"datePublished\":\"2024-08-17T05:32:27+00:00\",\"breadcrumb\":{\"@id\":\"https:\\\/\\\/kokpit.az\\\/?p=7737#breadcrumb\"},\"inLanguage\":\"az\",\"potentialAction\":[{\"@type\":\"ReadAction\",\"target\":[\"https:\\\/\\\/kokpit.az\\\/?p=7737\"]}]},{\"@type\":\"ImageObject\",\"inLanguage\":\"az\",\"@id\":\"https:\\\/\\\/kokpit.az\\\/?p=7737#primaryimage\",\"url\":\"https:\\\/\\\/kokpit.az\\\/wp-content\\\/uploads\\\/2024\\\/08\\\/fernando-alonso-aston-martin-f-4-e1723872741322.webp\",\"contentUrl\":\"https:\\\/\\\/kokpit.az\\\/wp-content\\\/uploads\\\/2024\\\/08\\\/fernando-alonso-aston-martin-f-4-e1723872741322.webp\",\"width\":1200,\"height\":630},{\"@type\":\"BreadcrumbList\",\"@id\":\"https:\\\/\\\/kokpit.az\\\/?p=7737#breadcrumb\",\"itemListElement\":[{\"@type\":\"ListItem\",\"position\":1,\"name\":\"Home\",\"item\":\"https:\\\/\\\/kokpit.az\\\/\"},{\"@type\":\"ListItem\",\"position\":2,\"name\":\"F.Alonso: 2025-ci il\u0259 fokuslanmal\u0131y\u0131q\"}]},{\"@type\":\"WebSite\",\"@id\":\"https:\\\/\\\/kokpit.az\\\/#website\",\"url\":\"https:\\\/\\\/kokpit.az\\\/\",\"name\":\"X\u0259b\u0259ri Kokpitd\u0259 Oxuyun!\",\"description\":\"\",\"publisher\":{\"@id\":\"https:\\\/\\\/kokpit.az\\\/#organization\"},\"potentialAction\":[{\"@type\":\"SearchAction\",\"target\":{\"@type\":\"EntryPoint\",\"urlTemplate\":\"https:\\\/\\\/kokpit.az\\\/?s={search_term_string}\"},\"query-input\":{\"@type\":\"PropertyValueSpecification\",\"valueRequired\":true,\"valueName\":\"search_term_string\"}}],\"inLanguage\":\"az\"},{\"@type\":\"Organization\",\"@id\":\"https:\\\/\\\/kokpit.az\\\/#organization\",\"name\":\"X\u0259b\u0259ri Kokpitd\u0259 Oxuyun!\",\"url\":\"https:\\\/\\\/kokpit.az\\\/\",\"logo\":{\"@type\":\"ImageObject\",\"inLanguage\":\"az\",\"@id\":\"https:\\\/\\\/kokpit.az\\\/#\\\/schema\\\/logo\\\/image\\\/\",\"url\":\"https:\\\/\\\/kokpit.az\\\/wp-content\\\/uploads\\\/2023\\\/05\\\/kokpit.jpg\",\"contentUrl\":\"https:\\\/\\\/kokpit.az\\\/wp-content\\\/uploads\\\/2023\\\/05\\\/kokpit.jpg\",\"width\":488,\"height\":245,\"caption\":\"X\u0259b\u0259ri Kokpitd\u0259 Oxuyun!\"},\"image\":{\"@id\":\"https:\\\/\\\/kokpit.az\\\/#\\\/schema\\\/logo\\\/image\\\/\"},\"sameAs\":[\"https:\\\/\\\/www.facebook.com\\\/profile.php?id=61553756392357\"]},{\"@type\":\"Person\",\"@id\":\"https:\\\/\\\/kokpit.az\\\/#\\\/schema\\\/person\\\/f4114e650bc2993d0650e4fb6933c581\",\"name\":\"Rauf Hac\u0131yev\",\"image\":{\"@type\":\"ImageObject\",\"inLanguage\":\"az\",\"@id\":\"https:\\\/\\\/secure.gravatar.com\\\/avatar\\\/394a2085c47c7acdcf41f7d270b7cbb52513d6f4f24c1cb6dfbbd61f98c0503d?s=96&d=mm&r=g\",\"url\":\"https:\\\/\\\/secure.gravatar.com\\\/avatar\\\/394a2085c47c7acdcf41f7d270b7cbb52513d6f4f24c1cb6dfbbd61f98c0503d?s=96&d=mm&r=g\",\"contentUrl\":\"https:\\\/\\\/secure.gravatar.com\\\/avatar\\\/394a2085c47c7acdcf41f7d270b7cbb52513d6f4f24c1cb6dfbbd61f98c0503d?s=96&d=mm&r=g\",\"caption\":\"Rauf Hac\u0131yev\"},\"sameAs\":[\"https:\\\/\\\/kokpit.az\"],\"url\":\"https:\\\/\\\/kokpit.az\\\/?author=2\"}]}<\/script>\n<!-- \/ Yoast SEO plugin. -->","yoast_head_json":{"title":"F.Alonso: 2025-ci il\u0259 fokuslanmal\u0131y\u0131q - X\u0259b\u0259ri Kokpitd\u0259 Oxuyun!","robots":{"index":"index","follow":"follow","max-snippet":"max-snippet:-1","max-image-preview":"max-image-preview:large","max-video-preview":"max-video-preview:-1"},"canonical":"https:\/\/kokpit.az\/?p=7737","og_locale":"az_AZ","og_type":"article","og_title":"F.Alonso: 2025-ci il\u0259 fokuslanmal\u0131y\u0131q - X\u0259b\u0259ri Kokpitd\u0259 Oxuyun!","og_description":"Aston Martin komandas\u0131n\u0131n s\u00fcr\u00fcc\u00fcs\u00fc Fernando Alonso bildirib ki, onlar n\u00f6vb\u0259ti m\u00f6vs\u00fcmd\u0259 inki\u015fafa fokuslanmal\u0131 v\u0259 2025-ci il\u0259 daha yax\u015f\u0131 start verm\u0259lidirl\u0259r.","og_url":"https:\/\/kokpit.az\/?p=7737","og_site_name":"X\u0259b\u0259ri Kokpitd\u0259 Oxuyun!","article_publisher":"https:\/\/www.facebook.com\/profile.php?id=61553756392357","article_published_time":"2024-08-17T05:32:27+00:00","og_image":[{"width":1200,"height":630,"url":"https:\/\/kokpit.az\/wp-content\/uploads\/2024\/08\/fernando-alonso-aston-martin-f-4-e1723872741322.webp","type":"image\/webp"}],"author":"Rauf Hac\u0131yev","twitter_card":"summary_large_image","twitter_misc":{"Written by":"Rauf Hac\u0131yev","Est. reading time":"1 minute"},"schema":{"@context":"https:\/\/schema.org","@graph":[{"@type":"Article","@id":"https:\/\/kokpit.az\/?p=7737#article","isPartOf":{"@id":"https:\/\/kokpit.az\/?p=7737"},"author":{"name":"Rauf Hac\u0131yev","@id":"https:\/\/kokpit.az\/#\/schema\/person\/f4114e650bc2993d0650e4fb6933c581"},"headline":"F.Alonso: 2025-ci il\u0259 fokuslanmal\u0131y\u0131q","datePublished":"2024-08-17T05:32:27+00:00","mainEntityOfPage":{"@id":"https:\/\/kokpit.az\/?p=7737"},"wordCount":205,"commentCount":0,"publisher":{"@id":"https:\/\/kokpit.az\/#organization"},"image":{"@id":"https:\/\/kokpit.az\/?p=7737#primaryimage"},"thumbnailUrl":"https:\/\/kokpit.az\/wp-content\/uploads\/2024\/08\/fernando-alonso-aston-martin-f-4-e1723872741322.webp","keywords":["Aston Martin Aramco Formula 1 Team","Fernando Alonso"],"articleSection":["X\u0259b\u0259rl\u0259r"],"inLanguage":"az","potentialAction":[{"@type":"CommentAction","name":"Comment","target":["https:\/\/kokpit.az\/?p=7737#respond"]}]},{"@type":"WebPage","@id":"https:\/\/kokpit.az\/?p=7737","url":"https:\/\/kokpit.az\/?p=7737","name":"F.Alonso: 2025-ci il\u0259 fokuslanmal\u0131y\u0131q - X\u0259b\u0259ri Kokpitd\u0259 Oxuyun!","isPartOf":{"@id":"https:\/\/kokpit.az\/#website"},"primaryImageOfPage":{"@id":"https:\/\/kokpit.az\/?p=7737#primaryimage"},"image":{"@id":"https:\/\/kokpit.az\/?p=7737#primaryimage"},"thumbnailUrl":"https:\/\/kokpit.az\/wp-content\/uploads\/2024\/08\/fernando-alonso-aston-martin-f-4-e1723872741322.webp","datePublished":"2024-08-17T05:32:27+00:00","breadcrumb":{"@id":"https:\/\/kokpit.az\/?p=7737#breadcrumb"},"inLanguage":"az","potentialAction":[{"@type":"ReadAction","target":["https:\/\/kokpit.az\/?p=7737"]}]},{"@type":"ImageObject","inLanguage":"az","@id":"https:\/\/kokpit.az\/?p=7737#primaryimage","url":"https:\/\/kokpit.az\/wp-content\/uploads\/2024\/08\/fernando-alonso-aston-martin-f-4-e1723872741322.webp","contentUrl":"https:\/\/kokpit.az\/wp-content\/uploads\/2024\/08\/fernando-alonso-aston-martin-f-4-e1723872741322.webp","width":1200,"height":630},{"@type":"BreadcrumbList","@id":"https:\/\/kokpit.az\/?p=7737#breadcrumb","itemListElement":[{"@type":"ListItem","position":1,"name":"Home","item":"https:\/\/kokpit.az\/"},{"@type":"ListItem","position":2,"name":"F.Alonso: 2025-ci il\u0259 fokuslanmal\u0131y\u0131q"}]},{"@type":"WebSite","@id":"https:\/\/kokpit.az\/#website","url":"https:\/\/kokpit.az\/","name":"X\u0259b\u0259ri Kokpitd\u0259 Oxuyun!","description":"","publisher":{"@id":"https:\/\/kokpit.az\/#organization"},"potentialAction":[{"@type":"SearchAction","target":{"@type":"EntryPoint","urlTemplate":"https:\/\/kokpit.az\/?s={search_term_string}"},"query-input":{"@type":"PropertyValueSpecification","valueRequired":true,"valueName":"search_term_string"}}],"inLanguage":"az"},{"@type":"Organization","@id":"https:\/\/kokpit.az\/#organization","name":"X\u0259b\u0259ri Kokpitd\u0259 Oxuyun!","url":"https:\/\/kokpit.az\/","logo":{"@type":"ImageObject","inLanguage":"az","@id":"https:\/\/kokpit.az\/#\/schema\/logo\/image\/","url":"https:\/\/kokpit.az\/wp-content\/uploads\/2023\/05\/kokpit.jpg","contentUrl":"https:\/\/kokpit.az\/wp-content\/uploads\/2023\/05\/kokpit.jpg","width":488,"height":245,"caption":"X\u0259b\u0259ri Kokpitd\u0259 Oxuyun!"},"image":{"@id":"https:\/\/kokpit.az\/#\/schema\/logo\/image\/"},"sameAs":["https:\/\/www.facebook.com\/profile.php?id=61553756392357"]},{"@type":"Person","@id":"https:\/\/kokpit.az\/#\/schema\/person\/f4114e650bc2993d0650e4fb6933c581","name":"Rauf Hac\u0131yev","image":{"@type":"ImageObject","inLanguage":"az","@id":"https:\/\/secure.gravatar.com\/avatar\/394a2085c47c7acdcf41f7d270b7cbb52513d6f4f24c1cb6dfbbd61f98c0503d?s=96&d=mm&r=g","url":"https:\/\/secure.gravatar.com\/avatar\/394a2085c47c7acdcf41f7d270b7cbb52513d6f4f24c1cb6dfbbd61f98c0503d?s=96&d=mm&r=g","contentUrl":"https:\/\/secure.gravatar.com\/avatar\/394a2085c47c7acdcf41f7d270b7cbb52513d6f4f24c1cb6dfbbd61f98c0503d?s=96&d=mm&r=g","caption":"Rauf Hac\u0131yev"},"sameAs":["https:\/\/kokpit.az"],"url":"https:\/\/kokpit.az\/?author=2"}]}},"_links":{"self":[{"href":"https:\/\/kokpit.az\/index.php?rest_route=\/wp\/v2\/posts\/7737","targetHints":{"allow":["GET"]}}],"collection":[{"href":"https:\/\/kokpit.az\/index.php?rest_route=\/wp\/v2\/posts"}],"about":[{"href":"https:\/\/kokpit.az\/index.php?rest_route=\/wp\/v2\/types\/post"}],"author":[{"embeddable":true,"href":"https:\/\/kokpit.az\/index.php?rest_route=\/wp\/v2\/users\/2"}],"replies":[{"embeddable":true,"href":"https:\/\/kokpit.az\/index.php?rest_route=%2Fwp%2Fv2%2Fcomments&post=7737"}],"version-history":[{"count":1,"href":"https:\/\/kokpit.az\/index.php?rest_route=\/wp\/v2\/posts\/7737\/revisions"}],"predecessor-version":[{"id":7739,"href":"https:\/\/kokpit.az\/index.php?rest_route=\/wp\/v2\/posts\/7737\/revisions\/7739"}],"wp:featuredmedia":[{"embeddable":true,"href":"https:\/\/kokpit.az\/index.php?rest_route=\/wp\/v2\/media\/7738"}],"wp:attachment":[{"href":"https:\/\/kokpit.az\/index.php?rest_route=%2Fwp%2Fv2%2Fmedia&parent=7737"}],"wp:term":[{"taxonomy":"category","embeddable":true,"href":"https:\/\/kokpit.az\/index.php?rest_route=%2Fwp%2Fv2%2Fcategories&post=7737"},{"taxonomy":"post_tag","embeddable":true,"href":"https:\/\/kokpit.az\/index.php?rest_route=%2Fwp%2Fv2%2Ftags&post=7737"}],"curies":[{"name":"wp","href":"https:\/\/api.w.org\/{rel}","templated":true}]}}