{"id":7722,"date":"2024-08-16T20:57:46","date_gmt":"2024-08-16T16:57:46","guid":{"rendered":"https:\/\/kokpit.az\/?p=7722"},"modified":"2024-08-17T08:15:49","modified_gmt":"2024-08-17T04:15:49","slug":"mercedes-ferstappend%c9%99n-%c9%99l-c%c9%99kmir","status":"publish","type":"post","link":"https:\/\/kokpit.az\/?p=7722","title":{"rendered":"Mercedes Ferstappend\u0259n \u0259l \u00e7\u0259kmir"},"content":{"rendered":"<div class=\"msnt-entity-header pb-6 pt-4 t:pb-8 t:pt-0 \">\n<h2 class=\"text-article-description font-title italic font text-fg-on-color t:text-fg-default\">Kokpit.az xat\u0131rlad\u0131r ki, niderlandl\u0131 s\u00fcr\u00fcc\u00fcn\u00fcn komandas\u0131 Red Bull il\u0259 2028-ci ilin sonuna q\u0259d\u0259r m\u00fcqavil\u0259si var. Lakin Mercedes v\u0259 Aston Martin komandalar\u0131 son 3 ilin D\u00fcnya \u00c7empionunu hey\u0259tin\u0259 qatmaqda israrl\u0131d\u0131rlar.<\/h2>\n<\/div>\n<p>Mercedes komandas\u0131n\u0131n r\u0259hb\u0259ri <strong>Toto Volff<\/strong> Maks Ferstappeni komandaya g\u0259tirm\u0259k \u00fc\u00e7\u00fcn \u0259lind\u0259n g\u0259l\u0259ni edir. Dig\u0259r t\u0259r\u0259fd\u0259n Aston Martin komandas\u0131 da 2026-c\u0131 ild\u0259 \u00fc\u00e7qat D\u00fcnya \u00c7empionunu g\u0259tirm\u0259k \u00fc\u00e7\u00fcn pul x\u0259rcl\u0259m\u0259y\u0259 raz\u0131d\u0131r. B\u0259zi iddialara g\u00f6r\u0259 is\u0259 26 ya\u015fl\u0131 Maks Mercedes-l\u0259 Red Bull-un 2025-ci ild\u0259ki m\u0259lumatlar\u0131n\u0131 m\u00fcqayis\u0259 ed\u0259r\u0259k son q\u0259rar\u0131 ver\u0259c\u0259k.<\/p>\n<p>Bu bar\u0259d\u0259 <strong>Formula 1 \u015f\u0259rh\u00e7isi<\/strong> <strong>Tom Klarkson<\/strong> bel\u0259 dan\u0131\u015f\u0131b: &#8220;Toto Volff Maks Ferstappeni n\u00f6vb\u0259ti m\u00f6vs\u00fcm komandaya g\u0259tirm\u0259k fikrind\u0259n h\u0259l\u0259 da\u015f\u0131nmay\u0131b. Red Bull v\u0259 Maks daha \u0259vv\u0259l bildirmi\u015fdil\u0259r ki, o 2025-ci ild\u0259 el\u0259 Red Bull-da qalacaq. Ancaq 2026-c\u0131 ild\u0259 i\u015fl\u0259r d\u0259yi\u015f\u0259 bil\u0259r.<\/p>\n<p>G\u0259l\u0259n il bu vaxtlar Maks Ferstappen Red Bull Powertrains-in n\u0259 ed\u0259c\u0259yini g\u00f6r\u0259c\u0259k. Daha sonra Mercedes komandas\u0131n\u0131n Britaniyadak\u0131 motor bazas\u0131na ged\u0259r\u0259k 2026-c\u0131 il \u00fc\u00e7\u00fcn \u0259n do\u011fru se\u00e7imi etm\u0259y\u0259 \u00e7al\u0131\u015facaq&#8221;.<\/p>\n","protected":false},"excerpt":{"rendered":"<p>Mercedes komandas\u0131 2025-ci il \u00fc\u00e7\u00fcn Maks Ferstappeni transfer etm\u0259k ist\u0259yir. Ancaq \u0259sl h\u0259d\u0259f 2026-c\u0131 il ola bil\u0259r.<\/p>\n","protected":false},"author":2,"featured_media":7723,"comment_status":"open","ping_status":"open","sticky":false,"template":"","format":"standard","meta":{"footnotes":""},"categories":[2],"tags":[56,52,591,60],"class_list":["post-7722","post","type-post","status-publish","format-standard","has-post-thumbnail","hentry","category-news","tag-max-verstappen","tag-mercedes-amg-petronas-f1-team","tag-tom-clarkson","tag-toto-wolff"],"yoast_head":"<!-- This site is optimized with the Yoast SEO plugin v27.5 - https:\/\/yoast.com\/product\/yoast-seo-wordpress\/ -->\n<title>Mercedes Ferstappend\u0259n \u0259l \u00e7\u0259kmir - X\u0259b\u0259ri Kokpitd\u0259 Oxuyun!<\/title>\n<meta name=\"robots\" content=\"index, follow, max-snippet:-1, max-image-preview:large, max-video-preview:-1\" \/>\n<link rel=\"canonical\" href=\"https:\/\/kokpit.az\/?p=7722\" \/>\n<meta property=\"og:locale\" content=\"az_AZ\" \/>\n<meta property=\"og:type\" content=\"article\" \/>\n<meta property=\"og:title\" content=\"Mercedes Ferstappend\u0259n \u0259l \u00e7\u0259kmir - X\u0259b\u0259ri Kokpitd\u0259 Oxuyun!\" \/>\n<meta property=\"og:description\" content=\"Mercedes komandas\u0131 2025-ci il \u00fc\u00e7\u00fcn Maks Ferstappeni transfer etm\u0259k ist\u0259yir. Ancaq \u0259sl h\u0259d\u0259f 2026-c\u0131 il ola bil\u0259r.\" \/>\n<meta property=\"og:url\" content=\"https:\/\/kokpit.az\/?p=7722\" \/>\n<meta property=\"og:site_name\" content=\"X\u0259b\u0259ri Kokpitd\u0259 Oxuyun!\" \/>\n<meta property=\"article:publisher\" content=\"https:\/\/www.facebook.com\/profile.php?id=61553756392357\" \/>\n<meta property=\"article:published_time\" content=\"2024-08-16T16:57:46+00:00\" \/>\n<meta property=\"article:modified_time\" content=\"2024-08-17T04:15:49+00:00\" \/>\n<meta property=\"og:image\" content=\"https:\/\/kokpit.az\/wp-content\/uploads\/2024\/08\/max-verstappen-red-bull-racing-14-e1723827461411.webp\" \/>\n\t<meta property=\"og:image:width\" content=\"1200\" \/>\n\t<meta property=\"og:image:height\" content=\"630\" \/>\n\t<meta property=\"og:image:type\" content=\"image\/webp\" \/>\n<meta name=\"author\" content=\"Rauf Hac\u0131yev\" \/>\n<meta name=\"twitter:card\" content=\"summary_large_image\" \/>\n<meta name=\"twitter:label1\" content=\"Written by\" \/>\n\t<meta name=\"twitter:data1\" content=\"Rauf Hac\u0131yev\" \/>\n\t<meta name=\"twitter:label2\" content=\"Est. reading time\" \/>\n\t<meta name=\"twitter:data2\" content=\"1 minute\" \/>\n<script type=\"application\/ld+json\" class=\"yoast-schema-graph\">{\"@context\":\"https:\\\/\\\/schema.org\",\"@graph\":[{\"@type\":\"Article\",\"@id\":\"https:\\\/\\\/kokpit.az\\\/?p=7722#article\",\"isPartOf\":{\"@id\":\"https:\\\/\\\/kokpit.az\\\/?p=7722\"},\"author\":{\"name\":\"Rauf Hac\u0131yev\",\"@id\":\"https:\\\/\\\/kokpit.az\\\/#\\\/schema\\\/person\\\/f4114e650bc2993d0650e4fb6933c581\"},\"headline\":\"Mercedes Ferstappend\u0259n \u0259l \u00e7\u0259kmir\",\"datePublished\":\"2024-08-16T16:57:46+00:00\",\"dateModified\":\"2024-08-17T04:15:49+00:00\",\"mainEntityOfPage\":{\"@id\":\"https:\\\/\\\/kokpit.az\\\/?p=7722\"},\"wordCount\":231,\"commentCount\":0,\"publisher\":{\"@id\":\"https:\\\/\\\/kokpit.az\\\/#organization\"},\"image\":{\"@id\":\"https:\\\/\\\/kokpit.az\\\/?p=7722#primaryimage\"},\"thumbnailUrl\":\"https:\\\/\\\/kokpit.az\\\/wp-content\\\/uploads\\\/2024\\\/08\\\/max-verstappen-red-bull-racing-14-e1723827461411.webp\",\"keywords\":[\"Max Verstappen\",\"Mercedes AMG Petronas F1 Team\",\"Tom Clarkson\",\"Toto Wolff\"],\"articleSection\":[\"X\u0259b\u0259rl\u0259r\"],\"inLanguage\":\"az\",\"potentialAction\":[{\"@type\":\"CommentAction\",\"name\":\"Comment\",\"target\":[\"https:\\\/\\\/kokpit.az\\\/?p=7722#respond\"]}]},{\"@type\":\"WebPage\",\"@id\":\"https:\\\/\\\/kokpit.az\\\/?p=7722\",\"url\":\"https:\\\/\\\/kokpit.az\\\/?p=7722\",\"name\":\"Mercedes Ferstappend\u0259n \u0259l \u00e7\u0259kmir - X\u0259b\u0259ri Kokpitd\u0259 Oxuyun!\",\"isPartOf\":{\"@id\":\"https:\\\/\\\/kokpit.az\\\/#website\"},\"primaryImageOfPage\":{\"@id\":\"https:\\\/\\\/kokpit.az\\\/?p=7722#primaryimage\"},\"image\":{\"@id\":\"https:\\\/\\\/kokpit.az\\\/?p=7722#primaryimage\"},\"thumbnailUrl\":\"https:\\\/\\\/kokpit.az\\\/wp-content\\\/uploads\\\/2024\\\/08\\\/max-verstappen-red-bull-racing-14-e1723827461411.webp\",\"datePublished\":\"2024-08-16T16:57:46+00:00\",\"dateModified\":\"2024-08-17T04:15:49+00:00\",\"breadcrumb\":{\"@id\":\"https:\\\/\\\/kokpit.az\\\/?p=7722#breadcrumb\"},\"inLanguage\":\"az\",\"potentialAction\":[{\"@type\":\"ReadAction\",\"target\":[\"https:\\\/\\\/kokpit.az\\\/?p=7722\"]}]},{\"@type\":\"ImageObject\",\"inLanguage\":\"az\",\"@id\":\"https:\\\/\\\/kokpit.az\\\/?p=7722#primaryimage\",\"url\":\"https:\\\/\\\/kokpit.az\\\/wp-content\\\/uploads\\\/2024\\\/08\\\/max-verstappen-red-bull-racing-14-e1723827461411.webp\",\"contentUrl\":\"https:\\\/\\\/kokpit.az\\\/wp-content\\\/uploads\\\/2024\\\/08\\\/max-verstappen-red-bull-racing-14-e1723827461411.webp\",\"width\":1200,\"height\":630},{\"@type\":\"BreadcrumbList\",\"@id\":\"https:\\\/\\\/kokpit.az\\\/?p=7722#breadcrumb\",\"itemListElement\":[{\"@type\":\"ListItem\",\"position\":1,\"name\":\"Home\",\"item\":\"https:\\\/\\\/kokpit.az\\\/\"},{\"@type\":\"ListItem\",\"position\":2,\"name\":\"Mercedes Ferstappend\u0259n \u0259l \u00e7\u0259kmir\"}]},{\"@type\":\"WebSite\",\"@id\":\"https:\\\/\\\/kokpit.az\\\/#website\",\"url\":\"https:\\\/\\\/kokpit.az\\\/\",\"name\":\"X\u0259b\u0259ri Kokpitd\u0259 Oxuyun!\",\"description\":\"\",\"publisher\":{\"@id\":\"https:\\\/\\\/kokpit.az\\\/#organization\"},\"potentialAction\":[{\"@type\":\"SearchAction\",\"target\":{\"@type\":\"EntryPoint\",\"urlTemplate\":\"https:\\\/\\\/kokpit.az\\\/?s={search_term_string}\"},\"query-input\":{\"@type\":\"PropertyValueSpecification\",\"valueRequired\":true,\"valueName\":\"search_term_string\"}}],\"inLanguage\":\"az\"},{\"@type\":\"Organization\",\"@id\":\"https:\\\/\\\/kokpit.az\\\/#organization\",\"name\":\"X\u0259b\u0259ri Kokpitd\u0259 Oxuyun!\",\"url\":\"https:\\\/\\\/kokpit.az\\\/\",\"logo\":{\"@type\":\"ImageObject\",\"inLanguage\":\"az\",\"@id\":\"https:\\\/\\\/kokpit.az\\\/#\\\/schema\\\/logo\\\/image\\\/\",\"url\":\"https:\\\/\\\/kokpit.az\\\/wp-content\\\/uploads\\\/2023\\\/05\\\/kokpit.jpg\",\"contentUrl\":\"https:\\\/\\\/kokpit.az\\\/wp-content\\\/uploads\\\/2023\\\/05\\\/kokpit.jpg\",\"width\":488,\"height\":245,\"caption\":\"X\u0259b\u0259ri Kokpitd\u0259 Oxuyun!\"},\"image\":{\"@id\":\"https:\\\/\\\/kokpit.az\\\/#\\\/schema\\\/logo\\\/image\\\/\"},\"sameAs\":[\"https:\\\/\\\/www.facebook.com\\\/profile.php?id=61553756392357\"]},{\"@type\":\"Person\",\"@id\":\"https:\\\/\\\/kokpit.az\\\/#\\\/schema\\\/person\\\/f4114e650bc2993d0650e4fb6933c581\",\"name\":\"Rauf Hac\u0131yev\",\"image\":{\"@type\":\"ImageObject\",\"inLanguage\":\"az\",\"@id\":\"https:\\\/\\\/secure.gravatar.com\\\/avatar\\\/394a2085c47c7acdcf41f7d270b7cbb52513d6f4f24c1cb6dfbbd61f98c0503d?s=96&d=mm&r=g\",\"url\":\"https:\\\/\\\/secure.gravatar.com\\\/avatar\\\/394a2085c47c7acdcf41f7d270b7cbb52513d6f4f24c1cb6dfbbd61f98c0503d?s=96&d=mm&r=g\",\"contentUrl\":\"https:\\\/\\\/secure.gravatar.com\\\/avatar\\\/394a2085c47c7acdcf41f7d270b7cbb52513d6f4f24c1cb6dfbbd61f98c0503d?s=96&d=mm&r=g\",\"caption\":\"Rauf Hac\u0131yev\"},\"sameAs\":[\"https:\\\/\\\/kokpit.az\"],\"url\":\"https:\\\/\\\/kokpit.az\\\/?author=2\"}]}<\/script>\n<!-- \/ Yoast SEO plugin. -->","yoast_head_json":{"title":"Mercedes Ferstappend\u0259n \u0259l \u00e7\u0259kmir - X\u0259b\u0259ri Kokpitd\u0259 Oxuyun!","robots":{"index":"index","follow":"follow","max-snippet":"max-snippet:-1","max-image-preview":"max-image-preview:large","max-video-preview":"max-video-preview:-1"},"canonical":"https:\/\/kokpit.az\/?p=7722","og_locale":"az_AZ","og_type":"article","og_title":"Mercedes Ferstappend\u0259n \u0259l \u00e7\u0259kmir - X\u0259b\u0259ri Kokpitd\u0259 Oxuyun!","og_description":"Mercedes komandas\u0131 2025-ci il \u00fc\u00e7\u00fcn Maks Ferstappeni transfer etm\u0259k ist\u0259yir. Ancaq \u0259sl h\u0259d\u0259f 2026-c\u0131 il ola bil\u0259r.","og_url":"https:\/\/kokpit.az\/?p=7722","og_site_name":"X\u0259b\u0259ri Kokpitd\u0259 Oxuyun!","article_publisher":"https:\/\/www.facebook.com\/profile.php?id=61553756392357","article_published_time":"2024-08-16T16:57:46+00:00","article_modified_time":"2024-08-17T04:15:49+00:00","og_image":[{"width":1200,"height":630,"url":"https:\/\/kokpit.az\/wp-content\/uploads\/2024\/08\/max-verstappen-red-bull-racing-14-e1723827461411.webp","type":"image\/webp"}],"author":"Rauf Hac\u0131yev","twitter_card":"summary_large_image","twitter_misc":{"Written by":"Rauf Hac\u0131yev","Est. reading time":"1 minute"},"schema":{"@context":"https:\/\/schema.org","@graph":[{"@type":"Article","@id":"https:\/\/kokpit.az\/?p=7722#article","isPartOf":{"@id":"https:\/\/kokpit.az\/?p=7722"},"author":{"name":"Rauf Hac\u0131yev","@id":"https:\/\/kokpit.az\/#\/schema\/person\/f4114e650bc2993d0650e4fb6933c581"},"headline":"Mercedes Ferstappend\u0259n \u0259l \u00e7\u0259kmir","datePublished":"2024-08-16T16:57:46+00:00","dateModified":"2024-08-17T04:15:49+00:00","mainEntityOfPage":{"@id":"https:\/\/kokpit.az\/?p=7722"},"wordCount":231,"commentCount":0,"publisher":{"@id":"https:\/\/kokpit.az\/#organization"},"image":{"@id":"https:\/\/kokpit.az\/?p=7722#primaryimage"},"thumbnailUrl":"https:\/\/kokpit.az\/wp-content\/uploads\/2024\/08\/max-verstappen-red-bull-racing-14-e1723827461411.webp","keywords":["Max Verstappen","Mercedes AMG Petronas F1 Team","Tom Clarkson","Toto Wolff"],"articleSection":["X\u0259b\u0259rl\u0259r"],"inLanguage":"az","potentialAction":[{"@type":"CommentAction","name":"Comment","target":["https:\/\/kokpit.az\/?p=7722#respond"]}]},{"@type":"WebPage","@id":"https:\/\/kokpit.az\/?p=7722","url":"https:\/\/kokpit.az\/?p=7722","name":"Mercedes Ferstappend\u0259n \u0259l \u00e7\u0259kmir - X\u0259b\u0259ri Kokpitd\u0259 Oxuyun!","isPartOf":{"@id":"https:\/\/kokpit.az\/#website"},"primaryImageOfPage":{"@id":"https:\/\/kokpit.az\/?p=7722#primaryimage"},"image":{"@id":"https:\/\/kokpit.az\/?p=7722#primaryimage"},"thumbnailUrl":"https:\/\/kokpit.az\/wp-content\/uploads\/2024\/08\/max-verstappen-red-bull-racing-14-e1723827461411.webp","datePublished":"2024-08-16T16:57:46+00:00","dateModified":"2024-08-17T04:15:49+00:00","breadcrumb":{"@id":"https:\/\/kokpit.az\/?p=7722#breadcrumb"},"inLanguage":"az","potentialAction":[{"@type":"ReadAction","target":["https:\/\/kokpit.az\/?p=7722"]}]},{"@type":"ImageObject","inLanguage":"az","@id":"https:\/\/kokpit.az\/?p=7722#primaryimage","url":"https:\/\/kokpit.az\/wp-content\/uploads\/2024\/08\/max-verstappen-red-bull-racing-14-e1723827461411.webp","contentUrl":"https:\/\/kokpit.az\/wp-content\/uploads\/2024\/08\/max-verstappen-red-bull-racing-14-e1723827461411.webp","width":1200,"height":630},{"@type":"BreadcrumbList","@id":"https:\/\/kokpit.az\/?p=7722#breadcrumb","itemListElement":[{"@type":"ListItem","position":1,"name":"Home","item":"https:\/\/kokpit.az\/"},{"@type":"ListItem","position":2,"name":"Mercedes Ferstappend\u0259n \u0259l \u00e7\u0259kmir"}]},{"@type":"WebSite","@id":"https:\/\/kokpit.az\/#website","url":"https:\/\/kokpit.az\/","name":"X\u0259b\u0259ri Kokpitd\u0259 Oxuyun!","description":"","publisher":{"@id":"https:\/\/kokpit.az\/#organization"},"potentialAction":[{"@type":"SearchAction","target":{"@type":"EntryPoint","urlTemplate":"https:\/\/kokpit.az\/?s={search_term_string}"},"query-input":{"@type":"PropertyValueSpecification","valueRequired":true,"valueName":"search_term_string"}}],"inLanguage":"az"},{"@type":"Organization","@id":"https:\/\/kokpit.az\/#organization","name":"X\u0259b\u0259ri Kokpitd\u0259 Oxuyun!","url":"https:\/\/kokpit.az\/","logo":{"@type":"ImageObject","inLanguage":"az","@id":"https:\/\/kokpit.az\/#\/schema\/logo\/image\/","url":"https:\/\/kokpit.az\/wp-content\/uploads\/2023\/05\/kokpit.jpg","contentUrl":"https:\/\/kokpit.az\/wp-content\/uploads\/2023\/05\/kokpit.jpg","width":488,"height":245,"caption":"X\u0259b\u0259ri Kokpitd\u0259 Oxuyun!"},"image":{"@id":"https:\/\/kokpit.az\/#\/schema\/logo\/image\/"},"sameAs":["https:\/\/www.facebook.com\/profile.php?id=61553756392357"]},{"@type":"Person","@id":"https:\/\/kokpit.az\/#\/schema\/person\/f4114e650bc2993d0650e4fb6933c581","name":"Rauf Hac\u0131yev","image":{"@type":"ImageObject","inLanguage":"az","@id":"https:\/\/secure.gravatar.com\/avatar\/394a2085c47c7acdcf41f7d270b7cbb52513d6f4f24c1cb6dfbbd61f98c0503d?s=96&d=mm&r=g","url":"https:\/\/secure.gravatar.com\/avatar\/394a2085c47c7acdcf41f7d270b7cbb52513d6f4f24c1cb6dfbbd61f98c0503d?s=96&d=mm&r=g","contentUrl":"https:\/\/secure.gravatar.com\/avatar\/394a2085c47c7acdcf41f7d270b7cbb52513d6f4f24c1cb6dfbbd61f98c0503d?s=96&d=mm&r=g","caption":"Rauf Hac\u0131yev"},"sameAs":["https:\/\/kokpit.az"],"url":"https:\/\/kokpit.az\/?author=2"}]}},"_links":{"self":[{"href":"https:\/\/kokpit.az\/index.php?rest_route=\/wp\/v2\/posts\/7722","targetHints":{"allow":["GET"]}}],"collection":[{"href":"https:\/\/kokpit.az\/index.php?rest_route=\/wp\/v2\/posts"}],"about":[{"href":"https:\/\/kokpit.az\/index.php?rest_route=\/wp\/v2\/types\/post"}],"author":[{"embeddable":true,"href":"https:\/\/kokpit.az\/index.php?rest_route=\/wp\/v2\/users\/2"}],"replies":[{"embeddable":true,"href":"https:\/\/kokpit.az\/index.php?rest_route=%2Fwp%2Fv2%2Fcomments&post=7722"}],"version-history":[{"count":1,"href":"https:\/\/kokpit.az\/index.php?rest_route=\/wp\/v2\/posts\/7722\/revisions"}],"predecessor-version":[{"id":7724,"href":"https:\/\/kokpit.az\/index.php?rest_route=\/wp\/v2\/posts\/7722\/revisions\/7724"}],"wp:featuredmedia":[{"embeddable":true,"href":"https:\/\/kokpit.az\/index.php?rest_route=\/wp\/v2\/media\/7723"}],"wp:attachment":[{"href":"https:\/\/kokpit.az\/index.php?rest_route=%2Fwp%2Fv2%2Fmedia&parent=7722"}],"wp:term":[{"taxonomy":"category","embeddable":true,"href":"https:\/\/kokpit.az\/index.php?rest_route=%2Fwp%2Fv2%2Fcategories&post=7722"},{"taxonomy":"post_tag","embeddable":true,"href":"https:\/\/kokpit.az\/index.php?rest_route=%2Fwp%2Fv2%2Ftags&post=7722"}],"curies":[{"name":"wp","href":"https:\/\/api.w.org\/{rel}","templated":true}]}}