{"id":7707,"date":"2024-08-16T15:37:46","date_gmt":"2024-08-16T11:37:46","guid":{"rendered":"https:\/\/kokpit.az\/?p=7707"},"modified":"2024-08-16T15:37:46","modified_gmt":"2024-08-16T11:37:46","slug":"alonso-2026-ci-ilin-sonunda-karyerasini-bitir%c9%99c%c9%99k","status":"publish","type":"post","link":"https:\/\/kokpit.az\/?p=7707","title":{"rendered":"Alonso 2026-c\u0131 ilin sonunda karyeras\u0131n\u0131 bitir\u0259c\u0259k?"},"content":{"rendered":"<div class=\"msnt-entity-header pb-6 pt-4 t:pb-8 t:pt-0 \">\n<h2 class=\"text-article-description font-title italic font text-fg-on-color t:text-fg-default\">Kokpit.az xat\u0131rlad\u0131r ki, Fernando Alonsonun Aston Martin komandas\u0131 il\u0259 2026-c\u0131 ilin sonunda ba\u015fa \u00e7atacaq.<\/h2>\n<\/div>\n<p>Fernando Alonso Formula 1 karyeras\u0131na 2001-ci ild\u0259 Minardi il\u0259 karyeras\u0131na ba\u015flam\u0131\u015fd\u0131. O, bu ill\u0259r \u0259rzind\u0259 391 yar\u0131\u015fda i\u015ftirak edib v\u0259 peletondak\u0131 \u0259n t\u0259cr\u00fcb\u0259li s\u00fcr\u00fcc\u00fc say\u0131l\u0131r.<\/p>\n<p>\u0130spaniyal\u0131 s\u00fcr\u00fcc\u00fc 2018-ci ilin sonunda Formula 1-d\u0259n getmi\u015f v\u0259 karyeras\u0131na iki il fasil\u0259 vermi\u015fdi. 2021-ci ild\u0259 Formula 1-\u0259 qay\u0131dan ikiqat D\u00fcnya \u00c7empionu iyulun sonunda 43-c\u00fc ya\u015f\u0131n\u0131 qeyd etmi\u015fdi.<\/p>\n<p>Aston Martin aprel ay\u0131nda Alonso il\u0259 2026-c\u0131 ilin sonuna q\u0259d\u0259r m\u00fcqavil\u0259 uzatm\u0131\u015fd\u0131. 2026-c\u0131 ild\u0259 idmanda yeni texniki reqlament ba\u015flayacaq v\u0259 Aston Martin Honda il\u0259 t\u0259r\u0259fda\u015fl\u0131\u011fa ba\u015flayacaq. Buna g\u00f6r\u0259 d\u0259 2026-c\u0131 ild\u0259 g\u00fcc balans\u0131n\u0131n nec\u0259 olaca\u011f\u0131 ham\u0131ya maraql\u0131d\u0131r.<\/p>\n<p>43 ya\u015fl\u0131 s\u00fcr\u00fcc\u00fc 2003-2006-c\u0131 ill\u0259rd\u0259 Renault komandas\u0131nda \u00e7\u0131x\u0131\u015f etmi\u015f v\u0259 2005, 2006-c\u0131 ill\u0259rd\u0259 iki d\u0259f\u0259 D\u00fcnya \u00c7empionlu\u011fu ya\u015fanm\u0131\u015fd\u0131. H\u0259min d\u00f6vrl\u0259rd\u0259 onun h\u0259m meneceri, h\u0259m d\u0259 komanda r\u0259hb\u0259ri Flavio Btiatore var idi. Alonso v\u0259 Briatorenin dostlu\u011fu indi d\u0259 davam edir v\u0259 onlar \u00e7ox yax\u0131nd\u0131rlar.<\/p>\n<p>Bu il Alpine komandas\u0131 il\u0259 yenid\u0259n Formula 1-\u0259 qay\u0131dan<strong> Flavio Briatore<\/strong> verdiyi son a\u00e7\u0131qlamada bildirib ki, Fernando Alonso 2026-c\u0131 ilin sonunda idmandan ged\u0259 bil\u0259r. Lakin o, \u0259lav\u0259 edib ki, ikiqat D\u00fcnya \u00c7empionu 2026-c\u0131 ild\u0259ki \u00e7\u0131x\u0131\u015f\u0131ndan as\u0131l\u0131 olaraq karyeras\u0131na davam ed\u0259 bil\u0259r.<\/p>\n<p><strong>Flavio Briatore<\/strong>: &#8220;Onun g\u0259l\u0259c\u0259yi bar\u0259d\u0259 bir \u015fey bilmir\u0259m. Spada \u00e7ox a\u011f\u0131ll\u0131 taktika se\u00e7di. Bir d\u0259f\u0259 pit-stop etdi v\u0259 t\u0259cr\u00fcb\u0259sin\u0259 g\u00f6r\u0259 yax\u015f\u0131 n\u0259tic\u0259 qazand\u0131. M\u00fcqavil\u0259si bitdikd\u0259n sonra Fernandonun davam edib-etm\u0259y\u0259c\u0259yini bilm\u0259k ist\u0259yirsiznizs\u0259, h\u0259l\u0259lik son ilimiz 2026-c\u0131 ildir. Daha sonra n\u0259 etm\u0259k ist\u0259y\u0259c\u0259yini bilmir\u0259m. Daha bir il yar\u0131\u015fmaq ist\u0259y\u0259r?<\/p>\n<p>Performans\u0131 var. Fernandonun performans\u0131n\u0131 onsuz da g\u00f6r\u00fcrs\u00fcn\u00fcz. Yar\u0131\u015fa olan diqq\u0259tini v\u0259 haz\u0131rl\u0131\u011f\u0131n\u0131 itirm\u0259yib. Yar\u0131\u015f vaxt\u0131 h\u0259mi\u015f\u0259 \u00e7ox diqq\u0259tlidir. 11-ci yerd\u0259 gedirs\u0259, 10-cu olmaq ist\u0259yir. \u018fg\u0259r 10-cudursa, 9-cu olmaq ist\u0259yir. Ma\u015f\u0131n\u0131n r\u0259qab\u0259t\u0259davaml\u0131 olmas\u0131n\u0131 ist\u0259yir. S\u0131ralanma turunda yax\u015f\u0131 d\u00f6vr\u0259 vurur. Yax\u015f\u0131 yar\u0131\u015f\u0131r.<\/p>\n<p>D\u00fcz\u00fcn\u00fc des\u0259m 2026-c\u0131 ili son ili olaraq g\u00f6r\u00fcr ya karyeras\u0131na davam etm\u0259k ist\u0259yir bilmir\u0259m. Bu yar\u0131\u015fla ba\u011fl\u0131 hissl\u0259rind\u0259n v\u0259 zamandan as\u0131l\u0131d\u0131r. O zamana q\u0259d\u0259r ail\u0259 qurub-qurmayaca\u011f\u0131n\u0131 bilmir\u0259m. Amma q\u0259tilikl\u0259 onun b\u0259nz\u0259ri yoxdur. H\u0259l\u0259 bel\u0259 s\u00fcr\u00fcc\u00fc g\u00f6rm\u0259mi\u015fdim. H\u0259r g\u00fcn \u00e7ox q\u0259rarl\u0131d\u0131r. He\u00e7 vaxt t\u0259slim olmur. \u0130nan\u0131lmazd\u0131r&#8221;.<\/p>\n<p><strong>Flavio Briatore<\/strong> \u0259lav\u0259 edib ki, <strong>Fernando Alonso<\/strong> \u00e7ox intizaml\u0131d\u0131r. Bu da onun karyeras\u0131n\u0131n bu q\u0259d\u0259r uzun olmas\u0131nda vacib faktordur. Flavio bildirib ki, Alonso yar\u0131\u015flar qazand\u0131\u011f\u0131 ill\u0259r\u0259 nisb\u0259t\u0259n dietas\u0131na daha \u00e7ox diqq\u0259t yetirir.<\/p>\n<p><strong>Flavio Briatore:<\/strong> &#8220;Fernando Alonsonu 22 ildir ki, m\u0259n idar\u0259 edir\u0259m. 22 illik evliliyimiz var. Fernandonu anlamaq h\u0259l\u0259 d\u0259 \u00e7ox \u00e7\u0259tindir, \u00e7\u00fcnki Fernando h\u0259l\u0259 d\u0259 g\u0259nc s\u00fcr\u00fcc\u00fcl\u0259r kimi \u00e7ox motivasiyal\u0131d\u0131r.<\/p>\n<p>H\u0259mi\u015f\u0259 ideal formadad\u0131r. B\u0259lk\u0259 d\u0259 m\u0259niml\u0259 yar\u0131\u015fd\u0131\u011f\u0131 d\u00f6vrd\u0259n daha \u00e7ox formadad\u0131r. Monakoda ya\u015fay\u0131r. H\u0259r g\u00fcn velosiped s\u00fcrd\u00fcy\u00fcn\u00fc bilir\u0259m. H\u0259r g\u00fcn velosipedl\u0259 60-80 kilometr yol q\u0259t edir. H\u0259r g\u00fcn idman zal\u0131na gedir. N\u0259 vaxt yem\u0259k yem\u0259y\u0259 gets\u0259k, \u00e7ox diqq\u0259tli olur. Art\u0131q he\u00e7 n\u0259 yemir. O, inan\u0131lmaz adamd\u0131r&#8221;.<\/p>\n","protected":false},"excerpt":{"rendered":"<p>Uzun ill\u0259rdir Fernando Alonsonun meneceri olan Flavio Briatore bildirib ki, ispaniyal\u0131 s\u00fcr\u00fcc\u00fc 2026-c\u0131 ilin sonunda karyeras\u0131n\u0131 bitir\u0259 bil\u0259r.<\/p>\n","protected":false},"author":2,"featured_media":7709,"comment_status":"open","ping_status":"open","sticky":false,"template":"","format":"standard","meta":{"footnotes":""},"categories":[2],"tags":[67,445],"class_list":["post-7707","post","type-post","status-publish","format-standard","has-post-thumbnail","hentry","category-news","tag-fernando-alonso","tag-flavio-briatore"],"yoast_head":"<!-- This site is optimized with the Yoast SEO plugin v27.5 - https:\/\/yoast.com\/product\/yoast-seo-wordpress\/ -->\n<title>Alonso 2026-c\u0131 ilin sonunda karyeras\u0131n\u0131 bitir\u0259c\u0259k? - X\u0259b\u0259ri Kokpitd\u0259 Oxuyun!<\/title>\n<meta name=\"robots\" content=\"index, follow, max-snippet:-1, max-image-preview:large, max-video-preview:-1\" \/>\n<link rel=\"canonical\" href=\"https:\/\/kokpit.az\/?p=7707\" \/>\n<meta property=\"og:locale\" content=\"az_AZ\" \/>\n<meta property=\"og:type\" content=\"article\" \/>\n<meta property=\"og:title\" content=\"Alonso 2026-c\u0131 ilin sonunda karyeras\u0131n\u0131 bitir\u0259c\u0259k? - X\u0259b\u0259ri Kokpitd\u0259 Oxuyun!\" \/>\n<meta property=\"og:description\" content=\"Uzun ill\u0259rdir Fernando Alonsonun meneceri olan Flavio Briatore bildirib ki, ispaniyal\u0131 s\u00fcr\u00fcc\u00fc 2026-c\u0131 ilin sonunda karyeras\u0131n\u0131 bitir\u0259 bil\u0259r.\" \/>\n<meta property=\"og:url\" content=\"https:\/\/kokpit.az\/?p=7707\" \/>\n<meta property=\"og:site_name\" content=\"X\u0259b\u0259ri Kokpitd\u0259 Oxuyun!\" \/>\n<meta property=\"article:publisher\" content=\"https:\/\/www.facebook.com\/profile.php?id=61553756392357\" \/>\n<meta property=\"article:published_time\" content=\"2024-08-16T11:37:46+00:00\" \/>\n<meta property=\"og:image\" content=\"https:\/\/kokpit.az\/wp-content\/uploads\/2024\/08\/fernando-alonso-aston-martin-f-3-e1723806929890.webp\" \/>\n\t<meta property=\"og:image:width\" content=\"960\" \/>\n\t<meta property=\"og:image:height\" content=\"550\" \/>\n\t<meta property=\"og:image:type\" content=\"image\/webp\" \/>\n<meta name=\"author\" content=\"Rauf Hac\u0131yev\" \/>\n<meta name=\"twitter:card\" content=\"summary_large_image\" \/>\n<meta name=\"twitter:label1\" content=\"Written by\" \/>\n\t<meta name=\"twitter:data1\" content=\"Rauf Hac\u0131yev\" \/>\n\t<meta name=\"twitter:label2\" content=\"Est. reading time\" \/>\n\t<meta name=\"twitter:data2\" content=\"3 minutes\" \/>\n<script type=\"application\/ld+json\" class=\"yoast-schema-graph\">{\"@context\":\"https:\\\/\\\/schema.org\",\"@graph\":[{\"@type\":\"Article\",\"@id\":\"https:\\\/\\\/kokpit.az\\\/?p=7707#article\",\"isPartOf\":{\"@id\":\"https:\\\/\\\/kokpit.az\\\/?p=7707\"},\"author\":{\"name\":\"Rauf Hac\u0131yev\",\"@id\":\"https:\\\/\\\/kokpit.az\\\/#\\\/schema\\\/person\\\/f4114e650bc2993d0650e4fb6933c581\"},\"headline\":\"Alonso 2026-c\u0131 ilin sonunda karyeras\u0131n\u0131 bitir\u0259c\u0259k?\",\"datePublished\":\"2024-08-16T11:37:46+00:00\",\"mainEntityOfPage\":{\"@id\":\"https:\\\/\\\/kokpit.az\\\/?p=7707\"},\"wordCount\":653,\"commentCount\":0,\"publisher\":{\"@id\":\"https:\\\/\\\/kokpit.az\\\/#organization\"},\"image\":{\"@id\":\"https:\\\/\\\/kokpit.az\\\/?p=7707#primaryimage\"},\"thumbnailUrl\":\"https:\\\/\\\/kokpit.az\\\/wp-content\\\/uploads\\\/2024\\\/08\\\/fernando-alonso-aston-martin-f-3-e1723806929890.webp\",\"keywords\":[\"Fernando Alonso\",\"Flavio Briatore\"],\"articleSection\":[\"X\u0259b\u0259rl\u0259r\"],\"inLanguage\":\"az\",\"potentialAction\":[{\"@type\":\"CommentAction\",\"name\":\"Comment\",\"target\":[\"https:\\\/\\\/kokpit.az\\\/?p=7707#respond\"]}]},{\"@type\":\"WebPage\",\"@id\":\"https:\\\/\\\/kokpit.az\\\/?p=7707\",\"url\":\"https:\\\/\\\/kokpit.az\\\/?p=7707\",\"name\":\"Alonso 2026-c\u0131 ilin sonunda karyeras\u0131n\u0131 bitir\u0259c\u0259k? - X\u0259b\u0259ri Kokpitd\u0259 Oxuyun!\",\"isPartOf\":{\"@id\":\"https:\\\/\\\/kokpit.az\\\/#website\"},\"primaryImageOfPage\":{\"@id\":\"https:\\\/\\\/kokpit.az\\\/?p=7707#primaryimage\"},\"image\":{\"@id\":\"https:\\\/\\\/kokpit.az\\\/?p=7707#primaryimage\"},\"thumbnailUrl\":\"https:\\\/\\\/kokpit.az\\\/wp-content\\\/uploads\\\/2024\\\/08\\\/fernando-alonso-aston-martin-f-3-e1723806929890.webp\",\"datePublished\":\"2024-08-16T11:37:46+00:00\",\"breadcrumb\":{\"@id\":\"https:\\\/\\\/kokpit.az\\\/?p=7707#breadcrumb\"},\"inLanguage\":\"az\",\"potentialAction\":[{\"@type\":\"ReadAction\",\"target\":[\"https:\\\/\\\/kokpit.az\\\/?p=7707\"]}]},{\"@type\":\"ImageObject\",\"inLanguage\":\"az\",\"@id\":\"https:\\\/\\\/kokpit.az\\\/?p=7707#primaryimage\",\"url\":\"https:\\\/\\\/kokpit.az\\\/wp-content\\\/uploads\\\/2024\\\/08\\\/fernando-alonso-aston-martin-f-3-e1723806929890.webp\",\"contentUrl\":\"https:\\\/\\\/kokpit.az\\\/wp-content\\\/uploads\\\/2024\\\/08\\\/fernando-alonso-aston-martin-f-3-e1723806929890.webp\",\"width\":960,\"height\":550},{\"@type\":\"BreadcrumbList\",\"@id\":\"https:\\\/\\\/kokpit.az\\\/?p=7707#breadcrumb\",\"itemListElement\":[{\"@type\":\"ListItem\",\"position\":1,\"name\":\"Home\",\"item\":\"https:\\\/\\\/kokpit.az\\\/\"},{\"@type\":\"ListItem\",\"position\":2,\"name\":\"Alonso 2026-c\u0131 ilin sonunda karyeras\u0131n\u0131 bitir\u0259c\u0259k?\"}]},{\"@type\":\"WebSite\",\"@id\":\"https:\\\/\\\/kokpit.az\\\/#website\",\"url\":\"https:\\\/\\\/kokpit.az\\\/\",\"name\":\"X\u0259b\u0259ri Kokpitd\u0259 Oxuyun!\",\"description\":\"\",\"publisher\":{\"@id\":\"https:\\\/\\\/kokpit.az\\\/#organization\"},\"potentialAction\":[{\"@type\":\"SearchAction\",\"target\":{\"@type\":\"EntryPoint\",\"urlTemplate\":\"https:\\\/\\\/kokpit.az\\\/?s={search_term_string}\"},\"query-input\":{\"@type\":\"PropertyValueSpecification\",\"valueRequired\":true,\"valueName\":\"search_term_string\"}}],\"inLanguage\":\"az\"},{\"@type\":\"Organization\",\"@id\":\"https:\\\/\\\/kokpit.az\\\/#organization\",\"name\":\"X\u0259b\u0259ri Kokpitd\u0259 Oxuyun!\",\"url\":\"https:\\\/\\\/kokpit.az\\\/\",\"logo\":{\"@type\":\"ImageObject\",\"inLanguage\":\"az\",\"@id\":\"https:\\\/\\\/kokpit.az\\\/#\\\/schema\\\/logo\\\/image\\\/\",\"url\":\"https:\\\/\\\/kokpit.az\\\/wp-content\\\/uploads\\\/2023\\\/05\\\/kokpit.jpg\",\"contentUrl\":\"https:\\\/\\\/kokpit.az\\\/wp-content\\\/uploads\\\/2023\\\/05\\\/kokpit.jpg\",\"width\":488,\"height\":245,\"caption\":\"X\u0259b\u0259ri Kokpitd\u0259 Oxuyun!\"},\"image\":{\"@id\":\"https:\\\/\\\/kokpit.az\\\/#\\\/schema\\\/logo\\\/image\\\/\"},\"sameAs\":[\"https:\\\/\\\/www.facebook.com\\\/profile.php?id=61553756392357\"]},{\"@type\":\"Person\",\"@id\":\"https:\\\/\\\/kokpit.az\\\/#\\\/schema\\\/person\\\/f4114e650bc2993d0650e4fb6933c581\",\"name\":\"Rauf Hac\u0131yev\",\"image\":{\"@type\":\"ImageObject\",\"inLanguage\":\"az\",\"@id\":\"https:\\\/\\\/secure.gravatar.com\\\/avatar\\\/394a2085c47c7acdcf41f7d270b7cbb52513d6f4f24c1cb6dfbbd61f98c0503d?s=96&d=mm&r=g\",\"url\":\"https:\\\/\\\/secure.gravatar.com\\\/avatar\\\/394a2085c47c7acdcf41f7d270b7cbb52513d6f4f24c1cb6dfbbd61f98c0503d?s=96&d=mm&r=g\",\"contentUrl\":\"https:\\\/\\\/secure.gravatar.com\\\/avatar\\\/394a2085c47c7acdcf41f7d270b7cbb52513d6f4f24c1cb6dfbbd61f98c0503d?s=96&d=mm&r=g\",\"caption\":\"Rauf Hac\u0131yev\"},\"sameAs\":[\"https:\\\/\\\/kokpit.az\"],\"url\":\"https:\\\/\\\/kokpit.az\\\/?author=2\"}]}<\/script>\n<!-- \/ Yoast SEO plugin. -->","yoast_head_json":{"title":"Alonso 2026-c\u0131 ilin sonunda karyeras\u0131n\u0131 bitir\u0259c\u0259k? - X\u0259b\u0259ri Kokpitd\u0259 Oxuyun!","robots":{"index":"index","follow":"follow","max-snippet":"max-snippet:-1","max-image-preview":"max-image-preview:large","max-video-preview":"max-video-preview:-1"},"canonical":"https:\/\/kokpit.az\/?p=7707","og_locale":"az_AZ","og_type":"article","og_title":"Alonso 2026-c\u0131 ilin sonunda karyeras\u0131n\u0131 bitir\u0259c\u0259k? - X\u0259b\u0259ri Kokpitd\u0259 Oxuyun!","og_description":"Uzun ill\u0259rdir Fernando Alonsonun meneceri olan Flavio Briatore bildirib ki, ispaniyal\u0131 s\u00fcr\u00fcc\u00fc 2026-c\u0131 ilin sonunda karyeras\u0131n\u0131 bitir\u0259 bil\u0259r.","og_url":"https:\/\/kokpit.az\/?p=7707","og_site_name":"X\u0259b\u0259ri Kokpitd\u0259 Oxuyun!","article_publisher":"https:\/\/www.facebook.com\/profile.php?id=61553756392357","article_published_time":"2024-08-16T11:37:46+00:00","og_image":[{"width":960,"height":550,"url":"https:\/\/kokpit.az\/wp-content\/uploads\/2024\/08\/fernando-alonso-aston-martin-f-3-e1723806929890.webp","type":"image\/webp"}],"author":"Rauf Hac\u0131yev","twitter_card":"summary_large_image","twitter_misc":{"Written by":"Rauf Hac\u0131yev","Est. reading time":"3 minutes"},"schema":{"@context":"https:\/\/schema.org","@graph":[{"@type":"Article","@id":"https:\/\/kokpit.az\/?p=7707#article","isPartOf":{"@id":"https:\/\/kokpit.az\/?p=7707"},"author":{"name":"Rauf Hac\u0131yev","@id":"https:\/\/kokpit.az\/#\/schema\/person\/f4114e650bc2993d0650e4fb6933c581"},"headline":"Alonso 2026-c\u0131 ilin sonunda karyeras\u0131n\u0131 bitir\u0259c\u0259k?","datePublished":"2024-08-16T11:37:46+00:00","mainEntityOfPage":{"@id":"https:\/\/kokpit.az\/?p=7707"},"wordCount":653,"commentCount":0,"publisher":{"@id":"https:\/\/kokpit.az\/#organization"},"image":{"@id":"https:\/\/kokpit.az\/?p=7707#primaryimage"},"thumbnailUrl":"https:\/\/kokpit.az\/wp-content\/uploads\/2024\/08\/fernando-alonso-aston-martin-f-3-e1723806929890.webp","keywords":["Fernando Alonso","Flavio Briatore"],"articleSection":["X\u0259b\u0259rl\u0259r"],"inLanguage":"az","potentialAction":[{"@type":"CommentAction","name":"Comment","target":["https:\/\/kokpit.az\/?p=7707#respond"]}]},{"@type":"WebPage","@id":"https:\/\/kokpit.az\/?p=7707","url":"https:\/\/kokpit.az\/?p=7707","name":"Alonso 2026-c\u0131 ilin sonunda karyeras\u0131n\u0131 bitir\u0259c\u0259k? - X\u0259b\u0259ri Kokpitd\u0259 Oxuyun!","isPartOf":{"@id":"https:\/\/kokpit.az\/#website"},"primaryImageOfPage":{"@id":"https:\/\/kokpit.az\/?p=7707#primaryimage"},"image":{"@id":"https:\/\/kokpit.az\/?p=7707#primaryimage"},"thumbnailUrl":"https:\/\/kokpit.az\/wp-content\/uploads\/2024\/08\/fernando-alonso-aston-martin-f-3-e1723806929890.webp","datePublished":"2024-08-16T11:37:46+00:00","breadcrumb":{"@id":"https:\/\/kokpit.az\/?p=7707#breadcrumb"},"inLanguage":"az","potentialAction":[{"@type":"ReadAction","target":["https:\/\/kokpit.az\/?p=7707"]}]},{"@type":"ImageObject","inLanguage":"az","@id":"https:\/\/kokpit.az\/?p=7707#primaryimage","url":"https:\/\/kokpit.az\/wp-content\/uploads\/2024\/08\/fernando-alonso-aston-martin-f-3-e1723806929890.webp","contentUrl":"https:\/\/kokpit.az\/wp-content\/uploads\/2024\/08\/fernando-alonso-aston-martin-f-3-e1723806929890.webp","width":960,"height":550},{"@type":"BreadcrumbList","@id":"https:\/\/kokpit.az\/?p=7707#breadcrumb","itemListElement":[{"@type":"ListItem","position":1,"name":"Home","item":"https:\/\/kokpit.az\/"},{"@type":"ListItem","position":2,"name":"Alonso 2026-c\u0131 ilin sonunda karyeras\u0131n\u0131 bitir\u0259c\u0259k?"}]},{"@type":"WebSite","@id":"https:\/\/kokpit.az\/#website","url":"https:\/\/kokpit.az\/","name":"X\u0259b\u0259ri Kokpitd\u0259 Oxuyun!","description":"","publisher":{"@id":"https:\/\/kokpit.az\/#organization"},"potentialAction":[{"@type":"SearchAction","target":{"@type":"EntryPoint","urlTemplate":"https:\/\/kokpit.az\/?s={search_term_string}"},"query-input":{"@type":"PropertyValueSpecification","valueRequired":true,"valueName":"search_term_string"}}],"inLanguage":"az"},{"@type":"Organization","@id":"https:\/\/kokpit.az\/#organization","name":"X\u0259b\u0259ri Kokpitd\u0259 Oxuyun!","url":"https:\/\/kokpit.az\/","logo":{"@type":"ImageObject","inLanguage":"az","@id":"https:\/\/kokpit.az\/#\/schema\/logo\/image\/","url":"https:\/\/kokpit.az\/wp-content\/uploads\/2023\/05\/kokpit.jpg","contentUrl":"https:\/\/kokpit.az\/wp-content\/uploads\/2023\/05\/kokpit.jpg","width":488,"height":245,"caption":"X\u0259b\u0259ri Kokpitd\u0259 Oxuyun!"},"image":{"@id":"https:\/\/kokpit.az\/#\/schema\/logo\/image\/"},"sameAs":["https:\/\/www.facebook.com\/profile.php?id=61553756392357"]},{"@type":"Person","@id":"https:\/\/kokpit.az\/#\/schema\/person\/f4114e650bc2993d0650e4fb6933c581","name":"Rauf Hac\u0131yev","image":{"@type":"ImageObject","inLanguage":"az","@id":"https:\/\/secure.gravatar.com\/avatar\/394a2085c47c7acdcf41f7d270b7cbb52513d6f4f24c1cb6dfbbd61f98c0503d?s=96&d=mm&r=g","url":"https:\/\/secure.gravatar.com\/avatar\/394a2085c47c7acdcf41f7d270b7cbb52513d6f4f24c1cb6dfbbd61f98c0503d?s=96&d=mm&r=g","contentUrl":"https:\/\/secure.gravatar.com\/avatar\/394a2085c47c7acdcf41f7d270b7cbb52513d6f4f24c1cb6dfbbd61f98c0503d?s=96&d=mm&r=g","caption":"Rauf Hac\u0131yev"},"sameAs":["https:\/\/kokpit.az"],"url":"https:\/\/kokpit.az\/?author=2"}]}},"_links":{"self":[{"href":"https:\/\/kokpit.az\/index.php?rest_route=\/wp\/v2\/posts\/7707","targetHints":{"allow":["GET"]}}],"collection":[{"href":"https:\/\/kokpit.az\/index.php?rest_route=\/wp\/v2\/posts"}],"about":[{"href":"https:\/\/kokpit.az\/index.php?rest_route=\/wp\/v2\/types\/post"}],"author":[{"embeddable":true,"href":"https:\/\/kokpit.az\/index.php?rest_route=\/wp\/v2\/users\/2"}],"replies":[{"embeddable":true,"href":"https:\/\/kokpit.az\/index.php?rest_route=%2Fwp%2Fv2%2Fcomments&post=7707"}],"version-history":[{"count":2,"href":"https:\/\/kokpit.az\/index.php?rest_route=\/wp\/v2\/posts\/7707\/revisions"}],"predecessor-version":[{"id":7710,"href":"https:\/\/kokpit.az\/index.php?rest_route=\/wp\/v2\/posts\/7707\/revisions\/7710"}],"wp:featuredmedia":[{"embeddable":true,"href":"https:\/\/kokpit.az\/index.php?rest_route=\/wp\/v2\/media\/7709"}],"wp:attachment":[{"href":"https:\/\/kokpit.az\/index.php?rest_route=%2Fwp%2Fv2%2Fmedia&parent=7707"}],"wp:term":[{"taxonomy":"category","embeddable":true,"href":"https:\/\/kokpit.az\/index.php?rest_route=%2Fwp%2Fv2%2Fcategories&post=7707"},{"taxonomy":"post_tag","embeddable":true,"href":"https:\/\/kokpit.az\/index.php?rest_route=%2Fwp%2Fv2%2Ftags&post=7707"}],"curies":[{"name":"wp","href":"https:\/\/api.w.org\/{rel}","templated":true}]}}