{"id":7627,"date":"2024-08-14T22:44:11","date_gmt":"2024-08-14T18:44:11","guid":{"rendered":"https:\/\/kokpit.az\/?p=7627"},"modified":"2024-08-14T20:53:00","modified_gmt":"2024-08-14T16:53:00","slug":"a-stella-t%c9%99%c9%99ccubl%c9%99nib","status":"publish","type":"post","link":"https:\/\/kokpit.az\/?p=7627","title":{"rendered":"A.Stella t\u0259\u0259cc\u00fcbl\u0259nib"},"content":{"rendered":"<p>Kokpit.az xat\u0131rlad\u0131r ki, Britaniya komandas\u0131 m\u00f6vs\u00fcm\u00fcn ilk yar\u0131s\u0131nda iki q\u0259l\u0259b\u0259 qazan\u0131b v\u0259 \u0259ks\u0259r yar\u0131\u015flarda podiuma y\u00fcks\u0259lib. Onlar lider Red Bull komandas\u0131ndan sad\u0259c\u0259 42 xal gerid\u0259 qal\u0131rlar v\u0259 \u00e7empionluq \u00fc\u00e7\u00fcn haz\u0131rda real namiz\u0259d say\u0131l\u0131rlar.<\/p>\n<p>Aerodinamika reqlamentin\u0259 g\u00f6r\u0259 \u0259vv\u0259lki ilin \u00e7empionu ham\u0131dan az aerodinamik boruda i\u015fl\u0259y\u0259 bil\u0259r. Daha a\u015fa\u011f\u0131 yer tutanlar is\u0259 aerodinamik boruda daha \u00e7ox vaxt ke\u00e7irm\u0259k haqq\u0131na sahib olurlar.<\/p>\n<p>McLaren komandas\u0131 ke\u00e7\u0259n il M\u00fch\u0259ndisl\u0259r Kubokunda 4-c\u00fc olmu\u015fdu. Buna g\u00f6r\u0259 d\u0259 onlar \u00e7empionlu\u011fa oynayan 4 komanda aras\u0131nda aerodinamik boruda daha \u00e7ox vaxt ke\u00e7irm\u0259k haqq\u0131na sahibdirl\u0259r. Bu hal m\u00f6vs\u00fcm\u00fcn ikinci yar\u0131s\u0131nda \u201cnar\u0131nc\u0131lar\u201da k\u00f6m\u0259k ed\u0259 bil\u0259r.<\/p>\n<p><span style=\"color: #ff6600;\"><strong>Andrea Stella<\/strong> <\/span>is\u0259 bu bar\u0259d\u0259 bel\u0259 dan\u0131\u015f\u0131b: \u201cAerodinamika reqlamentind\u0259n \u0259min deyil\u0259m. Red Bull komandas\u0131n\u0131n g\u0259tirdikl\u0259ri yenilikl\u0259r\u0259 baxsaq, tras \u00fcz\u0259rind\u0259 bizd\u0259n \u00e7ox inki\u015faf edibl\u0259r.<\/p>\n<p>Amma m\u0259n McLaren bar\u0259d\u0259 dan\u0131\u015fa bil\u0259r\u0259m. Bel\u0259 g\u00f6r\u00fcn\u00fcr ki, y\u0131\u011fd\u0131\u011f\u0131m\u0131z bu inki\u015faf plan\u0131ndan istifad\u0259 etm\u0259yin tam vaxt\u0131d\u0131r v\u0259 d\u00fc\u015f\u00fcn\u00fcr\u0259m ki, m\u00f6vs\u00fcm\u00fcn ikinci yar\u0131s\u0131nda yenilikl\u0259r g\u0259tir\u0259c\u0259yik\u201d.<\/p>\n<p>McLaren komandas\u0131 bu il \u0259n b\u00f6y\u00fck yeniliyini Mayami Qran Prisin\u0259 g\u0259tirmi\u015f v\u0259 h\u0259min h\u0259ft\u0259sonunda Lando Norris yar\u0131\u015f\u0131 qazanm\u0131\u015fd\u0131. Ondan sonra komanda MCL38-\u0259 el\u0259 d\u0259 b\u00f6y\u00fck yenilik paketi g\u0259tirm\u0259yib.<\/p>\n<p>Lakin<span style=\"color: #ff6600;\"><strong> Andrea Stella<\/strong><\/span> d\u00fc\u015f\u00fcn\u00fcr ki, onlar m\u00f6vs\u00fcm\u00fcn qalan yar\u0131\u015flar\u0131na \u00e7oxlu yenilikl\u0259r g\u0259tir\u0259c\u0259kl\u0259r: \u201cMayamid\u0259n sonra \u00e7ox yenilik g\u0259tirm\u0259s\u0259k d\u0259, yen\u0259 d\u0259 r\u0259qabat\u0259davaml\u0131y\u0131q v\u0259 buna g\u00f6r\u0259 d\u0259 t\u0259\u0259\u0259cc\u00fcbl\u00fcy\u0259m. Bu da onu g\u00f6st\u0259rir ki, Mayami yenilikl\u0259ri bizi inki\u015fafda qaba\u011fa sald\u0131. Amma m\u00f6vs\u00fcm\u00fcn ikinci yar\u0131s\u0131nda ba\u015fqa yenilikl\u0259r d\u0259 g\u0259tir\u0259c\u0259yik\u201d.<\/p>\n","protected":false},"excerpt":{"rendered":"<p>McLaren komandas\u0131n\u0131n r\u0259hb\u0259ri Andrea Stella bildirib ki, bel\u0259 g\u00fccl\u00fc n\u0259tic\u0259l\u0259r ald\u0131qlar\u0131na \u00e7ox t\u0259\u0259cc\u00fcbl\u0259nib.<\/p>\n","protected":false},"author":2,"featured_media":7628,"comment_status":"open","ping_status":"open","sticky":false,"template":"","format":"standard","meta":{"footnotes":""},"categories":[2],"tags":[72,70],"class_list":["post-7627","post","type-post","status-publish","format-standard","has-post-thumbnail","hentry","category-news","tag-andrea-stella","tag-mclaren-formula-1-team"],"yoast_head":"<!-- This site is optimized with the Yoast SEO plugin v27.5 - https:\/\/yoast.com\/product\/yoast-seo-wordpress\/ -->\n<title>A.Stella t\u0259\u0259cc\u00fcbl\u0259nib - X\u0259b\u0259ri Kokpitd\u0259 Oxuyun!<\/title>\n<meta name=\"robots\" content=\"index, follow, max-snippet:-1, max-image-preview:large, max-video-preview:-1\" \/>\n<link rel=\"canonical\" href=\"https:\/\/kokpit.az\/?p=7627\" \/>\n<meta property=\"og:locale\" content=\"az_AZ\" \/>\n<meta property=\"og:type\" content=\"article\" \/>\n<meta property=\"og:title\" content=\"A.Stella t\u0259\u0259cc\u00fcbl\u0259nib - X\u0259b\u0259ri Kokpitd\u0259 Oxuyun!\" \/>\n<meta property=\"og:description\" content=\"McLaren komandas\u0131n\u0131n r\u0259hb\u0259ri Andrea Stella bildirib ki, bel\u0259 g\u00fccl\u00fc n\u0259tic\u0259l\u0259r ald\u0131qlar\u0131na \u00e7ox t\u0259\u0259cc\u00fcbl\u0259nib.\" \/>\n<meta property=\"og:url\" content=\"https:\/\/kokpit.az\/?p=7627\" \/>\n<meta property=\"og:site_name\" content=\"X\u0259b\u0259ri Kokpitd\u0259 Oxuyun!\" \/>\n<meta property=\"article:publisher\" content=\"https:\/\/www.facebook.com\/profile.php?id=61553756392357\" \/>\n<meta property=\"article:published_time\" content=\"2024-08-14T18:44:11+00:00\" \/>\n<meta property=\"og:image\" content=\"https:\/\/kokpit.az\/wp-content\/uploads\/2024\/08\/Andrea-Stella-GP-Ungarn-2023-jsonLd16x9-7f6b5b53-2067137.jpg-e1723654375857.webp\" \/>\n\t<meta property=\"og:image:width\" content=\"1200\" \/>\n\t<meta property=\"og:image:height\" content=\"630\" \/>\n\t<meta property=\"og:image:type\" content=\"image\/webp\" \/>\n<meta name=\"author\" content=\"Rauf Hac\u0131yev\" \/>\n<meta name=\"twitter:card\" content=\"summary_large_image\" \/>\n<meta name=\"twitter:label1\" content=\"Written by\" \/>\n\t<meta name=\"twitter:data1\" content=\"Rauf Hac\u0131yev\" \/>\n\t<meta name=\"twitter:label2\" content=\"Est. reading time\" \/>\n\t<meta name=\"twitter:data2\" content=\"2 minutes\" \/>\n<script type=\"application\/ld+json\" class=\"yoast-schema-graph\">{\"@context\":\"https:\\\/\\\/schema.org\",\"@graph\":[{\"@type\":\"Article\",\"@id\":\"https:\\\/\\\/kokpit.az\\\/?p=7627#article\",\"isPartOf\":{\"@id\":\"https:\\\/\\\/kokpit.az\\\/?p=7627\"},\"author\":{\"name\":\"Rauf Hac\u0131yev\",\"@id\":\"https:\\\/\\\/kokpit.az\\\/#\\\/schema\\\/person\\\/f4114e650bc2993d0650e4fb6933c581\"},\"headline\":\"A.Stella t\u0259\u0259cc\u00fcbl\u0259nib\",\"datePublished\":\"2024-08-14T18:44:11+00:00\",\"mainEntityOfPage\":{\"@id\":\"https:\\\/\\\/kokpit.az\\\/?p=7627\"},\"wordCount\":366,\"commentCount\":0,\"publisher\":{\"@id\":\"https:\\\/\\\/kokpit.az\\\/#organization\"},\"image\":{\"@id\":\"https:\\\/\\\/kokpit.az\\\/?p=7627#primaryimage\"},\"thumbnailUrl\":\"https:\\\/\\\/kokpit.az\\\/wp-content\\\/uploads\\\/2024\\\/08\\\/Andrea-Stella-GP-Ungarn-2023-jsonLd16x9-7f6b5b53-2067137.jpg-e1723654375857.webp\",\"keywords\":[\"Andrea Stella\",\"McLaren Formula 1 Team\"],\"articleSection\":[\"X\u0259b\u0259rl\u0259r\"],\"inLanguage\":\"az\",\"potentialAction\":[{\"@type\":\"CommentAction\",\"name\":\"Comment\",\"target\":[\"https:\\\/\\\/kokpit.az\\\/?p=7627#respond\"]}]},{\"@type\":\"WebPage\",\"@id\":\"https:\\\/\\\/kokpit.az\\\/?p=7627\",\"url\":\"https:\\\/\\\/kokpit.az\\\/?p=7627\",\"name\":\"A.Stella t\u0259\u0259cc\u00fcbl\u0259nib - X\u0259b\u0259ri Kokpitd\u0259 Oxuyun!\",\"isPartOf\":{\"@id\":\"https:\\\/\\\/kokpit.az\\\/#website\"},\"primaryImageOfPage\":{\"@id\":\"https:\\\/\\\/kokpit.az\\\/?p=7627#primaryimage\"},\"image\":{\"@id\":\"https:\\\/\\\/kokpit.az\\\/?p=7627#primaryimage\"},\"thumbnailUrl\":\"https:\\\/\\\/kokpit.az\\\/wp-content\\\/uploads\\\/2024\\\/08\\\/Andrea-Stella-GP-Ungarn-2023-jsonLd16x9-7f6b5b53-2067137.jpg-e1723654375857.webp\",\"datePublished\":\"2024-08-14T18:44:11+00:00\",\"breadcrumb\":{\"@id\":\"https:\\\/\\\/kokpit.az\\\/?p=7627#breadcrumb\"},\"inLanguage\":\"az\",\"potentialAction\":[{\"@type\":\"ReadAction\",\"target\":[\"https:\\\/\\\/kokpit.az\\\/?p=7627\"]}]},{\"@type\":\"ImageObject\",\"inLanguage\":\"az\",\"@id\":\"https:\\\/\\\/kokpit.az\\\/?p=7627#primaryimage\",\"url\":\"https:\\\/\\\/kokpit.az\\\/wp-content\\\/uploads\\\/2024\\\/08\\\/Andrea-Stella-GP-Ungarn-2023-jsonLd16x9-7f6b5b53-2067137.jpg-e1723654375857.webp\",\"contentUrl\":\"https:\\\/\\\/kokpit.az\\\/wp-content\\\/uploads\\\/2024\\\/08\\\/Andrea-Stella-GP-Ungarn-2023-jsonLd16x9-7f6b5b53-2067137.jpg-e1723654375857.webp\",\"width\":1200,\"height\":630},{\"@type\":\"BreadcrumbList\",\"@id\":\"https:\\\/\\\/kokpit.az\\\/?p=7627#breadcrumb\",\"itemListElement\":[{\"@type\":\"ListItem\",\"position\":1,\"name\":\"Home\",\"item\":\"https:\\\/\\\/kokpit.az\\\/\"},{\"@type\":\"ListItem\",\"position\":2,\"name\":\"A.Stella t\u0259\u0259cc\u00fcbl\u0259nib\"}]},{\"@type\":\"WebSite\",\"@id\":\"https:\\\/\\\/kokpit.az\\\/#website\",\"url\":\"https:\\\/\\\/kokpit.az\\\/\",\"name\":\"X\u0259b\u0259ri Kokpitd\u0259 Oxuyun!\",\"description\":\"\",\"publisher\":{\"@id\":\"https:\\\/\\\/kokpit.az\\\/#organization\"},\"potentialAction\":[{\"@type\":\"SearchAction\",\"target\":{\"@type\":\"EntryPoint\",\"urlTemplate\":\"https:\\\/\\\/kokpit.az\\\/?s={search_term_string}\"},\"query-input\":{\"@type\":\"PropertyValueSpecification\",\"valueRequired\":true,\"valueName\":\"search_term_string\"}}],\"inLanguage\":\"az\"},{\"@type\":\"Organization\",\"@id\":\"https:\\\/\\\/kokpit.az\\\/#organization\",\"name\":\"X\u0259b\u0259ri Kokpitd\u0259 Oxuyun!\",\"url\":\"https:\\\/\\\/kokpit.az\\\/\",\"logo\":{\"@type\":\"ImageObject\",\"inLanguage\":\"az\",\"@id\":\"https:\\\/\\\/kokpit.az\\\/#\\\/schema\\\/logo\\\/image\\\/\",\"url\":\"https:\\\/\\\/kokpit.az\\\/wp-content\\\/uploads\\\/2023\\\/05\\\/kokpit.jpg\",\"contentUrl\":\"https:\\\/\\\/kokpit.az\\\/wp-content\\\/uploads\\\/2023\\\/05\\\/kokpit.jpg\",\"width\":488,\"height\":245,\"caption\":\"X\u0259b\u0259ri Kokpitd\u0259 Oxuyun!\"},\"image\":{\"@id\":\"https:\\\/\\\/kokpit.az\\\/#\\\/schema\\\/logo\\\/image\\\/\"},\"sameAs\":[\"https:\\\/\\\/www.facebook.com\\\/profile.php?id=61553756392357\"]},{\"@type\":\"Person\",\"@id\":\"https:\\\/\\\/kokpit.az\\\/#\\\/schema\\\/person\\\/f4114e650bc2993d0650e4fb6933c581\",\"name\":\"Rauf Hac\u0131yev\",\"image\":{\"@type\":\"ImageObject\",\"inLanguage\":\"az\",\"@id\":\"https:\\\/\\\/secure.gravatar.com\\\/avatar\\\/394a2085c47c7acdcf41f7d270b7cbb52513d6f4f24c1cb6dfbbd61f98c0503d?s=96&d=mm&r=g\",\"url\":\"https:\\\/\\\/secure.gravatar.com\\\/avatar\\\/394a2085c47c7acdcf41f7d270b7cbb52513d6f4f24c1cb6dfbbd61f98c0503d?s=96&d=mm&r=g\",\"contentUrl\":\"https:\\\/\\\/secure.gravatar.com\\\/avatar\\\/394a2085c47c7acdcf41f7d270b7cbb52513d6f4f24c1cb6dfbbd61f98c0503d?s=96&d=mm&r=g\",\"caption\":\"Rauf Hac\u0131yev\"},\"sameAs\":[\"https:\\\/\\\/kokpit.az\"],\"url\":\"https:\\\/\\\/kokpit.az\\\/?author=2\"}]}<\/script>\n<!-- \/ Yoast SEO plugin. -->","yoast_head_json":{"title":"A.Stella t\u0259\u0259cc\u00fcbl\u0259nib - X\u0259b\u0259ri Kokpitd\u0259 Oxuyun!","robots":{"index":"index","follow":"follow","max-snippet":"max-snippet:-1","max-image-preview":"max-image-preview:large","max-video-preview":"max-video-preview:-1"},"canonical":"https:\/\/kokpit.az\/?p=7627","og_locale":"az_AZ","og_type":"article","og_title":"A.Stella t\u0259\u0259cc\u00fcbl\u0259nib - X\u0259b\u0259ri Kokpitd\u0259 Oxuyun!","og_description":"McLaren komandas\u0131n\u0131n r\u0259hb\u0259ri Andrea Stella bildirib ki, bel\u0259 g\u00fccl\u00fc n\u0259tic\u0259l\u0259r ald\u0131qlar\u0131na \u00e7ox t\u0259\u0259cc\u00fcbl\u0259nib.","og_url":"https:\/\/kokpit.az\/?p=7627","og_site_name":"X\u0259b\u0259ri Kokpitd\u0259 Oxuyun!","article_publisher":"https:\/\/www.facebook.com\/profile.php?id=61553756392357","article_published_time":"2024-08-14T18:44:11+00:00","og_image":[{"width":1200,"height":630,"url":"https:\/\/kokpit.az\/wp-content\/uploads\/2024\/08\/Andrea-Stella-GP-Ungarn-2023-jsonLd16x9-7f6b5b53-2067137.jpg-e1723654375857.webp","type":"image\/webp"}],"author":"Rauf Hac\u0131yev","twitter_card":"summary_large_image","twitter_misc":{"Written by":"Rauf Hac\u0131yev","Est. reading time":"2 minutes"},"schema":{"@context":"https:\/\/schema.org","@graph":[{"@type":"Article","@id":"https:\/\/kokpit.az\/?p=7627#article","isPartOf":{"@id":"https:\/\/kokpit.az\/?p=7627"},"author":{"name":"Rauf Hac\u0131yev","@id":"https:\/\/kokpit.az\/#\/schema\/person\/f4114e650bc2993d0650e4fb6933c581"},"headline":"A.Stella t\u0259\u0259cc\u00fcbl\u0259nib","datePublished":"2024-08-14T18:44:11+00:00","mainEntityOfPage":{"@id":"https:\/\/kokpit.az\/?p=7627"},"wordCount":366,"commentCount":0,"publisher":{"@id":"https:\/\/kokpit.az\/#organization"},"image":{"@id":"https:\/\/kokpit.az\/?p=7627#primaryimage"},"thumbnailUrl":"https:\/\/kokpit.az\/wp-content\/uploads\/2024\/08\/Andrea-Stella-GP-Ungarn-2023-jsonLd16x9-7f6b5b53-2067137.jpg-e1723654375857.webp","keywords":["Andrea Stella","McLaren Formula 1 Team"],"articleSection":["X\u0259b\u0259rl\u0259r"],"inLanguage":"az","potentialAction":[{"@type":"CommentAction","name":"Comment","target":["https:\/\/kokpit.az\/?p=7627#respond"]}]},{"@type":"WebPage","@id":"https:\/\/kokpit.az\/?p=7627","url":"https:\/\/kokpit.az\/?p=7627","name":"A.Stella t\u0259\u0259cc\u00fcbl\u0259nib - X\u0259b\u0259ri Kokpitd\u0259 Oxuyun!","isPartOf":{"@id":"https:\/\/kokpit.az\/#website"},"primaryImageOfPage":{"@id":"https:\/\/kokpit.az\/?p=7627#primaryimage"},"image":{"@id":"https:\/\/kokpit.az\/?p=7627#primaryimage"},"thumbnailUrl":"https:\/\/kokpit.az\/wp-content\/uploads\/2024\/08\/Andrea-Stella-GP-Ungarn-2023-jsonLd16x9-7f6b5b53-2067137.jpg-e1723654375857.webp","datePublished":"2024-08-14T18:44:11+00:00","breadcrumb":{"@id":"https:\/\/kokpit.az\/?p=7627#breadcrumb"},"inLanguage":"az","potentialAction":[{"@type":"ReadAction","target":["https:\/\/kokpit.az\/?p=7627"]}]},{"@type":"ImageObject","inLanguage":"az","@id":"https:\/\/kokpit.az\/?p=7627#primaryimage","url":"https:\/\/kokpit.az\/wp-content\/uploads\/2024\/08\/Andrea-Stella-GP-Ungarn-2023-jsonLd16x9-7f6b5b53-2067137.jpg-e1723654375857.webp","contentUrl":"https:\/\/kokpit.az\/wp-content\/uploads\/2024\/08\/Andrea-Stella-GP-Ungarn-2023-jsonLd16x9-7f6b5b53-2067137.jpg-e1723654375857.webp","width":1200,"height":630},{"@type":"BreadcrumbList","@id":"https:\/\/kokpit.az\/?p=7627#breadcrumb","itemListElement":[{"@type":"ListItem","position":1,"name":"Home","item":"https:\/\/kokpit.az\/"},{"@type":"ListItem","position":2,"name":"A.Stella t\u0259\u0259cc\u00fcbl\u0259nib"}]},{"@type":"WebSite","@id":"https:\/\/kokpit.az\/#website","url":"https:\/\/kokpit.az\/","name":"X\u0259b\u0259ri Kokpitd\u0259 Oxuyun!","description":"","publisher":{"@id":"https:\/\/kokpit.az\/#organization"},"potentialAction":[{"@type":"SearchAction","target":{"@type":"EntryPoint","urlTemplate":"https:\/\/kokpit.az\/?s={search_term_string}"},"query-input":{"@type":"PropertyValueSpecification","valueRequired":true,"valueName":"search_term_string"}}],"inLanguage":"az"},{"@type":"Organization","@id":"https:\/\/kokpit.az\/#organization","name":"X\u0259b\u0259ri Kokpitd\u0259 Oxuyun!","url":"https:\/\/kokpit.az\/","logo":{"@type":"ImageObject","inLanguage":"az","@id":"https:\/\/kokpit.az\/#\/schema\/logo\/image\/","url":"https:\/\/kokpit.az\/wp-content\/uploads\/2023\/05\/kokpit.jpg","contentUrl":"https:\/\/kokpit.az\/wp-content\/uploads\/2023\/05\/kokpit.jpg","width":488,"height":245,"caption":"X\u0259b\u0259ri Kokpitd\u0259 Oxuyun!"},"image":{"@id":"https:\/\/kokpit.az\/#\/schema\/logo\/image\/"},"sameAs":["https:\/\/www.facebook.com\/profile.php?id=61553756392357"]},{"@type":"Person","@id":"https:\/\/kokpit.az\/#\/schema\/person\/f4114e650bc2993d0650e4fb6933c581","name":"Rauf Hac\u0131yev","image":{"@type":"ImageObject","inLanguage":"az","@id":"https:\/\/secure.gravatar.com\/avatar\/394a2085c47c7acdcf41f7d270b7cbb52513d6f4f24c1cb6dfbbd61f98c0503d?s=96&d=mm&r=g","url":"https:\/\/secure.gravatar.com\/avatar\/394a2085c47c7acdcf41f7d270b7cbb52513d6f4f24c1cb6dfbbd61f98c0503d?s=96&d=mm&r=g","contentUrl":"https:\/\/secure.gravatar.com\/avatar\/394a2085c47c7acdcf41f7d270b7cbb52513d6f4f24c1cb6dfbbd61f98c0503d?s=96&d=mm&r=g","caption":"Rauf Hac\u0131yev"},"sameAs":["https:\/\/kokpit.az"],"url":"https:\/\/kokpit.az\/?author=2"}]}},"_links":{"self":[{"href":"https:\/\/kokpit.az\/index.php?rest_route=\/wp\/v2\/posts\/7627","targetHints":{"allow":["GET"]}}],"collection":[{"href":"https:\/\/kokpit.az\/index.php?rest_route=\/wp\/v2\/posts"}],"about":[{"href":"https:\/\/kokpit.az\/index.php?rest_route=\/wp\/v2\/types\/post"}],"author":[{"embeddable":true,"href":"https:\/\/kokpit.az\/index.php?rest_route=\/wp\/v2\/users\/2"}],"replies":[{"embeddable":true,"href":"https:\/\/kokpit.az\/index.php?rest_route=%2Fwp%2Fv2%2Fcomments&post=7627"}],"version-history":[{"count":1,"href":"https:\/\/kokpit.az\/index.php?rest_route=\/wp\/v2\/posts\/7627\/revisions"}],"predecessor-version":[{"id":7629,"href":"https:\/\/kokpit.az\/index.php?rest_route=\/wp\/v2\/posts\/7627\/revisions\/7629"}],"wp:featuredmedia":[{"embeddable":true,"href":"https:\/\/kokpit.az\/index.php?rest_route=\/wp\/v2\/media\/7628"}],"wp:attachment":[{"href":"https:\/\/kokpit.az\/index.php?rest_route=%2Fwp%2Fv2%2Fmedia&parent=7627"}],"wp:term":[{"taxonomy":"category","embeddable":true,"href":"https:\/\/kokpit.az\/index.php?rest_route=%2Fwp%2Fv2%2Fcategories&post=7627"},{"taxonomy":"post_tag","embeddable":true,"href":"https:\/\/kokpit.az\/index.php?rest_route=%2Fwp%2Fv2%2Ftags&post=7627"}],"curies":[{"name":"wp","href":"https:\/\/api.w.org\/{rel}","templated":true}]}}