{"id":7299,"date":"2024-08-01T20:06:16","date_gmt":"2024-08-01T16:06:16","guid":{"rendered":"https:\/\/kokpit.az\/?p=7299"},"modified":"2024-08-01T20:38:48","modified_gmt":"2024-08-01T16:38:48","slug":"r%c9%99smi-mclaren-stella-il%c9%99-muqavil%c9%99ni-uzadib","status":"publish","type":"post","link":"https:\/\/kokpit.az\/?p=7299","title":{"rendered":"R\u0259smi: McLaren Stella il\u0259 m\u00fcqavil\u0259ni uzad\u0131b"},"content":{"rendered":"<div class=\"ms-content__main ms-content__main--regular\">\n<div class=\"msnt-entity-header  pb-6 pt-4 t:pb-8 t:pt-0  \">\n<h2 class=\"text-article-description font-title italic font text-fg-on-color t:text-fg-default\">Kokpit.az bildiri ki, McLaren Formula 1 Komandas\u0131 bu bar\u0259d\u0259 m\u0259lumat yay\u0131b.<\/h2>\n<\/div>\n<\/div>\n<p>Andrea Stella 2000-2014-c\u00fc ill\u0259rd\u0259 Ferrari komandas\u0131nda i\u015fl\u0259yib v\u0259 bu ill\u0259r \u0259rzind\u0259 Mixael \u015eumaxer v\u0259 Kimi R\u0259ykk\u00f6nenin performans m\u00fch\u0259ndisi, daha sonra is\u0259 Kimi R\u0259ykk\u00f6nenl\u0259 Fernando Alonsonun yar\u0131\u015f m\u00fch\u0259ndisi kimi i\u015fl\u0259yib.<\/p>\n<p>2015-ci ild\u0259 is\u0259 McLaren komandas\u0131na ke\u00e7ib. Burada m\u00fcxt\u0259lif v\u0259zif\u0259l\u0259rd\u0259 i\u015fl\u0259dikd\u0259n sonra 2022-ci ild\u0259 komanda r\u0259hb\u0259ri t\u0259yin edilib. M\u0259hz bundan sonra McLaren komandas\u0131 s\u00fcr\u0259tl\u0259nm\u0259y\u0259 ba\u015flay\u0131b.<\/p>\n<div class=\"ms-content__main ms-content__main--regular\">\n<div class=\"ms-article_detail\">\n<div class=\"ms-article__main mb-dynamic\">\n<div class=\"ms-article__body\">\n<div id=\"ms-piano_article-precontent\" class=\"empty:contents\">Bundan ba\u015fqa <strong>McLaren<\/strong> komandas\u0131 ke\u00e7\u0259n il Lando Norris v\u0259 Oskar Piastri il\u0259 \u00e7oxillik m\u00fcqavil\u0259 uzatm\u0131\u015fd\u0131. Andrea Stella il\u0259 d\u0259 \u00e7oxillik m\u00fcqavil\u0259 ba\u011flayan McLaren komandas\u0131 \u00e7empionluq yolunda uzun ill\u0259r stabil hey\u0259tl\u0259 davam etm\u0259k ist\u0259yir.<\/div>\n<div class=\"ms-article-content-wrapper my-dynamic\">\n<div class=\"ms-article-content\" data-autoplay=\"0\" data-mute=\"0\" data-position=\"embed\" data-series=\"f1\">\n<p>&nbsp;<\/p>\n<p>McLaren-in idar\u0259 hey\u0259tinin r\u0259hb\u0259ri <strong>Zek Braun<\/strong> yeni m\u00fcqavil\u0259 il\u0259 ba\u011fl\u0131 bunlar\u0131 deyib: &#8220;Andrean\u0131n komanda r\u0259hb\u0259ri kimi McLaren-\u0259 g\u00f6st\u0259rdiyi t\u0259sir \u00e7ox b\u00f6y\u00fckd\u00fcr. Onun liderliyi il\u0259 komanda \u00e7ox inki\u015faf etdi v\u0259 uzun m\u00fcdd\u0259tli u\u011furlar \u00fc\u00e7\u00fcn \u00f6z\u00fcm\u00fcz\u00fc haz\u0131rlama\u011fa ba\u015flad\u0131q. Andrean\u0131n t\u0259cr\u00fcb\u0259si v\u0259 g\u0259l\u0259c\u0259y\u0259 bax\u0131\u015f\u0131 il\u0259 h\u0259d\u0259fl\u0259rimiz\u0259 \u00e7ataca\u011f\u0131q&#8221;.<\/p>\n<div id=\"ms-piano_article-prebanner\" class=\"empty:contents\"><\/div>\n<\/div>\n<\/div>\n<\/div>\n<\/div>\n<\/div>\n<\/div>\n<div class=\"ms-content__sidebar ms-layout-spaced--sidebar ms-content__sidebar--right-only\">\n<div class=\"ms-apb ms-apb-rectangle\">\n<div id=\"6122441_MST_tr_Rectangle_rectangle_first_1722528927_2\" class=\"ms-ap\" data-id=\"2\" data-ad-unit-id=\"\/6122441\/MST\/tr\/Rectangle\/rectangle_first\" data-dfp-code=\"MST\/tr\/Rectangle\" data-width=\"300\" data-height=\"250\" data-dfp-attrs=\"{&quot;ms_banner_name&quot;:&quot;rectangle_first&quot;,&quot;msnt_env&quot;:&quot;production&quot;,&quot;ms_category&quot;:&quot;all&quot;,&quot;ms_series&quot;:&quot;f1&quot;,&quot;ms_edition&quot;:&quot;tr&quot;,&quot;ms_lang&quot;:&quot;tr&quot;,&quot;ms_page_type&quot;:&quot;detail&quot;,&quot;ms_page_content_type&quot;:&quot;article&quot;,&quot;ms_page_content_id&quot;:&quot;10641150&quot;,&quot;ms_event_id&quot;:&quot;642873&quot;,&quot;ms_author_id&quot;:&quot;263326&quot;,&quot;ms_drivers&quot;:[&quot;950518&quot;],&quot;ms_teams&quot;:[&quot;11477&quot;],&quot;ms_banner_position&quot;:&quot;sidebar&quot;}\" data-msnt-label=\"Reklam\" data-empower-added=\"true\">\n<div id=\"zn158489_8\" class=\"empower-ad\" data-empower-zone=\"158489\" data-empower-attr=\"{&quot;ms_banner_name&quot;:&quot;rectangle_first&quot;,&quot;msnt_env&quot;:&quot;production&quot;,&quot;ms_category&quot;:&quot;all&quot;,&quot;ms_series&quot;:&quot;f1&quot;,&quot;ms_edition&quot;:&quot;tr&quot;,&quot;ms_lang&quot;:&quot;tr&quot;,&quot;ms_page_type&quot;:&quot;detail&quot;,&quot;ms_page_content_type&quot;:&quot;article&quot;,&quot;ms_page_content_id&quot;:&quot;10641150&quot;,&quot;ms_event_id&quot;:&quot;642873&quot;,&quot;ms_author_id&quot;:&quot;263326&quot;,&quot;ms_drivers&quot;:[&quot;950518&quot;],&quot;ms_teams&quot;:[&quot;11477&quot;],&quot;ms_banner_position&quot;:&quot;sidebar&quot;}\" data-empower-id=\"e172252892907637707\" data-empower-inited=\"true\">\n<div id=\"vrgdiv6459e08fe4b08331e046e50d\" class=\"virgul-ad imaj\" data-id=\"6459e08fe4b08331e046e50d___158489134355883\" data-resource=\"158489@site_geneli@tr_motorsport:site_geneli\">\n<div id=\"div-gpt-ad-1455783126174-15848921728129623web_tr_motorsport_side_banner_300x250\" data-google-query-id=\"CP_d6POY1IcDFTzMOwIdqVUObg\">\n<div id=\"google_ads_iframe_\/21728129623,21677920890\/web_tr_motorsport_side_banner_300x250_1__container__\"><\/div>\n<\/div>\n<\/div>\n<\/div>\n<\/div>\n<\/div>\n<div class=\"ms-apb ms-apb-dmpu \">\n<div id=\"6122441_MST_tr_DMPU_dmpu_1_1722528927\" class=\"ms-ap\" data-id=\"3\" data-ad-unit-id=\"\/6122441\/MST\/tr\/DMPU\/dmpu_1\" data-dfp-code=\"MST\/tr\/DMPU\" data-sizes=\"300x250,300x600\" data-width=\"300\" data-height=\"250\" data-dfp-attrs=\"{&quot;ms_banner_name&quot;:&quot;dmpu_1&quot;,&quot;msnt_env&quot;:&quot;production&quot;,&quot;ms_category&quot;:&quot;all&quot;,&quot;ms_series&quot;:&quot;f1&quot;,&quot;ms_edition&quot;:&quot;tr&quot;,&quot;ms_lang&quot;:&quot;tr&quot;,&quot;ms_page_type&quot;:&quot;detail&quot;,&quot;ms_page_content_type&quot;:&quot;article&quot;,&quot;ms_page_content_id&quot;:&quot;10641150&quot;,&quot;ms_event_id&quot;:&quot;642873&quot;,&quot;ms_author_id&quot;:&quot;263326&quot;,&quot;ms_drivers&quot;:[&quot;950518&quot;],&quot;ms_teams&quot;:[&quot;11477&quot;],&quot;ms_banner_position&quot;:&quot;sidebar&quot;}\" data-msnt-label=\"Reklam\" data-empower-added=\"true\">\n<div id=\"zn158490_9\" class=\"empower-ad\" data-empower-zone=\"158490\" data-empower-attr=\"{&quot;ms_banner_name&quot;:&quot;dmpu_1&quot;,&quot;msnt_env&quot;:&quot;production&quot;,&quot;ms_category&quot;:&quot;all&quot;,&quot;ms_series&quot;:&quot;f1&quot;,&quot;ms_edition&quot;:&quot;tr&quot;,&quot;ms_lang&quot;:&quot;tr&quot;,&quot;ms_page_type&quot;:&quot;detail&quot;,&quot;ms_page_content_type&quot;:&quot;article&quot;,&quot;ms_page_content_id&quot;:&quot;10641150&quot;,&quot;ms_event_id&quot;:&quot;642873&quot;,&quot;ms_author_id&quot;:&quot;263326&quot;,&quot;ms_drivers&quot;:[&quot;950518&quot;],&quot;ms_teams&quot;:[&quot;11477&quot;],&quot;ms_banner_position&quot;:&quot;sidebar&quot;}\" data-empower-id=\"e17225289290788820\" data-empower-inited=\"true\">\n<div id=\"vrgdiv6459e106e4b08331e046e50f\" class=\"virgul-ad imaj\" data-id=\"6459e106e4b08331e046e50f___15849081194129\" data-resource=\"158490@site_geneli@tr_motorsport:site_geneli\">\n<div id=\"div-gpt-ad-1455783126174-15849021728129623web_tr_motorsport_side_banner_300x600\" data-google-query-id=\"COHe6POY1IcDFXpmkQUdaEg0yQ\"><\/div>\n<\/div>\n<\/div>\n<\/div>\n<\/div>\n<\/div>\n","protected":false},"excerpt":{"rendered":"<p>McLaren komandas\u0131 r\u0259hb\u0259rl\u0259ri \u00a0Andrea Stella il\u0259 yeni \u00e7oxillik m\u00fcqavil\u0259 uzad\u0131b.\u00a0<\/p>\n","protected":false},"author":2,"featured_media":7300,"comment_status":"open","ping_status":"open","sticky":false,"template":"","format":"standard","meta":{"footnotes":""},"categories":[4,2],"tags":[72,70,71],"class_list":["post-7299","post","type-post","status-publish","format-standard","has-post-thumbnail","hentry","category-manshet","category-news","tag-andrea-stella","tag-mclaren-formula-1-team","tag-zak-brown"],"yoast_head":"<!-- This site is optimized with the Yoast SEO plugin v27.5 - https:\/\/yoast.com\/product\/yoast-seo-wordpress\/ -->\n<title>R\u0259smi: McLaren Stella il\u0259 m\u00fcqavil\u0259ni uzad\u0131b - X\u0259b\u0259ri Kokpitd\u0259 Oxuyun!<\/title>\n<meta name=\"robots\" content=\"index, follow, max-snippet:-1, max-image-preview:large, max-video-preview:-1\" \/>\n<link rel=\"canonical\" href=\"https:\/\/kokpit.az\/?p=7299\" \/>\n<meta property=\"og:locale\" content=\"az_AZ\" \/>\n<meta property=\"og:type\" content=\"article\" \/>\n<meta property=\"og:title\" content=\"R\u0259smi: McLaren Stella il\u0259 m\u00fcqavil\u0259ni uzad\u0131b - X\u0259b\u0259ri Kokpitd\u0259 Oxuyun!\" \/>\n<meta property=\"og:description\" content=\"McLaren komandas\u0131 r\u0259hb\u0259rl\u0259ri \u00a0Andrea Stella il\u0259 yeni \u00e7oxillik m\u00fcqavil\u0259 uzad\u0131b.\u00a0\" \/>\n<meta property=\"og:url\" content=\"https:\/\/kokpit.az\/?p=7299\" \/>\n<meta property=\"og:site_name\" content=\"X\u0259b\u0259ri Kokpitd\u0259 Oxuyun!\" \/>\n<meta property=\"article:publisher\" content=\"https:\/\/www.facebook.com\/profile.php?id=61553756392357\" \/>\n<meta property=\"article:published_time\" content=\"2024-08-01T16:06:16+00:00\" \/>\n<meta property=\"article:modified_time\" content=\"2024-08-01T16:38:48+00:00\" \/>\n<meta property=\"og:image\" content=\"https:\/\/kokpit.az\/wp-content\/uploads\/2024\/08\/andrea-stella-mclaren-team-pri-e1722530322608.webp\" \/>\n\t<meta property=\"og:image:width\" content=\"1200\" \/>\n\t<meta property=\"og:image:height\" content=\"630\" \/>\n\t<meta property=\"og:image:type\" content=\"image\/webp\" \/>\n<meta name=\"author\" content=\"Rauf Hac\u0131yev\" \/>\n<meta name=\"twitter:card\" content=\"summary_large_image\" \/>\n<meta name=\"twitter:label1\" content=\"Written by\" \/>\n\t<meta name=\"twitter:data1\" content=\"Rauf Hac\u0131yev\" \/>\n\t<meta name=\"twitter:label2\" content=\"Est. reading time\" \/>\n\t<meta name=\"twitter:data2\" content=\"1 minute\" \/>\n<script type=\"application\/ld+json\" class=\"yoast-schema-graph\">{\"@context\":\"https:\\\/\\\/schema.org\",\"@graph\":[{\"@type\":\"Article\",\"@id\":\"https:\\\/\\\/kokpit.az\\\/?p=7299#article\",\"isPartOf\":{\"@id\":\"https:\\\/\\\/kokpit.az\\\/?p=7299\"},\"author\":{\"name\":\"Rauf Hac\u0131yev\",\"@id\":\"https:\\\/\\\/kokpit.az\\\/#\\\/schema\\\/person\\\/f4114e650bc2993d0650e4fb6933c581\"},\"headline\":\"R\u0259smi: McLaren Stella il\u0259 m\u00fcqavil\u0259ni uzad\u0131b\",\"datePublished\":\"2024-08-01T16:06:16+00:00\",\"dateModified\":\"2024-08-01T16:38:48+00:00\",\"mainEntityOfPage\":{\"@id\":\"https:\\\/\\\/kokpit.az\\\/?p=7299\"},\"wordCount\":236,\"commentCount\":0,\"publisher\":{\"@id\":\"https:\\\/\\\/kokpit.az\\\/#organization\"},\"image\":{\"@id\":\"https:\\\/\\\/kokpit.az\\\/?p=7299#primaryimage\"},\"thumbnailUrl\":\"https:\\\/\\\/kokpit.az\\\/wp-content\\\/uploads\\\/2024\\\/08\\\/andrea-stella-mclaren-team-pri-e1722530322608.webp\",\"keywords\":[\"Andrea Stella\",\"McLaren Formula 1 Team\",\"Zak Brown\"],\"articleSection\":[\"Man\u015fet\",\"X\u0259b\u0259rl\u0259r\"],\"inLanguage\":\"az\",\"potentialAction\":[{\"@type\":\"CommentAction\",\"name\":\"Comment\",\"target\":[\"https:\\\/\\\/kokpit.az\\\/?p=7299#respond\"]}]},{\"@type\":\"WebPage\",\"@id\":\"https:\\\/\\\/kokpit.az\\\/?p=7299\",\"url\":\"https:\\\/\\\/kokpit.az\\\/?p=7299\",\"name\":\"R\u0259smi: McLaren Stella il\u0259 m\u00fcqavil\u0259ni uzad\u0131b - X\u0259b\u0259ri Kokpitd\u0259 Oxuyun!\",\"isPartOf\":{\"@id\":\"https:\\\/\\\/kokpit.az\\\/#website\"},\"primaryImageOfPage\":{\"@id\":\"https:\\\/\\\/kokpit.az\\\/?p=7299#primaryimage\"},\"image\":{\"@id\":\"https:\\\/\\\/kokpit.az\\\/?p=7299#primaryimage\"},\"thumbnailUrl\":\"https:\\\/\\\/kokpit.az\\\/wp-content\\\/uploads\\\/2024\\\/08\\\/andrea-stella-mclaren-team-pri-e1722530322608.webp\",\"datePublished\":\"2024-08-01T16:06:16+00:00\",\"dateModified\":\"2024-08-01T16:38:48+00:00\",\"breadcrumb\":{\"@id\":\"https:\\\/\\\/kokpit.az\\\/?p=7299#breadcrumb\"},\"inLanguage\":\"az\",\"potentialAction\":[{\"@type\":\"ReadAction\",\"target\":[\"https:\\\/\\\/kokpit.az\\\/?p=7299\"]}]},{\"@type\":\"ImageObject\",\"inLanguage\":\"az\",\"@id\":\"https:\\\/\\\/kokpit.az\\\/?p=7299#primaryimage\",\"url\":\"https:\\\/\\\/kokpit.az\\\/wp-content\\\/uploads\\\/2024\\\/08\\\/andrea-stella-mclaren-team-pri-e1722530322608.webp\",\"contentUrl\":\"https:\\\/\\\/kokpit.az\\\/wp-content\\\/uploads\\\/2024\\\/08\\\/andrea-stella-mclaren-team-pri-e1722530322608.webp\",\"width\":1200,\"height\":630},{\"@type\":\"BreadcrumbList\",\"@id\":\"https:\\\/\\\/kokpit.az\\\/?p=7299#breadcrumb\",\"itemListElement\":[{\"@type\":\"ListItem\",\"position\":1,\"name\":\"Home\",\"item\":\"https:\\\/\\\/kokpit.az\\\/\"},{\"@type\":\"ListItem\",\"position\":2,\"name\":\"R\u0259smi: McLaren Stella il\u0259 m\u00fcqavil\u0259ni uzad\u0131b\"}]},{\"@type\":\"WebSite\",\"@id\":\"https:\\\/\\\/kokpit.az\\\/#website\",\"url\":\"https:\\\/\\\/kokpit.az\\\/\",\"name\":\"X\u0259b\u0259ri Kokpitd\u0259 Oxuyun!\",\"description\":\"\",\"publisher\":{\"@id\":\"https:\\\/\\\/kokpit.az\\\/#organization\"},\"potentialAction\":[{\"@type\":\"SearchAction\",\"target\":{\"@type\":\"EntryPoint\",\"urlTemplate\":\"https:\\\/\\\/kokpit.az\\\/?s={search_term_string}\"},\"query-input\":{\"@type\":\"PropertyValueSpecification\",\"valueRequired\":true,\"valueName\":\"search_term_string\"}}],\"inLanguage\":\"az\"},{\"@type\":\"Organization\",\"@id\":\"https:\\\/\\\/kokpit.az\\\/#organization\",\"name\":\"X\u0259b\u0259ri Kokpitd\u0259 Oxuyun!\",\"url\":\"https:\\\/\\\/kokpit.az\\\/\",\"logo\":{\"@type\":\"ImageObject\",\"inLanguage\":\"az\",\"@id\":\"https:\\\/\\\/kokpit.az\\\/#\\\/schema\\\/logo\\\/image\\\/\",\"url\":\"https:\\\/\\\/kokpit.az\\\/wp-content\\\/uploads\\\/2023\\\/05\\\/kokpit.jpg\",\"contentUrl\":\"https:\\\/\\\/kokpit.az\\\/wp-content\\\/uploads\\\/2023\\\/05\\\/kokpit.jpg\",\"width\":488,\"height\":245,\"caption\":\"X\u0259b\u0259ri Kokpitd\u0259 Oxuyun!\"},\"image\":{\"@id\":\"https:\\\/\\\/kokpit.az\\\/#\\\/schema\\\/logo\\\/image\\\/\"},\"sameAs\":[\"https:\\\/\\\/www.facebook.com\\\/profile.php?id=61553756392357\"]},{\"@type\":\"Person\",\"@id\":\"https:\\\/\\\/kokpit.az\\\/#\\\/schema\\\/person\\\/f4114e650bc2993d0650e4fb6933c581\",\"name\":\"Rauf Hac\u0131yev\",\"image\":{\"@type\":\"ImageObject\",\"inLanguage\":\"az\",\"@id\":\"https:\\\/\\\/secure.gravatar.com\\\/avatar\\\/394a2085c47c7acdcf41f7d270b7cbb52513d6f4f24c1cb6dfbbd61f98c0503d?s=96&d=mm&r=g\",\"url\":\"https:\\\/\\\/secure.gravatar.com\\\/avatar\\\/394a2085c47c7acdcf41f7d270b7cbb52513d6f4f24c1cb6dfbbd61f98c0503d?s=96&d=mm&r=g\",\"contentUrl\":\"https:\\\/\\\/secure.gravatar.com\\\/avatar\\\/394a2085c47c7acdcf41f7d270b7cbb52513d6f4f24c1cb6dfbbd61f98c0503d?s=96&d=mm&r=g\",\"caption\":\"Rauf Hac\u0131yev\"},\"sameAs\":[\"https:\\\/\\\/kokpit.az\"],\"url\":\"https:\\\/\\\/kokpit.az\\\/?author=2\"}]}<\/script>\n<!-- \/ Yoast SEO plugin. -->","yoast_head_json":{"title":"R\u0259smi: McLaren Stella il\u0259 m\u00fcqavil\u0259ni uzad\u0131b - X\u0259b\u0259ri Kokpitd\u0259 Oxuyun!","robots":{"index":"index","follow":"follow","max-snippet":"max-snippet:-1","max-image-preview":"max-image-preview:large","max-video-preview":"max-video-preview:-1"},"canonical":"https:\/\/kokpit.az\/?p=7299","og_locale":"az_AZ","og_type":"article","og_title":"R\u0259smi: McLaren Stella il\u0259 m\u00fcqavil\u0259ni uzad\u0131b - X\u0259b\u0259ri Kokpitd\u0259 Oxuyun!","og_description":"McLaren komandas\u0131 r\u0259hb\u0259rl\u0259ri \u00a0Andrea Stella il\u0259 yeni \u00e7oxillik m\u00fcqavil\u0259 uzad\u0131b.\u00a0","og_url":"https:\/\/kokpit.az\/?p=7299","og_site_name":"X\u0259b\u0259ri Kokpitd\u0259 Oxuyun!","article_publisher":"https:\/\/www.facebook.com\/profile.php?id=61553756392357","article_published_time":"2024-08-01T16:06:16+00:00","article_modified_time":"2024-08-01T16:38:48+00:00","og_image":[{"width":1200,"height":630,"url":"https:\/\/kokpit.az\/wp-content\/uploads\/2024\/08\/andrea-stella-mclaren-team-pri-e1722530322608.webp","type":"image\/webp"}],"author":"Rauf Hac\u0131yev","twitter_card":"summary_large_image","twitter_misc":{"Written by":"Rauf Hac\u0131yev","Est. reading time":"1 minute"},"schema":{"@context":"https:\/\/schema.org","@graph":[{"@type":"Article","@id":"https:\/\/kokpit.az\/?p=7299#article","isPartOf":{"@id":"https:\/\/kokpit.az\/?p=7299"},"author":{"name":"Rauf Hac\u0131yev","@id":"https:\/\/kokpit.az\/#\/schema\/person\/f4114e650bc2993d0650e4fb6933c581"},"headline":"R\u0259smi: McLaren Stella il\u0259 m\u00fcqavil\u0259ni uzad\u0131b","datePublished":"2024-08-01T16:06:16+00:00","dateModified":"2024-08-01T16:38:48+00:00","mainEntityOfPage":{"@id":"https:\/\/kokpit.az\/?p=7299"},"wordCount":236,"commentCount":0,"publisher":{"@id":"https:\/\/kokpit.az\/#organization"},"image":{"@id":"https:\/\/kokpit.az\/?p=7299#primaryimage"},"thumbnailUrl":"https:\/\/kokpit.az\/wp-content\/uploads\/2024\/08\/andrea-stella-mclaren-team-pri-e1722530322608.webp","keywords":["Andrea Stella","McLaren Formula 1 Team","Zak Brown"],"articleSection":["Man\u015fet","X\u0259b\u0259rl\u0259r"],"inLanguage":"az","potentialAction":[{"@type":"CommentAction","name":"Comment","target":["https:\/\/kokpit.az\/?p=7299#respond"]}]},{"@type":"WebPage","@id":"https:\/\/kokpit.az\/?p=7299","url":"https:\/\/kokpit.az\/?p=7299","name":"R\u0259smi: McLaren Stella il\u0259 m\u00fcqavil\u0259ni uzad\u0131b - X\u0259b\u0259ri Kokpitd\u0259 Oxuyun!","isPartOf":{"@id":"https:\/\/kokpit.az\/#website"},"primaryImageOfPage":{"@id":"https:\/\/kokpit.az\/?p=7299#primaryimage"},"image":{"@id":"https:\/\/kokpit.az\/?p=7299#primaryimage"},"thumbnailUrl":"https:\/\/kokpit.az\/wp-content\/uploads\/2024\/08\/andrea-stella-mclaren-team-pri-e1722530322608.webp","datePublished":"2024-08-01T16:06:16+00:00","dateModified":"2024-08-01T16:38:48+00:00","breadcrumb":{"@id":"https:\/\/kokpit.az\/?p=7299#breadcrumb"},"inLanguage":"az","potentialAction":[{"@type":"ReadAction","target":["https:\/\/kokpit.az\/?p=7299"]}]},{"@type":"ImageObject","inLanguage":"az","@id":"https:\/\/kokpit.az\/?p=7299#primaryimage","url":"https:\/\/kokpit.az\/wp-content\/uploads\/2024\/08\/andrea-stella-mclaren-team-pri-e1722530322608.webp","contentUrl":"https:\/\/kokpit.az\/wp-content\/uploads\/2024\/08\/andrea-stella-mclaren-team-pri-e1722530322608.webp","width":1200,"height":630},{"@type":"BreadcrumbList","@id":"https:\/\/kokpit.az\/?p=7299#breadcrumb","itemListElement":[{"@type":"ListItem","position":1,"name":"Home","item":"https:\/\/kokpit.az\/"},{"@type":"ListItem","position":2,"name":"R\u0259smi: McLaren Stella il\u0259 m\u00fcqavil\u0259ni uzad\u0131b"}]},{"@type":"WebSite","@id":"https:\/\/kokpit.az\/#website","url":"https:\/\/kokpit.az\/","name":"X\u0259b\u0259ri Kokpitd\u0259 Oxuyun!","description":"","publisher":{"@id":"https:\/\/kokpit.az\/#organization"},"potentialAction":[{"@type":"SearchAction","target":{"@type":"EntryPoint","urlTemplate":"https:\/\/kokpit.az\/?s={search_term_string}"},"query-input":{"@type":"PropertyValueSpecification","valueRequired":true,"valueName":"search_term_string"}}],"inLanguage":"az"},{"@type":"Organization","@id":"https:\/\/kokpit.az\/#organization","name":"X\u0259b\u0259ri Kokpitd\u0259 Oxuyun!","url":"https:\/\/kokpit.az\/","logo":{"@type":"ImageObject","inLanguage":"az","@id":"https:\/\/kokpit.az\/#\/schema\/logo\/image\/","url":"https:\/\/kokpit.az\/wp-content\/uploads\/2023\/05\/kokpit.jpg","contentUrl":"https:\/\/kokpit.az\/wp-content\/uploads\/2023\/05\/kokpit.jpg","width":488,"height":245,"caption":"X\u0259b\u0259ri Kokpitd\u0259 Oxuyun!"},"image":{"@id":"https:\/\/kokpit.az\/#\/schema\/logo\/image\/"},"sameAs":["https:\/\/www.facebook.com\/profile.php?id=61553756392357"]},{"@type":"Person","@id":"https:\/\/kokpit.az\/#\/schema\/person\/f4114e650bc2993d0650e4fb6933c581","name":"Rauf Hac\u0131yev","image":{"@type":"ImageObject","inLanguage":"az","@id":"https:\/\/secure.gravatar.com\/avatar\/394a2085c47c7acdcf41f7d270b7cbb52513d6f4f24c1cb6dfbbd61f98c0503d?s=96&d=mm&r=g","url":"https:\/\/secure.gravatar.com\/avatar\/394a2085c47c7acdcf41f7d270b7cbb52513d6f4f24c1cb6dfbbd61f98c0503d?s=96&d=mm&r=g","contentUrl":"https:\/\/secure.gravatar.com\/avatar\/394a2085c47c7acdcf41f7d270b7cbb52513d6f4f24c1cb6dfbbd61f98c0503d?s=96&d=mm&r=g","caption":"Rauf Hac\u0131yev"},"sameAs":["https:\/\/kokpit.az"],"url":"https:\/\/kokpit.az\/?author=2"}]}},"_links":{"self":[{"href":"https:\/\/kokpit.az\/index.php?rest_route=\/wp\/v2\/posts\/7299","targetHints":{"allow":["GET"]}}],"collection":[{"href":"https:\/\/kokpit.az\/index.php?rest_route=\/wp\/v2\/posts"}],"about":[{"href":"https:\/\/kokpit.az\/index.php?rest_route=\/wp\/v2\/types\/post"}],"author":[{"embeddable":true,"href":"https:\/\/kokpit.az\/index.php?rest_route=\/wp\/v2\/users\/2"}],"replies":[{"embeddable":true,"href":"https:\/\/kokpit.az\/index.php?rest_route=%2Fwp%2Fv2%2Fcomments&post=7299"}],"version-history":[{"count":1,"href":"https:\/\/kokpit.az\/index.php?rest_route=\/wp\/v2\/posts\/7299\/revisions"}],"predecessor-version":[{"id":7301,"href":"https:\/\/kokpit.az\/index.php?rest_route=\/wp\/v2\/posts\/7299\/revisions\/7301"}],"wp:featuredmedia":[{"embeddable":true,"href":"https:\/\/kokpit.az\/index.php?rest_route=\/wp\/v2\/media\/7300"}],"wp:attachment":[{"href":"https:\/\/kokpit.az\/index.php?rest_route=%2Fwp%2Fv2%2Fmedia&parent=7299"}],"wp:term":[{"taxonomy":"category","embeddable":true,"href":"https:\/\/kokpit.az\/index.php?rest_route=%2Fwp%2Fv2%2Fcategories&post=7299"},{"taxonomy":"post_tag","embeddable":true,"href":"https:\/\/kokpit.az\/index.php?rest_route=%2Fwp%2Fv2%2Ftags&post=7299"}],"curies":[{"name":"wp","href":"https:\/\/api.w.org\/{rel}","templated":true}]}}