{"id":7296,"date":"2024-08-01T17:06:19","date_gmt":"2024-08-01T13:06:19","guid":{"rendered":"https:\/\/kokpit.az\/?p=7296"},"modified":"2024-08-01T20:14:47","modified_gmt":"2024-08-01T16:14:47","slug":"r%c9%99smi-conatan-vitli-audi-y%c9%99-gedir","status":"publish","type":"post","link":"https:\/\/kokpit.az\/?p=7296","title":{"rendered":"R\u0259smi: Conatan Vitli Audi-y\u0259 gedir"},"content":{"rendered":"<div class=\"msnt-entity-header  pb-6 pt-4 t:pb-8 t:pt-0  \">\n<h2 class=\"text-article-description font-title italic font text-fg-on-color t:text-fg-default\">Kokpit.az bildirir ki, Red Bull komandas\u0131nda idman direktoru i\u015fl\u0259mi\u015f Conatan Vitli &#8220;q\u0131rm\u0131z\u0131 \u00f6k\u00fczl\u0259r&#8221;l\u0259 yollar\u0131n\u0131 ay\u0131rd\u0131\u011f\u0131n\u0131 v\u0259 Audi Formula 1 layih\u0259sind\u0259 komanda r\u0259hb\u0259ri kimi i\u015f\u0259 ba\u015flayaca\u011f\u0131n\u0131 ictimaiyy\u0259t\u0259 bildirib.<\/h2>\n<\/div>\n<p>Vitli 2024-c\u00fc ilin sonuna q\u0259d\u0259r Red Bull-da i\u015fl\u0259m\u0259y\u0259 davam ed\u0259c\u0259k. 2025-ci ild is\u0259 icbari fasil\u0259y\u0259 \u00e7\u0131xacaq.<\/p>\n<p><strong>Conatan Vitli<\/strong> Red Bull komandas\u0131nda 18 il i\u015fl\u0259yib v\u0259 \u00e7ox vacib u\u011furlara imza at\u0131b.<\/p>\n<div class=\"text-footnote-md\"><strong>Red Bull<\/strong> komandas\u0131n\u0131n r\u0259hb\u0259ri <strong>Kristian Horner<\/strong> Vitlinin ayr\u0131l\u0131\u011f\u0131 bar\u0259d\u0259 bel\u0259 dan\u0131\u015f\u0131b: &#8220;Conatan il\u0259 18 il davam ed\u0259n uzun v\u0259 u\u011furlu m\u00fcnasib\u0259timiz olub. \u018fvv\u0259lc\u0259 komanda idar\u0259\u00e7isi, sonra is\u0259 idman direktoru kimi 6 M\u00fch\u0259ndisl\u0259r Kuboku, 7 S\u00fcr\u00fcc\u00fcl\u0259r \u00c7empionlu\u011fu qazanma\u011f\u0131m\u0131zda \u00f6n\u0259mli qatq\u0131 verib. O, komanda tariximizd\u0259 sonsuza q\u0259d\u0259r \u00f6z yerini qoruyacaq&#8221;.<\/div>\n","protected":false},"excerpt":{"rendered":"<p>Conatan Vitli Audi F1 layih\u0259sinin yeni komanda r\u0259hb\u0259ri olmaq \u00fc\u00e7\u00fcn Red Bull-dana ayr\u0131lma\u011fa haz\u0131rla\u015f\u0131r.\u00a0<\/p>\n","protected":false},"author":2,"featured_media":7297,"comment_status":"open","ping_status":"open","sticky":false,"template":"","format":"standard","meta":{"footnotes":""},"categories":[4,2],"tags":[294,535,51],"class_list":["post-7296","post","type-post","status-publish","format-standard","has-post-thumbnail","hentry","category-manshet","category-news","tag-audi","tag-jonathan-wheatley","tag-red-bull-racing"],"yoast_head":"<!-- This site is optimized with the Yoast SEO plugin v27.5 - https:\/\/yoast.com\/product\/yoast-seo-wordpress\/ -->\n<title>R\u0259smi: Conatan Vitli Audi-y\u0259 gedir - X\u0259b\u0259ri Kokpitd\u0259 Oxuyun!<\/title>\n<meta name=\"robots\" content=\"index, follow, max-snippet:-1, max-image-preview:large, max-video-preview:-1\" \/>\n<link rel=\"canonical\" href=\"https:\/\/kokpit.az\/?p=7296\" \/>\n<meta property=\"og:locale\" content=\"az_AZ\" \/>\n<meta property=\"og:type\" content=\"article\" \/>\n<meta property=\"og:title\" content=\"R\u0259smi: Conatan Vitli Audi-y\u0259 gedir - X\u0259b\u0259ri Kokpitd\u0259 Oxuyun!\" \/>\n<meta property=\"og:description\" content=\"Conatan Vitli Audi F1 layih\u0259sinin yeni komanda r\u0259hb\u0259ri olmaq \u00fc\u00e7\u00fcn Red Bull-dana ayr\u0131lma\u011fa haz\u0131rla\u015f\u0131r.\u00a0\" \/>\n<meta property=\"og:url\" content=\"https:\/\/kokpit.az\/?p=7296\" \/>\n<meta property=\"og:site_name\" content=\"X\u0259b\u0259ri Kokpitd\u0259 Oxuyun!\" \/>\n<meta property=\"article:publisher\" content=\"https:\/\/www.facebook.com\/profile.php?id=61553756392357\" \/>\n<meta property=\"article:published_time\" content=\"2024-08-01T13:06:19+00:00\" \/>\n<meta property=\"article:modified_time\" content=\"2024-08-01T16:14:47+00:00\" \/>\n<meta property=\"og:image\" content=\"https:\/\/kokpit.az\/wp-content\/uploads\/2024\/08\/red-bull-sporting-director-jon-e1722528882577.webp\" \/>\n\t<meta property=\"og:image:width\" content=\"1200\" \/>\n\t<meta property=\"og:image:height\" content=\"630\" \/>\n\t<meta property=\"og:image:type\" content=\"image\/webp\" \/>\n<meta name=\"author\" content=\"Rauf Hac\u0131yev\" \/>\n<meta name=\"twitter:card\" content=\"summary_large_image\" \/>\n<meta name=\"twitter:label1\" content=\"Written by\" \/>\n\t<meta name=\"twitter:data1\" content=\"Rauf Hac\u0131yev\" \/>\n\t<meta name=\"twitter:label2\" content=\"Est. reading time\" \/>\n\t<meta name=\"twitter:data2\" content=\"1 minute\" \/>\n<script type=\"application\/ld+json\" class=\"yoast-schema-graph\">{\"@context\":\"https:\\\/\\\/schema.org\",\"@graph\":[{\"@type\":\"Article\",\"@id\":\"https:\\\/\\\/kokpit.az\\\/?p=7296#article\",\"isPartOf\":{\"@id\":\"https:\\\/\\\/kokpit.az\\\/?p=7296\"},\"author\":{\"name\":\"Rauf Hac\u0131yev\",\"@id\":\"https:\\\/\\\/kokpit.az\\\/#\\\/schema\\\/person\\\/f4114e650bc2993d0650e4fb6933c581\"},\"headline\":\"R\u0259smi: Conatan Vitli Audi-y\u0259 gedir\",\"datePublished\":\"2024-08-01T13:06:19+00:00\",\"dateModified\":\"2024-08-01T16:14:47+00:00\",\"mainEntityOfPage\":{\"@id\":\"https:\\\/\\\/kokpit.az\\\/?p=7296\"},\"wordCount\":163,\"commentCount\":0,\"publisher\":{\"@id\":\"https:\\\/\\\/kokpit.az\\\/#organization\"},\"image\":{\"@id\":\"https:\\\/\\\/kokpit.az\\\/?p=7296#primaryimage\"},\"thumbnailUrl\":\"https:\\\/\\\/kokpit.az\\\/wp-content\\\/uploads\\\/2024\\\/08\\\/red-bull-sporting-director-jon-e1722528882577.webp\",\"keywords\":[\"Audi\",\"Jonathan Wheatley\",\"Red Bull Racing\"],\"articleSection\":[\"Man\u015fet\",\"X\u0259b\u0259rl\u0259r\"],\"inLanguage\":\"az\",\"potentialAction\":[{\"@type\":\"CommentAction\",\"name\":\"Comment\",\"target\":[\"https:\\\/\\\/kokpit.az\\\/?p=7296#respond\"]}]},{\"@type\":\"WebPage\",\"@id\":\"https:\\\/\\\/kokpit.az\\\/?p=7296\",\"url\":\"https:\\\/\\\/kokpit.az\\\/?p=7296\",\"name\":\"R\u0259smi: Conatan Vitli Audi-y\u0259 gedir - X\u0259b\u0259ri Kokpitd\u0259 Oxuyun!\",\"isPartOf\":{\"@id\":\"https:\\\/\\\/kokpit.az\\\/#website\"},\"primaryImageOfPage\":{\"@id\":\"https:\\\/\\\/kokpit.az\\\/?p=7296#primaryimage\"},\"image\":{\"@id\":\"https:\\\/\\\/kokpit.az\\\/?p=7296#primaryimage\"},\"thumbnailUrl\":\"https:\\\/\\\/kokpit.az\\\/wp-content\\\/uploads\\\/2024\\\/08\\\/red-bull-sporting-director-jon-e1722528882577.webp\",\"datePublished\":\"2024-08-01T13:06:19+00:00\",\"dateModified\":\"2024-08-01T16:14:47+00:00\",\"breadcrumb\":{\"@id\":\"https:\\\/\\\/kokpit.az\\\/?p=7296#breadcrumb\"},\"inLanguage\":\"az\",\"potentialAction\":[{\"@type\":\"ReadAction\",\"target\":[\"https:\\\/\\\/kokpit.az\\\/?p=7296\"]}]},{\"@type\":\"ImageObject\",\"inLanguage\":\"az\",\"@id\":\"https:\\\/\\\/kokpit.az\\\/?p=7296#primaryimage\",\"url\":\"https:\\\/\\\/kokpit.az\\\/wp-content\\\/uploads\\\/2024\\\/08\\\/red-bull-sporting-director-jon-e1722528882577.webp\",\"contentUrl\":\"https:\\\/\\\/kokpit.az\\\/wp-content\\\/uploads\\\/2024\\\/08\\\/red-bull-sporting-director-jon-e1722528882577.webp\",\"width\":1200,\"height\":630},{\"@type\":\"BreadcrumbList\",\"@id\":\"https:\\\/\\\/kokpit.az\\\/?p=7296#breadcrumb\",\"itemListElement\":[{\"@type\":\"ListItem\",\"position\":1,\"name\":\"Home\",\"item\":\"https:\\\/\\\/kokpit.az\\\/\"},{\"@type\":\"ListItem\",\"position\":2,\"name\":\"R\u0259smi: Conatan Vitli Audi-y\u0259 gedir\"}]},{\"@type\":\"WebSite\",\"@id\":\"https:\\\/\\\/kokpit.az\\\/#website\",\"url\":\"https:\\\/\\\/kokpit.az\\\/\",\"name\":\"X\u0259b\u0259ri Kokpitd\u0259 Oxuyun!\",\"description\":\"\",\"publisher\":{\"@id\":\"https:\\\/\\\/kokpit.az\\\/#organization\"},\"potentialAction\":[{\"@type\":\"SearchAction\",\"target\":{\"@type\":\"EntryPoint\",\"urlTemplate\":\"https:\\\/\\\/kokpit.az\\\/?s={search_term_string}\"},\"query-input\":{\"@type\":\"PropertyValueSpecification\",\"valueRequired\":true,\"valueName\":\"search_term_string\"}}],\"inLanguage\":\"az\"},{\"@type\":\"Organization\",\"@id\":\"https:\\\/\\\/kokpit.az\\\/#organization\",\"name\":\"X\u0259b\u0259ri Kokpitd\u0259 Oxuyun!\",\"url\":\"https:\\\/\\\/kokpit.az\\\/\",\"logo\":{\"@type\":\"ImageObject\",\"inLanguage\":\"az\",\"@id\":\"https:\\\/\\\/kokpit.az\\\/#\\\/schema\\\/logo\\\/image\\\/\",\"url\":\"https:\\\/\\\/kokpit.az\\\/wp-content\\\/uploads\\\/2023\\\/05\\\/kokpit.jpg\",\"contentUrl\":\"https:\\\/\\\/kokpit.az\\\/wp-content\\\/uploads\\\/2023\\\/05\\\/kokpit.jpg\",\"width\":488,\"height\":245,\"caption\":\"X\u0259b\u0259ri Kokpitd\u0259 Oxuyun!\"},\"image\":{\"@id\":\"https:\\\/\\\/kokpit.az\\\/#\\\/schema\\\/logo\\\/image\\\/\"},\"sameAs\":[\"https:\\\/\\\/www.facebook.com\\\/profile.php?id=61553756392357\"]},{\"@type\":\"Person\",\"@id\":\"https:\\\/\\\/kokpit.az\\\/#\\\/schema\\\/person\\\/f4114e650bc2993d0650e4fb6933c581\",\"name\":\"Rauf Hac\u0131yev\",\"image\":{\"@type\":\"ImageObject\",\"inLanguage\":\"az\",\"@id\":\"https:\\\/\\\/secure.gravatar.com\\\/avatar\\\/394a2085c47c7acdcf41f7d270b7cbb52513d6f4f24c1cb6dfbbd61f98c0503d?s=96&d=mm&r=g\",\"url\":\"https:\\\/\\\/secure.gravatar.com\\\/avatar\\\/394a2085c47c7acdcf41f7d270b7cbb52513d6f4f24c1cb6dfbbd61f98c0503d?s=96&d=mm&r=g\",\"contentUrl\":\"https:\\\/\\\/secure.gravatar.com\\\/avatar\\\/394a2085c47c7acdcf41f7d270b7cbb52513d6f4f24c1cb6dfbbd61f98c0503d?s=96&d=mm&r=g\",\"caption\":\"Rauf Hac\u0131yev\"},\"sameAs\":[\"https:\\\/\\\/kokpit.az\"],\"url\":\"https:\\\/\\\/kokpit.az\\\/?author=2\"}]}<\/script>\n<!-- \/ Yoast SEO plugin. -->","yoast_head_json":{"title":"R\u0259smi: Conatan Vitli Audi-y\u0259 gedir - X\u0259b\u0259ri Kokpitd\u0259 Oxuyun!","robots":{"index":"index","follow":"follow","max-snippet":"max-snippet:-1","max-image-preview":"max-image-preview:large","max-video-preview":"max-video-preview:-1"},"canonical":"https:\/\/kokpit.az\/?p=7296","og_locale":"az_AZ","og_type":"article","og_title":"R\u0259smi: Conatan Vitli Audi-y\u0259 gedir - X\u0259b\u0259ri Kokpitd\u0259 Oxuyun!","og_description":"Conatan Vitli Audi F1 layih\u0259sinin yeni komanda r\u0259hb\u0259ri olmaq \u00fc\u00e7\u00fcn Red Bull-dana ayr\u0131lma\u011fa haz\u0131rla\u015f\u0131r.\u00a0","og_url":"https:\/\/kokpit.az\/?p=7296","og_site_name":"X\u0259b\u0259ri Kokpitd\u0259 Oxuyun!","article_publisher":"https:\/\/www.facebook.com\/profile.php?id=61553756392357","article_published_time":"2024-08-01T13:06:19+00:00","article_modified_time":"2024-08-01T16:14:47+00:00","og_image":[{"width":1200,"height":630,"url":"https:\/\/kokpit.az\/wp-content\/uploads\/2024\/08\/red-bull-sporting-director-jon-e1722528882577.webp","type":"image\/webp"}],"author":"Rauf Hac\u0131yev","twitter_card":"summary_large_image","twitter_misc":{"Written by":"Rauf Hac\u0131yev","Est. reading time":"1 minute"},"schema":{"@context":"https:\/\/schema.org","@graph":[{"@type":"Article","@id":"https:\/\/kokpit.az\/?p=7296#article","isPartOf":{"@id":"https:\/\/kokpit.az\/?p=7296"},"author":{"name":"Rauf Hac\u0131yev","@id":"https:\/\/kokpit.az\/#\/schema\/person\/f4114e650bc2993d0650e4fb6933c581"},"headline":"R\u0259smi: Conatan Vitli Audi-y\u0259 gedir","datePublished":"2024-08-01T13:06:19+00:00","dateModified":"2024-08-01T16:14:47+00:00","mainEntityOfPage":{"@id":"https:\/\/kokpit.az\/?p=7296"},"wordCount":163,"commentCount":0,"publisher":{"@id":"https:\/\/kokpit.az\/#organization"},"image":{"@id":"https:\/\/kokpit.az\/?p=7296#primaryimage"},"thumbnailUrl":"https:\/\/kokpit.az\/wp-content\/uploads\/2024\/08\/red-bull-sporting-director-jon-e1722528882577.webp","keywords":["Audi","Jonathan Wheatley","Red Bull Racing"],"articleSection":["Man\u015fet","X\u0259b\u0259rl\u0259r"],"inLanguage":"az","potentialAction":[{"@type":"CommentAction","name":"Comment","target":["https:\/\/kokpit.az\/?p=7296#respond"]}]},{"@type":"WebPage","@id":"https:\/\/kokpit.az\/?p=7296","url":"https:\/\/kokpit.az\/?p=7296","name":"R\u0259smi: Conatan Vitli Audi-y\u0259 gedir - X\u0259b\u0259ri Kokpitd\u0259 Oxuyun!","isPartOf":{"@id":"https:\/\/kokpit.az\/#website"},"primaryImageOfPage":{"@id":"https:\/\/kokpit.az\/?p=7296#primaryimage"},"image":{"@id":"https:\/\/kokpit.az\/?p=7296#primaryimage"},"thumbnailUrl":"https:\/\/kokpit.az\/wp-content\/uploads\/2024\/08\/red-bull-sporting-director-jon-e1722528882577.webp","datePublished":"2024-08-01T13:06:19+00:00","dateModified":"2024-08-01T16:14:47+00:00","breadcrumb":{"@id":"https:\/\/kokpit.az\/?p=7296#breadcrumb"},"inLanguage":"az","potentialAction":[{"@type":"ReadAction","target":["https:\/\/kokpit.az\/?p=7296"]}]},{"@type":"ImageObject","inLanguage":"az","@id":"https:\/\/kokpit.az\/?p=7296#primaryimage","url":"https:\/\/kokpit.az\/wp-content\/uploads\/2024\/08\/red-bull-sporting-director-jon-e1722528882577.webp","contentUrl":"https:\/\/kokpit.az\/wp-content\/uploads\/2024\/08\/red-bull-sporting-director-jon-e1722528882577.webp","width":1200,"height":630},{"@type":"BreadcrumbList","@id":"https:\/\/kokpit.az\/?p=7296#breadcrumb","itemListElement":[{"@type":"ListItem","position":1,"name":"Home","item":"https:\/\/kokpit.az\/"},{"@type":"ListItem","position":2,"name":"R\u0259smi: Conatan Vitli Audi-y\u0259 gedir"}]},{"@type":"WebSite","@id":"https:\/\/kokpit.az\/#website","url":"https:\/\/kokpit.az\/","name":"X\u0259b\u0259ri Kokpitd\u0259 Oxuyun!","description":"","publisher":{"@id":"https:\/\/kokpit.az\/#organization"},"potentialAction":[{"@type":"SearchAction","target":{"@type":"EntryPoint","urlTemplate":"https:\/\/kokpit.az\/?s={search_term_string}"},"query-input":{"@type":"PropertyValueSpecification","valueRequired":true,"valueName":"search_term_string"}}],"inLanguage":"az"},{"@type":"Organization","@id":"https:\/\/kokpit.az\/#organization","name":"X\u0259b\u0259ri Kokpitd\u0259 Oxuyun!","url":"https:\/\/kokpit.az\/","logo":{"@type":"ImageObject","inLanguage":"az","@id":"https:\/\/kokpit.az\/#\/schema\/logo\/image\/","url":"https:\/\/kokpit.az\/wp-content\/uploads\/2023\/05\/kokpit.jpg","contentUrl":"https:\/\/kokpit.az\/wp-content\/uploads\/2023\/05\/kokpit.jpg","width":488,"height":245,"caption":"X\u0259b\u0259ri Kokpitd\u0259 Oxuyun!"},"image":{"@id":"https:\/\/kokpit.az\/#\/schema\/logo\/image\/"},"sameAs":["https:\/\/www.facebook.com\/profile.php?id=61553756392357"]},{"@type":"Person","@id":"https:\/\/kokpit.az\/#\/schema\/person\/f4114e650bc2993d0650e4fb6933c581","name":"Rauf Hac\u0131yev","image":{"@type":"ImageObject","inLanguage":"az","@id":"https:\/\/secure.gravatar.com\/avatar\/394a2085c47c7acdcf41f7d270b7cbb52513d6f4f24c1cb6dfbbd61f98c0503d?s=96&d=mm&r=g","url":"https:\/\/secure.gravatar.com\/avatar\/394a2085c47c7acdcf41f7d270b7cbb52513d6f4f24c1cb6dfbbd61f98c0503d?s=96&d=mm&r=g","contentUrl":"https:\/\/secure.gravatar.com\/avatar\/394a2085c47c7acdcf41f7d270b7cbb52513d6f4f24c1cb6dfbbd61f98c0503d?s=96&d=mm&r=g","caption":"Rauf Hac\u0131yev"},"sameAs":["https:\/\/kokpit.az"],"url":"https:\/\/kokpit.az\/?author=2"}]}},"_links":{"self":[{"href":"https:\/\/kokpit.az\/index.php?rest_route=\/wp\/v2\/posts\/7296","targetHints":{"allow":["GET"]}}],"collection":[{"href":"https:\/\/kokpit.az\/index.php?rest_route=\/wp\/v2\/posts"}],"about":[{"href":"https:\/\/kokpit.az\/index.php?rest_route=\/wp\/v2\/types\/post"}],"author":[{"embeddable":true,"href":"https:\/\/kokpit.az\/index.php?rest_route=\/wp\/v2\/users\/2"}],"replies":[{"embeddable":true,"href":"https:\/\/kokpit.az\/index.php?rest_route=%2Fwp%2Fv2%2Fcomments&post=7296"}],"version-history":[{"count":1,"href":"https:\/\/kokpit.az\/index.php?rest_route=\/wp\/v2\/posts\/7296\/revisions"}],"predecessor-version":[{"id":7298,"href":"https:\/\/kokpit.az\/index.php?rest_route=\/wp\/v2\/posts\/7296\/revisions\/7298"}],"wp:featuredmedia":[{"embeddable":true,"href":"https:\/\/kokpit.az\/index.php?rest_route=\/wp\/v2\/media\/7297"}],"wp:attachment":[{"href":"https:\/\/kokpit.az\/index.php?rest_route=%2Fwp%2Fv2%2Fmedia&parent=7296"}],"wp:term":[{"taxonomy":"category","embeddable":true,"href":"https:\/\/kokpit.az\/index.php?rest_route=%2Fwp%2Fv2%2Fcategories&post=7296"},{"taxonomy":"post_tag","embeddable":true,"href":"https:\/\/kokpit.az\/index.php?rest_route=%2Fwp%2Fv2%2Ftags&post=7296"}],"curies":[{"name":"wp","href":"https:\/\/api.w.org\/{rel}","templated":true}]}}