{"id":7041,"date":"2024-07-26T10:51:46","date_gmt":"2024-07-26T06:51:46","guid":{"rendered":"https:\/\/kokpit.az\/?p=7041"},"modified":"2024-07-26T10:51:46","modified_gmt":"2024-07-26T06:51:46","slug":"alpine-d%c9%99-boykot-var","status":"publish","type":"post","link":"https:\/\/kokpit.az\/?p=7041","title":{"rendered":"Alpine-d\u0259 boykot var?"},"content":{"rendered":"<p>M\u00fch\u0259ndisl\u0259r \u00e7empionat\u0131n\u0131 \u00a0\u00fcmumi olaraq \u00fc\u00e7 qrupa b\u00f6lm\u0259k olar: Birincisi, g\u00fccl\u00fc d\u00f6rdl\u00fck: Red Bull, McLaren, Ferrari v\u0259 Mercedes.\u00a0Mercedes m\u00f6vs\u00fcm\u0259 bir az pis ba\u015flam\u0259\u015fd\u0131, Onlar orta qrup komandalar\u0131ndan \u00e7ox s\u00fcr\u0259tli, lakin ilk \u00fc\u00e7l\u00fcy\u0259 meydan oxumaq \u00fc\u00e7\u00fcn \u00e7ox yava\u015f idil\u0259r.<\/p>\n<p>Lakin W15 il\u0259 inki\u015faf etdirildikd\u0259n sonra son yar\u0131\u015flarda Red Bull-la f\u0259rqi davaml\u0131 \u015f\u0259kild\u0259 ba\u011flad\u0131lar v\u0259 indi aralar\u0131ndak\u0131 f\u0259rq 150 xal civar\u0131ndad\u0131r.\u00a0Onlar\u0131n arxas\u0131nda olan Aston Martin 69 xal toplayaraq be\u015finci yerd\u0259 q\u0259rarla\u015f\u0131b. 33 xalla RB \u00a0v\u0259 27 xalla Haas \u00a0haz\u0131rda q\u0259na\u0259tb\u0259x\u015f performansla m\u00fcvafiq olaraq \u00a06 v\u0259 7-ci yerd\u0259dirl\u0259r.<\/p>\n<p>Ancaq sonra \u0259n z\u0259if \u00fc\u00e7l\u00fck var: Williams, Sauber v\u0259 Alpine. Alpine m\u00f6vs\u00fcm\u0259 \u0259n yava\u015f avtomobill\u0259 ba\u015flad\u0131 v\u0259 ilk be\u015f yar\u0131\u015f\u0131n he\u00e7 birind\u0259 xal toplaya bilm\u0259di. Frans\u0131zlar o vaxtdan b\u0259ri t\u0259kmill\u0259\u015fs\u0259l\u0259r d\u0259, h\u0259l\u0259 d\u0259 ikir\u0259q\u0259mli xallara \u00e7ata bilmirl\u0259r.<\/p>\n<p>Jurnalist Co Savard \u00f6z bloqunda yaz\u0131r ki, \u00a0Alpine komandas\u0131nda p\u0259rd\u0259 arxas\u0131nda qar\u0131\u015f\u0131ql\u0131q var. Bu \u00a0qar\u0131\u015f\u0131ql\u0131q komandan\u0131n alternativ m\u00fch\u0259rrik istehsal\u00e7\u0131s\u0131 axtard\u0131\u011f\u0131 vaxta \u00a0t\u0259sad\u00fcf edir.<\/p>\n<p>Komanda haz\u0131rda Viry zavodunda istehsal olunan Renault m\u00fch\u0259rrikl\u0259ri il\u0259 m\u00fcbariz\u0259 apar\u0131r, lakin \u015firk\u0259tin r\u0259hb\u0259ri Luca de Meo bu layih\u0259ni dayand\u0131rmaq \u00fczr\u0259dir. \u0130\u015f\u00e7il\u0259r m\u0259tbuatda yay\u0131lan \u015fayi\u0259l\u0259ri oxuyublar v\u0259 r\u0259hb\u0259rl\u0259rind\u0259n d\u0259qiq cavab almad\u0131qlar\u0131 \u00fc\u00e7\u00fcn \u00e7ox naraz\u0131d\u0131rlar.<\/p>\n<p>Buna g\u00f6r\u0259 d\u0259, Virid\u0259ki zavod i\u015f\u00e7il\u0259rinin boykot ed\u0259c\u0259yi il\u0259 ba\u011fl\u0131 qorxular var. Bel\u0259 olan halda Alpine komandas\u0131 ilin sonunda b\u0259zi yar\u0131\u015flarda m\u00fch\u0259rriksiz qala bil\u0259r.<\/p>\n<p>Bruno Famin komandas\u0131n\u0131n yeni b\u00f6hranla \u00fcz-\u00fcz\u0259 qalmas\u0131n\u0131n qar\u015f\u0131s\u0131n\u0131 almaq \u00fc\u00e7\u00fcn problemi tez h\u0259ll etm\u0259lidir. Yay fasil\u0259si dan\u0131\u015f\u0131qlar \u00fc\u00e7\u00fcn f\u00fcrs\u0259t ola bil\u0259r.<\/p>\n<p>Virid\u0259ki i\u015f\u00e7il\u0259r tezlikl\u0259 q\u0259ti cavab ala bil\u0259rl\u0259r, lakin bu cavab\u0131n q\u0259na\u0259tb\u0259x\u015f cavab olaca\u011f\u0131 g\u00f6zl\u0259nilmir. Etibarl\u0131 m\u0259nb\u0259l\u0259r hesab edir ki, Alpine komandas\u0131 Mercedes m\u00fch\u0259rrikl\u0259ri il\u0259 yar\u0131\u015fmaq \u00fc\u00e7\u00fcn prinsipial raz\u0131l\u0131\u011fa g\u0259lib.<\/p>\n<p>N\u00f6vb\u0259ti sual bu d\u0259yi\u015fikliyin 2025 yoxsa 2026-c\u0131 ild\u0259 q\u00fcvv\u0259y\u0259 min\u0259c\u0259yi il\u0259 ba\u011fl\u0131d\u0131r. \u018fg\u0259r iki t\u0259r\u0259f kifay\u0259t q\u0259d\u0259r tez m\u00fcqavil\u0259 imzalasalar, Alpine g\u0259l\u0259n ild\u0259n etibar\u0259n Mercedes-in m\u00fc\u015ft\u0259risi ola bil\u0259r.<\/p>\n<p>Ayd\u0131nd\u0131r ki, Alpinin baza komandas\u0131 statusundan imtina etm\u0259si m\u00f6vcud i\u015f\u00e7il\u0259r \u00fc\u00e7\u00fcn \u0259h\u0259miyy\u0259tli n\u0259tic\u0259l\u0259r\u0259 s\u0259b\u0259b ola bil\u0259r.\u00a0Alpine Audi-y\u0259 ke\u00e7m\u0259zd\u0259n \u0259vv\u0259l Ferrari komandas\u0131n\u0131n ke\u00e7mi\u015f r\u0259hb\u0259ri Mattia Binotto il\u0259 dan\u0131\u015f\u0131qlar aparm\u0131\u015fd\u0131. B\u0259lk\u0259 d\u0259 bel\u0259 \u015feyl\u0259rin ba\u015f verm\u0259m\u0259si \u00fc\u00e7\u00fcn onlara daha g\u00fccl\u00fc, daha \u015f\u0259ffaf r\u0259hb\u0259rlik laz\u0131md\u0131r.<\/p>\n","protected":false},"excerpt":{"rendered":"<p>Haz\u0131rda \u00e7\u0131xan s\u00f6z-s\u00f6hb\u0259t\u0259 g\u00f6r\u0259 Alpine komandas\u0131 Mercedes-d\u0259n m\u00fch\u0259rrik ala bil\u0259r. Bel\u0259 olan halda Virid\u0259ki m\u00fch\u0259rrik bazas\u0131nda boykotun ba\u015flanmas\u0131 g\u00f6zl\u0259nilir.<\/p>\n","protected":false},"author":2,"featured_media":7047,"comment_status":"open","ping_status":"open","sticky":false,"template":"","format":"standard","meta":{"footnotes":""},"categories":[2],"tags":[75],"class_list":["post-7041","post","type-post","status-publish","format-standard","has-post-thumbnail","hentry","category-news","tag-bwt-alpine-f1-team"],"yoast_head":"<!-- This site is optimized with the Yoast SEO plugin v27.5 - https:\/\/yoast.com\/product\/yoast-seo-wordpress\/ -->\n<title>Alpine-d\u0259 boykot var? - X\u0259b\u0259ri Kokpitd\u0259 Oxuyun!<\/title>\n<meta name=\"robots\" content=\"index, follow, max-snippet:-1, max-image-preview:large, max-video-preview:-1\" \/>\n<link rel=\"canonical\" href=\"https:\/\/kokpit.az\/?p=7041\" \/>\n<meta property=\"og:locale\" content=\"az_AZ\" \/>\n<meta property=\"og:type\" content=\"article\" \/>\n<meta property=\"og:title\" content=\"Alpine-d\u0259 boykot var? - X\u0259b\u0259ri Kokpitd\u0259 Oxuyun!\" \/>\n<meta property=\"og:description\" content=\"Haz\u0131rda \u00e7\u0131xan s\u00f6z-s\u00f6hb\u0259t\u0259 g\u00f6r\u0259 Alpine komandas\u0131 Mercedes-d\u0259n m\u00fch\u0259rrik ala bil\u0259r. Bel\u0259 olan halda Virid\u0259ki m\u00fch\u0259rrik bazas\u0131nda boykotun ba\u015flanmas\u0131 g\u00f6zl\u0259nilir.\" \/>\n<meta property=\"og:url\" content=\"https:\/\/kokpit.az\/?p=7041\" \/>\n<meta property=\"og:site_name\" content=\"X\u0259b\u0259ri Kokpitd\u0259 Oxuyun!\" \/>\n<meta property=\"article:publisher\" content=\"https:\/\/www.facebook.com\/profile.php?id=61553756392357\" \/>\n<meta property=\"article:published_time\" content=\"2024-07-26T06:51:46+00:00\" \/>\n<meta property=\"og:image\" content=\"https:\/\/kokpit.az\/wp-content\/uploads\/2024\/07\/renault-f1-team-members-at-wor-e1721976700100.webp\" \/>\n\t<meta property=\"og:image:width\" content=\"1200\" \/>\n\t<meta property=\"og:image:height\" content=\"629\" \/>\n\t<meta property=\"og:image:type\" content=\"image\/webp\" \/>\n<meta name=\"author\" content=\"Rauf Hac\u0131yev\" \/>\n<meta name=\"twitter:card\" content=\"summary_large_image\" \/>\n<meta name=\"twitter:label1\" content=\"Written by\" \/>\n\t<meta name=\"twitter:data1\" content=\"Rauf Hac\u0131yev\" \/>\n\t<meta name=\"twitter:label2\" content=\"Est. reading time\" \/>\n\t<meta name=\"twitter:data2\" content=\"3 minutes\" \/>\n<script type=\"application\/ld+json\" class=\"yoast-schema-graph\">{\"@context\":\"https:\\\/\\\/schema.org\",\"@graph\":[{\"@type\":\"Article\",\"@id\":\"https:\\\/\\\/kokpit.az\\\/?p=7041#article\",\"isPartOf\":{\"@id\":\"https:\\\/\\\/kokpit.az\\\/?p=7041\"},\"author\":{\"name\":\"Rauf Hac\u0131yev\",\"@id\":\"https:\\\/\\\/kokpit.az\\\/#\\\/schema\\\/person\\\/f4114e650bc2993d0650e4fb6933c581\"},\"headline\":\"Alpine-d\u0259 boykot var?\",\"datePublished\":\"2024-07-26T06:51:46+00:00\",\"mainEntityOfPage\":{\"@id\":\"https:\\\/\\\/kokpit.az\\\/?p=7041\"},\"wordCount\":525,\"commentCount\":0,\"publisher\":{\"@id\":\"https:\\\/\\\/kokpit.az\\\/#organization\"},\"image\":{\"@id\":\"https:\\\/\\\/kokpit.az\\\/?p=7041#primaryimage\"},\"thumbnailUrl\":\"https:\\\/\\\/kokpit.az\\\/wp-content\\\/uploads\\\/2024\\\/07\\\/renault-f1-team-members-at-wor-e1721976700100.webp\",\"keywords\":[\"BWT Alpine F1 Team\"],\"articleSection\":[\"X\u0259b\u0259rl\u0259r\"],\"inLanguage\":\"az\",\"potentialAction\":[{\"@type\":\"CommentAction\",\"name\":\"Comment\",\"target\":[\"https:\\\/\\\/kokpit.az\\\/?p=7041#respond\"]}]},{\"@type\":\"WebPage\",\"@id\":\"https:\\\/\\\/kokpit.az\\\/?p=7041\",\"url\":\"https:\\\/\\\/kokpit.az\\\/?p=7041\",\"name\":\"Alpine-d\u0259 boykot var? - X\u0259b\u0259ri Kokpitd\u0259 Oxuyun!\",\"isPartOf\":{\"@id\":\"https:\\\/\\\/kokpit.az\\\/#website\"},\"primaryImageOfPage\":{\"@id\":\"https:\\\/\\\/kokpit.az\\\/?p=7041#primaryimage\"},\"image\":{\"@id\":\"https:\\\/\\\/kokpit.az\\\/?p=7041#primaryimage\"},\"thumbnailUrl\":\"https:\\\/\\\/kokpit.az\\\/wp-content\\\/uploads\\\/2024\\\/07\\\/renault-f1-team-members-at-wor-e1721976700100.webp\",\"datePublished\":\"2024-07-26T06:51:46+00:00\",\"breadcrumb\":{\"@id\":\"https:\\\/\\\/kokpit.az\\\/?p=7041#breadcrumb\"},\"inLanguage\":\"az\",\"potentialAction\":[{\"@type\":\"ReadAction\",\"target\":[\"https:\\\/\\\/kokpit.az\\\/?p=7041\"]}]},{\"@type\":\"ImageObject\",\"inLanguage\":\"az\",\"@id\":\"https:\\\/\\\/kokpit.az\\\/?p=7041#primaryimage\",\"url\":\"https:\\\/\\\/kokpit.az\\\/wp-content\\\/uploads\\\/2024\\\/07\\\/renault-f1-team-members-at-wor-e1721976700100.webp\",\"contentUrl\":\"https:\\\/\\\/kokpit.az\\\/wp-content\\\/uploads\\\/2024\\\/07\\\/renault-f1-team-members-at-wor-e1721976700100.webp\",\"width\":1200,\"height\":629},{\"@type\":\"BreadcrumbList\",\"@id\":\"https:\\\/\\\/kokpit.az\\\/?p=7041#breadcrumb\",\"itemListElement\":[{\"@type\":\"ListItem\",\"position\":1,\"name\":\"Home\",\"item\":\"https:\\\/\\\/kokpit.az\\\/\"},{\"@type\":\"ListItem\",\"position\":2,\"name\":\"Alpine-d\u0259 boykot var?\"}]},{\"@type\":\"WebSite\",\"@id\":\"https:\\\/\\\/kokpit.az\\\/#website\",\"url\":\"https:\\\/\\\/kokpit.az\\\/\",\"name\":\"X\u0259b\u0259ri Kokpitd\u0259 Oxuyun!\",\"description\":\"\",\"publisher\":{\"@id\":\"https:\\\/\\\/kokpit.az\\\/#organization\"},\"potentialAction\":[{\"@type\":\"SearchAction\",\"target\":{\"@type\":\"EntryPoint\",\"urlTemplate\":\"https:\\\/\\\/kokpit.az\\\/?s={search_term_string}\"},\"query-input\":{\"@type\":\"PropertyValueSpecification\",\"valueRequired\":true,\"valueName\":\"search_term_string\"}}],\"inLanguage\":\"az\"},{\"@type\":\"Organization\",\"@id\":\"https:\\\/\\\/kokpit.az\\\/#organization\",\"name\":\"X\u0259b\u0259ri Kokpitd\u0259 Oxuyun!\",\"url\":\"https:\\\/\\\/kokpit.az\\\/\",\"logo\":{\"@type\":\"ImageObject\",\"inLanguage\":\"az\",\"@id\":\"https:\\\/\\\/kokpit.az\\\/#\\\/schema\\\/logo\\\/image\\\/\",\"url\":\"https:\\\/\\\/kokpit.az\\\/wp-content\\\/uploads\\\/2023\\\/05\\\/kokpit.jpg\",\"contentUrl\":\"https:\\\/\\\/kokpit.az\\\/wp-content\\\/uploads\\\/2023\\\/05\\\/kokpit.jpg\",\"width\":488,\"height\":245,\"caption\":\"X\u0259b\u0259ri Kokpitd\u0259 Oxuyun!\"},\"image\":{\"@id\":\"https:\\\/\\\/kokpit.az\\\/#\\\/schema\\\/logo\\\/image\\\/\"},\"sameAs\":[\"https:\\\/\\\/www.facebook.com\\\/profile.php?id=61553756392357\"]},{\"@type\":\"Person\",\"@id\":\"https:\\\/\\\/kokpit.az\\\/#\\\/schema\\\/person\\\/f4114e650bc2993d0650e4fb6933c581\",\"name\":\"Rauf Hac\u0131yev\",\"image\":{\"@type\":\"ImageObject\",\"inLanguage\":\"az\",\"@id\":\"https:\\\/\\\/secure.gravatar.com\\\/avatar\\\/394a2085c47c7acdcf41f7d270b7cbb52513d6f4f24c1cb6dfbbd61f98c0503d?s=96&d=mm&r=g\",\"url\":\"https:\\\/\\\/secure.gravatar.com\\\/avatar\\\/394a2085c47c7acdcf41f7d270b7cbb52513d6f4f24c1cb6dfbbd61f98c0503d?s=96&d=mm&r=g\",\"contentUrl\":\"https:\\\/\\\/secure.gravatar.com\\\/avatar\\\/394a2085c47c7acdcf41f7d270b7cbb52513d6f4f24c1cb6dfbbd61f98c0503d?s=96&d=mm&r=g\",\"caption\":\"Rauf Hac\u0131yev\"},\"sameAs\":[\"https:\\\/\\\/kokpit.az\"],\"url\":\"https:\\\/\\\/kokpit.az\\\/?author=2\"}]}<\/script>\n<!-- \/ Yoast SEO plugin. -->","yoast_head_json":{"title":"Alpine-d\u0259 boykot var? - X\u0259b\u0259ri Kokpitd\u0259 Oxuyun!","robots":{"index":"index","follow":"follow","max-snippet":"max-snippet:-1","max-image-preview":"max-image-preview:large","max-video-preview":"max-video-preview:-1"},"canonical":"https:\/\/kokpit.az\/?p=7041","og_locale":"az_AZ","og_type":"article","og_title":"Alpine-d\u0259 boykot var? - X\u0259b\u0259ri Kokpitd\u0259 Oxuyun!","og_description":"Haz\u0131rda \u00e7\u0131xan s\u00f6z-s\u00f6hb\u0259t\u0259 g\u00f6r\u0259 Alpine komandas\u0131 Mercedes-d\u0259n m\u00fch\u0259rrik ala bil\u0259r. Bel\u0259 olan halda Virid\u0259ki m\u00fch\u0259rrik bazas\u0131nda boykotun ba\u015flanmas\u0131 g\u00f6zl\u0259nilir.","og_url":"https:\/\/kokpit.az\/?p=7041","og_site_name":"X\u0259b\u0259ri Kokpitd\u0259 Oxuyun!","article_publisher":"https:\/\/www.facebook.com\/profile.php?id=61553756392357","article_published_time":"2024-07-26T06:51:46+00:00","og_image":[{"width":1200,"height":629,"url":"https:\/\/kokpit.az\/wp-content\/uploads\/2024\/07\/renault-f1-team-members-at-wor-e1721976700100.webp","type":"image\/webp"}],"author":"Rauf Hac\u0131yev","twitter_card":"summary_large_image","twitter_misc":{"Written by":"Rauf Hac\u0131yev","Est. reading time":"3 minutes"},"schema":{"@context":"https:\/\/schema.org","@graph":[{"@type":"Article","@id":"https:\/\/kokpit.az\/?p=7041#article","isPartOf":{"@id":"https:\/\/kokpit.az\/?p=7041"},"author":{"name":"Rauf Hac\u0131yev","@id":"https:\/\/kokpit.az\/#\/schema\/person\/f4114e650bc2993d0650e4fb6933c581"},"headline":"Alpine-d\u0259 boykot var?","datePublished":"2024-07-26T06:51:46+00:00","mainEntityOfPage":{"@id":"https:\/\/kokpit.az\/?p=7041"},"wordCount":525,"commentCount":0,"publisher":{"@id":"https:\/\/kokpit.az\/#organization"},"image":{"@id":"https:\/\/kokpit.az\/?p=7041#primaryimage"},"thumbnailUrl":"https:\/\/kokpit.az\/wp-content\/uploads\/2024\/07\/renault-f1-team-members-at-wor-e1721976700100.webp","keywords":["BWT Alpine F1 Team"],"articleSection":["X\u0259b\u0259rl\u0259r"],"inLanguage":"az","potentialAction":[{"@type":"CommentAction","name":"Comment","target":["https:\/\/kokpit.az\/?p=7041#respond"]}]},{"@type":"WebPage","@id":"https:\/\/kokpit.az\/?p=7041","url":"https:\/\/kokpit.az\/?p=7041","name":"Alpine-d\u0259 boykot var? - X\u0259b\u0259ri Kokpitd\u0259 Oxuyun!","isPartOf":{"@id":"https:\/\/kokpit.az\/#website"},"primaryImageOfPage":{"@id":"https:\/\/kokpit.az\/?p=7041#primaryimage"},"image":{"@id":"https:\/\/kokpit.az\/?p=7041#primaryimage"},"thumbnailUrl":"https:\/\/kokpit.az\/wp-content\/uploads\/2024\/07\/renault-f1-team-members-at-wor-e1721976700100.webp","datePublished":"2024-07-26T06:51:46+00:00","breadcrumb":{"@id":"https:\/\/kokpit.az\/?p=7041#breadcrumb"},"inLanguage":"az","potentialAction":[{"@type":"ReadAction","target":["https:\/\/kokpit.az\/?p=7041"]}]},{"@type":"ImageObject","inLanguage":"az","@id":"https:\/\/kokpit.az\/?p=7041#primaryimage","url":"https:\/\/kokpit.az\/wp-content\/uploads\/2024\/07\/renault-f1-team-members-at-wor-e1721976700100.webp","contentUrl":"https:\/\/kokpit.az\/wp-content\/uploads\/2024\/07\/renault-f1-team-members-at-wor-e1721976700100.webp","width":1200,"height":629},{"@type":"BreadcrumbList","@id":"https:\/\/kokpit.az\/?p=7041#breadcrumb","itemListElement":[{"@type":"ListItem","position":1,"name":"Home","item":"https:\/\/kokpit.az\/"},{"@type":"ListItem","position":2,"name":"Alpine-d\u0259 boykot var?"}]},{"@type":"WebSite","@id":"https:\/\/kokpit.az\/#website","url":"https:\/\/kokpit.az\/","name":"X\u0259b\u0259ri Kokpitd\u0259 Oxuyun!","description":"","publisher":{"@id":"https:\/\/kokpit.az\/#organization"},"potentialAction":[{"@type":"SearchAction","target":{"@type":"EntryPoint","urlTemplate":"https:\/\/kokpit.az\/?s={search_term_string}"},"query-input":{"@type":"PropertyValueSpecification","valueRequired":true,"valueName":"search_term_string"}}],"inLanguage":"az"},{"@type":"Organization","@id":"https:\/\/kokpit.az\/#organization","name":"X\u0259b\u0259ri Kokpitd\u0259 Oxuyun!","url":"https:\/\/kokpit.az\/","logo":{"@type":"ImageObject","inLanguage":"az","@id":"https:\/\/kokpit.az\/#\/schema\/logo\/image\/","url":"https:\/\/kokpit.az\/wp-content\/uploads\/2023\/05\/kokpit.jpg","contentUrl":"https:\/\/kokpit.az\/wp-content\/uploads\/2023\/05\/kokpit.jpg","width":488,"height":245,"caption":"X\u0259b\u0259ri Kokpitd\u0259 Oxuyun!"},"image":{"@id":"https:\/\/kokpit.az\/#\/schema\/logo\/image\/"},"sameAs":["https:\/\/www.facebook.com\/profile.php?id=61553756392357"]},{"@type":"Person","@id":"https:\/\/kokpit.az\/#\/schema\/person\/f4114e650bc2993d0650e4fb6933c581","name":"Rauf Hac\u0131yev","image":{"@type":"ImageObject","inLanguage":"az","@id":"https:\/\/secure.gravatar.com\/avatar\/394a2085c47c7acdcf41f7d270b7cbb52513d6f4f24c1cb6dfbbd61f98c0503d?s=96&d=mm&r=g","url":"https:\/\/secure.gravatar.com\/avatar\/394a2085c47c7acdcf41f7d270b7cbb52513d6f4f24c1cb6dfbbd61f98c0503d?s=96&d=mm&r=g","contentUrl":"https:\/\/secure.gravatar.com\/avatar\/394a2085c47c7acdcf41f7d270b7cbb52513d6f4f24c1cb6dfbbd61f98c0503d?s=96&d=mm&r=g","caption":"Rauf Hac\u0131yev"},"sameAs":["https:\/\/kokpit.az"],"url":"https:\/\/kokpit.az\/?author=2"}]}},"_links":{"self":[{"href":"https:\/\/kokpit.az\/index.php?rest_route=\/wp\/v2\/posts\/7041","targetHints":{"allow":["GET"]}}],"collection":[{"href":"https:\/\/kokpit.az\/index.php?rest_route=\/wp\/v2\/posts"}],"about":[{"href":"https:\/\/kokpit.az\/index.php?rest_route=\/wp\/v2\/types\/post"}],"author":[{"embeddable":true,"href":"https:\/\/kokpit.az\/index.php?rest_route=\/wp\/v2\/users\/2"}],"replies":[{"embeddable":true,"href":"https:\/\/kokpit.az\/index.php?rest_route=%2Fwp%2Fv2%2Fcomments&post=7041"}],"version-history":[{"count":6,"href":"https:\/\/kokpit.az\/index.php?rest_route=\/wp\/v2\/posts\/7041\/revisions"}],"predecessor-version":[{"id":7048,"href":"https:\/\/kokpit.az\/index.php?rest_route=\/wp\/v2\/posts\/7041\/revisions\/7048"}],"wp:featuredmedia":[{"embeddable":true,"href":"https:\/\/kokpit.az\/index.php?rest_route=\/wp\/v2\/media\/7047"}],"wp:attachment":[{"href":"https:\/\/kokpit.az\/index.php?rest_route=%2Fwp%2Fv2%2Fmedia&parent=7041"}],"wp:term":[{"taxonomy":"category","embeddable":true,"href":"https:\/\/kokpit.az\/index.php?rest_route=%2Fwp%2Fv2%2Fcategories&post=7041"},{"taxonomy":"post_tag","embeddable":true,"href":"https:\/\/kokpit.az\/index.php?rest_route=%2Fwp%2Fv2%2Ftags&post=7041"}],"curies":[{"name":"wp","href":"https:\/\/api.w.org\/{rel}","templated":true}]}}