{"id":7002,"date":"2024-07-25T12:16:35","date_gmt":"2024-07-25T08:16:35","guid":{"rendered":"https:\/\/kokpit.az\/?p=7002"},"modified":"2024-07-25T13:16:17","modified_gmt":"2024-07-25T09:16:17","slug":"r%c9%99smi-okon-haas-da-yarisacaq","status":"publish","type":"post","link":"https:\/\/kokpit.az\/?p=7002","title":{"rendered":"R\u0259smi: Okon Haas-da yar\u0131\u015facaq"},"content":{"rendered":"<div class=\"msnt-entity-header  pb-6 pt-4 t:pb-8 t:pt-0  \">\n<h2 class=\"text-article-description font-title italic font text-fg-on-color t:text-fg-default\">Kokpit.az xat\u0131rlad\u0131r ki, Haas komandas\u0131 ke\u00e7\u0259n h\u0259ft\u0259 ilin sonunda Kevin Maqnussenl\u0259 yollar\u0131n\u0131 ay\u0131racaqlar\u0131n\u0131 bildirmi\u015fdi. Bu g\u00fcn is\u0259 onu \u0259v\u0259zl\u0259y\u0259c\u0259k s\u00fcr\u00fcc\u00fcn\u00fcn ad\u0131 m\u0259lum olub. Bu, son 5 m\u00f6vs\u00fcm\u00fc Alpine-d\u0259 ke\u00e7irmi\u015f Esteban Okondur.<\/h2>\n<div class=\"msnt-author-toolbar  max-w-full mx-auto flex justify-between gap-2 mt-6 text-fg-on-color t:text-fg-default text-body-sm leading-none  \">\n<div class=\"font-secondary flex items-center gap-1.5\">\n<div class=\"msnt-userpic aspect-square rounded-full overflow-hidden w-8 \"><\/div>\n<\/div>\n<\/div>\n<\/div>\n<div class=\"ms-article_detail\">\n<div class=\"ms-article__main mb-dynamic\">\n<div class=\"ms-article__body\">\n<div id=\"ms-piano_article-precontent\" class=\"empty:contents\">Fransal\u0131 s\u00fcr\u00fcc\u00fc Formula 1 karyeras\u0131na 2016-c\u0131 ild\u0259 Manor il\u0259 ba\u015flam\u0131\u015fd\u0131. O, 2017-ci ild\u0259 Racing Point komandas\u0131na ke\u00e7mi\u015fdi. Burada 3 m\u00f6vs\u00fcm yar\u0131\u015fd\u0131qdan sonra 2020-ci ild\u0259 is\u0259 Renault-ya &#8211; indiki ad\u0131 il\u0259 Alpine &#8211; transfer olunmu\u015fdu.<\/div>\n<\/div>\n<\/div>\n<\/div>\n<div><\/div>\n<div>Lakin Esteban Okon bu ilin sonunda Alpine il\u0259 yollar\u0131n\u0131 ay\u0131racaq v\u0259 onunla maraqlanan \u00e7ox komanda var idi. Amma 2y ya\u015fl\u0131 s\u00fcr\u00fcc\u00fc Haas-\u0131 se\u00e7ib.<\/div>\n<p>&nbsp;<\/p>\n<p>Haas komandas\u0131n\u0131n r\u0259hb\u0259ri <strong>Ayao Komatsu<\/strong> yeni tranferi Okonla ba\u011fl\u0131 bunlar\u0131 deyib: &#8220;Esteban Okonla m\u00fcqavil\u0259 ba\u011flad\u0131\u011f\u0131m\u0131z \u00fc\u00e7\u00fcn do\u011frudan da \u00e7ox xo\u015fb\u0259xt\u0259m. Uzun ill\u0259rdir ki, onun istedad\u0131n\u0131n \u00a0f\u0259rqind\u0259y\u0259m. Esteban Okon Formula 1-d\u0259 \u00f6z\u00fcn\u00fc isbatlam\u0131\u015f s\u00fcr\u00fcc\u00fcd\u00fcr v\u0259 yar\u0131\u015f qalibidir. Sad\u0259c\u0259 \u00f6z istedad\u0131 il\u0259 yox, baza komandas\u0131nda i\u015fl\u0259m\u0259 t\u0259cr\u00fcb\u0259sin\u0259 g\u00f6r\u0259 d\u0259 biz\u0259 \u00fcst\u00fcnl\u00fck qazand\u0131racaq.<\/p>\n<p>G\u0259l\u0259n il Oliver Berman\u0131n yan\u0131nda t\u0259cr\u00fcb\u0259li s\u00fcr\u00fcc\u00fcn\u00fcn yar\u0131\u015fmas\u0131 \u00e7ox vacib idi. Esteban\u0131n h\u0259l\u0259 27 ya\u015f\u0131 var. H\u0259l\u0259 g\u0259ncdir v\u0259 isbat etm\u0259y\u0259 \u00e7ox \u015feyi var. Ac v\u0259 t\u0259cr\u00fcb\u0259li s\u00fcr\u00fcc\u00fc hey\u0259timizin oldu\u011funu d\u00fc\u015f\u00fcn\u00fcr\u0259m. Esteban\u0131 2025-ci ild\u0259 Haas komandas\u0131nda g\u00f6rm\u0259k \u00fc\u00e7\u00fcn s\u0259birsizl\u0259nir\u0259m&#8221;.<\/p>\n<div class=\"ms-article_detail\">\n<div class=\"ms-article__main mb-dynamic\">\n<div class=\"ms-article__body\">\n<div class=\"ms-article-content-wrapper my-dynamic\">\n<div class=\"ms-article-content\" data-autoplay=\"0\" data-mute=\"0\" data-position=\"embed\" data-series=\"f1\">\n<p>Haas komandas\u0131n\u0131n Okonla \u00e7oxillik m\u00fcqavil\u0259 ba\u011flad\u0131\u011f\u0131 deyils\u0259 d\u0259, bunun 2+1 illik olmas\u0131 g\u00f6zl\u0259nilir.<\/p>\n<p><strong>Esteban Okon<\/strong>: &#8220;Formula 1 karyeramda yeni bir d\u00f6vr\u0259 ba\u015flamaq v\u0259 2025-ci ild\u0259n etibar\u0259n Haas komandas\u0131na qo\u015fulmaqdan q\u00fcrur duyuram. Bu komanda ruhuna, i\u015f \u0259xlaq\u0131na c\u0259 son d\u00f6vrl\u0259rd\u0259ki y\u00fcks\u0259li\u015fin\u0259 g\u00f6r\u0259 m\u0259ni do\u011frudan da \u00e7ox t\u0259sirl\u0259ndirib. \u00c7ox hirsli v\u0259 ist\u0259kli yar\u0131\u015f komandas\u0131na qo\u015fulaca\u011fam.<\/p>\n<\/div>\n<\/div>\n<\/div>\n<\/div>\n<\/div>\n<p>M\u0259n\u0259 g\u00fcv\u0259ndikl\u0259ri v\u0259 d\u0259st\u0259kl\u0259dikl\u0259ri v\u0259 son bir ayda d\u00fczg\u00fcn, faydal\u0131 dan\u0131\u015f\u0131qlar \u00fc\u00e7\u00fcn \u00a0Cin Haas il\u0259 Ayao Komatsuya t\u0259\u015f\u0259kk\u00fcr etm\u0259k ist\u0259yir\u0259m. Haas Formula 1 komandas\u0131n\u0131n g\u0259l\u0259c\u0259k \u00fc\u00e7\u00fcn h\u0259y\u0259can verici planlar\u0131 v\u0259 q\u0259ti h\u0259d\u0259fl\u0259ri var. M\u0259n d\u0259 bu komandan\u0131n i\u015f\u00e7il\u0259ri i\u015fl\u0259yib, bu layih\u0259nin bir par\u00e7as\u0131 olmaq \u00fc\u00e7\u00fcn s\u0259birsizl\u0259nir\u0259m&#8221;.<\/p>\n<p>Qeyd ed\u0259k ki, Haas komandas\u0131n\u0131n haz\u0131rk\u0131 pilotlar\u0131ndan Biko H\u00fclkenberq n\u00f6vb\u0259ti m\u00f6vs\u00fcm Sauber-d\u0259 yar\u0131\u015facaq. Kevin Maqnussenin is\u0259 ba\u015fqa seriyalara getm\u0259si g\u00f6zl\u0259nilir.<\/p>\n","protected":false},"excerpt":{"rendered":"<p>Haas komandas\u0131 bu g\u00fcn verdiyi a\u00e7\u0131qlamada bildirib ki, Esteban Okon il\u0259 \u00e7oxillik m\u00fcqavil\u0259 ba\u011flay\u0131blar.\u00a0<\/p>\n","protected":false},"author":2,"featured_media":7003,"comment_status":"open","ping_status":"open","sticky":false,"template":"","format":"standard","meta":{"footnotes":""},"categories":[4,2],"tags":[300,78,87],"class_list":["post-7002","post","type-post","status-publish","format-standard","has-post-thumbnail","hentry","category-manshet","category-news","tag-ayao-komatsu","tag-esteban-ocon","tag-moneygram-haas-f1-team"],"yoast_head":"<!-- This site is optimized with the Yoast SEO plugin v27.5 - https:\/\/yoast.com\/product\/yoast-seo-wordpress\/ -->\n<title>R\u0259smi: Okon Haas-da yar\u0131\u015facaq - X\u0259b\u0259ri Kokpitd\u0259 Oxuyun!<\/title>\n<meta name=\"robots\" content=\"index, follow, max-snippet:-1, max-image-preview:large, max-video-preview:-1\" \/>\n<link rel=\"canonical\" href=\"https:\/\/kokpit.az\/?p=7002\" \/>\n<meta property=\"og:locale\" content=\"az_AZ\" \/>\n<meta property=\"og:type\" content=\"article\" \/>\n<meta property=\"og:title\" content=\"R\u0259smi: Okon Haas-da yar\u0131\u015facaq - X\u0259b\u0259ri Kokpitd\u0259 Oxuyun!\" \/>\n<meta property=\"og:description\" content=\"Haas komandas\u0131 bu g\u00fcn verdiyi a\u00e7\u0131qlamada bildirib ki, Esteban Okon il\u0259 \u00e7oxillik m\u00fcqavil\u0259 ba\u011flay\u0131blar.\u00a0\" \/>\n<meta property=\"og:url\" content=\"https:\/\/kokpit.az\/?p=7002\" \/>\n<meta property=\"og:site_name\" content=\"X\u0259b\u0259ri Kokpitd\u0259 Oxuyun!\" \/>\n<meta property=\"article:publisher\" content=\"https:\/\/www.facebook.com\/profile.php?id=61553756392357\" \/>\n<meta property=\"article:published_time\" content=\"2024-07-25T08:16:35+00:00\" \/>\n<meta property=\"article:modified_time\" content=\"2024-07-25T09:16:17+00:00\" \/>\n<meta property=\"og:image\" content=\"https:\/\/kokpit.az\/wp-content\/uploads\/2024\/07\/esteban-ocon-alpine-f1-team-2-e1721898964598.webp\" \/>\n\t<meta property=\"og:image:width\" content=\"1200\" \/>\n\t<meta property=\"og:image:height\" content=\"630\" \/>\n\t<meta property=\"og:image:type\" content=\"image\/webp\" \/>\n<meta name=\"author\" content=\"Rauf Hac\u0131yev\" \/>\n<meta name=\"twitter:card\" content=\"summary_large_image\" \/>\n<meta name=\"twitter:label1\" content=\"Written by\" \/>\n\t<meta name=\"twitter:data1\" content=\"Rauf Hac\u0131yev\" \/>\n\t<meta name=\"twitter:label2\" content=\"Est. reading time\" \/>\n\t<meta name=\"twitter:data2\" content=\"2 minutes\" \/>\n<script type=\"application\/ld+json\" class=\"yoast-schema-graph\">{\"@context\":\"https:\\\/\\\/schema.org\",\"@graph\":[{\"@type\":\"Article\",\"@id\":\"https:\\\/\\\/kokpit.az\\\/?p=7002#article\",\"isPartOf\":{\"@id\":\"https:\\\/\\\/kokpit.az\\\/?p=7002\"},\"author\":{\"name\":\"Rauf Hac\u0131yev\",\"@id\":\"https:\\\/\\\/kokpit.az\\\/#\\\/schema\\\/person\\\/f4114e650bc2993d0650e4fb6933c581\"},\"headline\":\"R\u0259smi: Okon Haas-da yar\u0131\u015facaq\",\"datePublished\":\"2024-07-25T08:16:35+00:00\",\"dateModified\":\"2024-07-25T09:16:17+00:00\",\"mainEntityOfPage\":{\"@id\":\"https:\\\/\\\/kokpit.az\\\/?p=7002\"},\"wordCount\":487,\"commentCount\":0,\"publisher\":{\"@id\":\"https:\\\/\\\/kokpit.az\\\/#organization\"},\"image\":{\"@id\":\"https:\\\/\\\/kokpit.az\\\/?p=7002#primaryimage\"},\"thumbnailUrl\":\"https:\\\/\\\/kokpit.az\\\/wp-content\\\/uploads\\\/2024\\\/07\\\/esteban-ocon-alpine-f1-team-2-e1721898964598.webp\",\"keywords\":[\"Ayao Komatsu\",\"Esteban Ocon\",\"MoneyGram Haas F1 Team\"],\"articleSection\":[\"Man\u015fet\",\"X\u0259b\u0259rl\u0259r\"],\"inLanguage\":\"az\",\"potentialAction\":[{\"@type\":\"CommentAction\",\"name\":\"Comment\",\"target\":[\"https:\\\/\\\/kokpit.az\\\/?p=7002#respond\"]}]},{\"@type\":\"WebPage\",\"@id\":\"https:\\\/\\\/kokpit.az\\\/?p=7002\",\"url\":\"https:\\\/\\\/kokpit.az\\\/?p=7002\",\"name\":\"R\u0259smi: Okon Haas-da yar\u0131\u015facaq - X\u0259b\u0259ri Kokpitd\u0259 Oxuyun!\",\"isPartOf\":{\"@id\":\"https:\\\/\\\/kokpit.az\\\/#website\"},\"primaryImageOfPage\":{\"@id\":\"https:\\\/\\\/kokpit.az\\\/?p=7002#primaryimage\"},\"image\":{\"@id\":\"https:\\\/\\\/kokpit.az\\\/?p=7002#primaryimage\"},\"thumbnailUrl\":\"https:\\\/\\\/kokpit.az\\\/wp-content\\\/uploads\\\/2024\\\/07\\\/esteban-ocon-alpine-f1-team-2-e1721898964598.webp\",\"datePublished\":\"2024-07-25T08:16:35+00:00\",\"dateModified\":\"2024-07-25T09:16:17+00:00\",\"breadcrumb\":{\"@id\":\"https:\\\/\\\/kokpit.az\\\/?p=7002#breadcrumb\"},\"inLanguage\":\"az\",\"potentialAction\":[{\"@type\":\"ReadAction\",\"target\":[\"https:\\\/\\\/kokpit.az\\\/?p=7002\"]}]},{\"@type\":\"ImageObject\",\"inLanguage\":\"az\",\"@id\":\"https:\\\/\\\/kokpit.az\\\/?p=7002#primaryimage\",\"url\":\"https:\\\/\\\/kokpit.az\\\/wp-content\\\/uploads\\\/2024\\\/07\\\/esteban-ocon-alpine-f1-team-2-e1721898964598.webp\",\"contentUrl\":\"https:\\\/\\\/kokpit.az\\\/wp-content\\\/uploads\\\/2024\\\/07\\\/esteban-ocon-alpine-f1-team-2-e1721898964598.webp\",\"width\":1200,\"height\":630},{\"@type\":\"BreadcrumbList\",\"@id\":\"https:\\\/\\\/kokpit.az\\\/?p=7002#breadcrumb\",\"itemListElement\":[{\"@type\":\"ListItem\",\"position\":1,\"name\":\"Home\",\"item\":\"https:\\\/\\\/kokpit.az\\\/\"},{\"@type\":\"ListItem\",\"position\":2,\"name\":\"R\u0259smi: Okon Haas-da yar\u0131\u015facaq\"}]},{\"@type\":\"WebSite\",\"@id\":\"https:\\\/\\\/kokpit.az\\\/#website\",\"url\":\"https:\\\/\\\/kokpit.az\\\/\",\"name\":\"X\u0259b\u0259ri Kokpitd\u0259 Oxuyun!\",\"description\":\"\",\"publisher\":{\"@id\":\"https:\\\/\\\/kokpit.az\\\/#organization\"},\"potentialAction\":[{\"@type\":\"SearchAction\",\"target\":{\"@type\":\"EntryPoint\",\"urlTemplate\":\"https:\\\/\\\/kokpit.az\\\/?s={search_term_string}\"},\"query-input\":{\"@type\":\"PropertyValueSpecification\",\"valueRequired\":true,\"valueName\":\"search_term_string\"}}],\"inLanguage\":\"az\"},{\"@type\":\"Organization\",\"@id\":\"https:\\\/\\\/kokpit.az\\\/#organization\",\"name\":\"X\u0259b\u0259ri Kokpitd\u0259 Oxuyun!\",\"url\":\"https:\\\/\\\/kokpit.az\\\/\",\"logo\":{\"@type\":\"ImageObject\",\"inLanguage\":\"az\",\"@id\":\"https:\\\/\\\/kokpit.az\\\/#\\\/schema\\\/logo\\\/image\\\/\",\"url\":\"https:\\\/\\\/kokpit.az\\\/wp-content\\\/uploads\\\/2023\\\/05\\\/kokpit.jpg\",\"contentUrl\":\"https:\\\/\\\/kokpit.az\\\/wp-content\\\/uploads\\\/2023\\\/05\\\/kokpit.jpg\",\"width\":488,\"height\":245,\"caption\":\"X\u0259b\u0259ri Kokpitd\u0259 Oxuyun!\"},\"image\":{\"@id\":\"https:\\\/\\\/kokpit.az\\\/#\\\/schema\\\/logo\\\/image\\\/\"},\"sameAs\":[\"https:\\\/\\\/www.facebook.com\\\/profile.php?id=61553756392357\"]},{\"@type\":\"Person\",\"@id\":\"https:\\\/\\\/kokpit.az\\\/#\\\/schema\\\/person\\\/f4114e650bc2993d0650e4fb6933c581\",\"name\":\"Rauf Hac\u0131yev\",\"image\":{\"@type\":\"ImageObject\",\"inLanguage\":\"az\",\"@id\":\"https:\\\/\\\/secure.gravatar.com\\\/avatar\\\/394a2085c47c7acdcf41f7d270b7cbb52513d6f4f24c1cb6dfbbd61f98c0503d?s=96&d=mm&r=g\",\"url\":\"https:\\\/\\\/secure.gravatar.com\\\/avatar\\\/394a2085c47c7acdcf41f7d270b7cbb52513d6f4f24c1cb6dfbbd61f98c0503d?s=96&d=mm&r=g\",\"contentUrl\":\"https:\\\/\\\/secure.gravatar.com\\\/avatar\\\/394a2085c47c7acdcf41f7d270b7cbb52513d6f4f24c1cb6dfbbd61f98c0503d?s=96&d=mm&r=g\",\"caption\":\"Rauf Hac\u0131yev\"},\"sameAs\":[\"https:\\\/\\\/kokpit.az\"],\"url\":\"https:\\\/\\\/kokpit.az\\\/?author=2\"}]}<\/script>\n<!-- \/ Yoast SEO plugin. -->","yoast_head_json":{"title":"R\u0259smi: Okon Haas-da yar\u0131\u015facaq - X\u0259b\u0259ri Kokpitd\u0259 Oxuyun!","robots":{"index":"index","follow":"follow","max-snippet":"max-snippet:-1","max-image-preview":"max-image-preview:large","max-video-preview":"max-video-preview:-1"},"canonical":"https:\/\/kokpit.az\/?p=7002","og_locale":"az_AZ","og_type":"article","og_title":"R\u0259smi: Okon Haas-da yar\u0131\u015facaq - X\u0259b\u0259ri Kokpitd\u0259 Oxuyun!","og_description":"Haas komandas\u0131 bu g\u00fcn verdiyi a\u00e7\u0131qlamada bildirib ki, Esteban Okon il\u0259 \u00e7oxillik m\u00fcqavil\u0259 ba\u011flay\u0131blar.\u00a0","og_url":"https:\/\/kokpit.az\/?p=7002","og_site_name":"X\u0259b\u0259ri Kokpitd\u0259 Oxuyun!","article_publisher":"https:\/\/www.facebook.com\/profile.php?id=61553756392357","article_published_time":"2024-07-25T08:16:35+00:00","article_modified_time":"2024-07-25T09:16:17+00:00","og_image":[{"width":1200,"height":630,"url":"https:\/\/kokpit.az\/wp-content\/uploads\/2024\/07\/esteban-ocon-alpine-f1-team-2-e1721898964598.webp","type":"image\/webp"}],"author":"Rauf Hac\u0131yev","twitter_card":"summary_large_image","twitter_misc":{"Written by":"Rauf Hac\u0131yev","Est. reading time":"2 minutes"},"schema":{"@context":"https:\/\/schema.org","@graph":[{"@type":"Article","@id":"https:\/\/kokpit.az\/?p=7002#article","isPartOf":{"@id":"https:\/\/kokpit.az\/?p=7002"},"author":{"name":"Rauf Hac\u0131yev","@id":"https:\/\/kokpit.az\/#\/schema\/person\/f4114e650bc2993d0650e4fb6933c581"},"headline":"R\u0259smi: Okon Haas-da yar\u0131\u015facaq","datePublished":"2024-07-25T08:16:35+00:00","dateModified":"2024-07-25T09:16:17+00:00","mainEntityOfPage":{"@id":"https:\/\/kokpit.az\/?p=7002"},"wordCount":487,"commentCount":0,"publisher":{"@id":"https:\/\/kokpit.az\/#organization"},"image":{"@id":"https:\/\/kokpit.az\/?p=7002#primaryimage"},"thumbnailUrl":"https:\/\/kokpit.az\/wp-content\/uploads\/2024\/07\/esteban-ocon-alpine-f1-team-2-e1721898964598.webp","keywords":["Ayao Komatsu","Esteban Ocon","MoneyGram Haas F1 Team"],"articleSection":["Man\u015fet","X\u0259b\u0259rl\u0259r"],"inLanguage":"az","potentialAction":[{"@type":"CommentAction","name":"Comment","target":["https:\/\/kokpit.az\/?p=7002#respond"]}]},{"@type":"WebPage","@id":"https:\/\/kokpit.az\/?p=7002","url":"https:\/\/kokpit.az\/?p=7002","name":"R\u0259smi: Okon Haas-da yar\u0131\u015facaq - X\u0259b\u0259ri Kokpitd\u0259 Oxuyun!","isPartOf":{"@id":"https:\/\/kokpit.az\/#website"},"primaryImageOfPage":{"@id":"https:\/\/kokpit.az\/?p=7002#primaryimage"},"image":{"@id":"https:\/\/kokpit.az\/?p=7002#primaryimage"},"thumbnailUrl":"https:\/\/kokpit.az\/wp-content\/uploads\/2024\/07\/esteban-ocon-alpine-f1-team-2-e1721898964598.webp","datePublished":"2024-07-25T08:16:35+00:00","dateModified":"2024-07-25T09:16:17+00:00","breadcrumb":{"@id":"https:\/\/kokpit.az\/?p=7002#breadcrumb"},"inLanguage":"az","potentialAction":[{"@type":"ReadAction","target":["https:\/\/kokpit.az\/?p=7002"]}]},{"@type":"ImageObject","inLanguage":"az","@id":"https:\/\/kokpit.az\/?p=7002#primaryimage","url":"https:\/\/kokpit.az\/wp-content\/uploads\/2024\/07\/esteban-ocon-alpine-f1-team-2-e1721898964598.webp","contentUrl":"https:\/\/kokpit.az\/wp-content\/uploads\/2024\/07\/esteban-ocon-alpine-f1-team-2-e1721898964598.webp","width":1200,"height":630},{"@type":"BreadcrumbList","@id":"https:\/\/kokpit.az\/?p=7002#breadcrumb","itemListElement":[{"@type":"ListItem","position":1,"name":"Home","item":"https:\/\/kokpit.az\/"},{"@type":"ListItem","position":2,"name":"R\u0259smi: Okon Haas-da yar\u0131\u015facaq"}]},{"@type":"WebSite","@id":"https:\/\/kokpit.az\/#website","url":"https:\/\/kokpit.az\/","name":"X\u0259b\u0259ri Kokpitd\u0259 Oxuyun!","description":"","publisher":{"@id":"https:\/\/kokpit.az\/#organization"},"potentialAction":[{"@type":"SearchAction","target":{"@type":"EntryPoint","urlTemplate":"https:\/\/kokpit.az\/?s={search_term_string}"},"query-input":{"@type":"PropertyValueSpecification","valueRequired":true,"valueName":"search_term_string"}}],"inLanguage":"az"},{"@type":"Organization","@id":"https:\/\/kokpit.az\/#organization","name":"X\u0259b\u0259ri Kokpitd\u0259 Oxuyun!","url":"https:\/\/kokpit.az\/","logo":{"@type":"ImageObject","inLanguage":"az","@id":"https:\/\/kokpit.az\/#\/schema\/logo\/image\/","url":"https:\/\/kokpit.az\/wp-content\/uploads\/2023\/05\/kokpit.jpg","contentUrl":"https:\/\/kokpit.az\/wp-content\/uploads\/2023\/05\/kokpit.jpg","width":488,"height":245,"caption":"X\u0259b\u0259ri Kokpitd\u0259 Oxuyun!"},"image":{"@id":"https:\/\/kokpit.az\/#\/schema\/logo\/image\/"},"sameAs":["https:\/\/www.facebook.com\/profile.php?id=61553756392357"]},{"@type":"Person","@id":"https:\/\/kokpit.az\/#\/schema\/person\/f4114e650bc2993d0650e4fb6933c581","name":"Rauf Hac\u0131yev","image":{"@type":"ImageObject","inLanguage":"az","@id":"https:\/\/secure.gravatar.com\/avatar\/394a2085c47c7acdcf41f7d270b7cbb52513d6f4f24c1cb6dfbbd61f98c0503d?s=96&d=mm&r=g","url":"https:\/\/secure.gravatar.com\/avatar\/394a2085c47c7acdcf41f7d270b7cbb52513d6f4f24c1cb6dfbbd61f98c0503d?s=96&d=mm&r=g","contentUrl":"https:\/\/secure.gravatar.com\/avatar\/394a2085c47c7acdcf41f7d270b7cbb52513d6f4f24c1cb6dfbbd61f98c0503d?s=96&d=mm&r=g","caption":"Rauf Hac\u0131yev"},"sameAs":["https:\/\/kokpit.az"],"url":"https:\/\/kokpit.az\/?author=2"}]}},"_links":{"self":[{"href":"https:\/\/kokpit.az\/index.php?rest_route=\/wp\/v2\/posts\/7002","targetHints":{"allow":["GET"]}}],"collection":[{"href":"https:\/\/kokpit.az\/index.php?rest_route=\/wp\/v2\/posts"}],"about":[{"href":"https:\/\/kokpit.az\/index.php?rest_route=\/wp\/v2\/types\/post"}],"author":[{"embeddable":true,"href":"https:\/\/kokpit.az\/index.php?rest_route=\/wp\/v2\/users\/2"}],"replies":[{"embeddable":true,"href":"https:\/\/kokpit.az\/index.php?rest_route=%2Fwp%2Fv2%2Fcomments&post=7002"}],"version-history":[{"count":1,"href":"https:\/\/kokpit.az\/index.php?rest_route=\/wp\/v2\/posts\/7002\/revisions"}],"predecessor-version":[{"id":7004,"href":"https:\/\/kokpit.az\/index.php?rest_route=\/wp\/v2\/posts\/7002\/revisions\/7004"}],"wp:featuredmedia":[{"embeddable":true,"href":"https:\/\/kokpit.az\/index.php?rest_route=\/wp\/v2\/media\/7003"}],"wp:attachment":[{"href":"https:\/\/kokpit.az\/index.php?rest_route=%2Fwp%2Fv2%2Fmedia&parent=7002"}],"wp:term":[{"taxonomy":"category","embeddable":true,"href":"https:\/\/kokpit.az\/index.php?rest_route=%2Fwp%2Fv2%2Fcategories&post=7002"},{"taxonomy":"post_tag","embeddable":true,"href":"https:\/\/kokpit.az\/index.php?rest_route=%2Fwp%2Fv2%2Ftags&post=7002"}],"curies":[{"name":"wp","href":"https:\/\/api.w.org\/{rel}","templated":true}]}}