{"id":6999,"date":"2024-07-25T11:46:33","date_gmt":"2024-07-25T07:46:33","guid":{"rendered":"https:\/\/kokpit.az\/?p=6999"},"modified":"2024-07-25T12:56:22","modified_gmt":"2024-07-25T08:56:22","slug":"ferrari-yay-t%c9%99tilind%c9%99n-sonra-aciqlayacaq","status":"publish","type":"post","link":"https:\/\/kokpit.az\/?p=6999","title":{"rendered":"Ferrari yay t\u0259tilind\u0259n sonra a\u00e7\u0131qlayacaq"},"content":{"rendered":"<div class=\"msnt-entity-header pb-6 pt-4 t:pb-8 t:pt-0 \">\n<h2 class=\"text-article-description font-title italic font text-fg-on-color t:text-fg-default\">Kokpit.az xat\u0131rlad\u0131r ki, uzun m\u00fcdd\u0259t \u00e7\u0259k\u0259n \u015fayi\u0259l\u0259rd\u0259n sonra Ferrari-nin F1 \u015fassi proqram\u0131n\u0131n r\u0259hb\u0259ri Enriko Kardile komandan\u0131 t\u0259rk edib v\u0259 o, Aston Martin komandas\u0131n\u0131n yeni texniki direktoru olub. Komandan\u0131n r\u0259hb\u0259ri Frederik Vassy\u00f6r m\u00fcv\u0259qq\u0259ti olaraq onun v\u0259zif\u0259l\u0259rini icra ed\u0259c\u0259k.<\/h2>\n<\/div>\n<p>Lakin <span style=\"color: #ff0000;\"><strong>Frederik Vassy\u00f6r<\/strong><\/span> bildirib ki, yay t\u0259tilind\u0259n sonra komandan\u0131n yeni texniki qurulu\u015funu v\u0259 hey\u0259tini a\u00e7\u0131qlayacaq: &#8220;Yay t\u0259tilind\u0259n sonra yeni texniki hey\u0259timizi a\u00e7\u0131qlayaca\u011f\u0131q. Kardilenin getm\u0259si bizim \u00fc\u00e7\u00fcn faci\u0259 olmad\u0131. Yekunda bu layih\u0259 \u00fcz\u0259rind\u0259 i\u015fl\u0259y\u0259n 200-300 i\u015f\u00e7imiz var. H\u0259mi\u015f\u0259 demi\u015f\u0259m ki, \u015f\u0259xsl\u0259r qrupdan vacib deyil. Birini i\u015f\u0259 g\u00f6t\u00fcr\u0259nd\u0259 d\u0259 bu bel\u0259dir. Birini komandadan g\u00f6nd\u0259r\u0259nd\u0259 d\u0259&#8221;.<\/p>\n<p>Enriko Kardile Ferrari-d\u0259n pis vaxtda ayr\u0131ld\u0131, \u00e7\u00fcnki komanda haz\u0131rda y\u00fcks\u0259k s\u00fcr\u0259td\u0259 dal\u011falanma probleml\u0259ri ya\u015fay\u0131r. Bu problem \u0259sas\u0259n Barselona yenilikl\u0259rind\u0259n sonra yarand\u0131 v\u0259 bunu h\u0259ll etm\u0259k laz\u0131md\u0131r.<\/p>\n<p>Dig\u0259r t\u0259r\u0259fd\u0259n is\u0259 \u0259n g\u00fccl\u00fc komanalar aras\u0131nda f\u0259rql\u0259r azal\u0131r. Bu anda Ferrari g\u00f6zl\u0259nil\u0259n inki\u015faf\u0131 g\u00f6st\u0259r\u0259 bilm\u0259yib v\u0259 Barselona yar\u0131\u015f\u0131ndan etibar\u0259n McLaren v\u0259 Mercedes-in gerisind\u0259 qal\u0131b.<\/p>\n<p>Lakin <strong><span style=\"color: #ff0000;\">Frederik Vassy\u00f6r<\/span><\/strong> inan\u0131r ki, komanda 2023-c\u00fc ild\u0259n b\u0259ri inki\u015faf edib v\u0259 yen\u0259 d\u0259 \u00f6z g\u00fcc\u00fcn\u0259 inan\u0131r: &#8220;\u00c7\u0259tin bir vaxtda g\u00f6st\u0259rdik ki, komanda olaraq i\u015fl\u0259yirik. Bir il \u0259rzind\u0259 \u0259ld\u0259 etdiyimiz inki\u015fafla Red Bull il\u0259 aram\u0131zdak\u0131 f\u0259rqin 2\/3-ni ba\u011flad\u0131q. Bu, eyni zamanda bazada g\u00f6rd\u00fcy\u00fcm\u00fcz i\u015fl\u0259rin n\u0259tic\u0259sidir. \u018flb\u0259tt\u0259, i\u015fl\u0259m\u0259y davam ed\u0259c\u0259yik, \u00e7\u00fcnki haz\u0131rda oldu\u011fumuz yerd\u0259n raz\u0131 deyil\u0259m.<\/p>\n<p>R\u0259qibimd\u0259n 20 saniy\u0259 geri qalmaqdan xo\u015fum g\u0259lmir, amma ke\u00e7\u0259n il Macar\u0131standa r\u0259qibimizd\u0259n 65 saniy\u0259 gerid\u0259 qalm\u0131\u015fd\u0131q. Bu il is\u0259 f\u0259rq azal\u0131b&#8221;.<\/p>\n<div class=\"ms-article_detail\">\n<div class=\"ms-article__main mb-dynamic\">\n<div class=\"ms-article__body\">\n<div class=\"ms-article-content-wrapper my-dynamic\">\n<div class=\"ms-article-content\" data-autoplay=\"0\" data-mute=\"0\" data-position=\"embed\" data-series=\"f1\">\n<div id=\"ms-piano_article-prebanner\" class=\"empty:contents\"><\/div>\n<\/div>\n<div class=\"ms-article-content-end mt-8 grid gap-6\">\n<div class=\"flex flex-col items-center gap-5\"><\/div>\n<\/div>\n<\/div>\n<\/div>\n<\/div>\n<\/div>\n","protected":false},"excerpt":{"rendered":"<p>Ferrari komandas\u0131n\u0131n r\u0259hb\u0259ri Frederik Vassy\u00f6r bildirib ki, yay t\u0259tilind\u0259n sonra yeni texniki hey\u0259tl\u0259rini a\u00e7\u0131qlayacaqlar. Bundan ba\u015fqa Enriko Kardilenin Aston Martin-\u0259 getm\u0259si komanda \u00fc\u00e7\u00fcn faci\u0259 olmay\u0131b.\u00a0<\/p>\n","protected":false},"author":2,"featured_media":7000,"comment_status":"open","ping_status":"open","sticky":false,"template":"","format":"standard","meta":{"footnotes":""},"categories":[2],"tags":[63,53],"class_list":["post-6999","post","type-post","status-publish","format-standard","has-post-thumbnail","hentry","category-news","tag-frederic-vasseur","tag-scuderia-ferrari"],"yoast_head":"<!-- This site is optimized with the Yoast SEO plugin v27.5 - https:\/\/yoast.com\/product\/yoast-seo-wordpress\/ -->\n<title>Ferrari yay t\u0259tilind\u0259n sonra a\u00e7\u0131qlayacaq - X\u0259b\u0259ri Kokpitd\u0259 Oxuyun!<\/title>\n<meta name=\"robots\" content=\"index, follow, max-snippet:-1, max-image-preview:large, max-video-preview:-1\" \/>\n<link rel=\"canonical\" href=\"https:\/\/kokpit.az\/?p=6999\" \/>\n<meta property=\"og:locale\" content=\"az_AZ\" \/>\n<meta property=\"og:type\" content=\"article\" \/>\n<meta property=\"og:title\" content=\"Ferrari yay t\u0259tilind\u0259n sonra a\u00e7\u0131qlayacaq - X\u0259b\u0259ri Kokpitd\u0259 Oxuyun!\" \/>\n<meta property=\"og:description\" content=\"Ferrari komandas\u0131n\u0131n r\u0259hb\u0259ri Frederik Vassy\u00f6r bildirib ki, yay t\u0259tilind\u0259n sonra yeni texniki hey\u0259tl\u0259rini a\u00e7\u0131qlayacaqlar. Bundan ba\u015fqa Enriko Kardilenin Aston Martin-\u0259 getm\u0259si komanda \u00fc\u00e7\u00fcn faci\u0259 olmay\u0131b.\u00a0\" \/>\n<meta property=\"og:url\" content=\"https:\/\/kokpit.az\/?p=6999\" \/>\n<meta property=\"og:site_name\" content=\"X\u0259b\u0259ri Kokpitd\u0259 Oxuyun!\" \/>\n<meta property=\"article:publisher\" content=\"https:\/\/www.facebook.com\/profile.php?id=61553756392357\" \/>\n<meta property=\"article:published_time\" content=\"2024-07-25T07:46:33+00:00\" \/>\n<meta property=\"article:modified_time\" content=\"2024-07-25T08:56:22+00:00\" \/>\n<meta property=\"og:image\" content=\"https:\/\/kokpit.az\/wp-content\/uploads\/2024\/07\/frederic-vasseur-team-principa-e1721897656616.webp\" \/>\n\t<meta property=\"og:image:width\" content=\"1200\" \/>\n\t<meta property=\"og:image:height\" content=\"630\" \/>\n\t<meta property=\"og:image:type\" content=\"image\/webp\" \/>\n<meta name=\"author\" content=\"Rauf Hac\u0131yev\" \/>\n<meta name=\"twitter:card\" content=\"summary_large_image\" \/>\n<meta name=\"twitter:label1\" content=\"Written by\" \/>\n\t<meta name=\"twitter:data1\" content=\"Rauf Hac\u0131yev\" \/>\n\t<meta name=\"twitter:label2\" content=\"Est. reading time\" \/>\n\t<meta name=\"twitter:data2\" content=\"2 minutes\" \/>\n<script type=\"application\/ld+json\" class=\"yoast-schema-graph\">{\"@context\":\"https:\\\/\\\/schema.org\",\"@graph\":[{\"@type\":\"Article\",\"@id\":\"https:\\\/\\\/kokpit.az\\\/?p=6999#article\",\"isPartOf\":{\"@id\":\"https:\\\/\\\/kokpit.az\\\/?p=6999\"},\"author\":{\"name\":\"Rauf Hac\u0131yev\",\"@id\":\"https:\\\/\\\/kokpit.az\\\/#\\\/schema\\\/person\\\/f4114e650bc2993d0650e4fb6933c581\"},\"headline\":\"Ferrari yay t\u0259tilind\u0259n sonra a\u00e7\u0131qlayacaq\",\"datePublished\":\"2024-07-25T07:46:33+00:00\",\"dateModified\":\"2024-07-25T08:56:22+00:00\",\"mainEntityOfPage\":{\"@id\":\"https:\\\/\\\/kokpit.az\\\/?p=6999\"},\"wordCount\":363,\"commentCount\":0,\"publisher\":{\"@id\":\"https:\\\/\\\/kokpit.az\\\/#organization\"},\"image\":{\"@id\":\"https:\\\/\\\/kokpit.az\\\/?p=6999#primaryimage\"},\"thumbnailUrl\":\"https:\\\/\\\/kokpit.az\\\/wp-content\\\/uploads\\\/2024\\\/07\\\/frederic-vasseur-team-principa-e1721897656616.webp\",\"keywords\":[\"Frederic Vasseur\",\"Scuderia Ferrari\"],\"articleSection\":[\"X\u0259b\u0259rl\u0259r\"],\"inLanguage\":\"az\",\"potentialAction\":[{\"@type\":\"CommentAction\",\"name\":\"Comment\",\"target\":[\"https:\\\/\\\/kokpit.az\\\/?p=6999#respond\"]}]},{\"@type\":\"WebPage\",\"@id\":\"https:\\\/\\\/kokpit.az\\\/?p=6999\",\"url\":\"https:\\\/\\\/kokpit.az\\\/?p=6999\",\"name\":\"Ferrari yay t\u0259tilind\u0259n sonra a\u00e7\u0131qlayacaq - X\u0259b\u0259ri Kokpitd\u0259 Oxuyun!\",\"isPartOf\":{\"@id\":\"https:\\\/\\\/kokpit.az\\\/#website\"},\"primaryImageOfPage\":{\"@id\":\"https:\\\/\\\/kokpit.az\\\/?p=6999#primaryimage\"},\"image\":{\"@id\":\"https:\\\/\\\/kokpit.az\\\/?p=6999#primaryimage\"},\"thumbnailUrl\":\"https:\\\/\\\/kokpit.az\\\/wp-content\\\/uploads\\\/2024\\\/07\\\/frederic-vasseur-team-principa-e1721897656616.webp\",\"datePublished\":\"2024-07-25T07:46:33+00:00\",\"dateModified\":\"2024-07-25T08:56:22+00:00\",\"breadcrumb\":{\"@id\":\"https:\\\/\\\/kokpit.az\\\/?p=6999#breadcrumb\"},\"inLanguage\":\"az\",\"potentialAction\":[{\"@type\":\"ReadAction\",\"target\":[\"https:\\\/\\\/kokpit.az\\\/?p=6999\"]}]},{\"@type\":\"ImageObject\",\"inLanguage\":\"az\",\"@id\":\"https:\\\/\\\/kokpit.az\\\/?p=6999#primaryimage\",\"url\":\"https:\\\/\\\/kokpit.az\\\/wp-content\\\/uploads\\\/2024\\\/07\\\/frederic-vasseur-team-principa-e1721897656616.webp\",\"contentUrl\":\"https:\\\/\\\/kokpit.az\\\/wp-content\\\/uploads\\\/2024\\\/07\\\/frederic-vasseur-team-principa-e1721897656616.webp\",\"width\":1200,\"height\":630},{\"@type\":\"BreadcrumbList\",\"@id\":\"https:\\\/\\\/kokpit.az\\\/?p=6999#breadcrumb\",\"itemListElement\":[{\"@type\":\"ListItem\",\"position\":1,\"name\":\"Home\",\"item\":\"https:\\\/\\\/kokpit.az\\\/\"},{\"@type\":\"ListItem\",\"position\":2,\"name\":\"Ferrari yay t\u0259tilind\u0259n sonra a\u00e7\u0131qlayacaq\"}]},{\"@type\":\"WebSite\",\"@id\":\"https:\\\/\\\/kokpit.az\\\/#website\",\"url\":\"https:\\\/\\\/kokpit.az\\\/\",\"name\":\"X\u0259b\u0259ri Kokpitd\u0259 Oxuyun!\",\"description\":\"\",\"publisher\":{\"@id\":\"https:\\\/\\\/kokpit.az\\\/#organization\"},\"potentialAction\":[{\"@type\":\"SearchAction\",\"target\":{\"@type\":\"EntryPoint\",\"urlTemplate\":\"https:\\\/\\\/kokpit.az\\\/?s={search_term_string}\"},\"query-input\":{\"@type\":\"PropertyValueSpecification\",\"valueRequired\":true,\"valueName\":\"search_term_string\"}}],\"inLanguage\":\"az\"},{\"@type\":\"Organization\",\"@id\":\"https:\\\/\\\/kokpit.az\\\/#organization\",\"name\":\"X\u0259b\u0259ri Kokpitd\u0259 Oxuyun!\",\"url\":\"https:\\\/\\\/kokpit.az\\\/\",\"logo\":{\"@type\":\"ImageObject\",\"inLanguage\":\"az\",\"@id\":\"https:\\\/\\\/kokpit.az\\\/#\\\/schema\\\/logo\\\/image\\\/\",\"url\":\"https:\\\/\\\/kokpit.az\\\/wp-content\\\/uploads\\\/2023\\\/05\\\/kokpit.jpg\",\"contentUrl\":\"https:\\\/\\\/kokpit.az\\\/wp-content\\\/uploads\\\/2023\\\/05\\\/kokpit.jpg\",\"width\":488,\"height\":245,\"caption\":\"X\u0259b\u0259ri Kokpitd\u0259 Oxuyun!\"},\"image\":{\"@id\":\"https:\\\/\\\/kokpit.az\\\/#\\\/schema\\\/logo\\\/image\\\/\"},\"sameAs\":[\"https:\\\/\\\/www.facebook.com\\\/profile.php?id=61553756392357\"]},{\"@type\":\"Person\",\"@id\":\"https:\\\/\\\/kokpit.az\\\/#\\\/schema\\\/person\\\/f4114e650bc2993d0650e4fb6933c581\",\"name\":\"Rauf Hac\u0131yev\",\"image\":{\"@type\":\"ImageObject\",\"inLanguage\":\"az\",\"@id\":\"https:\\\/\\\/secure.gravatar.com\\\/avatar\\\/394a2085c47c7acdcf41f7d270b7cbb52513d6f4f24c1cb6dfbbd61f98c0503d?s=96&d=mm&r=g\",\"url\":\"https:\\\/\\\/secure.gravatar.com\\\/avatar\\\/394a2085c47c7acdcf41f7d270b7cbb52513d6f4f24c1cb6dfbbd61f98c0503d?s=96&d=mm&r=g\",\"contentUrl\":\"https:\\\/\\\/secure.gravatar.com\\\/avatar\\\/394a2085c47c7acdcf41f7d270b7cbb52513d6f4f24c1cb6dfbbd61f98c0503d?s=96&d=mm&r=g\",\"caption\":\"Rauf Hac\u0131yev\"},\"sameAs\":[\"https:\\\/\\\/kokpit.az\"],\"url\":\"https:\\\/\\\/kokpit.az\\\/?author=2\"}]}<\/script>\n<!-- \/ Yoast SEO plugin. -->","yoast_head_json":{"title":"Ferrari yay t\u0259tilind\u0259n sonra a\u00e7\u0131qlayacaq - X\u0259b\u0259ri Kokpitd\u0259 Oxuyun!","robots":{"index":"index","follow":"follow","max-snippet":"max-snippet:-1","max-image-preview":"max-image-preview:large","max-video-preview":"max-video-preview:-1"},"canonical":"https:\/\/kokpit.az\/?p=6999","og_locale":"az_AZ","og_type":"article","og_title":"Ferrari yay t\u0259tilind\u0259n sonra a\u00e7\u0131qlayacaq - X\u0259b\u0259ri Kokpitd\u0259 Oxuyun!","og_description":"Ferrari komandas\u0131n\u0131n r\u0259hb\u0259ri Frederik Vassy\u00f6r bildirib ki, yay t\u0259tilind\u0259n sonra yeni texniki hey\u0259tl\u0259rini a\u00e7\u0131qlayacaqlar. Bundan ba\u015fqa Enriko Kardilenin Aston Martin-\u0259 getm\u0259si komanda \u00fc\u00e7\u00fcn faci\u0259 olmay\u0131b.\u00a0","og_url":"https:\/\/kokpit.az\/?p=6999","og_site_name":"X\u0259b\u0259ri Kokpitd\u0259 Oxuyun!","article_publisher":"https:\/\/www.facebook.com\/profile.php?id=61553756392357","article_published_time":"2024-07-25T07:46:33+00:00","article_modified_time":"2024-07-25T08:56:22+00:00","og_image":[{"width":1200,"height":630,"url":"https:\/\/kokpit.az\/wp-content\/uploads\/2024\/07\/frederic-vasseur-team-principa-e1721897656616.webp","type":"image\/webp"}],"author":"Rauf Hac\u0131yev","twitter_card":"summary_large_image","twitter_misc":{"Written by":"Rauf Hac\u0131yev","Est. reading time":"2 minutes"},"schema":{"@context":"https:\/\/schema.org","@graph":[{"@type":"Article","@id":"https:\/\/kokpit.az\/?p=6999#article","isPartOf":{"@id":"https:\/\/kokpit.az\/?p=6999"},"author":{"name":"Rauf Hac\u0131yev","@id":"https:\/\/kokpit.az\/#\/schema\/person\/f4114e650bc2993d0650e4fb6933c581"},"headline":"Ferrari yay t\u0259tilind\u0259n sonra a\u00e7\u0131qlayacaq","datePublished":"2024-07-25T07:46:33+00:00","dateModified":"2024-07-25T08:56:22+00:00","mainEntityOfPage":{"@id":"https:\/\/kokpit.az\/?p=6999"},"wordCount":363,"commentCount":0,"publisher":{"@id":"https:\/\/kokpit.az\/#organization"},"image":{"@id":"https:\/\/kokpit.az\/?p=6999#primaryimage"},"thumbnailUrl":"https:\/\/kokpit.az\/wp-content\/uploads\/2024\/07\/frederic-vasseur-team-principa-e1721897656616.webp","keywords":["Frederic Vasseur","Scuderia Ferrari"],"articleSection":["X\u0259b\u0259rl\u0259r"],"inLanguage":"az","potentialAction":[{"@type":"CommentAction","name":"Comment","target":["https:\/\/kokpit.az\/?p=6999#respond"]}]},{"@type":"WebPage","@id":"https:\/\/kokpit.az\/?p=6999","url":"https:\/\/kokpit.az\/?p=6999","name":"Ferrari yay t\u0259tilind\u0259n sonra a\u00e7\u0131qlayacaq - X\u0259b\u0259ri Kokpitd\u0259 Oxuyun!","isPartOf":{"@id":"https:\/\/kokpit.az\/#website"},"primaryImageOfPage":{"@id":"https:\/\/kokpit.az\/?p=6999#primaryimage"},"image":{"@id":"https:\/\/kokpit.az\/?p=6999#primaryimage"},"thumbnailUrl":"https:\/\/kokpit.az\/wp-content\/uploads\/2024\/07\/frederic-vasseur-team-principa-e1721897656616.webp","datePublished":"2024-07-25T07:46:33+00:00","dateModified":"2024-07-25T08:56:22+00:00","breadcrumb":{"@id":"https:\/\/kokpit.az\/?p=6999#breadcrumb"},"inLanguage":"az","potentialAction":[{"@type":"ReadAction","target":["https:\/\/kokpit.az\/?p=6999"]}]},{"@type":"ImageObject","inLanguage":"az","@id":"https:\/\/kokpit.az\/?p=6999#primaryimage","url":"https:\/\/kokpit.az\/wp-content\/uploads\/2024\/07\/frederic-vasseur-team-principa-e1721897656616.webp","contentUrl":"https:\/\/kokpit.az\/wp-content\/uploads\/2024\/07\/frederic-vasseur-team-principa-e1721897656616.webp","width":1200,"height":630},{"@type":"BreadcrumbList","@id":"https:\/\/kokpit.az\/?p=6999#breadcrumb","itemListElement":[{"@type":"ListItem","position":1,"name":"Home","item":"https:\/\/kokpit.az\/"},{"@type":"ListItem","position":2,"name":"Ferrari yay t\u0259tilind\u0259n sonra a\u00e7\u0131qlayacaq"}]},{"@type":"WebSite","@id":"https:\/\/kokpit.az\/#website","url":"https:\/\/kokpit.az\/","name":"X\u0259b\u0259ri Kokpitd\u0259 Oxuyun!","description":"","publisher":{"@id":"https:\/\/kokpit.az\/#organization"},"potentialAction":[{"@type":"SearchAction","target":{"@type":"EntryPoint","urlTemplate":"https:\/\/kokpit.az\/?s={search_term_string}"},"query-input":{"@type":"PropertyValueSpecification","valueRequired":true,"valueName":"search_term_string"}}],"inLanguage":"az"},{"@type":"Organization","@id":"https:\/\/kokpit.az\/#organization","name":"X\u0259b\u0259ri Kokpitd\u0259 Oxuyun!","url":"https:\/\/kokpit.az\/","logo":{"@type":"ImageObject","inLanguage":"az","@id":"https:\/\/kokpit.az\/#\/schema\/logo\/image\/","url":"https:\/\/kokpit.az\/wp-content\/uploads\/2023\/05\/kokpit.jpg","contentUrl":"https:\/\/kokpit.az\/wp-content\/uploads\/2023\/05\/kokpit.jpg","width":488,"height":245,"caption":"X\u0259b\u0259ri Kokpitd\u0259 Oxuyun!"},"image":{"@id":"https:\/\/kokpit.az\/#\/schema\/logo\/image\/"},"sameAs":["https:\/\/www.facebook.com\/profile.php?id=61553756392357"]},{"@type":"Person","@id":"https:\/\/kokpit.az\/#\/schema\/person\/f4114e650bc2993d0650e4fb6933c581","name":"Rauf Hac\u0131yev","image":{"@type":"ImageObject","inLanguage":"az","@id":"https:\/\/secure.gravatar.com\/avatar\/394a2085c47c7acdcf41f7d270b7cbb52513d6f4f24c1cb6dfbbd61f98c0503d?s=96&d=mm&r=g","url":"https:\/\/secure.gravatar.com\/avatar\/394a2085c47c7acdcf41f7d270b7cbb52513d6f4f24c1cb6dfbbd61f98c0503d?s=96&d=mm&r=g","contentUrl":"https:\/\/secure.gravatar.com\/avatar\/394a2085c47c7acdcf41f7d270b7cbb52513d6f4f24c1cb6dfbbd61f98c0503d?s=96&d=mm&r=g","caption":"Rauf Hac\u0131yev"},"sameAs":["https:\/\/kokpit.az"],"url":"https:\/\/kokpit.az\/?author=2"}]}},"_links":{"self":[{"href":"https:\/\/kokpit.az\/index.php?rest_route=\/wp\/v2\/posts\/6999","targetHints":{"allow":["GET"]}}],"collection":[{"href":"https:\/\/kokpit.az\/index.php?rest_route=\/wp\/v2\/posts"}],"about":[{"href":"https:\/\/kokpit.az\/index.php?rest_route=\/wp\/v2\/types\/post"}],"author":[{"embeddable":true,"href":"https:\/\/kokpit.az\/index.php?rest_route=\/wp\/v2\/users\/2"}],"replies":[{"embeddable":true,"href":"https:\/\/kokpit.az\/index.php?rest_route=%2Fwp%2Fv2%2Fcomments&post=6999"}],"version-history":[{"count":1,"href":"https:\/\/kokpit.az\/index.php?rest_route=\/wp\/v2\/posts\/6999\/revisions"}],"predecessor-version":[{"id":7001,"href":"https:\/\/kokpit.az\/index.php?rest_route=\/wp\/v2\/posts\/6999\/revisions\/7001"}],"wp:featuredmedia":[{"embeddable":true,"href":"https:\/\/kokpit.az\/index.php?rest_route=\/wp\/v2\/media\/7000"}],"wp:attachment":[{"href":"https:\/\/kokpit.az\/index.php?rest_route=%2Fwp%2Fv2%2Fmedia&parent=6999"}],"wp:term":[{"taxonomy":"category","embeddable":true,"href":"https:\/\/kokpit.az\/index.php?rest_route=%2Fwp%2Fv2%2Fcategories&post=6999"},{"taxonomy":"post_tag","embeddable":true,"href":"https:\/\/kokpit.az\/index.php?rest_route=%2Fwp%2Fv2%2Ftags&post=6999"}],"curies":[{"name":"wp","href":"https:\/\/api.w.org\/{rel}","templated":true}]}}