{"id":6950,"date":"2024-07-22T19:31:27","date_gmt":"2024-07-22T15:31:27","guid":{"rendered":"https:\/\/kokpit.az\/?p=6950"},"modified":"2024-07-22T22:33:21","modified_gmt":"2024-07-22T18:33:21","slug":"h-marko-ferstappenin-muqavil%c9%99sind%c9%99-madd%c9%99l%c9%99r-var","status":"publish","type":"post","link":"https:\/\/kokpit.az\/?p=6950","title":{"rendered":"H.Marko: Ferstappenin m\u00fcqavil\u0259sind\u0259 madd\u0259l\u0259r var"},"content":{"rendered":"<p>Kokpit.az bildirir ki, Maks Ferstappen haz\u0131rda peletonun \u0259n g\u00f6z\u0259g\u0259limli s\u00fcr\u00fcc\u00fcs\u00fcd\u00fcr. \u0130st\u0259nil\u0259n komanda onu hey\u0259tind\u0259 g\u00f6rm\u0259k ist\u0259yir. Niderlandl\u0131 s\u00fcr\u00fcc\u00fcn\u00fc ham\u0131dan \u00e7ox ist\u0259y\u0259n komanda is\u0259 Mercedes-dir.<\/p>\n<p>Red Bull m\u00f6vs\u00fcm\u00fcn \u0259vv\u0259lind\u0259ki \u00fcst\u00fcnl\u00fcy\u00fcn\u00fc haz\u0131rda itirib. Komanda m\u00f6vs\u00fcm\u00fcn \u0259vv\u0259lind\u0259 ilk 5 yar\u0131\u015f\u0131n 4-d\u0259 qalib g\u0259ldiyi halda, son 7 yar\u0131\u015f\u0131n sad\u0259c\u0259 \u00fc\u00e7\u00fcn\u00fc qazan\u0131b.<\/p>\n<p><span style=\"color: #000080;\"><strong>Helmut Marko:<\/strong> <\/span>\u201cMaks bu qar\u0131\u015f\u0131ql\u0131\u011f\u0131n ortas\u0131nda \u00f6z\u00fcn\u0259 inaml\u0131 formada dimdik dayan\u0131b. Laz\u0131m olanda qonaq ota\u011f\u0131na \u00e7\u0259kilir v\u0259 \u00f6z d\u00fcnyas\u0131nda ya\u015fay\u0131r. Eyni zamanda bilir ki, u\u011fur qazanmaq \u00fc\u00e7\u00fcn b\u00fct\u00fcn komanda bir arada olmal\u0131d\u0131r. Bunun \u00fc\u00e7\u00fcn \u0259lind\u0259n g\u0259l\u0259ni edir.<\/p>\n<p>Komanda ruhunu qorumal\u0131 v\u0259 b\u00f6y\u00fctm\u0259liyik. Maks Ferstappen kimi s\u00fcr\u00fcc\u00fcn\u00fc komandada saxlama\u011f\u0131n v\u0259 u\u011furlar qazanma\u011f\u0131n t\u0259k yolu budur.<\/p>\n<p>Maks\u0131n 2028-ci ilin sonuna q\u0259d\u0259r m\u00fcqavil\u0259si var. Ancaq h\u0259r Formula 1 s\u00fcr\u00fcc\u00fcs\u00fc kimi onun da m\u00fcqavil\u0259sind\u0259 madd\u0259l\u0259r var. Ancaq h\u0259r \u015feyd\u0259n \u0259vv\u0259l Maksla m\u00fcmk\u00fcn q\u0259d\u0259r \u00e7ox u\u011fur qazanmaq ist\u0259yirik\u201d.<\/p>\n<p>Mercedes-in Maks Ferstappeni ist\u0259m\u0259si bar\u0259d\u0259 Marko bel\u0259 deyib: \u201cBu \u00e7ox normald\u0131r. Ferstappen u\u011furu t\u0259min edir. F\u0259rq yaradan s\u00fcr\u00fcc\u00fcd\u00fcr. Bu m\u00f6vs\u00fcm Ferrari, Mercedes v\u0259 McLaren il\u0259 yar\u0131\u015f qazana bil\u0259rdi. \u018fg\u0259r onunla m\u00fcqavil\u0259miz olmasayd\u0131, biz d\u0259 onu transfer etm\u0259k ist\u0259rdik\u201d.<\/p>\n","protected":false},"excerpt":{"rendered":"<p>Red Bull \u015firk\u0259tinin idman m\u0259sl\u0259h\u0259t\u00e7isi Helmut Marko bildirib ki, Maks Ferstappeni komandada tutmaq \u00fc\u00e7\u00fcn inki\u015faf etm\u0259lidirl\u0259r.<\/p>\n","protected":false},"author":2,"featured_media":2856,"comment_status":"open","ping_status":"open","sticky":false,"template":"","format":"standard","meta":{"footnotes":""},"categories":[2],"tags":[55,51],"class_list":["post-6950","post","type-post","status-publish","format-standard","has-post-thumbnail","hentry","category-news","tag-helmut-marko","tag-red-bull-racing"],"yoast_head":"<!-- This site is optimized with the Yoast SEO plugin v27.5 - https:\/\/yoast.com\/product\/yoast-seo-wordpress\/ -->\n<title>H.Marko: Ferstappenin m\u00fcqavil\u0259sind\u0259 madd\u0259l\u0259r var - X\u0259b\u0259ri Kokpitd\u0259 Oxuyun!<\/title>\n<meta name=\"robots\" content=\"index, follow, max-snippet:-1, max-image-preview:large, max-video-preview:-1\" \/>\n<link rel=\"canonical\" href=\"https:\/\/kokpit.az\/?p=6950\" \/>\n<meta property=\"og:locale\" content=\"az_AZ\" \/>\n<meta property=\"og:type\" content=\"article\" \/>\n<meta property=\"og:title\" content=\"H.Marko: Ferstappenin m\u00fcqavil\u0259sind\u0259 madd\u0259l\u0259r var - X\u0259b\u0259ri Kokpitd\u0259 Oxuyun!\" \/>\n<meta property=\"og:description\" content=\"Red Bull \u015firk\u0259tinin idman m\u0259sl\u0259h\u0259t\u00e7isi Helmut Marko bildirib ki, Maks Ferstappeni komandada tutmaq \u00fc\u00e7\u00fcn inki\u015faf etm\u0259lidirl\u0259r.\" \/>\n<meta property=\"og:url\" content=\"https:\/\/kokpit.az\/?p=6950\" \/>\n<meta property=\"og:site_name\" content=\"X\u0259b\u0259ri Kokpitd\u0259 Oxuyun!\" \/>\n<meta property=\"article:publisher\" content=\"https:\/\/www.facebook.com\/profile.php?id=61553756392357\" \/>\n<meta property=\"article:published_time\" content=\"2024-07-22T15:31:27+00:00\" \/>\n<meta property=\"article:modified_time\" content=\"2024-07-22T18:33:21+00:00\" \/>\n<meta property=\"og:image\" content=\"https:\/\/kokpit.az\/wp-content\/uploads\/2023\/11\/Verstappen-Dominates-First-Practice-at-Japanese-Grand-Prix-image.jpg\" \/>\n\t<meta property=\"og:image:width\" content=\"1200\" \/>\n\t<meta property=\"og:image:height\" content=\"630\" \/>\n\t<meta property=\"og:image:type\" content=\"image\/jpeg\" \/>\n<meta name=\"author\" content=\"Rauf Hac\u0131yev\" \/>\n<meta name=\"twitter:card\" content=\"summary_large_image\" \/>\n<meta name=\"twitter:label1\" content=\"Written by\" \/>\n\t<meta name=\"twitter:data1\" content=\"Rauf Hac\u0131yev\" \/>\n\t<meta name=\"twitter:label2\" content=\"Est. reading time\" \/>\n\t<meta name=\"twitter:data2\" content=\"1 minute\" \/>\n<script type=\"application\/ld+json\" class=\"yoast-schema-graph\">{\"@context\":\"https:\\\/\\\/schema.org\",\"@graph\":[{\"@type\":\"Article\",\"@id\":\"https:\\\/\\\/kokpit.az\\\/?p=6950#article\",\"isPartOf\":{\"@id\":\"https:\\\/\\\/kokpit.az\\\/?p=6950\"},\"author\":{\"name\":\"Rauf Hac\u0131yev\",\"@id\":\"https:\\\/\\\/kokpit.az\\\/#\\\/schema\\\/person\\\/f4114e650bc2993d0650e4fb6933c581\"},\"headline\":\"H.Marko: Ferstappenin m\u00fcqavil\u0259sind\u0259 madd\u0259l\u0259r var\",\"datePublished\":\"2024-07-22T15:31:27+00:00\",\"dateModified\":\"2024-07-22T18:33:21+00:00\",\"mainEntityOfPage\":{\"@id\":\"https:\\\/\\\/kokpit.az\\\/?p=6950\"},\"wordCount\":285,\"commentCount\":0,\"publisher\":{\"@id\":\"https:\\\/\\\/kokpit.az\\\/#organization\"},\"image\":{\"@id\":\"https:\\\/\\\/kokpit.az\\\/?p=6950#primaryimage\"},\"thumbnailUrl\":\"https:\\\/\\\/kokpit.az\\\/wp-content\\\/uploads\\\/2023\\\/11\\\/Verstappen-Dominates-First-Practice-at-Japanese-Grand-Prix-image.jpg\",\"keywords\":[\"Helmut Marko\",\"Red Bull Racing\"],\"articleSection\":[\"X\u0259b\u0259rl\u0259r\"],\"inLanguage\":\"az\",\"potentialAction\":[{\"@type\":\"CommentAction\",\"name\":\"Comment\",\"target\":[\"https:\\\/\\\/kokpit.az\\\/?p=6950#respond\"]}]},{\"@type\":\"WebPage\",\"@id\":\"https:\\\/\\\/kokpit.az\\\/?p=6950\",\"url\":\"https:\\\/\\\/kokpit.az\\\/?p=6950\",\"name\":\"H.Marko: Ferstappenin m\u00fcqavil\u0259sind\u0259 madd\u0259l\u0259r var - X\u0259b\u0259ri Kokpitd\u0259 Oxuyun!\",\"isPartOf\":{\"@id\":\"https:\\\/\\\/kokpit.az\\\/#website\"},\"primaryImageOfPage\":{\"@id\":\"https:\\\/\\\/kokpit.az\\\/?p=6950#primaryimage\"},\"image\":{\"@id\":\"https:\\\/\\\/kokpit.az\\\/?p=6950#primaryimage\"},\"thumbnailUrl\":\"https:\\\/\\\/kokpit.az\\\/wp-content\\\/uploads\\\/2023\\\/11\\\/Verstappen-Dominates-First-Practice-at-Japanese-Grand-Prix-image.jpg\",\"datePublished\":\"2024-07-22T15:31:27+00:00\",\"dateModified\":\"2024-07-22T18:33:21+00:00\",\"breadcrumb\":{\"@id\":\"https:\\\/\\\/kokpit.az\\\/?p=6950#breadcrumb\"},\"inLanguage\":\"az\",\"potentialAction\":[{\"@type\":\"ReadAction\",\"target\":[\"https:\\\/\\\/kokpit.az\\\/?p=6950\"]}]},{\"@type\":\"ImageObject\",\"inLanguage\":\"az\",\"@id\":\"https:\\\/\\\/kokpit.az\\\/?p=6950#primaryimage\",\"url\":\"https:\\\/\\\/kokpit.az\\\/wp-content\\\/uploads\\\/2023\\\/11\\\/Verstappen-Dominates-First-Practice-at-Japanese-Grand-Prix-image.jpg\",\"contentUrl\":\"https:\\\/\\\/kokpit.az\\\/wp-content\\\/uploads\\\/2023\\\/11\\\/Verstappen-Dominates-First-Practice-at-Japanese-Grand-Prix-image.jpg\",\"width\":1200,\"height\":630},{\"@type\":\"BreadcrumbList\",\"@id\":\"https:\\\/\\\/kokpit.az\\\/?p=6950#breadcrumb\",\"itemListElement\":[{\"@type\":\"ListItem\",\"position\":1,\"name\":\"Home\",\"item\":\"https:\\\/\\\/kokpit.az\\\/\"},{\"@type\":\"ListItem\",\"position\":2,\"name\":\"H.Marko: Ferstappenin m\u00fcqavil\u0259sind\u0259 madd\u0259l\u0259r var\"}]},{\"@type\":\"WebSite\",\"@id\":\"https:\\\/\\\/kokpit.az\\\/#website\",\"url\":\"https:\\\/\\\/kokpit.az\\\/\",\"name\":\"X\u0259b\u0259ri Kokpitd\u0259 Oxuyun!\",\"description\":\"\",\"publisher\":{\"@id\":\"https:\\\/\\\/kokpit.az\\\/#organization\"},\"potentialAction\":[{\"@type\":\"SearchAction\",\"target\":{\"@type\":\"EntryPoint\",\"urlTemplate\":\"https:\\\/\\\/kokpit.az\\\/?s={search_term_string}\"},\"query-input\":{\"@type\":\"PropertyValueSpecification\",\"valueRequired\":true,\"valueName\":\"search_term_string\"}}],\"inLanguage\":\"az\"},{\"@type\":\"Organization\",\"@id\":\"https:\\\/\\\/kokpit.az\\\/#organization\",\"name\":\"X\u0259b\u0259ri Kokpitd\u0259 Oxuyun!\",\"url\":\"https:\\\/\\\/kokpit.az\\\/\",\"logo\":{\"@type\":\"ImageObject\",\"inLanguage\":\"az\",\"@id\":\"https:\\\/\\\/kokpit.az\\\/#\\\/schema\\\/logo\\\/image\\\/\",\"url\":\"https:\\\/\\\/kokpit.az\\\/wp-content\\\/uploads\\\/2023\\\/05\\\/kokpit.jpg\",\"contentUrl\":\"https:\\\/\\\/kokpit.az\\\/wp-content\\\/uploads\\\/2023\\\/05\\\/kokpit.jpg\",\"width\":488,\"height\":245,\"caption\":\"X\u0259b\u0259ri Kokpitd\u0259 Oxuyun!\"},\"image\":{\"@id\":\"https:\\\/\\\/kokpit.az\\\/#\\\/schema\\\/logo\\\/image\\\/\"},\"sameAs\":[\"https:\\\/\\\/www.facebook.com\\\/profile.php?id=61553756392357\"]},{\"@type\":\"Person\",\"@id\":\"https:\\\/\\\/kokpit.az\\\/#\\\/schema\\\/person\\\/f4114e650bc2993d0650e4fb6933c581\",\"name\":\"Rauf Hac\u0131yev\",\"image\":{\"@type\":\"ImageObject\",\"inLanguage\":\"az\",\"@id\":\"https:\\\/\\\/secure.gravatar.com\\\/avatar\\\/394a2085c47c7acdcf41f7d270b7cbb52513d6f4f24c1cb6dfbbd61f98c0503d?s=96&d=mm&r=g\",\"url\":\"https:\\\/\\\/secure.gravatar.com\\\/avatar\\\/394a2085c47c7acdcf41f7d270b7cbb52513d6f4f24c1cb6dfbbd61f98c0503d?s=96&d=mm&r=g\",\"contentUrl\":\"https:\\\/\\\/secure.gravatar.com\\\/avatar\\\/394a2085c47c7acdcf41f7d270b7cbb52513d6f4f24c1cb6dfbbd61f98c0503d?s=96&d=mm&r=g\",\"caption\":\"Rauf Hac\u0131yev\"},\"sameAs\":[\"https:\\\/\\\/kokpit.az\"],\"url\":\"https:\\\/\\\/kokpit.az\\\/?author=2\"}]}<\/script>\n<!-- \/ Yoast SEO plugin. -->","yoast_head_json":{"title":"H.Marko: Ferstappenin m\u00fcqavil\u0259sind\u0259 madd\u0259l\u0259r var - X\u0259b\u0259ri Kokpitd\u0259 Oxuyun!","robots":{"index":"index","follow":"follow","max-snippet":"max-snippet:-1","max-image-preview":"max-image-preview:large","max-video-preview":"max-video-preview:-1"},"canonical":"https:\/\/kokpit.az\/?p=6950","og_locale":"az_AZ","og_type":"article","og_title":"H.Marko: Ferstappenin m\u00fcqavil\u0259sind\u0259 madd\u0259l\u0259r var - X\u0259b\u0259ri Kokpitd\u0259 Oxuyun!","og_description":"Red Bull \u015firk\u0259tinin idman m\u0259sl\u0259h\u0259t\u00e7isi Helmut Marko bildirib ki, Maks Ferstappeni komandada tutmaq \u00fc\u00e7\u00fcn inki\u015faf etm\u0259lidirl\u0259r.","og_url":"https:\/\/kokpit.az\/?p=6950","og_site_name":"X\u0259b\u0259ri Kokpitd\u0259 Oxuyun!","article_publisher":"https:\/\/www.facebook.com\/profile.php?id=61553756392357","article_published_time":"2024-07-22T15:31:27+00:00","article_modified_time":"2024-07-22T18:33:21+00:00","og_image":[{"width":1200,"height":630,"url":"https:\/\/kokpit.az\/wp-content\/uploads\/2023\/11\/Verstappen-Dominates-First-Practice-at-Japanese-Grand-Prix-image.jpg","type":"image\/jpeg"}],"author":"Rauf Hac\u0131yev","twitter_card":"summary_large_image","twitter_misc":{"Written by":"Rauf Hac\u0131yev","Est. reading time":"1 minute"},"schema":{"@context":"https:\/\/schema.org","@graph":[{"@type":"Article","@id":"https:\/\/kokpit.az\/?p=6950#article","isPartOf":{"@id":"https:\/\/kokpit.az\/?p=6950"},"author":{"name":"Rauf Hac\u0131yev","@id":"https:\/\/kokpit.az\/#\/schema\/person\/f4114e650bc2993d0650e4fb6933c581"},"headline":"H.Marko: Ferstappenin m\u00fcqavil\u0259sind\u0259 madd\u0259l\u0259r var","datePublished":"2024-07-22T15:31:27+00:00","dateModified":"2024-07-22T18:33:21+00:00","mainEntityOfPage":{"@id":"https:\/\/kokpit.az\/?p=6950"},"wordCount":285,"commentCount":0,"publisher":{"@id":"https:\/\/kokpit.az\/#organization"},"image":{"@id":"https:\/\/kokpit.az\/?p=6950#primaryimage"},"thumbnailUrl":"https:\/\/kokpit.az\/wp-content\/uploads\/2023\/11\/Verstappen-Dominates-First-Practice-at-Japanese-Grand-Prix-image.jpg","keywords":["Helmut Marko","Red Bull Racing"],"articleSection":["X\u0259b\u0259rl\u0259r"],"inLanguage":"az","potentialAction":[{"@type":"CommentAction","name":"Comment","target":["https:\/\/kokpit.az\/?p=6950#respond"]}]},{"@type":"WebPage","@id":"https:\/\/kokpit.az\/?p=6950","url":"https:\/\/kokpit.az\/?p=6950","name":"H.Marko: Ferstappenin m\u00fcqavil\u0259sind\u0259 madd\u0259l\u0259r var - X\u0259b\u0259ri Kokpitd\u0259 Oxuyun!","isPartOf":{"@id":"https:\/\/kokpit.az\/#website"},"primaryImageOfPage":{"@id":"https:\/\/kokpit.az\/?p=6950#primaryimage"},"image":{"@id":"https:\/\/kokpit.az\/?p=6950#primaryimage"},"thumbnailUrl":"https:\/\/kokpit.az\/wp-content\/uploads\/2023\/11\/Verstappen-Dominates-First-Practice-at-Japanese-Grand-Prix-image.jpg","datePublished":"2024-07-22T15:31:27+00:00","dateModified":"2024-07-22T18:33:21+00:00","breadcrumb":{"@id":"https:\/\/kokpit.az\/?p=6950#breadcrumb"},"inLanguage":"az","potentialAction":[{"@type":"ReadAction","target":["https:\/\/kokpit.az\/?p=6950"]}]},{"@type":"ImageObject","inLanguage":"az","@id":"https:\/\/kokpit.az\/?p=6950#primaryimage","url":"https:\/\/kokpit.az\/wp-content\/uploads\/2023\/11\/Verstappen-Dominates-First-Practice-at-Japanese-Grand-Prix-image.jpg","contentUrl":"https:\/\/kokpit.az\/wp-content\/uploads\/2023\/11\/Verstappen-Dominates-First-Practice-at-Japanese-Grand-Prix-image.jpg","width":1200,"height":630},{"@type":"BreadcrumbList","@id":"https:\/\/kokpit.az\/?p=6950#breadcrumb","itemListElement":[{"@type":"ListItem","position":1,"name":"Home","item":"https:\/\/kokpit.az\/"},{"@type":"ListItem","position":2,"name":"H.Marko: Ferstappenin m\u00fcqavil\u0259sind\u0259 madd\u0259l\u0259r var"}]},{"@type":"WebSite","@id":"https:\/\/kokpit.az\/#website","url":"https:\/\/kokpit.az\/","name":"X\u0259b\u0259ri Kokpitd\u0259 Oxuyun!","description":"","publisher":{"@id":"https:\/\/kokpit.az\/#organization"},"potentialAction":[{"@type":"SearchAction","target":{"@type":"EntryPoint","urlTemplate":"https:\/\/kokpit.az\/?s={search_term_string}"},"query-input":{"@type":"PropertyValueSpecification","valueRequired":true,"valueName":"search_term_string"}}],"inLanguage":"az"},{"@type":"Organization","@id":"https:\/\/kokpit.az\/#organization","name":"X\u0259b\u0259ri Kokpitd\u0259 Oxuyun!","url":"https:\/\/kokpit.az\/","logo":{"@type":"ImageObject","inLanguage":"az","@id":"https:\/\/kokpit.az\/#\/schema\/logo\/image\/","url":"https:\/\/kokpit.az\/wp-content\/uploads\/2023\/05\/kokpit.jpg","contentUrl":"https:\/\/kokpit.az\/wp-content\/uploads\/2023\/05\/kokpit.jpg","width":488,"height":245,"caption":"X\u0259b\u0259ri Kokpitd\u0259 Oxuyun!"},"image":{"@id":"https:\/\/kokpit.az\/#\/schema\/logo\/image\/"},"sameAs":["https:\/\/www.facebook.com\/profile.php?id=61553756392357"]},{"@type":"Person","@id":"https:\/\/kokpit.az\/#\/schema\/person\/f4114e650bc2993d0650e4fb6933c581","name":"Rauf Hac\u0131yev","image":{"@type":"ImageObject","inLanguage":"az","@id":"https:\/\/secure.gravatar.com\/avatar\/394a2085c47c7acdcf41f7d270b7cbb52513d6f4f24c1cb6dfbbd61f98c0503d?s=96&d=mm&r=g","url":"https:\/\/secure.gravatar.com\/avatar\/394a2085c47c7acdcf41f7d270b7cbb52513d6f4f24c1cb6dfbbd61f98c0503d?s=96&d=mm&r=g","contentUrl":"https:\/\/secure.gravatar.com\/avatar\/394a2085c47c7acdcf41f7d270b7cbb52513d6f4f24c1cb6dfbbd61f98c0503d?s=96&d=mm&r=g","caption":"Rauf Hac\u0131yev"},"sameAs":["https:\/\/kokpit.az"],"url":"https:\/\/kokpit.az\/?author=2"}]}},"_links":{"self":[{"href":"https:\/\/kokpit.az\/index.php?rest_route=\/wp\/v2\/posts\/6950","targetHints":{"allow":["GET"]}}],"collection":[{"href":"https:\/\/kokpit.az\/index.php?rest_route=\/wp\/v2\/posts"}],"about":[{"href":"https:\/\/kokpit.az\/index.php?rest_route=\/wp\/v2\/types\/post"}],"author":[{"embeddable":true,"href":"https:\/\/kokpit.az\/index.php?rest_route=\/wp\/v2\/users\/2"}],"replies":[{"embeddable":true,"href":"https:\/\/kokpit.az\/index.php?rest_route=%2Fwp%2Fv2%2Fcomments&post=6950"}],"version-history":[{"count":1,"href":"https:\/\/kokpit.az\/index.php?rest_route=\/wp\/v2\/posts\/6950\/revisions"}],"predecessor-version":[{"id":6951,"href":"https:\/\/kokpit.az\/index.php?rest_route=\/wp\/v2\/posts\/6950\/revisions\/6951"}],"wp:featuredmedia":[{"embeddable":true,"href":"https:\/\/kokpit.az\/index.php?rest_route=\/wp\/v2\/media\/2856"}],"wp:attachment":[{"href":"https:\/\/kokpit.az\/index.php?rest_route=%2Fwp%2Fv2%2Fmedia&parent=6950"}],"wp:term":[{"taxonomy":"category","embeddable":true,"href":"https:\/\/kokpit.az\/index.php?rest_route=%2Fwp%2Fv2%2Fcategories&post=6950"},{"taxonomy":"post_tag","embeddable":true,"href":"https:\/\/kokpit.az\/index.php?rest_route=%2Fwp%2Fv2%2Ftags&post=6950"}],"curies":[{"name":"wp","href":"https:\/\/api.w.org\/{rel}","templated":true}]}}