{"id":6929,"date":"2024-07-21T19:12:49","date_gmt":"2024-07-21T15:12:49","guid":{"rendered":"https:\/\/kokpit.az\/?p=6929"},"modified":"2024-07-22T13:06:15","modified_gmt":"2024-07-22T09:06:15","slug":"macaristan-2023-yarisa-da-narinci-damga","status":"publish","type":"post","link":"https:\/\/kokpit.az\/?p=6929","title":{"rendered":"Macar\u0131stan-2023: Yar\u0131\u015fa da nar\u0131nc\u0131 dam\u011fa!"},"content":{"rendered":"<p><em><strong><span style=\"color: #ff6600;\">Kokpit.az<\/span>\u00a0<\/strong><\/em>xat\u0131rlad\u0131r ki, Karlos Sayns ilk, Lando Norris is\u0259 n\u00f6vb\u0259ti 2 s\u0259rb\u0259st y\u00fcr\u00fc\u015fl\u0259rin qalibi olub. McLaren-in britaniyal\u0131 s\u00fcr\u00fcc\u00fcs\u00fc bu \u00fcst\u00fcnl\u00fcy\u00fcn\u00fc s\u0131ralanma turunda da davam etdirib &#8211; Red Bull-un g\u0259tirdiyi yenilikl\u0259r Maks Ferstappenin onu \u00fcst\u0259l\u0259m\u0259si \u00fc\u00e7\u00fcn kifay\u0259t etm\u0259yib.<\/p>\n<p><strong>Pirelli<\/strong> bura \u0259n yum\u015faq \u00fc\u00e7l\u00fcy\u00fc &#8211; C3, C4 v\u0259 C5 t\u0259k\u0259rl\u0259rini g\u0259tirib. Rassell, Peres, Qasli s\u0259rt, Alonso, Stroll, Elbon v\u0259 Maqnussen yum\u015faq, qalan ham\u0131 is\u0259 orta t\u0259k\u0259rl\u0259rl\u0259 ba\u015flay\u0131b. Start d\u00fczl\u00fcy\u00fcnd\u0259 ilk c\u0259rg\u0259ni McLaren s\u00fcr\u00fcc\u00fcl\u0259ri, ikinci c\u0259rg\u0259ni Ferstappenl\u0259 Sayns, \u00fc\u00e7\u00fcnc\u00fc c\u0259rg\u0259ni is\u0259 H\u0259miltonla Lekler tutub.<\/p>\n<p><strong>Startda\u00a0<\/strong>Norris l\u0259ngiyib, daha sonra ma\u015f\u0131n\u0131 komanda yolda\u015f\u0131na t\u0259r\u0259f \u00e7\u0259kib, lakin bu Piastrinin liderliy\u0259 y\u00fcks\u0259lm\u0259sin\u0259 mane olmay\u0131b. Ferstappen Norrisl\u0259 yan-yana g\u0259lib, lakin trasdan \u00e7\u0131x\u0131b v\u0259 onun \u00f6n\u00fcnd\u0259 geri qay\u0131d\u0131b. Sayns 3 yer itirib.<\/p>\n<p>Bir q\u0259d\u0259r sonra Karlos h\u0259myerlisi Alonsonu gerid\u0259 qoyub v\u0259 itirdiyi yerl\u0259rd\u0259n birini b\u0259roa edib. Ferstappen is\u0259 s\u00fcr\u0259tini azaldaraq Norrisi ir\u0259li burax\u0131b. <strong>2-ci d\u00f6vr\u0259d\u0259 ilk onluq:<\/strong> Piastri &#8211; Norris &#8211; Ferstappen &#8211; H\u0259milton &#8211; Lekler &#8211; Sayns &#8211; Alonso &#8211; Stroll &#8211; Elbon &#8211; Maqnussen.<\/p>\n<p>Yum\u015faq t\u0259k\u0259rl\u0259rl\u0259 ba\u015flayan s\u00fcr\u00fcc\u00fcl\u0259r art\u0131q 7-ci d\u00f6vr\u0259d\u0259 pit-stopa \u00e7a\u011fr\u0131l\u0131blar. 7-8 d\u00f6vr\u0259 sonra is\u0259 dig\u0259rl\u0259ri onlar\u0131 izl\u0259yibl\u0259r &#8211; Stroll, H\u0259milton, Bottas v\u0259 Norris 15-ci d\u00f6vr\u0259d\u0259n etibar\u0259n n\u00f6vb\u0259ti pit-stop dal\u011fas\u0131n\u0131 ba\u015flad\u0131blar. Liderl\u0259r qrupundan Piastri 2, Ferstappen is\u0259 4 d\u00f6vr\u0259 sonra onlara qo\u015fulub.<\/p>\n<p>Rassell Sayns\u0131 ir\u0259li burax\u0131b. Alonso H\u00fclkenberqi gerid\u0259 qoyub. Peres, Qasli, Rikkardo, Tsunoda, Elbon, H\u00fclkenberq, Rassell, Okon v\u0259 Sarcent 30-cu d\u00f6vr\u0259d\u0259n etibar\u0259n yeni t\u0259k\u0259rl\u0259r\u0259 ke\u00e7ibl\u0259r. Ferstappen \u00fc\u00e7\u00fcnc\u00fcl\u00fck u\u011frunda H\u0259miltona h\u00fccum edib, lakin yen\u0259 trasdan \u00e7\u0131x\u0131b v\u0259 gerid\u0259 qal\u0131b.<\/p>\n<p>Qasli hidravlik s\u0131zmaya g\u00f6r\u0259 36-c\u0131 d\u00f6vr\u0259d\u0259 m\u00fcbariz\u0259ni dayand\u0131r\u0131b. 2 d\u00f6vr\u0259 sonra Alonso v\u0259 \u00c7jou pit-stop edibl\u0259r. Lekler m\u00fcbariz\u0259 aparan H\u0259milton v\u0259 Ferstappen\u0259 yax\u0131nla\u015f\u0131b. Lyuis v\u0259 \u015earl n\u00f6vb\u0259ti d\u0259f\u0259 t\u0259k\u0259rl\u0259rini d\u0259yi\u015fibl\u0259r. Piastri 41-ci d\u00f6vr\u0259d\u0259 trasdan \u00e7\u0131xsa da, yerini qoruyub.<\/p>\n<p>Alonso 43-c\u00fc d\u00f6vr\u0259d\u0259 Bottas\u0131 ke\u00e7ib. Finlandiyal\u0131 s\u00fcr\u00fcc\u00fc 2 d\u00f6vr\u0259 sonra da Rikkardodan geri qal\u0131b. Norris 46, Piastri 48, Ferstappen is\u0259 50-ci d\u00f6vr\u0259d\u0259 sonuncu pit-stopunu edib. <strong>53-c\u00fc d\u00f6vr\u0259d\u0259 ilk onluq:<\/strong> Norris &#8211; Piastri &#8211; H\u0259milton &#8211; Lekler &#8211; Ferstappen &#8211; Sayns &#8211; Rassell &#8211; Peres &#8211; Tsunoda &#8211; Alonso.<\/p>\n<p>Komandas\u0131 Norrisd\u0259n Piastriy\u0259 yerini verm\u0259yini xahi\u015f edib, \u00e7\u00fcnki daha \u0259vv\u0259l H\u0259miltona qar\u015f\u0131 \u00fcst\u00fcnl\u00fcy\u00fc qorumas\u0131 \u00fc\u00e7\u00fcn Lando avstraliyal\u0131 s\u00fcr\u00fcc\u00fcd\u0259n \u0259vv\u0259l pit-stopa \u00e7a\u011fr\u0131l\u0131b. Lakin Norris s\u00fcr\u0259tini azaltmay\u0131b. Rassell yeni t\u0259k\u0259rl\u0259r\u0259 ke\u00e7ib. Ferstappen 57-ci d\u00f6vr\u0259d\u0259 Lekleri gerid\u0259 qoyaraq d\u00f6rd\u00fcnc\u00fc yer\u0259 qalx\u0131b.<\/p>\n<p>Ferstappen H\u0259miltona h\u00fccumlar edib. 63-c\u00fc d\u00f6vr\u0259d\u0259 onu \u00fcst\u0259l\u0259s\u0259 d\u0259, t\u0259k\u0259rl\u0259rini bloklay\u0131b v\u0259 n\u0259tic\u0259d\u0259 t\u0259mas\u0131n t\u0259siri il\u0259 trasdan \u00e7\u0131x\u0131b. Lakin geri qay\u0131daraq yar\u0131\u015fa davam ed\u0259 bilib. Bu insident\u0259 g\u00f6r\u0259 h\u0259tta Leklerin d\u0259 gerisin\u0259 d\u00fc\u015f\u00fcb.<\/p>\n<p>Norris n\u0259hay\u0259t, komandan\u0131n \u00e7a\u011f\u0131r\u0131\u015flar\u0131na m\u00fcsb\u0259t cavab verib. 68-ci d\u00f6vr\u0259d\u0259 s\u00fcr\u0259tini azald\u0131b, 6 saniy\u0259lik f\u0259rq s\u00fcr\u0259tl\u0259 \u0259riyib v\u0259 Piastri yar\u0131\u015f\u0131n yeni liderin\u0259 \u00e7evrilib. O ir\u0259li ke\u00e7\u0259n anda da Lando ona h\u00fccum etm\u0259k \u00fc\u00e7\u00fcn f\u00fcrs\u0259tl\u0259r axtar\u0131b. Lakin d\u0259yi\u015fiklik ba\u015f verm\u0259yib.<\/p>\n<p><strong>Oskar Piastri\u00a0<\/strong>m\u00f6vs\u00fcmd\u0259 v\u0259 karyeras\u0131nda ilk q\u0259l\u0259b\u0259sini \u0259ld\u0259 edib. O, Formula 1 tarixind\u0259 yar\u0131\u015fda qalib g\u0259lmi\u015f 115-ci s\u00fcr\u00fcc\u00fc olub. Lando Norris ikinci yeri tutub v\u0259 \u00e7empionatdak\u0131 \u0259sas r\u0259qibi Ferstappenl\u0259 f\u0259rqi azald\u0131b. Podiumun son pill\u0259sind\u0259 q\u0259rarla\u015fan Lyuis H\u0259milton is\u0259 karyeras\u0131nda 200-c\u00fc d\u0259f\u0259 f\u0259xri k\u00fcrs\u00fcd\u0259 yer al\u0131b.<\/p>\n<p>S\u0131rada bir h\u0259ft\u0259 sonra ba\u015f tutacaq Bel\u00e7ika Qran Prisi, sonras\u0131nda is\u0259 1 ayl\u0131q yay fasil\u0259si var&#8230;<\/p>\n<table class=\"f1Table\" style=\"width: 30%; height: 504px;\">\n<tbody>\n<tr class=\"firstLine\" style=\"height: 24px;\">\n<td style=\"width: 6.93468%; background-color: #c1eb1c; height: 24px;\"><span style=\"font-size: 10pt;\"><b>S\u0131ra<\/b><\/span><\/td>\n<td style=\"width: 32.0603%; background-color: #c1eb1c; height: 24px;\"><span style=\"font-size: 10pt;\"><b>S\u00fcr\u00fcc\u00fc<\/b><\/span><\/td>\n<td style=\"width: 24.2211%; background-color: #c1eb1c; height: 24px;\"><span style=\"font-size: 10pt;\"><b>Komanda<\/b><\/span><\/td>\n<td style=\"width: 22.5126%; background-color: #c1eb1c; height: 24px;\"><span style=\"font-size: 10pt;\"><b>Vaxt<\/b><\/span><\/td>\n<td style=\"width: 2.19298%; background-color: #c1eb1c; height: 24px;\"><span style=\"font-size: 10pt;\"><b>Pit<\/b><\/span><\/td>\n<\/tr>\n<tr class=\"lineOne\">\n<td style=\"width: 20.8531%; text-align: center;\">1<\/td>\n<td style=\"width: 27.0142%;\">Oskar Piastri<\/td>\n<td style=\"width: 20.9479%;\">McLaren<\/td>\n<td style=\"width: 19.3365%;\">1:38:01.989<\/td>\n<td style=\"width: 11.6588%;\">2<\/td>\n<\/tr>\n<tr class=\"lineTwo\">\n<td style=\"width: 20.8531%; text-align: center;\">2<\/td>\n<td style=\"width: 27.0142%;\">Lando Norris<\/td>\n<td style=\"width: 20.9479%;\">McLaren<\/td>\n<td style=\"width: 19.3365%;\">+2.141<\/td>\n<td style=\"width: 11.6588%;\">2<\/td>\n<\/tr>\n<tr class=\"lineOne\">\n<td style=\"width: 20.8531%; text-align: center;\">3<\/td>\n<td style=\"width: 27.0142%;\">Lyuis H\u0259milton<\/td>\n<td style=\"width: 20.9479%;\">Mercedes<\/td>\n<td style=\"width: 19.3365%;\">+14.880<\/td>\n<td style=\"width: 11.6588%;\">2<\/td>\n<\/tr>\n<tr class=\"lineTwo\">\n<td style=\"width: 20.8531%; text-align: center;\">4<\/td>\n<td style=\"width: 27.0142%;\">\u015earl Lekler<\/td>\n<td style=\"width: 20.9479%;\">Ferrari<\/td>\n<td style=\"width: 19.3365%;\">+19.686<\/td>\n<td style=\"width: 11.6588%;\">2<\/td>\n<\/tr>\n<tr class=\"lineOne\">\n<td style=\"width: 20.8531%; text-align: center;\">5<\/td>\n<td style=\"width: 27.0142%;\">Maks Ferstappen<\/td>\n<td style=\"width: 20.9479%;\">Red Bull<\/td>\n<td style=\"width: 19.3365%;\">+21.349<\/td>\n<td style=\"width: 11.6588%;\">2<\/td>\n<\/tr>\n<tr class=\"lineTwo\">\n<td style=\"width: 20.8531%; text-align: center;\">6<\/td>\n<td style=\"width: 27.0142%;\">Karlos Sayns<\/td>\n<td style=\"width: 20.9479%;\">Ferrari<\/td>\n<td style=\"width: 19.3365%;\">+23.073<\/td>\n<td style=\"width: 11.6588%;\">2<\/td>\n<\/tr>\n<tr class=\"lineOne\">\n<td style=\"width: 20.8531%; text-align: center;\">7<\/td>\n<td style=\"width: 27.0142%;\">Serxio Peres<\/td>\n<td style=\"width: 20.9479%;\">Red Bull<\/td>\n<td style=\"width: 19.3365%;\">+39.792<\/td>\n<td style=\"width: 11.6588%;\">2<\/td>\n<\/tr>\n<tr class=\"lineTwo\">\n<td style=\"width: 20.8531%; text-align: center;\">8<\/td>\n<td style=\"width: 27.0142%;\">Corc Rassell<\/td>\n<td style=\"width: 20.9479%;\">Mercedes<\/td>\n<td style=\"width: 19.3365%;\">+42.368<\/td>\n<td style=\"width: 11.6588%;\">2<\/td>\n<\/tr>\n<tr class=\"lineOne\">\n<td style=\"width: 20.8531%; text-align: center;\">9<\/td>\n<td style=\"width: 27.0142%;\">Yuki Tsunoda<\/td>\n<td style=\"width: 20.9479%;\">RB<\/td>\n<td style=\"width: 19.3365%;\">+77.259<\/td>\n<td style=\"width: 11.6588%;\">1<\/td>\n<\/tr>\n<tr class=\"lineTwo\">\n<td style=\"width: 20.8531%; text-align: center;\">10<\/td>\n<td style=\"width: 27.0142%;\">L\u0259ns Stroll<\/td>\n<td style=\"width: 20.9479%;\">Aston Martin<\/td>\n<td style=\"width: 19.3365%;\">+77.976<\/td>\n<td style=\"width: 11.6588%;\">2<\/td>\n<\/tr>\n<tr class=\"lineOne\">\n<td style=\"width: 20.8531%; text-align: center;\">11<\/td>\n<td style=\"width: 27.0142%;\">Fernando Alonso<\/td>\n<td style=\"width: 20.9479%;\">Aston Martin<\/td>\n<td style=\"width: 19.3365%;\">+82.460<\/td>\n<td style=\"width: 11.6588%;\">2<\/td>\n<\/tr>\n<tr class=\"lineTwo\">\n<td style=\"width: 20.8531%; text-align: center;\">12<\/td>\n<td style=\"width: 27.0142%;\">Daniel Rikkardo<\/td>\n<td style=\"width: 20.9479%;\">RB<\/td>\n<td style=\"width: 19.3365%;\">+1 d\u00f6vr\u0259<\/td>\n<td style=\"width: 11.6588%;\">2<\/td>\n<\/tr>\n<tr class=\"lineOne\">\n<td style=\"width: 20.8531%; text-align: center;\">13<\/td>\n<td style=\"width: 27.0142%;\">Niko H\u00fclkenberq<\/td>\n<td style=\"width: 20.9479%;\">Haas<\/td>\n<td style=\"width: 19.3365%;\">+1 d\u00f6vr\u0259<\/td>\n<td style=\"width: 11.6588%;\">2<\/td>\n<\/tr>\n<tr class=\"lineTwo\">\n<td style=\"width: 20.8531%; text-align: center;\">14<\/td>\n<td style=\"width: 27.0142%;\">Aleksander Elbon<\/td>\n<td style=\"width: 20.9479%;\">Williams<\/td>\n<td style=\"width: 19.3365%;\">+1 d\u00f6vr\u0259<\/td>\n<td style=\"width: 11.6588%;\">2<\/td>\n<\/tr>\n<tr class=\"lineOne\">\n<td style=\"width: 20.8531%; text-align: center;\">15<\/td>\n<td style=\"width: 27.0142%;\">Kevin Maqnussen<\/td>\n<td style=\"width: 20.9479%;\">Haas<\/td>\n<td style=\"width: 19.3365%;\">+1 d\u00f6vr\u0259<\/td>\n<td style=\"width: 11.6588%;\">2<\/td>\n<\/tr>\n<tr class=\"lineTwo\">\n<td style=\"width: 20.8531%; text-align: center;\">16<\/td>\n<td style=\"width: 27.0142%;\">Valtteri Bottas<\/td>\n<td style=\"width: 20.9479%;\">Sauber<\/td>\n<td style=\"width: 19.3365%;\">+1 d\u00f6vr\u0259<\/td>\n<td style=\"width: 11.6588%;\">2<\/td>\n<\/tr>\n<tr class=\"lineOne\">\n<td style=\"width: 20.8531%; text-align: center;\">17<\/td>\n<td style=\"width: 27.0142%;\">Loqan Sarcent<\/td>\n<td style=\"width: 20.9479%;\">Williams<\/td>\n<td style=\"width: 19.3365%;\">+1 d\u00f6vr\u0259<\/td>\n<td style=\"width: 11.6588%;\">3<\/td>\n<\/tr>\n<tr class=\"lineTwo\">\n<td style=\"width: 20.8531%; text-align: center;\">18<\/td>\n<td style=\"width: 27.0142%;\">Esteban Okon<\/td>\n<td style=\"width: 20.9479%;\">Alpine<\/td>\n<td style=\"width: 19.3365%;\">+1 d\u00f6vr\u0259<\/td>\n<td style=\"width: 11.6588%;\">3<\/td>\n<\/tr>\n<tr class=\"lineOne\">\n<td style=\"width: 20.8531%; text-align: center;\">19<\/td>\n<td style=\"width: 27.0142%;\">Quanyu \u00c7jou<\/td>\n<td style=\"width: 20.9479%;\">Sauber<\/td>\n<td style=\"width: 19.3365%;\">+1 d\u00f6vr\u0259<\/td>\n<td style=\"width: 11.6588%;\">2<\/td>\n<\/tr>\n<\/tbody>\n<\/table>\n<p>&nbsp;<\/p>\n<p><strong>S\u00fcr\u0259tli d\u00f6vr\u0259:\u00a0<\/strong>Corc Rassell (Mercedes) &#8211; 1:20.305 (55-ci d\u00f6vr\u0259, 196.396 km\/s)<\/p>\n<h3 style=\"text-align: center;\">M\u00dcBAR\u0130Z\u018fN\u0130 DAYANDIRANLAR<\/h3>\n<table style=\"border-collapse: collapse; width: 49.8105%; height: 211px;\">\n<tbody>\n<tr>\n<td style=\"width: 25%; background-color: #c1eb1c; text-align: center;\"><strong>Pilot<\/strong><\/td>\n<td style=\"width: 25%; background-color: #c1eb1c; text-align: center;\"><strong>Komanda<\/strong><\/td>\n<td style=\"width: 25%; background-color: #c1eb1c; text-align: center;\"><strong>D\u00f6vr\u0259<\/strong><\/td>\n<td style=\"width: 25%; background-color: #c1eb1c; text-align: center;\"><strong>S\u0259b\u0259b<\/strong><\/td>\n<\/tr>\n<tr>\n<td style=\"width: 25%;\">Pyer Qasli<\/td>\n<td style=\"width: 25%;\">Alpine<\/td>\n<td style=\"width: 25%; text-align: center;\">36<\/td>\n<td style=\"width: 25%;\">hidravlik sistem<\/td>\n<\/tr>\n<\/tbody>\n<\/table>\n<p>&nbsp;<\/p>\n<p>&nbsp;<\/p>\n<h3 style=\"text-align: center;\">S\u00dcR\u00dcC\u00dcL\u018fR \u00c7EMP\u0130ONATI<\/h3>\n<table class=\"f1Table wideTable\" style=\"width: 50.8217%; height: 455px;\">\n<tbody>\n<tr class=\"firstLine\" style=\"height: 23px;\">\n<td style=\"width: 1.43062%; height: 23px; text-align: center; background-color: #bb4242;\"><span style=\"font-size: 10pt; color: #ffffff;\"><b>S\u0131ra<\/b><\/span><\/td>\n<td style=\"width: 32.9412%; height: 23px; text-align: center; background-color: #bb4242;\"><span style=\"font-size: 10pt; color: #ffffff;\"><b>Pilot<\/b><\/span><\/td>\n<td style=\"width: 47.7855%; height: 23px; text-align: center; background-color: #bb4242;\"><span style=\"font-size: 10pt; color: #ffffff;\"><b>Komanda<\/b><\/span><\/td>\n<td style=\"width: 1.65017%; height: 23px; text-align: center; background-color: #bb4242;\"><span style=\"font-size: 10pt; color: #ffffff;\"><b>Xal<\/b><\/span><\/td>\n<\/tr>\n<tr class=\"lineTwo\" style=\"height: 24px;\">\n<td style=\"width: 17.4672%; height: 24px; text-align: center;\">1<\/td>\n<td style=\"width: 21.5429%; height: 24px;\">Maks Ferstappen<\/td>\n<td style=\"width: 37.6274%; height: 24px;\">Oracle Red Bull Racing<\/td>\n<td style=\"width: 10.6987%; height: 24px;\">265<\/td>\n<\/tr>\n<tr style=\"height: 24px;\">\n<td style=\"width: 17.4672%; text-align: center; height: 24px;\">2<\/td>\n<td style=\"width: 21.5429%; height: 24px;\">Lando Norris<\/td>\n<td style=\"width: 37.6274%; height: 24px;\">McLaren F1 Team<\/td>\n<td style=\"width: 10.6987%; height: 24px;\">189<\/td>\n<\/tr>\n<tr style=\"height: 24px;\">\n<td style=\"width: 17.4672%; text-align: center; height: 24px;\">3<\/td>\n<td style=\"width: 21.5429%; height: 24px;\">\u015earl Lekler<\/td>\n<td style=\"width: 37.6274%; height: 24px;\">Scuderia Ferrari<\/td>\n<td style=\"width: 10.6987%; height: 24px;\">162<\/td>\n<\/tr>\n<tr class=\"lineOne\" style=\"height: 24px;\">\n<td style=\"width: 17.4672%; height: 24px; text-align: center;\">4<\/td>\n<td style=\"width: 21.5429%; height: 24px;\">Karlos Sayns<\/td>\n<td style=\"width: 37.6274%; height: 24px;\">Scuderia Ferrari<\/td>\n<td style=\"width: 10.6987%; height: 24px;\">154<\/td>\n<\/tr>\n<tr>\n<td style=\"width: 17.4672%; text-align: center;\">5<\/td>\n<td style=\"width: 21.5429%;\">Oskar Piastri<\/td>\n<td style=\"width: 37.6274%;\">McLaren F1 Team<\/td>\n<td style=\"width: 10.6987%;\">149<\/td>\n<\/tr>\n<tr>\n<td style=\"width: 17.4672%; text-align: center;\">6<\/td>\n<td style=\"width: 21.5429%;\">Lyuis H\u0259milton<\/td>\n<td style=\"width: 37.6274%;\">Mercedes-AMG PETRONAS F1 Team<\/td>\n<td style=\"width: 10.6987%;\">125<\/td>\n<\/tr>\n<tr class=\"lineOne\" style=\"height: 24px;\">\n<td style=\"width: 17.4672%; height: 24px; text-align: center;\">7<\/td>\n<td style=\"width: 21.5429%; height: 24px;\">Serxio Peres<\/td>\n<td style=\"width: 37.6274%; height: 24px;\">Oracle Red Bull Racing<\/td>\n<td style=\"width: 10.6987%; height: 24px;\">124<\/td>\n<\/tr>\n<tr class=\"lineTwo\" style=\"height: 24px;\">\n<td style=\"width: 17.4672%; height: 24px; text-align: center;\">8<\/td>\n<td style=\"width: 21.5429%; height: 24px;\">Corc Rassell<\/td>\n<td style=\"width: 37.6274%; height: 24px;\">Mercedes-AMG PETRONAS F1 Team<\/td>\n<td style=\"width: 10.6987%; height: 24px;\">116<\/td>\n<\/tr>\n<tr style=\"height: 24px;\">\n<td style=\"width: 17.4672%; text-align: center; height: 24px;\">9<\/td>\n<td style=\"width: 21.5429%; height: 24px;\">Fernando Alonso<\/td>\n<td style=\"width: 37.6274%; height: 24px;\">Aston Martin Aramco F1 Team<\/td>\n<td style=\"width: 10.6987%; height: 24px;\">45<\/td>\n<\/tr>\n<tr>\n<td style=\"width: 17.4672%; text-align: center;\">10<\/td>\n<td style=\"width: 21.5429%;\">L\u0259ns Stroll<\/td>\n<td style=\"width: 37.6274%;\">Aston Martin Aramco F1 Team<\/td>\n<td style=\"width: 10.6987%;\">24<\/td>\n<\/tr>\n<tr class=\"lineOne\" style=\"height: 24px;\">\n<td style=\"width: 17.4672%; height: 24px; text-align: center;\">11<\/td>\n<td style=\"width: 21.5429%; height: 24px;\">Niko H\u00fclkenberq<\/td>\n<td style=\"width: 37.6274%; height: 24px;\">MoneyGram Haas F1 Team<\/td>\n<td style=\"width: 10.6987%; height: 24px;\">22<\/td>\n<\/tr>\n<tr class=\"lineTwo\" style=\"height: 24px;\">\n<td style=\"width: 17.4672%; height: 24px; text-align: center;\">12<\/td>\n<td style=\"width: 21.5429%; height: 24px;\">Yuki Tsunoda<\/td>\n<td style=\"width: 37.6274%; height: 24px;\">Visa Cash App RB F1 Team<\/td>\n<td style=\"width: 10.6987%; height: 24px;\">22<\/td>\n<\/tr>\n<tr style=\"height: 24px;\">\n<td style=\"width: 17.4672%; text-align: center; height: 24px;\">13<\/td>\n<td style=\"width: 21.5429%; height: 24px;\">Daniel Rikkardo<\/td>\n<td style=\"width: 37.6274%; height: 24px;\">Visa Cash App RB F1 Team<\/td>\n<td style=\"width: 10.6987%; height: 24px;\">11<\/td>\n<\/tr>\n<tr class=\"lineOne\" style=\"height: 24px;\">\n<td style=\"width: 17.4672%; height: 24px; text-align: center;\">14<\/td>\n<td style=\"width: 21.5429%; height: 24px;\">Oliver Birman<\/td>\n<td style=\"width: 37.6274%; height: 24px;\">Scuderia Ferrari<\/td>\n<td style=\"width: 10.6987%; height: 24px;\">6<\/td>\n<\/tr>\n<tr style=\"height: 24px;\">\n<td style=\"width: 17.4672%; text-align: center; height: 24px;\">15<\/td>\n<td style=\"width: 21.5429%; height: 24px;\">Pyer Qasli<\/td>\n<td style=\"width: 37.6274%; height: 24px;\">BWT Alpine F1 Team<\/td>\n<td style=\"width: 10.6987%; height: 24px;\">6<\/td>\n<\/tr>\n<tr>\n<td style=\"width: 17.4672%; text-align: center;\">16<\/td>\n<td style=\"width: 21.5429%;\">Kevin Maqnussen<\/td>\n<td style=\"width: 37.6274%;\">MoneyGram Haas F1 Team<\/td>\n<td style=\"width: 10.6987%;\">5<\/td>\n<\/tr>\n<tr>\n<td style=\"width: 17.4672%; text-align: center;\">17<\/td>\n<td style=\"width: 21.5429%;\">Aleksander Elbon<\/td>\n<td style=\"width: 37.6274%;\">Williams Racing<\/td>\n<td style=\"width: 10.6987%;\">4<\/td>\n<\/tr>\n<tr>\n<td style=\"width: 17.4672%; text-align: center;\">18<\/td>\n<td style=\"width: 21.5429%;\">Esteban Okon<\/td>\n<td style=\"width: 37.6274%;\">BWT Alpine F1 Team<\/td>\n<td style=\"width: 10.6987%;\">3<\/td>\n<\/tr>\n<\/tbody>\n<\/table>\n<p>&nbsp;<\/p>\n<p>&nbsp;<\/p>\n<h3 style=\"text-align: center;\">M\u00dcH\u018fND\u0130SL\u018fR KUBOKU<\/h3>\n<table class=\"f1Table wideTable\" style=\"width: 48.4684%;\">\n<tbody>\n<tr class=\"firstLine\">\n<td style=\"width: 1.5015%; text-align: center; background-color: #bb4242;\"><span style=\"font-size: 10pt; color: #ffffff;\"><b>S\u0131ra<\/b><\/span><\/td>\n<td style=\"width: 58.7198%; text-align: center; background-color: #bb4242;\"><span style=\"font-size: 10pt; color: #ffffff;\"><b>Komanda<\/b><\/span><\/td>\n<td style=\"width: 30.5779%; text-align: center; background-color: #bb4242;\"><span style=\"font-size: 10pt; color: #ffffff;\"><b>Motor<\/b><\/span><\/td>\n<td style=\"width: 1.69779%; text-align: center; background-color: #bb4242;\"><span style=\"font-size: 10pt; color: #ffffff;\"><b>Xal<\/b><\/span><\/td>\n<\/tr>\n<tr class=\"lineTwo\">\n<td style=\"width: 1.5015%; text-align: center;\">1<\/td>\n<td style=\"width: 58.7198%;\">Oracle Red Bull Racing<\/td>\n<td style=\"width: 30.5779%;\">Honda RBPT<\/td>\n<td style=\"width: 1.69779%;\">389<\/td>\n<\/tr>\n<tr>\n<td style=\"width: 1.5015%; text-align: center;\">2<\/td>\n<td style=\"width: 58.7198%;\">McLaren F1 Team<\/td>\n<td style=\"width: 30.5779%;\">Mercedes<\/td>\n<td style=\"width: 1.69779%;\">338<\/td>\n<\/tr>\n<tr class=\"lineOne\">\n<td style=\"width: 1.5015%; text-align: center;\">3<\/td>\n<td style=\"width: 58.7198%;\">Scuderia Ferrari<\/td>\n<td style=\"width: 30.5779%;\">Ferrari<\/td>\n<td style=\"width: 1.69779%;\">322<\/td>\n<\/tr>\n<tr class=\"lineOne\">\n<td style=\"width: 1.5015%; text-align: center;\">4<\/td>\n<td style=\"width: 58.7198%;\">Mercedes-AMG PETRONAS F1 Team<\/td>\n<td style=\"width: 30.5779%;\">Mercedes<\/td>\n<td style=\"width: 1.69779%;\">241<\/td>\n<\/tr>\n<tr class=\"lineTwo\">\n<td style=\"width: 1.5015%; text-align: center;\">5<\/td>\n<td style=\"width: 58.7198%;\">Aston Martin Aramco F1 Team<\/td>\n<td style=\"width: 30.5779%;\">Mercedes<\/td>\n<td style=\"width: 1.69779%;\">69<\/td>\n<\/tr>\n<tr class=\"lineOne\">\n<td style=\"width: 1.5015%; text-align: center;\">6<\/td>\n<td style=\"width: 58.7198%;\">Visa Cash App RB F1 Team<\/td>\n<td style=\"width: 30.5779%;\">Honda RBPT<\/td>\n<td style=\"width: 1.69779%;\">33<\/td>\n<\/tr>\n<tr>\n<td style=\"width: 1.5015%; text-align: center;\">7<\/td>\n<td style=\"width: 58.7198%;\">MoneyGram Haas F1 Team<\/td>\n<td style=\"width: 30.5779%;\">Ferrari<\/td>\n<td style=\"width: 1.69779%;\">27<\/td>\n<\/tr>\n<tr>\n<td style=\"width: 1.5015%; text-align: center;\">8<\/td>\n<td style=\"width: 58.7198%;\">BWT Alpine F1 Team<\/td>\n<td style=\"width: 30.5779%;\">Renault<\/td>\n<td style=\"width: 1.69779%;\">9<\/td>\n<\/tr>\n<tr>\n<td style=\"width: 1.5015%; text-align: center;\">9<\/td>\n<td style=\"width: 58.7198%;\">Williams Racing<\/td>\n<td style=\"width: 30.5779%;\">Mercedes<\/td>\n<td style=\"width: 1.69779%;\">4<\/td>\n<\/tr>\n<\/tbody>\n<\/table>\n","protected":false},"excerpt":{"rendered":"<p>Macar\u0131sran Qran Prisi ad\u0259t\u0259n dar\u0131xd\u0131r\u0131c\u0131 adland\u0131r\u0131l\u0131r v\u0259 bu, \u00e7ox vaxt \u00f6z\u00fcn\u00fc t\u0259sdiq edir. S\u00fcr\u00fcc\u00fcl\u0259r d\u0259 art\u0131q yay t\u0259tilinin astanas\u0131ndad\u0131rlar v\u0259 sad\u0259c\u0259 s\u00fckan\u0131 tutaraq fini\u015f\u0259 \u00e7atmaq ist\u0259yirl\u0259r. Lakin bunun \u00fc\u00e7\u00fcn daha bir h\u0259ft\u0259 g\u00f6zl\u0259m\u0259k laz\u0131md\u0131r.<\/p>\n","protected":false},"author":1,"featured_media":6931,"comment_status":"open","ping_status":"open","sticky":false,"template":"","format":"standard","meta":{"footnotes":""},"categories":[201,4,2],"tags":[103,169,73,58,70,52,74,246],"class_list":["post-6929","post","type-post","status-publish","format-standard","has-post-thumbnail","hentry","category-macaristanqran-prisi","category-manshet","category-news","tag-hungarian-grand-prix","tag-hungaroring","tag-lando-norris","tag-lewis-hamilton","tag-mclaren-formula-1-team","tag-mercedes-amg-petronas-f1-team","tag-oscar-piastri","tag-race"],"yoast_head":"<!-- This site is optimized with the Yoast SEO plugin v27.5 - https:\/\/yoast.com\/product\/yoast-seo-wordpress\/ -->\n<title>Macar\u0131stan-2023: Yar\u0131\u015fa da nar\u0131nc\u0131 dam\u011fa! - X\u0259b\u0259ri Kokpitd\u0259 Oxuyun!<\/title>\n<meta name=\"robots\" content=\"index, follow, max-snippet:-1, max-image-preview:large, max-video-preview:-1\" \/>\n<link rel=\"canonical\" href=\"https:\/\/kokpit.az\/?p=6929\" \/>\n<meta property=\"og:locale\" content=\"az_AZ\" \/>\n<meta property=\"og:type\" content=\"article\" \/>\n<meta property=\"og:title\" content=\"Macar\u0131stan-2023: Yar\u0131\u015fa da nar\u0131nc\u0131 dam\u011fa! - X\u0259b\u0259ri Kokpitd\u0259 Oxuyun!\" \/>\n<meta property=\"og:description\" content=\"Macar\u0131sran Qran Prisi ad\u0259t\u0259n dar\u0131xd\u0131r\u0131c\u0131 adland\u0131r\u0131l\u0131r v\u0259 bu, \u00e7ox vaxt \u00f6z\u00fcn\u00fc t\u0259sdiq edir. S\u00fcr\u00fcc\u00fcl\u0259r d\u0259 art\u0131q yay t\u0259tilinin astanas\u0131ndad\u0131rlar v\u0259 sad\u0259c\u0259 s\u00fckan\u0131 tutaraq fini\u015f\u0259 \u00e7atmaq ist\u0259yirl\u0259r. Lakin bunun \u00fc\u00e7\u00fcn daha bir h\u0259ft\u0259 g\u00f6zl\u0259m\u0259k laz\u0131md\u0131r.\" \/>\n<meta property=\"og:url\" content=\"https:\/\/kokpit.az\/?p=6929\" \/>\n<meta property=\"og:site_name\" content=\"X\u0259b\u0259ri Kokpitd\u0259 Oxuyun!\" \/>\n<meta property=\"article:publisher\" content=\"https:\/\/www.facebook.com\/profile.php?id=61553756392357\" \/>\n<meta property=\"article:published_time\" content=\"2024-07-21T15:12:49+00:00\" \/>\n<meta property=\"article:modified_time\" content=\"2024-07-22T09:06:15+00:00\" \/>\n<meta property=\"og:image\" content=\"https:\/\/kokpit.az\/wp-content\/uploads\/2024\/07\/2024-Hungarian-GP-podium-e1721639154301.jpg\" \/>\n\t<meta property=\"og:image:width\" content=\"1200\" \/>\n\t<meta property=\"og:image:height\" content=\"630\" \/>\n\t<meta property=\"og:image:type\" content=\"image\/jpeg\" \/>\n<meta name=\"author\" content=\"El\u00e7in Zodorov\" \/>\n<meta name=\"twitter:card\" content=\"summary_large_image\" \/>\n<meta name=\"twitter:label1\" content=\"Written by\" \/>\n\t<meta name=\"twitter:data1\" content=\"El\u00e7in Zodorov\" \/>\n\t<meta name=\"twitter:label2\" content=\"Est. reading time\" \/>\n\t<meta name=\"twitter:data2\" content=\"5 minutes\" \/>\n<script type=\"application\/ld+json\" class=\"yoast-schema-graph\">{\"@context\":\"https:\\\/\\\/schema.org\",\"@graph\":[{\"@type\":\"Article\",\"@id\":\"https:\\\/\\\/kokpit.az\\\/?p=6929#article\",\"isPartOf\":{\"@id\":\"https:\\\/\\\/kokpit.az\\\/?p=6929\"},\"author\":{\"name\":\"El\u00e7in Zodorov\",\"@id\":\"https:\\\/\\\/kokpit.az\\\/#\\\/schema\\\/person\\\/9a3c87bcfb1be4d1bdd26fbdf5a8ed2d\"},\"headline\":\"Macar\u0131stan-2023: Yar\u0131\u015fa da nar\u0131nc\u0131 dam\u011fa!\",\"datePublished\":\"2024-07-21T15:12:49+00:00\",\"dateModified\":\"2024-07-22T09:06:15+00:00\",\"mainEntityOfPage\":{\"@id\":\"https:\\\/\\\/kokpit.az\\\/?p=6929\"},\"wordCount\":1062,\"commentCount\":0,\"publisher\":{\"@id\":\"https:\\\/\\\/kokpit.az\\\/#organization\"},\"image\":{\"@id\":\"https:\\\/\\\/kokpit.az\\\/?p=6929#primaryimage\"},\"thumbnailUrl\":\"https:\\\/\\\/kokpit.az\\\/wp-content\\\/uploads\\\/2024\\\/07\\\/2024-Hungarian-GP-podium-e1721639154301.jpg\",\"keywords\":[\"Hungarian Grand Prix\",\"Hungaroring\",\"Lando Norris\",\"Lewis Hamilton\",\"McLaren Formula 1 Team\",\"Mercedes AMG Petronas F1 Team\",\"Oscar Piastri\",\"Race\"],\"articleSection\":[\"Macar\u0131stan Qran Prisi\",\"Man\u015fet\",\"X\u0259b\u0259rl\u0259r\"],\"inLanguage\":\"az\",\"potentialAction\":[{\"@type\":\"CommentAction\",\"name\":\"Comment\",\"target\":[\"https:\\\/\\\/kokpit.az\\\/?p=6929#respond\"]}]},{\"@type\":\"WebPage\",\"@id\":\"https:\\\/\\\/kokpit.az\\\/?p=6929\",\"url\":\"https:\\\/\\\/kokpit.az\\\/?p=6929\",\"name\":\"Macar\u0131stan-2023: Yar\u0131\u015fa da nar\u0131nc\u0131 dam\u011fa! - X\u0259b\u0259ri Kokpitd\u0259 Oxuyun!\",\"isPartOf\":{\"@id\":\"https:\\\/\\\/kokpit.az\\\/#website\"},\"primaryImageOfPage\":{\"@id\":\"https:\\\/\\\/kokpit.az\\\/?p=6929#primaryimage\"},\"image\":{\"@id\":\"https:\\\/\\\/kokpit.az\\\/?p=6929#primaryimage\"},\"thumbnailUrl\":\"https:\\\/\\\/kokpit.az\\\/wp-content\\\/uploads\\\/2024\\\/07\\\/2024-Hungarian-GP-podium-e1721639154301.jpg\",\"datePublished\":\"2024-07-21T15:12:49+00:00\",\"dateModified\":\"2024-07-22T09:06:15+00:00\",\"breadcrumb\":{\"@id\":\"https:\\\/\\\/kokpit.az\\\/?p=6929#breadcrumb\"},\"inLanguage\":\"az\",\"potentialAction\":[{\"@type\":\"ReadAction\",\"target\":[\"https:\\\/\\\/kokpit.az\\\/?p=6929\"]}]},{\"@type\":\"ImageObject\",\"inLanguage\":\"az\",\"@id\":\"https:\\\/\\\/kokpit.az\\\/?p=6929#primaryimage\",\"url\":\"https:\\\/\\\/kokpit.az\\\/wp-content\\\/uploads\\\/2024\\\/07\\\/2024-Hungarian-GP-podium-e1721639154301.jpg\",\"contentUrl\":\"https:\\\/\\\/kokpit.az\\\/wp-content\\\/uploads\\\/2024\\\/07\\\/2024-Hungarian-GP-podium-e1721639154301.jpg\",\"width\":1200,\"height\":630},{\"@type\":\"BreadcrumbList\",\"@id\":\"https:\\\/\\\/kokpit.az\\\/?p=6929#breadcrumb\",\"itemListElement\":[{\"@type\":\"ListItem\",\"position\":1,\"name\":\"Home\",\"item\":\"https:\\\/\\\/kokpit.az\\\/\"},{\"@type\":\"ListItem\",\"position\":2,\"name\":\"Macar\u0131stan-2023: Yar\u0131\u015fa da nar\u0131nc\u0131 dam\u011fa!\"}]},{\"@type\":\"WebSite\",\"@id\":\"https:\\\/\\\/kokpit.az\\\/#website\",\"url\":\"https:\\\/\\\/kokpit.az\\\/\",\"name\":\"X\u0259b\u0259ri Kokpitd\u0259 Oxuyun!\",\"description\":\"\",\"publisher\":{\"@id\":\"https:\\\/\\\/kokpit.az\\\/#organization\"},\"potentialAction\":[{\"@type\":\"SearchAction\",\"target\":{\"@type\":\"EntryPoint\",\"urlTemplate\":\"https:\\\/\\\/kokpit.az\\\/?s={search_term_string}\"},\"query-input\":{\"@type\":\"PropertyValueSpecification\",\"valueRequired\":true,\"valueName\":\"search_term_string\"}}],\"inLanguage\":\"az\"},{\"@type\":\"Organization\",\"@id\":\"https:\\\/\\\/kokpit.az\\\/#organization\",\"name\":\"X\u0259b\u0259ri Kokpitd\u0259 Oxuyun!\",\"url\":\"https:\\\/\\\/kokpit.az\\\/\",\"logo\":{\"@type\":\"ImageObject\",\"inLanguage\":\"az\",\"@id\":\"https:\\\/\\\/kokpit.az\\\/#\\\/schema\\\/logo\\\/image\\\/\",\"url\":\"https:\\\/\\\/kokpit.az\\\/wp-content\\\/uploads\\\/2023\\\/05\\\/kokpit.jpg\",\"contentUrl\":\"https:\\\/\\\/kokpit.az\\\/wp-content\\\/uploads\\\/2023\\\/05\\\/kokpit.jpg\",\"width\":488,\"height\":245,\"caption\":\"X\u0259b\u0259ri Kokpitd\u0259 Oxuyun!\"},\"image\":{\"@id\":\"https:\\\/\\\/kokpit.az\\\/#\\\/schema\\\/logo\\\/image\\\/\"},\"sameAs\":[\"https:\\\/\\\/www.facebook.com\\\/profile.php?id=61553756392357\"]},{\"@type\":\"Person\",\"@id\":\"https:\\\/\\\/kokpit.az\\\/#\\\/schema\\\/person\\\/9a3c87bcfb1be4d1bdd26fbdf5a8ed2d\",\"name\":\"El\u00e7in Zodorov\",\"image\":{\"@type\":\"ImageObject\",\"inLanguage\":\"az\",\"@id\":\"https:\\\/\\\/secure.gravatar.com\\\/avatar\\\/5e248c9a352ae0cf725a2dbbfd3a2a3bec9b4b965dc0a7e47723ddd11edca772?s=96&d=mm&r=g\",\"url\":\"https:\\\/\\\/secure.gravatar.com\\\/avatar\\\/5e248c9a352ae0cf725a2dbbfd3a2a3bec9b4b965dc0a7e47723ddd11edca772?s=96&d=mm&r=g\",\"contentUrl\":\"https:\\\/\\\/secure.gravatar.com\\\/avatar\\\/5e248c9a352ae0cf725a2dbbfd3a2a3bec9b4b965dc0a7e47723ddd11edca772?s=96&d=mm&r=g\",\"caption\":\"El\u00e7in Zodorov\"},\"sameAs\":[\"https:\\\/\\\/kokpit.az\"],\"url\":\"https:\\\/\\\/kokpit.az\\\/?author=1\"}]}<\/script>\n<!-- \/ Yoast SEO plugin. -->","yoast_head_json":{"title":"Macar\u0131stan-2023: Yar\u0131\u015fa da nar\u0131nc\u0131 dam\u011fa! - X\u0259b\u0259ri Kokpitd\u0259 Oxuyun!","robots":{"index":"index","follow":"follow","max-snippet":"max-snippet:-1","max-image-preview":"max-image-preview:large","max-video-preview":"max-video-preview:-1"},"canonical":"https:\/\/kokpit.az\/?p=6929","og_locale":"az_AZ","og_type":"article","og_title":"Macar\u0131stan-2023: Yar\u0131\u015fa da nar\u0131nc\u0131 dam\u011fa! - X\u0259b\u0259ri Kokpitd\u0259 Oxuyun!","og_description":"Macar\u0131sran Qran Prisi ad\u0259t\u0259n dar\u0131xd\u0131r\u0131c\u0131 adland\u0131r\u0131l\u0131r v\u0259 bu, \u00e7ox vaxt \u00f6z\u00fcn\u00fc t\u0259sdiq edir. S\u00fcr\u00fcc\u00fcl\u0259r d\u0259 art\u0131q yay t\u0259tilinin astanas\u0131ndad\u0131rlar v\u0259 sad\u0259c\u0259 s\u00fckan\u0131 tutaraq fini\u015f\u0259 \u00e7atmaq ist\u0259yirl\u0259r. Lakin bunun \u00fc\u00e7\u00fcn daha bir h\u0259ft\u0259 g\u00f6zl\u0259m\u0259k laz\u0131md\u0131r.","og_url":"https:\/\/kokpit.az\/?p=6929","og_site_name":"X\u0259b\u0259ri Kokpitd\u0259 Oxuyun!","article_publisher":"https:\/\/www.facebook.com\/profile.php?id=61553756392357","article_published_time":"2024-07-21T15:12:49+00:00","article_modified_time":"2024-07-22T09:06:15+00:00","og_image":[{"width":1200,"height":630,"url":"https:\/\/kokpit.az\/wp-content\/uploads\/2024\/07\/2024-Hungarian-GP-podium-e1721639154301.jpg","type":"image\/jpeg"}],"author":"El\u00e7in Zodorov","twitter_card":"summary_large_image","twitter_misc":{"Written by":"El\u00e7in Zodorov","Est. reading time":"5 minutes"},"schema":{"@context":"https:\/\/schema.org","@graph":[{"@type":"Article","@id":"https:\/\/kokpit.az\/?p=6929#article","isPartOf":{"@id":"https:\/\/kokpit.az\/?p=6929"},"author":{"name":"El\u00e7in Zodorov","@id":"https:\/\/kokpit.az\/#\/schema\/person\/9a3c87bcfb1be4d1bdd26fbdf5a8ed2d"},"headline":"Macar\u0131stan-2023: Yar\u0131\u015fa da nar\u0131nc\u0131 dam\u011fa!","datePublished":"2024-07-21T15:12:49+00:00","dateModified":"2024-07-22T09:06:15+00:00","mainEntityOfPage":{"@id":"https:\/\/kokpit.az\/?p=6929"},"wordCount":1062,"commentCount":0,"publisher":{"@id":"https:\/\/kokpit.az\/#organization"},"image":{"@id":"https:\/\/kokpit.az\/?p=6929#primaryimage"},"thumbnailUrl":"https:\/\/kokpit.az\/wp-content\/uploads\/2024\/07\/2024-Hungarian-GP-podium-e1721639154301.jpg","keywords":["Hungarian Grand Prix","Hungaroring","Lando Norris","Lewis Hamilton","McLaren Formula 1 Team","Mercedes AMG Petronas F1 Team","Oscar Piastri","Race"],"articleSection":["Macar\u0131stan Qran Prisi","Man\u015fet","X\u0259b\u0259rl\u0259r"],"inLanguage":"az","potentialAction":[{"@type":"CommentAction","name":"Comment","target":["https:\/\/kokpit.az\/?p=6929#respond"]}]},{"@type":"WebPage","@id":"https:\/\/kokpit.az\/?p=6929","url":"https:\/\/kokpit.az\/?p=6929","name":"Macar\u0131stan-2023: Yar\u0131\u015fa da nar\u0131nc\u0131 dam\u011fa! - X\u0259b\u0259ri Kokpitd\u0259 Oxuyun!","isPartOf":{"@id":"https:\/\/kokpit.az\/#website"},"primaryImageOfPage":{"@id":"https:\/\/kokpit.az\/?p=6929#primaryimage"},"image":{"@id":"https:\/\/kokpit.az\/?p=6929#primaryimage"},"thumbnailUrl":"https:\/\/kokpit.az\/wp-content\/uploads\/2024\/07\/2024-Hungarian-GP-podium-e1721639154301.jpg","datePublished":"2024-07-21T15:12:49+00:00","dateModified":"2024-07-22T09:06:15+00:00","breadcrumb":{"@id":"https:\/\/kokpit.az\/?p=6929#breadcrumb"},"inLanguage":"az","potentialAction":[{"@type":"ReadAction","target":["https:\/\/kokpit.az\/?p=6929"]}]},{"@type":"ImageObject","inLanguage":"az","@id":"https:\/\/kokpit.az\/?p=6929#primaryimage","url":"https:\/\/kokpit.az\/wp-content\/uploads\/2024\/07\/2024-Hungarian-GP-podium-e1721639154301.jpg","contentUrl":"https:\/\/kokpit.az\/wp-content\/uploads\/2024\/07\/2024-Hungarian-GP-podium-e1721639154301.jpg","width":1200,"height":630},{"@type":"BreadcrumbList","@id":"https:\/\/kokpit.az\/?p=6929#breadcrumb","itemListElement":[{"@type":"ListItem","position":1,"name":"Home","item":"https:\/\/kokpit.az\/"},{"@type":"ListItem","position":2,"name":"Macar\u0131stan-2023: Yar\u0131\u015fa da nar\u0131nc\u0131 dam\u011fa!"}]},{"@type":"WebSite","@id":"https:\/\/kokpit.az\/#website","url":"https:\/\/kokpit.az\/","name":"X\u0259b\u0259ri Kokpitd\u0259 Oxuyun!","description":"","publisher":{"@id":"https:\/\/kokpit.az\/#organization"},"potentialAction":[{"@type":"SearchAction","target":{"@type":"EntryPoint","urlTemplate":"https:\/\/kokpit.az\/?s={search_term_string}"},"query-input":{"@type":"PropertyValueSpecification","valueRequired":true,"valueName":"search_term_string"}}],"inLanguage":"az"},{"@type":"Organization","@id":"https:\/\/kokpit.az\/#organization","name":"X\u0259b\u0259ri Kokpitd\u0259 Oxuyun!","url":"https:\/\/kokpit.az\/","logo":{"@type":"ImageObject","inLanguage":"az","@id":"https:\/\/kokpit.az\/#\/schema\/logo\/image\/","url":"https:\/\/kokpit.az\/wp-content\/uploads\/2023\/05\/kokpit.jpg","contentUrl":"https:\/\/kokpit.az\/wp-content\/uploads\/2023\/05\/kokpit.jpg","width":488,"height":245,"caption":"X\u0259b\u0259ri Kokpitd\u0259 Oxuyun!"},"image":{"@id":"https:\/\/kokpit.az\/#\/schema\/logo\/image\/"},"sameAs":["https:\/\/www.facebook.com\/profile.php?id=61553756392357"]},{"@type":"Person","@id":"https:\/\/kokpit.az\/#\/schema\/person\/9a3c87bcfb1be4d1bdd26fbdf5a8ed2d","name":"El\u00e7in Zodorov","image":{"@type":"ImageObject","inLanguage":"az","@id":"https:\/\/secure.gravatar.com\/avatar\/5e248c9a352ae0cf725a2dbbfd3a2a3bec9b4b965dc0a7e47723ddd11edca772?s=96&d=mm&r=g","url":"https:\/\/secure.gravatar.com\/avatar\/5e248c9a352ae0cf725a2dbbfd3a2a3bec9b4b965dc0a7e47723ddd11edca772?s=96&d=mm&r=g","contentUrl":"https:\/\/secure.gravatar.com\/avatar\/5e248c9a352ae0cf725a2dbbfd3a2a3bec9b4b965dc0a7e47723ddd11edca772?s=96&d=mm&r=g","caption":"El\u00e7in Zodorov"},"sameAs":["https:\/\/kokpit.az"],"url":"https:\/\/kokpit.az\/?author=1"}]}},"_links":{"self":[{"href":"https:\/\/kokpit.az\/index.php?rest_route=\/wp\/v2\/posts\/6929","targetHints":{"allow":["GET"]}}],"collection":[{"href":"https:\/\/kokpit.az\/index.php?rest_route=\/wp\/v2\/posts"}],"about":[{"href":"https:\/\/kokpit.az\/index.php?rest_route=\/wp\/v2\/types\/post"}],"author":[{"embeddable":true,"href":"https:\/\/kokpit.az\/index.php?rest_route=\/wp\/v2\/users\/1"}],"replies":[{"embeddable":true,"href":"https:\/\/kokpit.az\/index.php?rest_route=%2Fwp%2Fv2%2Fcomments&post=6929"}],"version-history":[{"count":3,"href":"https:\/\/kokpit.az\/index.php?rest_route=\/wp\/v2\/posts\/6929\/revisions"}],"predecessor-version":[{"id":7234,"href":"https:\/\/kokpit.az\/index.php?rest_route=\/wp\/v2\/posts\/6929\/revisions\/7234"}],"wp:featuredmedia":[{"embeddable":true,"href":"https:\/\/kokpit.az\/index.php?rest_route=\/wp\/v2\/media\/6931"}],"wp:attachment":[{"href":"https:\/\/kokpit.az\/index.php?rest_route=%2Fwp%2Fv2%2Fmedia&parent=6929"}],"wp:term":[{"taxonomy":"category","embeddable":true,"href":"https:\/\/kokpit.az\/index.php?rest_route=%2Fwp%2Fv2%2Fcategories&post=6929"},{"taxonomy":"post_tag","embeddable":true,"href":"https:\/\/kokpit.az\/index.php?rest_route=%2Fwp%2Fv2%2Ftags&post=6929"}],"curies":[{"name":"wp","href":"https:\/\/api.w.org\/{rel}","templated":true}]}}