{"id":6913,"date":"2024-07-21T19:14:48","date_gmt":"2024-07-21T15:14:48","guid":{"rendered":"https:\/\/kokpit.az\/?p=6913"},"modified":"2024-07-22T13:58:14","modified_gmt":"2024-07-22T09:58:14","slug":"o-piastri-usaqliqda-bu-gunu-x%c9%99yal-edirdim","status":"publish","type":"post","link":"https:\/\/kokpit.az\/?p=6913","title":{"rendered":"O.Piastri: U\u015faql\u0131qda bu g\u00fcn\u00fc x\u0259yal edirdim"},"content":{"rendered":"<div class=\"msnt-entity-header pb-6 pt-4 t:pb-8 t:pt-0 \">\n<h2 class=\"text-article-description font-title italic font text-fg-on-color t:text-fg-default\">Kokpit.az xat\u0131rlad\u0131r ki, avstraliyal\u0131 s\u00fcr\u00fcc\u00fc Macar\u0131stan yar\u0131\u015f\u0131na ikinci yerd\u0259n ba\u015flasa da, startda komanda yolda\u015f\u0131 Lando Norrisi gerid\u0259 qoyaraq, liderliy\u0259 y\u00fcks\u0259lib. Lakin ikinci pitl\u0259rd\u0259n sonra g\u0259nc s\u00fcr\u00fcc\u00fc komanda yolda\u015f\u0131n\u0131n gerisin\u0259 d\u00fc\u015f\u00fcb v\u0259 Lando Norris f\u0259rqi 6 saniy\u0259y\u0259 q\u0259d\u0259r qald\u0131r\u0131b.<\/h2>\n<p>Komanda Lando Norris\u0259 bir ne\u00e7\u0259 d\u0259f\u0259 &#8220;Piastrini burax&#8221; \u0259mri vers\u0259 d\u0259, britaniyal\u0131 s\u00fcr\u00fcc\u00fc bu \u0259mrl\u0259r\u0259 m\u0259h\u0259l qoymab. Lakin yar\u0131\u015f\u0131n bitm\u0259sin\u0259 3 d\u00f6vr\u0259 qalm\u0131\u015f Lando birinciliyi yenid\u0259n Oskara verib. Bel\u0259likl\u0259, Oskar Piastri karyeras\u0131n\u0131n ikinci m\u00f6vs\u00fcm\u00fcnd\u0259 ilk q\u0259l\u0259b\u0259sini bayram edib v\u0259 bu m\u00f6vs\u00fcm yar\u0131\u015f qazanm\u0131\u015f 7-ci f\u0259rqli s\u00fcr\u00fcc\u00fc olub.<\/p>\n<\/div>\n<p><span style=\"color: #ff6600;\"><strong>Oskar Piastri<\/strong><\/span>: &#8220;Bu q\u0259l\u0259b\u0259 m\u0259nim \u00fc\u00e7\u00fcn \u00e7ox x\u00fcsusidir. Bunu u\u015faql\u0131qdan x\u0259yal edirdim. Formula 1 podiumunun \u0259n \u00fcst pill\u0259sind\u0259 dayanmaq&#8230;<\/p>\n<p>S\u00f6z\u00fcn a\u00e7\u0131\u011f\u0131 yar\u0131\u015f\u0131n sonlar\u0131nda v\u0259ziyy\u0259t bir az qar\u0131\u015f\u0131q idi, amma startda \u00f6z\u00fcm\u00fc do\u011fru yerd\u0259 qoydum. \u00c7\u0259kdil\u0259ri \u0259ziyy\u0259t\u0259 v\u0259 verdikl\u0259ri ma\u015f\u0131na g\u00f6r\u0259 komandama t\u0259\u015f\u0259kk\u00fcr edir\u0259m. McLaren il\u0259 yar\u0131\u015fmaq \u00e7ox \u0259yl\u0259nc\u0259lidir. Formula 1-d\u0259 yar\u0131\u015fmaq f\u00fcrs\u0259ti verdikl\u0259ri \u00fc\u00e7\u00fcn onlara n\u0259 q\u0259d\u0259r t\u0259\u015f\u0259kk\u00fcr ets\u0259m, azd\u0131r v\u0259 18 ay \u0259rzind\u0259 qalib g\u0259lm\u0259k inan\u0131lmaz hissdir.<\/p>\n<p>McLaren-in ma\u015f\u0131n\u0131 haz\u0131rda \u0259sl canavard\u0131r. H\u0259r \u015f\u0259raitd\u0259 s\u00fcr\u0259tlidir. M\u0259nc\u0259, bu g\u00fcn yar\u0131\u015f\u0131 n\u0259zar\u0259td\u0259 saxlad\u0131q v\u0259 h\u0259r iki ma\u015f\u0131nla yar\u0131\u015fa hegemonluq edib ilk iki yeri tutmaq inan\u0131lmaz hissdir. Komandam ad\u0131na \u00e7ox xo\u015fb\u0259xt\u0259m v\u0259 ilk q\u0259l\u0259b\u0259mi qazanmaq \u00e7ox g\u00f6z\u0259ldir&#8221;.<\/p>\n<p>Oskar Piastri yar\u0131\u015f\u0131n son d\u00f6vr\u0259l\u0259rind\u0259 Norrisin ona yer verm\u0259si il\u0259 ba\u011fl\u0131 bunlar\u0131 deyib: &#8220;Onun n\u0259 q\u0259d\u0259r \u00e7ox lider getdiyini n\u0259z\u0259r\u0259 alsaq, \u00e7ox g\u0259rginlik ya\u015fad\u0131m. Ancaq bu v\u0259ziyy\u0259t komanda t\u0259r\u0259find\u0259n yax\u015f\u0131 n\u0259zar\u0259t\u0259 g\u00f6t\u00fcr\u00fcld\u00fc. M\u0259nc\u0259, d\u00fczg\u00fcn olan da bu idi. Startda \u00f6z\u00fcm\u00fc d\u00fczg\u00fcn yer\u0259 qoymu\u015fdum. \u00a0F\u0259rqli strategiya se\u00e7diyimiz \u00fc\u00e7\u00fcn yar\u0131\u015f\u0131n sonlar\u0131nda tempim o q\u0259d\u0259r d\u0259 yax\u015f\u0131 deyildi, amma yen\u0259 d\u0259 bu u\u011furu qazanmaq \u00fc\u00e7\u00fcn d\u00fczg\u00fcn m\u00f6vqed\u0259 idim. Y\u0259ni ki, komanda bu v\u0259ziyy\u0259t\u0259 \u00e7ox yax\u015f\u0131 n\u0259zar\u0259t etdi&#8221;.<\/p>\n<p>Son olaraq Niko Rosberq podiumdan \u0259vv\u0259lki m\u00fcsahib\u0259d\u0259 Oskar Piastrid\u0259n &#8220;Daha \u00e7ox q\u0259l\u0259b\u0259 g\u0259l\u0259c\u0259k?&#8221; sual\u0131n\u0131 soru\u015fub. G\u0259nc avstraliyal\u0131 pilot ona bel\u0259 cavab verib: &#8220;\u00dcmid edir\u0259m ki, el\u0259 olacaq. M\u0259nc\u0259, b\u0259zi \u015feyl\u0259rin \u00fcz\u0259rond\u0259 i\u015fl\u0259m\u0259liy\u0259m. Qazana bildiyim zaman q\u0259l\u0259b\u0259d\u0259n h\u0259zz alma\u011fa \u00e7al\u0131\u015faca\u011fam. Komanda m\u0259n\u0259 \u00e7ox yax\u015f\u0131 ma\u015f\u0131n verib. Bunun \u00fc\u00e7\u00fcn onlara n\u0259 q\u0259d\u0259r t\u0259\u015f\u0259kk\u00fcr ets\u0259m, azd\u0131r. \u018flimd\u0259n g\u0259l\u0259nin \u0259n yax\u015f\u0131s\u0131n\u0131 etm\u0259y\u0259 \u00e7al\u0131\u015f\u0131ram. Qat\u0131ld\u0131\u011f\u0131m h\u0259r yar\u0131\u015fda yeni \u015feyl\u0259r \u00f6yr\u0259nir\u0259m. \u00dcmid edir\u0259m ki, daha \u00e7ox q\u0259l\u0259b\u0259l\u0259r qazanar\u0131q&#8221;.<\/p>\n","protected":false},"excerpt":{"rendered":"<p>McLaren komandas\u0131n\u0131n s\u00fcr\u00fcc\u00fcs\u00fc Oskar Piastri bildirib ki, u\u015faql\u0131q x\u0259yal\u0131n\u0131 realla\u015fd\u0131r\u0131b.\u00a0<\/p>\n","protected":false},"author":2,"featured_media":6914,"comment_status":"open","ping_status":"open","sticky":false,"template":"","format":"standard","meta":{"footnotes":""},"categories":[201,2],"tags":[103,169,70,74],"class_list":["post-6913","post","type-post","status-publish","format-standard","has-post-thumbnail","hentry","category-macaristanqran-prisi","category-news","tag-hungarian-grand-prix","tag-hungaroring","tag-mclaren-formula-1-team","tag-oscar-piastri"],"yoast_head":"<!-- This site is optimized with the Yoast SEO plugin v27.5 - https:\/\/yoast.com\/product\/yoast-seo-wordpress\/ -->\n<title>O.Piastri: U\u015faql\u0131qda bu g\u00fcn\u00fc x\u0259yal edirdim - X\u0259b\u0259ri Kokpitd\u0259 Oxuyun!<\/title>\n<meta name=\"robots\" content=\"index, follow, max-snippet:-1, max-image-preview:large, max-video-preview:-1\" \/>\n<link rel=\"canonical\" href=\"https:\/\/kokpit.az\/?p=6913\" \/>\n<meta property=\"og:locale\" content=\"az_AZ\" \/>\n<meta property=\"og:type\" content=\"article\" \/>\n<meta property=\"og:title\" content=\"O.Piastri: U\u015faql\u0131qda bu g\u00fcn\u00fc x\u0259yal edirdim - X\u0259b\u0259ri Kokpitd\u0259 Oxuyun!\" \/>\n<meta property=\"og:description\" content=\"McLaren komandas\u0131n\u0131n s\u00fcr\u00fcc\u00fcs\u00fc Oskar Piastri bildirib ki, u\u015faql\u0131q x\u0259yal\u0131n\u0131 realla\u015fd\u0131r\u0131b.\u00a0\" \/>\n<meta property=\"og:url\" content=\"https:\/\/kokpit.az\/?p=6913\" \/>\n<meta property=\"og:site_name\" content=\"X\u0259b\u0259ri Kokpitd\u0259 Oxuyun!\" \/>\n<meta property=\"article:publisher\" content=\"https:\/\/www.facebook.com\/profile.php?id=61553756392357\" \/>\n<meta property=\"article:published_time\" content=\"2024-07-21T15:14:48+00:00\" \/>\n<meta property=\"article:modified_time\" content=\"2024-07-22T09:58:14+00:00\" \/>\n<meta property=\"og:image\" content=\"https:\/\/kokpit.az\/wp-content\/uploads\/2024\/07\/oscar-piastri-mclaren-f1-takim-3-e1721589737928.webp\" \/>\n\t<meta property=\"og:image:width\" content=\"1200\" \/>\n\t<meta property=\"og:image:height\" content=\"630\" \/>\n\t<meta property=\"og:image:type\" content=\"image\/webp\" \/>\n<meta name=\"author\" content=\"Rauf Hac\u0131yev\" \/>\n<meta name=\"twitter:card\" content=\"summary_large_image\" \/>\n<meta name=\"twitter:label1\" content=\"Written by\" \/>\n\t<meta name=\"twitter:data1\" content=\"Rauf Hac\u0131yev\" \/>\n\t<meta name=\"twitter:label2\" content=\"Est. reading time\" \/>\n\t<meta name=\"twitter:data2\" content=\"3 minutes\" \/>\n<script type=\"application\/ld+json\" class=\"yoast-schema-graph\">{\"@context\":\"https:\\\/\\\/schema.org\",\"@graph\":[{\"@type\":\"Article\",\"@id\":\"https:\\\/\\\/kokpit.az\\\/?p=6913#article\",\"isPartOf\":{\"@id\":\"https:\\\/\\\/kokpit.az\\\/?p=6913\"},\"author\":{\"name\":\"Rauf Hac\u0131yev\",\"@id\":\"https:\\\/\\\/kokpit.az\\\/#\\\/schema\\\/person\\\/f4114e650bc2993d0650e4fb6933c581\"},\"headline\":\"O.Piastri: U\u015faql\u0131qda bu g\u00fcn\u00fc x\u0259yal edirdim\",\"datePublished\":\"2024-07-21T15:14:48+00:00\",\"dateModified\":\"2024-07-22T09:58:14+00:00\",\"mainEntityOfPage\":{\"@id\":\"https:\\\/\\\/kokpit.az\\\/?p=6913\"},\"wordCount\":559,\"commentCount\":0,\"publisher\":{\"@id\":\"https:\\\/\\\/kokpit.az\\\/#organization\"},\"image\":{\"@id\":\"https:\\\/\\\/kokpit.az\\\/?p=6913#primaryimage\"},\"thumbnailUrl\":\"https:\\\/\\\/kokpit.az\\\/wp-content\\\/uploads\\\/2024\\\/07\\\/oscar-piastri-mclaren-f1-takim-3-e1721589737928.webp\",\"keywords\":[\"Hungarian Grand Prix\",\"Hungaroring\",\"McLaren Formula 1 Team\",\"Oscar Piastri\"],\"articleSection\":[\"Macar\u0131stan Qran Prisi\",\"X\u0259b\u0259rl\u0259r\"],\"inLanguage\":\"az\",\"potentialAction\":[{\"@type\":\"CommentAction\",\"name\":\"Comment\",\"target\":[\"https:\\\/\\\/kokpit.az\\\/?p=6913#respond\"]}]},{\"@type\":\"WebPage\",\"@id\":\"https:\\\/\\\/kokpit.az\\\/?p=6913\",\"url\":\"https:\\\/\\\/kokpit.az\\\/?p=6913\",\"name\":\"O.Piastri: U\u015faql\u0131qda bu g\u00fcn\u00fc x\u0259yal edirdim - X\u0259b\u0259ri Kokpitd\u0259 Oxuyun!\",\"isPartOf\":{\"@id\":\"https:\\\/\\\/kokpit.az\\\/#website\"},\"primaryImageOfPage\":{\"@id\":\"https:\\\/\\\/kokpit.az\\\/?p=6913#primaryimage\"},\"image\":{\"@id\":\"https:\\\/\\\/kokpit.az\\\/?p=6913#primaryimage\"},\"thumbnailUrl\":\"https:\\\/\\\/kokpit.az\\\/wp-content\\\/uploads\\\/2024\\\/07\\\/oscar-piastri-mclaren-f1-takim-3-e1721589737928.webp\",\"datePublished\":\"2024-07-21T15:14:48+00:00\",\"dateModified\":\"2024-07-22T09:58:14+00:00\",\"breadcrumb\":{\"@id\":\"https:\\\/\\\/kokpit.az\\\/?p=6913#breadcrumb\"},\"inLanguage\":\"az\",\"potentialAction\":[{\"@type\":\"ReadAction\",\"target\":[\"https:\\\/\\\/kokpit.az\\\/?p=6913\"]}]},{\"@type\":\"ImageObject\",\"inLanguage\":\"az\",\"@id\":\"https:\\\/\\\/kokpit.az\\\/?p=6913#primaryimage\",\"url\":\"https:\\\/\\\/kokpit.az\\\/wp-content\\\/uploads\\\/2024\\\/07\\\/oscar-piastri-mclaren-f1-takim-3-e1721589737928.webp\",\"contentUrl\":\"https:\\\/\\\/kokpit.az\\\/wp-content\\\/uploads\\\/2024\\\/07\\\/oscar-piastri-mclaren-f1-takim-3-e1721589737928.webp\",\"width\":1200,\"height\":630},{\"@type\":\"BreadcrumbList\",\"@id\":\"https:\\\/\\\/kokpit.az\\\/?p=6913#breadcrumb\",\"itemListElement\":[{\"@type\":\"ListItem\",\"position\":1,\"name\":\"Home\",\"item\":\"https:\\\/\\\/kokpit.az\\\/\"},{\"@type\":\"ListItem\",\"position\":2,\"name\":\"O.Piastri: U\u015faql\u0131qda bu g\u00fcn\u00fc x\u0259yal edirdim\"}]},{\"@type\":\"WebSite\",\"@id\":\"https:\\\/\\\/kokpit.az\\\/#website\",\"url\":\"https:\\\/\\\/kokpit.az\\\/\",\"name\":\"X\u0259b\u0259ri Kokpitd\u0259 Oxuyun!\",\"description\":\"\",\"publisher\":{\"@id\":\"https:\\\/\\\/kokpit.az\\\/#organization\"},\"potentialAction\":[{\"@type\":\"SearchAction\",\"target\":{\"@type\":\"EntryPoint\",\"urlTemplate\":\"https:\\\/\\\/kokpit.az\\\/?s={search_term_string}\"},\"query-input\":{\"@type\":\"PropertyValueSpecification\",\"valueRequired\":true,\"valueName\":\"search_term_string\"}}],\"inLanguage\":\"az\"},{\"@type\":\"Organization\",\"@id\":\"https:\\\/\\\/kokpit.az\\\/#organization\",\"name\":\"X\u0259b\u0259ri Kokpitd\u0259 Oxuyun!\",\"url\":\"https:\\\/\\\/kokpit.az\\\/\",\"logo\":{\"@type\":\"ImageObject\",\"inLanguage\":\"az\",\"@id\":\"https:\\\/\\\/kokpit.az\\\/#\\\/schema\\\/logo\\\/image\\\/\",\"url\":\"https:\\\/\\\/kokpit.az\\\/wp-content\\\/uploads\\\/2023\\\/05\\\/kokpit.jpg\",\"contentUrl\":\"https:\\\/\\\/kokpit.az\\\/wp-content\\\/uploads\\\/2023\\\/05\\\/kokpit.jpg\",\"width\":488,\"height\":245,\"caption\":\"X\u0259b\u0259ri Kokpitd\u0259 Oxuyun!\"},\"image\":{\"@id\":\"https:\\\/\\\/kokpit.az\\\/#\\\/schema\\\/logo\\\/image\\\/\"},\"sameAs\":[\"https:\\\/\\\/www.facebook.com\\\/profile.php?id=61553756392357\"]},{\"@type\":\"Person\",\"@id\":\"https:\\\/\\\/kokpit.az\\\/#\\\/schema\\\/person\\\/f4114e650bc2993d0650e4fb6933c581\",\"name\":\"Rauf Hac\u0131yev\",\"image\":{\"@type\":\"ImageObject\",\"inLanguage\":\"az\",\"@id\":\"https:\\\/\\\/secure.gravatar.com\\\/avatar\\\/394a2085c47c7acdcf41f7d270b7cbb52513d6f4f24c1cb6dfbbd61f98c0503d?s=96&d=mm&r=g\",\"url\":\"https:\\\/\\\/secure.gravatar.com\\\/avatar\\\/394a2085c47c7acdcf41f7d270b7cbb52513d6f4f24c1cb6dfbbd61f98c0503d?s=96&d=mm&r=g\",\"contentUrl\":\"https:\\\/\\\/secure.gravatar.com\\\/avatar\\\/394a2085c47c7acdcf41f7d270b7cbb52513d6f4f24c1cb6dfbbd61f98c0503d?s=96&d=mm&r=g\",\"caption\":\"Rauf Hac\u0131yev\"},\"sameAs\":[\"https:\\\/\\\/kokpit.az\"],\"url\":\"https:\\\/\\\/kokpit.az\\\/?author=2\"}]}<\/script>\n<!-- \/ Yoast SEO plugin. -->","yoast_head_json":{"title":"O.Piastri: U\u015faql\u0131qda bu g\u00fcn\u00fc x\u0259yal edirdim - X\u0259b\u0259ri Kokpitd\u0259 Oxuyun!","robots":{"index":"index","follow":"follow","max-snippet":"max-snippet:-1","max-image-preview":"max-image-preview:large","max-video-preview":"max-video-preview:-1"},"canonical":"https:\/\/kokpit.az\/?p=6913","og_locale":"az_AZ","og_type":"article","og_title":"O.Piastri: U\u015faql\u0131qda bu g\u00fcn\u00fc x\u0259yal edirdim - X\u0259b\u0259ri Kokpitd\u0259 Oxuyun!","og_description":"McLaren komandas\u0131n\u0131n s\u00fcr\u00fcc\u00fcs\u00fc Oskar Piastri bildirib ki, u\u015faql\u0131q x\u0259yal\u0131n\u0131 realla\u015fd\u0131r\u0131b.\u00a0","og_url":"https:\/\/kokpit.az\/?p=6913","og_site_name":"X\u0259b\u0259ri Kokpitd\u0259 Oxuyun!","article_publisher":"https:\/\/www.facebook.com\/profile.php?id=61553756392357","article_published_time":"2024-07-21T15:14:48+00:00","article_modified_time":"2024-07-22T09:58:14+00:00","og_image":[{"width":1200,"height":630,"url":"https:\/\/kokpit.az\/wp-content\/uploads\/2024\/07\/oscar-piastri-mclaren-f1-takim-3-e1721589737928.webp","type":"image\/webp"}],"author":"Rauf Hac\u0131yev","twitter_card":"summary_large_image","twitter_misc":{"Written by":"Rauf Hac\u0131yev","Est. reading time":"3 minutes"},"schema":{"@context":"https:\/\/schema.org","@graph":[{"@type":"Article","@id":"https:\/\/kokpit.az\/?p=6913#article","isPartOf":{"@id":"https:\/\/kokpit.az\/?p=6913"},"author":{"name":"Rauf Hac\u0131yev","@id":"https:\/\/kokpit.az\/#\/schema\/person\/f4114e650bc2993d0650e4fb6933c581"},"headline":"O.Piastri: U\u015faql\u0131qda bu g\u00fcn\u00fc x\u0259yal edirdim","datePublished":"2024-07-21T15:14:48+00:00","dateModified":"2024-07-22T09:58:14+00:00","mainEntityOfPage":{"@id":"https:\/\/kokpit.az\/?p=6913"},"wordCount":559,"commentCount":0,"publisher":{"@id":"https:\/\/kokpit.az\/#organization"},"image":{"@id":"https:\/\/kokpit.az\/?p=6913#primaryimage"},"thumbnailUrl":"https:\/\/kokpit.az\/wp-content\/uploads\/2024\/07\/oscar-piastri-mclaren-f1-takim-3-e1721589737928.webp","keywords":["Hungarian Grand Prix","Hungaroring","McLaren Formula 1 Team","Oscar Piastri"],"articleSection":["Macar\u0131stan Qran Prisi","X\u0259b\u0259rl\u0259r"],"inLanguage":"az","potentialAction":[{"@type":"CommentAction","name":"Comment","target":["https:\/\/kokpit.az\/?p=6913#respond"]}]},{"@type":"WebPage","@id":"https:\/\/kokpit.az\/?p=6913","url":"https:\/\/kokpit.az\/?p=6913","name":"O.Piastri: U\u015faql\u0131qda bu g\u00fcn\u00fc x\u0259yal edirdim - X\u0259b\u0259ri Kokpitd\u0259 Oxuyun!","isPartOf":{"@id":"https:\/\/kokpit.az\/#website"},"primaryImageOfPage":{"@id":"https:\/\/kokpit.az\/?p=6913#primaryimage"},"image":{"@id":"https:\/\/kokpit.az\/?p=6913#primaryimage"},"thumbnailUrl":"https:\/\/kokpit.az\/wp-content\/uploads\/2024\/07\/oscar-piastri-mclaren-f1-takim-3-e1721589737928.webp","datePublished":"2024-07-21T15:14:48+00:00","dateModified":"2024-07-22T09:58:14+00:00","breadcrumb":{"@id":"https:\/\/kokpit.az\/?p=6913#breadcrumb"},"inLanguage":"az","potentialAction":[{"@type":"ReadAction","target":["https:\/\/kokpit.az\/?p=6913"]}]},{"@type":"ImageObject","inLanguage":"az","@id":"https:\/\/kokpit.az\/?p=6913#primaryimage","url":"https:\/\/kokpit.az\/wp-content\/uploads\/2024\/07\/oscar-piastri-mclaren-f1-takim-3-e1721589737928.webp","contentUrl":"https:\/\/kokpit.az\/wp-content\/uploads\/2024\/07\/oscar-piastri-mclaren-f1-takim-3-e1721589737928.webp","width":1200,"height":630},{"@type":"BreadcrumbList","@id":"https:\/\/kokpit.az\/?p=6913#breadcrumb","itemListElement":[{"@type":"ListItem","position":1,"name":"Home","item":"https:\/\/kokpit.az\/"},{"@type":"ListItem","position":2,"name":"O.Piastri: U\u015faql\u0131qda bu g\u00fcn\u00fc x\u0259yal edirdim"}]},{"@type":"WebSite","@id":"https:\/\/kokpit.az\/#website","url":"https:\/\/kokpit.az\/","name":"X\u0259b\u0259ri Kokpitd\u0259 Oxuyun!","description":"","publisher":{"@id":"https:\/\/kokpit.az\/#organization"},"potentialAction":[{"@type":"SearchAction","target":{"@type":"EntryPoint","urlTemplate":"https:\/\/kokpit.az\/?s={search_term_string}"},"query-input":{"@type":"PropertyValueSpecification","valueRequired":true,"valueName":"search_term_string"}}],"inLanguage":"az"},{"@type":"Organization","@id":"https:\/\/kokpit.az\/#organization","name":"X\u0259b\u0259ri Kokpitd\u0259 Oxuyun!","url":"https:\/\/kokpit.az\/","logo":{"@type":"ImageObject","inLanguage":"az","@id":"https:\/\/kokpit.az\/#\/schema\/logo\/image\/","url":"https:\/\/kokpit.az\/wp-content\/uploads\/2023\/05\/kokpit.jpg","contentUrl":"https:\/\/kokpit.az\/wp-content\/uploads\/2023\/05\/kokpit.jpg","width":488,"height":245,"caption":"X\u0259b\u0259ri Kokpitd\u0259 Oxuyun!"},"image":{"@id":"https:\/\/kokpit.az\/#\/schema\/logo\/image\/"},"sameAs":["https:\/\/www.facebook.com\/profile.php?id=61553756392357"]},{"@type":"Person","@id":"https:\/\/kokpit.az\/#\/schema\/person\/f4114e650bc2993d0650e4fb6933c581","name":"Rauf Hac\u0131yev","image":{"@type":"ImageObject","inLanguage":"az","@id":"https:\/\/secure.gravatar.com\/avatar\/394a2085c47c7acdcf41f7d270b7cbb52513d6f4f24c1cb6dfbbd61f98c0503d?s=96&d=mm&r=g","url":"https:\/\/secure.gravatar.com\/avatar\/394a2085c47c7acdcf41f7d270b7cbb52513d6f4f24c1cb6dfbbd61f98c0503d?s=96&d=mm&r=g","contentUrl":"https:\/\/secure.gravatar.com\/avatar\/394a2085c47c7acdcf41f7d270b7cbb52513d6f4f24c1cb6dfbbd61f98c0503d?s=96&d=mm&r=g","caption":"Rauf Hac\u0131yev"},"sameAs":["https:\/\/kokpit.az"],"url":"https:\/\/kokpit.az\/?author=2"}]}},"_links":{"self":[{"href":"https:\/\/kokpit.az\/index.php?rest_route=\/wp\/v2\/posts\/6913","targetHints":{"allow":["GET"]}}],"collection":[{"href":"https:\/\/kokpit.az\/index.php?rest_route=\/wp\/v2\/posts"}],"about":[{"href":"https:\/\/kokpit.az\/index.php?rest_route=\/wp\/v2\/types\/post"}],"author":[{"embeddable":true,"href":"https:\/\/kokpit.az\/index.php?rest_route=\/wp\/v2\/users\/2"}],"replies":[{"embeddable":true,"href":"https:\/\/kokpit.az\/index.php?rest_route=%2Fwp%2Fv2%2Fcomments&post=6913"}],"version-history":[{"count":1,"href":"https:\/\/kokpit.az\/index.php?rest_route=\/wp\/v2\/posts\/6913\/revisions"}],"predecessor-version":[{"id":6915,"href":"https:\/\/kokpit.az\/index.php?rest_route=\/wp\/v2\/posts\/6913\/revisions\/6915"}],"wp:featuredmedia":[{"embeddable":true,"href":"https:\/\/kokpit.az\/index.php?rest_route=\/wp\/v2\/media\/6914"}],"wp:attachment":[{"href":"https:\/\/kokpit.az\/index.php?rest_route=%2Fwp%2Fv2%2Fmedia&parent=6913"}],"wp:term":[{"taxonomy":"category","embeddable":true,"href":"https:\/\/kokpit.az\/index.php?rest_route=%2Fwp%2Fv2%2Fcategories&post=6913"},{"taxonomy":"post_tag","embeddable":true,"href":"https:\/\/kokpit.az\/index.php?rest_route=%2Fwp%2Fv2%2Ftags&post=6913"}],"curies":[{"name":"wp","href":"https:\/\/api.w.org\/{rel}","templated":true}]}}