{"id":6899,"date":"2024-07-21T10:27:31","date_gmt":"2024-07-21T06:27:31","guid":{"rendered":"https:\/\/kokpit.az\/?p=6899"},"modified":"2024-07-21T10:27:31","modified_gmt":"2024-07-21T06:27:31","slug":"s-peres-tunelin-sonunda-isiq-gorur%c9%99m","status":"publish","type":"post","link":"https:\/\/kokpit.az\/?p=6899","title":{"rendered":"S.Peres: Tunelin sonunda i\u015f\u0131q g\u00f6r\u00fcr\u0259m"},"content":{"rendered":"<div class=\"msnt-entity-header  pb-6 pt-4 t:pb-8 t:pt-0  \">\n<h2 class=\"text-article-description font-title italic font text-fg-on-color t:text-fg-default\">Kokpit.az xat\u0131rlad\u0131r ki, meksikal\u0131 s\u00fcr\u00fcc\u00fc c\u00fcm\u0259 s\u0259rb\u0259st y\u00fcr\u00fc\u015fl\u0259rind\u0259 be\u015fliy\u0259 d\u00fc\u015f\u0259r\u0259k, fanatlar\u0131n\u0131 \u00fcmidl\u0259ndirmi\u015fdi. Lakin bu uzun \u00e7\u0259km\u0259di v\u0259 34 ya\u015fl\u0131 pilot Hunqarorinqd\u0259ki s\u0131ralanma turunun birinci sessiyas\u0131nda q\u0259za etdi. Yekunda 16-c\u0131 yeri tutan \u00c7eko m\u00fcbariz\u0259ni el\u0259 birinci sessiyada dayand\u0131rd\u0131.<\/h2>\n<p>\u018fslind\u0259 bu q\u0259za Serxio \u00fc\u00e7\u00fcn he\u00e7 d\u0259 yax\u015f\u0131 olmad\u0131, \u00e7\u00fcnki o, Monako yar\u0131\u015f\u0131ndan b\u0259zi c\u0259mi 14 xal toplaya bilib. Buna g\u00f6r\u0259 d\u0259 \u0259ks\u0259riyy\u0259t d\u00fc\u015f\u00fcn\u00fcrd\u00fc ki, onun Red Bull komandas\u0131ndak\u0131 g\u0259l\u0259c\u0259yi Macar\u0131stan v\u0259 Bel\u00e7ika yar\u0131\u015flar\u0131ndan as\u0131l\u0131d\u0131r. Lakin \u00c7eko bu q\u0259za il\u0259 \u00f6z g\u0259l\u0259c\u0259yini t\u0259hl\u00fck\u0259 alt\u0131na at\u0131b.<\/p>\n<p>Bu q\u0259zaya baxmayaraq, <strong>Serxio Peres<\/strong> yen\u0259 d\u0259 nikbin g\u00f6r\u00fcn\u00fcb: &#8220;Ma\u015f\u0131n\u0131n idar\u0259 etm\u0259sini itirdim. Dey\u0259s\u0259n kerb\u0259 \u00e7\u0131rp\u0131ld\u0131m. O \u0259snada s\u0259kkizinci d\u00f6ng\u0259d\u0259 b\u0259rk ya\u011f\u0131\u015f ya\u011f\u0131rd\u0131. Kerb\u0259 \u00e7\u0259rp\u0131landa m\u0259ni birba\u015fa ya\u015f hiss\u0259y\u0259 g\u00f6nd\u0259rdi. Yen\u0259 d\u0259 h\u0259r \u015fey qaydas\u0131ndad\u0131r. Aya\u011f\u0131mda bir az a\u011fr\u0131 var, amma bundan ba\u015fqa h\u0259r \u015fey qaydas\u0131ndad\u0131r v\u0259 yar\u0131\u015fa haz\u0131ram.<\/p>\n<\/div>\n<div class=\"msnt-entity-header  pb-6 pt-4 t:pb-8 t:pt-0  \">\n<p>Haz\u0131rda \u0259n ehtiyac duymad\u0131\u011f\u0131m bir anda bel\u0259 bir q\u0259za ya\u015fad\u0131m. Hava v\u0259 tras \u015f\u0259raitini d\u0259y\u0259rl\u0259ndirm\u0259k \u00e7\u0259tin idi. B\u0259rk ya\u011f\u0131\u015f ya\u011fsa da asfaltla ili\u015fm\u0259 z\u0259if deyildi. D\u00f6vr\u0259vi n\u0259tic\u0259mi yax\u015f\u0131la\u015fd\u0131r\u0131rd\u0131m. S\u00f6z\u00fcn d\u00fcz\u00fc v\u0259ziyy\u0259tim yax\u015f\u0131 idi. D\u00f6vr\u0259 vurma\u011fa ejtiyac yox idi, amma h\u0259mi\u015f\u0259 bir hadis\u0259 ba\u015f ver\u0259nd\u0259n sonra h\u0259mi\u015f\u0259 bir fikir yaran\u0131r.<\/p>\n<p>Bunun h\u0259dd\u0259n art\u0131q limitd\u0259 s\u00fcrm\u0259kl\u0259 \u0259laq\u0259si yoxdur. Geriya d\u00f6neb baxanda o d\u00f6vr\u0259ni vurma\u011fa ehtiyac yox idi. Bu bir reall\u0131qd\u0131r. Bunu n\u0259z\u0259rd\u0259n ke\u00e7ir\u0259c\u0259yik. Amma bel\u0259 hava v\u0259 tras \u015f\u0259raiti ham\u0131ya t\u0259sir ed\u0259 bil\u0259r. Heyif ki, ard\u0131c\u0131l olaraq iki d\u0259f\u0259. m\u0259n bu hala d\u00fc\u015fd\u00fcm. Ancaq h\u0259r \u015feyi \u00f6z xeyrim\u0259 \u00e7evirm\u0259y\u0259 q\u0259rarl\u0131yam. Bel\u0259 \u00e7\u0259tin q\u0259zadan sonra m\u0259tbuat\u0131n qar\u015f\u0131s\u0131na \u00e7\u0131xmaq t\u0259bii ki, \u00e7ox \u00e7\u0259tindir. Amma geriy\u0259 d\u00f6n\u00fcb baxanda onu dey\u0259 bil\u0259r\u0259m ki, h\u0259r \u015fey daha da g\u00f6z\u0259l olacaq.<\/p>\n<p><img loading=\"lazy\" decoding=\"async\" class=\"aligncenter wp-image-6901 size-large\" src=\"https:\/\/kokpit.az\/wp-content\/uploads\/2024\/07\/sergio-perez-red-bull-wreck-hungary-2024-planetf1-1024x576.jpg\" alt=\"\" width=\"770\" height=\"433\" srcset=\"https:\/\/kokpit.az\/wp-content\/uploads\/2024\/07\/sergio-perez-red-bull-wreck-hungary-2024-planetf1-1024x576.jpg 1024w, https:\/\/kokpit.az\/wp-content\/uploads\/2024\/07\/sergio-perez-red-bull-wreck-hungary-2024-planetf1-300x169.jpg 300w, https:\/\/kokpit.az\/wp-content\/uploads\/2024\/07\/sergio-perez-red-bull-wreck-hungary-2024-planetf1-768x432.jpg 768w, https:\/\/kokpit.az\/wp-content\/uploads\/2024\/07\/sergio-perez-red-bull-wreck-hungary-2024-planetf1-1536x864.jpg 1536w, https:\/\/kokpit.az\/wp-content\/uploads\/2024\/07\/sergio-perez-red-bull-wreck-hungary-2024-planetf1-270x152.jpg 270w, https:\/\/kokpit.az\/wp-content\/uploads\/2024\/07\/sergio-perez-red-bull-wreck-hungary-2024-planetf1-370x208.jpg 370w, https:\/\/kokpit.az\/wp-content\/uploads\/2024\/07\/sergio-perez-red-bull-wreck-hungary-2024-planetf1-570x321.jpg 570w, https:\/\/kokpit.az\/wp-content\/uploads\/2024\/07\/sergio-perez-red-bull-wreck-hungary-2024-planetf1-740x416.jpg 740w, https:\/\/kokpit.az\/wp-content\/uploads\/2024\/07\/sergio-perez-red-bull-wreck-hungary-2024-planetf1.jpg 1600w\" sizes=\"auto, (max-width: 770px) 100vw, 770px\" \/><\/p>\n<p>Bunun yenid\u0259n ba\u015f verm\u0259si do\u011frudan da m\u0259ni m\u0259yus edir. Ancaq bu v\u0259ziyy\u0259ti \u00f6z xeyrim\u0259 d\u0259yi\u015fm\u0259y\u0259 q\u0259rarl\u0131yam, \u00e7\u00fcnki c\u00fcm\u0259 g\u00fcn\u00fc do\u011frudan da yax\u015f\u0131 performans g\u00f6st\u0259rdiyim\u0259 inan\u0131ram. H\u0259min g\u00fcnd\u0259n sonra \u00e7ox umidli idim. Buna g\u00f6r\u0259 d\u0259 yar\u0131\u015f tempind\u0259 yax\u015f\u0131 m\u0259lumat\u0131m\u0131z\u0131n oldu\u011funu d\u00fc\u015f\u00fcn\u00fcr\u0259m. \u00dcmid edir\u0259m ki, yar\u0131\u015fda yax\u015f\u0131 temp tutaram v\u0259 yax\u015f\u0131 xallar qazanaram&#8221;.<\/p>\n<p><strong>Serxio Peres<\/strong> \u0259lav\u0259 edib ki, g\u0259l\u0259c\u0259yi bar\u0259d\u0259 narahat deyil: &#8220;Xeyr. Daha \u0259vv\u0259l d\u0259 dediyim kimi. He\u00e7 bir \u015fey d\u0259yi\u015fm\u0259yib. Narahat deyil\u0259m. H\u0259r \u015feyi \u00f6z xeyrim\u0259 d\u0259yi\u015fm\u0259y\u0259 v\u0259 performans\u0131ma k\u00f6kl\u0259nm\u0259y\u0259 q\u0259rarl\u0131yam. Do\u011frudan da inki\u015faf edirik. C\u00fcm\u0259 g\u00fcn\u00fc b\u00f6y\u00fck ehtimalla bu m\u00f6vs\u00fcm\u00fcn \u0259n yax\u015f\u0131 c\u00fcm\u0259 g\u00fcn\u00fc idi. Y\u0259ni tunelin ucunda i\u015f\u0131q var. Amma bu problem\u0131\u0259ri gerid\u0259 qoymal\u0131y\u0131q v\u0259 \u00fcmid edir\u0259m ki, bazar g\u00fcn\u00fc bizim \u00fc\u00e7\u00fcn yax\u015f\u0131 ke\u00e7\u0259r. Sad\u0259c\u0259 t\u0259miz bir h\u0259ft\u0259sonuna v\u0259 t\u0259miz hava v\u0259 tras \u015f\u0259raitin\u0259 ehtiyac\u0131m var&#8221;.<\/p>\n<p>Q\u0259zada <strong>Serxio Peresin<\/strong> ma\u015f\u0131n\u0131 ciddi ziyan g\u00f6r\u00fcb. Lakin \u00c7eko bildirib ki, onlar\u0131n yet\u0259ir q\u0259d\u0259r ehtiyat hiss\u0259l\u0259ri var: &#8220;B\u0259li. Yar\u0131\u015f \u00fc\u00e7\u00fcn laz\u0131mi h\u0259r \u015fey\u0259 sahibik&#8221;.<\/p>\n<p>Red Bull komandas\u0131 Hunqaroinq tras\u0131na motor qapa\u011f\u0131, halo, arka \u0259yl\u0259c, \u00f6n qanad, \u00f6n as\u0131lqan yenilikl\u0259ri il\u0259 g\u0259lib. Buna baxmayaraq bu yenilikl\u0259ri Maks Ferstapen g\u00f6t\u00fcr\u00fcb. Serxio Peres is\u0259 k\u00f6hn\u0259 paketl\u0259 yar\u0131\u015f\u0131b. Meksikal\u0131 s\u00fcr\u00fcc\u00fcn\u00fcn bu yenilikl\u0259ri Bel\u00e7ikada istifad\u0259 edib-etm\u0259y\u0259c\u0259yi sual\u0131na is\u0259 o bel\u0259 cavab verib: &#8220;M\u0259nc\u0259, bu paketi daha \u00e7ox asfaltayatma q\u00fcvv\u0259si t\u0259l\u0259b ed\u0259n traslarda istifad\u0259 ed\u0259c\u0259yik. Buna g\u00f6r\u0259 d\u0259 inanm\u0131ram ki, bu yenilikl\u0259r Spa-da istifad\u0259 olunsun&#8221;.<\/p>\n<p>Serxio Peres komandan\u0131 pis v\u0259ziyy\u0259td\u0259 qoydu\u011fu \u00fc\u00e7\u00fcn m\u0259yusdur: &#8220;Dey\u0259c\u0259k spz\u00fcm yoxdur. Y\u0259ni ki, komandan\u0131 m\u0259yus etdiyim \u00fc\u00e7\u00fcn \u00e7ox pis oldum. Komandan\u0131 pis v\u0259ziyy\u0259td\u0259 qoyanda s\u00fcr\u00fcc\u00fc kimi \u00e7ox m\u0259yus olursunuz, amma t\u0259slim olmayaca\u011fam. V\u0259ziyy\u0259ti \u00f6z xeyrim\u0259 d\u0259yi\u015fm\u0259k \u00fc\u00e7\u00fcn do\u011frudan da \u0259limd\u0259n g\u0259l\u0259nin \u0259n yax\u015f\u0131s\u0131n\u0131 ed\u0259c\u0259m v\u0259 M\u00fch\u0259ndisl\u0259r Kuboku \u00fc\u00e7\u00fcn bacard\u0131\u011f\u0131m q\u0259d\u0259r b\u0259rk s\u00fcr\u0259c\u0259m&#8221;.<\/p>\n<\/div>\n","protected":false},"excerpt":{"rendered":"<p>Red Bull komandas\u0131n\u0131n s\u00fcr\u00fcc\u00fcs\u00fc Serxio Peres bildirib ki, s\u0131ralanma turunda etdiyi q\u0259zaya baxmayaraq, \u00f6z\u00fcn\u0259 inan\u0131r v\u0259 sona q\u0259d\u0259r m\u00fcbariz\u0259 aparacaq.\u00a0<\/p>\n","protected":false},"author":2,"featured_media":6900,"comment_status":"open","ping_status":"open","sticky":false,"template":"","format":"standard","meta":{"footnotes":""},"categories":[201,2],"tags":[103,169,51,57],"class_list":["post-6899","post","type-post","status-publish","format-standard","has-post-thumbnail","hentry","category-macaristanqran-prisi","category-news","tag-hungarian-grand-prix","tag-hungaroring","tag-red-bull-racing","tag-sergio-perez"],"yoast_head":"<!-- This site is optimized with the Yoast SEO plugin v27.5 - https:\/\/yoast.com\/product\/yoast-seo-wordpress\/ -->\n<title>S.Peres: Tunelin sonunda i\u015f\u0131q g\u00f6r\u00fcr\u0259m - X\u0259b\u0259ri Kokpitd\u0259 Oxuyun!<\/title>\n<meta name=\"robots\" content=\"index, follow, max-snippet:-1, max-image-preview:large, max-video-preview:-1\" \/>\n<link rel=\"canonical\" href=\"https:\/\/kokpit.az\/?p=6899\" \/>\n<meta property=\"og:locale\" content=\"az_AZ\" \/>\n<meta property=\"og:type\" content=\"article\" \/>\n<meta property=\"og:title\" content=\"S.Peres: Tunelin sonunda i\u015f\u0131q g\u00f6r\u00fcr\u0259m - X\u0259b\u0259ri Kokpitd\u0259 Oxuyun!\" \/>\n<meta property=\"og:description\" content=\"Red Bull komandas\u0131n\u0131n s\u00fcr\u00fcc\u00fcs\u00fc Serxio Peres bildirib ki, s\u0131ralanma turunda etdiyi q\u0259zaya baxmayaraq, \u00f6z\u00fcn\u0259 inan\u0131r v\u0259 sona q\u0259d\u0259r m\u00fcbariz\u0259 aparacaq.\u00a0\" \/>\n<meta property=\"og:url\" content=\"https:\/\/kokpit.az\/?p=6899\" \/>\n<meta property=\"og:site_name\" content=\"X\u0259b\u0259ri Kokpitd\u0259 Oxuyun!\" \/>\n<meta property=\"article:publisher\" content=\"https:\/\/www.facebook.com\/profile.php?id=61553756392357\" \/>\n<meta property=\"article:published_time\" content=\"2024-07-21T06:27:31+00:00\" \/>\n<meta property=\"og:image\" content=\"https:\/\/kokpit.az\/wp-content\/uploads\/2024\/07\/sergio-perez-crashed-red-bull-hungary-2024-planetf1-e1721543191600.jpg\" \/>\n\t<meta property=\"og:image:width\" content=\"1200\" \/>\n\t<meta property=\"og:image:height\" content=\"629\" \/>\n\t<meta property=\"og:image:type\" content=\"image\/jpeg\" \/>\n<meta name=\"author\" content=\"Rauf Hac\u0131yev\" \/>\n<meta name=\"twitter:card\" content=\"summary_large_image\" \/>\n<meta name=\"twitter:label1\" content=\"Written by\" \/>\n\t<meta name=\"twitter:data1\" content=\"Rauf Hac\u0131yev\" \/>\n\t<meta name=\"twitter:label2\" content=\"Est. reading time\" \/>\n\t<meta name=\"twitter:data2\" content=\"4 minutes\" \/>\n<script type=\"application\/ld+json\" class=\"yoast-schema-graph\">{\"@context\":\"https:\\\/\\\/schema.org\",\"@graph\":[{\"@type\":\"Article\",\"@id\":\"https:\\\/\\\/kokpit.az\\\/?p=6899#article\",\"isPartOf\":{\"@id\":\"https:\\\/\\\/kokpit.az\\\/?p=6899\"},\"author\":{\"name\":\"Rauf Hac\u0131yev\",\"@id\":\"https:\\\/\\\/kokpit.az\\\/#\\\/schema\\\/person\\\/f4114e650bc2993d0650e4fb6933c581\"},\"headline\":\"S.Peres: Tunelin sonunda i\u015f\u0131q g\u00f6r\u00fcr\u0259m\",\"datePublished\":\"2024-07-21T06:27:31+00:00\",\"mainEntityOfPage\":{\"@id\":\"https:\\\/\\\/kokpit.az\\\/?p=6899\"},\"wordCount\":856,\"commentCount\":0,\"publisher\":{\"@id\":\"https:\\\/\\\/kokpit.az\\\/#organization\"},\"image\":{\"@id\":\"https:\\\/\\\/kokpit.az\\\/?p=6899#primaryimage\"},\"thumbnailUrl\":\"https:\\\/\\\/kokpit.az\\\/wp-content\\\/uploads\\\/2024\\\/07\\\/sergio-perez-crashed-red-bull-hungary-2024-planetf1-e1721543191600.jpg\",\"keywords\":[\"Hungarian Grand Prix\",\"Hungaroring\",\"Red Bull Racing\",\"Sergio Perez\"],\"articleSection\":[\"Macar\u0131stan Qran Prisi\",\"X\u0259b\u0259rl\u0259r\"],\"inLanguage\":\"az\",\"potentialAction\":[{\"@type\":\"CommentAction\",\"name\":\"Comment\",\"target\":[\"https:\\\/\\\/kokpit.az\\\/?p=6899#respond\"]}]},{\"@type\":\"WebPage\",\"@id\":\"https:\\\/\\\/kokpit.az\\\/?p=6899\",\"url\":\"https:\\\/\\\/kokpit.az\\\/?p=6899\",\"name\":\"S.Peres: Tunelin sonunda i\u015f\u0131q g\u00f6r\u00fcr\u0259m - X\u0259b\u0259ri Kokpitd\u0259 Oxuyun!\",\"isPartOf\":{\"@id\":\"https:\\\/\\\/kokpit.az\\\/#website\"},\"primaryImageOfPage\":{\"@id\":\"https:\\\/\\\/kokpit.az\\\/?p=6899#primaryimage\"},\"image\":{\"@id\":\"https:\\\/\\\/kokpit.az\\\/?p=6899#primaryimage\"},\"thumbnailUrl\":\"https:\\\/\\\/kokpit.az\\\/wp-content\\\/uploads\\\/2024\\\/07\\\/sergio-perez-crashed-red-bull-hungary-2024-planetf1-e1721543191600.jpg\",\"datePublished\":\"2024-07-21T06:27:31+00:00\",\"breadcrumb\":{\"@id\":\"https:\\\/\\\/kokpit.az\\\/?p=6899#breadcrumb\"},\"inLanguage\":\"az\",\"potentialAction\":[{\"@type\":\"ReadAction\",\"target\":[\"https:\\\/\\\/kokpit.az\\\/?p=6899\"]}]},{\"@type\":\"ImageObject\",\"inLanguage\":\"az\",\"@id\":\"https:\\\/\\\/kokpit.az\\\/?p=6899#primaryimage\",\"url\":\"https:\\\/\\\/kokpit.az\\\/wp-content\\\/uploads\\\/2024\\\/07\\\/sergio-perez-crashed-red-bull-hungary-2024-planetf1-e1721543191600.jpg\",\"contentUrl\":\"https:\\\/\\\/kokpit.az\\\/wp-content\\\/uploads\\\/2024\\\/07\\\/sergio-perez-crashed-red-bull-hungary-2024-planetf1-e1721543191600.jpg\",\"width\":1200,\"height\":629},{\"@type\":\"BreadcrumbList\",\"@id\":\"https:\\\/\\\/kokpit.az\\\/?p=6899#breadcrumb\",\"itemListElement\":[{\"@type\":\"ListItem\",\"position\":1,\"name\":\"Home\",\"item\":\"https:\\\/\\\/kokpit.az\\\/\"},{\"@type\":\"ListItem\",\"position\":2,\"name\":\"S.Peres: Tunelin sonunda i\u015f\u0131q g\u00f6r\u00fcr\u0259m\"}]},{\"@type\":\"WebSite\",\"@id\":\"https:\\\/\\\/kokpit.az\\\/#website\",\"url\":\"https:\\\/\\\/kokpit.az\\\/\",\"name\":\"X\u0259b\u0259ri Kokpitd\u0259 Oxuyun!\",\"description\":\"\",\"publisher\":{\"@id\":\"https:\\\/\\\/kokpit.az\\\/#organization\"},\"potentialAction\":[{\"@type\":\"SearchAction\",\"target\":{\"@type\":\"EntryPoint\",\"urlTemplate\":\"https:\\\/\\\/kokpit.az\\\/?s={search_term_string}\"},\"query-input\":{\"@type\":\"PropertyValueSpecification\",\"valueRequired\":true,\"valueName\":\"search_term_string\"}}],\"inLanguage\":\"az\"},{\"@type\":\"Organization\",\"@id\":\"https:\\\/\\\/kokpit.az\\\/#organization\",\"name\":\"X\u0259b\u0259ri Kokpitd\u0259 Oxuyun!\",\"url\":\"https:\\\/\\\/kokpit.az\\\/\",\"logo\":{\"@type\":\"ImageObject\",\"inLanguage\":\"az\",\"@id\":\"https:\\\/\\\/kokpit.az\\\/#\\\/schema\\\/logo\\\/image\\\/\",\"url\":\"https:\\\/\\\/kokpit.az\\\/wp-content\\\/uploads\\\/2023\\\/05\\\/kokpit.jpg\",\"contentUrl\":\"https:\\\/\\\/kokpit.az\\\/wp-content\\\/uploads\\\/2023\\\/05\\\/kokpit.jpg\",\"width\":488,\"height\":245,\"caption\":\"X\u0259b\u0259ri Kokpitd\u0259 Oxuyun!\"},\"image\":{\"@id\":\"https:\\\/\\\/kokpit.az\\\/#\\\/schema\\\/logo\\\/image\\\/\"},\"sameAs\":[\"https:\\\/\\\/www.facebook.com\\\/profile.php?id=61553756392357\"]},{\"@type\":\"Person\",\"@id\":\"https:\\\/\\\/kokpit.az\\\/#\\\/schema\\\/person\\\/f4114e650bc2993d0650e4fb6933c581\",\"name\":\"Rauf Hac\u0131yev\",\"image\":{\"@type\":\"ImageObject\",\"inLanguage\":\"az\",\"@id\":\"https:\\\/\\\/secure.gravatar.com\\\/avatar\\\/394a2085c47c7acdcf41f7d270b7cbb52513d6f4f24c1cb6dfbbd61f98c0503d?s=96&d=mm&r=g\",\"url\":\"https:\\\/\\\/secure.gravatar.com\\\/avatar\\\/394a2085c47c7acdcf41f7d270b7cbb52513d6f4f24c1cb6dfbbd61f98c0503d?s=96&d=mm&r=g\",\"contentUrl\":\"https:\\\/\\\/secure.gravatar.com\\\/avatar\\\/394a2085c47c7acdcf41f7d270b7cbb52513d6f4f24c1cb6dfbbd61f98c0503d?s=96&d=mm&r=g\",\"caption\":\"Rauf Hac\u0131yev\"},\"sameAs\":[\"https:\\\/\\\/kokpit.az\"],\"url\":\"https:\\\/\\\/kokpit.az\\\/?author=2\"}]}<\/script>\n<!-- \/ Yoast SEO plugin. -->","yoast_head_json":{"title":"S.Peres: Tunelin sonunda i\u015f\u0131q g\u00f6r\u00fcr\u0259m - X\u0259b\u0259ri Kokpitd\u0259 Oxuyun!","robots":{"index":"index","follow":"follow","max-snippet":"max-snippet:-1","max-image-preview":"max-image-preview:large","max-video-preview":"max-video-preview:-1"},"canonical":"https:\/\/kokpit.az\/?p=6899","og_locale":"az_AZ","og_type":"article","og_title":"S.Peres: Tunelin sonunda i\u015f\u0131q g\u00f6r\u00fcr\u0259m - X\u0259b\u0259ri Kokpitd\u0259 Oxuyun!","og_description":"Red Bull komandas\u0131n\u0131n s\u00fcr\u00fcc\u00fcs\u00fc Serxio Peres bildirib ki, s\u0131ralanma turunda etdiyi q\u0259zaya baxmayaraq, \u00f6z\u00fcn\u0259 inan\u0131r v\u0259 sona q\u0259d\u0259r m\u00fcbariz\u0259 aparacaq.\u00a0","og_url":"https:\/\/kokpit.az\/?p=6899","og_site_name":"X\u0259b\u0259ri Kokpitd\u0259 Oxuyun!","article_publisher":"https:\/\/www.facebook.com\/profile.php?id=61553756392357","article_published_time":"2024-07-21T06:27:31+00:00","og_image":[{"width":1200,"height":629,"url":"https:\/\/kokpit.az\/wp-content\/uploads\/2024\/07\/sergio-perez-crashed-red-bull-hungary-2024-planetf1-e1721543191600.jpg","type":"image\/jpeg"}],"author":"Rauf Hac\u0131yev","twitter_card":"summary_large_image","twitter_misc":{"Written by":"Rauf Hac\u0131yev","Est. reading time":"4 minutes"},"schema":{"@context":"https:\/\/schema.org","@graph":[{"@type":"Article","@id":"https:\/\/kokpit.az\/?p=6899#article","isPartOf":{"@id":"https:\/\/kokpit.az\/?p=6899"},"author":{"name":"Rauf Hac\u0131yev","@id":"https:\/\/kokpit.az\/#\/schema\/person\/f4114e650bc2993d0650e4fb6933c581"},"headline":"S.Peres: Tunelin sonunda i\u015f\u0131q g\u00f6r\u00fcr\u0259m","datePublished":"2024-07-21T06:27:31+00:00","mainEntityOfPage":{"@id":"https:\/\/kokpit.az\/?p=6899"},"wordCount":856,"commentCount":0,"publisher":{"@id":"https:\/\/kokpit.az\/#organization"},"image":{"@id":"https:\/\/kokpit.az\/?p=6899#primaryimage"},"thumbnailUrl":"https:\/\/kokpit.az\/wp-content\/uploads\/2024\/07\/sergio-perez-crashed-red-bull-hungary-2024-planetf1-e1721543191600.jpg","keywords":["Hungarian Grand Prix","Hungaroring","Red Bull Racing","Sergio Perez"],"articleSection":["Macar\u0131stan Qran Prisi","X\u0259b\u0259rl\u0259r"],"inLanguage":"az","potentialAction":[{"@type":"CommentAction","name":"Comment","target":["https:\/\/kokpit.az\/?p=6899#respond"]}]},{"@type":"WebPage","@id":"https:\/\/kokpit.az\/?p=6899","url":"https:\/\/kokpit.az\/?p=6899","name":"S.Peres: Tunelin sonunda i\u015f\u0131q g\u00f6r\u00fcr\u0259m - X\u0259b\u0259ri Kokpitd\u0259 Oxuyun!","isPartOf":{"@id":"https:\/\/kokpit.az\/#website"},"primaryImageOfPage":{"@id":"https:\/\/kokpit.az\/?p=6899#primaryimage"},"image":{"@id":"https:\/\/kokpit.az\/?p=6899#primaryimage"},"thumbnailUrl":"https:\/\/kokpit.az\/wp-content\/uploads\/2024\/07\/sergio-perez-crashed-red-bull-hungary-2024-planetf1-e1721543191600.jpg","datePublished":"2024-07-21T06:27:31+00:00","breadcrumb":{"@id":"https:\/\/kokpit.az\/?p=6899#breadcrumb"},"inLanguage":"az","potentialAction":[{"@type":"ReadAction","target":["https:\/\/kokpit.az\/?p=6899"]}]},{"@type":"ImageObject","inLanguage":"az","@id":"https:\/\/kokpit.az\/?p=6899#primaryimage","url":"https:\/\/kokpit.az\/wp-content\/uploads\/2024\/07\/sergio-perez-crashed-red-bull-hungary-2024-planetf1-e1721543191600.jpg","contentUrl":"https:\/\/kokpit.az\/wp-content\/uploads\/2024\/07\/sergio-perez-crashed-red-bull-hungary-2024-planetf1-e1721543191600.jpg","width":1200,"height":629},{"@type":"BreadcrumbList","@id":"https:\/\/kokpit.az\/?p=6899#breadcrumb","itemListElement":[{"@type":"ListItem","position":1,"name":"Home","item":"https:\/\/kokpit.az\/"},{"@type":"ListItem","position":2,"name":"S.Peres: Tunelin sonunda i\u015f\u0131q g\u00f6r\u00fcr\u0259m"}]},{"@type":"WebSite","@id":"https:\/\/kokpit.az\/#website","url":"https:\/\/kokpit.az\/","name":"X\u0259b\u0259ri Kokpitd\u0259 Oxuyun!","description":"","publisher":{"@id":"https:\/\/kokpit.az\/#organization"},"potentialAction":[{"@type":"SearchAction","target":{"@type":"EntryPoint","urlTemplate":"https:\/\/kokpit.az\/?s={search_term_string}"},"query-input":{"@type":"PropertyValueSpecification","valueRequired":true,"valueName":"search_term_string"}}],"inLanguage":"az"},{"@type":"Organization","@id":"https:\/\/kokpit.az\/#organization","name":"X\u0259b\u0259ri Kokpitd\u0259 Oxuyun!","url":"https:\/\/kokpit.az\/","logo":{"@type":"ImageObject","inLanguage":"az","@id":"https:\/\/kokpit.az\/#\/schema\/logo\/image\/","url":"https:\/\/kokpit.az\/wp-content\/uploads\/2023\/05\/kokpit.jpg","contentUrl":"https:\/\/kokpit.az\/wp-content\/uploads\/2023\/05\/kokpit.jpg","width":488,"height":245,"caption":"X\u0259b\u0259ri Kokpitd\u0259 Oxuyun!"},"image":{"@id":"https:\/\/kokpit.az\/#\/schema\/logo\/image\/"},"sameAs":["https:\/\/www.facebook.com\/profile.php?id=61553756392357"]},{"@type":"Person","@id":"https:\/\/kokpit.az\/#\/schema\/person\/f4114e650bc2993d0650e4fb6933c581","name":"Rauf Hac\u0131yev","image":{"@type":"ImageObject","inLanguage":"az","@id":"https:\/\/secure.gravatar.com\/avatar\/394a2085c47c7acdcf41f7d270b7cbb52513d6f4f24c1cb6dfbbd61f98c0503d?s=96&d=mm&r=g","url":"https:\/\/secure.gravatar.com\/avatar\/394a2085c47c7acdcf41f7d270b7cbb52513d6f4f24c1cb6dfbbd61f98c0503d?s=96&d=mm&r=g","contentUrl":"https:\/\/secure.gravatar.com\/avatar\/394a2085c47c7acdcf41f7d270b7cbb52513d6f4f24c1cb6dfbbd61f98c0503d?s=96&d=mm&r=g","caption":"Rauf Hac\u0131yev"},"sameAs":["https:\/\/kokpit.az"],"url":"https:\/\/kokpit.az\/?author=2"}]}},"_links":{"self":[{"href":"https:\/\/kokpit.az\/index.php?rest_route=\/wp\/v2\/posts\/6899","targetHints":{"allow":["GET"]}}],"collection":[{"href":"https:\/\/kokpit.az\/index.php?rest_route=\/wp\/v2\/posts"}],"about":[{"href":"https:\/\/kokpit.az\/index.php?rest_route=\/wp\/v2\/types\/post"}],"author":[{"embeddable":true,"href":"https:\/\/kokpit.az\/index.php?rest_route=\/wp\/v2\/users\/2"}],"replies":[{"embeddable":true,"href":"https:\/\/kokpit.az\/index.php?rest_route=%2Fwp%2Fv2%2Fcomments&post=6899"}],"version-history":[{"count":1,"href":"https:\/\/kokpit.az\/index.php?rest_route=\/wp\/v2\/posts\/6899\/revisions"}],"predecessor-version":[{"id":6902,"href":"https:\/\/kokpit.az\/index.php?rest_route=\/wp\/v2\/posts\/6899\/revisions\/6902"}],"wp:featuredmedia":[{"embeddable":true,"href":"https:\/\/kokpit.az\/index.php?rest_route=\/wp\/v2\/media\/6900"}],"wp:attachment":[{"href":"https:\/\/kokpit.az\/index.php?rest_route=%2Fwp%2Fv2%2Fmedia&parent=6899"}],"wp:term":[{"taxonomy":"category","embeddable":true,"href":"https:\/\/kokpit.az\/index.php?rest_route=%2Fwp%2Fv2%2Fcategories&post=6899"},{"taxonomy":"post_tag","embeddable":true,"href":"https:\/\/kokpit.az\/index.php?rest_route=%2Fwp%2Fv2%2Ftags&post=6899"}],"curies":[{"name":"wp","href":"https:\/\/api.w.org\/{rel}","templated":true}]}}