{"id":6895,"date":"2024-07-21T09:05:11","date_gmt":"2024-07-21T05:05:11","guid":{"rendered":"https:\/\/kokpit.az\/?p=6895"},"modified":"2024-07-21T09:05:11","modified_gmt":"2024-07-21T05:05:11","slug":"s-lekler-masinin-gucu-budur","status":"publish","type":"post","link":"https:\/\/kokpit.az\/?p=6895","title":{"rendered":"\u015e.Lekler: Ma\u015f\u0131n\u0131n g\u00fcc\u00fc budur"},"content":{"rendered":"<p>Kokpit.az xat\u0131rlad\u0131r ki, monakolu s\u00fcr\u00fcc\u00fc c\u00fcm\u0259 g\u00fcn\u00fc ikinci s\u0259rb\u0259st y\u00fcr\u00fc\u015fl\u0259rd\u0259 q\u0259za ets\u0259 d\u0259, s\u0131ralanma turunda q\u0259na\u0259tb\u0259x\u015f n\u0259tic\u0259 g\u00f6st\u0259rib v\u0259 alt\u0131nc\u0131 yeri tutub. O, d\u00f6rd\u00fcnc\u00fc yeri tutan komanda yolda\u015f\u0131 Karlos Saynsdan gerid\u0259 qal\u0131b.<\/p>\n<p><span style=\"color: #ff0000;\"><strong>\u015earl Lekler<\/strong><\/span>: \u201cM\u0259nc\u0259, bu n\u0259tic\u0259 c\u00fcm\u0259 g\u00fcn\u00fcnd\u0259n sonra g\u00f6zl\u0259nil\u0259n idi. Haz\u0131rda tempimiz bir az a\u015fa\u011f\u0131d\u0131r. M\u0259nc\u0259, komanda \u00fc\u00e7\u00fcn \u0259n yax\u015f\u0131 n\u0259tic\u0259 4 v\u0259 5-ci yerl\u0259r ola bil\u0259rdi.<\/p>\n<p>S\u0131ralanma turunda karyeram\u0131n \u0259n yax\u015f\u0131 d\u00f6vr\u0259sini vurmad\u0131m. Son d\u00f6ng\u0259d\u0259 vaxt itirdim v\u0259 bununla da be\u015finci yeri \u0259ld\u0259n verdim. Lakin bundan yax\u015f\u0131s\u0131n\u0131 etm\u0259k m\u00fcmk\u00fcns\u00fcz idi.<\/p>\n<p>Buna g\u00f6r\u0259 d\u0259 i\u015fl\u0259m\u0259liyik, \u00e7\u00fcnki McLaren v\u0259 Red Bull-a nisb\u0259t\u0259n tempimiz a\u00e7\u0131q-ayd\u0131n z\u0259ifdir. V\u0259ziyy\u0259timiz bir az Mercedes il\u0259 ox\u015fard\u0131r.<\/p>\n<p>M\u0259nc\u0259, yar\u0131\u015fda da \u0259n yax\u015f\u0131 n\u0259tic\u0259 4 v\u0259 5-ci yerl\u0259r olacaq. Lakin hava q\u0131zsa, bu hal d\u0259yi\u015f\u0259 bil\u0259r. T\u0259bii ki, t\u0259k\u0259rl\u0259r\u0259 n\u0259zar\u0259t d\u0259 \u00e7ox vacib amildir. Buna g\u00f6r\u0259 d\u0259 bunun \u00fcz\u0259rind\u0259 i\u015fl\u0259m\u0259li v\u0259 yar\u0131\u015fa yax\u015f\u0131 haz\u0131rlanmal\u0131y\u0131q.<\/p>\n<p>Lakin dediyin kimi h\u0259l\u0259lik McLaren v\u0259 Red Bull-dan gerid\u0259 qal\u0131r\u0131q. Y\u0259ni ki, h\u0259l\u0259 g\u00f6r\u00fcl\u0259c\u0259k i\u015fl\u0259rimiz var. Komanda da bunun f\u0259rqind\u0259dir v\u0259 \u0259ll\u0259rind\u0259n g\u0259l\u0259ni edirl\u0259r.<\/p>\n<p>Haz\u0131rda \u0259n b\u00f6y\u00fck problemimiz daha yax\u015f\u0131 n\u0259tic\u0259 qazanacaq performansa sahib olmama\u011f\u0131m\u0131zd\u0131r. \u0130nam problemimiz yoxdur. Sad\u0259c\u0259 performans olaraq gerid\u0259 qal\u0131r\u0131q. Buna g\u00f6r\u0259 d\u0259 g\u0259l\u0259c\u0259kd\u0259ki yenilikl\u0259rd\u0259 performans\u0131m\u0131z\u0131 art\u0131rma\u011fa k\u00f6kl\u0259n\u0259c\u0259yik\u201d.<\/p>\n<p>Qeyd ed\u0259k ki, monakolu s\u00fcr\u00fcc\u00fc qalib g\u0259ldiyi Monako yar\u0131\u015f\u0131ndan sonra xal \u00fcz\u00fcn\u0259 h\u0259sr\u0259t qal\u0131b. B\u0259s 26 ya\u015fl\u0131 pilot bu u\u011fursuz seriyaya Macar\u0131stan yar\u0131\u015f\u0131nda son qoya bil\u0259c\u0259k?<\/p>\n","protected":false},"excerpt":{"rendered":"<p>Ferrari komandas\u0131n\u0131n s\u00fcr\u00fcc\u00fcs\u00fc \u015earl Lekler bildirib ki, onlar\u0131n \u0259sas probleml\u0259ri templ\u0259rinin z\u0259if olmas\u0131d\u0131r.<\/p>\n","protected":false},"author":2,"featured_media":6898,"comment_status":"open","ping_status":"open","sticky":false,"template":"","format":"standard","meta":{"footnotes":""},"categories":[201,2],"tags":[64,103,169,53],"class_list":["post-6895","post","type-post","status-publish","format-standard","has-post-thumbnail","hentry","category-macaristanqran-prisi","category-news","tag-charles-leclerc","tag-hungarian-grand-prix","tag-hungaroring","tag-scuderia-ferrari"],"yoast_head":"<!-- This site is optimized with the Yoast SEO plugin v27.5 - https:\/\/yoast.com\/product\/yoast-seo-wordpress\/ -->\n<title>\u015e.Lekler: Ma\u015f\u0131n\u0131n g\u00fcc\u00fc budur - X\u0259b\u0259ri Kokpitd\u0259 Oxuyun!<\/title>\n<meta name=\"robots\" content=\"index, follow, max-snippet:-1, max-image-preview:large, max-video-preview:-1\" \/>\n<link rel=\"canonical\" href=\"https:\/\/kokpit.az\/?p=6895\" \/>\n<meta property=\"og:locale\" content=\"az_AZ\" \/>\n<meta property=\"og:type\" content=\"article\" \/>\n<meta property=\"og:title\" content=\"\u015e.Lekler: Ma\u015f\u0131n\u0131n g\u00fcc\u00fc budur - X\u0259b\u0259ri Kokpitd\u0259 Oxuyun!\" \/>\n<meta property=\"og:description\" content=\"Ferrari komandas\u0131n\u0131n s\u00fcr\u00fcc\u00fcs\u00fc \u015earl Lekler bildirib ki, onlar\u0131n \u0259sas probleml\u0259ri templ\u0259rinin z\u0259if olmas\u0131d\u0131r.\" \/>\n<meta property=\"og:url\" content=\"https:\/\/kokpit.az\/?p=6895\" \/>\n<meta property=\"og:site_name\" content=\"X\u0259b\u0259ri Kokpitd\u0259 Oxuyun!\" \/>\n<meta property=\"article:publisher\" content=\"https:\/\/www.facebook.com\/profile.php?id=61553756392357\" \/>\n<meta property=\"article:published_time\" content=\"2024-07-21T05:05:11+00:00\" \/>\n<meta property=\"og:image\" content=\"https:\/\/kokpit.az\/wp-content\/uploads\/2024\/07\/charles-leclerc-ferrari-sf-24-3-e1721538303634.webp\" \/>\n\t<meta property=\"og:image:width\" content=\"1200\" \/>\n\t<meta property=\"og:image:height\" content=\"630\" \/>\n\t<meta property=\"og:image:type\" content=\"image\/webp\" \/>\n<meta name=\"author\" content=\"Rauf Hac\u0131yev\" \/>\n<meta name=\"twitter:card\" content=\"summary_large_image\" \/>\n<meta name=\"twitter:label1\" content=\"Written by\" \/>\n\t<meta name=\"twitter:data1\" content=\"Rauf Hac\u0131yev\" \/>\n\t<meta name=\"twitter:label2\" content=\"Est. reading time\" \/>\n\t<meta name=\"twitter:data2\" content=\"2 minutes\" \/>\n<script type=\"application\/ld+json\" class=\"yoast-schema-graph\">{\"@context\":\"https:\\\/\\\/schema.org\",\"@graph\":[{\"@type\":\"Article\",\"@id\":\"https:\\\/\\\/kokpit.az\\\/?p=6895#article\",\"isPartOf\":{\"@id\":\"https:\\\/\\\/kokpit.az\\\/?p=6895\"},\"author\":{\"name\":\"Rauf Hac\u0131yev\",\"@id\":\"https:\\\/\\\/kokpit.az\\\/#\\\/schema\\\/person\\\/f4114e650bc2993d0650e4fb6933c581\"},\"headline\":\"\u015e.Lekler: Ma\u015f\u0131n\u0131n g\u00fcc\u00fc budur\",\"datePublished\":\"2024-07-21T05:05:11+00:00\",\"mainEntityOfPage\":{\"@id\":\"https:\\\/\\\/kokpit.az\\\/?p=6895\"},\"wordCount\":369,\"commentCount\":0,\"publisher\":{\"@id\":\"https:\\\/\\\/kokpit.az\\\/#organization\"},\"image\":{\"@id\":\"https:\\\/\\\/kokpit.az\\\/?p=6895#primaryimage\"},\"thumbnailUrl\":\"https:\\\/\\\/kokpit.az\\\/wp-content\\\/uploads\\\/2024\\\/07\\\/charles-leclerc-ferrari-sf-24-3-e1721538303634.webp\",\"keywords\":[\"Charles Leclerc\",\"Hungarian Grand Prix\",\"Hungaroring\",\"Scuderia Ferrari\"],\"articleSection\":[\"Macar\u0131stan Qran Prisi\",\"X\u0259b\u0259rl\u0259r\"],\"inLanguage\":\"az\",\"potentialAction\":[{\"@type\":\"CommentAction\",\"name\":\"Comment\",\"target\":[\"https:\\\/\\\/kokpit.az\\\/?p=6895#respond\"]}]},{\"@type\":\"WebPage\",\"@id\":\"https:\\\/\\\/kokpit.az\\\/?p=6895\",\"url\":\"https:\\\/\\\/kokpit.az\\\/?p=6895\",\"name\":\"\u015e.Lekler: Ma\u015f\u0131n\u0131n g\u00fcc\u00fc budur - X\u0259b\u0259ri Kokpitd\u0259 Oxuyun!\",\"isPartOf\":{\"@id\":\"https:\\\/\\\/kokpit.az\\\/#website\"},\"primaryImageOfPage\":{\"@id\":\"https:\\\/\\\/kokpit.az\\\/?p=6895#primaryimage\"},\"image\":{\"@id\":\"https:\\\/\\\/kokpit.az\\\/?p=6895#primaryimage\"},\"thumbnailUrl\":\"https:\\\/\\\/kokpit.az\\\/wp-content\\\/uploads\\\/2024\\\/07\\\/charles-leclerc-ferrari-sf-24-3-e1721538303634.webp\",\"datePublished\":\"2024-07-21T05:05:11+00:00\",\"breadcrumb\":{\"@id\":\"https:\\\/\\\/kokpit.az\\\/?p=6895#breadcrumb\"},\"inLanguage\":\"az\",\"potentialAction\":[{\"@type\":\"ReadAction\",\"target\":[\"https:\\\/\\\/kokpit.az\\\/?p=6895\"]}]},{\"@type\":\"ImageObject\",\"inLanguage\":\"az\",\"@id\":\"https:\\\/\\\/kokpit.az\\\/?p=6895#primaryimage\",\"url\":\"https:\\\/\\\/kokpit.az\\\/wp-content\\\/uploads\\\/2024\\\/07\\\/charles-leclerc-ferrari-sf-24-3-e1721538303634.webp\",\"contentUrl\":\"https:\\\/\\\/kokpit.az\\\/wp-content\\\/uploads\\\/2024\\\/07\\\/charles-leclerc-ferrari-sf-24-3-e1721538303634.webp\",\"width\":1200,\"height\":630},{\"@type\":\"BreadcrumbList\",\"@id\":\"https:\\\/\\\/kokpit.az\\\/?p=6895#breadcrumb\",\"itemListElement\":[{\"@type\":\"ListItem\",\"position\":1,\"name\":\"Home\",\"item\":\"https:\\\/\\\/kokpit.az\\\/\"},{\"@type\":\"ListItem\",\"position\":2,\"name\":\"\u015e.Lekler: Ma\u015f\u0131n\u0131n g\u00fcc\u00fc budur\"}]},{\"@type\":\"WebSite\",\"@id\":\"https:\\\/\\\/kokpit.az\\\/#website\",\"url\":\"https:\\\/\\\/kokpit.az\\\/\",\"name\":\"X\u0259b\u0259ri Kokpitd\u0259 Oxuyun!\",\"description\":\"\",\"publisher\":{\"@id\":\"https:\\\/\\\/kokpit.az\\\/#organization\"},\"potentialAction\":[{\"@type\":\"SearchAction\",\"target\":{\"@type\":\"EntryPoint\",\"urlTemplate\":\"https:\\\/\\\/kokpit.az\\\/?s={search_term_string}\"},\"query-input\":{\"@type\":\"PropertyValueSpecification\",\"valueRequired\":true,\"valueName\":\"search_term_string\"}}],\"inLanguage\":\"az\"},{\"@type\":\"Organization\",\"@id\":\"https:\\\/\\\/kokpit.az\\\/#organization\",\"name\":\"X\u0259b\u0259ri Kokpitd\u0259 Oxuyun!\",\"url\":\"https:\\\/\\\/kokpit.az\\\/\",\"logo\":{\"@type\":\"ImageObject\",\"inLanguage\":\"az\",\"@id\":\"https:\\\/\\\/kokpit.az\\\/#\\\/schema\\\/logo\\\/image\\\/\",\"url\":\"https:\\\/\\\/kokpit.az\\\/wp-content\\\/uploads\\\/2023\\\/05\\\/kokpit.jpg\",\"contentUrl\":\"https:\\\/\\\/kokpit.az\\\/wp-content\\\/uploads\\\/2023\\\/05\\\/kokpit.jpg\",\"width\":488,\"height\":245,\"caption\":\"X\u0259b\u0259ri Kokpitd\u0259 Oxuyun!\"},\"image\":{\"@id\":\"https:\\\/\\\/kokpit.az\\\/#\\\/schema\\\/logo\\\/image\\\/\"},\"sameAs\":[\"https:\\\/\\\/www.facebook.com\\\/profile.php?id=61553756392357\"]},{\"@type\":\"Person\",\"@id\":\"https:\\\/\\\/kokpit.az\\\/#\\\/schema\\\/person\\\/f4114e650bc2993d0650e4fb6933c581\",\"name\":\"Rauf Hac\u0131yev\",\"image\":{\"@type\":\"ImageObject\",\"inLanguage\":\"az\",\"@id\":\"https:\\\/\\\/secure.gravatar.com\\\/avatar\\\/394a2085c47c7acdcf41f7d270b7cbb52513d6f4f24c1cb6dfbbd61f98c0503d?s=96&d=mm&r=g\",\"url\":\"https:\\\/\\\/secure.gravatar.com\\\/avatar\\\/394a2085c47c7acdcf41f7d270b7cbb52513d6f4f24c1cb6dfbbd61f98c0503d?s=96&d=mm&r=g\",\"contentUrl\":\"https:\\\/\\\/secure.gravatar.com\\\/avatar\\\/394a2085c47c7acdcf41f7d270b7cbb52513d6f4f24c1cb6dfbbd61f98c0503d?s=96&d=mm&r=g\",\"caption\":\"Rauf Hac\u0131yev\"},\"sameAs\":[\"https:\\\/\\\/kokpit.az\"],\"url\":\"https:\\\/\\\/kokpit.az\\\/?author=2\"}]}<\/script>\n<!-- \/ Yoast SEO plugin. -->","yoast_head_json":{"title":"\u015e.Lekler: Ma\u015f\u0131n\u0131n g\u00fcc\u00fc budur - X\u0259b\u0259ri Kokpitd\u0259 Oxuyun!","robots":{"index":"index","follow":"follow","max-snippet":"max-snippet:-1","max-image-preview":"max-image-preview:large","max-video-preview":"max-video-preview:-1"},"canonical":"https:\/\/kokpit.az\/?p=6895","og_locale":"az_AZ","og_type":"article","og_title":"\u015e.Lekler: Ma\u015f\u0131n\u0131n g\u00fcc\u00fc budur - X\u0259b\u0259ri Kokpitd\u0259 Oxuyun!","og_description":"Ferrari komandas\u0131n\u0131n s\u00fcr\u00fcc\u00fcs\u00fc \u015earl Lekler bildirib ki, onlar\u0131n \u0259sas probleml\u0259ri templ\u0259rinin z\u0259if olmas\u0131d\u0131r.","og_url":"https:\/\/kokpit.az\/?p=6895","og_site_name":"X\u0259b\u0259ri Kokpitd\u0259 Oxuyun!","article_publisher":"https:\/\/www.facebook.com\/profile.php?id=61553756392357","article_published_time":"2024-07-21T05:05:11+00:00","og_image":[{"width":1200,"height":630,"url":"https:\/\/kokpit.az\/wp-content\/uploads\/2024\/07\/charles-leclerc-ferrari-sf-24-3-e1721538303634.webp","type":"image\/webp"}],"author":"Rauf Hac\u0131yev","twitter_card":"summary_large_image","twitter_misc":{"Written by":"Rauf Hac\u0131yev","Est. reading time":"2 minutes"},"schema":{"@context":"https:\/\/schema.org","@graph":[{"@type":"Article","@id":"https:\/\/kokpit.az\/?p=6895#article","isPartOf":{"@id":"https:\/\/kokpit.az\/?p=6895"},"author":{"name":"Rauf Hac\u0131yev","@id":"https:\/\/kokpit.az\/#\/schema\/person\/f4114e650bc2993d0650e4fb6933c581"},"headline":"\u015e.Lekler: Ma\u015f\u0131n\u0131n g\u00fcc\u00fc budur","datePublished":"2024-07-21T05:05:11+00:00","mainEntityOfPage":{"@id":"https:\/\/kokpit.az\/?p=6895"},"wordCount":369,"commentCount":0,"publisher":{"@id":"https:\/\/kokpit.az\/#organization"},"image":{"@id":"https:\/\/kokpit.az\/?p=6895#primaryimage"},"thumbnailUrl":"https:\/\/kokpit.az\/wp-content\/uploads\/2024\/07\/charles-leclerc-ferrari-sf-24-3-e1721538303634.webp","keywords":["Charles Leclerc","Hungarian Grand Prix","Hungaroring","Scuderia Ferrari"],"articleSection":["Macar\u0131stan Qran Prisi","X\u0259b\u0259rl\u0259r"],"inLanguage":"az","potentialAction":[{"@type":"CommentAction","name":"Comment","target":["https:\/\/kokpit.az\/?p=6895#respond"]}]},{"@type":"WebPage","@id":"https:\/\/kokpit.az\/?p=6895","url":"https:\/\/kokpit.az\/?p=6895","name":"\u015e.Lekler: Ma\u015f\u0131n\u0131n g\u00fcc\u00fc budur - X\u0259b\u0259ri Kokpitd\u0259 Oxuyun!","isPartOf":{"@id":"https:\/\/kokpit.az\/#website"},"primaryImageOfPage":{"@id":"https:\/\/kokpit.az\/?p=6895#primaryimage"},"image":{"@id":"https:\/\/kokpit.az\/?p=6895#primaryimage"},"thumbnailUrl":"https:\/\/kokpit.az\/wp-content\/uploads\/2024\/07\/charles-leclerc-ferrari-sf-24-3-e1721538303634.webp","datePublished":"2024-07-21T05:05:11+00:00","breadcrumb":{"@id":"https:\/\/kokpit.az\/?p=6895#breadcrumb"},"inLanguage":"az","potentialAction":[{"@type":"ReadAction","target":["https:\/\/kokpit.az\/?p=6895"]}]},{"@type":"ImageObject","inLanguage":"az","@id":"https:\/\/kokpit.az\/?p=6895#primaryimage","url":"https:\/\/kokpit.az\/wp-content\/uploads\/2024\/07\/charles-leclerc-ferrari-sf-24-3-e1721538303634.webp","contentUrl":"https:\/\/kokpit.az\/wp-content\/uploads\/2024\/07\/charles-leclerc-ferrari-sf-24-3-e1721538303634.webp","width":1200,"height":630},{"@type":"BreadcrumbList","@id":"https:\/\/kokpit.az\/?p=6895#breadcrumb","itemListElement":[{"@type":"ListItem","position":1,"name":"Home","item":"https:\/\/kokpit.az\/"},{"@type":"ListItem","position":2,"name":"\u015e.Lekler: Ma\u015f\u0131n\u0131n g\u00fcc\u00fc budur"}]},{"@type":"WebSite","@id":"https:\/\/kokpit.az\/#website","url":"https:\/\/kokpit.az\/","name":"X\u0259b\u0259ri Kokpitd\u0259 Oxuyun!","description":"","publisher":{"@id":"https:\/\/kokpit.az\/#organization"},"potentialAction":[{"@type":"SearchAction","target":{"@type":"EntryPoint","urlTemplate":"https:\/\/kokpit.az\/?s={search_term_string}"},"query-input":{"@type":"PropertyValueSpecification","valueRequired":true,"valueName":"search_term_string"}}],"inLanguage":"az"},{"@type":"Organization","@id":"https:\/\/kokpit.az\/#organization","name":"X\u0259b\u0259ri Kokpitd\u0259 Oxuyun!","url":"https:\/\/kokpit.az\/","logo":{"@type":"ImageObject","inLanguage":"az","@id":"https:\/\/kokpit.az\/#\/schema\/logo\/image\/","url":"https:\/\/kokpit.az\/wp-content\/uploads\/2023\/05\/kokpit.jpg","contentUrl":"https:\/\/kokpit.az\/wp-content\/uploads\/2023\/05\/kokpit.jpg","width":488,"height":245,"caption":"X\u0259b\u0259ri Kokpitd\u0259 Oxuyun!"},"image":{"@id":"https:\/\/kokpit.az\/#\/schema\/logo\/image\/"},"sameAs":["https:\/\/www.facebook.com\/profile.php?id=61553756392357"]},{"@type":"Person","@id":"https:\/\/kokpit.az\/#\/schema\/person\/f4114e650bc2993d0650e4fb6933c581","name":"Rauf Hac\u0131yev","image":{"@type":"ImageObject","inLanguage":"az","@id":"https:\/\/secure.gravatar.com\/avatar\/394a2085c47c7acdcf41f7d270b7cbb52513d6f4f24c1cb6dfbbd61f98c0503d?s=96&d=mm&r=g","url":"https:\/\/secure.gravatar.com\/avatar\/394a2085c47c7acdcf41f7d270b7cbb52513d6f4f24c1cb6dfbbd61f98c0503d?s=96&d=mm&r=g","contentUrl":"https:\/\/secure.gravatar.com\/avatar\/394a2085c47c7acdcf41f7d270b7cbb52513d6f4f24c1cb6dfbbd61f98c0503d?s=96&d=mm&r=g","caption":"Rauf Hac\u0131yev"},"sameAs":["https:\/\/kokpit.az"],"url":"https:\/\/kokpit.az\/?author=2"}]}},"_links":{"self":[{"href":"https:\/\/kokpit.az\/index.php?rest_route=\/wp\/v2\/posts\/6895","targetHints":{"allow":["GET"]}}],"collection":[{"href":"https:\/\/kokpit.az\/index.php?rest_route=\/wp\/v2\/posts"}],"about":[{"href":"https:\/\/kokpit.az\/index.php?rest_route=\/wp\/v2\/types\/post"}],"author":[{"embeddable":true,"href":"https:\/\/kokpit.az\/index.php?rest_route=\/wp\/v2\/users\/2"}],"replies":[{"embeddable":true,"href":"https:\/\/kokpit.az\/index.php?rest_route=%2Fwp%2Fv2%2Fcomments&post=6895"}],"version-history":[{"count":1,"href":"https:\/\/kokpit.az\/index.php?rest_route=\/wp\/v2\/posts\/6895\/revisions"}],"predecessor-version":[{"id":6896,"href":"https:\/\/kokpit.az\/index.php?rest_route=\/wp\/v2\/posts\/6895\/revisions\/6896"}],"wp:featuredmedia":[{"embeddable":true,"href":"https:\/\/kokpit.az\/index.php?rest_route=\/wp\/v2\/media\/6898"}],"wp:attachment":[{"href":"https:\/\/kokpit.az\/index.php?rest_route=%2Fwp%2Fv2%2Fmedia&parent=6895"}],"wp:term":[{"taxonomy":"category","embeddable":true,"href":"https:\/\/kokpit.az\/index.php?rest_route=%2Fwp%2Fv2%2Fcategories&post=6895"},{"taxonomy":"post_tag","embeddable":true,"href":"https:\/\/kokpit.az\/index.php?rest_route=%2Fwp%2Fv2%2Ftags&post=6895"}],"curies":[{"name":"wp","href":"https:\/\/api.w.org\/{rel}","templated":true}]}}