{"id":6892,"date":"2024-07-21T08:22:44","date_gmt":"2024-07-21T04:22:44","guid":{"rendered":"https:\/\/kokpit.az\/?p=6892"},"modified":"2024-07-21T09:03:48","modified_gmt":"2024-07-21T05:03:48","slug":"k-sayns-umid-edir%c9%99m-probleml%c9%99r-h%c9%99ll-olunar","status":"publish","type":"post","link":"https:\/\/kokpit.az\/?p=6892","title":{"rendered":"K.Sayns: \u00dcmid edir\u0259m probleml\u0259r h\u0259ll olunar"},"content":{"rendered":"<div class=\"msnt-entity-header pb-6 pt-4 t:pb-8 t:pt-0 \">\n<h2 class=\"text-article-description font-title italic font text-fg-on-color t:text-fg-default\">Kokpit.az xat\u0131rlad\u0131r ki, ispaniyal\u0131 s\u00fcr\u00fcc\u00fc Macar\u0131standak\u0131 s\u0131ralanma turunda d\u00f6rd\u00fcnc\u00fc yeri tutub v\u0259 alt\u0131nc\u0131 yeri tutan komanda yolda\u015f\u0131 \u015earl Lekleri qabaqlay\u0131b.<\/h2>\n<\/div>\n<div class=\"ms-article_detail\">\n<div class=\"ms-article__main mb-dynamic\">\n<div class=\"ms-article__body\">\n<div id=\"ms-piano_article-precontent\" class=\"empty:contents\"><\/div>\n<div class=\"ms-article-content-wrapper my-dynamic\">\n<div class=\"ms-article-content\" data-autoplay=\"0\" data-mute=\"0\" data-position=\"embed\" data-series=\"f1\">\n<p><span style=\"color: #ff0000;\"><strong>Karlos Sayns<\/strong><\/span> s\u0131ralanma turundan sonra bildirib ki, bi h\u0259ft\u0259sonu g\u00f6st\u0259rdiyi performansdan raz\u0131d\u0131: &#8220;Birinci s\u0259rb\u0259st y\u00fcr\u00fc\u015fl\u0259rd\u0259 tras\u0131n temperaturu 60 d\u0259r\u0259c\u0259 idi. Orada do\u011frudan da yax\u015f\u0131 d\u00f6vr\u0259 vurmu\u015fdum. D\u00fc\u015f\u00fcnd\u00fcm ki, isti havada yuxar\u0131 pill\u0259l\u0259r u\u011frunda m\u00fcbariz\u0259 apara bil\u0259rik, amma tras soyuyanda bir az \u00a0geriy\u0259 d\u00fc\u015fd\u00fck. M\u0259nim \u00fc\u00e7\u00fcn yax\u015f\u0131 h\u0259ft\u0259sonu oldu. B\u00fct\u00fcn sessiyalar \u00e7ox yax\u015f\u0131 idi. \u018fn s\u00fcr\u0259tli 3 ma\u015f\u0131ndan sonra d\u00f6rd\u00fcnc\u00fc oldu\u011fum \u00fc\u00e7\u00fcn sevincliy\u0259m.<\/p>\n<p>\u018fslind\u0259 burada 240 km\/saat s\u00fcr\u0259t\u0259 \u00e7\u0131xanda 11-ci v\u0259 4-c\u00fc d\u00f6ng\u0259l\u0259rd\u0259 dal\u011falanma problemi ya\u015fad\u0131m. Bunu bir az da t\u0259hlil etm\u0259liyik. H\u0259tta b\u00f6y\u00fck ehtimalla real v\u0259ziyy\u0259timizi \u00f6yr\u0259nm\u0259k \u00fc\u00e7\u00fcn Spa-da y\u00fcks\u0259k s\u00fcr\u0259td\u0259 bel\u0259 test etm\u0259liyik. Bu z\u0259yifliyimizin f\u0259rqind\u0259yik v\u0259 bunu h\u0259ll etm\u0259k \u00fc\u00e7\u00fcn \u0259limizd\u0259n g\u0259l\u0259nin \u0259n yax\u015f\u0131s\u0131n\u0131 edirik. Amma bizim vaxta ehtiyac\u0131m\u0131z var. \u00dcmid edir\u0259m ki, q\u0131sa m\u00fcdd\u0259td\u0259 olmasa da, uzun m\u00fcdd\u0259td\u0259 v\u0259 m\u0259n komandadan ayr\u0131lmadan \u0259vv\u0259l bu problemin h\u0259ll yolunu tapa bil\u0259rik&#8221;.<\/p>\n<p>Qeyd ed\u0259k ki, d\u00f6rd\u00fcnc\u00fc yer Monakodan sonra Ferrari-nin s\u0131ralanma turunda tutdu\u011fu \u0259n y\u00fcks\u0259k yerdir.<\/p>\n<\/div>\n<\/div>\n<\/div>\n<\/div>\n<\/div>\n","protected":false},"excerpt":{"rendered":"<p>Ferrari komandas\u0131n\u0131n s\u00fcr\u00fcc\u00fcs\u00fc Karlos Sayns bildirib ki, ayr\u0131lmadan \u0259vv\u0259l Ferrari-nin probleml\u0259rini tapmaq ist\u0259yir.\u00a0<\/p>\n","protected":false},"author":2,"featured_media":6897,"comment_status":"open","ping_status":"open","sticky":false,"template":"","format":"standard","meta":{"footnotes":""},"categories":[201,2],"tags":[65,103,169,53],"class_list":["post-6892","post","type-post","status-publish","format-standard","has-post-thumbnail","hentry","category-macaristanqran-prisi","category-news","tag-carlos-sainz-jr","tag-hungarian-grand-prix","tag-hungaroring","tag-scuderia-ferrari"],"yoast_head":"<!-- This site is optimized with the Yoast SEO plugin v27.5 - https:\/\/yoast.com\/product\/yoast-seo-wordpress\/ -->\n<title>K.Sayns: \u00dcmid edir\u0259m probleml\u0259r h\u0259ll olunar - X\u0259b\u0259ri Kokpitd\u0259 Oxuyun!<\/title>\n<meta name=\"robots\" content=\"index, follow, max-snippet:-1, max-image-preview:large, max-video-preview:-1\" \/>\n<link rel=\"canonical\" href=\"https:\/\/kokpit.az\/?p=6892\" \/>\n<meta property=\"og:locale\" content=\"az_AZ\" \/>\n<meta property=\"og:type\" content=\"article\" \/>\n<meta property=\"og:title\" content=\"K.Sayns: \u00dcmid edir\u0259m probleml\u0259r h\u0259ll olunar - X\u0259b\u0259ri Kokpitd\u0259 Oxuyun!\" \/>\n<meta property=\"og:description\" content=\"Ferrari komandas\u0131n\u0131n s\u00fcr\u00fcc\u00fcs\u00fc Karlos Sayns bildirib ki, ayr\u0131lmadan \u0259vv\u0259l Ferrari-nin probleml\u0259rini tapmaq ist\u0259yir.\u00a0\" \/>\n<meta property=\"og:url\" content=\"https:\/\/kokpit.az\/?p=6892\" \/>\n<meta property=\"og:site_name\" content=\"X\u0259b\u0259ri Kokpitd\u0259 Oxuyun!\" \/>\n<meta property=\"article:publisher\" content=\"https:\/\/www.facebook.com\/profile.php?id=61553756392357\" \/>\n<meta property=\"article:published_time\" content=\"2024-07-21T04:22:44+00:00\" \/>\n<meta property=\"article:modified_time\" content=\"2024-07-21T05:03:48+00:00\" \/>\n<meta property=\"og:image\" content=\"https:\/\/kokpit.az\/wp-content\/uploads\/2024\/07\/carlos-sainz-ferrari-sf-24-2-e1721538204511.webp\" \/>\n\t<meta property=\"og:image:width\" content=\"1200\" \/>\n\t<meta property=\"og:image:height\" content=\"630\" \/>\n\t<meta property=\"og:image:type\" content=\"image\/webp\" \/>\n<meta name=\"author\" content=\"Rauf Hac\u0131yev\" \/>\n<meta name=\"twitter:card\" content=\"summary_large_image\" \/>\n<meta name=\"twitter:label1\" content=\"Written by\" \/>\n\t<meta name=\"twitter:data1\" content=\"Rauf Hac\u0131yev\" \/>\n\t<meta name=\"twitter:label2\" content=\"Est. reading time\" \/>\n\t<meta name=\"twitter:data2\" content=\"1 minute\" \/>\n<script type=\"application\/ld+json\" class=\"yoast-schema-graph\">{\"@context\":\"https:\\\/\\\/schema.org\",\"@graph\":[{\"@type\":\"Article\",\"@id\":\"https:\\\/\\\/kokpit.az\\\/?p=6892#article\",\"isPartOf\":{\"@id\":\"https:\\\/\\\/kokpit.az\\\/?p=6892\"},\"author\":{\"name\":\"Rauf Hac\u0131yev\",\"@id\":\"https:\\\/\\\/kokpit.az\\\/#\\\/schema\\\/person\\\/f4114e650bc2993d0650e4fb6933c581\"},\"headline\":\"K.Sayns: \u00dcmid edir\u0259m probleml\u0259r h\u0259ll olunar\",\"datePublished\":\"2024-07-21T04:22:44+00:00\",\"dateModified\":\"2024-07-21T05:03:48+00:00\",\"mainEntityOfPage\":{\"@id\":\"https:\\\/\\\/kokpit.az\\\/?p=6892\"},\"wordCount\":275,\"commentCount\":0,\"publisher\":{\"@id\":\"https:\\\/\\\/kokpit.az\\\/#organization\"},\"image\":{\"@id\":\"https:\\\/\\\/kokpit.az\\\/?p=6892#primaryimage\"},\"thumbnailUrl\":\"https:\\\/\\\/kokpit.az\\\/wp-content\\\/uploads\\\/2024\\\/07\\\/carlos-sainz-ferrari-sf-24-2-e1721538204511.webp\",\"keywords\":[\"Carlos Sainz Jr.\",\"Hungarian Grand Prix\",\"Hungaroring\",\"Scuderia Ferrari\"],\"articleSection\":[\"Macar\u0131stan Qran Prisi\",\"X\u0259b\u0259rl\u0259r\"],\"inLanguage\":\"az\",\"potentialAction\":[{\"@type\":\"CommentAction\",\"name\":\"Comment\",\"target\":[\"https:\\\/\\\/kokpit.az\\\/?p=6892#respond\"]}]},{\"@type\":\"WebPage\",\"@id\":\"https:\\\/\\\/kokpit.az\\\/?p=6892\",\"url\":\"https:\\\/\\\/kokpit.az\\\/?p=6892\",\"name\":\"K.Sayns: \u00dcmid edir\u0259m probleml\u0259r h\u0259ll olunar - X\u0259b\u0259ri Kokpitd\u0259 Oxuyun!\",\"isPartOf\":{\"@id\":\"https:\\\/\\\/kokpit.az\\\/#website\"},\"primaryImageOfPage\":{\"@id\":\"https:\\\/\\\/kokpit.az\\\/?p=6892#primaryimage\"},\"image\":{\"@id\":\"https:\\\/\\\/kokpit.az\\\/?p=6892#primaryimage\"},\"thumbnailUrl\":\"https:\\\/\\\/kokpit.az\\\/wp-content\\\/uploads\\\/2024\\\/07\\\/carlos-sainz-ferrari-sf-24-2-e1721538204511.webp\",\"datePublished\":\"2024-07-21T04:22:44+00:00\",\"dateModified\":\"2024-07-21T05:03:48+00:00\",\"breadcrumb\":{\"@id\":\"https:\\\/\\\/kokpit.az\\\/?p=6892#breadcrumb\"},\"inLanguage\":\"az\",\"potentialAction\":[{\"@type\":\"ReadAction\",\"target\":[\"https:\\\/\\\/kokpit.az\\\/?p=6892\"]}]},{\"@type\":\"ImageObject\",\"inLanguage\":\"az\",\"@id\":\"https:\\\/\\\/kokpit.az\\\/?p=6892#primaryimage\",\"url\":\"https:\\\/\\\/kokpit.az\\\/wp-content\\\/uploads\\\/2024\\\/07\\\/carlos-sainz-ferrari-sf-24-2-e1721538204511.webp\",\"contentUrl\":\"https:\\\/\\\/kokpit.az\\\/wp-content\\\/uploads\\\/2024\\\/07\\\/carlos-sainz-ferrari-sf-24-2-e1721538204511.webp\",\"width\":1200,\"height\":630},{\"@type\":\"BreadcrumbList\",\"@id\":\"https:\\\/\\\/kokpit.az\\\/?p=6892#breadcrumb\",\"itemListElement\":[{\"@type\":\"ListItem\",\"position\":1,\"name\":\"Home\",\"item\":\"https:\\\/\\\/kokpit.az\\\/\"},{\"@type\":\"ListItem\",\"position\":2,\"name\":\"K.Sayns: \u00dcmid edir\u0259m probleml\u0259r h\u0259ll olunar\"}]},{\"@type\":\"WebSite\",\"@id\":\"https:\\\/\\\/kokpit.az\\\/#website\",\"url\":\"https:\\\/\\\/kokpit.az\\\/\",\"name\":\"X\u0259b\u0259ri Kokpitd\u0259 Oxuyun!\",\"description\":\"\",\"publisher\":{\"@id\":\"https:\\\/\\\/kokpit.az\\\/#organization\"},\"potentialAction\":[{\"@type\":\"SearchAction\",\"target\":{\"@type\":\"EntryPoint\",\"urlTemplate\":\"https:\\\/\\\/kokpit.az\\\/?s={search_term_string}\"},\"query-input\":{\"@type\":\"PropertyValueSpecification\",\"valueRequired\":true,\"valueName\":\"search_term_string\"}}],\"inLanguage\":\"az\"},{\"@type\":\"Organization\",\"@id\":\"https:\\\/\\\/kokpit.az\\\/#organization\",\"name\":\"X\u0259b\u0259ri Kokpitd\u0259 Oxuyun!\",\"url\":\"https:\\\/\\\/kokpit.az\\\/\",\"logo\":{\"@type\":\"ImageObject\",\"inLanguage\":\"az\",\"@id\":\"https:\\\/\\\/kokpit.az\\\/#\\\/schema\\\/logo\\\/image\\\/\",\"url\":\"https:\\\/\\\/kokpit.az\\\/wp-content\\\/uploads\\\/2023\\\/05\\\/kokpit.jpg\",\"contentUrl\":\"https:\\\/\\\/kokpit.az\\\/wp-content\\\/uploads\\\/2023\\\/05\\\/kokpit.jpg\",\"width\":488,\"height\":245,\"caption\":\"X\u0259b\u0259ri Kokpitd\u0259 Oxuyun!\"},\"image\":{\"@id\":\"https:\\\/\\\/kokpit.az\\\/#\\\/schema\\\/logo\\\/image\\\/\"},\"sameAs\":[\"https:\\\/\\\/www.facebook.com\\\/profile.php?id=61553756392357\"]},{\"@type\":\"Person\",\"@id\":\"https:\\\/\\\/kokpit.az\\\/#\\\/schema\\\/person\\\/f4114e650bc2993d0650e4fb6933c581\",\"name\":\"Rauf Hac\u0131yev\",\"image\":{\"@type\":\"ImageObject\",\"inLanguage\":\"az\",\"@id\":\"https:\\\/\\\/secure.gravatar.com\\\/avatar\\\/394a2085c47c7acdcf41f7d270b7cbb52513d6f4f24c1cb6dfbbd61f98c0503d?s=96&d=mm&r=g\",\"url\":\"https:\\\/\\\/secure.gravatar.com\\\/avatar\\\/394a2085c47c7acdcf41f7d270b7cbb52513d6f4f24c1cb6dfbbd61f98c0503d?s=96&d=mm&r=g\",\"contentUrl\":\"https:\\\/\\\/secure.gravatar.com\\\/avatar\\\/394a2085c47c7acdcf41f7d270b7cbb52513d6f4f24c1cb6dfbbd61f98c0503d?s=96&d=mm&r=g\",\"caption\":\"Rauf Hac\u0131yev\"},\"sameAs\":[\"https:\\\/\\\/kokpit.az\"],\"url\":\"https:\\\/\\\/kokpit.az\\\/?author=2\"}]}<\/script>\n<!-- \/ Yoast SEO plugin. -->","yoast_head_json":{"title":"K.Sayns: \u00dcmid edir\u0259m probleml\u0259r h\u0259ll olunar - X\u0259b\u0259ri Kokpitd\u0259 Oxuyun!","robots":{"index":"index","follow":"follow","max-snippet":"max-snippet:-1","max-image-preview":"max-image-preview:large","max-video-preview":"max-video-preview:-1"},"canonical":"https:\/\/kokpit.az\/?p=6892","og_locale":"az_AZ","og_type":"article","og_title":"K.Sayns: \u00dcmid edir\u0259m probleml\u0259r h\u0259ll olunar - X\u0259b\u0259ri Kokpitd\u0259 Oxuyun!","og_description":"Ferrari komandas\u0131n\u0131n s\u00fcr\u00fcc\u00fcs\u00fc Karlos Sayns bildirib ki, ayr\u0131lmadan \u0259vv\u0259l Ferrari-nin probleml\u0259rini tapmaq ist\u0259yir.\u00a0","og_url":"https:\/\/kokpit.az\/?p=6892","og_site_name":"X\u0259b\u0259ri Kokpitd\u0259 Oxuyun!","article_publisher":"https:\/\/www.facebook.com\/profile.php?id=61553756392357","article_published_time":"2024-07-21T04:22:44+00:00","article_modified_time":"2024-07-21T05:03:48+00:00","og_image":[{"width":1200,"height":630,"url":"https:\/\/kokpit.az\/wp-content\/uploads\/2024\/07\/carlos-sainz-ferrari-sf-24-2-e1721538204511.webp","type":"image\/webp"}],"author":"Rauf Hac\u0131yev","twitter_card":"summary_large_image","twitter_misc":{"Written by":"Rauf Hac\u0131yev","Est. reading time":"1 minute"},"schema":{"@context":"https:\/\/schema.org","@graph":[{"@type":"Article","@id":"https:\/\/kokpit.az\/?p=6892#article","isPartOf":{"@id":"https:\/\/kokpit.az\/?p=6892"},"author":{"name":"Rauf Hac\u0131yev","@id":"https:\/\/kokpit.az\/#\/schema\/person\/f4114e650bc2993d0650e4fb6933c581"},"headline":"K.Sayns: \u00dcmid edir\u0259m probleml\u0259r h\u0259ll olunar","datePublished":"2024-07-21T04:22:44+00:00","dateModified":"2024-07-21T05:03:48+00:00","mainEntityOfPage":{"@id":"https:\/\/kokpit.az\/?p=6892"},"wordCount":275,"commentCount":0,"publisher":{"@id":"https:\/\/kokpit.az\/#organization"},"image":{"@id":"https:\/\/kokpit.az\/?p=6892#primaryimage"},"thumbnailUrl":"https:\/\/kokpit.az\/wp-content\/uploads\/2024\/07\/carlos-sainz-ferrari-sf-24-2-e1721538204511.webp","keywords":["Carlos Sainz Jr.","Hungarian Grand Prix","Hungaroring","Scuderia Ferrari"],"articleSection":["Macar\u0131stan Qran Prisi","X\u0259b\u0259rl\u0259r"],"inLanguage":"az","potentialAction":[{"@type":"CommentAction","name":"Comment","target":["https:\/\/kokpit.az\/?p=6892#respond"]}]},{"@type":"WebPage","@id":"https:\/\/kokpit.az\/?p=6892","url":"https:\/\/kokpit.az\/?p=6892","name":"K.Sayns: \u00dcmid edir\u0259m probleml\u0259r h\u0259ll olunar - X\u0259b\u0259ri Kokpitd\u0259 Oxuyun!","isPartOf":{"@id":"https:\/\/kokpit.az\/#website"},"primaryImageOfPage":{"@id":"https:\/\/kokpit.az\/?p=6892#primaryimage"},"image":{"@id":"https:\/\/kokpit.az\/?p=6892#primaryimage"},"thumbnailUrl":"https:\/\/kokpit.az\/wp-content\/uploads\/2024\/07\/carlos-sainz-ferrari-sf-24-2-e1721538204511.webp","datePublished":"2024-07-21T04:22:44+00:00","dateModified":"2024-07-21T05:03:48+00:00","breadcrumb":{"@id":"https:\/\/kokpit.az\/?p=6892#breadcrumb"},"inLanguage":"az","potentialAction":[{"@type":"ReadAction","target":["https:\/\/kokpit.az\/?p=6892"]}]},{"@type":"ImageObject","inLanguage":"az","@id":"https:\/\/kokpit.az\/?p=6892#primaryimage","url":"https:\/\/kokpit.az\/wp-content\/uploads\/2024\/07\/carlos-sainz-ferrari-sf-24-2-e1721538204511.webp","contentUrl":"https:\/\/kokpit.az\/wp-content\/uploads\/2024\/07\/carlos-sainz-ferrari-sf-24-2-e1721538204511.webp","width":1200,"height":630},{"@type":"BreadcrumbList","@id":"https:\/\/kokpit.az\/?p=6892#breadcrumb","itemListElement":[{"@type":"ListItem","position":1,"name":"Home","item":"https:\/\/kokpit.az\/"},{"@type":"ListItem","position":2,"name":"K.Sayns: \u00dcmid edir\u0259m probleml\u0259r h\u0259ll olunar"}]},{"@type":"WebSite","@id":"https:\/\/kokpit.az\/#website","url":"https:\/\/kokpit.az\/","name":"X\u0259b\u0259ri Kokpitd\u0259 Oxuyun!","description":"","publisher":{"@id":"https:\/\/kokpit.az\/#organization"},"potentialAction":[{"@type":"SearchAction","target":{"@type":"EntryPoint","urlTemplate":"https:\/\/kokpit.az\/?s={search_term_string}"},"query-input":{"@type":"PropertyValueSpecification","valueRequired":true,"valueName":"search_term_string"}}],"inLanguage":"az"},{"@type":"Organization","@id":"https:\/\/kokpit.az\/#organization","name":"X\u0259b\u0259ri Kokpitd\u0259 Oxuyun!","url":"https:\/\/kokpit.az\/","logo":{"@type":"ImageObject","inLanguage":"az","@id":"https:\/\/kokpit.az\/#\/schema\/logo\/image\/","url":"https:\/\/kokpit.az\/wp-content\/uploads\/2023\/05\/kokpit.jpg","contentUrl":"https:\/\/kokpit.az\/wp-content\/uploads\/2023\/05\/kokpit.jpg","width":488,"height":245,"caption":"X\u0259b\u0259ri Kokpitd\u0259 Oxuyun!"},"image":{"@id":"https:\/\/kokpit.az\/#\/schema\/logo\/image\/"},"sameAs":["https:\/\/www.facebook.com\/profile.php?id=61553756392357"]},{"@type":"Person","@id":"https:\/\/kokpit.az\/#\/schema\/person\/f4114e650bc2993d0650e4fb6933c581","name":"Rauf Hac\u0131yev","image":{"@type":"ImageObject","inLanguage":"az","@id":"https:\/\/secure.gravatar.com\/avatar\/394a2085c47c7acdcf41f7d270b7cbb52513d6f4f24c1cb6dfbbd61f98c0503d?s=96&d=mm&r=g","url":"https:\/\/secure.gravatar.com\/avatar\/394a2085c47c7acdcf41f7d270b7cbb52513d6f4f24c1cb6dfbbd61f98c0503d?s=96&d=mm&r=g","contentUrl":"https:\/\/secure.gravatar.com\/avatar\/394a2085c47c7acdcf41f7d270b7cbb52513d6f4f24c1cb6dfbbd61f98c0503d?s=96&d=mm&r=g","caption":"Rauf Hac\u0131yev"},"sameAs":["https:\/\/kokpit.az"],"url":"https:\/\/kokpit.az\/?author=2"}]}},"_links":{"self":[{"href":"https:\/\/kokpit.az\/index.php?rest_route=\/wp\/v2\/posts\/6892","targetHints":{"allow":["GET"]}}],"collection":[{"href":"https:\/\/kokpit.az\/index.php?rest_route=\/wp\/v2\/posts"}],"about":[{"href":"https:\/\/kokpit.az\/index.php?rest_route=\/wp\/v2\/types\/post"}],"author":[{"embeddable":true,"href":"https:\/\/kokpit.az\/index.php?rest_route=\/wp\/v2\/users\/2"}],"replies":[{"embeddable":true,"href":"https:\/\/kokpit.az\/index.php?rest_route=%2Fwp%2Fv2%2Fcomments&post=6892"}],"version-history":[{"count":1,"href":"https:\/\/kokpit.az\/index.php?rest_route=\/wp\/v2\/posts\/6892\/revisions"}],"predecessor-version":[{"id":6893,"href":"https:\/\/kokpit.az\/index.php?rest_route=\/wp\/v2\/posts\/6892\/revisions\/6893"}],"wp:featuredmedia":[{"embeddable":true,"href":"https:\/\/kokpit.az\/index.php?rest_route=\/wp\/v2\/media\/6897"}],"wp:attachment":[{"href":"https:\/\/kokpit.az\/index.php?rest_route=%2Fwp%2Fv2%2Fmedia&parent=6892"}],"wp:term":[{"taxonomy":"category","embeddable":true,"href":"https:\/\/kokpit.az\/index.php?rest_route=%2Fwp%2Fv2%2Fcategories&post=6892"},{"taxonomy":"post_tag","embeddable":true,"href":"https:\/\/kokpit.az\/index.php?rest_route=%2Fwp%2Fv2%2Ftags&post=6892"}],"curies":[{"name":"wp","href":"https:\/\/api.w.org\/{rel}","templated":true}]}}