{"id":6836,"date":"2024-07-19T21:04:59","date_gmt":"2024-07-19T17:04:59","guid":{"rendered":"https:\/\/kokpit.az\/?p=6836"},"modified":"2024-07-19T22:15:02","modified_gmt":"2024-07-19T18:15:02","slug":"m-ferstappen-yenilikl%c9%99rd%c9%99n-razidir","status":"publish","type":"post","link":"https:\/\/kokpit.az\/?p=6836","title":{"rendered":"M.Ferstappen yenilikl\u0259rd\u0259n raz\u0131d\u0131r"},"content":{"rendered":"<div class=\"msnt-entity-header  pb-6 pt-4 t:pb-8 t:pt-0  \">\n<h2 class=\"text-article-description font-title italic font text-fg-on-color t:text-fg-default\">Kokpit.az xat\u0131rlad\u0131r ki, Maks Ferstappen bu h\u0259ft\u0259sonu Red Bull komandas\u0131n\u0131n b\u00fct\u00fcn yenilikl\u0259rini alan yegan\u0259 s\u00fcr\u00fcc\u00fc idi. Niderlandl\u0131 s\u00fcr\u00fcc\u00fc Macar\u0131standa c\u00fcm\u0259 g\u00fcn\u00fcn\u00fc Lando Norrisin gerisind\u0259 ikinci yerd\u0259 bitirib.<\/h2>\n<p>&nbsp;<\/p>\n<\/div>\n<div class=\"ms-article_detail\">\n<div class=\"ms-article__main mb-dynamic\">\n<div class=\"ms-article__body\">\n<div id=\"ms-piano_article-precontent\" class=\"empty:contents\"><span style=\"color: #000080;\"><strong>Maks Ferstappen:<\/strong><\/span> &#8220;Bu yar\u0131\u015fa g\u0259tirdiyimiz yenilikl\u0259rl\u0259 \u0259la i\u015f g\u00f6rd\u00fcy\u00fcm\u00fcz\u00fc d\u00fc\u015f\u00fcn\u00fcr\u0259m. \u018flb\u0259tt\u0259, bolidi \u0259n yax\u015f\u0131 hala g\u0259tirm\u0259k \u00fc\u00e7\u00fcn h\u0259l\u0259 g\u00f6r\u00fcl\u0259c\u0259k \u00e7ox i\u015f var, amma h\u0259ft\u0259sonuna yax\u015f\u0131 ba\u015flad\u0131\u011f\u0131m\u0131z\u0131 d\u00fc\u015f\u00fcn\u00fcr\u0259m. H\u0259r \u015feyi diqq\u0259tli formada t\u0259hlil etm\u0259li v\u0259 s\u0131ralanma turu \u00fc\u00e7\u00fcn m\u00fcmk\u00fcn olan \u0259n yax\u015f\u0131 sazlanman\u0131 se\u00e7diyimiz\u0259 \u0259min olmal\u0131y\u0131q&#8221;.<\/div>\n<\/div>\n<\/div>\n<\/div>\n<div><\/div>\n<div>Maks Ferstappen \u0259lav\u0259 edib ki, \u015earl Leklerin q\u0259zas\u0131na g\u00f6r\u0259 \u00e7\u0131xan q\u0131rm\u0131z\u0131 bayraqlar onlar\u0131n i\u015fl\u0259m\u0259 proqramlar\u0131na m\u0259nfi t\u0259sir edib: &#8220;Q\u0131rm\u0131z\u0131 bayra\u011fa g\u00f6r\u0259 yar\u0131\u015f tempi \u00fcz\u0259rind\u0259 d\u00fczg\u00fcn i\u015fl\u0259y\u0259 bilm\u0259dik. Amma ham\u0131 eyni \u015f\u0259raitd\u0259 yar\u0131\u015f\u0131r. Toplad\u0131\u011f\u0131m\u0131z m\u0259lumatlar\u0131 yenid\u0259n t\u0259hlil ed\u0259c\u0259yik v\u0259 bu m\u0259lumatlar\u0131n i\u015f\u0131\u011f\u0131nda i\u015fl\u0259m\u0259y\u0259 davam ed\u0259c\u0259yik. \u00dcmumilikd\u0259 is\u0259 h\u0259ft\u0259sonuna \u00e7ox yax\u015f\u0131 ba\u015flan\u011f\u0131c etdik&#8221;.<\/div>\n<div><\/div>\n<div>Qeyd ed\u0259k ki, Red Bull komandas\u0131 Macar\u0131stan Qran Prisin\u0259 Motor qapa\u011f\u0131, halo, arka \u0259yl\u0259c, \u00f6n qanad, \u00f6n as\u0131lqan yenilikl\u0259ri g\u0259tirib.<\/div>\n","protected":false},"excerpt":{"rendered":"<p>Red Bull komandas\u0131n\u0131n s\u00fcr\u00fcc\u00fcs\u00fc Maks Ferstappen bildirib ki, yenilikl\u0259r yax\u015f\u0131 i\u015fl\u0259s\u0259 d\u0259, h\u0259l\u0259 \u00e7ox \u015feyi inki\u015faf etdirm\u0259ldirl\u0259r.\u00a0<\/p>\n","protected":false},"author":2,"featured_media":6838,"comment_status":"open","ping_status":"open","sticky":false,"template":"","format":"standard","meta":{"footnotes":""},"categories":[201,2],"tags":[103,169,56,51],"class_list":["post-6836","post","type-post","status-publish","format-standard","has-post-thumbnail","hentry","category-macaristanqran-prisi","category-news","tag-hungarian-grand-prix","tag-hungaroring","tag-max-verstappen","tag-red-bull-racing"],"yoast_head":"<!-- This site is optimized with the Yoast SEO plugin v27.5 - https:\/\/yoast.com\/product\/yoast-seo-wordpress\/ -->\n<title>M.Ferstappen yenilikl\u0259rd\u0259n raz\u0131d\u0131r - X\u0259b\u0259ri Kokpitd\u0259 Oxuyun!<\/title>\n<meta name=\"robots\" content=\"index, follow, max-snippet:-1, max-image-preview:large, max-video-preview:-1\" \/>\n<link rel=\"canonical\" href=\"https:\/\/kokpit.az\/?p=6836\" \/>\n<meta property=\"og:locale\" content=\"az_AZ\" \/>\n<meta property=\"og:type\" content=\"article\" \/>\n<meta property=\"og:title\" content=\"M.Ferstappen yenilikl\u0259rd\u0259n raz\u0131d\u0131r - X\u0259b\u0259ri Kokpitd\u0259 Oxuyun!\" \/>\n<meta property=\"og:description\" content=\"Red Bull komandas\u0131n\u0131n s\u00fcr\u00fcc\u00fcs\u00fc Maks Ferstappen bildirib ki, yenilikl\u0259r yax\u015f\u0131 i\u015fl\u0259s\u0259 d\u0259, h\u0259l\u0259 \u00e7ox \u015feyi inki\u015faf etdirm\u0259ldirl\u0259r.\u00a0\" \/>\n<meta property=\"og:url\" content=\"https:\/\/kokpit.az\/?p=6836\" \/>\n<meta property=\"og:site_name\" content=\"X\u0259b\u0259ri Kokpitd\u0259 Oxuyun!\" \/>\n<meta property=\"article:publisher\" content=\"https:\/\/www.facebook.com\/profile.php?id=61553756392357\" \/>\n<meta property=\"article:published_time\" content=\"2024-07-19T17:04:59+00:00\" \/>\n<meta property=\"article:modified_time\" content=\"2024-07-19T18:15:02+00:00\" \/>\n<meta property=\"og:image\" content=\"https:\/\/kokpit.az\/wp-content\/uploads\/2024\/07\/max-verstappen-red-bull-racing-6-e1721412896267.webp\" \/>\n\t<meta property=\"og:image:width\" content=\"1200\" \/>\n\t<meta property=\"og:image:height\" content=\"630\" \/>\n\t<meta property=\"og:image:type\" content=\"image\/webp\" \/>\n<meta name=\"author\" content=\"Rauf Hac\u0131yev\" \/>\n<meta name=\"twitter:card\" content=\"summary_large_image\" \/>\n<meta name=\"twitter:label1\" content=\"Written by\" \/>\n\t<meta name=\"twitter:data1\" content=\"Rauf Hac\u0131yev\" \/>\n\t<meta name=\"twitter:label2\" content=\"Est. reading time\" \/>\n\t<meta name=\"twitter:data2\" content=\"1 minute\" \/>\n<script type=\"application\/ld+json\" class=\"yoast-schema-graph\">{\"@context\":\"https:\\\/\\\/schema.org\",\"@graph\":[{\"@type\":\"Article\",\"@id\":\"https:\\\/\\\/kokpit.az\\\/?p=6836#article\",\"isPartOf\":{\"@id\":\"https:\\\/\\\/kokpit.az\\\/?p=6836\"},\"author\":{\"name\":\"Rauf Hac\u0131yev\",\"@id\":\"https:\\\/\\\/kokpit.az\\\/#\\\/schema\\\/person\\\/f4114e650bc2993d0650e4fb6933c581\"},\"headline\":\"M.Ferstappen yenilikl\u0259rd\u0259n raz\u0131d\u0131r\",\"datePublished\":\"2024-07-19T17:04:59+00:00\",\"dateModified\":\"2024-07-19T18:15:02+00:00\",\"mainEntityOfPage\":{\"@id\":\"https:\\\/\\\/kokpit.az\\\/?p=6836\"},\"wordCount\":253,\"commentCount\":0,\"publisher\":{\"@id\":\"https:\\\/\\\/kokpit.az\\\/#organization\"},\"image\":{\"@id\":\"https:\\\/\\\/kokpit.az\\\/?p=6836#primaryimage\"},\"thumbnailUrl\":\"https:\\\/\\\/kokpit.az\\\/wp-content\\\/uploads\\\/2024\\\/07\\\/max-verstappen-red-bull-racing-6-e1721412896267.webp\",\"keywords\":[\"Hungarian Grand Prix\",\"Hungaroring\",\"Max Verstappen\",\"Red Bull Racing\"],\"articleSection\":[\"Macar\u0131stan Qran Prisi\",\"X\u0259b\u0259rl\u0259r\"],\"inLanguage\":\"az\",\"potentialAction\":[{\"@type\":\"CommentAction\",\"name\":\"Comment\",\"target\":[\"https:\\\/\\\/kokpit.az\\\/?p=6836#respond\"]}]},{\"@type\":\"WebPage\",\"@id\":\"https:\\\/\\\/kokpit.az\\\/?p=6836\",\"url\":\"https:\\\/\\\/kokpit.az\\\/?p=6836\",\"name\":\"M.Ferstappen yenilikl\u0259rd\u0259n raz\u0131d\u0131r - X\u0259b\u0259ri Kokpitd\u0259 Oxuyun!\",\"isPartOf\":{\"@id\":\"https:\\\/\\\/kokpit.az\\\/#website\"},\"primaryImageOfPage\":{\"@id\":\"https:\\\/\\\/kokpit.az\\\/?p=6836#primaryimage\"},\"image\":{\"@id\":\"https:\\\/\\\/kokpit.az\\\/?p=6836#primaryimage\"},\"thumbnailUrl\":\"https:\\\/\\\/kokpit.az\\\/wp-content\\\/uploads\\\/2024\\\/07\\\/max-verstappen-red-bull-racing-6-e1721412896267.webp\",\"datePublished\":\"2024-07-19T17:04:59+00:00\",\"dateModified\":\"2024-07-19T18:15:02+00:00\",\"breadcrumb\":{\"@id\":\"https:\\\/\\\/kokpit.az\\\/?p=6836#breadcrumb\"},\"inLanguage\":\"az\",\"potentialAction\":[{\"@type\":\"ReadAction\",\"target\":[\"https:\\\/\\\/kokpit.az\\\/?p=6836\"]}]},{\"@type\":\"ImageObject\",\"inLanguage\":\"az\",\"@id\":\"https:\\\/\\\/kokpit.az\\\/?p=6836#primaryimage\",\"url\":\"https:\\\/\\\/kokpit.az\\\/wp-content\\\/uploads\\\/2024\\\/07\\\/max-verstappen-red-bull-racing-6-e1721412896267.webp\",\"contentUrl\":\"https:\\\/\\\/kokpit.az\\\/wp-content\\\/uploads\\\/2024\\\/07\\\/max-verstappen-red-bull-racing-6-e1721412896267.webp\",\"width\":1200,\"height\":630},{\"@type\":\"BreadcrumbList\",\"@id\":\"https:\\\/\\\/kokpit.az\\\/?p=6836#breadcrumb\",\"itemListElement\":[{\"@type\":\"ListItem\",\"position\":1,\"name\":\"Home\",\"item\":\"https:\\\/\\\/kokpit.az\\\/\"},{\"@type\":\"ListItem\",\"position\":2,\"name\":\"M.Ferstappen yenilikl\u0259rd\u0259n raz\u0131d\u0131r\"}]},{\"@type\":\"WebSite\",\"@id\":\"https:\\\/\\\/kokpit.az\\\/#website\",\"url\":\"https:\\\/\\\/kokpit.az\\\/\",\"name\":\"X\u0259b\u0259ri Kokpitd\u0259 Oxuyun!\",\"description\":\"\",\"publisher\":{\"@id\":\"https:\\\/\\\/kokpit.az\\\/#organization\"},\"potentialAction\":[{\"@type\":\"SearchAction\",\"target\":{\"@type\":\"EntryPoint\",\"urlTemplate\":\"https:\\\/\\\/kokpit.az\\\/?s={search_term_string}\"},\"query-input\":{\"@type\":\"PropertyValueSpecification\",\"valueRequired\":true,\"valueName\":\"search_term_string\"}}],\"inLanguage\":\"az\"},{\"@type\":\"Organization\",\"@id\":\"https:\\\/\\\/kokpit.az\\\/#organization\",\"name\":\"X\u0259b\u0259ri Kokpitd\u0259 Oxuyun!\",\"url\":\"https:\\\/\\\/kokpit.az\\\/\",\"logo\":{\"@type\":\"ImageObject\",\"inLanguage\":\"az\",\"@id\":\"https:\\\/\\\/kokpit.az\\\/#\\\/schema\\\/logo\\\/image\\\/\",\"url\":\"https:\\\/\\\/kokpit.az\\\/wp-content\\\/uploads\\\/2023\\\/05\\\/kokpit.jpg\",\"contentUrl\":\"https:\\\/\\\/kokpit.az\\\/wp-content\\\/uploads\\\/2023\\\/05\\\/kokpit.jpg\",\"width\":488,\"height\":245,\"caption\":\"X\u0259b\u0259ri Kokpitd\u0259 Oxuyun!\"},\"image\":{\"@id\":\"https:\\\/\\\/kokpit.az\\\/#\\\/schema\\\/logo\\\/image\\\/\"},\"sameAs\":[\"https:\\\/\\\/www.facebook.com\\\/profile.php?id=61553756392357\"]},{\"@type\":\"Person\",\"@id\":\"https:\\\/\\\/kokpit.az\\\/#\\\/schema\\\/person\\\/f4114e650bc2993d0650e4fb6933c581\",\"name\":\"Rauf Hac\u0131yev\",\"image\":{\"@type\":\"ImageObject\",\"inLanguage\":\"az\",\"@id\":\"https:\\\/\\\/secure.gravatar.com\\\/avatar\\\/394a2085c47c7acdcf41f7d270b7cbb52513d6f4f24c1cb6dfbbd61f98c0503d?s=96&d=mm&r=g\",\"url\":\"https:\\\/\\\/secure.gravatar.com\\\/avatar\\\/394a2085c47c7acdcf41f7d270b7cbb52513d6f4f24c1cb6dfbbd61f98c0503d?s=96&d=mm&r=g\",\"contentUrl\":\"https:\\\/\\\/secure.gravatar.com\\\/avatar\\\/394a2085c47c7acdcf41f7d270b7cbb52513d6f4f24c1cb6dfbbd61f98c0503d?s=96&d=mm&r=g\",\"caption\":\"Rauf Hac\u0131yev\"},\"sameAs\":[\"https:\\\/\\\/kokpit.az\"],\"url\":\"https:\\\/\\\/kokpit.az\\\/?author=2\"}]}<\/script>\n<!-- \/ Yoast SEO plugin. -->","yoast_head_json":{"title":"M.Ferstappen yenilikl\u0259rd\u0259n raz\u0131d\u0131r - X\u0259b\u0259ri Kokpitd\u0259 Oxuyun!","robots":{"index":"index","follow":"follow","max-snippet":"max-snippet:-1","max-image-preview":"max-image-preview:large","max-video-preview":"max-video-preview:-1"},"canonical":"https:\/\/kokpit.az\/?p=6836","og_locale":"az_AZ","og_type":"article","og_title":"M.Ferstappen yenilikl\u0259rd\u0259n raz\u0131d\u0131r - X\u0259b\u0259ri Kokpitd\u0259 Oxuyun!","og_description":"Red Bull komandas\u0131n\u0131n s\u00fcr\u00fcc\u00fcs\u00fc Maks Ferstappen bildirib ki, yenilikl\u0259r yax\u015f\u0131 i\u015fl\u0259s\u0259 d\u0259, h\u0259l\u0259 \u00e7ox \u015feyi inki\u015faf etdirm\u0259ldirl\u0259r.\u00a0","og_url":"https:\/\/kokpit.az\/?p=6836","og_site_name":"X\u0259b\u0259ri Kokpitd\u0259 Oxuyun!","article_publisher":"https:\/\/www.facebook.com\/profile.php?id=61553756392357","article_published_time":"2024-07-19T17:04:59+00:00","article_modified_time":"2024-07-19T18:15:02+00:00","og_image":[{"width":1200,"height":630,"url":"https:\/\/kokpit.az\/wp-content\/uploads\/2024\/07\/max-verstappen-red-bull-racing-6-e1721412896267.webp","type":"image\/webp"}],"author":"Rauf Hac\u0131yev","twitter_card":"summary_large_image","twitter_misc":{"Written by":"Rauf Hac\u0131yev","Est. reading time":"1 minute"},"schema":{"@context":"https:\/\/schema.org","@graph":[{"@type":"Article","@id":"https:\/\/kokpit.az\/?p=6836#article","isPartOf":{"@id":"https:\/\/kokpit.az\/?p=6836"},"author":{"name":"Rauf Hac\u0131yev","@id":"https:\/\/kokpit.az\/#\/schema\/person\/f4114e650bc2993d0650e4fb6933c581"},"headline":"M.Ferstappen yenilikl\u0259rd\u0259n raz\u0131d\u0131r","datePublished":"2024-07-19T17:04:59+00:00","dateModified":"2024-07-19T18:15:02+00:00","mainEntityOfPage":{"@id":"https:\/\/kokpit.az\/?p=6836"},"wordCount":253,"commentCount":0,"publisher":{"@id":"https:\/\/kokpit.az\/#organization"},"image":{"@id":"https:\/\/kokpit.az\/?p=6836#primaryimage"},"thumbnailUrl":"https:\/\/kokpit.az\/wp-content\/uploads\/2024\/07\/max-verstappen-red-bull-racing-6-e1721412896267.webp","keywords":["Hungarian Grand Prix","Hungaroring","Max Verstappen","Red Bull Racing"],"articleSection":["Macar\u0131stan Qran Prisi","X\u0259b\u0259rl\u0259r"],"inLanguage":"az","potentialAction":[{"@type":"CommentAction","name":"Comment","target":["https:\/\/kokpit.az\/?p=6836#respond"]}]},{"@type":"WebPage","@id":"https:\/\/kokpit.az\/?p=6836","url":"https:\/\/kokpit.az\/?p=6836","name":"M.Ferstappen yenilikl\u0259rd\u0259n raz\u0131d\u0131r - X\u0259b\u0259ri Kokpitd\u0259 Oxuyun!","isPartOf":{"@id":"https:\/\/kokpit.az\/#website"},"primaryImageOfPage":{"@id":"https:\/\/kokpit.az\/?p=6836#primaryimage"},"image":{"@id":"https:\/\/kokpit.az\/?p=6836#primaryimage"},"thumbnailUrl":"https:\/\/kokpit.az\/wp-content\/uploads\/2024\/07\/max-verstappen-red-bull-racing-6-e1721412896267.webp","datePublished":"2024-07-19T17:04:59+00:00","dateModified":"2024-07-19T18:15:02+00:00","breadcrumb":{"@id":"https:\/\/kokpit.az\/?p=6836#breadcrumb"},"inLanguage":"az","potentialAction":[{"@type":"ReadAction","target":["https:\/\/kokpit.az\/?p=6836"]}]},{"@type":"ImageObject","inLanguage":"az","@id":"https:\/\/kokpit.az\/?p=6836#primaryimage","url":"https:\/\/kokpit.az\/wp-content\/uploads\/2024\/07\/max-verstappen-red-bull-racing-6-e1721412896267.webp","contentUrl":"https:\/\/kokpit.az\/wp-content\/uploads\/2024\/07\/max-verstappen-red-bull-racing-6-e1721412896267.webp","width":1200,"height":630},{"@type":"BreadcrumbList","@id":"https:\/\/kokpit.az\/?p=6836#breadcrumb","itemListElement":[{"@type":"ListItem","position":1,"name":"Home","item":"https:\/\/kokpit.az\/"},{"@type":"ListItem","position":2,"name":"M.Ferstappen yenilikl\u0259rd\u0259n raz\u0131d\u0131r"}]},{"@type":"WebSite","@id":"https:\/\/kokpit.az\/#website","url":"https:\/\/kokpit.az\/","name":"X\u0259b\u0259ri Kokpitd\u0259 Oxuyun!","description":"","publisher":{"@id":"https:\/\/kokpit.az\/#organization"},"potentialAction":[{"@type":"SearchAction","target":{"@type":"EntryPoint","urlTemplate":"https:\/\/kokpit.az\/?s={search_term_string}"},"query-input":{"@type":"PropertyValueSpecification","valueRequired":true,"valueName":"search_term_string"}}],"inLanguage":"az"},{"@type":"Organization","@id":"https:\/\/kokpit.az\/#organization","name":"X\u0259b\u0259ri Kokpitd\u0259 Oxuyun!","url":"https:\/\/kokpit.az\/","logo":{"@type":"ImageObject","inLanguage":"az","@id":"https:\/\/kokpit.az\/#\/schema\/logo\/image\/","url":"https:\/\/kokpit.az\/wp-content\/uploads\/2023\/05\/kokpit.jpg","contentUrl":"https:\/\/kokpit.az\/wp-content\/uploads\/2023\/05\/kokpit.jpg","width":488,"height":245,"caption":"X\u0259b\u0259ri Kokpitd\u0259 Oxuyun!"},"image":{"@id":"https:\/\/kokpit.az\/#\/schema\/logo\/image\/"},"sameAs":["https:\/\/www.facebook.com\/profile.php?id=61553756392357"]},{"@type":"Person","@id":"https:\/\/kokpit.az\/#\/schema\/person\/f4114e650bc2993d0650e4fb6933c581","name":"Rauf Hac\u0131yev","image":{"@type":"ImageObject","inLanguage":"az","@id":"https:\/\/secure.gravatar.com\/avatar\/394a2085c47c7acdcf41f7d270b7cbb52513d6f4f24c1cb6dfbbd61f98c0503d?s=96&d=mm&r=g","url":"https:\/\/secure.gravatar.com\/avatar\/394a2085c47c7acdcf41f7d270b7cbb52513d6f4f24c1cb6dfbbd61f98c0503d?s=96&d=mm&r=g","contentUrl":"https:\/\/secure.gravatar.com\/avatar\/394a2085c47c7acdcf41f7d270b7cbb52513d6f4f24c1cb6dfbbd61f98c0503d?s=96&d=mm&r=g","caption":"Rauf Hac\u0131yev"},"sameAs":["https:\/\/kokpit.az"],"url":"https:\/\/kokpit.az\/?author=2"}]}},"_links":{"self":[{"href":"https:\/\/kokpit.az\/index.php?rest_route=\/wp\/v2\/posts\/6836","targetHints":{"allow":["GET"]}}],"collection":[{"href":"https:\/\/kokpit.az\/index.php?rest_route=\/wp\/v2\/posts"}],"about":[{"href":"https:\/\/kokpit.az\/index.php?rest_route=\/wp\/v2\/types\/post"}],"author":[{"embeddable":true,"href":"https:\/\/kokpit.az\/index.php?rest_route=\/wp\/v2\/users\/2"}],"replies":[{"embeddable":true,"href":"https:\/\/kokpit.az\/index.php?rest_route=%2Fwp%2Fv2%2Fcomments&post=6836"}],"version-history":[{"count":1,"href":"https:\/\/kokpit.az\/index.php?rest_route=\/wp\/v2\/posts\/6836\/revisions"}],"predecessor-version":[{"id":6839,"href":"https:\/\/kokpit.az\/index.php?rest_route=\/wp\/v2\/posts\/6836\/revisions\/6839"}],"wp:featuredmedia":[{"embeddable":true,"href":"https:\/\/kokpit.az\/index.php?rest_route=\/wp\/v2\/media\/6838"}],"wp:attachment":[{"href":"https:\/\/kokpit.az\/index.php?rest_route=%2Fwp%2Fv2%2Fmedia&parent=6836"}],"wp:term":[{"taxonomy":"category","embeddable":true,"href":"https:\/\/kokpit.az\/index.php?rest_route=%2Fwp%2Fv2%2Fcategories&post=6836"},{"taxonomy":"post_tag","embeddable":true,"href":"https:\/\/kokpit.az\/index.php?rest_route=%2Fwp%2Fv2%2Ftags&post=6836"}],"curies":[{"name":"wp","href":"https:\/\/api.w.org\/{rel}","templated":true}]}}