{"id":6823,"date":"2024-07-19T16:08:53","date_gmt":"2024-07-19T12:08:53","guid":{"rendered":"https:\/\/kokpit.az\/?p=6823"},"modified":"2024-07-19T16:51:05","modified_gmt":"2024-07-19T12:51:05","slug":"s-peres-g%c9%99l%c9%99n-il-d%c9%99-buradayam","status":"publish","type":"post","link":"https:\/\/kokpit.az\/?p=6823","title":{"rendered":"S.Peres: G\u0259l\u0259n il d\u0259 buradayam"},"content":{"rendered":"<div class=\"msnt-entity-header pb-6 pt-4 t:pb-8 t:pt-0 \">\n<h2 class=\"text-article-description font-title italic font text-fg-on-color t:text-fg-default\">Kokpit.az xat\u0131rlad\u0131r ki, meksikal\u0131 s\u00fcr\u00fcc\u00fc son 6 yar\u0131\u015fda sad\u0259c\u0259 14 xal toplaya bilib v\u0259 o, turnir c\u0259dv\u0259lind\u0259 6-c\u0131 pill\u0259y\u0259 q\u0259d\u0259r yuvarlan\u0131b. Buna g\u00f6r\u0259 d\u0259 \u0259ks\u0259riyy\u0259t d\u00fc\u015f\u00fcn\u00fcr ki, Serxio Peres ilin sonunda Red Bull-dan qovulacaq.<\/h2>\n<p><strong>Serxio Peres<\/strong>: &#8220;G\u0259l\u0259c\u0259yiml\u0259 ba\u011fl\u0131 yeni bir \u015fey yoxdur. N\u00f6vb\u0259d\u0259 yax\u015f\u0131 formaya qay\u0131tmaq ist\u0259diyimzi iki yar\u0131\u015f var. M\u0259nim \u00fc\u00e7\u00fcn d\u0259, komanda \u00fc\u00e7\u00fcn d\u0259 \u0259sas h\u0259d\u0259f budur. H\u0259ft\u0259 \u0259rzind\u0259 bazada idim v\u0259 bizim \u00fc\u00e7\u00fcn \u0259sas m\u0259qs\u0259d n\u00f6vb\u0259ti yar\u0131\u015flarda real formam\u0131za qay\u0131tmaqd\u0131r.<\/p>\n<p>&nbsp;<\/p>\n<p>Son d\u00f6vrl\u0259rd\u0259 \u00e7ox \u015fey oldu. \u0130mola, Monaco ham\u0131s\u0131 \u00e7ox \u00e7\u0259tin idi. Monrealda problem ya\u015fad\u0131q. H\u0259ft\u0259sonlar\u0131 bizim \u00fc\u00e7\u00fcn asan olmayan probleml\u0259r oldu.<\/p>\n<p>B\u0259z\u0259n tempimiz az oldu, b\u0259z\u0259n d\u0259 hava \u015f\u0259raitind\u0259n t\u0259sirl\u0259ndik. Lakin dig\u0259r s\u00fcr\u00fcc\u00fcl\u0259rd\u0259n f\u0259rqi yoxdur. Ham\u0131 100 faizlik performans g\u00f6st\u0259rmir. Amma biz Red Bull-day\u0131q dey\u0259 h\u0259r \u015fey daha tez g\u00f6z\u0259 bat\u0131r. Lakin haz\u0131rda \u0259sas m\u0259qs\u0259dim sistemi yenid\u0259n qurmaqd\u0131r. M\u0259nc\u0259, \u00f6n\u00fcmd\u0259 uzun yol var v\u0259 \u0259sas olan \u018fbu Dabi yar\u0131\u015f\u0131ndan sonra ne\u00e7\u0259nci yeri tutma\u011f\u0131md\u0131r.<\/p>\n<p>K\u0259nardan g\u0259l\u0259n s\u0259sl\u0259ri k\u0259sm\u0259k \u00e7\u0259tindir, amma buraya \u0259limd\u0259n g\u0259l\u0259nin \u0259n yax\u015f\u0131s\u0131n\u0131 etm\u0259k \u00fc\u00e7\u00fcn g\u0259lir\u0259m. Burada olark\u0259n, evd\u0259 m\u0259\u015fq ed\u0259rk\u0259n, komanda il\u0259 birg\u0259 simulyatorda i\u015fl\u0259y\u0259rk\u0259n sad\u0259c\u0259 \u00f6n\u0259mli \u015feyl\u0259r\u0259 fokuslan\u0131ram. Red Bull-da yar\u0131\u015fanda sizin haqq\u0131n\u0131zda dah \u00e7ox dan\u0131\u015f\u0131rlar. Ancaq bu m\u00fcbariz\u0259nin g\u00f6z\u0259lliyi d\u0259 buradad\u0131r. Buna g\u00f6r\u0259 d\u0259 bu i\u015fi sevir\u0259m. Buna g\u00f6r\u0259 d\u0259 komanda il\u0259 m\u00fcqavil\u0259ni uzatma\u011fa q\u0259rar verdim, \u00e7\u00fcnki bel\u0259 meydan oxuman\u0131 sevir\u0259m. Do\u011frudan da \u00e7\u0259tindir, amma insan h\u0259r \u015feyini ortaya qoyur. Buna g\u00f6r\u0259 d\u0259 bu komandada davam etm\u0259k ist\u0259yir\u0259m.<\/p>\n<\/div>\n<p>N\u00f6vb\u0259d\u0259ki iki yar\u0131\u015f \u00fc\u00e7\u00fcn b\u00f6y\u00fck t\u0259zyiq hiss etmir\u0259m. \u018fsas m\u0259qs\u0259dim indid\u0259n etibar\u0259n ilin sonuna q\u0259d\u0259r xallar almaqd\u0131r. Buna g\u00f6r\u0259 d\u0259 n\u00f6vb\u0259ti iki yar\u0131\u015f m\u0259nim \u00fc\u00e7\u00fcn he\u00e7 n\u0259yi d\u0259yi\u015fmir&#8221;.<\/p>\n<p>Yay t\u0259tilinin Serxio Peres \u00fc\u00e7\u00fcn son \u015fans olub-olmad\u0131\u011f\u0131na is\u0259 meksikal\u0131 bel\u0259 cavab verib: &#8220;Bununla ba\u011fl\u0131 yeni bir \u015fey yoxdur. S\u00f6z\u00fcn d\u00fcz\u00fc, m\u00fcqavil\u0259m bar\u0259d\u0259 dan\u0131\u015fm\u0131ram, amma bununla ba\u011fl\u0131 he\u00e7 bir problem yoxdur. N\u00f6vb\u0259d\u0259ki iki yar\u0131\u015f m\u0259nim \u00fc\u00e7\u00fcn \u00e7ox vacibdir. T\u0259til\u0259 yax\u015f\u0131 \u0259hval-ruhiyy\u0259d\u0259 getm\u0259k ist\u0259yir\u0259m. Bel\u0259 olan halda m\u0259nim boksdak\u0131 i\u015f\u00e7il\u0259r d\u0259 t\u0259til\u0259 yax\u015f\u0131 \u0259hvalla ged\u0259c\u0259kl\u0259r. Tamamil\u0259 i\u015fim\u0259 fokuslanm\u0131\u015fam. Qalan yar\u0131\u015flarda da, g\u0259l\u0259n il d\u0259 burada olaca\u011fam. F\u0259rqli \u015fey yoxdur. Sad\u0259c\u0259 \u00f6z\u00fcm\u0259 fokuslan\u0131ram&#8221;.<\/p>\n","protected":false},"excerpt":{"rendered":"<p>Red Bull komandas\u0131n\u0131n s\u00fcr\u00fcc\u00fcs\u00fc Serxio Peres bildirib ki, v\u0259ziyy\u0259ti haz\u0131rda yax\u015f\u0131 g\u00f6r\u00fcnm\u0259s\u0259 d\u0259, n\u00f6vb\u0259ti m\u00f6vs\u00fcmd\u0259 d\u0259 Red Bull-da qalacaq.\u00a0<\/p>\n","protected":false},"author":2,"featured_media":6825,"comment_status":"open","ping_status":"open","sticky":false,"template":"","format":"standard","meta":{"footnotes":""},"categories":[201,2],"tags":[103,169,51,57],"class_list":["post-6823","post","type-post","status-publish","format-standard","has-post-thumbnail","hentry","category-macaristanqran-prisi","category-news","tag-hungarian-grand-prix","tag-hungaroring","tag-red-bull-racing","tag-sergio-perez"],"yoast_head":"<!-- This site is optimized with the Yoast SEO plugin v27.5 - https:\/\/yoast.com\/product\/yoast-seo-wordpress\/ -->\n<title>S.Peres: G\u0259l\u0259n il d\u0259 buradayam - X\u0259b\u0259ri Kokpitd\u0259 Oxuyun!<\/title>\n<meta name=\"robots\" content=\"index, follow, max-snippet:-1, max-image-preview:large, max-video-preview:-1\" \/>\n<link rel=\"canonical\" href=\"https:\/\/kokpit.az\/?p=6823\" \/>\n<meta property=\"og:locale\" content=\"az_AZ\" \/>\n<meta property=\"og:type\" content=\"article\" \/>\n<meta property=\"og:title\" content=\"S.Peres: G\u0259l\u0259n il d\u0259 buradayam - X\u0259b\u0259ri Kokpitd\u0259 Oxuyun!\" \/>\n<meta property=\"og:description\" content=\"Red Bull komandas\u0131n\u0131n s\u00fcr\u00fcc\u00fcs\u00fc Serxio Peres bildirib ki, v\u0259ziyy\u0259ti haz\u0131rda yax\u015f\u0131 g\u00f6r\u00fcnm\u0259s\u0259 d\u0259, n\u00f6vb\u0259ti m\u00f6vs\u00fcmd\u0259 d\u0259 Red Bull-da qalacaq.\u00a0\" \/>\n<meta property=\"og:url\" content=\"https:\/\/kokpit.az\/?p=6823\" \/>\n<meta property=\"og:site_name\" content=\"X\u0259b\u0259ri Kokpitd\u0259 Oxuyun!\" \/>\n<meta property=\"article:publisher\" content=\"https:\/\/www.facebook.com\/profile.php?id=61553756392357\" \/>\n<meta property=\"article:published_time\" content=\"2024-07-19T12:08:53+00:00\" \/>\n<meta property=\"article:modified_time\" content=\"2024-07-19T12:51:05+00:00\" \/>\n<meta property=\"og:image\" content=\"https:\/\/kokpit.az\/wp-content\/uploads\/2024\/07\/sergio-perez-red-bull-racing-2-e1721393459491.webp\" \/>\n\t<meta property=\"og:image:width\" content=\"1200\" \/>\n\t<meta property=\"og:image:height\" content=\"630\" \/>\n\t<meta property=\"og:image:type\" content=\"image\/webp\" \/>\n<meta name=\"author\" content=\"Rauf Hac\u0131yev\" \/>\n<meta name=\"twitter:card\" content=\"summary_large_image\" \/>\n<meta name=\"twitter:label1\" content=\"Written by\" \/>\n\t<meta name=\"twitter:data1\" content=\"Rauf Hac\u0131yev\" \/>\n\t<meta name=\"twitter:label2\" content=\"Est. reading time\" \/>\n\t<meta name=\"twitter:data2\" content=\"3 minutes\" \/>\n<script type=\"application\/ld+json\" class=\"yoast-schema-graph\">{\"@context\":\"https:\\\/\\\/schema.org\",\"@graph\":[{\"@type\":\"Article\",\"@id\":\"https:\\\/\\\/kokpit.az\\\/?p=6823#article\",\"isPartOf\":{\"@id\":\"https:\\\/\\\/kokpit.az\\\/?p=6823\"},\"author\":{\"name\":\"Rauf Hac\u0131yev\",\"@id\":\"https:\\\/\\\/kokpit.az\\\/#\\\/schema\\\/person\\\/f4114e650bc2993d0650e4fb6933c581\"},\"headline\":\"S.Peres: G\u0259l\u0259n il d\u0259 buradayam\",\"datePublished\":\"2024-07-19T12:08:53+00:00\",\"dateModified\":\"2024-07-19T12:51:05+00:00\",\"mainEntityOfPage\":{\"@id\":\"https:\\\/\\\/kokpit.az\\\/?p=6823\"},\"wordCount\":517,\"commentCount\":0,\"publisher\":{\"@id\":\"https:\\\/\\\/kokpit.az\\\/#organization\"},\"image\":{\"@id\":\"https:\\\/\\\/kokpit.az\\\/?p=6823#primaryimage\"},\"thumbnailUrl\":\"https:\\\/\\\/kokpit.az\\\/wp-content\\\/uploads\\\/2024\\\/07\\\/sergio-perez-red-bull-racing-2-e1721393459491.webp\",\"keywords\":[\"Hungarian Grand Prix\",\"Hungaroring\",\"Red Bull Racing\",\"Sergio Perez\"],\"articleSection\":[\"Macar\u0131stan Qran Prisi\",\"X\u0259b\u0259rl\u0259r\"],\"inLanguage\":\"az\",\"potentialAction\":[{\"@type\":\"CommentAction\",\"name\":\"Comment\",\"target\":[\"https:\\\/\\\/kokpit.az\\\/?p=6823#respond\"]}]},{\"@type\":\"WebPage\",\"@id\":\"https:\\\/\\\/kokpit.az\\\/?p=6823\",\"url\":\"https:\\\/\\\/kokpit.az\\\/?p=6823\",\"name\":\"S.Peres: G\u0259l\u0259n il d\u0259 buradayam - X\u0259b\u0259ri Kokpitd\u0259 Oxuyun!\",\"isPartOf\":{\"@id\":\"https:\\\/\\\/kokpit.az\\\/#website\"},\"primaryImageOfPage\":{\"@id\":\"https:\\\/\\\/kokpit.az\\\/?p=6823#primaryimage\"},\"image\":{\"@id\":\"https:\\\/\\\/kokpit.az\\\/?p=6823#primaryimage\"},\"thumbnailUrl\":\"https:\\\/\\\/kokpit.az\\\/wp-content\\\/uploads\\\/2024\\\/07\\\/sergio-perez-red-bull-racing-2-e1721393459491.webp\",\"datePublished\":\"2024-07-19T12:08:53+00:00\",\"dateModified\":\"2024-07-19T12:51:05+00:00\",\"breadcrumb\":{\"@id\":\"https:\\\/\\\/kokpit.az\\\/?p=6823#breadcrumb\"},\"inLanguage\":\"az\",\"potentialAction\":[{\"@type\":\"ReadAction\",\"target\":[\"https:\\\/\\\/kokpit.az\\\/?p=6823\"]}]},{\"@type\":\"ImageObject\",\"inLanguage\":\"az\",\"@id\":\"https:\\\/\\\/kokpit.az\\\/?p=6823#primaryimage\",\"url\":\"https:\\\/\\\/kokpit.az\\\/wp-content\\\/uploads\\\/2024\\\/07\\\/sergio-perez-red-bull-racing-2-e1721393459491.webp\",\"contentUrl\":\"https:\\\/\\\/kokpit.az\\\/wp-content\\\/uploads\\\/2024\\\/07\\\/sergio-perez-red-bull-racing-2-e1721393459491.webp\",\"width\":1200,\"height\":630},{\"@type\":\"BreadcrumbList\",\"@id\":\"https:\\\/\\\/kokpit.az\\\/?p=6823#breadcrumb\",\"itemListElement\":[{\"@type\":\"ListItem\",\"position\":1,\"name\":\"Home\",\"item\":\"https:\\\/\\\/kokpit.az\\\/\"},{\"@type\":\"ListItem\",\"position\":2,\"name\":\"S.Peres: G\u0259l\u0259n il d\u0259 buradayam\"}]},{\"@type\":\"WebSite\",\"@id\":\"https:\\\/\\\/kokpit.az\\\/#website\",\"url\":\"https:\\\/\\\/kokpit.az\\\/\",\"name\":\"X\u0259b\u0259ri Kokpitd\u0259 Oxuyun!\",\"description\":\"\",\"publisher\":{\"@id\":\"https:\\\/\\\/kokpit.az\\\/#organization\"},\"potentialAction\":[{\"@type\":\"SearchAction\",\"target\":{\"@type\":\"EntryPoint\",\"urlTemplate\":\"https:\\\/\\\/kokpit.az\\\/?s={search_term_string}\"},\"query-input\":{\"@type\":\"PropertyValueSpecification\",\"valueRequired\":true,\"valueName\":\"search_term_string\"}}],\"inLanguage\":\"az\"},{\"@type\":\"Organization\",\"@id\":\"https:\\\/\\\/kokpit.az\\\/#organization\",\"name\":\"X\u0259b\u0259ri Kokpitd\u0259 Oxuyun!\",\"url\":\"https:\\\/\\\/kokpit.az\\\/\",\"logo\":{\"@type\":\"ImageObject\",\"inLanguage\":\"az\",\"@id\":\"https:\\\/\\\/kokpit.az\\\/#\\\/schema\\\/logo\\\/image\\\/\",\"url\":\"https:\\\/\\\/kokpit.az\\\/wp-content\\\/uploads\\\/2023\\\/05\\\/kokpit.jpg\",\"contentUrl\":\"https:\\\/\\\/kokpit.az\\\/wp-content\\\/uploads\\\/2023\\\/05\\\/kokpit.jpg\",\"width\":488,\"height\":245,\"caption\":\"X\u0259b\u0259ri Kokpitd\u0259 Oxuyun!\"},\"image\":{\"@id\":\"https:\\\/\\\/kokpit.az\\\/#\\\/schema\\\/logo\\\/image\\\/\"},\"sameAs\":[\"https:\\\/\\\/www.facebook.com\\\/profile.php?id=61553756392357\"]},{\"@type\":\"Person\",\"@id\":\"https:\\\/\\\/kokpit.az\\\/#\\\/schema\\\/person\\\/f4114e650bc2993d0650e4fb6933c581\",\"name\":\"Rauf Hac\u0131yev\",\"image\":{\"@type\":\"ImageObject\",\"inLanguage\":\"az\",\"@id\":\"https:\\\/\\\/secure.gravatar.com\\\/avatar\\\/394a2085c47c7acdcf41f7d270b7cbb52513d6f4f24c1cb6dfbbd61f98c0503d?s=96&d=mm&r=g\",\"url\":\"https:\\\/\\\/secure.gravatar.com\\\/avatar\\\/394a2085c47c7acdcf41f7d270b7cbb52513d6f4f24c1cb6dfbbd61f98c0503d?s=96&d=mm&r=g\",\"contentUrl\":\"https:\\\/\\\/secure.gravatar.com\\\/avatar\\\/394a2085c47c7acdcf41f7d270b7cbb52513d6f4f24c1cb6dfbbd61f98c0503d?s=96&d=mm&r=g\",\"caption\":\"Rauf Hac\u0131yev\"},\"sameAs\":[\"https:\\\/\\\/kokpit.az\"],\"url\":\"https:\\\/\\\/kokpit.az\\\/?author=2\"}]}<\/script>\n<!-- \/ Yoast SEO plugin. -->","yoast_head_json":{"title":"S.Peres: G\u0259l\u0259n il d\u0259 buradayam - X\u0259b\u0259ri Kokpitd\u0259 Oxuyun!","robots":{"index":"index","follow":"follow","max-snippet":"max-snippet:-1","max-image-preview":"max-image-preview:large","max-video-preview":"max-video-preview:-1"},"canonical":"https:\/\/kokpit.az\/?p=6823","og_locale":"az_AZ","og_type":"article","og_title":"S.Peres: G\u0259l\u0259n il d\u0259 buradayam - X\u0259b\u0259ri Kokpitd\u0259 Oxuyun!","og_description":"Red Bull komandas\u0131n\u0131n s\u00fcr\u00fcc\u00fcs\u00fc Serxio Peres bildirib ki, v\u0259ziyy\u0259ti haz\u0131rda yax\u015f\u0131 g\u00f6r\u00fcnm\u0259s\u0259 d\u0259, n\u00f6vb\u0259ti m\u00f6vs\u00fcmd\u0259 d\u0259 Red Bull-da qalacaq.\u00a0","og_url":"https:\/\/kokpit.az\/?p=6823","og_site_name":"X\u0259b\u0259ri Kokpitd\u0259 Oxuyun!","article_publisher":"https:\/\/www.facebook.com\/profile.php?id=61553756392357","article_published_time":"2024-07-19T12:08:53+00:00","article_modified_time":"2024-07-19T12:51:05+00:00","og_image":[{"width":1200,"height":630,"url":"https:\/\/kokpit.az\/wp-content\/uploads\/2024\/07\/sergio-perez-red-bull-racing-2-e1721393459491.webp","type":"image\/webp"}],"author":"Rauf Hac\u0131yev","twitter_card":"summary_large_image","twitter_misc":{"Written by":"Rauf Hac\u0131yev","Est. reading time":"3 minutes"},"schema":{"@context":"https:\/\/schema.org","@graph":[{"@type":"Article","@id":"https:\/\/kokpit.az\/?p=6823#article","isPartOf":{"@id":"https:\/\/kokpit.az\/?p=6823"},"author":{"name":"Rauf Hac\u0131yev","@id":"https:\/\/kokpit.az\/#\/schema\/person\/f4114e650bc2993d0650e4fb6933c581"},"headline":"S.Peres: G\u0259l\u0259n il d\u0259 buradayam","datePublished":"2024-07-19T12:08:53+00:00","dateModified":"2024-07-19T12:51:05+00:00","mainEntityOfPage":{"@id":"https:\/\/kokpit.az\/?p=6823"},"wordCount":517,"commentCount":0,"publisher":{"@id":"https:\/\/kokpit.az\/#organization"},"image":{"@id":"https:\/\/kokpit.az\/?p=6823#primaryimage"},"thumbnailUrl":"https:\/\/kokpit.az\/wp-content\/uploads\/2024\/07\/sergio-perez-red-bull-racing-2-e1721393459491.webp","keywords":["Hungarian Grand Prix","Hungaroring","Red Bull Racing","Sergio Perez"],"articleSection":["Macar\u0131stan Qran Prisi","X\u0259b\u0259rl\u0259r"],"inLanguage":"az","potentialAction":[{"@type":"CommentAction","name":"Comment","target":["https:\/\/kokpit.az\/?p=6823#respond"]}]},{"@type":"WebPage","@id":"https:\/\/kokpit.az\/?p=6823","url":"https:\/\/kokpit.az\/?p=6823","name":"S.Peres: G\u0259l\u0259n il d\u0259 buradayam - X\u0259b\u0259ri Kokpitd\u0259 Oxuyun!","isPartOf":{"@id":"https:\/\/kokpit.az\/#website"},"primaryImageOfPage":{"@id":"https:\/\/kokpit.az\/?p=6823#primaryimage"},"image":{"@id":"https:\/\/kokpit.az\/?p=6823#primaryimage"},"thumbnailUrl":"https:\/\/kokpit.az\/wp-content\/uploads\/2024\/07\/sergio-perez-red-bull-racing-2-e1721393459491.webp","datePublished":"2024-07-19T12:08:53+00:00","dateModified":"2024-07-19T12:51:05+00:00","breadcrumb":{"@id":"https:\/\/kokpit.az\/?p=6823#breadcrumb"},"inLanguage":"az","potentialAction":[{"@type":"ReadAction","target":["https:\/\/kokpit.az\/?p=6823"]}]},{"@type":"ImageObject","inLanguage":"az","@id":"https:\/\/kokpit.az\/?p=6823#primaryimage","url":"https:\/\/kokpit.az\/wp-content\/uploads\/2024\/07\/sergio-perez-red-bull-racing-2-e1721393459491.webp","contentUrl":"https:\/\/kokpit.az\/wp-content\/uploads\/2024\/07\/sergio-perez-red-bull-racing-2-e1721393459491.webp","width":1200,"height":630},{"@type":"BreadcrumbList","@id":"https:\/\/kokpit.az\/?p=6823#breadcrumb","itemListElement":[{"@type":"ListItem","position":1,"name":"Home","item":"https:\/\/kokpit.az\/"},{"@type":"ListItem","position":2,"name":"S.Peres: G\u0259l\u0259n il d\u0259 buradayam"}]},{"@type":"WebSite","@id":"https:\/\/kokpit.az\/#website","url":"https:\/\/kokpit.az\/","name":"X\u0259b\u0259ri Kokpitd\u0259 Oxuyun!","description":"","publisher":{"@id":"https:\/\/kokpit.az\/#organization"},"potentialAction":[{"@type":"SearchAction","target":{"@type":"EntryPoint","urlTemplate":"https:\/\/kokpit.az\/?s={search_term_string}"},"query-input":{"@type":"PropertyValueSpecification","valueRequired":true,"valueName":"search_term_string"}}],"inLanguage":"az"},{"@type":"Organization","@id":"https:\/\/kokpit.az\/#organization","name":"X\u0259b\u0259ri Kokpitd\u0259 Oxuyun!","url":"https:\/\/kokpit.az\/","logo":{"@type":"ImageObject","inLanguage":"az","@id":"https:\/\/kokpit.az\/#\/schema\/logo\/image\/","url":"https:\/\/kokpit.az\/wp-content\/uploads\/2023\/05\/kokpit.jpg","contentUrl":"https:\/\/kokpit.az\/wp-content\/uploads\/2023\/05\/kokpit.jpg","width":488,"height":245,"caption":"X\u0259b\u0259ri Kokpitd\u0259 Oxuyun!"},"image":{"@id":"https:\/\/kokpit.az\/#\/schema\/logo\/image\/"},"sameAs":["https:\/\/www.facebook.com\/profile.php?id=61553756392357"]},{"@type":"Person","@id":"https:\/\/kokpit.az\/#\/schema\/person\/f4114e650bc2993d0650e4fb6933c581","name":"Rauf Hac\u0131yev","image":{"@type":"ImageObject","inLanguage":"az","@id":"https:\/\/secure.gravatar.com\/avatar\/394a2085c47c7acdcf41f7d270b7cbb52513d6f4f24c1cb6dfbbd61f98c0503d?s=96&d=mm&r=g","url":"https:\/\/secure.gravatar.com\/avatar\/394a2085c47c7acdcf41f7d270b7cbb52513d6f4f24c1cb6dfbbd61f98c0503d?s=96&d=mm&r=g","contentUrl":"https:\/\/secure.gravatar.com\/avatar\/394a2085c47c7acdcf41f7d270b7cbb52513d6f4f24c1cb6dfbbd61f98c0503d?s=96&d=mm&r=g","caption":"Rauf Hac\u0131yev"},"sameAs":["https:\/\/kokpit.az"],"url":"https:\/\/kokpit.az\/?author=2"}]}},"_links":{"self":[{"href":"https:\/\/kokpit.az\/index.php?rest_route=\/wp\/v2\/posts\/6823","targetHints":{"allow":["GET"]}}],"collection":[{"href":"https:\/\/kokpit.az\/index.php?rest_route=\/wp\/v2\/posts"}],"about":[{"href":"https:\/\/kokpit.az\/index.php?rest_route=\/wp\/v2\/types\/post"}],"author":[{"embeddable":true,"href":"https:\/\/kokpit.az\/index.php?rest_route=\/wp\/v2\/users\/2"}],"replies":[{"embeddable":true,"href":"https:\/\/kokpit.az\/index.php?rest_route=%2Fwp%2Fv2%2Fcomments&post=6823"}],"version-history":[{"count":2,"href":"https:\/\/kokpit.az\/index.php?rest_route=\/wp\/v2\/posts\/6823\/revisions"}],"predecessor-version":[{"id":6826,"href":"https:\/\/kokpit.az\/index.php?rest_route=\/wp\/v2\/posts\/6823\/revisions\/6826"}],"wp:featuredmedia":[{"embeddable":true,"href":"https:\/\/kokpit.az\/index.php?rest_route=\/wp\/v2\/media\/6825"}],"wp:attachment":[{"href":"https:\/\/kokpit.az\/index.php?rest_route=%2Fwp%2Fv2%2Fmedia&parent=6823"}],"wp:term":[{"taxonomy":"category","embeddable":true,"href":"https:\/\/kokpit.az\/index.php?rest_route=%2Fwp%2Fv2%2Fcategories&post=6823"},{"taxonomy":"post_tag","embeddable":true,"href":"https:\/\/kokpit.az\/index.php?rest_route=%2Fwp%2Fv2%2Ftags&post=6823"}],"curies":[{"name":"wp","href":"https:\/\/api.w.org\/{rel}","templated":true}]}}