{"id":6816,"date":"2024-07-19T08:57:44","date_gmt":"2024-07-19T04:57:44","guid":{"rendered":"https:\/\/kokpit.az\/?p=6816"},"modified":"2024-07-19T19:32:26","modified_gmt":"2024-07-19T15:32:26","slug":"m-ferstappen-en-boyuk-yeniliyi-g%c9%99tirmisik","status":"publish","type":"post","link":"https:\/\/kokpit.az\/?p=6816","title":{"rendered":"M.Ferstappen: \u018fn b\u00f6y\u00fck yeniliyi g\u0259tirmi\u015fik"},"content":{"rendered":"<div class=\"msnt-entity-header pb-6 pt-4 t:pb-8 t:pt-0 \">\n<h2>Kokpit.az xat\u0131rlad\u0131r ki, Red Bull komandas\u0131 m\u00f6vs\u00fcm\u00fcn \u0259vv\u0259lind\u0259ki \u00fcst\u00fcnl\u00fcy\u00fcn\u00fc itirib. &#8220;Q\u0131rm\u0131z\u0131 \u00f6k\u00fczl\u0259r&#8221; son iki yar\u0131\u015fda q\u0259l\u0259b\u0259 \u00fcz\u00fcn\u0259 h\u0259sr\u0259t qal\u0131blar.<\/h2>\n<\/div>\n<p>&nbsp;<\/p>\n<p><strong>\u00c7empionat\u0131n lideri Maks Ferstappen<\/strong> bolidin a\u015fa\u011f\u0131 s\u00fcr\u0259t performans\u0131ndan dan\u0131\u015f\u0131b: &#8220;Bu bolidi nec\u0259 sazlayaca\u011f\u0131n\u0131zdan as\u0131l\u0131d\u0131r. Ke\u00e7\u0259n il s\u0131ralanma turunda \u00f6z\u00fcm\u00fc yax\u015f\u0131 hiss etm\u0259s\u0259m d\u0259, yar\u0131\u015fda h\u0259r \u015fey \u00e7ox yax\u015f\u0131 idi. A\u015fa\u011f\u0131 s\u00fcr\u0259td\u0259ki hissimiz bar\u0259d\u0259 \u015f\u0259rh verm\u0259k \u00a0\u00e7ox \u00e7\u0259tindir. H\u0259r tras\u0131n, asfalt\u0131n v\u0259 hava \u015f\u0259raitinin, istifad\u0259 etdiyimiz t\u0259k\u0259rl\u0259rin t\u0259siri olur. Buna g\u00f6r\u0259 d\u0259 bir s\u00f6z dem\u0259k \u00e7\u0259tindir.<\/p>\n<p>M\u0259nc\u0259, bir ne\u00e7\u0259 yar\u0131\u015fda \u0259n s\u00fcr\u0259tli ma\u015f\u0131n bizd\u0259 deyildi. Buna g\u00f6r\u0259 d\u0259 bu hal\u0131n bird\u0259n-bir\u0259 d\u0259yi\u015fm\u0259sini g\u00f6zl\u0259mir\u0259m. T\u0259bii ki, buraya b\u0259zi yenilikl\u0259r g\u0259tirmi\u015fik. \u00dcmid edir\u0259m ki, bunlar biz\u0259 yax\u015f\u0131 d\u0259st\u0259k ver\u0259rl\u0259r. Lakin haz\u0131rda bir \u015f\u0259rh verm\u0259kd\u0259ns\u0259, bu yenilikl\u0259rin nec\u0259 i\u015fl\u0259y\u0259c\u0259yini g\u00f6rm\u0259k ist\u0259yir\u0259m.<\/p>\n<p>\u0130ndiy\u0259 kimi g\u0259tirdiyimiz yenilikl\u0259r el\u0259 d\u0259 b\u00f6y\u00fck deyildil\u0259r. Buraya g\u0259tirdiyimiz yenilikl\u0259r is\u0259 indiy\u0259 kimi g\u0259tirdikl\u0259rimizin \u0259n b\u00f6y\u00fcy\u00fcd\u00fcr. M\u0259nc\u0259, bu ham\u0131 \u00fc\u00e7\u00fcn \u00e7ox vacib h\u0259ft\u0259sonu olacaq. N\u00f6vb\u0259ti aylarda da \u00e7ox \u00f6n\u0259mli yenilikl\u0259rimiz olacaq. \u018fg\u0259r bunlar biz\u0259 yax\u015f\u0131 d\u00f6vr\u0259vi n\u0259tic\u0259 g\u0259tirm\u0259s\u0259l\u0259r, m\u00f6vs\u00fcm\u00fcn geri qalan\u0131 bizim \u00fc\u00e7\u00fcn maraql\u0131 olacaq. Eyni zamanda r\u0259qibl\u0259rimizin d\u0259 n\u0259l\u0259r g\u0259tir\u0259c\u0259yini bilmirik. Buna g\u00f6r\u0259 d\u0259 sad\u0259c\u0259 \u00f6z i\u015fimiz\u0259 k\u00f6kl\u0259nmi\u015fik. \u00dcmid edir\u0259m ki, buraya g\u0259tirdiyimiz yenilikl\u0259r d\u00f6vr\u0259vi n\u0259tic\u0259l\u0259rimizi yax\u015f\u0131la\u015fd\u0131rar. \u00dcmid edir\u0259m i\u015fl\u0259y\u0259r, \u00e7\u00fcnki, i\u015fl\u0259m\u0259s\u0259 bu bizim \u00fc\u00e7\u00fcn pis x\u0259b\u0259rdir, \u00e7\u00fcnki \u00fcz\u0259rind\u0259 i\u015fl\u0259diyiniz \u015feyl\u0259rin trasda performans g\u00f6st\u0259rm\u0259sini g\u00f6zl\u0259y\u0259rsiniz.<\/p>\n<p>M\u0259nc\u0259, bolidi sazlanma formam\u0131z, simulyatordan ald\u0131\u011f\u0131m\u0131z geribildiriml\u0259r v\u0259 dig\u0259r n\u00fcanslar bolidi bir az yax\u015f\u0131la\u015fd\u0131rmal\u0131d\u0131r. Bundan ba\u015fqa daha \u00e7ox performansa ehtiyac\u0131m\u0131z var, \u00e7\u00fcnki t\u0259bii olaraq ma\u015f\u0131n\u0131n performans\u0131 yax\u015f\u0131 olanda onu s\u00fcrm\u0259k d\u0259 asan olur. \u00c7\u00fcnki h\u0259r d\u0259f\u0259 limitl\u0259ri a\u015fman\u0131z ya da limitl\u0259r\u0259 yax\u0131n olma\u011f\u0131n\u0131z vacibdir.<\/p>\n<div class=\"ms-article_detail\">\n<div class=\"ms-article__main mb-dynamic\">\n<div class=\"ms-article__body\">\n<div id=\"ms-piano_article-precontent\" class=\"empty:contents\">Hadis\u0259l\u0259r\u0259 realist yana\u015fsaq, dig\u0259r komandalar bu il daha b\u00f6y\u00fck add\u0131mlar atd\u0131lar. M\u0259nc\u0259, bu \u00e7ox ba\u015fa d\u00fc\u015f\u00fcl\u0259n v\u0259ziyy\u0259tdir. Lakin bilir\u0259m ki, komanda performans\u0131 art\u0131rmaq \u00fc\u00e7\u00fcn \u0259lind\u0259n g\u0259l\u0259ni edir. Sazlanmalardan v\u0259 yenilikl\u0259rd\u0259n daha yax\u015f\u0131 n\u0259tic\u0259 \u0259ld\u0259 ed\u0259bil\u0259rik, amma daha \u00e7ox performans tapmal\u0131y\u0131q.<\/div>\n<\/div>\n<\/div>\n<\/div>\n<div><\/div>\n<div>Biz lider komanday\u0131q dey\u0259 aerodinamik boruda daha az vaxt\u0131m\u0131z var. Bunu bir b\u0259han\u0259 kimi demir\u0259m, \u00e7\u00fcnki bel\u0259 d\u00fc\u015f\u00fcnm\u0259k ist\u0259mir\u0259m. Amma art\u0131q oradak\u0131 i\u015f zaman\u0131m\u0131z var v\u0259 bu zamanla \u0259limind\u0259n g\u0259l\u0259nin \u0259n yax\u015f\u0131s\u0131n\u0131 etm\u0259y\u0259 \u00e7al\u0131\u015f\u0131r\u0131q.<\/div>\n<p>&nbsp;<\/p>\n<p>\u0130lin \u0259vv\u0259lind\u0259 bolidi s\u00fcr\u0259rk\u0259n \u00f6z\u00fcm\u00fc do\u011frudan da yax\u015f\u0131 hiss edirdim. H\u0259tta \u0259vv\u0259lki ild\u0259n daha rahar idi. Bu is\u0259 yax\u015f\u0131 hal idi. Lakin bir ne\u00e7\u0259 yar\u0131\u015fdan sonra r\u0259qab\u0259tin artmas\u0131 il\u0259 b\u0259z\u0259n sazlanma tapmaqda \u00e7\u0259tinlik \u00e7\u0259kdik. \u0130lk bir ne\u00e7\u0259 yar\u0131\u015fda do\u011frudan da problem ya\u015famad\u0131q v\u0259 h\u0259r \u015fey axar\u0131nda gedirdi&#8221;.<\/p>\n<p>Qeyd ed\u0259k ki, Red Bull komandas\u0131 bu il m\u00f6vs\u00fcm\u00fcn ilk 5 yar\u0131\u015f\u0131nda 4-d\u0259 qalib g\u0259ls\u0259 d\u0259, son 7 yar\u0131\u015f\u0131n \u00fc\u00e7\u00fcn\u00fc qazana bilibl\u0259r. Buna baxmayaraq, Maks Ferstappen \u0259n yax\u0131n r\u0259qibi Lando Norrisi 84 xal qabaqlay\u0131r. Red Bull is\u0259 M\u00fch\u0259ndisl\u0259r Kubokunda \u0259n yax\u0131n r\u0259qibi Ferrari-d\u0259n 71 xal \u00f6nd\u0259dir.<\/p>\n<div class=\"ms-article_detail\">\n<div class=\"ms-article__main mb-dynamic\">\n<div class=\"ms-article__body\">\n<div class=\"ms-article-content-wrapper my-dynamic\">\n<div class=\"ms-article-content\" data-autoplay=\"0\" data-mute=\"0\" data-position=\"embed\" data-series=\"f1\">\n<p>&nbsp;<\/p>\n<p>&nbsp;<\/p>\n<\/div>\n<\/div>\n<\/div>\n<\/div>\n<\/div>\n","protected":false},"excerpt":{"rendered":"<p>Red Bull komandas\u0131n\u0131n s\u00fcr\u00fcc\u00fcs\u00fc Maks Ferstappen bildirib ki, Macars\u0131tana g\u0259tirdikl\u0259ri yenilikl\u0259r m\u00f6vs\u00fcm\u00fcn qalan\u0131 \u00fc\u00e7\u00fcn \u00e7ox vacib olacaq.<\/p>\n","protected":false},"author":2,"featured_media":6818,"comment_status":"open","ping_status":"open","sticky":false,"template":"","format":"standard","meta":{"footnotes":""},"categories":[201,2],"tags":[103,169,56,51],"class_list":["post-6816","post","type-post","status-publish","format-standard","has-post-thumbnail","hentry","category-macaristanqran-prisi","category-news","tag-hungarian-grand-prix","tag-hungaroring","tag-max-verstappen","tag-red-bull-racing"],"yoast_head":"<!-- This site is optimized with the Yoast SEO plugin v27.5 - https:\/\/yoast.com\/product\/yoast-seo-wordpress\/ -->\n<title>M.Ferstappen: \u018fn b\u00f6y\u00fck yeniliyi g\u0259tirmi\u015fik - X\u0259b\u0259ri Kokpitd\u0259 Oxuyun!<\/title>\n<meta name=\"robots\" content=\"index, follow, max-snippet:-1, max-image-preview:large, max-video-preview:-1\" \/>\n<link rel=\"canonical\" href=\"https:\/\/kokpit.az\/?p=6816\" \/>\n<meta property=\"og:locale\" content=\"az_AZ\" \/>\n<meta property=\"og:type\" content=\"article\" \/>\n<meta property=\"og:title\" content=\"M.Ferstappen: \u018fn b\u00f6y\u00fck yeniliyi g\u0259tirmi\u015fik - X\u0259b\u0259ri Kokpitd\u0259 Oxuyun!\" \/>\n<meta property=\"og:description\" content=\"Red Bull komandas\u0131n\u0131n s\u00fcr\u00fcc\u00fcs\u00fc Maks Ferstappen bildirib ki, Macars\u0131tana g\u0259tirdikl\u0259ri yenilikl\u0259r m\u00f6vs\u00fcm\u00fcn qalan\u0131 \u00fc\u00e7\u00fcn \u00e7ox vacib olacaq.\" \/>\n<meta property=\"og:url\" content=\"https:\/\/kokpit.az\/?p=6816\" \/>\n<meta property=\"og:site_name\" content=\"X\u0259b\u0259ri Kokpitd\u0259 Oxuyun!\" \/>\n<meta property=\"article:publisher\" content=\"https:\/\/www.facebook.com\/profile.php?id=61553756392357\" \/>\n<meta property=\"article:published_time\" content=\"2024-07-19T04:57:44+00:00\" \/>\n<meta property=\"article:modified_time\" content=\"2024-07-19T15:32:26+00:00\" \/>\n<meta property=\"og:image\" content=\"https:\/\/kokpit.az\/wp-content\/uploads\/2024\/07\/max-verstappen-red-bull-racing-5-e1721365058877.webp\" \/>\n\t<meta property=\"og:image:width\" content=\"1200\" \/>\n\t<meta property=\"og:image:height\" content=\"630\" \/>\n\t<meta property=\"og:image:type\" content=\"image\/webp\" \/>\n<meta name=\"author\" content=\"Rauf Hac\u0131yev\" \/>\n<meta name=\"twitter:card\" content=\"summary_large_image\" \/>\n<meta name=\"twitter:label1\" content=\"Written by\" \/>\n\t<meta name=\"twitter:data1\" content=\"Rauf Hac\u0131yev\" \/>\n\t<meta name=\"twitter:label2\" content=\"Est. reading time\" \/>\n\t<meta name=\"twitter:data2\" content=\"3 minutes\" \/>\n<script type=\"application\/ld+json\" class=\"yoast-schema-graph\">{\"@context\":\"https:\\\/\\\/schema.org\",\"@graph\":[{\"@type\":\"Article\",\"@id\":\"https:\\\/\\\/kokpit.az\\\/?p=6816#article\",\"isPartOf\":{\"@id\":\"https:\\\/\\\/kokpit.az\\\/?p=6816\"},\"author\":{\"name\":\"Rauf Hac\u0131yev\",\"@id\":\"https:\\\/\\\/kokpit.az\\\/#\\\/schema\\\/person\\\/f4114e650bc2993d0650e4fb6933c581\"},\"headline\":\"M.Ferstappen: \u018fn b\u00f6y\u00fck yeniliyi g\u0259tirmi\u015fik\",\"datePublished\":\"2024-07-19T04:57:44+00:00\",\"dateModified\":\"2024-07-19T15:32:26+00:00\",\"mainEntityOfPage\":{\"@id\":\"https:\\\/\\\/kokpit.az\\\/?p=6816\"},\"wordCount\":703,\"commentCount\":0,\"publisher\":{\"@id\":\"https:\\\/\\\/kokpit.az\\\/#organization\"},\"image\":{\"@id\":\"https:\\\/\\\/kokpit.az\\\/?p=6816#primaryimage\"},\"thumbnailUrl\":\"https:\\\/\\\/kokpit.az\\\/wp-content\\\/uploads\\\/2024\\\/07\\\/max-verstappen-red-bull-racing-5-e1721365058877.webp\",\"keywords\":[\"Hungarian Grand Prix\",\"Hungaroring\",\"Max Verstappen\",\"Red Bull Racing\"],\"articleSection\":[\"Macar\u0131stan Qran Prisi\",\"X\u0259b\u0259rl\u0259r\"],\"inLanguage\":\"az\",\"potentialAction\":[{\"@type\":\"CommentAction\",\"name\":\"Comment\",\"target\":[\"https:\\\/\\\/kokpit.az\\\/?p=6816#respond\"]}]},{\"@type\":\"WebPage\",\"@id\":\"https:\\\/\\\/kokpit.az\\\/?p=6816\",\"url\":\"https:\\\/\\\/kokpit.az\\\/?p=6816\",\"name\":\"M.Ferstappen: \u018fn b\u00f6y\u00fck yeniliyi g\u0259tirmi\u015fik - X\u0259b\u0259ri Kokpitd\u0259 Oxuyun!\",\"isPartOf\":{\"@id\":\"https:\\\/\\\/kokpit.az\\\/#website\"},\"primaryImageOfPage\":{\"@id\":\"https:\\\/\\\/kokpit.az\\\/?p=6816#primaryimage\"},\"image\":{\"@id\":\"https:\\\/\\\/kokpit.az\\\/?p=6816#primaryimage\"},\"thumbnailUrl\":\"https:\\\/\\\/kokpit.az\\\/wp-content\\\/uploads\\\/2024\\\/07\\\/max-verstappen-red-bull-racing-5-e1721365058877.webp\",\"datePublished\":\"2024-07-19T04:57:44+00:00\",\"dateModified\":\"2024-07-19T15:32:26+00:00\",\"breadcrumb\":{\"@id\":\"https:\\\/\\\/kokpit.az\\\/?p=6816#breadcrumb\"},\"inLanguage\":\"az\",\"potentialAction\":[{\"@type\":\"ReadAction\",\"target\":[\"https:\\\/\\\/kokpit.az\\\/?p=6816\"]}]},{\"@type\":\"ImageObject\",\"inLanguage\":\"az\",\"@id\":\"https:\\\/\\\/kokpit.az\\\/?p=6816#primaryimage\",\"url\":\"https:\\\/\\\/kokpit.az\\\/wp-content\\\/uploads\\\/2024\\\/07\\\/max-verstappen-red-bull-racing-5-e1721365058877.webp\",\"contentUrl\":\"https:\\\/\\\/kokpit.az\\\/wp-content\\\/uploads\\\/2024\\\/07\\\/max-verstappen-red-bull-racing-5-e1721365058877.webp\",\"width\":1200,\"height\":630},{\"@type\":\"BreadcrumbList\",\"@id\":\"https:\\\/\\\/kokpit.az\\\/?p=6816#breadcrumb\",\"itemListElement\":[{\"@type\":\"ListItem\",\"position\":1,\"name\":\"Home\",\"item\":\"https:\\\/\\\/kokpit.az\\\/\"},{\"@type\":\"ListItem\",\"position\":2,\"name\":\"M.Ferstappen: \u018fn b\u00f6y\u00fck yeniliyi g\u0259tirmi\u015fik\"}]},{\"@type\":\"WebSite\",\"@id\":\"https:\\\/\\\/kokpit.az\\\/#website\",\"url\":\"https:\\\/\\\/kokpit.az\\\/\",\"name\":\"X\u0259b\u0259ri Kokpitd\u0259 Oxuyun!\",\"description\":\"\",\"publisher\":{\"@id\":\"https:\\\/\\\/kokpit.az\\\/#organization\"},\"potentialAction\":[{\"@type\":\"SearchAction\",\"target\":{\"@type\":\"EntryPoint\",\"urlTemplate\":\"https:\\\/\\\/kokpit.az\\\/?s={search_term_string}\"},\"query-input\":{\"@type\":\"PropertyValueSpecification\",\"valueRequired\":true,\"valueName\":\"search_term_string\"}}],\"inLanguage\":\"az\"},{\"@type\":\"Organization\",\"@id\":\"https:\\\/\\\/kokpit.az\\\/#organization\",\"name\":\"X\u0259b\u0259ri Kokpitd\u0259 Oxuyun!\",\"url\":\"https:\\\/\\\/kokpit.az\\\/\",\"logo\":{\"@type\":\"ImageObject\",\"inLanguage\":\"az\",\"@id\":\"https:\\\/\\\/kokpit.az\\\/#\\\/schema\\\/logo\\\/image\\\/\",\"url\":\"https:\\\/\\\/kokpit.az\\\/wp-content\\\/uploads\\\/2023\\\/05\\\/kokpit.jpg\",\"contentUrl\":\"https:\\\/\\\/kokpit.az\\\/wp-content\\\/uploads\\\/2023\\\/05\\\/kokpit.jpg\",\"width\":488,\"height\":245,\"caption\":\"X\u0259b\u0259ri Kokpitd\u0259 Oxuyun!\"},\"image\":{\"@id\":\"https:\\\/\\\/kokpit.az\\\/#\\\/schema\\\/logo\\\/image\\\/\"},\"sameAs\":[\"https:\\\/\\\/www.facebook.com\\\/profile.php?id=61553756392357\"]},{\"@type\":\"Person\",\"@id\":\"https:\\\/\\\/kokpit.az\\\/#\\\/schema\\\/person\\\/f4114e650bc2993d0650e4fb6933c581\",\"name\":\"Rauf Hac\u0131yev\",\"image\":{\"@type\":\"ImageObject\",\"inLanguage\":\"az\",\"@id\":\"https:\\\/\\\/secure.gravatar.com\\\/avatar\\\/394a2085c47c7acdcf41f7d270b7cbb52513d6f4f24c1cb6dfbbd61f98c0503d?s=96&d=mm&r=g\",\"url\":\"https:\\\/\\\/secure.gravatar.com\\\/avatar\\\/394a2085c47c7acdcf41f7d270b7cbb52513d6f4f24c1cb6dfbbd61f98c0503d?s=96&d=mm&r=g\",\"contentUrl\":\"https:\\\/\\\/secure.gravatar.com\\\/avatar\\\/394a2085c47c7acdcf41f7d270b7cbb52513d6f4f24c1cb6dfbbd61f98c0503d?s=96&d=mm&r=g\",\"caption\":\"Rauf Hac\u0131yev\"},\"sameAs\":[\"https:\\\/\\\/kokpit.az\"],\"url\":\"https:\\\/\\\/kokpit.az\\\/?author=2\"}]}<\/script>\n<!-- \/ Yoast SEO plugin. -->","yoast_head_json":{"title":"M.Ferstappen: \u018fn b\u00f6y\u00fck yeniliyi g\u0259tirmi\u015fik - X\u0259b\u0259ri Kokpitd\u0259 Oxuyun!","robots":{"index":"index","follow":"follow","max-snippet":"max-snippet:-1","max-image-preview":"max-image-preview:large","max-video-preview":"max-video-preview:-1"},"canonical":"https:\/\/kokpit.az\/?p=6816","og_locale":"az_AZ","og_type":"article","og_title":"M.Ferstappen: \u018fn b\u00f6y\u00fck yeniliyi g\u0259tirmi\u015fik - X\u0259b\u0259ri Kokpitd\u0259 Oxuyun!","og_description":"Red Bull komandas\u0131n\u0131n s\u00fcr\u00fcc\u00fcs\u00fc Maks Ferstappen bildirib ki, Macars\u0131tana g\u0259tirdikl\u0259ri yenilikl\u0259r m\u00f6vs\u00fcm\u00fcn qalan\u0131 \u00fc\u00e7\u00fcn \u00e7ox vacib olacaq.","og_url":"https:\/\/kokpit.az\/?p=6816","og_site_name":"X\u0259b\u0259ri Kokpitd\u0259 Oxuyun!","article_publisher":"https:\/\/www.facebook.com\/profile.php?id=61553756392357","article_published_time":"2024-07-19T04:57:44+00:00","article_modified_time":"2024-07-19T15:32:26+00:00","og_image":[{"width":1200,"height":630,"url":"https:\/\/kokpit.az\/wp-content\/uploads\/2024\/07\/max-verstappen-red-bull-racing-5-e1721365058877.webp","type":"image\/webp"}],"author":"Rauf Hac\u0131yev","twitter_card":"summary_large_image","twitter_misc":{"Written by":"Rauf Hac\u0131yev","Est. reading time":"3 minutes"},"schema":{"@context":"https:\/\/schema.org","@graph":[{"@type":"Article","@id":"https:\/\/kokpit.az\/?p=6816#article","isPartOf":{"@id":"https:\/\/kokpit.az\/?p=6816"},"author":{"name":"Rauf Hac\u0131yev","@id":"https:\/\/kokpit.az\/#\/schema\/person\/f4114e650bc2993d0650e4fb6933c581"},"headline":"M.Ferstappen: \u018fn b\u00f6y\u00fck yeniliyi g\u0259tirmi\u015fik","datePublished":"2024-07-19T04:57:44+00:00","dateModified":"2024-07-19T15:32:26+00:00","mainEntityOfPage":{"@id":"https:\/\/kokpit.az\/?p=6816"},"wordCount":703,"commentCount":0,"publisher":{"@id":"https:\/\/kokpit.az\/#organization"},"image":{"@id":"https:\/\/kokpit.az\/?p=6816#primaryimage"},"thumbnailUrl":"https:\/\/kokpit.az\/wp-content\/uploads\/2024\/07\/max-verstappen-red-bull-racing-5-e1721365058877.webp","keywords":["Hungarian Grand Prix","Hungaroring","Max Verstappen","Red Bull Racing"],"articleSection":["Macar\u0131stan Qran Prisi","X\u0259b\u0259rl\u0259r"],"inLanguage":"az","potentialAction":[{"@type":"CommentAction","name":"Comment","target":["https:\/\/kokpit.az\/?p=6816#respond"]}]},{"@type":"WebPage","@id":"https:\/\/kokpit.az\/?p=6816","url":"https:\/\/kokpit.az\/?p=6816","name":"M.Ferstappen: \u018fn b\u00f6y\u00fck yeniliyi g\u0259tirmi\u015fik - X\u0259b\u0259ri Kokpitd\u0259 Oxuyun!","isPartOf":{"@id":"https:\/\/kokpit.az\/#website"},"primaryImageOfPage":{"@id":"https:\/\/kokpit.az\/?p=6816#primaryimage"},"image":{"@id":"https:\/\/kokpit.az\/?p=6816#primaryimage"},"thumbnailUrl":"https:\/\/kokpit.az\/wp-content\/uploads\/2024\/07\/max-verstappen-red-bull-racing-5-e1721365058877.webp","datePublished":"2024-07-19T04:57:44+00:00","dateModified":"2024-07-19T15:32:26+00:00","breadcrumb":{"@id":"https:\/\/kokpit.az\/?p=6816#breadcrumb"},"inLanguage":"az","potentialAction":[{"@type":"ReadAction","target":["https:\/\/kokpit.az\/?p=6816"]}]},{"@type":"ImageObject","inLanguage":"az","@id":"https:\/\/kokpit.az\/?p=6816#primaryimage","url":"https:\/\/kokpit.az\/wp-content\/uploads\/2024\/07\/max-verstappen-red-bull-racing-5-e1721365058877.webp","contentUrl":"https:\/\/kokpit.az\/wp-content\/uploads\/2024\/07\/max-verstappen-red-bull-racing-5-e1721365058877.webp","width":1200,"height":630},{"@type":"BreadcrumbList","@id":"https:\/\/kokpit.az\/?p=6816#breadcrumb","itemListElement":[{"@type":"ListItem","position":1,"name":"Home","item":"https:\/\/kokpit.az\/"},{"@type":"ListItem","position":2,"name":"M.Ferstappen: \u018fn b\u00f6y\u00fck yeniliyi g\u0259tirmi\u015fik"}]},{"@type":"WebSite","@id":"https:\/\/kokpit.az\/#website","url":"https:\/\/kokpit.az\/","name":"X\u0259b\u0259ri Kokpitd\u0259 Oxuyun!","description":"","publisher":{"@id":"https:\/\/kokpit.az\/#organization"},"potentialAction":[{"@type":"SearchAction","target":{"@type":"EntryPoint","urlTemplate":"https:\/\/kokpit.az\/?s={search_term_string}"},"query-input":{"@type":"PropertyValueSpecification","valueRequired":true,"valueName":"search_term_string"}}],"inLanguage":"az"},{"@type":"Organization","@id":"https:\/\/kokpit.az\/#organization","name":"X\u0259b\u0259ri Kokpitd\u0259 Oxuyun!","url":"https:\/\/kokpit.az\/","logo":{"@type":"ImageObject","inLanguage":"az","@id":"https:\/\/kokpit.az\/#\/schema\/logo\/image\/","url":"https:\/\/kokpit.az\/wp-content\/uploads\/2023\/05\/kokpit.jpg","contentUrl":"https:\/\/kokpit.az\/wp-content\/uploads\/2023\/05\/kokpit.jpg","width":488,"height":245,"caption":"X\u0259b\u0259ri Kokpitd\u0259 Oxuyun!"},"image":{"@id":"https:\/\/kokpit.az\/#\/schema\/logo\/image\/"},"sameAs":["https:\/\/www.facebook.com\/profile.php?id=61553756392357"]},{"@type":"Person","@id":"https:\/\/kokpit.az\/#\/schema\/person\/f4114e650bc2993d0650e4fb6933c581","name":"Rauf Hac\u0131yev","image":{"@type":"ImageObject","inLanguage":"az","@id":"https:\/\/secure.gravatar.com\/avatar\/394a2085c47c7acdcf41f7d270b7cbb52513d6f4f24c1cb6dfbbd61f98c0503d?s=96&d=mm&r=g","url":"https:\/\/secure.gravatar.com\/avatar\/394a2085c47c7acdcf41f7d270b7cbb52513d6f4f24c1cb6dfbbd61f98c0503d?s=96&d=mm&r=g","contentUrl":"https:\/\/secure.gravatar.com\/avatar\/394a2085c47c7acdcf41f7d270b7cbb52513d6f4f24c1cb6dfbbd61f98c0503d?s=96&d=mm&r=g","caption":"Rauf Hac\u0131yev"},"sameAs":["https:\/\/kokpit.az"],"url":"https:\/\/kokpit.az\/?author=2"}]}},"_links":{"self":[{"href":"https:\/\/kokpit.az\/index.php?rest_route=\/wp\/v2\/posts\/6816","targetHints":{"allow":["GET"]}}],"collection":[{"href":"https:\/\/kokpit.az\/index.php?rest_route=\/wp\/v2\/posts"}],"about":[{"href":"https:\/\/kokpit.az\/index.php?rest_route=\/wp\/v2\/types\/post"}],"author":[{"embeddable":true,"href":"https:\/\/kokpit.az\/index.php?rest_route=\/wp\/v2\/users\/2"}],"replies":[{"embeddable":true,"href":"https:\/\/kokpit.az\/index.php?rest_route=%2Fwp%2Fv2%2Fcomments&post=6816"}],"version-history":[{"count":3,"href":"https:\/\/kokpit.az\/index.php?rest_route=\/wp\/v2\/posts\/6816\/revisions"}],"predecessor-version":[{"id":6833,"href":"https:\/\/kokpit.az\/index.php?rest_route=\/wp\/v2\/posts\/6816\/revisions\/6833"}],"wp:featuredmedia":[{"embeddable":true,"href":"https:\/\/kokpit.az\/index.php?rest_route=\/wp\/v2\/media\/6818"}],"wp:attachment":[{"href":"https:\/\/kokpit.az\/index.php?rest_route=%2Fwp%2Fv2%2Fmedia&parent=6816"}],"wp:term":[{"taxonomy":"category","embeddable":true,"href":"https:\/\/kokpit.az\/index.php?rest_route=%2Fwp%2Fv2%2Fcategories&post=6816"},{"taxonomy":"post_tag","embeddable":true,"href":"https:\/\/kokpit.az\/index.php?rest_route=%2Fwp%2Fv2%2Ftags&post=6816"}],"curies":[{"name":"wp","href":"https:\/\/api.w.org\/{rel}","templated":true}]}}