{"id":6797,"date":"2024-07-18T12:08:28","date_gmt":"2024-07-18T08:08:28","guid":{"rendered":"https:\/\/kokpit.az\/?p=6797"},"modified":"2024-07-18T12:45:09","modified_gmt":"2024-07-18T08:45:09","slug":"r%c9%99smi-maqnussen-ilin-sonunda-haas-dan-ayrilir","status":"publish","type":"post","link":"https:\/\/kokpit.az\/?p=6797","title":{"rendered":"R\u0259smi: Maqnussen ilin sonunda Haas-dan ayr\u0131l\u0131r"},"content":{"rendered":"<div class=\"msnt-entity-header pb-6 pt-4 t:pb-8 t:pt-0 \">\n<h2 class=\"text-article-description font-title italic font text-fg-on-color t:text-fg-default\">Kokpit.az xat\u0131rlad\u0131r ki, danimarkal\u0131 s\u00fcr\u00fcc\u00fc 2017-2020-ci ill\u0259rd\u0259 Haas komandas\u0131nda yar\u0131\u015fm\u0131\u015f v\u0259 2022-ci ild\u0259 Nikita Mazepinin qovulmas\u0131ndan sonra yenid\u0259n komandaya qay\u0131tm\u0131\u015fd\u0131. Kevin karyeras\u0131 \u0259rzind\u0259 McLaren, Renault v\u0259 Haas komandalar\u0131nda 175 yar\u0131\u015fa \u00e7\u0131x\u0131b. 175 yar\u0131\u015f\u0131n 135-i is\u0259 m\u0259hz Amerika t\u0259msil\u00e7isinin hey\u0259tind\u0259 olub.<\/h2>\n<\/div>\n<div class=\"ms-article_detail\">\n<div class=\"ms-article__main mb-dynamic\">\n<div class=\"ms-article__body\">\n<div id=\"ms-piano_article-precontent\" class=\"empty:contents\"><\/div>\n<div class=\"ms-article-content-wrapper my-dynamic\">\n<div class=\"ms-article-content\" data-autoplay=\"0\" data-mute=\"0\" data-position=\"embed\" data-series=\"f1\">\n<p>Kevin Maqnussen 2022-ci ild\u0259 komandaya qay\u0131td\u0131qdan sonra m\u00f6ht\u0259\u015f\u0259m performansla \u00fcr\u0259kl\u0259ri f\u0259th ets\u0259 d\u0259, 2023-c\u00fc ild\u0259 Niko H\u00fclkenberqin g\u0259li\u015fi il\u0259 g\u00f6zd\u0259n d\u00fc\u015fm\u0259y\u0259 ba\u015flam\u0131\u015fd\u0131. Bu il is\u0259 m\u00f6vs\u00fcm\u00fcn \u0259ks\u0259r yar\u0131\u015flar\u0131nda komanda yolda\u015f\u0131ndan gerid\u0259 qal\u0131b. \u0130ndiy\u0259 kimi Niko H\u00fclkenberq 22, Kevin Maqnussen is\u0259 5 xal toplaya bilib. Buna g\u00f6r\u0259 d\u0259 32 ya\u015fl\u0131 pilot \u00fc\u00e7\u00fcn t\u0259hl\u00fck\u0259 siqnallar\u0131 \u00e7al\u0131nma\u011fa ba\u015flam\u0131\u015fd\u0131.<\/p>\n<\/div>\n<\/div>\n<p>Bir ne\u00e7\u0259 h\u0259ft\u0259 idi ki, Kevin Maqnussenl\u0259 ba\u011fl\u0131 dedi-qodular var idi. Bu g\u00fcn is\u0259 Haas komandas\u0131 verdiyi x\u0259b\u0259rd\u0259 bildirib ki, danimarkal\u0131 s\u00fcr\u00fcc\u00fc il\u0259 ilin sonunda yollar\u0131 ay\u0131r\u0131rlar.<\/p>\n<\/div>\n<\/div>\n<\/div>\n<p><strong>Kevin Maqnussen<\/strong>: &#8220;Haas Formula 1 komandas\u0131nda h\u0259r k\u0259s\u0259 t\u0259\u015f\u0259kk\u00fcr\u00fcm\u00fc bildirm\u0259k ist\u0259yir\u0259m. Son bir ne\u00e7\u0259 ild\u0259 bel\u0259 g\u00f6z\u0259l kollektiv \u00fc\u00e7\u00fcn yar\u0131\u015fmaq m\u0259nim \u00fc\u00e7\u00fcn q\u00fcrur verici idi. X\u00fcsus\u0259n d\u0259 m\u0259n\u0259 g\u00fcv\u0259ndiyi \u00fc\u00e7\u00fcn Cin Haas-a t\u0259\u015f\u0259kk\u00fcr edir\u0259m. 2022-ci ild\u0259 d\u00fc\u015f\u00fcn\u00fcrd\u00fcm ki, Formula 1 karyeram sona \u00e7at\u0131b. O m\u0259ni idmana geri g\u0259tirdi v\u0259 buna g\u00f6r\u0259 minn\u0259tdaram.<\/p>\n<p>Bu komanda il\u0259 g\u00f6z\u0259l xatir\u0259l\u0259rim oldu. He\u00e7 vaxt unutmayaca\u011f\u0131m d\u00f6vrl\u0259r ke\u00e7irdik. Yar\u0131\u015f karyeram\u0131n sonrak\u0131 hiss\u0259sini s\u0259birsizlikl\u0259 g\u00f6zl\u0259s\u0259m d\u0259, 2024-c\u00fc ilin geri qalan\u0131nda Haas Formula 1 Komandas\u0131 \u00fc\u00e7\u00fcn \u0259limd\u0259n g\u0259l\u0259n h\u0259r \u015feyi ed\u0259c\u0259y\u0259m&#8221;.<\/p>\n<p>Bel\u0259likl\u0259, Haas komandas\u0131 g\u0259l\u0259n m\u00f6vs\u00fcm tamamil\u0259 yeni \u00a0hey\u0259tl\u0259 yar\u0131\u015facaq. Komandan\u0131n dig\u0259r s\u00fcr\u00fcc\u00fcs\u00fc Niko H\u00fclkenberq n\u00f6vb\u0259ti m\u00f6vs\u00fcm \u00fc\u00e7\u00fcn Sauber il\u0259 anla\u015f\u0131b. Onu haz\u0131rda Formula 2-d\u0259 yar\u0131\u015fan Oliver Berman \u0259v\u0259z ed\u0259c\u0259k. Kevin Maqnusseni is\u0259 ilin sonunda Alpine komandas\u0131ndan ayr\u0131lacaq Esteban Okonun \u0259v\u0259zl\u0259m\u0259si g\u00f6zl\u0259nilir.<\/p>\n","protected":false},"excerpt":{"rendered":"<p>Hass komandas\u0131 bu g\u00fcn verdiyi a\u00e7\u0131qlamada bildirib ki, Kevin Maqnussen 2024-c\u00fc il m\u00f6vs\u00fcm\u00fcn\u00fcn sonunda Amerika t\u0259msil\u00e7isinin s\u0131ralar\u0131n\u0131 t\u0259rk ed\u0259c\u0259k.\u00a0<\/p>\n","protected":false},"author":2,"featured_media":6798,"comment_status":"open","ping_status":"open","sticky":false,"template":"","format":"standard","meta":{"footnotes":""},"categories":[4,2],"tags":[89,87],"class_list":["post-6797","post","type-post","status-publish","format-standard","has-post-thumbnail","hentry","category-manshet","category-news","tag-kevin-magnussen","tag-moneygram-haas-f1-team"],"yoast_head":"<!-- This site is optimized with the Yoast SEO plugin v27.5 - https:\/\/yoast.com\/product\/yoast-seo-wordpress\/ -->\n<title>R\u0259smi: Maqnussen ilin sonunda Haas-dan ayr\u0131l\u0131r - X\u0259b\u0259ri Kokpitd\u0259 Oxuyun!<\/title>\n<meta name=\"robots\" content=\"index, follow, max-snippet:-1, max-image-preview:large, max-video-preview:-1\" \/>\n<link rel=\"canonical\" href=\"https:\/\/kokpit.az\/?p=6797\" \/>\n<meta property=\"og:locale\" content=\"az_AZ\" \/>\n<meta property=\"og:type\" content=\"article\" \/>\n<meta property=\"og:title\" content=\"R\u0259smi: Maqnussen ilin sonunda Haas-dan ayr\u0131l\u0131r - X\u0259b\u0259ri Kokpitd\u0259 Oxuyun!\" \/>\n<meta property=\"og:description\" content=\"Hass komandas\u0131 bu g\u00fcn verdiyi a\u00e7\u0131qlamada bildirib ki, Kevin Maqnussen 2024-c\u00fc il m\u00f6vs\u00fcm\u00fcn\u00fcn sonunda Amerika t\u0259msil\u00e7isinin s\u0131ralar\u0131n\u0131 t\u0259rk ed\u0259c\u0259k.\u00a0\" \/>\n<meta property=\"og:url\" content=\"https:\/\/kokpit.az\/?p=6797\" \/>\n<meta property=\"og:site_name\" content=\"X\u0259b\u0259ri Kokpitd\u0259 Oxuyun!\" \/>\n<meta property=\"article:publisher\" content=\"https:\/\/www.facebook.com\/profile.php?id=61553756392357\" \/>\n<meta property=\"article:published_time\" content=\"2024-07-18T08:08:28+00:00\" \/>\n<meta property=\"article:modified_time\" content=\"2024-07-18T08:45:09+00:00\" \/>\n<meta property=\"og:image\" content=\"https:\/\/kokpit.az\/wp-content\/uploads\/2024\/07\/kevin-magnussen-haas-vf-24kevi-e1721291966585.webp\" \/>\n\t<meta property=\"og:image:width\" content=\"1200\" \/>\n\t<meta property=\"og:image:height\" content=\"630\" \/>\n\t<meta property=\"og:image:type\" content=\"image\/webp\" \/>\n<meta name=\"author\" content=\"Rauf Hac\u0131yev\" \/>\n<meta name=\"twitter:card\" content=\"summary_large_image\" \/>\n<meta name=\"twitter:label1\" content=\"Written by\" \/>\n\t<meta name=\"twitter:data1\" content=\"Rauf Hac\u0131yev\" \/>\n\t<meta name=\"twitter:label2\" content=\"Est. reading time\" \/>\n\t<meta name=\"twitter:data2\" content=\"2 minutes\" \/>\n<script type=\"application\/ld+json\" class=\"yoast-schema-graph\">{\"@context\":\"https:\\\/\\\/schema.org\",\"@graph\":[{\"@type\":\"Article\",\"@id\":\"https:\\\/\\\/kokpit.az\\\/?p=6797#article\",\"isPartOf\":{\"@id\":\"https:\\\/\\\/kokpit.az\\\/?p=6797\"},\"author\":{\"name\":\"Rauf Hac\u0131yev\",\"@id\":\"https:\\\/\\\/kokpit.az\\\/#\\\/schema\\\/person\\\/f4114e650bc2993d0650e4fb6933c581\"},\"headline\":\"R\u0259smi: Maqnussen ilin sonunda Haas-dan ayr\u0131l\u0131r\",\"datePublished\":\"2024-07-18T08:08:28+00:00\",\"dateModified\":\"2024-07-18T08:45:09+00:00\",\"mainEntityOfPage\":{\"@id\":\"https:\\\/\\\/kokpit.az\\\/?p=6797\"},\"wordCount\":393,\"commentCount\":0,\"publisher\":{\"@id\":\"https:\\\/\\\/kokpit.az\\\/#organization\"},\"image\":{\"@id\":\"https:\\\/\\\/kokpit.az\\\/?p=6797#primaryimage\"},\"thumbnailUrl\":\"https:\\\/\\\/kokpit.az\\\/wp-content\\\/uploads\\\/2024\\\/07\\\/kevin-magnussen-haas-vf-24kevi-e1721291966585.webp\",\"keywords\":[\"Kevin Magnussen\",\"MoneyGram Haas F1 Team\"],\"articleSection\":[\"Man\u015fet\",\"X\u0259b\u0259rl\u0259r\"],\"inLanguage\":\"az\",\"potentialAction\":[{\"@type\":\"CommentAction\",\"name\":\"Comment\",\"target\":[\"https:\\\/\\\/kokpit.az\\\/?p=6797#respond\"]}]},{\"@type\":\"WebPage\",\"@id\":\"https:\\\/\\\/kokpit.az\\\/?p=6797\",\"url\":\"https:\\\/\\\/kokpit.az\\\/?p=6797\",\"name\":\"R\u0259smi: Maqnussen ilin sonunda Haas-dan ayr\u0131l\u0131r - X\u0259b\u0259ri Kokpitd\u0259 Oxuyun!\",\"isPartOf\":{\"@id\":\"https:\\\/\\\/kokpit.az\\\/#website\"},\"primaryImageOfPage\":{\"@id\":\"https:\\\/\\\/kokpit.az\\\/?p=6797#primaryimage\"},\"image\":{\"@id\":\"https:\\\/\\\/kokpit.az\\\/?p=6797#primaryimage\"},\"thumbnailUrl\":\"https:\\\/\\\/kokpit.az\\\/wp-content\\\/uploads\\\/2024\\\/07\\\/kevin-magnussen-haas-vf-24kevi-e1721291966585.webp\",\"datePublished\":\"2024-07-18T08:08:28+00:00\",\"dateModified\":\"2024-07-18T08:45:09+00:00\",\"breadcrumb\":{\"@id\":\"https:\\\/\\\/kokpit.az\\\/?p=6797#breadcrumb\"},\"inLanguage\":\"az\",\"potentialAction\":[{\"@type\":\"ReadAction\",\"target\":[\"https:\\\/\\\/kokpit.az\\\/?p=6797\"]}]},{\"@type\":\"ImageObject\",\"inLanguage\":\"az\",\"@id\":\"https:\\\/\\\/kokpit.az\\\/?p=6797#primaryimage\",\"url\":\"https:\\\/\\\/kokpit.az\\\/wp-content\\\/uploads\\\/2024\\\/07\\\/kevin-magnussen-haas-vf-24kevi-e1721291966585.webp\",\"contentUrl\":\"https:\\\/\\\/kokpit.az\\\/wp-content\\\/uploads\\\/2024\\\/07\\\/kevin-magnussen-haas-vf-24kevi-e1721291966585.webp\",\"width\":1200,\"height\":630},{\"@type\":\"BreadcrumbList\",\"@id\":\"https:\\\/\\\/kokpit.az\\\/?p=6797#breadcrumb\",\"itemListElement\":[{\"@type\":\"ListItem\",\"position\":1,\"name\":\"Home\",\"item\":\"https:\\\/\\\/kokpit.az\\\/\"},{\"@type\":\"ListItem\",\"position\":2,\"name\":\"R\u0259smi: Maqnussen ilin sonunda Haas-dan ayr\u0131l\u0131r\"}]},{\"@type\":\"WebSite\",\"@id\":\"https:\\\/\\\/kokpit.az\\\/#website\",\"url\":\"https:\\\/\\\/kokpit.az\\\/\",\"name\":\"X\u0259b\u0259ri Kokpitd\u0259 Oxuyun!\",\"description\":\"\",\"publisher\":{\"@id\":\"https:\\\/\\\/kokpit.az\\\/#organization\"},\"potentialAction\":[{\"@type\":\"SearchAction\",\"target\":{\"@type\":\"EntryPoint\",\"urlTemplate\":\"https:\\\/\\\/kokpit.az\\\/?s={search_term_string}\"},\"query-input\":{\"@type\":\"PropertyValueSpecification\",\"valueRequired\":true,\"valueName\":\"search_term_string\"}}],\"inLanguage\":\"az\"},{\"@type\":\"Organization\",\"@id\":\"https:\\\/\\\/kokpit.az\\\/#organization\",\"name\":\"X\u0259b\u0259ri Kokpitd\u0259 Oxuyun!\",\"url\":\"https:\\\/\\\/kokpit.az\\\/\",\"logo\":{\"@type\":\"ImageObject\",\"inLanguage\":\"az\",\"@id\":\"https:\\\/\\\/kokpit.az\\\/#\\\/schema\\\/logo\\\/image\\\/\",\"url\":\"https:\\\/\\\/kokpit.az\\\/wp-content\\\/uploads\\\/2023\\\/05\\\/kokpit.jpg\",\"contentUrl\":\"https:\\\/\\\/kokpit.az\\\/wp-content\\\/uploads\\\/2023\\\/05\\\/kokpit.jpg\",\"width\":488,\"height\":245,\"caption\":\"X\u0259b\u0259ri Kokpitd\u0259 Oxuyun!\"},\"image\":{\"@id\":\"https:\\\/\\\/kokpit.az\\\/#\\\/schema\\\/logo\\\/image\\\/\"},\"sameAs\":[\"https:\\\/\\\/www.facebook.com\\\/profile.php?id=61553756392357\"]},{\"@type\":\"Person\",\"@id\":\"https:\\\/\\\/kokpit.az\\\/#\\\/schema\\\/person\\\/f4114e650bc2993d0650e4fb6933c581\",\"name\":\"Rauf Hac\u0131yev\",\"image\":{\"@type\":\"ImageObject\",\"inLanguage\":\"az\",\"@id\":\"https:\\\/\\\/secure.gravatar.com\\\/avatar\\\/394a2085c47c7acdcf41f7d270b7cbb52513d6f4f24c1cb6dfbbd61f98c0503d?s=96&d=mm&r=g\",\"url\":\"https:\\\/\\\/secure.gravatar.com\\\/avatar\\\/394a2085c47c7acdcf41f7d270b7cbb52513d6f4f24c1cb6dfbbd61f98c0503d?s=96&d=mm&r=g\",\"contentUrl\":\"https:\\\/\\\/secure.gravatar.com\\\/avatar\\\/394a2085c47c7acdcf41f7d270b7cbb52513d6f4f24c1cb6dfbbd61f98c0503d?s=96&d=mm&r=g\",\"caption\":\"Rauf Hac\u0131yev\"},\"sameAs\":[\"https:\\\/\\\/kokpit.az\"],\"url\":\"https:\\\/\\\/kokpit.az\\\/?author=2\"}]}<\/script>\n<!-- \/ Yoast SEO plugin. -->","yoast_head_json":{"title":"R\u0259smi: Maqnussen ilin sonunda Haas-dan ayr\u0131l\u0131r - X\u0259b\u0259ri Kokpitd\u0259 Oxuyun!","robots":{"index":"index","follow":"follow","max-snippet":"max-snippet:-1","max-image-preview":"max-image-preview:large","max-video-preview":"max-video-preview:-1"},"canonical":"https:\/\/kokpit.az\/?p=6797","og_locale":"az_AZ","og_type":"article","og_title":"R\u0259smi: Maqnussen ilin sonunda Haas-dan ayr\u0131l\u0131r - X\u0259b\u0259ri Kokpitd\u0259 Oxuyun!","og_description":"Hass komandas\u0131 bu g\u00fcn verdiyi a\u00e7\u0131qlamada bildirib ki, Kevin Maqnussen 2024-c\u00fc il m\u00f6vs\u00fcm\u00fcn\u00fcn sonunda Amerika t\u0259msil\u00e7isinin s\u0131ralar\u0131n\u0131 t\u0259rk ed\u0259c\u0259k.\u00a0","og_url":"https:\/\/kokpit.az\/?p=6797","og_site_name":"X\u0259b\u0259ri Kokpitd\u0259 Oxuyun!","article_publisher":"https:\/\/www.facebook.com\/profile.php?id=61553756392357","article_published_time":"2024-07-18T08:08:28+00:00","article_modified_time":"2024-07-18T08:45:09+00:00","og_image":[{"width":1200,"height":630,"url":"https:\/\/kokpit.az\/wp-content\/uploads\/2024\/07\/kevin-magnussen-haas-vf-24kevi-e1721291966585.webp","type":"image\/webp"}],"author":"Rauf Hac\u0131yev","twitter_card":"summary_large_image","twitter_misc":{"Written by":"Rauf Hac\u0131yev","Est. reading time":"2 minutes"},"schema":{"@context":"https:\/\/schema.org","@graph":[{"@type":"Article","@id":"https:\/\/kokpit.az\/?p=6797#article","isPartOf":{"@id":"https:\/\/kokpit.az\/?p=6797"},"author":{"name":"Rauf Hac\u0131yev","@id":"https:\/\/kokpit.az\/#\/schema\/person\/f4114e650bc2993d0650e4fb6933c581"},"headline":"R\u0259smi: Maqnussen ilin sonunda Haas-dan ayr\u0131l\u0131r","datePublished":"2024-07-18T08:08:28+00:00","dateModified":"2024-07-18T08:45:09+00:00","mainEntityOfPage":{"@id":"https:\/\/kokpit.az\/?p=6797"},"wordCount":393,"commentCount":0,"publisher":{"@id":"https:\/\/kokpit.az\/#organization"},"image":{"@id":"https:\/\/kokpit.az\/?p=6797#primaryimage"},"thumbnailUrl":"https:\/\/kokpit.az\/wp-content\/uploads\/2024\/07\/kevin-magnussen-haas-vf-24kevi-e1721291966585.webp","keywords":["Kevin Magnussen","MoneyGram Haas F1 Team"],"articleSection":["Man\u015fet","X\u0259b\u0259rl\u0259r"],"inLanguage":"az","potentialAction":[{"@type":"CommentAction","name":"Comment","target":["https:\/\/kokpit.az\/?p=6797#respond"]}]},{"@type":"WebPage","@id":"https:\/\/kokpit.az\/?p=6797","url":"https:\/\/kokpit.az\/?p=6797","name":"R\u0259smi: Maqnussen ilin sonunda Haas-dan ayr\u0131l\u0131r - X\u0259b\u0259ri Kokpitd\u0259 Oxuyun!","isPartOf":{"@id":"https:\/\/kokpit.az\/#website"},"primaryImageOfPage":{"@id":"https:\/\/kokpit.az\/?p=6797#primaryimage"},"image":{"@id":"https:\/\/kokpit.az\/?p=6797#primaryimage"},"thumbnailUrl":"https:\/\/kokpit.az\/wp-content\/uploads\/2024\/07\/kevin-magnussen-haas-vf-24kevi-e1721291966585.webp","datePublished":"2024-07-18T08:08:28+00:00","dateModified":"2024-07-18T08:45:09+00:00","breadcrumb":{"@id":"https:\/\/kokpit.az\/?p=6797#breadcrumb"},"inLanguage":"az","potentialAction":[{"@type":"ReadAction","target":["https:\/\/kokpit.az\/?p=6797"]}]},{"@type":"ImageObject","inLanguage":"az","@id":"https:\/\/kokpit.az\/?p=6797#primaryimage","url":"https:\/\/kokpit.az\/wp-content\/uploads\/2024\/07\/kevin-magnussen-haas-vf-24kevi-e1721291966585.webp","contentUrl":"https:\/\/kokpit.az\/wp-content\/uploads\/2024\/07\/kevin-magnussen-haas-vf-24kevi-e1721291966585.webp","width":1200,"height":630},{"@type":"BreadcrumbList","@id":"https:\/\/kokpit.az\/?p=6797#breadcrumb","itemListElement":[{"@type":"ListItem","position":1,"name":"Home","item":"https:\/\/kokpit.az\/"},{"@type":"ListItem","position":2,"name":"R\u0259smi: Maqnussen ilin sonunda Haas-dan ayr\u0131l\u0131r"}]},{"@type":"WebSite","@id":"https:\/\/kokpit.az\/#website","url":"https:\/\/kokpit.az\/","name":"X\u0259b\u0259ri Kokpitd\u0259 Oxuyun!","description":"","publisher":{"@id":"https:\/\/kokpit.az\/#organization"},"potentialAction":[{"@type":"SearchAction","target":{"@type":"EntryPoint","urlTemplate":"https:\/\/kokpit.az\/?s={search_term_string}"},"query-input":{"@type":"PropertyValueSpecification","valueRequired":true,"valueName":"search_term_string"}}],"inLanguage":"az"},{"@type":"Organization","@id":"https:\/\/kokpit.az\/#organization","name":"X\u0259b\u0259ri Kokpitd\u0259 Oxuyun!","url":"https:\/\/kokpit.az\/","logo":{"@type":"ImageObject","inLanguage":"az","@id":"https:\/\/kokpit.az\/#\/schema\/logo\/image\/","url":"https:\/\/kokpit.az\/wp-content\/uploads\/2023\/05\/kokpit.jpg","contentUrl":"https:\/\/kokpit.az\/wp-content\/uploads\/2023\/05\/kokpit.jpg","width":488,"height":245,"caption":"X\u0259b\u0259ri Kokpitd\u0259 Oxuyun!"},"image":{"@id":"https:\/\/kokpit.az\/#\/schema\/logo\/image\/"},"sameAs":["https:\/\/www.facebook.com\/profile.php?id=61553756392357"]},{"@type":"Person","@id":"https:\/\/kokpit.az\/#\/schema\/person\/f4114e650bc2993d0650e4fb6933c581","name":"Rauf Hac\u0131yev","image":{"@type":"ImageObject","inLanguage":"az","@id":"https:\/\/secure.gravatar.com\/avatar\/394a2085c47c7acdcf41f7d270b7cbb52513d6f4f24c1cb6dfbbd61f98c0503d?s=96&d=mm&r=g","url":"https:\/\/secure.gravatar.com\/avatar\/394a2085c47c7acdcf41f7d270b7cbb52513d6f4f24c1cb6dfbbd61f98c0503d?s=96&d=mm&r=g","contentUrl":"https:\/\/secure.gravatar.com\/avatar\/394a2085c47c7acdcf41f7d270b7cbb52513d6f4f24c1cb6dfbbd61f98c0503d?s=96&d=mm&r=g","caption":"Rauf Hac\u0131yev"},"sameAs":["https:\/\/kokpit.az"],"url":"https:\/\/kokpit.az\/?author=2"}]}},"_links":{"self":[{"href":"https:\/\/kokpit.az\/index.php?rest_route=\/wp\/v2\/posts\/6797","targetHints":{"allow":["GET"]}}],"collection":[{"href":"https:\/\/kokpit.az\/index.php?rest_route=\/wp\/v2\/posts"}],"about":[{"href":"https:\/\/kokpit.az\/index.php?rest_route=\/wp\/v2\/types\/post"}],"author":[{"embeddable":true,"href":"https:\/\/kokpit.az\/index.php?rest_route=\/wp\/v2\/users\/2"}],"replies":[{"embeddable":true,"href":"https:\/\/kokpit.az\/index.php?rest_route=%2Fwp%2Fv2%2Fcomments&post=6797"}],"version-history":[{"count":2,"href":"https:\/\/kokpit.az\/index.php?rest_route=\/wp\/v2\/posts\/6797\/revisions"}],"predecessor-version":[{"id":6800,"href":"https:\/\/kokpit.az\/index.php?rest_route=\/wp\/v2\/posts\/6797\/revisions\/6800"}],"wp:featuredmedia":[{"embeddable":true,"href":"https:\/\/kokpit.az\/index.php?rest_route=\/wp\/v2\/media\/6798"}],"wp:attachment":[{"href":"https:\/\/kokpit.az\/index.php?rest_route=%2Fwp%2Fv2%2Fmedia&parent=6797"}],"wp:term":[{"taxonomy":"category","embeddable":true,"href":"https:\/\/kokpit.az\/index.php?rest_route=%2Fwp%2Fv2%2Fcategories&post=6797"},{"taxonomy":"post_tag","embeddable":true,"href":"https:\/\/kokpit.az\/index.php?rest_route=%2Fwp%2Fv2%2Ftags&post=6797"}],"curies":[{"name":"wp","href":"https:\/\/api.w.org\/{rel}","templated":true}]}}