{"id":6009,"date":"2024-06-12T15:20:19","date_gmt":"2024-06-12T11:20:19","guid":{"rendered":"https:\/\/kokpit.az\/?p=6009"},"modified":"2024-06-12T15:37:42","modified_gmt":"2024-06-12T11:37:42","slug":"formula-1-ucun-jurnalistl%c9%99rin-qeydiyyatina-start-verilib","status":"publish","type":"post","link":"https:\/\/kokpit.az\/?p=6009","title":{"rendered":"Formula 1 \u00fc\u00e7\u00fcn jurnalistl\u0259rin qeydiyyat\u0131na start verilib"},"content":{"rendered":"<p>Formula 1 Qatar Airways Az\u0259rbaycan Qran Prisi 2024-\u00fc i\u015f\u0131qland\u0131rmaq ist\u0259y\u0259n\u00a0K\u0130V\u00a0n\u00fcmay\u0259nd\u0259l\u0259ri\u00a0<a href=\"https:\/\/www.bakucitycircuit.com\/az\/accreditation-form\">Akkreditasiya Portal\u0131na<\/a> daxil olaraq\u00a0qeydiyyat \u00fc\u00e7\u00fcn\u00a0onlayn qaydada m\u00fcraci\u0259t ed\u0259 bil\u0259rl\u0259r.\u00a0Media n\u00fcmay\u0259ndl\u0259rind\u0259n qeydiyyatdan \u00f6nc\u0259 link\u0259 ke\u00e7id ed\u0259r\u0259k portaldan istifad\u0259 qaydalar\u0131n\u0131n \u0259ks olundu\u011fu <a href=\"https:\/\/cdn.bakucitycircuit.com\/guides\/media-accreditation-instructions-2024-az.pdf\">\u0130stifad\u0259\u00e7i T\u0259limat\u0131<\/a> il\u0259 tan\u0131\u015f olmalar\u0131 xahi\u015f olunur.<\/p>\n<p>Yar\u0131\u015flara qeydiyyat 12 iyun tarixind\u0259n etibar\u0259n start g\u00f6t\u00fcr\u00fcb 22 iyul, saat 15:00-d\u0259k davam ed\u0259c\u0259k.<\/p>\n<p>Natamam v\u0259 ya 22 iyul tarixind\u0259n gec g\u00f6nd\u0259rilmi\u015f m\u00fcraci\u0259t formalar\u0131 n\u0259z\u0259r\u0259 al\u0131nmayacaq.<\/p>\n<p>Qeyd ed\u0259k ki, 13-15 sentyabr 2024-c\u00fc il tarixl\u0259rind\u0259 ba\u015f tutacaq Formula 1 Az\u0259rbaycan Qran Prisi 2024 daxil olmaqla,\u00a0 FIA Formula 1 D\u00fcnya \u00c7empionat\u0131nda yer alan h\u0259r bir yar\u0131\u015f \u00fc\u00e7\u00fcn media n\u00fcmay\u0259nd\u0259l\u0259rinin akkreditasiyas\u0131 Beyn\u0259lxalq Avtomobil Federasiyas\u0131 (FIA) v\u0259\u00a0 Formula One Management (FOM) \u015firk\u0259ti t\u0259r\u0259find\u0259n t\u0259nziml\u0259nir. Yerli media n\u00fcmay\u0259nd\u0259l\u0259rinin yar\u0131\u015fa qeydiyyat prosesi Bak\u0131 \u015e\u0259h\u0259r Halqas\u0131 \u018fm\u0259liyyat \u015eirk\u0259ti (B\u015eH) t\u0259r\u0259find\u0259n icra olunur.<\/p>\n<p>Akkreditasiya prosesi il\u0259 \u0259laq\u0259dar \u0259lav\u0259 m\u0259lumat \u0259ld\u0259 etm\u0259k ist\u0259y\u0259nl\u0259r (+99455)\u00a0206 45 60\u00a0n\u00f6mr\u0259sin\u0259 z\u0259ng ed\u0259 v\u0259 ya\u00a0<a href=\"mailto:accreditation@bakugp.az\">accreditation@bakugp.az<\/a>\u00a0email \u00fcnvan\u0131na yaza bil\u0259rl\u0259r.<\/p>\n","protected":false},"excerpt":{"rendered":"<p>Formula 1 yar\u0131\u015flar\u0131n\u0131n Az\u0259rbaycandak\u0131 promouteri Bak\u0131 \u015e\u0259h\u0259r Halqas\u0131 \u018fm\u0259liyyat \u015eirk\u0259ti bu g\u00fcnd\u0259n etibar\u0259n media n\u00fcmay\u0259nd\u0259l\u0259ri \u00fc\u00e7\u00fcn akkreditasiya qeydiyyat\u0131na start verir.<\/p>\n","protected":false},"author":2,"featured_media":6012,"comment_status":"open","ping_status":"open","sticky":false,"template":"","format":"standard","meta":{"footnotes":""},"categories":[4,2],"tags":[97,361,362,155],"class_list":["post-6009","post","type-post","status-publish","format-standard","has-post-thumbnail","hentry","category-manshet","category-news","tag-azerbaijan-grand-prix","tag-azrbaycan-qran-prisi","tag-baki-shr-halqasi","tag-baku-city-circuit"],"yoast_head":"<!-- This site is optimized with the Yoast SEO plugin v27.5 - https:\/\/yoast.com\/product\/yoast-seo-wordpress\/ -->\n<title>Formula 1 \u00fc\u00e7\u00fcn jurnalistl\u0259rin qeydiyyat\u0131na start verilib - X\u0259b\u0259ri Kokpitd\u0259 Oxuyun!<\/title>\n<meta name=\"robots\" content=\"index, follow, max-snippet:-1, max-image-preview:large, max-video-preview:-1\" \/>\n<link rel=\"canonical\" href=\"https:\/\/kokpit.az\/?p=6009\" \/>\n<meta property=\"og:locale\" content=\"az_AZ\" \/>\n<meta property=\"og:type\" content=\"article\" \/>\n<meta property=\"og:title\" content=\"Formula 1 \u00fc\u00e7\u00fcn jurnalistl\u0259rin qeydiyyat\u0131na start verilib - X\u0259b\u0259ri Kokpitd\u0259 Oxuyun!\" \/>\n<meta property=\"og:description\" content=\"Formula 1 yar\u0131\u015flar\u0131n\u0131n Az\u0259rbaycandak\u0131 promouteri Bak\u0131 \u015e\u0259h\u0259r Halqas\u0131 \u018fm\u0259liyyat \u015eirk\u0259ti bu g\u00fcnd\u0259n etibar\u0259n media n\u00fcmay\u0259nd\u0259l\u0259ri \u00fc\u00e7\u00fcn akkreditasiya qeydiyyat\u0131na start verir.\" \/>\n<meta property=\"og:url\" content=\"https:\/\/kokpit.az\/?p=6009\" \/>\n<meta property=\"og:site_name\" content=\"X\u0259b\u0259ri Kokpitd\u0259 Oxuyun!\" \/>\n<meta property=\"article:publisher\" content=\"https:\/\/www.facebook.com\/profile.php?id=61553756392357\" \/>\n<meta property=\"article:published_time\" content=\"2024-06-12T11:20:19+00:00\" \/>\n<meta property=\"article:modified_time\" content=\"2024-06-12T11:37:42+00:00\" \/>\n<meta property=\"og:image\" content=\"https:\/\/kokpit.az\/wp-content\/uploads\/2024\/06\/charles-leclerc-laps-the-baku-circuit-sun-setting-planetf1-e1718192255100.jpg\" \/>\n\t<meta property=\"og:image:width\" content=\"1200\" \/>\n\t<meta property=\"og:image:height\" content=\"630\" \/>\n\t<meta property=\"og:image:type\" content=\"image\/jpeg\" \/>\n<meta name=\"author\" content=\"Rauf Hac\u0131yev\" \/>\n<meta name=\"twitter:card\" content=\"summary_large_image\" \/>\n<meta name=\"twitter:label1\" content=\"Written by\" \/>\n\t<meta name=\"twitter:data1\" content=\"Rauf Hac\u0131yev\" \/>\n\t<meta name=\"twitter:label2\" content=\"Est. reading time\" \/>\n\t<meta name=\"twitter:data2\" content=\"1 minute\" \/>\n<script type=\"application\/ld+json\" class=\"yoast-schema-graph\">{\"@context\":\"https:\\\/\\\/schema.org\",\"@graph\":[{\"@type\":\"Article\",\"@id\":\"https:\\\/\\\/kokpit.az\\\/?p=6009#article\",\"isPartOf\":{\"@id\":\"https:\\\/\\\/kokpit.az\\\/?p=6009\"},\"author\":{\"name\":\"Rauf Hac\u0131yev\",\"@id\":\"https:\\\/\\\/kokpit.az\\\/#\\\/schema\\\/person\\\/f4114e650bc2993d0650e4fb6933c581\"},\"headline\":\"Formula 1 \u00fc\u00e7\u00fcn jurnalistl\u0259rin qeydiyyat\u0131na start verilib\",\"datePublished\":\"2024-06-12T11:20:19+00:00\",\"dateModified\":\"2024-06-12T11:37:42+00:00\",\"mainEntityOfPage\":{\"@id\":\"https:\\\/\\\/kokpit.az\\\/?p=6009\"},\"wordCount\":234,\"commentCount\":0,\"publisher\":{\"@id\":\"https:\\\/\\\/kokpit.az\\\/#organization\"},\"image\":{\"@id\":\"https:\\\/\\\/kokpit.az\\\/?p=6009#primaryimage\"},\"thumbnailUrl\":\"https:\\\/\\\/kokpit.az\\\/wp-content\\\/uploads\\\/2024\\\/06\\\/charles-leclerc-laps-the-baku-circuit-sun-setting-planetf1-e1718192255100.jpg\",\"keywords\":[\"Azerbaijan Grand Prix\",\"Az\u0259rbaycan Qran Prisi\",\"Bak\u0131 \u015e\u0259h\u0259r Halqas\u0131\",\"Baku City Circuit\"],\"articleSection\":[\"Man\u015fet\",\"X\u0259b\u0259rl\u0259r\"],\"inLanguage\":\"az\",\"potentialAction\":[{\"@type\":\"CommentAction\",\"name\":\"Comment\",\"target\":[\"https:\\\/\\\/kokpit.az\\\/?p=6009#respond\"]}]},{\"@type\":\"WebPage\",\"@id\":\"https:\\\/\\\/kokpit.az\\\/?p=6009\",\"url\":\"https:\\\/\\\/kokpit.az\\\/?p=6009\",\"name\":\"Formula 1 \u00fc\u00e7\u00fcn jurnalistl\u0259rin qeydiyyat\u0131na start verilib - X\u0259b\u0259ri Kokpitd\u0259 Oxuyun!\",\"isPartOf\":{\"@id\":\"https:\\\/\\\/kokpit.az\\\/#website\"},\"primaryImageOfPage\":{\"@id\":\"https:\\\/\\\/kokpit.az\\\/?p=6009#primaryimage\"},\"image\":{\"@id\":\"https:\\\/\\\/kokpit.az\\\/?p=6009#primaryimage\"},\"thumbnailUrl\":\"https:\\\/\\\/kokpit.az\\\/wp-content\\\/uploads\\\/2024\\\/06\\\/charles-leclerc-laps-the-baku-circuit-sun-setting-planetf1-e1718192255100.jpg\",\"datePublished\":\"2024-06-12T11:20:19+00:00\",\"dateModified\":\"2024-06-12T11:37:42+00:00\",\"breadcrumb\":{\"@id\":\"https:\\\/\\\/kokpit.az\\\/?p=6009#breadcrumb\"},\"inLanguage\":\"az\",\"potentialAction\":[{\"@type\":\"ReadAction\",\"target\":[\"https:\\\/\\\/kokpit.az\\\/?p=6009\"]}]},{\"@type\":\"ImageObject\",\"inLanguage\":\"az\",\"@id\":\"https:\\\/\\\/kokpit.az\\\/?p=6009#primaryimage\",\"url\":\"https:\\\/\\\/kokpit.az\\\/wp-content\\\/uploads\\\/2024\\\/06\\\/charles-leclerc-laps-the-baku-circuit-sun-setting-planetf1-e1718192255100.jpg\",\"contentUrl\":\"https:\\\/\\\/kokpit.az\\\/wp-content\\\/uploads\\\/2024\\\/06\\\/charles-leclerc-laps-the-baku-circuit-sun-setting-planetf1-e1718192255100.jpg\",\"width\":1200,\"height\":630,\"caption\":\"2PW27B5 16 LECLERC Charles (mco), Scuderia Ferrari SF-23, action during the Formula 1 Azerbaijan Grand Prix 2023, 4th round of the 2023 Formula One World Championship from April 28 to 30, 2023 on the Baku City Circuit, in Baku, Azerbaijan - Photo DPPI Credit: DPPI Media\\\/Alamy Live News\"},{\"@type\":\"BreadcrumbList\",\"@id\":\"https:\\\/\\\/kokpit.az\\\/?p=6009#breadcrumb\",\"itemListElement\":[{\"@type\":\"ListItem\",\"position\":1,\"name\":\"Home\",\"item\":\"https:\\\/\\\/kokpit.az\\\/\"},{\"@type\":\"ListItem\",\"position\":2,\"name\":\"Formula 1 \u00fc\u00e7\u00fcn jurnalistl\u0259rin qeydiyyat\u0131na start verilib\"}]},{\"@type\":\"WebSite\",\"@id\":\"https:\\\/\\\/kokpit.az\\\/#website\",\"url\":\"https:\\\/\\\/kokpit.az\\\/\",\"name\":\"X\u0259b\u0259ri Kokpitd\u0259 Oxuyun!\",\"description\":\"\",\"publisher\":{\"@id\":\"https:\\\/\\\/kokpit.az\\\/#organization\"},\"potentialAction\":[{\"@type\":\"SearchAction\",\"target\":{\"@type\":\"EntryPoint\",\"urlTemplate\":\"https:\\\/\\\/kokpit.az\\\/?s={search_term_string}\"},\"query-input\":{\"@type\":\"PropertyValueSpecification\",\"valueRequired\":true,\"valueName\":\"search_term_string\"}}],\"inLanguage\":\"az\"},{\"@type\":\"Organization\",\"@id\":\"https:\\\/\\\/kokpit.az\\\/#organization\",\"name\":\"X\u0259b\u0259ri Kokpitd\u0259 Oxuyun!\",\"url\":\"https:\\\/\\\/kokpit.az\\\/\",\"logo\":{\"@type\":\"ImageObject\",\"inLanguage\":\"az\",\"@id\":\"https:\\\/\\\/kokpit.az\\\/#\\\/schema\\\/logo\\\/image\\\/\",\"url\":\"https:\\\/\\\/kokpit.az\\\/wp-content\\\/uploads\\\/2023\\\/05\\\/kokpit.jpg\",\"contentUrl\":\"https:\\\/\\\/kokpit.az\\\/wp-content\\\/uploads\\\/2023\\\/05\\\/kokpit.jpg\",\"width\":488,\"height\":245,\"caption\":\"X\u0259b\u0259ri Kokpitd\u0259 Oxuyun!\"},\"image\":{\"@id\":\"https:\\\/\\\/kokpit.az\\\/#\\\/schema\\\/logo\\\/image\\\/\"},\"sameAs\":[\"https:\\\/\\\/www.facebook.com\\\/profile.php?id=61553756392357\"]},{\"@type\":\"Person\",\"@id\":\"https:\\\/\\\/kokpit.az\\\/#\\\/schema\\\/person\\\/f4114e650bc2993d0650e4fb6933c581\",\"name\":\"Rauf Hac\u0131yev\",\"image\":{\"@type\":\"ImageObject\",\"inLanguage\":\"az\",\"@id\":\"https:\\\/\\\/secure.gravatar.com\\\/avatar\\\/394a2085c47c7acdcf41f7d270b7cbb52513d6f4f24c1cb6dfbbd61f98c0503d?s=96&d=mm&r=g\",\"url\":\"https:\\\/\\\/secure.gravatar.com\\\/avatar\\\/394a2085c47c7acdcf41f7d270b7cbb52513d6f4f24c1cb6dfbbd61f98c0503d?s=96&d=mm&r=g\",\"contentUrl\":\"https:\\\/\\\/secure.gravatar.com\\\/avatar\\\/394a2085c47c7acdcf41f7d270b7cbb52513d6f4f24c1cb6dfbbd61f98c0503d?s=96&d=mm&r=g\",\"caption\":\"Rauf Hac\u0131yev\"},\"sameAs\":[\"https:\\\/\\\/kokpit.az\"],\"url\":\"https:\\\/\\\/kokpit.az\\\/?author=2\"}]}<\/script>\n<!-- \/ Yoast SEO plugin. -->","yoast_head_json":{"title":"Formula 1 \u00fc\u00e7\u00fcn jurnalistl\u0259rin qeydiyyat\u0131na start verilib - X\u0259b\u0259ri Kokpitd\u0259 Oxuyun!","robots":{"index":"index","follow":"follow","max-snippet":"max-snippet:-1","max-image-preview":"max-image-preview:large","max-video-preview":"max-video-preview:-1"},"canonical":"https:\/\/kokpit.az\/?p=6009","og_locale":"az_AZ","og_type":"article","og_title":"Formula 1 \u00fc\u00e7\u00fcn jurnalistl\u0259rin qeydiyyat\u0131na start verilib - X\u0259b\u0259ri Kokpitd\u0259 Oxuyun!","og_description":"Formula 1 yar\u0131\u015flar\u0131n\u0131n Az\u0259rbaycandak\u0131 promouteri Bak\u0131 \u015e\u0259h\u0259r Halqas\u0131 \u018fm\u0259liyyat \u015eirk\u0259ti bu g\u00fcnd\u0259n etibar\u0259n media n\u00fcmay\u0259nd\u0259l\u0259ri \u00fc\u00e7\u00fcn akkreditasiya qeydiyyat\u0131na start verir.","og_url":"https:\/\/kokpit.az\/?p=6009","og_site_name":"X\u0259b\u0259ri Kokpitd\u0259 Oxuyun!","article_publisher":"https:\/\/www.facebook.com\/profile.php?id=61553756392357","article_published_time":"2024-06-12T11:20:19+00:00","article_modified_time":"2024-06-12T11:37:42+00:00","og_image":[{"width":1200,"height":630,"url":"https:\/\/kokpit.az\/wp-content\/uploads\/2024\/06\/charles-leclerc-laps-the-baku-circuit-sun-setting-planetf1-e1718192255100.jpg","type":"image\/jpeg"}],"author":"Rauf Hac\u0131yev","twitter_card":"summary_large_image","twitter_misc":{"Written by":"Rauf Hac\u0131yev","Est. reading time":"1 minute"},"schema":{"@context":"https:\/\/schema.org","@graph":[{"@type":"Article","@id":"https:\/\/kokpit.az\/?p=6009#article","isPartOf":{"@id":"https:\/\/kokpit.az\/?p=6009"},"author":{"name":"Rauf Hac\u0131yev","@id":"https:\/\/kokpit.az\/#\/schema\/person\/f4114e650bc2993d0650e4fb6933c581"},"headline":"Formula 1 \u00fc\u00e7\u00fcn jurnalistl\u0259rin qeydiyyat\u0131na start verilib","datePublished":"2024-06-12T11:20:19+00:00","dateModified":"2024-06-12T11:37:42+00:00","mainEntityOfPage":{"@id":"https:\/\/kokpit.az\/?p=6009"},"wordCount":234,"commentCount":0,"publisher":{"@id":"https:\/\/kokpit.az\/#organization"},"image":{"@id":"https:\/\/kokpit.az\/?p=6009#primaryimage"},"thumbnailUrl":"https:\/\/kokpit.az\/wp-content\/uploads\/2024\/06\/charles-leclerc-laps-the-baku-circuit-sun-setting-planetf1-e1718192255100.jpg","keywords":["Azerbaijan Grand Prix","Az\u0259rbaycan Qran Prisi","Bak\u0131 \u015e\u0259h\u0259r Halqas\u0131","Baku City Circuit"],"articleSection":["Man\u015fet","X\u0259b\u0259rl\u0259r"],"inLanguage":"az","potentialAction":[{"@type":"CommentAction","name":"Comment","target":["https:\/\/kokpit.az\/?p=6009#respond"]}]},{"@type":"WebPage","@id":"https:\/\/kokpit.az\/?p=6009","url":"https:\/\/kokpit.az\/?p=6009","name":"Formula 1 \u00fc\u00e7\u00fcn jurnalistl\u0259rin qeydiyyat\u0131na start verilib - X\u0259b\u0259ri Kokpitd\u0259 Oxuyun!","isPartOf":{"@id":"https:\/\/kokpit.az\/#website"},"primaryImageOfPage":{"@id":"https:\/\/kokpit.az\/?p=6009#primaryimage"},"image":{"@id":"https:\/\/kokpit.az\/?p=6009#primaryimage"},"thumbnailUrl":"https:\/\/kokpit.az\/wp-content\/uploads\/2024\/06\/charles-leclerc-laps-the-baku-circuit-sun-setting-planetf1-e1718192255100.jpg","datePublished":"2024-06-12T11:20:19+00:00","dateModified":"2024-06-12T11:37:42+00:00","breadcrumb":{"@id":"https:\/\/kokpit.az\/?p=6009#breadcrumb"},"inLanguage":"az","potentialAction":[{"@type":"ReadAction","target":["https:\/\/kokpit.az\/?p=6009"]}]},{"@type":"ImageObject","inLanguage":"az","@id":"https:\/\/kokpit.az\/?p=6009#primaryimage","url":"https:\/\/kokpit.az\/wp-content\/uploads\/2024\/06\/charles-leclerc-laps-the-baku-circuit-sun-setting-planetf1-e1718192255100.jpg","contentUrl":"https:\/\/kokpit.az\/wp-content\/uploads\/2024\/06\/charles-leclerc-laps-the-baku-circuit-sun-setting-planetf1-e1718192255100.jpg","width":1200,"height":630,"caption":"2PW27B5 16 LECLERC Charles (mco), Scuderia Ferrari SF-23, action during the Formula 1 Azerbaijan Grand Prix 2023, 4th round of the 2023 Formula One World Championship from April 28 to 30, 2023 on the Baku City Circuit, in Baku, Azerbaijan - Photo DPPI Credit: DPPI Media\/Alamy Live News"},{"@type":"BreadcrumbList","@id":"https:\/\/kokpit.az\/?p=6009#breadcrumb","itemListElement":[{"@type":"ListItem","position":1,"name":"Home","item":"https:\/\/kokpit.az\/"},{"@type":"ListItem","position":2,"name":"Formula 1 \u00fc\u00e7\u00fcn jurnalistl\u0259rin qeydiyyat\u0131na start verilib"}]},{"@type":"WebSite","@id":"https:\/\/kokpit.az\/#website","url":"https:\/\/kokpit.az\/","name":"X\u0259b\u0259ri Kokpitd\u0259 Oxuyun!","description":"","publisher":{"@id":"https:\/\/kokpit.az\/#organization"},"potentialAction":[{"@type":"SearchAction","target":{"@type":"EntryPoint","urlTemplate":"https:\/\/kokpit.az\/?s={search_term_string}"},"query-input":{"@type":"PropertyValueSpecification","valueRequired":true,"valueName":"search_term_string"}}],"inLanguage":"az"},{"@type":"Organization","@id":"https:\/\/kokpit.az\/#organization","name":"X\u0259b\u0259ri Kokpitd\u0259 Oxuyun!","url":"https:\/\/kokpit.az\/","logo":{"@type":"ImageObject","inLanguage":"az","@id":"https:\/\/kokpit.az\/#\/schema\/logo\/image\/","url":"https:\/\/kokpit.az\/wp-content\/uploads\/2023\/05\/kokpit.jpg","contentUrl":"https:\/\/kokpit.az\/wp-content\/uploads\/2023\/05\/kokpit.jpg","width":488,"height":245,"caption":"X\u0259b\u0259ri Kokpitd\u0259 Oxuyun!"},"image":{"@id":"https:\/\/kokpit.az\/#\/schema\/logo\/image\/"},"sameAs":["https:\/\/www.facebook.com\/profile.php?id=61553756392357"]},{"@type":"Person","@id":"https:\/\/kokpit.az\/#\/schema\/person\/f4114e650bc2993d0650e4fb6933c581","name":"Rauf Hac\u0131yev","image":{"@type":"ImageObject","inLanguage":"az","@id":"https:\/\/secure.gravatar.com\/avatar\/394a2085c47c7acdcf41f7d270b7cbb52513d6f4f24c1cb6dfbbd61f98c0503d?s=96&d=mm&r=g","url":"https:\/\/secure.gravatar.com\/avatar\/394a2085c47c7acdcf41f7d270b7cbb52513d6f4f24c1cb6dfbbd61f98c0503d?s=96&d=mm&r=g","contentUrl":"https:\/\/secure.gravatar.com\/avatar\/394a2085c47c7acdcf41f7d270b7cbb52513d6f4f24c1cb6dfbbd61f98c0503d?s=96&d=mm&r=g","caption":"Rauf Hac\u0131yev"},"sameAs":["https:\/\/kokpit.az"],"url":"https:\/\/kokpit.az\/?author=2"}]}},"_links":{"self":[{"href":"https:\/\/kokpit.az\/index.php?rest_route=\/wp\/v2\/posts\/6009","targetHints":{"allow":["GET"]}}],"collection":[{"href":"https:\/\/kokpit.az\/index.php?rest_route=\/wp\/v2\/posts"}],"about":[{"href":"https:\/\/kokpit.az\/index.php?rest_route=\/wp\/v2\/types\/post"}],"author":[{"embeddable":true,"href":"https:\/\/kokpit.az\/index.php?rest_route=\/wp\/v2\/users\/2"}],"replies":[{"embeddable":true,"href":"https:\/\/kokpit.az\/index.php?rest_route=%2Fwp%2Fv2%2Fcomments&post=6009"}],"version-history":[{"count":1,"href":"https:\/\/kokpit.az\/index.php?rest_route=\/wp\/v2\/posts\/6009\/revisions"}],"predecessor-version":[{"id":6011,"href":"https:\/\/kokpit.az\/index.php?rest_route=\/wp\/v2\/posts\/6009\/revisions\/6011"}],"wp:featuredmedia":[{"embeddable":true,"href":"https:\/\/kokpit.az\/index.php?rest_route=\/wp\/v2\/media\/6012"}],"wp:attachment":[{"href":"https:\/\/kokpit.az\/index.php?rest_route=%2Fwp%2Fv2%2Fmedia&parent=6009"}],"wp:term":[{"taxonomy":"category","embeddable":true,"href":"https:\/\/kokpit.az\/index.php?rest_route=%2Fwp%2Fv2%2Fcategories&post=6009"},{"taxonomy":"post_tag","embeddable":true,"href":"https:\/\/kokpit.az\/index.php?rest_route=%2Fwp%2Fv2%2Ftags&post=6009"}],"curies":[{"name":"wp","href":"https:\/\/api.w.org\/{rel}","templated":true}]}}