{"id":5874,"date":"2024-06-04T20:48:04","date_gmt":"2024-06-04T16:48:04","guid":{"rendered":"https:\/\/kokpit.az\/?p=5874"},"modified":"2024-06-04T22:27:38","modified_gmt":"2024-06-04T18:27:38","slug":"r%c9%99smi-serxio-peres-red-bull-da-qalacaq","status":"publish","type":"post","link":"https:\/\/kokpit.az\/?p=5874","title":{"rendered":"R\u0259smi: Serxio Peres Red Bull-da qalacaq"},"content":{"rendered":"<p>Kokpit.az xat\u0131rlad\u0131r ki, meksikal\u0131 s\u00fcr\u00fcc\u00fcn\u00fcn m\u00fcqavil\u0259si ilin sonunda ba\u015fa \u00e7atacaqd\u0131. Lakin komanda onu 2026-c\u0131 ilin sonuma q\u0259d\u0259r saxlamaq q\u0259rar\u0131 al\u0131b.<\/p>\n<p>Serxio 2024-c\u00fc il m\u00f6vs\u00fcm\u00fcn\u0259 yax\u015f\u0131 ba\u015flam\u0131\u015f v\u0259 ilk 4 yar\u0131\u015fda 3 ikincilik qazanm\u0131\u015fd\u0131. Onun son h\u0259ft\u0259l\u0259rd\u0259 performans\u0131 z\u0259ifl\u0259s\u0259 d\u0259, Red Bull yen\u0259 d\u0259 \u00c7ekonu saxlamaq q\u0259rar\u0131 al\u0131b.<\/p>\n<p>Komandan\u0131n r\u0259hb\u0259ri <strong>Kristian Horner<\/strong>: \u201c2025-ci il hey\u0259timizi r\u0259smil\u0259\u015fdirm\u0259k \u00fc\u00e7\u00fcn vacib vaxt idi. \u00c7eko il\u0259 i\u015fl\u0259m\u0259y\u0259 davam etdiyimiz \u00fc\u00e7\u00fcn \u00e7ox xo\u015fb\u0259xtik. Davaml\u0131l\u0131q v\u0259 stabillik komanda \u00fc\u00e7\u00fcn \u00e7ox vacibdir. \u00c7eko v\u0259 Maks ke\u00e7\u0259n il g\u00f6z\u0259l v\u0259hd\u0259t t\u0259\u015fkil ed\u0259r\u0259k, komandan\u0131n S\u00fcr\u00fcc\u00fcl\u0259r \u00c7empionat\u0131nda ilk iki yeri tutmas\u0131nda vacib rol oynad\u0131lar.<\/p>\n<p>\u00c7eko B\u0259hreyn, S\u0259udiyy\u0259 \u018fr\u0259bistan\u0131 v\u0259 Yaponiyada ikinci olmaqla, \u00c7ind\u0259 podiuma y\u00fcks\u0259lm\u0259kl\u0259 m\u00f6vs\u00fcm\u0259 \u0259la ba\u015flan\u011f\u0131c etdi\u201d.<\/p>\n<p><strong>Serxio Peres<\/strong>: \u201cBirlikd\u0259 yola davam etm\u0259k \u00fc\u00e7\u00fcn s\u0259birsizl\u0259nir\u0259m. Bu komandan\u0131n tarixin\u0259 daha iki il fayda verm\u0259k \u00fc\u00e7\u00fcn burada qalacam v\u0259 \u00e7ox xo\u015fb\u0259xt\u0259m. Komandan\u0131n bir hiss\u0259si olmaq g\u00f6z\u0259ldir. M\u0259n\u0259 g\u00fcv\u0259ndikl\u0259ri \u00fc\u00e7\u00fcn ham\u0131ya t\u0259\u015f\u0259kk\u00fcr etm\u0259k ist\u0259yir\u0259m. M\u0259n\u0259 inand\u0131lar v\u0259 m\u0259n h\u0259m trasda, h\u0259m d\u0259 trasdan k\u0259narda bu inam\u0131n qar\u015f\u0131l\u0131\u011f\u0131n\u0131 ver\u0259c\u0259m\u201d.<\/p>\n","protected":false},"excerpt":{"rendered":"<p>Red Bull komandas\u0131 s\u00fcr\u00fcc\u00fcs\u00fc Serxio Peresl\u0259 daha iki il m\u00fcqavil\u0259 uzad\u0131b.<\/p>\n","protected":false},"author":2,"featured_media":5876,"comment_status":"open","ping_status":"open","sticky":false,"template":"","format":"standard","meta":{"footnotes":""},"categories":[4,2],"tags":[51,57],"class_list":["post-5874","post","type-post","status-publish","format-standard","has-post-thumbnail","hentry","category-manshet","category-news","tag-red-bull-racing","tag-sergio-perez"],"yoast_head":"<!-- This site is optimized with the Yoast SEO plugin v27.5 - https:\/\/yoast.com\/product\/yoast-seo-wordpress\/ -->\n<title>R\u0259smi: Serxio Peres Red Bull-da qalacaq - X\u0259b\u0259ri Kokpitd\u0259 Oxuyun!<\/title>\n<meta name=\"robots\" content=\"index, follow, max-snippet:-1, max-image-preview:large, max-video-preview:-1\" \/>\n<link rel=\"canonical\" href=\"https:\/\/kokpit.az\/?p=5874\" \/>\n<meta property=\"og:locale\" content=\"az_AZ\" \/>\n<meta property=\"og:type\" content=\"article\" \/>\n<meta property=\"og:title\" content=\"R\u0259smi: Serxio Peres Red Bull-da qalacaq - X\u0259b\u0259ri Kokpitd\u0259 Oxuyun!\" \/>\n<meta property=\"og:description\" content=\"Red Bull komandas\u0131 s\u00fcr\u00fcc\u00fcs\u00fc Serxio Peresl\u0259 daha iki il m\u00fcqavil\u0259 uzad\u0131b.\" \/>\n<meta property=\"og:url\" content=\"https:\/\/kokpit.az\/?p=5874\" \/>\n<meta property=\"og:site_name\" content=\"X\u0259b\u0259ri Kokpitd\u0259 Oxuyun!\" \/>\n<meta property=\"article:publisher\" content=\"https:\/\/www.facebook.com\/profile.php?id=61553756392357\" \/>\n<meta property=\"article:published_time\" content=\"2024-06-04T16:48:04+00:00\" \/>\n<meta property=\"article:modified_time\" content=\"2024-06-04T18:27:38+00:00\" \/>\n<meta property=\"og:image\" content=\"https:\/\/kokpit.az\/wp-content\/uploads\/2024\/06\/IMG_4267.jpeg\" \/>\n\t<meta property=\"og:image:width\" content=\"1200\" \/>\n\t<meta property=\"og:image:height\" content=\"675\" \/>\n\t<meta property=\"og:image:type\" content=\"image\/jpeg\" \/>\n<meta name=\"author\" content=\"Rauf Hac\u0131yev\" \/>\n<meta name=\"twitter:card\" content=\"summary_large_image\" \/>\n<meta name=\"twitter:label1\" content=\"Written by\" \/>\n\t<meta name=\"twitter:data1\" content=\"Rauf Hac\u0131yev\" \/>\n\t<meta name=\"twitter:label2\" content=\"Est. reading time\" \/>\n\t<meta name=\"twitter:data2\" content=\"1 minute\" \/>\n<script type=\"application\/ld+json\" class=\"yoast-schema-graph\">{\"@context\":\"https:\\\/\\\/schema.org\",\"@graph\":[{\"@type\":\"Article\",\"@id\":\"https:\\\/\\\/kokpit.az\\\/?p=5874#article\",\"isPartOf\":{\"@id\":\"https:\\\/\\\/kokpit.az\\\/?p=5874\"},\"author\":{\"name\":\"Rauf Hac\u0131yev\",\"@id\":\"https:\\\/\\\/kokpit.az\\\/#\\\/schema\\\/person\\\/f4114e650bc2993d0650e4fb6933c581\"},\"headline\":\"R\u0259smi: Serxio Peres Red Bull-da qalacaq\",\"datePublished\":\"2024-06-04T16:48:04+00:00\",\"dateModified\":\"2024-06-04T18:27:38+00:00\",\"mainEntityOfPage\":{\"@id\":\"https:\\\/\\\/kokpit.az\\\/?p=5874\"},\"wordCount\":262,\"commentCount\":0,\"publisher\":{\"@id\":\"https:\\\/\\\/kokpit.az\\\/#organization\"},\"image\":{\"@id\":\"https:\\\/\\\/kokpit.az\\\/?p=5874#primaryimage\"},\"thumbnailUrl\":\"https:\\\/\\\/kokpit.az\\\/wp-content\\\/uploads\\\/2024\\\/06\\\/IMG_4267.jpeg\",\"keywords\":[\"Red Bull Racing\",\"Sergio Perez\"],\"articleSection\":[\"Man\u015fet\",\"X\u0259b\u0259rl\u0259r\"],\"inLanguage\":\"az\",\"potentialAction\":[{\"@type\":\"CommentAction\",\"name\":\"Comment\",\"target\":[\"https:\\\/\\\/kokpit.az\\\/?p=5874#respond\"]}]},{\"@type\":\"WebPage\",\"@id\":\"https:\\\/\\\/kokpit.az\\\/?p=5874\",\"url\":\"https:\\\/\\\/kokpit.az\\\/?p=5874\",\"name\":\"R\u0259smi: Serxio Peres Red Bull-da qalacaq - X\u0259b\u0259ri Kokpitd\u0259 Oxuyun!\",\"isPartOf\":{\"@id\":\"https:\\\/\\\/kokpit.az\\\/#website\"},\"primaryImageOfPage\":{\"@id\":\"https:\\\/\\\/kokpit.az\\\/?p=5874#primaryimage\"},\"image\":{\"@id\":\"https:\\\/\\\/kokpit.az\\\/?p=5874#primaryimage\"},\"thumbnailUrl\":\"https:\\\/\\\/kokpit.az\\\/wp-content\\\/uploads\\\/2024\\\/06\\\/IMG_4267.jpeg\",\"datePublished\":\"2024-06-04T16:48:04+00:00\",\"dateModified\":\"2024-06-04T18:27:38+00:00\",\"breadcrumb\":{\"@id\":\"https:\\\/\\\/kokpit.az\\\/?p=5874#breadcrumb\"},\"inLanguage\":\"az\",\"potentialAction\":[{\"@type\":\"ReadAction\",\"target\":[\"https:\\\/\\\/kokpit.az\\\/?p=5874\"]}]},{\"@type\":\"ImageObject\",\"inLanguage\":\"az\",\"@id\":\"https:\\\/\\\/kokpit.az\\\/?p=5874#primaryimage\",\"url\":\"https:\\\/\\\/kokpit.az\\\/wp-content\\\/uploads\\\/2024\\\/06\\\/IMG_4267.jpeg\",\"contentUrl\":\"https:\\\/\\\/kokpit.az\\\/wp-content\\\/uploads\\\/2024\\\/06\\\/IMG_4267.jpeg\",\"width\":1200,\"height\":675},{\"@type\":\"BreadcrumbList\",\"@id\":\"https:\\\/\\\/kokpit.az\\\/?p=5874#breadcrumb\",\"itemListElement\":[{\"@type\":\"ListItem\",\"position\":1,\"name\":\"Home\",\"item\":\"https:\\\/\\\/kokpit.az\\\/\"},{\"@type\":\"ListItem\",\"position\":2,\"name\":\"R\u0259smi: Serxio Peres Red Bull-da qalacaq\"}]},{\"@type\":\"WebSite\",\"@id\":\"https:\\\/\\\/kokpit.az\\\/#website\",\"url\":\"https:\\\/\\\/kokpit.az\\\/\",\"name\":\"X\u0259b\u0259ri Kokpitd\u0259 Oxuyun!\",\"description\":\"\",\"publisher\":{\"@id\":\"https:\\\/\\\/kokpit.az\\\/#organization\"},\"potentialAction\":[{\"@type\":\"SearchAction\",\"target\":{\"@type\":\"EntryPoint\",\"urlTemplate\":\"https:\\\/\\\/kokpit.az\\\/?s={search_term_string}\"},\"query-input\":{\"@type\":\"PropertyValueSpecification\",\"valueRequired\":true,\"valueName\":\"search_term_string\"}}],\"inLanguage\":\"az\"},{\"@type\":\"Organization\",\"@id\":\"https:\\\/\\\/kokpit.az\\\/#organization\",\"name\":\"X\u0259b\u0259ri Kokpitd\u0259 Oxuyun!\",\"url\":\"https:\\\/\\\/kokpit.az\\\/\",\"logo\":{\"@type\":\"ImageObject\",\"inLanguage\":\"az\",\"@id\":\"https:\\\/\\\/kokpit.az\\\/#\\\/schema\\\/logo\\\/image\\\/\",\"url\":\"https:\\\/\\\/kokpit.az\\\/wp-content\\\/uploads\\\/2023\\\/05\\\/kokpit.jpg\",\"contentUrl\":\"https:\\\/\\\/kokpit.az\\\/wp-content\\\/uploads\\\/2023\\\/05\\\/kokpit.jpg\",\"width\":488,\"height\":245,\"caption\":\"X\u0259b\u0259ri Kokpitd\u0259 Oxuyun!\"},\"image\":{\"@id\":\"https:\\\/\\\/kokpit.az\\\/#\\\/schema\\\/logo\\\/image\\\/\"},\"sameAs\":[\"https:\\\/\\\/www.facebook.com\\\/profile.php?id=61553756392357\"]},{\"@type\":\"Person\",\"@id\":\"https:\\\/\\\/kokpit.az\\\/#\\\/schema\\\/person\\\/f4114e650bc2993d0650e4fb6933c581\",\"name\":\"Rauf Hac\u0131yev\",\"image\":{\"@type\":\"ImageObject\",\"inLanguage\":\"az\",\"@id\":\"https:\\\/\\\/secure.gravatar.com\\\/avatar\\\/394a2085c47c7acdcf41f7d270b7cbb52513d6f4f24c1cb6dfbbd61f98c0503d?s=96&d=mm&r=g\",\"url\":\"https:\\\/\\\/secure.gravatar.com\\\/avatar\\\/394a2085c47c7acdcf41f7d270b7cbb52513d6f4f24c1cb6dfbbd61f98c0503d?s=96&d=mm&r=g\",\"contentUrl\":\"https:\\\/\\\/secure.gravatar.com\\\/avatar\\\/394a2085c47c7acdcf41f7d270b7cbb52513d6f4f24c1cb6dfbbd61f98c0503d?s=96&d=mm&r=g\",\"caption\":\"Rauf Hac\u0131yev\"},\"sameAs\":[\"https:\\\/\\\/kokpit.az\"],\"url\":\"https:\\\/\\\/kokpit.az\\\/?author=2\"}]}<\/script>\n<!-- \/ Yoast SEO plugin. -->","yoast_head_json":{"title":"R\u0259smi: Serxio Peres Red Bull-da qalacaq - X\u0259b\u0259ri Kokpitd\u0259 Oxuyun!","robots":{"index":"index","follow":"follow","max-snippet":"max-snippet:-1","max-image-preview":"max-image-preview:large","max-video-preview":"max-video-preview:-1"},"canonical":"https:\/\/kokpit.az\/?p=5874","og_locale":"az_AZ","og_type":"article","og_title":"R\u0259smi: Serxio Peres Red Bull-da qalacaq - X\u0259b\u0259ri Kokpitd\u0259 Oxuyun!","og_description":"Red Bull komandas\u0131 s\u00fcr\u00fcc\u00fcs\u00fc Serxio Peresl\u0259 daha iki il m\u00fcqavil\u0259 uzad\u0131b.","og_url":"https:\/\/kokpit.az\/?p=5874","og_site_name":"X\u0259b\u0259ri Kokpitd\u0259 Oxuyun!","article_publisher":"https:\/\/www.facebook.com\/profile.php?id=61553756392357","article_published_time":"2024-06-04T16:48:04+00:00","article_modified_time":"2024-06-04T18:27:38+00:00","og_image":[{"width":1200,"height":675,"url":"https:\/\/kokpit.az\/wp-content\/uploads\/2024\/06\/IMG_4267.jpeg","type":"image\/jpeg"}],"author":"Rauf Hac\u0131yev","twitter_card":"summary_large_image","twitter_misc":{"Written by":"Rauf Hac\u0131yev","Est. reading time":"1 minute"},"schema":{"@context":"https:\/\/schema.org","@graph":[{"@type":"Article","@id":"https:\/\/kokpit.az\/?p=5874#article","isPartOf":{"@id":"https:\/\/kokpit.az\/?p=5874"},"author":{"name":"Rauf Hac\u0131yev","@id":"https:\/\/kokpit.az\/#\/schema\/person\/f4114e650bc2993d0650e4fb6933c581"},"headline":"R\u0259smi: Serxio Peres Red Bull-da qalacaq","datePublished":"2024-06-04T16:48:04+00:00","dateModified":"2024-06-04T18:27:38+00:00","mainEntityOfPage":{"@id":"https:\/\/kokpit.az\/?p=5874"},"wordCount":262,"commentCount":0,"publisher":{"@id":"https:\/\/kokpit.az\/#organization"},"image":{"@id":"https:\/\/kokpit.az\/?p=5874#primaryimage"},"thumbnailUrl":"https:\/\/kokpit.az\/wp-content\/uploads\/2024\/06\/IMG_4267.jpeg","keywords":["Red Bull Racing","Sergio Perez"],"articleSection":["Man\u015fet","X\u0259b\u0259rl\u0259r"],"inLanguage":"az","potentialAction":[{"@type":"CommentAction","name":"Comment","target":["https:\/\/kokpit.az\/?p=5874#respond"]}]},{"@type":"WebPage","@id":"https:\/\/kokpit.az\/?p=5874","url":"https:\/\/kokpit.az\/?p=5874","name":"R\u0259smi: Serxio Peres Red Bull-da qalacaq - X\u0259b\u0259ri Kokpitd\u0259 Oxuyun!","isPartOf":{"@id":"https:\/\/kokpit.az\/#website"},"primaryImageOfPage":{"@id":"https:\/\/kokpit.az\/?p=5874#primaryimage"},"image":{"@id":"https:\/\/kokpit.az\/?p=5874#primaryimage"},"thumbnailUrl":"https:\/\/kokpit.az\/wp-content\/uploads\/2024\/06\/IMG_4267.jpeg","datePublished":"2024-06-04T16:48:04+00:00","dateModified":"2024-06-04T18:27:38+00:00","breadcrumb":{"@id":"https:\/\/kokpit.az\/?p=5874#breadcrumb"},"inLanguage":"az","potentialAction":[{"@type":"ReadAction","target":["https:\/\/kokpit.az\/?p=5874"]}]},{"@type":"ImageObject","inLanguage":"az","@id":"https:\/\/kokpit.az\/?p=5874#primaryimage","url":"https:\/\/kokpit.az\/wp-content\/uploads\/2024\/06\/IMG_4267.jpeg","contentUrl":"https:\/\/kokpit.az\/wp-content\/uploads\/2024\/06\/IMG_4267.jpeg","width":1200,"height":675},{"@type":"BreadcrumbList","@id":"https:\/\/kokpit.az\/?p=5874#breadcrumb","itemListElement":[{"@type":"ListItem","position":1,"name":"Home","item":"https:\/\/kokpit.az\/"},{"@type":"ListItem","position":2,"name":"R\u0259smi: Serxio Peres Red Bull-da qalacaq"}]},{"@type":"WebSite","@id":"https:\/\/kokpit.az\/#website","url":"https:\/\/kokpit.az\/","name":"X\u0259b\u0259ri Kokpitd\u0259 Oxuyun!","description":"","publisher":{"@id":"https:\/\/kokpit.az\/#organization"},"potentialAction":[{"@type":"SearchAction","target":{"@type":"EntryPoint","urlTemplate":"https:\/\/kokpit.az\/?s={search_term_string}"},"query-input":{"@type":"PropertyValueSpecification","valueRequired":true,"valueName":"search_term_string"}}],"inLanguage":"az"},{"@type":"Organization","@id":"https:\/\/kokpit.az\/#organization","name":"X\u0259b\u0259ri Kokpitd\u0259 Oxuyun!","url":"https:\/\/kokpit.az\/","logo":{"@type":"ImageObject","inLanguage":"az","@id":"https:\/\/kokpit.az\/#\/schema\/logo\/image\/","url":"https:\/\/kokpit.az\/wp-content\/uploads\/2023\/05\/kokpit.jpg","contentUrl":"https:\/\/kokpit.az\/wp-content\/uploads\/2023\/05\/kokpit.jpg","width":488,"height":245,"caption":"X\u0259b\u0259ri Kokpitd\u0259 Oxuyun!"},"image":{"@id":"https:\/\/kokpit.az\/#\/schema\/logo\/image\/"},"sameAs":["https:\/\/www.facebook.com\/profile.php?id=61553756392357"]},{"@type":"Person","@id":"https:\/\/kokpit.az\/#\/schema\/person\/f4114e650bc2993d0650e4fb6933c581","name":"Rauf Hac\u0131yev","image":{"@type":"ImageObject","inLanguage":"az","@id":"https:\/\/secure.gravatar.com\/avatar\/394a2085c47c7acdcf41f7d270b7cbb52513d6f4f24c1cb6dfbbd61f98c0503d?s=96&d=mm&r=g","url":"https:\/\/secure.gravatar.com\/avatar\/394a2085c47c7acdcf41f7d270b7cbb52513d6f4f24c1cb6dfbbd61f98c0503d?s=96&d=mm&r=g","contentUrl":"https:\/\/secure.gravatar.com\/avatar\/394a2085c47c7acdcf41f7d270b7cbb52513d6f4f24c1cb6dfbbd61f98c0503d?s=96&d=mm&r=g","caption":"Rauf Hac\u0131yev"},"sameAs":["https:\/\/kokpit.az"],"url":"https:\/\/kokpit.az\/?author=2"}]}},"_links":{"self":[{"href":"https:\/\/kokpit.az\/index.php?rest_route=\/wp\/v2\/posts\/5874","targetHints":{"allow":["GET"]}}],"collection":[{"href":"https:\/\/kokpit.az\/index.php?rest_route=\/wp\/v2\/posts"}],"about":[{"href":"https:\/\/kokpit.az\/index.php?rest_route=\/wp\/v2\/types\/post"}],"author":[{"embeddable":true,"href":"https:\/\/kokpit.az\/index.php?rest_route=\/wp\/v2\/users\/2"}],"replies":[{"embeddable":true,"href":"https:\/\/kokpit.az\/index.php?rest_route=%2Fwp%2Fv2%2Fcomments&post=5874"}],"version-history":[{"count":1,"href":"https:\/\/kokpit.az\/index.php?rest_route=\/wp\/v2\/posts\/5874\/revisions"}],"predecessor-version":[{"id":5875,"href":"https:\/\/kokpit.az\/index.php?rest_route=\/wp\/v2\/posts\/5874\/revisions\/5875"}],"wp:featuredmedia":[{"embeddable":true,"href":"https:\/\/kokpit.az\/index.php?rest_route=\/wp\/v2\/media\/5876"}],"wp:attachment":[{"href":"https:\/\/kokpit.az\/index.php?rest_route=%2Fwp%2Fv2%2Fmedia&parent=5874"}],"wp:term":[{"taxonomy":"category","embeddable":true,"href":"https:\/\/kokpit.az\/index.php?rest_route=%2Fwp%2Fv2%2Fcategories&post=5874"},{"taxonomy":"post_tag","embeddable":true,"href":"https:\/\/kokpit.az\/index.php?rest_route=%2Fwp%2Fv2%2Ftags&post=5874"}],"curies":[{"name":"wp","href":"https:\/\/api.w.org\/{rel}","templated":true}]}}