{"id":5864,"date":"2024-06-03T15:18:38","date_gmt":"2024-06-03T11:18:38","guid":{"rendered":"https:\/\/kokpit.az\/?p=5864"},"modified":"2024-06-03T16:37:08","modified_gmt":"2024-06-03T12:37:08","slug":"r%c9%99smi-bu-d%c9%99f%c9%99-d%c9%99-esteban-okon-alpine-l%c9%99-yollarini-ayirib","status":"publish","type":"post","link":"https:\/\/kokpit.az\/?p=5864","title":{"rendered":"R\u0259smi: Bu d\u0259f\u0259 d\u0259 Esteban Okon Alpine-l\u0259 yollar\u0131n\u0131 ay\u0131r\u0131b"},"content":{"rendered":"<p>Kokpit.az xat\u0131rlad\u0131r ki, fransal\u0131 s\u00fcr\u00fcc\u00fc 2020-ci ild\u0259 Renault komandas\u0131na qat\u0131lm\u0131\u015f v\u0259 2021-ci ilin Macar\u0131stan yar\u0131\u015f\u0131nda karyeras\u0131n\u0131n ilk q\u0259l\u0259b\u0259sini qazanm\u0131\u015fd\u0131. Onun \u00fc\u00e7illik m\u00fcqavil\u0259si bu ilin sonunda ba\u015fa \u00e7atacaqd\u0131.<\/p>\n<p>Bu g\u00fcn veril\u0259n r\u0259smi a\u00e7\u0131qlamada bildirilib ki, Alpine komandas\u0131 fransal\u0131 s\u00fcr\u00fcc\u00fc il\u0259 m\u00fcqavil\u0259ni uzatmayacaq. Bu is\u0259 o dem\u0259kdir ki, Alpine \u00f6z\u00fcn\u0259 yeni s\u00fcr\u00fcc\u00fc, Okon is\u0259 \u00f6z\u00fcn\u0259 yeni komanda axtarmal\u0131d\u0131r.<\/p>\n<p><span style=\"color: #0000ff;\"><strong>Esteban Okon<\/strong><\/span>: &#8220;Formula 1-d\u0259 bu komanda il\u0259 ke\u00e7irdiyim zaman h\u0259yat\u0131m\u0131n \u0259n vacib hiss\u0259si idi. Tamzamanl\u0131 s\u00fcr\u00fcc\u00fc kimi be\u015f ildir burada olsam da, g\u0259nc olanda pe\u015f\u0259kar karyerama el\u0259 m\u0259hz enstoinda ba\u015flam\u0131\u015fd\u0131m. Buna g\u00f6r\u0259 d\u0259 bura m\u0259nim \u00fc\u00e7\u00fcn h\u0259mi\u015f\u0259 x\u00fcsusi yer olacaq. Birlikd\u0259 b\u0259zi g\u00f6z\u0259l anlar ya\u015fad\u0131q. B\u0259z\u0259n d\u0259 \u00e7\u0259tin d\u00f6vrl\u0259rimiz oldu v\u0259 bu g\u00f6z\u0259l v\u0259 unudulmaz anlar \u00fc\u00e7\u00fcn komandadak\u0131 h\u0259r k\u0259s\u0259 minn\u0259tdaram.<\/p>\n<p>Planlar\u0131n\u0131 tezlikl\u0259 a\u00e7\u0131qlayaca\u011fam, amma bu m\u00fcdd\u0259t \u0259rzind\u0259 \u0259sas m\u0259qs\u0259dim komanda il\u0259 u\u011furlu olmaq v\u0259 m\u00f6vs\u00fcm\u00fcn qalan yar\u0131\u015flar\u0131ndan yax\u015f\u0131 n\u0259tic\u0259l\u0259r qazanmaqd\u0131r&#8221;.<\/p>\n<p><strong><em><span style=\"color: #0000ff;\">Alpine komandas\u0131n\u0131n r\u0259hb\u0259ri Bruno Famin<\/span><\/em><\/strong>: &#8220;\u018fvv\u0259lc\u0259 Estebana ke\u00e7\u0259n be\u015f il\u0259 g\u00f6r\u0259 t\u0259\u015f\u0259kk\u00fctr edir\u0259m. Onun d\u00f6vr\u00fcnd\u0259 2021-ci ilin Macar\u0131stan yar\u0131\u015f\u0131 ba\u015fda olmaqla \u00e7oxlu u\u011furlar qazand\u0131q. Bu il is\u0259 tamamlamal\u0131 oldu\u011fumuz 16 yar\u0131\u015f v\u0259 q\u0259ti h\u0259d\u0259fl\u0259rimiz var. Trasda yax\u015f\u0131 n\u0259tic\u0259l\u0259r qazanmaq \u00fc\u00e7\u00fcn komanda olaraq \u00e7ox i\u015fl\u0259m\u0259liyik.\u00a0Ayr\u0131l\u0131q vaxt\u0131 g\u0259l\u0259nd\u0259 Estebana g\u0259l\u0259c\u0259kd\u0259 u\u011furlar arzulayaca\u011f\u0131q&#8221;.<\/p>\n<p>&nbsp;<\/p>\n","protected":false},"excerpt":{"rendered":"<p>Alpine komandas\u0131n\u0131n s\u00fcr\u00fcc\u00fcs\u00fc Esteban Okon ilin sonunda frans\u0131zlar\u0131n s\u0131ralar\u0131n\u0131 t\u0259rk ed\u0259c\u0259k<\/p>\n","protected":false},"author":2,"featured_media":5865,"comment_status":"open","ping_status":"open","sticky":false,"template":"","format":"standard","meta":{"footnotes":""},"categories":[4,2],"tags":[75,78],"class_list":["post-5864","post","type-post","status-publish","format-standard","has-post-thumbnail","hentry","category-manshet","category-news","tag-bwt-alpine-f1-team","tag-esteban-ocon"],"yoast_head":"<!-- This site is optimized with the Yoast SEO plugin v27.5 - https:\/\/yoast.com\/product\/yoast-seo-wordpress\/ -->\n<title>R\u0259smi: Bu d\u0259f\u0259 d\u0259 Esteban Okon Alpine-l\u0259 yollar\u0131n\u0131 ay\u0131r\u0131b - X\u0259b\u0259ri Kokpitd\u0259 Oxuyun!<\/title>\n<meta name=\"robots\" content=\"index, follow, max-snippet:-1, max-image-preview:large, max-video-preview:-1\" \/>\n<link rel=\"canonical\" href=\"https:\/\/kokpit.az\/?p=5864\" \/>\n<meta property=\"og:locale\" content=\"az_AZ\" \/>\n<meta property=\"og:type\" content=\"article\" \/>\n<meta property=\"og:title\" content=\"R\u0259smi: Bu d\u0259f\u0259 d\u0259 Esteban Okon Alpine-l\u0259 yollar\u0131n\u0131 ay\u0131r\u0131b - X\u0259b\u0259ri Kokpitd\u0259 Oxuyun!\" \/>\n<meta property=\"og:description\" content=\"Alpine komandas\u0131n\u0131n s\u00fcr\u00fcc\u00fcs\u00fc Esteban Okon ilin sonunda frans\u0131zlar\u0131n s\u0131ralar\u0131n\u0131 t\u0259rk ed\u0259c\u0259k\" \/>\n<meta property=\"og:url\" content=\"https:\/\/kokpit.az\/?p=5864\" \/>\n<meta property=\"og:site_name\" content=\"X\u0259b\u0259ri Kokpitd\u0259 Oxuyun!\" \/>\n<meta property=\"article:publisher\" content=\"https:\/\/www.facebook.com\/profile.php?id=61553756392357\" \/>\n<meta property=\"article:published_time\" content=\"2024-06-03T11:18:38+00:00\" \/>\n<meta property=\"article:modified_time\" content=\"2024-06-03T12:37:08+00:00\" \/>\n<meta property=\"og:image\" content=\"https:\/\/kokpit.az\/wp-content\/uploads\/2024\/06\/esteban-ocon-looking-to-the-sky-planetf1-e1717418216903.jpg\" \/>\n\t<meta property=\"og:image:width\" content=\"1200\" \/>\n\t<meta property=\"og:image:height\" content=\"632\" \/>\n\t<meta property=\"og:image:type\" content=\"image\/jpeg\" \/>\n<meta name=\"author\" content=\"Rauf Hac\u0131yev\" \/>\n<meta name=\"twitter:card\" content=\"summary_large_image\" \/>\n<meta name=\"twitter:label1\" content=\"Written by\" \/>\n\t<meta name=\"twitter:data1\" content=\"Rauf Hac\u0131yev\" \/>\n\t<meta name=\"twitter:label2\" content=\"Est. reading time\" \/>\n\t<meta name=\"twitter:data2\" content=\"2 minutes\" \/>\n<script type=\"application\/ld+json\" class=\"yoast-schema-graph\">{\"@context\":\"https:\\\/\\\/schema.org\",\"@graph\":[{\"@type\":\"Article\",\"@id\":\"https:\\\/\\\/kokpit.az\\\/?p=5864#article\",\"isPartOf\":{\"@id\":\"https:\\\/\\\/kokpit.az\\\/?p=5864\"},\"author\":{\"name\":\"Rauf Hac\u0131yev\",\"@id\":\"https:\\\/\\\/kokpit.az\\\/#\\\/schema\\\/person\\\/f4114e650bc2993d0650e4fb6933c581\"},\"headline\":\"R\u0259smi: Bu d\u0259f\u0259 d\u0259 Esteban Okon Alpine-l\u0259 yollar\u0131n\u0131 ay\u0131r\u0131b\",\"datePublished\":\"2024-06-03T11:18:38+00:00\",\"dateModified\":\"2024-06-03T12:37:08+00:00\",\"mainEntityOfPage\":{\"@id\":\"https:\\\/\\\/kokpit.az\\\/?p=5864\"},\"wordCount\":319,\"commentCount\":0,\"publisher\":{\"@id\":\"https:\\\/\\\/kokpit.az\\\/#organization\"},\"image\":{\"@id\":\"https:\\\/\\\/kokpit.az\\\/?p=5864#primaryimage\"},\"thumbnailUrl\":\"https:\\\/\\\/kokpit.az\\\/wp-content\\\/uploads\\\/2024\\\/06\\\/esteban-ocon-looking-to-the-sky-planetf1-e1717418216903.jpg\",\"keywords\":[\"BWT Alpine F1 Team\",\"Esteban Ocon\"],\"articleSection\":[\"Man\u015fet\",\"X\u0259b\u0259rl\u0259r\"],\"inLanguage\":\"az\",\"potentialAction\":[{\"@type\":\"CommentAction\",\"name\":\"Comment\",\"target\":[\"https:\\\/\\\/kokpit.az\\\/?p=5864#respond\"]}]},{\"@type\":\"WebPage\",\"@id\":\"https:\\\/\\\/kokpit.az\\\/?p=5864\",\"url\":\"https:\\\/\\\/kokpit.az\\\/?p=5864\",\"name\":\"R\u0259smi: Bu d\u0259f\u0259 d\u0259 Esteban Okon Alpine-l\u0259 yollar\u0131n\u0131 ay\u0131r\u0131b - X\u0259b\u0259ri Kokpitd\u0259 Oxuyun!\",\"isPartOf\":{\"@id\":\"https:\\\/\\\/kokpit.az\\\/#website\"},\"primaryImageOfPage\":{\"@id\":\"https:\\\/\\\/kokpit.az\\\/?p=5864#primaryimage\"},\"image\":{\"@id\":\"https:\\\/\\\/kokpit.az\\\/?p=5864#primaryimage\"},\"thumbnailUrl\":\"https:\\\/\\\/kokpit.az\\\/wp-content\\\/uploads\\\/2024\\\/06\\\/esteban-ocon-looking-to-the-sky-planetf1-e1717418216903.jpg\",\"datePublished\":\"2024-06-03T11:18:38+00:00\",\"dateModified\":\"2024-06-03T12:37:08+00:00\",\"breadcrumb\":{\"@id\":\"https:\\\/\\\/kokpit.az\\\/?p=5864#breadcrumb\"},\"inLanguage\":\"az\",\"potentialAction\":[{\"@type\":\"ReadAction\",\"target\":[\"https:\\\/\\\/kokpit.az\\\/?p=5864\"]}]},{\"@type\":\"ImageObject\",\"inLanguage\":\"az\",\"@id\":\"https:\\\/\\\/kokpit.az\\\/?p=5864#primaryimage\",\"url\":\"https:\\\/\\\/kokpit.az\\\/wp-content\\\/uploads\\\/2024\\\/06\\\/esteban-ocon-looking-to-the-sky-planetf1-e1717418216903.jpg\",\"contentUrl\":\"https:\\\/\\\/kokpit.az\\\/wp-content\\\/uploads\\\/2024\\\/06\\\/esteban-ocon-looking-to-the-sky-planetf1-e1717418216903.jpg\",\"width\":1200,\"height\":632,\"caption\":\"2RAB191 OCON Esteban (fra), Alpine F1 Team A523, portrait during the 2023 Formula 1 Rolex Grosser Preis von Osterreich, 2023 Austrian Grand Prix, 9th round of the 2023 Formula One World Championship from June 30 to July 2, 2023 on the Red Bull Ring, in Spielberg, Austria\"},{\"@type\":\"BreadcrumbList\",\"@id\":\"https:\\\/\\\/kokpit.az\\\/?p=5864#breadcrumb\",\"itemListElement\":[{\"@type\":\"ListItem\",\"position\":1,\"name\":\"Home\",\"item\":\"https:\\\/\\\/kokpit.az\\\/\"},{\"@type\":\"ListItem\",\"position\":2,\"name\":\"R\u0259smi: Bu d\u0259f\u0259 d\u0259 Esteban Okon Alpine-l\u0259 yollar\u0131n\u0131 ay\u0131r\u0131b\"}]},{\"@type\":\"WebSite\",\"@id\":\"https:\\\/\\\/kokpit.az\\\/#website\",\"url\":\"https:\\\/\\\/kokpit.az\\\/\",\"name\":\"X\u0259b\u0259ri Kokpitd\u0259 Oxuyun!\",\"description\":\"\",\"publisher\":{\"@id\":\"https:\\\/\\\/kokpit.az\\\/#organization\"},\"potentialAction\":[{\"@type\":\"SearchAction\",\"target\":{\"@type\":\"EntryPoint\",\"urlTemplate\":\"https:\\\/\\\/kokpit.az\\\/?s={search_term_string}\"},\"query-input\":{\"@type\":\"PropertyValueSpecification\",\"valueRequired\":true,\"valueName\":\"search_term_string\"}}],\"inLanguage\":\"az\"},{\"@type\":\"Organization\",\"@id\":\"https:\\\/\\\/kokpit.az\\\/#organization\",\"name\":\"X\u0259b\u0259ri Kokpitd\u0259 Oxuyun!\",\"url\":\"https:\\\/\\\/kokpit.az\\\/\",\"logo\":{\"@type\":\"ImageObject\",\"inLanguage\":\"az\",\"@id\":\"https:\\\/\\\/kokpit.az\\\/#\\\/schema\\\/logo\\\/image\\\/\",\"url\":\"https:\\\/\\\/kokpit.az\\\/wp-content\\\/uploads\\\/2023\\\/05\\\/kokpit.jpg\",\"contentUrl\":\"https:\\\/\\\/kokpit.az\\\/wp-content\\\/uploads\\\/2023\\\/05\\\/kokpit.jpg\",\"width\":488,\"height\":245,\"caption\":\"X\u0259b\u0259ri Kokpitd\u0259 Oxuyun!\"},\"image\":{\"@id\":\"https:\\\/\\\/kokpit.az\\\/#\\\/schema\\\/logo\\\/image\\\/\"},\"sameAs\":[\"https:\\\/\\\/www.facebook.com\\\/profile.php?id=61553756392357\"]},{\"@type\":\"Person\",\"@id\":\"https:\\\/\\\/kokpit.az\\\/#\\\/schema\\\/person\\\/f4114e650bc2993d0650e4fb6933c581\",\"name\":\"Rauf Hac\u0131yev\",\"image\":{\"@type\":\"ImageObject\",\"inLanguage\":\"az\",\"@id\":\"https:\\\/\\\/secure.gravatar.com\\\/avatar\\\/394a2085c47c7acdcf41f7d270b7cbb52513d6f4f24c1cb6dfbbd61f98c0503d?s=96&d=mm&r=g\",\"url\":\"https:\\\/\\\/secure.gravatar.com\\\/avatar\\\/394a2085c47c7acdcf41f7d270b7cbb52513d6f4f24c1cb6dfbbd61f98c0503d?s=96&d=mm&r=g\",\"contentUrl\":\"https:\\\/\\\/secure.gravatar.com\\\/avatar\\\/394a2085c47c7acdcf41f7d270b7cbb52513d6f4f24c1cb6dfbbd61f98c0503d?s=96&d=mm&r=g\",\"caption\":\"Rauf Hac\u0131yev\"},\"sameAs\":[\"https:\\\/\\\/kokpit.az\"],\"url\":\"https:\\\/\\\/kokpit.az\\\/?author=2\"}]}<\/script>\n<!-- \/ Yoast SEO plugin. -->","yoast_head_json":{"title":"R\u0259smi: Bu d\u0259f\u0259 d\u0259 Esteban Okon Alpine-l\u0259 yollar\u0131n\u0131 ay\u0131r\u0131b - X\u0259b\u0259ri Kokpitd\u0259 Oxuyun!","robots":{"index":"index","follow":"follow","max-snippet":"max-snippet:-1","max-image-preview":"max-image-preview:large","max-video-preview":"max-video-preview:-1"},"canonical":"https:\/\/kokpit.az\/?p=5864","og_locale":"az_AZ","og_type":"article","og_title":"R\u0259smi: Bu d\u0259f\u0259 d\u0259 Esteban Okon Alpine-l\u0259 yollar\u0131n\u0131 ay\u0131r\u0131b - X\u0259b\u0259ri Kokpitd\u0259 Oxuyun!","og_description":"Alpine komandas\u0131n\u0131n s\u00fcr\u00fcc\u00fcs\u00fc Esteban Okon ilin sonunda frans\u0131zlar\u0131n s\u0131ralar\u0131n\u0131 t\u0259rk ed\u0259c\u0259k","og_url":"https:\/\/kokpit.az\/?p=5864","og_site_name":"X\u0259b\u0259ri Kokpitd\u0259 Oxuyun!","article_publisher":"https:\/\/www.facebook.com\/profile.php?id=61553756392357","article_published_time":"2024-06-03T11:18:38+00:00","article_modified_time":"2024-06-03T12:37:08+00:00","og_image":[{"width":1200,"height":632,"url":"https:\/\/kokpit.az\/wp-content\/uploads\/2024\/06\/esteban-ocon-looking-to-the-sky-planetf1-e1717418216903.jpg","type":"image\/jpeg"}],"author":"Rauf Hac\u0131yev","twitter_card":"summary_large_image","twitter_misc":{"Written by":"Rauf Hac\u0131yev","Est. reading time":"2 minutes"},"schema":{"@context":"https:\/\/schema.org","@graph":[{"@type":"Article","@id":"https:\/\/kokpit.az\/?p=5864#article","isPartOf":{"@id":"https:\/\/kokpit.az\/?p=5864"},"author":{"name":"Rauf Hac\u0131yev","@id":"https:\/\/kokpit.az\/#\/schema\/person\/f4114e650bc2993d0650e4fb6933c581"},"headline":"R\u0259smi: Bu d\u0259f\u0259 d\u0259 Esteban Okon Alpine-l\u0259 yollar\u0131n\u0131 ay\u0131r\u0131b","datePublished":"2024-06-03T11:18:38+00:00","dateModified":"2024-06-03T12:37:08+00:00","mainEntityOfPage":{"@id":"https:\/\/kokpit.az\/?p=5864"},"wordCount":319,"commentCount":0,"publisher":{"@id":"https:\/\/kokpit.az\/#organization"},"image":{"@id":"https:\/\/kokpit.az\/?p=5864#primaryimage"},"thumbnailUrl":"https:\/\/kokpit.az\/wp-content\/uploads\/2024\/06\/esteban-ocon-looking-to-the-sky-planetf1-e1717418216903.jpg","keywords":["BWT Alpine F1 Team","Esteban Ocon"],"articleSection":["Man\u015fet","X\u0259b\u0259rl\u0259r"],"inLanguage":"az","potentialAction":[{"@type":"CommentAction","name":"Comment","target":["https:\/\/kokpit.az\/?p=5864#respond"]}]},{"@type":"WebPage","@id":"https:\/\/kokpit.az\/?p=5864","url":"https:\/\/kokpit.az\/?p=5864","name":"R\u0259smi: Bu d\u0259f\u0259 d\u0259 Esteban Okon Alpine-l\u0259 yollar\u0131n\u0131 ay\u0131r\u0131b - X\u0259b\u0259ri Kokpitd\u0259 Oxuyun!","isPartOf":{"@id":"https:\/\/kokpit.az\/#website"},"primaryImageOfPage":{"@id":"https:\/\/kokpit.az\/?p=5864#primaryimage"},"image":{"@id":"https:\/\/kokpit.az\/?p=5864#primaryimage"},"thumbnailUrl":"https:\/\/kokpit.az\/wp-content\/uploads\/2024\/06\/esteban-ocon-looking-to-the-sky-planetf1-e1717418216903.jpg","datePublished":"2024-06-03T11:18:38+00:00","dateModified":"2024-06-03T12:37:08+00:00","breadcrumb":{"@id":"https:\/\/kokpit.az\/?p=5864#breadcrumb"},"inLanguage":"az","potentialAction":[{"@type":"ReadAction","target":["https:\/\/kokpit.az\/?p=5864"]}]},{"@type":"ImageObject","inLanguage":"az","@id":"https:\/\/kokpit.az\/?p=5864#primaryimage","url":"https:\/\/kokpit.az\/wp-content\/uploads\/2024\/06\/esteban-ocon-looking-to-the-sky-planetf1-e1717418216903.jpg","contentUrl":"https:\/\/kokpit.az\/wp-content\/uploads\/2024\/06\/esteban-ocon-looking-to-the-sky-planetf1-e1717418216903.jpg","width":1200,"height":632,"caption":"2RAB191 OCON Esteban (fra), Alpine F1 Team A523, portrait during the 2023 Formula 1 Rolex Grosser Preis von Osterreich, 2023 Austrian Grand Prix, 9th round of the 2023 Formula One World Championship from June 30 to July 2, 2023 on the Red Bull Ring, in Spielberg, Austria"},{"@type":"BreadcrumbList","@id":"https:\/\/kokpit.az\/?p=5864#breadcrumb","itemListElement":[{"@type":"ListItem","position":1,"name":"Home","item":"https:\/\/kokpit.az\/"},{"@type":"ListItem","position":2,"name":"R\u0259smi: Bu d\u0259f\u0259 d\u0259 Esteban Okon Alpine-l\u0259 yollar\u0131n\u0131 ay\u0131r\u0131b"}]},{"@type":"WebSite","@id":"https:\/\/kokpit.az\/#website","url":"https:\/\/kokpit.az\/","name":"X\u0259b\u0259ri Kokpitd\u0259 Oxuyun!","description":"","publisher":{"@id":"https:\/\/kokpit.az\/#organization"},"potentialAction":[{"@type":"SearchAction","target":{"@type":"EntryPoint","urlTemplate":"https:\/\/kokpit.az\/?s={search_term_string}"},"query-input":{"@type":"PropertyValueSpecification","valueRequired":true,"valueName":"search_term_string"}}],"inLanguage":"az"},{"@type":"Organization","@id":"https:\/\/kokpit.az\/#organization","name":"X\u0259b\u0259ri Kokpitd\u0259 Oxuyun!","url":"https:\/\/kokpit.az\/","logo":{"@type":"ImageObject","inLanguage":"az","@id":"https:\/\/kokpit.az\/#\/schema\/logo\/image\/","url":"https:\/\/kokpit.az\/wp-content\/uploads\/2023\/05\/kokpit.jpg","contentUrl":"https:\/\/kokpit.az\/wp-content\/uploads\/2023\/05\/kokpit.jpg","width":488,"height":245,"caption":"X\u0259b\u0259ri Kokpitd\u0259 Oxuyun!"},"image":{"@id":"https:\/\/kokpit.az\/#\/schema\/logo\/image\/"},"sameAs":["https:\/\/www.facebook.com\/profile.php?id=61553756392357"]},{"@type":"Person","@id":"https:\/\/kokpit.az\/#\/schema\/person\/f4114e650bc2993d0650e4fb6933c581","name":"Rauf Hac\u0131yev","image":{"@type":"ImageObject","inLanguage":"az","@id":"https:\/\/secure.gravatar.com\/avatar\/394a2085c47c7acdcf41f7d270b7cbb52513d6f4f24c1cb6dfbbd61f98c0503d?s=96&d=mm&r=g","url":"https:\/\/secure.gravatar.com\/avatar\/394a2085c47c7acdcf41f7d270b7cbb52513d6f4f24c1cb6dfbbd61f98c0503d?s=96&d=mm&r=g","contentUrl":"https:\/\/secure.gravatar.com\/avatar\/394a2085c47c7acdcf41f7d270b7cbb52513d6f4f24c1cb6dfbbd61f98c0503d?s=96&d=mm&r=g","caption":"Rauf Hac\u0131yev"},"sameAs":["https:\/\/kokpit.az"],"url":"https:\/\/kokpit.az\/?author=2"}]}},"_links":{"self":[{"href":"https:\/\/kokpit.az\/index.php?rest_route=\/wp\/v2\/posts\/5864","targetHints":{"allow":["GET"]}}],"collection":[{"href":"https:\/\/kokpit.az\/index.php?rest_route=\/wp\/v2\/posts"}],"about":[{"href":"https:\/\/kokpit.az\/index.php?rest_route=\/wp\/v2\/types\/post"}],"author":[{"embeddable":true,"href":"https:\/\/kokpit.az\/index.php?rest_route=\/wp\/v2\/users\/2"}],"replies":[{"embeddable":true,"href":"https:\/\/kokpit.az\/index.php?rest_route=%2Fwp%2Fv2%2Fcomments&post=5864"}],"version-history":[{"count":1,"href":"https:\/\/kokpit.az\/index.php?rest_route=\/wp\/v2\/posts\/5864\/revisions"}],"predecessor-version":[{"id":5866,"href":"https:\/\/kokpit.az\/index.php?rest_route=\/wp\/v2\/posts\/5864\/revisions\/5866"}],"wp:featuredmedia":[{"embeddable":true,"href":"https:\/\/kokpit.az\/index.php?rest_route=\/wp\/v2\/media\/5865"}],"wp:attachment":[{"href":"https:\/\/kokpit.az\/index.php?rest_route=%2Fwp%2Fv2%2Fmedia&parent=5864"}],"wp:term":[{"taxonomy":"category","embeddable":true,"href":"https:\/\/kokpit.az\/index.php?rest_route=%2Fwp%2Fv2%2Fcategories&post=5864"},{"taxonomy":"post_tag","embeddable":true,"href":"https:\/\/kokpit.az\/index.php?rest_route=%2Fwp%2Fv2%2Ftags&post=5864"}],"curies":[{"name":"wp","href":"https:\/\/api.w.org\/{rel}","templated":true}]}}