{"id":5359,"date":"2024-05-03T15:06:37","date_gmt":"2024-05-03T11:06:37","guid":{"rendered":"https:\/\/kokpit.az\/?p=5359"},"modified":"2024-05-03T15:06:37","modified_gmt":"2024-05-03T11:06:37","slug":"k-sayns-iddialari-t%c9%99kzib-edib","status":"publish","type":"post","link":"https:\/\/kokpit.az\/?p=5359","title":{"rendered":"K.Sayns iddialar\u0131 t\u0259kzib edib"},"content":{"rendered":"<div class=\"ms-entity-detail-header mb-6\">\n<h2 class=\"text-article-description font-title italic font text-fg-on-color t:text-fg-default\">Kokpit.az xat\u0131rlad\u0131r ki, ispaniyal\u0131 s\u00fcr\u00fcc\u00fc ilin sonunda Ferrari-d\u0259n ayr\u0131lacaq v\u0259 onun Audi-y\u0259 ke\u00e7m\u0259k ehtimal\u0131 y\u00fcks\u0259kdir. Lakin \u0130spaniya m\u0259tbuat\u0131n\u0131n yayd\u0131\u011f\u0131 x\u0259b\u0259r\u0259 g\u00f6r\u0259 Sayns Audi layih\u0259sinin g\u0259l\u0259c\u0259yind\u0259n \u00fcmidli olmad\u0131\u011f\u0131 \u00fc\u00e7\u00fcn onlar\u0131n t\u0259klifini r\u0259dd edib v\u0259 o, Mercedes v\u0259 Red Bull variantlar\u0131n\u0131 d\u0259y\u0259rl\u0259ndirir.<\/h2>\n<\/div>\n<div class=\"ms-article_detail\">\n<div class=\"ms-gtm-data-container--article-new-section\" data-event=\"newSection\"><span style=\"color: #ff0000;\"><strong>Karlos Sayns<\/strong><\/span>: &#8220;Xeyr, bu do\u011fru deyil. \u00c7\u0131xan x\u0259b\u0259rl\u0259r reall\u0131\u011f\u0131 \u0259ks etdirmir. Daha \u0259vv\u0259l d\u0259 dediyim kimi m\u0259nd\u0259n as\u0131l\u0131 olmayan b\u0259zi \u015feyl\u0259r var v\u0259 bir az g\u00f6zl\u0259m\u0259liyik. Amma m\u0259n d\u0259 tamamil\u0259 dayanmam\u0131\u015fam. H\u0259l\u0259 d\u0259 insanlarla dan\u0131\u015f\u0131qlar apar\u0131r\u0131q, amma son q\u0259rar\u0131 verm\u0259k \u00fc\u00e7\u00fcn bir az g\u00f6zl\u0259m\u0259k laz\u0131md\u0131r&#8221;.<\/div>\n<\/div>\n<div data-event=\"newSection\"><\/div>\n<div data-event=\"newSection\">Karlos Sayns\u0131n atas\u0131 Karlos Sayns Senior Dakar Rallisind\u0259 Audi-nin \u015f\u0259r\u0259fini qoruyur v\u0259 o, almaniyal\u0131 avtomobil istehsal\u00e7\u0131s\u0131 il\u0259 2024-c\u00fc ild\u0259 \u0259fsan\u0259vi Dakar marafonunu qazan\u0131b. Bu hal 30 ya\u015fl\u0131 pilotun Audi-y\u0259 ke\u00e7\u0259c\u0259yi iddialar\u0131n\u0131 daha da art\u0131r\u0131b.<\/div>\n<div data-event=\"newSection\"><\/div>\n<div data-event=\"newSection\"><span style=\"color: #ff0000;\"><strong>Karlos Sayns<\/strong><\/span>: &#8220;\u018flb\u0259tt\u0259 atam Audi haqq\u0131nda, layih\u0259 haqq\u0131nda v\u0259 onlar\u0131n Formula 1-d\u0259 tezlikl\u0259 zirv\u0259y\u0259 \u00e7\u0131xaca\u011f\u0131 bar\u0259d\u0259 h\u0259mi\u015f\u0259 yax\u015f\u0131 s\u00f6zl\u0259r deyir. Volkswagen-in layih\u0259l\u0259rin\u0259 baxsan\u0131z g\u00f6r\u0259rsiniz ki, avtoidmanda daxil olduqlar\u0131 b\u00fct\u00fcn kateqoriyalarda qalib g\u0259libl\u0259r. F\u0259rqi yoxdur, Audi, Volkswagen, Audi, Porsche ham\u0131s\u0131 i\u015ftirak etdikl\u0259ri \u00e7empionatlarda \u00e7empion ola bilibl\u0259r. Bu da vacib d\u0259y\u0259rdir v\u0259 diqq\u0259t\u0259 al\u0131nmal\u0131d\u0131r. Amma m\u0259nim q\u0259rar\u0131mda daha \u00e7ox faktor var.<\/div>\n<div data-event=\"newSection\"><\/div>\n<div data-event=\"newSection\">\u00dcmid edir\u0259m ki, Audi g\u0259l\u0259c\u0259kd\u0259 q\u0259l\u0259b\u0259l\u0259r u\u011frunda m\u00fcbariz\u0259 aparar. Onlara u\u011furlar arzu edir\u0259m&#8221;.<\/div>\n<div data-event=\"newSection\"><\/div>\n<div data-event=\"newSection\">Ke\u00e7\u0259n h\u0259ft\u0259 Sauber komandas\u0131 Niko H\u00fclkenberiq g\u0259l\u0259n il \u00fc\u00e7\u00fcn transfer etdi v\u0259 almaniyal\u0131 s\u00fcr\u00fcc\u00fc 2025-ci ild\u0259 Sauber-in, 2026-c\u0131 ild\u0259n etibar\u0259n is\u0259 Audi-nin \u015f\u0259r\u0259fini qoruyacaq.<\/div>\n<div data-event=\"newSection\"><\/div>\n<div data-event=\"newSection\"><\/div>\n<div class=\"ms-article_detail\">\n<div class=\"ms-article__main ms-mb\">\n<div class=\"ms-article__body\">\n<div class=\"ms-article-content-wrapper ms-my\">\n<div class=\"ms-article-content\" data-autoplay=\"0\" data-mute=\"0\" data-position=\"embed\" data-series=\"f1\">\n<p><span style=\"color: #ff0000;\"><strong>Karlos Sayns<\/strong><\/span>: &#8220;Do\u011fru q\u0259rar verdiyim\u0259 \u0259min olmaq ist\u0259yir\u0259m. Buna g\u00f6r\u0259 d\u0259 uzun \u00e7\u0259kir v\u0259 son q\u0259rar\u0131 verm\u0259mi\u015fd\u0259n \u0259vv\u0259l se\u00e7iml\u0259r\u0259 baxmaq ist\u0259yir\u0259m. M\u0259nc\u0259, Nikonun Audi-y\u0259 ke\u00e7m\u0259si onlar v\u0259 Niko \u00fc\u00e7\u00fcn \u00e7ox m\u0259ntiqli q\u0259rard\u0131r. Niko \u0259la pilotdur. Onun istedad\u0131n\u0131 g\u00f6rm\u00fc\u015f\u0259m. Audi \u00fc\u00e7\u00fcn \u0259la se\u00e7imdir. Onlar\u0131 v\u0259 Nikonu t\u0259brik edir\u0259m, \u00e7\u00fcnki son vaxtlarda Haas-da \u0259la \u00e7\u0131x\u0131\u015f edir&#8221;.<\/p>\n<\/div>\n<\/div>\n<\/div>\n<\/div>\n<\/div>\n","protected":false},"excerpt":{"rendered":"<p>Ferrari komandas\u0131n\u0131n s\u00fcr\u00fcc\u00fcs\u00fc Karlos Sayns verdiyi a\u00e7\u0131qlamada Audi-nin t\u0259klifini r\u0259dd etdiyi il\u0259 ba\u011fl\u0131 \u015fayi\u0259l\u0259ri t\u0259kzib edib.<\/p>\n","protected":false},"author":2,"featured_media":5367,"comment_status":"open","ping_status":"open","sticky":false,"template":"","format":"standard","meta":{"footnotes":""},"categories":[1],"tags":[65],"class_list":["post-5359","post","type-post","status-publish","format-standard","has-post-thumbnail","hentry","category-f1","tag-carlos-sainz-jr"],"yoast_head":"<!-- This site is optimized with the Yoast SEO plugin v27.5 - https:\/\/yoast.com\/product\/yoast-seo-wordpress\/ -->\n<title>K.Sayns iddialar\u0131 t\u0259kzib edib - X\u0259b\u0259ri Kokpitd\u0259 Oxuyun!<\/title>\n<meta name=\"robots\" content=\"index, follow, max-snippet:-1, max-image-preview:large, max-video-preview:-1\" \/>\n<link rel=\"canonical\" href=\"https:\/\/kokpit.az\/?p=5359\" \/>\n<meta property=\"og:locale\" content=\"az_AZ\" \/>\n<meta property=\"og:type\" content=\"article\" \/>\n<meta property=\"og:title\" content=\"K.Sayns iddialar\u0131 t\u0259kzib edib - X\u0259b\u0259ri Kokpitd\u0259 Oxuyun!\" \/>\n<meta property=\"og:description\" content=\"Ferrari komandas\u0131n\u0131n s\u00fcr\u00fcc\u00fcs\u00fc Karlos Sayns verdiyi a\u00e7\u0131qlamada Audi-nin t\u0259klifini r\u0259dd etdiyi il\u0259 ba\u011fl\u0131 \u015fayi\u0259l\u0259ri t\u0259kzib edib.\" \/>\n<meta property=\"og:url\" content=\"https:\/\/kokpit.az\/?p=5359\" \/>\n<meta property=\"og:site_name\" content=\"X\u0259b\u0259ri Kokpitd\u0259 Oxuyun!\" \/>\n<meta property=\"article:publisher\" content=\"https:\/\/www.facebook.com\/profile.php?id=61553756392357\" \/>\n<meta property=\"article:published_time\" content=\"2024-05-03T11:06:37+00:00\" \/>\n<meta property=\"og:image\" content=\"https:\/\/kokpit.az\/wp-content\/uploads\/2024\/05\/c-31-e1714723502386.webp\" \/>\n\t<meta property=\"og:image:width\" content=\"1200\" \/>\n\t<meta property=\"og:image:height\" content=\"630\" \/>\n\t<meta property=\"og:image:type\" content=\"image\/webp\" \/>\n<meta name=\"author\" content=\"Rauf Hac\u0131yev\" \/>\n<meta name=\"twitter:card\" content=\"summary_large_image\" \/>\n<meta name=\"twitter:label1\" content=\"Written by\" \/>\n\t<meta name=\"twitter:data1\" content=\"Rauf Hac\u0131yev\" \/>\n\t<meta name=\"twitter:label2\" content=\"Est. reading time\" \/>\n\t<meta name=\"twitter:data2\" content=\"2 minutes\" \/>\n<script type=\"application\/ld+json\" class=\"yoast-schema-graph\">{\"@context\":\"https:\\\/\\\/schema.org\",\"@graph\":[{\"@type\":\"Article\",\"@id\":\"https:\\\/\\\/kokpit.az\\\/?p=5359#article\",\"isPartOf\":{\"@id\":\"https:\\\/\\\/kokpit.az\\\/?p=5359\"},\"author\":{\"name\":\"Rauf Hac\u0131yev\",\"@id\":\"https:\\\/\\\/kokpit.az\\\/#\\\/schema\\\/person\\\/f4114e650bc2993d0650e4fb6933c581\"},\"headline\":\"K.Sayns iddialar\u0131 t\u0259kzib edib\",\"datePublished\":\"2024-05-03T11:06:37+00:00\",\"mainEntityOfPage\":{\"@id\":\"https:\\\/\\\/kokpit.az\\\/?p=5359\"},\"wordCount\":420,\"commentCount\":0,\"publisher\":{\"@id\":\"https:\\\/\\\/kokpit.az\\\/#organization\"},\"image\":{\"@id\":\"https:\\\/\\\/kokpit.az\\\/?p=5359#primaryimage\"},\"thumbnailUrl\":\"https:\\\/\\\/kokpit.az\\\/wp-content\\\/uploads\\\/2024\\\/05\\\/c-31-e1714723502386.webp\",\"keywords\":[\"Carlos Sainz Jr.\"],\"articleSection\":[\"Formula 1\"],\"inLanguage\":\"az\",\"potentialAction\":[{\"@type\":\"CommentAction\",\"name\":\"Comment\",\"target\":[\"https:\\\/\\\/kokpit.az\\\/?p=5359#respond\"]}]},{\"@type\":\"WebPage\",\"@id\":\"https:\\\/\\\/kokpit.az\\\/?p=5359\",\"url\":\"https:\\\/\\\/kokpit.az\\\/?p=5359\",\"name\":\"K.Sayns iddialar\u0131 t\u0259kzib edib - X\u0259b\u0259ri Kokpitd\u0259 Oxuyun!\",\"isPartOf\":{\"@id\":\"https:\\\/\\\/kokpit.az\\\/#website\"},\"primaryImageOfPage\":{\"@id\":\"https:\\\/\\\/kokpit.az\\\/?p=5359#primaryimage\"},\"image\":{\"@id\":\"https:\\\/\\\/kokpit.az\\\/?p=5359#primaryimage\"},\"thumbnailUrl\":\"https:\\\/\\\/kokpit.az\\\/wp-content\\\/uploads\\\/2024\\\/05\\\/c-31-e1714723502386.webp\",\"datePublished\":\"2024-05-03T11:06:37+00:00\",\"breadcrumb\":{\"@id\":\"https:\\\/\\\/kokpit.az\\\/?p=5359#breadcrumb\"},\"inLanguage\":\"az\",\"potentialAction\":[{\"@type\":\"ReadAction\",\"target\":[\"https:\\\/\\\/kokpit.az\\\/?p=5359\"]}]},{\"@type\":\"ImageObject\",\"inLanguage\":\"az\",\"@id\":\"https:\\\/\\\/kokpit.az\\\/?p=5359#primaryimage\",\"url\":\"https:\\\/\\\/kokpit.az\\\/wp-content\\\/uploads\\\/2024\\\/05\\\/c-31-e1714723502386.webp\",\"contentUrl\":\"https:\\\/\\\/kokpit.az\\\/wp-content\\\/uploads\\\/2024\\\/05\\\/c-31-e1714723502386.webp\",\"width\":1200,\"height\":630},{\"@type\":\"BreadcrumbList\",\"@id\":\"https:\\\/\\\/kokpit.az\\\/?p=5359#breadcrumb\",\"itemListElement\":[{\"@type\":\"ListItem\",\"position\":1,\"name\":\"Home\",\"item\":\"https:\\\/\\\/kokpit.az\\\/\"},{\"@type\":\"ListItem\",\"position\":2,\"name\":\"K.Sayns iddialar\u0131 t\u0259kzib edib\"}]},{\"@type\":\"WebSite\",\"@id\":\"https:\\\/\\\/kokpit.az\\\/#website\",\"url\":\"https:\\\/\\\/kokpit.az\\\/\",\"name\":\"X\u0259b\u0259ri Kokpitd\u0259 Oxuyun!\",\"description\":\"\",\"publisher\":{\"@id\":\"https:\\\/\\\/kokpit.az\\\/#organization\"},\"potentialAction\":[{\"@type\":\"SearchAction\",\"target\":{\"@type\":\"EntryPoint\",\"urlTemplate\":\"https:\\\/\\\/kokpit.az\\\/?s={search_term_string}\"},\"query-input\":{\"@type\":\"PropertyValueSpecification\",\"valueRequired\":true,\"valueName\":\"search_term_string\"}}],\"inLanguage\":\"az\"},{\"@type\":\"Organization\",\"@id\":\"https:\\\/\\\/kokpit.az\\\/#organization\",\"name\":\"X\u0259b\u0259ri Kokpitd\u0259 Oxuyun!\",\"url\":\"https:\\\/\\\/kokpit.az\\\/\",\"logo\":{\"@type\":\"ImageObject\",\"inLanguage\":\"az\",\"@id\":\"https:\\\/\\\/kokpit.az\\\/#\\\/schema\\\/logo\\\/image\\\/\",\"url\":\"https:\\\/\\\/kokpit.az\\\/wp-content\\\/uploads\\\/2023\\\/05\\\/kokpit.jpg\",\"contentUrl\":\"https:\\\/\\\/kokpit.az\\\/wp-content\\\/uploads\\\/2023\\\/05\\\/kokpit.jpg\",\"width\":488,\"height\":245,\"caption\":\"X\u0259b\u0259ri Kokpitd\u0259 Oxuyun!\"},\"image\":{\"@id\":\"https:\\\/\\\/kokpit.az\\\/#\\\/schema\\\/logo\\\/image\\\/\"},\"sameAs\":[\"https:\\\/\\\/www.facebook.com\\\/profile.php?id=61553756392357\"]},{\"@type\":\"Person\",\"@id\":\"https:\\\/\\\/kokpit.az\\\/#\\\/schema\\\/person\\\/f4114e650bc2993d0650e4fb6933c581\",\"name\":\"Rauf Hac\u0131yev\",\"image\":{\"@type\":\"ImageObject\",\"inLanguage\":\"az\",\"@id\":\"https:\\\/\\\/secure.gravatar.com\\\/avatar\\\/394a2085c47c7acdcf41f7d270b7cbb52513d6f4f24c1cb6dfbbd61f98c0503d?s=96&d=mm&r=g\",\"url\":\"https:\\\/\\\/secure.gravatar.com\\\/avatar\\\/394a2085c47c7acdcf41f7d270b7cbb52513d6f4f24c1cb6dfbbd61f98c0503d?s=96&d=mm&r=g\",\"contentUrl\":\"https:\\\/\\\/secure.gravatar.com\\\/avatar\\\/394a2085c47c7acdcf41f7d270b7cbb52513d6f4f24c1cb6dfbbd61f98c0503d?s=96&d=mm&r=g\",\"caption\":\"Rauf Hac\u0131yev\"},\"sameAs\":[\"https:\\\/\\\/kokpit.az\"],\"url\":\"https:\\\/\\\/kokpit.az\\\/?author=2\"}]}<\/script>\n<!-- \/ Yoast SEO plugin. -->","yoast_head_json":{"title":"K.Sayns iddialar\u0131 t\u0259kzib edib - X\u0259b\u0259ri Kokpitd\u0259 Oxuyun!","robots":{"index":"index","follow":"follow","max-snippet":"max-snippet:-1","max-image-preview":"max-image-preview:large","max-video-preview":"max-video-preview:-1"},"canonical":"https:\/\/kokpit.az\/?p=5359","og_locale":"az_AZ","og_type":"article","og_title":"K.Sayns iddialar\u0131 t\u0259kzib edib - X\u0259b\u0259ri Kokpitd\u0259 Oxuyun!","og_description":"Ferrari komandas\u0131n\u0131n s\u00fcr\u00fcc\u00fcs\u00fc Karlos Sayns verdiyi a\u00e7\u0131qlamada Audi-nin t\u0259klifini r\u0259dd etdiyi il\u0259 ba\u011fl\u0131 \u015fayi\u0259l\u0259ri t\u0259kzib edib.","og_url":"https:\/\/kokpit.az\/?p=5359","og_site_name":"X\u0259b\u0259ri Kokpitd\u0259 Oxuyun!","article_publisher":"https:\/\/www.facebook.com\/profile.php?id=61553756392357","article_published_time":"2024-05-03T11:06:37+00:00","og_image":[{"width":1200,"height":630,"url":"https:\/\/kokpit.az\/wp-content\/uploads\/2024\/05\/c-31-e1714723502386.webp","type":"image\/webp"}],"author":"Rauf Hac\u0131yev","twitter_card":"summary_large_image","twitter_misc":{"Written by":"Rauf Hac\u0131yev","Est. reading time":"2 minutes"},"schema":{"@context":"https:\/\/schema.org","@graph":[{"@type":"Article","@id":"https:\/\/kokpit.az\/?p=5359#article","isPartOf":{"@id":"https:\/\/kokpit.az\/?p=5359"},"author":{"name":"Rauf Hac\u0131yev","@id":"https:\/\/kokpit.az\/#\/schema\/person\/f4114e650bc2993d0650e4fb6933c581"},"headline":"K.Sayns iddialar\u0131 t\u0259kzib edib","datePublished":"2024-05-03T11:06:37+00:00","mainEntityOfPage":{"@id":"https:\/\/kokpit.az\/?p=5359"},"wordCount":420,"commentCount":0,"publisher":{"@id":"https:\/\/kokpit.az\/#organization"},"image":{"@id":"https:\/\/kokpit.az\/?p=5359#primaryimage"},"thumbnailUrl":"https:\/\/kokpit.az\/wp-content\/uploads\/2024\/05\/c-31-e1714723502386.webp","keywords":["Carlos Sainz Jr."],"articleSection":["Formula 1"],"inLanguage":"az","potentialAction":[{"@type":"CommentAction","name":"Comment","target":["https:\/\/kokpit.az\/?p=5359#respond"]}]},{"@type":"WebPage","@id":"https:\/\/kokpit.az\/?p=5359","url":"https:\/\/kokpit.az\/?p=5359","name":"K.Sayns iddialar\u0131 t\u0259kzib edib - X\u0259b\u0259ri Kokpitd\u0259 Oxuyun!","isPartOf":{"@id":"https:\/\/kokpit.az\/#website"},"primaryImageOfPage":{"@id":"https:\/\/kokpit.az\/?p=5359#primaryimage"},"image":{"@id":"https:\/\/kokpit.az\/?p=5359#primaryimage"},"thumbnailUrl":"https:\/\/kokpit.az\/wp-content\/uploads\/2024\/05\/c-31-e1714723502386.webp","datePublished":"2024-05-03T11:06:37+00:00","breadcrumb":{"@id":"https:\/\/kokpit.az\/?p=5359#breadcrumb"},"inLanguage":"az","potentialAction":[{"@type":"ReadAction","target":["https:\/\/kokpit.az\/?p=5359"]}]},{"@type":"ImageObject","inLanguage":"az","@id":"https:\/\/kokpit.az\/?p=5359#primaryimage","url":"https:\/\/kokpit.az\/wp-content\/uploads\/2024\/05\/c-31-e1714723502386.webp","contentUrl":"https:\/\/kokpit.az\/wp-content\/uploads\/2024\/05\/c-31-e1714723502386.webp","width":1200,"height":630},{"@type":"BreadcrumbList","@id":"https:\/\/kokpit.az\/?p=5359#breadcrumb","itemListElement":[{"@type":"ListItem","position":1,"name":"Home","item":"https:\/\/kokpit.az\/"},{"@type":"ListItem","position":2,"name":"K.Sayns iddialar\u0131 t\u0259kzib edib"}]},{"@type":"WebSite","@id":"https:\/\/kokpit.az\/#website","url":"https:\/\/kokpit.az\/","name":"X\u0259b\u0259ri Kokpitd\u0259 Oxuyun!","description":"","publisher":{"@id":"https:\/\/kokpit.az\/#organization"},"potentialAction":[{"@type":"SearchAction","target":{"@type":"EntryPoint","urlTemplate":"https:\/\/kokpit.az\/?s={search_term_string}"},"query-input":{"@type":"PropertyValueSpecification","valueRequired":true,"valueName":"search_term_string"}}],"inLanguage":"az"},{"@type":"Organization","@id":"https:\/\/kokpit.az\/#organization","name":"X\u0259b\u0259ri Kokpitd\u0259 Oxuyun!","url":"https:\/\/kokpit.az\/","logo":{"@type":"ImageObject","inLanguage":"az","@id":"https:\/\/kokpit.az\/#\/schema\/logo\/image\/","url":"https:\/\/kokpit.az\/wp-content\/uploads\/2023\/05\/kokpit.jpg","contentUrl":"https:\/\/kokpit.az\/wp-content\/uploads\/2023\/05\/kokpit.jpg","width":488,"height":245,"caption":"X\u0259b\u0259ri Kokpitd\u0259 Oxuyun!"},"image":{"@id":"https:\/\/kokpit.az\/#\/schema\/logo\/image\/"},"sameAs":["https:\/\/www.facebook.com\/profile.php?id=61553756392357"]},{"@type":"Person","@id":"https:\/\/kokpit.az\/#\/schema\/person\/f4114e650bc2993d0650e4fb6933c581","name":"Rauf Hac\u0131yev","image":{"@type":"ImageObject","inLanguage":"az","@id":"https:\/\/secure.gravatar.com\/avatar\/394a2085c47c7acdcf41f7d270b7cbb52513d6f4f24c1cb6dfbbd61f98c0503d?s=96&d=mm&r=g","url":"https:\/\/secure.gravatar.com\/avatar\/394a2085c47c7acdcf41f7d270b7cbb52513d6f4f24c1cb6dfbbd61f98c0503d?s=96&d=mm&r=g","contentUrl":"https:\/\/secure.gravatar.com\/avatar\/394a2085c47c7acdcf41f7d270b7cbb52513d6f4f24c1cb6dfbbd61f98c0503d?s=96&d=mm&r=g","caption":"Rauf Hac\u0131yev"},"sameAs":["https:\/\/kokpit.az"],"url":"https:\/\/kokpit.az\/?author=2"}]}},"_links":{"self":[{"href":"https:\/\/kokpit.az\/index.php?rest_route=\/wp\/v2\/posts\/5359","targetHints":{"allow":["GET"]}}],"collection":[{"href":"https:\/\/kokpit.az\/index.php?rest_route=\/wp\/v2\/posts"}],"about":[{"href":"https:\/\/kokpit.az\/index.php?rest_route=\/wp\/v2\/types\/post"}],"author":[{"embeddable":true,"href":"https:\/\/kokpit.az\/index.php?rest_route=\/wp\/v2\/users\/2"}],"replies":[{"embeddable":true,"href":"https:\/\/kokpit.az\/index.php?rest_route=%2Fwp%2Fv2%2Fcomments&post=5359"}],"version-history":[{"count":5,"href":"https:\/\/kokpit.az\/index.php?rest_route=\/wp\/v2\/posts\/5359\/revisions"}],"predecessor-version":[{"id":5375,"href":"https:\/\/kokpit.az\/index.php?rest_route=\/wp\/v2\/posts\/5359\/revisions\/5375"}],"wp:featuredmedia":[{"embeddable":true,"href":"https:\/\/kokpit.az\/index.php?rest_route=\/wp\/v2\/media\/5367"}],"wp:attachment":[{"href":"https:\/\/kokpit.az\/index.php?rest_route=%2Fwp%2Fv2%2Fmedia&parent=5359"}],"wp:term":[{"taxonomy":"category","embeddable":true,"href":"https:\/\/kokpit.az\/index.php?rest_route=%2Fwp%2Fv2%2Fcategories&post=5359"},{"taxonomy":"post_tag","embeddable":true,"href":"https:\/\/kokpit.az\/index.php?rest_route=%2Fwp%2Fv2%2Ftags&post=5359"}],"curies":[{"name":"wp","href":"https:\/\/api.w.org\/{rel}","templated":true}]}}