{"id":5260,"date":"2024-04-26T12:43:59","date_gmt":"2024-04-26T08:43:59","guid":{"rendered":"https:\/\/kokpit.az\/?p=5260"},"modified":"2024-04-26T14:26:42","modified_gmt":"2024-04-26T10:26:42","slug":"r%c9%99smi-hulkenberq-audi-y%c9%99-kecib","status":"publish","type":"post","link":"https:\/\/kokpit.az\/?p=5260","title":{"rendered":"R\u0259smi: H\u00fclkenberq Audi-y\u0259 ke\u00e7ib"},"content":{"rendered":"<div class=\"ms-entity-detail-header mb-6\">\n<h2 class=\"text-article-description font-title italic font text-fg-on-color t:text-fg-default\">Kokpit.az bildirir ki, Niko H\u00fclkenberq Audi-nin yeni lay\u0259h\u0259si \u00fc\u00e7\u00fcn a\u00e7\u0131qlanan ilk s\u00fcr\u00fcc\u00fc olub. Almaniyal\u0131 s\u00fcr\u00fcc\u00fc 2015-ci ild\u0259 Porsche il\u0259 24 saatl\u0131q Le Man marafonunu qazanark\u0259n onun komanda r\u0259hb\u0259ri Andreas Zaydl idi. Bu is\u0259 o dem\u0259kdir ki, ikili 10 ild\u0259n sonra yenid\u0259n bir yerd\u0259 i\u015fl\u0259y\u0259c\u0259kl\u0259r. Almaniyal\u0131 istehsal\u00e7\u0131n\u0131n n\u00f6vb\u0259ti h\u0259d\u0259fi is\u0259 Karlos Saynsd\u0131r. \u0130spaniyal\u0131 s\u00fcr\u00fcc\u00fc onlara m\u00fcsb\u0259t cavab verm\u0259s\u0259, onlar Alpine komandas\u0131n\u0131n s\u00fcr\u00fcc\u00fcs\u00fc Esteban Okona y\u00f6nl\u0259n\u0259c\u0259kl\u0259r.<\/h2>\n<\/div>\n<div class=\"ms-article_detail\">\n<div class=\"ms-article__main ms-mb\">\n<div class=\"ms-article__body\">\n<div id=\"ms-piano_article-precontent\" class=\"ms-display-contents\"><\/div>\n<div class=\"ms-article-content-wrapper ms-my\">\n<div class=\"ms-article-content\" data-autoplay=\"0\" data-mute=\"0\" data-position=\"embed\" data-series=\"f1\">\n<p>\u018fslind\u0259 Audi il\u0259 Nikonun ad\u0131 \u00c7in Qran Prisind\u0259n \u0259vv\u0259l birlikd\u0259 hallan\u0131rd\u0131. Bu dedi-qodular \u015eanxayda \u00e7oxald\u0131 v\u0259 bu g\u00fcn r\u0259smi a\u00e7\u0131qlama il\u0259 t\u0259sdiql\u0259ndi. Niko H\u00fclkenberq g\u0259l\u0259n ild\u0259n etibar\u0259n Sauber komandas\u0131nda, 2026-c\u0131 ild\u0259n is\u0259 Audi-d\u0259 \u00e7\u0131x\u0131\u015f ed\u0259c\u0259k. Bel\u0259likl\u0259 bir ne\u00e7\u0259 ay \u0259vv\u0259l Hinvild\u0259 i\u015f\u0259 ba\u015flayan Audi-nin yeni idar\u0259 hey\u0259ti ilk y\u00fcks\u0259k profilli transferini edib. \u0130kiilik yeni m\u00fcqavil\u0259d\u0259n sonra Niko H\u00fclkenberq 40 ya\u015f\u0131na q\u0259d\u0259r idmanda qalacaq.\u00a0Audi \u0259slind\u0259 almaniyal\u0131 s\u00fcr\u00fcc\u00fc il\u0259 yar\u0131\u015fmaq ist\u0259yirdi v\u0259 buna g\u00f6r\u0259 onlar t\u0259bii olaraq Niko H\u00fclkenberq\u0259 y\u00f6nl\u0259ndil\u0259r.<\/p>\n<p>Qeyd ed\u0259k ki, Niko 2019-cu ild\u0259 Renault komandas\u0131ndak\u0131 yerini itirmi\u015f v\u0259 komandas\u0131z qalm\u0131\u015fd\u0131. 37 ya\u015fl\u0131 s\u00fcr\u00fcc\u00fc bundan sonra 3 il Aston Martin komandas\u0131n\u0131n ehtiyat s\u00fcr\u00fcc\u00fcs\u00fc olmu\u015f v\u0259 4 yar\u0131\u015fda i\u015ftirak etmi\u015fdi. Lakin 2023-c\u00fc ild\u0259 Haas komandas\u0131 onu transfer etmi\u015f v\u0259 tamzamanl\u0131 olaraq Formula 1-\u0259 qaytarm\u0131\u015fd\u0131. Niko burada q\u0259na\u0259tb\u0259x\u015f \u00e7\u0131x\u0131\u015f etmi\u015f v\u0259 yenid\u0259n b\u00fct\u00fcn diqq\u0259tl\u0259ri \u00f6z \u00fcz\u0259rin\u0259 toplaya bilmi\u015fdi.<\/p>\n<p>Niko H\u00fclkenberq 2015-ci ild\u0259 Andreas Zaydl\u0131n r\u0259hb\u0259rliyi alt\u0131nda Porsche il\u0259 24 saatl\u0131q Le Man marafonunu qazanm\u0131\u015fd\u0131. Hulkun Audi-d\u0259ki \u0259sas h\u0259d\u0259fi is\u0259 Formula 1 karyeras\u0131 \u0259rzind\u0259 ilk d\u0259f\u0259 podiuma y\u00fcks\u0259lm\u0259k olacaq, \u00e7\u00fcnki o, \u00e7\u0131xd\u0131\u011f\u0131 207 yar\u0131\u015fda h\u0259l\u0259 d\u0259 bunu bacarmay\u0131b.<\/p>\n<\/div>\n<\/div>\n<\/div>\n<\/div>\n<\/div>\n","protected":false},"excerpt":{"rendered":"<p>2026-c\u0131 ild\u0259 Formula 1-\u0259 qay\u0131tma\u011fa haz\u0131rlanan Audi komandas\u0131 ilk s\u00fcr\u00fcc\u00fcs\u00fcn\u00fc transfer edib. Almaniyal\u0131 avtomobil istehsal\u00e7\u0131s\u0131 Niko H\u00fclkenberql\u0259 ikiillik m\u00fcqavil\u0259 ba\u011flay\u0131b.\u00a0<\/p>\n","protected":false},"author":2,"featured_media":5269,"comment_status":"open","ping_status":"open","sticky":false,"template":"","format":"standard","meta":{"footnotes":""},"categories":[4,2],"tags":[294,88],"class_list":["post-5260","post","type-post","status-publish","format-standard","has-post-thumbnail","hentry","category-manshet","category-news","tag-audi","tag-nico-hulkenberg"],"yoast_head":"<!-- This site is optimized with the Yoast SEO plugin v27.5 - https:\/\/yoast.com\/product\/yoast-seo-wordpress\/ -->\n<title>R\u0259smi: H\u00fclkenberq Audi-y\u0259 ke\u00e7ib - X\u0259b\u0259ri Kokpitd\u0259 Oxuyun!<\/title>\n<meta name=\"robots\" content=\"index, follow, max-snippet:-1, max-image-preview:large, max-video-preview:-1\" \/>\n<link rel=\"canonical\" href=\"https:\/\/kokpit.az\/?p=5260\" \/>\n<meta property=\"og:locale\" content=\"az_AZ\" \/>\n<meta property=\"og:type\" content=\"article\" \/>\n<meta property=\"og:title\" content=\"R\u0259smi: H\u00fclkenberq Audi-y\u0259 ke\u00e7ib - X\u0259b\u0259ri Kokpitd\u0259 Oxuyun!\" \/>\n<meta property=\"og:description\" content=\"2026-c\u0131 ild\u0259 Formula 1-\u0259 qay\u0131tma\u011fa haz\u0131rlanan Audi komandas\u0131 ilk s\u00fcr\u00fcc\u00fcs\u00fcn\u00fc transfer edib. Almaniyal\u0131 avtomobil istehsal\u00e7\u0131s\u0131 Niko H\u00fclkenberql\u0259 ikiillik m\u00fcqavil\u0259 ba\u011flay\u0131b.\u00a0\" \/>\n<meta property=\"og:url\" content=\"https:\/\/kokpit.az\/?p=5260\" \/>\n<meta property=\"og:site_name\" content=\"X\u0259b\u0259ri Kokpitd\u0259 Oxuyun!\" \/>\n<meta property=\"article:publisher\" content=\"https:\/\/www.facebook.com\/profile.php?id=61553756392357\" \/>\n<meta property=\"article:published_time\" content=\"2024-04-26T08:43:59+00:00\" \/>\n<meta property=\"article:modified_time\" content=\"2024-04-26T10:26:42+00:00\" \/>\n<meta property=\"og:image\" content=\"https:\/\/kokpit.az\/wp-content\/uploads\/2024\/04\/c-24-e1714127189663.webp\" \/>\n\t<meta property=\"og:image:width\" content=\"1200\" \/>\n\t<meta property=\"og:image:height\" content=\"632\" \/>\n\t<meta property=\"og:image:type\" content=\"image\/webp\" \/>\n<meta name=\"author\" content=\"Rauf Hac\u0131yev\" \/>\n<meta name=\"twitter:card\" content=\"summary_large_image\" \/>\n<meta name=\"twitter:label1\" content=\"Written by\" \/>\n\t<meta name=\"twitter:data1\" content=\"Rauf Hac\u0131yev\" \/>\n\t<meta name=\"twitter:label2\" content=\"Est. reading time\" \/>\n\t<meta name=\"twitter:data2\" content=\"2 minutes\" \/>\n<script type=\"application\/ld+json\" class=\"yoast-schema-graph\">{\"@context\":\"https:\\\/\\\/schema.org\",\"@graph\":[{\"@type\":\"Article\",\"@id\":\"https:\\\/\\\/kokpit.az\\\/?p=5260#article\",\"isPartOf\":{\"@id\":\"https:\\\/\\\/kokpit.az\\\/?p=5260\"},\"author\":{\"name\":\"Rauf Hac\u0131yev\",\"@id\":\"https:\\\/\\\/kokpit.az\\\/#\\\/schema\\\/person\\\/f4114e650bc2993d0650e4fb6933c581\"},\"headline\":\"R\u0259smi: H\u00fclkenberq Audi-y\u0259 ke\u00e7ib\",\"datePublished\":\"2024-04-26T08:43:59+00:00\",\"dateModified\":\"2024-04-26T10:26:42+00:00\",\"mainEntityOfPage\":{\"@id\":\"https:\\\/\\\/kokpit.az\\\/?p=5260\"},\"wordCount\":364,\"commentCount\":0,\"publisher\":{\"@id\":\"https:\\\/\\\/kokpit.az\\\/#organization\"},\"image\":{\"@id\":\"https:\\\/\\\/kokpit.az\\\/?p=5260#primaryimage\"},\"thumbnailUrl\":\"https:\\\/\\\/kokpit.az\\\/wp-content\\\/uploads\\\/2024\\\/04\\\/c-24-e1714127189663.webp\",\"keywords\":[\"Audi\",\"Nico Hulkenberg\"],\"articleSection\":[\"Man\u015fet\",\"X\u0259b\u0259rl\u0259r\"],\"inLanguage\":\"az\",\"potentialAction\":[{\"@type\":\"CommentAction\",\"name\":\"Comment\",\"target\":[\"https:\\\/\\\/kokpit.az\\\/?p=5260#respond\"]}]},{\"@type\":\"WebPage\",\"@id\":\"https:\\\/\\\/kokpit.az\\\/?p=5260\",\"url\":\"https:\\\/\\\/kokpit.az\\\/?p=5260\",\"name\":\"R\u0259smi: H\u00fclkenberq Audi-y\u0259 ke\u00e7ib - X\u0259b\u0259ri Kokpitd\u0259 Oxuyun!\",\"isPartOf\":{\"@id\":\"https:\\\/\\\/kokpit.az\\\/#website\"},\"primaryImageOfPage\":{\"@id\":\"https:\\\/\\\/kokpit.az\\\/?p=5260#primaryimage\"},\"image\":{\"@id\":\"https:\\\/\\\/kokpit.az\\\/?p=5260#primaryimage\"},\"thumbnailUrl\":\"https:\\\/\\\/kokpit.az\\\/wp-content\\\/uploads\\\/2024\\\/04\\\/c-24-e1714127189663.webp\",\"datePublished\":\"2024-04-26T08:43:59+00:00\",\"dateModified\":\"2024-04-26T10:26:42+00:00\",\"breadcrumb\":{\"@id\":\"https:\\\/\\\/kokpit.az\\\/?p=5260#breadcrumb\"},\"inLanguage\":\"az\",\"potentialAction\":[{\"@type\":\"ReadAction\",\"target\":[\"https:\\\/\\\/kokpit.az\\\/?p=5260\"]}]},{\"@type\":\"ImageObject\",\"inLanguage\":\"az\",\"@id\":\"https:\\\/\\\/kokpit.az\\\/?p=5260#primaryimage\",\"url\":\"https:\\\/\\\/kokpit.az\\\/wp-content\\\/uploads\\\/2024\\\/04\\\/c-24-e1714127189663.webp\",\"contentUrl\":\"https:\\\/\\\/kokpit.az\\\/wp-content\\\/uploads\\\/2024\\\/04\\\/c-24-e1714127189663.webp\",\"width\":1200,\"height\":632},{\"@type\":\"BreadcrumbList\",\"@id\":\"https:\\\/\\\/kokpit.az\\\/?p=5260#breadcrumb\",\"itemListElement\":[{\"@type\":\"ListItem\",\"position\":1,\"name\":\"Home\",\"item\":\"https:\\\/\\\/kokpit.az\\\/\"},{\"@type\":\"ListItem\",\"position\":2,\"name\":\"R\u0259smi: H\u00fclkenberq Audi-y\u0259 ke\u00e7ib\"}]},{\"@type\":\"WebSite\",\"@id\":\"https:\\\/\\\/kokpit.az\\\/#website\",\"url\":\"https:\\\/\\\/kokpit.az\\\/\",\"name\":\"X\u0259b\u0259ri Kokpitd\u0259 Oxuyun!\",\"description\":\"\",\"publisher\":{\"@id\":\"https:\\\/\\\/kokpit.az\\\/#organization\"},\"potentialAction\":[{\"@type\":\"SearchAction\",\"target\":{\"@type\":\"EntryPoint\",\"urlTemplate\":\"https:\\\/\\\/kokpit.az\\\/?s={search_term_string}\"},\"query-input\":{\"@type\":\"PropertyValueSpecification\",\"valueRequired\":true,\"valueName\":\"search_term_string\"}}],\"inLanguage\":\"az\"},{\"@type\":\"Organization\",\"@id\":\"https:\\\/\\\/kokpit.az\\\/#organization\",\"name\":\"X\u0259b\u0259ri Kokpitd\u0259 Oxuyun!\",\"url\":\"https:\\\/\\\/kokpit.az\\\/\",\"logo\":{\"@type\":\"ImageObject\",\"inLanguage\":\"az\",\"@id\":\"https:\\\/\\\/kokpit.az\\\/#\\\/schema\\\/logo\\\/image\\\/\",\"url\":\"https:\\\/\\\/kokpit.az\\\/wp-content\\\/uploads\\\/2023\\\/05\\\/kokpit.jpg\",\"contentUrl\":\"https:\\\/\\\/kokpit.az\\\/wp-content\\\/uploads\\\/2023\\\/05\\\/kokpit.jpg\",\"width\":488,\"height\":245,\"caption\":\"X\u0259b\u0259ri Kokpitd\u0259 Oxuyun!\"},\"image\":{\"@id\":\"https:\\\/\\\/kokpit.az\\\/#\\\/schema\\\/logo\\\/image\\\/\"},\"sameAs\":[\"https:\\\/\\\/www.facebook.com\\\/profile.php?id=61553756392357\"]},{\"@type\":\"Person\",\"@id\":\"https:\\\/\\\/kokpit.az\\\/#\\\/schema\\\/person\\\/f4114e650bc2993d0650e4fb6933c581\",\"name\":\"Rauf Hac\u0131yev\",\"image\":{\"@type\":\"ImageObject\",\"inLanguage\":\"az\",\"@id\":\"https:\\\/\\\/secure.gravatar.com\\\/avatar\\\/394a2085c47c7acdcf41f7d270b7cbb52513d6f4f24c1cb6dfbbd61f98c0503d?s=96&d=mm&r=g\",\"url\":\"https:\\\/\\\/secure.gravatar.com\\\/avatar\\\/394a2085c47c7acdcf41f7d270b7cbb52513d6f4f24c1cb6dfbbd61f98c0503d?s=96&d=mm&r=g\",\"contentUrl\":\"https:\\\/\\\/secure.gravatar.com\\\/avatar\\\/394a2085c47c7acdcf41f7d270b7cbb52513d6f4f24c1cb6dfbbd61f98c0503d?s=96&d=mm&r=g\",\"caption\":\"Rauf Hac\u0131yev\"},\"sameAs\":[\"https:\\\/\\\/kokpit.az\"],\"url\":\"https:\\\/\\\/kokpit.az\\\/?author=2\"}]}<\/script>\n<!-- \/ Yoast SEO plugin. -->","yoast_head_json":{"title":"R\u0259smi: H\u00fclkenberq Audi-y\u0259 ke\u00e7ib - X\u0259b\u0259ri Kokpitd\u0259 Oxuyun!","robots":{"index":"index","follow":"follow","max-snippet":"max-snippet:-1","max-image-preview":"max-image-preview:large","max-video-preview":"max-video-preview:-1"},"canonical":"https:\/\/kokpit.az\/?p=5260","og_locale":"az_AZ","og_type":"article","og_title":"R\u0259smi: H\u00fclkenberq Audi-y\u0259 ke\u00e7ib - X\u0259b\u0259ri Kokpitd\u0259 Oxuyun!","og_description":"2026-c\u0131 ild\u0259 Formula 1-\u0259 qay\u0131tma\u011fa haz\u0131rlanan Audi komandas\u0131 ilk s\u00fcr\u00fcc\u00fcs\u00fcn\u00fc transfer edib. Almaniyal\u0131 avtomobil istehsal\u00e7\u0131s\u0131 Niko H\u00fclkenberql\u0259 ikiillik m\u00fcqavil\u0259 ba\u011flay\u0131b.\u00a0","og_url":"https:\/\/kokpit.az\/?p=5260","og_site_name":"X\u0259b\u0259ri Kokpitd\u0259 Oxuyun!","article_publisher":"https:\/\/www.facebook.com\/profile.php?id=61553756392357","article_published_time":"2024-04-26T08:43:59+00:00","article_modified_time":"2024-04-26T10:26:42+00:00","og_image":[{"width":1200,"height":632,"url":"https:\/\/kokpit.az\/wp-content\/uploads\/2024\/04\/c-24-e1714127189663.webp","type":"image\/webp"}],"author":"Rauf Hac\u0131yev","twitter_card":"summary_large_image","twitter_misc":{"Written by":"Rauf Hac\u0131yev","Est. reading time":"2 minutes"},"schema":{"@context":"https:\/\/schema.org","@graph":[{"@type":"Article","@id":"https:\/\/kokpit.az\/?p=5260#article","isPartOf":{"@id":"https:\/\/kokpit.az\/?p=5260"},"author":{"name":"Rauf Hac\u0131yev","@id":"https:\/\/kokpit.az\/#\/schema\/person\/f4114e650bc2993d0650e4fb6933c581"},"headline":"R\u0259smi: H\u00fclkenberq Audi-y\u0259 ke\u00e7ib","datePublished":"2024-04-26T08:43:59+00:00","dateModified":"2024-04-26T10:26:42+00:00","mainEntityOfPage":{"@id":"https:\/\/kokpit.az\/?p=5260"},"wordCount":364,"commentCount":0,"publisher":{"@id":"https:\/\/kokpit.az\/#organization"},"image":{"@id":"https:\/\/kokpit.az\/?p=5260#primaryimage"},"thumbnailUrl":"https:\/\/kokpit.az\/wp-content\/uploads\/2024\/04\/c-24-e1714127189663.webp","keywords":["Audi","Nico Hulkenberg"],"articleSection":["Man\u015fet","X\u0259b\u0259rl\u0259r"],"inLanguage":"az","potentialAction":[{"@type":"CommentAction","name":"Comment","target":["https:\/\/kokpit.az\/?p=5260#respond"]}]},{"@type":"WebPage","@id":"https:\/\/kokpit.az\/?p=5260","url":"https:\/\/kokpit.az\/?p=5260","name":"R\u0259smi: H\u00fclkenberq Audi-y\u0259 ke\u00e7ib - X\u0259b\u0259ri Kokpitd\u0259 Oxuyun!","isPartOf":{"@id":"https:\/\/kokpit.az\/#website"},"primaryImageOfPage":{"@id":"https:\/\/kokpit.az\/?p=5260#primaryimage"},"image":{"@id":"https:\/\/kokpit.az\/?p=5260#primaryimage"},"thumbnailUrl":"https:\/\/kokpit.az\/wp-content\/uploads\/2024\/04\/c-24-e1714127189663.webp","datePublished":"2024-04-26T08:43:59+00:00","dateModified":"2024-04-26T10:26:42+00:00","breadcrumb":{"@id":"https:\/\/kokpit.az\/?p=5260#breadcrumb"},"inLanguage":"az","potentialAction":[{"@type":"ReadAction","target":["https:\/\/kokpit.az\/?p=5260"]}]},{"@type":"ImageObject","inLanguage":"az","@id":"https:\/\/kokpit.az\/?p=5260#primaryimage","url":"https:\/\/kokpit.az\/wp-content\/uploads\/2024\/04\/c-24-e1714127189663.webp","contentUrl":"https:\/\/kokpit.az\/wp-content\/uploads\/2024\/04\/c-24-e1714127189663.webp","width":1200,"height":632},{"@type":"BreadcrumbList","@id":"https:\/\/kokpit.az\/?p=5260#breadcrumb","itemListElement":[{"@type":"ListItem","position":1,"name":"Home","item":"https:\/\/kokpit.az\/"},{"@type":"ListItem","position":2,"name":"R\u0259smi: H\u00fclkenberq Audi-y\u0259 ke\u00e7ib"}]},{"@type":"WebSite","@id":"https:\/\/kokpit.az\/#website","url":"https:\/\/kokpit.az\/","name":"X\u0259b\u0259ri Kokpitd\u0259 Oxuyun!","description":"","publisher":{"@id":"https:\/\/kokpit.az\/#organization"},"potentialAction":[{"@type":"SearchAction","target":{"@type":"EntryPoint","urlTemplate":"https:\/\/kokpit.az\/?s={search_term_string}"},"query-input":{"@type":"PropertyValueSpecification","valueRequired":true,"valueName":"search_term_string"}}],"inLanguage":"az"},{"@type":"Organization","@id":"https:\/\/kokpit.az\/#organization","name":"X\u0259b\u0259ri Kokpitd\u0259 Oxuyun!","url":"https:\/\/kokpit.az\/","logo":{"@type":"ImageObject","inLanguage":"az","@id":"https:\/\/kokpit.az\/#\/schema\/logo\/image\/","url":"https:\/\/kokpit.az\/wp-content\/uploads\/2023\/05\/kokpit.jpg","contentUrl":"https:\/\/kokpit.az\/wp-content\/uploads\/2023\/05\/kokpit.jpg","width":488,"height":245,"caption":"X\u0259b\u0259ri Kokpitd\u0259 Oxuyun!"},"image":{"@id":"https:\/\/kokpit.az\/#\/schema\/logo\/image\/"},"sameAs":["https:\/\/www.facebook.com\/profile.php?id=61553756392357"]},{"@type":"Person","@id":"https:\/\/kokpit.az\/#\/schema\/person\/f4114e650bc2993d0650e4fb6933c581","name":"Rauf Hac\u0131yev","image":{"@type":"ImageObject","inLanguage":"az","@id":"https:\/\/secure.gravatar.com\/avatar\/394a2085c47c7acdcf41f7d270b7cbb52513d6f4f24c1cb6dfbbd61f98c0503d?s=96&d=mm&r=g","url":"https:\/\/secure.gravatar.com\/avatar\/394a2085c47c7acdcf41f7d270b7cbb52513d6f4f24c1cb6dfbbd61f98c0503d?s=96&d=mm&r=g","contentUrl":"https:\/\/secure.gravatar.com\/avatar\/394a2085c47c7acdcf41f7d270b7cbb52513d6f4f24c1cb6dfbbd61f98c0503d?s=96&d=mm&r=g","caption":"Rauf Hac\u0131yev"},"sameAs":["https:\/\/kokpit.az"],"url":"https:\/\/kokpit.az\/?author=2"}]}},"_links":{"self":[{"href":"https:\/\/kokpit.az\/index.php?rest_route=\/wp\/v2\/posts\/5260","targetHints":{"allow":["GET"]}}],"collection":[{"href":"https:\/\/kokpit.az\/index.php?rest_route=\/wp\/v2\/posts"}],"about":[{"href":"https:\/\/kokpit.az\/index.php?rest_route=\/wp\/v2\/types\/post"}],"author":[{"embeddable":true,"href":"https:\/\/kokpit.az\/index.php?rest_route=\/wp\/v2\/users\/2"}],"replies":[{"embeddable":true,"href":"https:\/\/kokpit.az\/index.php?rest_route=%2Fwp%2Fv2%2Fcomments&post=5260"}],"version-history":[{"count":1,"href":"https:\/\/kokpit.az\/index.php?rest_route=\/wp\/v2\/posts\/5260\/revisions"}],"predecessor-version":[{"id":5263,"href":"https:\/\/kokpit.az\/index.php?rest_route=\/wp\/v2\/posts\/5260\/revisions\/5263"}],"wp:featuredmedia":[{"embeddable":true,"href":"https:\/\/kokpit.az\/index.php?rest_route=\/wp\/v2\/media\/5269"}],"wp:attachment":[{"href":"https:\/\/kokpit.az\/index.php?rest_route=%2Fwp%2Fv2%2Fmedia&parent=5260"}],"wp:term":[{"taxonomy":"category","embeddable":true,"href":"https:\/\/kokpit.az\/index.php?rest_route=%2Fwp%2Fv2%2Fcategories&post=5260"},{"taxonomy":"post_tag","embeddable":true,"href":"https:\/\/kokpit.az\/index.php?rest_route=%2Fwp%2Fv2%2Ftags&post=5260"}],"curies":[{"name":"wp","href":"https:\/\/api.w.org\/{rel}","templated":true}]}}