{"id":5039,"date":"2024-04-11T15:21:54","date_gmt":"2024-04-11T11:21:54","guid":{"rendered":"https:\/\/kokpit.az\/?p=5039"},"modified":"2024-04-11T20:25:41","modified_gmt":"2024-04-11T16:25:41","slug":"f-alonso-mercedes-c%c9%99zbedici-komanda-deyil","status":"publish","type":"post","link":"https:\/\/kokpit.az\/?p=5039","title":{"rendered":"F.Alonso: Mercedes c\u0259zbedici komanda deyil"},"content":{"rendered":"<p>Kokpit.az xat\u0131rlad\u0131r ki, Lyuis H\u0259milton ilin sonunda Mercedes-d\u0259n ayr\u0131lacaq v\u0259 \u201cg\u00fcm\u00fc\u015f\u00fc oxlar\u201d onun yerin\u0259 s\u00fcr\u00fcc\u00fc axtar\u0131r. Fernando Alonso da namiz\u0259dl\u0259r aras\u0131ndad\u0131r.<\/p>\n<p>Fernando Alonso Yaponiya yar\u0131\u015f\u0131nda alt\u0131nc\u0131 yeri tutub. Bu yar\u0131\u015fda Mercedes komandas\u0131n\u0131n s\u00fcr\u00fcc\u00fcl\u0259ri 8 v\u0259 9-cu yerl\u0259ri tutublar.<\/p>\n<p>Fernando Alonso: \u201cYaponiyada \u00e7ox \u0259yl\u0259ndim v\u0259 s\u00fcr\u00fc\u015f c\u0259h\u0259td\u0259n \u0259n yax\u015f\u0131 h\u0259ft\u0259sonlar\u0131ndan biri idi. Lakin liderd\u0259n 44 saniy\u0259 geri qald\u0131\u011f\u0131m \u00fc\u00e7\u00fcn \u00f6z\u00fcm\u00fc yax\u015f\u0131 hiss etmir\u0259m.<\/p>\n<p>Mercedes haz\u0131rda bizd\u0259n gerid\u0259 oldu\u011fu \u00fc\u00e7\u00fcn onlar\u0131n t\u0259klifl\u0259ri c\u0259zbedici deyi\u201d.<\/p>\n<p>Fernando Alonso Yaponiya yar\u0131\u015f\u0131n\u0131 bel\u0259 d\u0259y\u0259rl\u0259ndirib: \u201c\u201cM\u0259nc\u0259, 2024-c\u00fc ild\u0259ki \u0259n yax\u015f\u0131 h\u0259ft\u0259sonum idi. \u00d6z\u00fcml\u0259 q\u00fcrur duyuram. Bunun \u0259n yax\u015f\u0131 yar\u0131\u015f olub-olmad\u0131\u011f\u0131n\u0131 dem\u0259k \u00e7\u0259tindir, amma m\u0259nc\u0259 \u0259n az\u0131ndan son bir ild\u0259ki \u0259n yax\u015f\u0131 yar\u0131\u015f\u0131m idi. Ke\u00e7\u0259n ilin aprel ya da may ay\u0131ndan b\u0259ri bel\u0259 q\u00fcsursuz h\u0259ft\u0259sonu ke\u00e7irirdim.<\/p>\n<p>M\u0259nc\u0259, haz\u0131rda \u0259n s\u00fcr\u0259tli be\u015finci komanday\u0131q. Amma bizi Ferrari, McLaren, Red bull v\u0259 Mercedes-l\u0259 m\u00fcqayis\u0259 etm\u0259k d\u00fczg\u00fcn olmaz. Buna g\u00f6r\u0259 d\u0259 alt\u0131nc\u0131 olmaq bizim \u00fc\u00e7\u00fcn yax\u015f\u0131 n\u0259tic\u0259sir. Yar\u0131\u015flarda performans\u0131m\u0131z \u00e7ox yax\u015f\u0131d\u0131r. Avstraliya v\u0259 S\u0259udiyy\u0259 \u018fr\u0259bistan\u0131nda da el\u0259 idi. Ancaq yen\u0259 d\u0259 tempimizi yax\u015f\u0131la\u015fd\u0131rmal\u0131y\u0131q. Bu ilk paket m\u00f6vs\u00fcm \u0259rzind\u0259 g\u0259tir\u0259c\u0259kl\u0259rimizin t\u0259m\u0259lidir. Y\u0259ni ki, \u00e7ox \u015feyi t\u0259hlil etm\u0259liyik. Lakin dediyim kimi bazar g\u00fcnl\u0259ri \u00e7ox yax\u015f\u0131 performans g\u00f6st\u0259ririrk v\u0259 \u00e7ox yax\u015f\u0131 xallar qazan\u0131r\u0131q.<\/p>\n<p>Yar\u0131\u015fda pit-stoplar da yax\u015f\u0131 idi. \u018fslind\u0259 ikinci pit-stopda ya\u015f\u0131l i\u015f\u0131\u011f\u0131 g\u00f6r\u0259nd\u0259 \u00f6z-\u00f6z\u00fcm\u0259 dedim ki, dey\u0259s\u0259n d\u00f6rd t\u0259k\u0259ri d\u0259 d\u0259yi\u015fm\u0259dil\u0259r, \u00e7\u00fcnki indiy\u0259 kimi \u0259n s\u00fcr\u0259tli pit-stopumuz idi\u201d.<\/p>\n","protected":false},"excerpt":{"rendered":"<p>Aston Martin komandas\u0131n\u0131n s\u00fcr\u00fcc\u00fcs\u00fc Fernando Alonso bildirib ki, Mercedes haz\u0131rda z\u0259if oldu\u011fu \u00fc\u00e7\u00fcn c\u0259zbedici alternativ deyil.<\/p>\n","protected":false},"author":2,"featured_media":5040,"comment_status":"open","ping_status":"open","sticky":false,"template":"","format":"standard","meta":{"footnotes":""},"categories":[2],"tags":[67],"class_list":["post-5039","post","type-post","status-publish","format-standard","has-post-thumbnail","hentry","category-news","tag-fernando-alonso"],"yoast_head":"<!-- This site is optimized with the Yoast SEO plugin v27.5 - https:\/\/yoast.com\/product\/yoast-seo-wordpress\/ -->\n<title>F.Alonso: Mercedes c\u0259zbedici komanda deyil - X\u0259b\u0259ri Kokpitd\u0259 Oxuyun!<\/title>\n<meta name=\"robots\" content=\"index, follow, max-snippet:-1, max-image-preview:large, max-video-preview:-1\" \/>\n<link rel=\"canonical\" href=\"https:\/\/kokpit.az\/?p=5039\" \/>\n<meta property=\"og:locale\" content=\"az_AZ\" \/>\n<meta property=\"og:type\" content=\"article\" \/>\n<meta property=\"og:title\" content=\"F.Alonso: Mercedes c\u0259zbedici komanda deyil - X\u0259b\u0259ri Kokpitd\u0259 Oxuyun!\" \/>\n<meta property=\"og:description\" content=\"Aston Martin komandas\u0131n\u0131n s\u00fcr\u00fcc\u00fcs\u00fc Fernando Alonso bildirib ki, Mercedes haz\u0131rda z\u0259if oldu\u011fu \u00fc\u00e7\u00fcn c\u0259zbedici alternativ deyil.\" \/>\n<meta property=\"og:url\" content=\"https:\/\/kokpit.az\/?p=5039\" \/>\n<meta property=\"og:site_name\" content=\"X\u0259b\u0259ri Kokpitd\u0259 Oxuyun!\" \/>\n<meta property=\"article:publisher\" content=\"https:\/\/www.facebook.com\/profile.php?id=61553756392357\" \/>\n<meta property=\"article:published_time\" content=\"2024-04-11T11:21:54+00:00\" \/>\n<meta property=\"article:modified_time\" content=\"2024-04-11T16:25:41+00:00\" \/>\n<meta property=\"og:image\" content=\"https:\/\/kokpit.az\/wp-content\/uploads\/2024\/04\/IMG_2554.webp\" \/>\n\t<meta property=\"og:image:width\" content=\"1600\" \/>\n\t<meta property=\"og:image:height\" content=\"900\" \/>\n\t<meta property=\"og:image:type\" content=\"image\/webp\" \/>\n<meta name=\"author\" content=\"Rauf Hac\u0131yev\" \/>\n<meta name=\"twitter:card\" content=\"summary_large_image\" \/>\n<meta name=\"twitter:label1\" content=\"Written by\" \/>\n\t<meta name=\"twitter:data1\" content=\"Rauf Hac\u0131yev\" \/>\n\t<meta name=\"twitter:label2\" content=\"Est. reading time\" \/>\n\t<meta name=\"twitter:data2\" content=\"2 minutes\" \/>\n<script type=\"application\/ld+json\" class=\"yoast-schema-graph\">{\"@context\":\"https:\\\/\\\/schema.org\",\"@graph\":[{\"@type\":\"Article\",\"@id\":\"https:\\\/\\\/kokpit.az\\\/?p=5039#article\",\"isPartOf\":{\"@id\":\"https:\\\/\\\/kokpit.az\\\/?p=5039\"},\"author\":{\"name\":\"Rauf Hac\u0131yev\",\"@id\":\"https:\\\/\\\/kokpit.az\\\/#\\\/schema\\\/person\\\/f4114e650bc2993d0650e4fb6933c581\"},\"headline\":\"F.Alonso: Mercedes c\u0259zbedici komanda deyil\",\"datePublished\":\"2024-04-11T11:21:54+00:00\",\"dateModified\":\"2024-04-11T16:25:41+00:00\",\"mainEntityOfPage\":{\"@id\":\"https:\\\/\\\/kokpit.az\\\/?p=5039\"},\"wordCount\":346,\"commentCount\":0,\"publisher\":{\"@id\":\"https:\\\/\\\/kokpit.az\\\/#organization\"},\"image\":{\"@id\":\"https:\\\/\\\/kokpit.az\\\/?p=5039#primaryimage\"},\"thumbnailUrl\":\"https:\\\/\\\/kokpit.az\\\/wp-content\\\/uploads\\\/2024\\\/04\\\/IMG_2554.webp\",\"keywords\":[\"Fernando Alonso\"],\"articleSection\":[\"X\u0259b\u0259rl\u0259r\"],\"inLanguage\":\"az\",\"potentialAction\":[{\"@type\":\"CommentAction\",\"name\":\"Comment\",\"target\":[\"https:\\\/\\\/kokpit.az\\\/?p=5039#respond\"]}]},{\"@type\":\"WebPage\",\"@id\":\"https:\\\/\\\/kokpit.az\\\/?p=5039\",\"url\":\"https:\\\/\\\/kokpit.az\\\/?p=5039\",\"name\":\"F.Alonso: Mercedes c\u0259zbedici komanda deyil - X\u0259b\u0259ri Kokpitd\u0259 Oxuyun!\",\"isPartOf\":{\"@id\":\"https:\\\/\\\/kokpit.az\\\/#website\"},\"primaryImageOfPage\":{\"@id\":\"https:\\\/\\\/kokpit.az\\\/?p=5039#primaryimage\"},\"image\":{\"@id\":\"https:\\\/\\\/kokpit.az\\\/?p=5039#primaryimage\"},\"thumbnailUrl\":\"https:\\\/\\\/kokpit.az\\\/wp-content\\\/uploads\\\/2024\\\/04\\\/IMG_2554.webp\",\"datePublished\":\"2024-04-11T11:21:54+00:00\",\"dateModified\":\"2024-04-11T16:25:41+00:00\",\"breadcrumb\":{\"@id\":\"https:\\\/\\\/kokpit.az\\\/?p=5039#breadcrumb\"},\"inLanguage\":\"az\",\"potentialAction\":[{\"@type\":\"ReadAction\",\"target\":[\"https:\\\/\\\/kokpit.az\\\/?p=5039\"]}]},{\"@type\":\"ImageObject\",\"inLanguage\":\"az\",\"@id\":\"https:\\\/\\\/kokpit.az\\\/?p=5039#primaryimage\",\"url\":\"https:\\\/\\\/kokpit.az\\\/wp-content\\\/uploads\\\/2024\\\/04\\\/IMG_2554.webp\",\"contentUrl\":\"https:\\\/\\\/kokpit.az\\\/wp-content\\\/uploads\\\/2024\\\/04\\\/IMG_2554.webp\",\"width\":1600,\"height\":900},{\"@type\":\"BreadcrumbList\",\"@id\":\"https:\\\/\\\/kokpit.az\\\/?p=5039#breadcrumb\",\"itemListElement\":[{\"@type\":\"ListItem\",\"position\":1,\"name\":\"Home\",\"item\":\"https:\\\/\\\/kokpit.az\\\/\"},{\"@type\":\"ListItem\",\"position\":2,\"name\":\"F.Alonso: Mercedes c\u0259zbedici komanda deyil\"}]},{\"@type\":\"WebSite\",\"@id\":\"https:\\\/\\\/kokpit.az\\\/#website\",\"url\":\"https:\\\/\\\/kokpit.az\\\/\",\"name\":\"X\u0259b\u0259ri Kokpitd\u0259 Oxuyun!\",\"description\":\"\",\"publisher\":{\"@id\":\"https:\\\/\\\/kokpit.az\\\/#organization\"},\"potentialAction\":[{\"@type\":\"SearchAction\",\"target\":{\"@type\":\"EntryPoint\",\"urlTemplate\":\"https:\\\/\\\/kokpit.az\\\/?s={search_term_string}\"},\"query-input\":{\"@type\":\"PropertyValueSpecification\",\"valueRequired\":true,\"valueName\":\"search_term_string\"}}],\"inLanguage\":\"az\"},{\"@type\":\"Organization\",\"@id\":\"https:\\\/\\\/kokpit.az\\\/#organization\",\"name\":\"X\u0259b\u0259ri Kokpitd\u0259 Oxuyun!\",\"url\":\"https:\\\/\\\/kokpit.az\\\/\",\"logo\":{\"@type\":\"ImageObject\",\"inLanguage\":\"az\",\"@id\":\"https:\\\/\\\/kokpit.az\\\/#\\\/schema\\\/logo\\\/image\\\/\",\"url\":\"https:\\\/\\\/kokpit.az\\\/wp-content\\\/uploads\\\/2023\\\/05\\\/kokpit.jpg\",\"contentUrl\":\"https:\\\/\\\/kokpit.az\\\/wp-content\\\/uploads\\\/2023\\\/05\\\/kokpit.jpg\",\"width\":488,\"height\":245,\"caption\":\"X\u0259b\u0259ri Kokpitd\u0259 Oxuyun!\"},\"image\":{\"@id\":\"https:\\\/\\\/kokpit.az\\\/#\\\/schema\\\/logo\\\/image\\\/\"},\"sameAs\":[\"https:\\\/\\\/www.facebook.com\\\/profile.php?id=61553756392357\"]},{\"@type\":\"Person\",\"@id\":\"https:\\\/\\\/kokpit.az\\\/#\\\/schema\\\/person\\\/f4114e650bc2993d0650e4fb6933c581\",\"name\":\"Rauf Hac\u0131yev\",\"image\":{\"@type\":\"ImageObject\",\"inLanguage\":\"az\",\"@id\":\"https:\\\/\\\/secure.gravatar.com\\\/avatar\\\/394a2085c47c7acdcf41f7d270b7cbb52513d6f4f24c1cb6dfbbd61f98c0503d?s=96&d=mm&r=g\",\"url\":\"https:\\\/\\\/secure.gravatar.com\\\/avatar\\\/394a2085c47c7acdcf41f7d270b7cbb52513d6f4f24c1cb6dfbbd61f98c0503d?s=96&d=mm&r=g\",\"contentUrl\":\"https:\\\/\\\/secure.gravatar.com\\\/avatar\\\/394a2085c47c7acdcf41f7d270b7cbb52513d6f4f24c1cb6dfbbd61f98c0503d?s=96&d=mm&r=g\",\"caption\":\"Rauf Hac\u0131yev\"},\"sameAs\":[\"https:\\\/\\\/kokpit.az\"],\"url\":\"https:\\\/\\\/kokpit.az\\\/?author=2\"}]}<\/script>\n<!-- \/ Yoast SEO plugin. -->","yoast_head_json":{"title":"F.Alonso: Mercedes c\u0259zbedici komanda deyil - X\u0259b\u0259ri Kokpitd\u0259 Oxuyun!","robots":{"index":"index","follow":"follow","max-snippet":"max-snippet:-1","max-image-preview":"max-image-preview:large","max-video-preview":"max-video-preview:-1"},"canonical":"https:\/\/kokpit.az\/?p=5039","og_locale":"az_AZ","og_type":"article","og_title":"F.Alonso: Mercedes c\u0259zbedici komanda deyil - X\u0259b\u0259ri Kokpitd\u0259 Oxuyun!","og_description":"Aston Martin komandas\u0131n\u0131n s\u00fcr\u00fcc\u00fcs\u00fc Fernando Alonso bildirib ki, Mercedes haz\u0131rda z\u0259if oldu\u011fu \u00fc\u00e7\u00fcn c\u0259zbedici alternativ deyil.","og_url":"https:\/\/kokpit.az\/?p=5039","og_site_name":"X\u0259b\u0259ri Kokpitd\u0259 Oxuyun!","article_publisher":"https:\/\/www.facebook.com\/profile.php?id=61553756392357","article_published_time":"2024-04-11T11:21:54+00:00","article_modified_time":"2024-04-11T16:25:41+00:00","og_image":[{"width":1600,"height":900,"url":"https:\/\/kokpit.az\/wp-content\/uploads\/2024\/04\/IMG_2554.webp","type":"image\/webp"}],"author":"Rauf Hac\u0131yev","twitter_card":"summary_large_image","twitter_misc":{"Written by":"Rauf Hac\u0131yev","Est. reading time":"2 minutes"},"schema":{"@context":"https:\/\/schema.org","@graph":[{"@type":"Article","@id":"https:\/\/kokpit.az\/?p=5039#article","isPartOf":{"@id":"https:\/\/kokpit.az\/?p=5039"},"author":{"name":"Rauf Hac\u0131yev","@id":"https:\/\/kokpit.az\/#\/schema\/person\/f4114e650bc2993d0650e4fb6933c581"},"headline":"F.Alonso: Mercedes c\u0259zbedici komanda deyil","datePublished":"2024-04-11T11:21:54+00:00","dateModified":"2024-04-11T16:25:41+00:00","mainEntityOfPage":{"@id":"https:\/\/kokpit.az\/?p=5039"},"wordCount":346,"commentCount":0,"publisher":{"@id":"https:\/\/kokpit.az\/#organization"},"image":{"@id":"https:\/\/kokpit.az\/?p=5039#primaryimage"},"thumbnailUrl":"https:\/\/kokpit.az\/wp-content\/uploads\/2024\/04\/IMG_2554.webp","keywords":["Fernando Alonso"],"articleSection":["X\u0259b\u0259rl\u0259r"],"inLanguage":"az","potentialAction":[{"@type":"CommentAction","name":"Comment","target":["https:\/\/kokpit.az\/?p=5039#respond"]}]},{"@type":"WebPage","@id":"https:\/\/kokpit.az\/?p=5039","url":"https:\/\/kokpit.az\/?p=5039","name":"F.Alonso: Mercedes c\u0259zbedici komanda deyil - X\u0259b\u0259ri Kokpitd\u0259 Oxuyun!","isPartOf":{"@id":"https:\/\/kokpit.az\/#website"},"primaryImageOfPage":{"@id":"https:\/\/kokpit.az\/?p=5039#primaryimage"},"image":{"@id":"https:\/\/kokpit.az\/?p=5039#primaryimage"},"thumbnailUrl":"https:\/\/kokpit.az\/wp-content\/uploads\/2024\/04\/IMG_2554.webp","datePublished":"2024-04-11T11:21:54+00:00","dateModified":"2024-04-11T16:25:41+00:00","breadcrumb":{"@id":"https:\/\/kokpit.az\/?p=5039#breadcrumb"},"inLanguage":"az","potentialAction":[{"@type":"ReadAction","target":["https:\/\/kokpit.az\/?p=5039"]}]},{"@type":"ImageObject","inLanguage":"az","@id":"https:\/\/kokpit.az\/?p=5039#primaryimage","url":"https:\/\/kokpit.az\/wp-content\/uploads\/2024\/04\/IMG_2554.webp","contentUrl":"https:\/\/kokpit.az\/wp-content\/uploads\/2024\/04\/IMG_2554.webp","width":1600,"height":900},{"@type":"BreadcrumbList","@id":"https:\/\/kokpit.az\/?p=5039#breadcrumb","itemListElement":[{"@type":"ListItem","position":1,"name":"Home","item":"https:\/\/kokpit.az\/"},{"@type":"ListItem","position":2,"name":"F.Alonso: Mercedes c\u0259zbedici komanda deyil"}]},{"@type":"WebSite","@id":"https:\/\/kokpit.az\/#website","url":"https:\/\/kokpit.az\/","name":"X\u0259b\u0259ri Kokpitd\u0259 Oxuyun!","description":"","publisher":{"@id":"https:\/\/kokpit.az\/#organization"},"potentialAction":[{"@type":"SearchAction","target":{"@type":"EntryPoint","urlTemplate":"https:\/\/kokpit.az\/?s={search_term_string}"},"query-input":{"@type":"PropertyValueSpecification","valueRequired":true,"valueName":"search_term_string"}}],"inLanguage":"az"},{"@type":"Organization","@id":"https:\/\/kokpit.az\/#organization","name":"X\u0259b\u0259ri Kokpitd\u0259 Oxuyun!","url":"https:\/\/kokpit.az\/","logo":{"@type":"ImageObject","inLanguage":"az","@id":"https:\/\/kokpit.az\/#\/schema\/logo\/image\/","url":"https:\/\/kokpit.az\/wp-content\/uploads\/2023\/05\/kokpit.jpg","contentUrl":"https:\/\/kokpit.az\/wp-content\/uploads\/2023\/05\/kokpit.jpg","width":488,"height":245,"caption":"X\u0259b\u0259ri Kokpitd\u0259 Oxuyun!"},"image":{"@id":"https:\/\/kokpit.az\/#\/schema\/logo\/image\/"},"sameAs":["https:\/\/www.facebook.com\/profile.php?id=61553756392357"]},{"@type":"Person","@id":"https:\/\/kokpit.az\/#\/schema\/person\/f4114e650bc2993d0650e4fb6933c581","name":"Rauf Hac\u0131yev","image":{"@type":"ImageObject","inLanguage":"az","@id":"https:\/\/secure.gravatar.com\/avatar\/394a2085c47c7acdcf41f7d270b7cbb52513d6f4f24c1cb6dfbbd61f98c0503d?s=96&d=mm&r=g","url":"https:\/\/secure.gravatar.com\/avatar\/394a2085c47c7acdcf41f7d270b7cbb52513d6f4f24c1cb6dfbbd61f98c0503d?s=96&d=mm&r=g","contentUrl":"https:\/\/secure.gravatar.com\/avatar\/394a2085c47c7acdcf41f7d270b7cbb52513d6f4f24c1cb6dfbbd61f98c0503d?s=96&d=mm&r=g","caption":"Rauf Hac\u0131yev"},"sameAs":["https:\/\/kokpit.az"],"url":"https:\/\/kokpit.az\/?author=2"}]}},"_links":{"self":[{"href":"https:\/\/kokpit.az\/index.php?rest_route=\/wp\/v2\/posts\/5039","targetHints":{"allow":["GET"]}}],"collection":[{"href":"https:\/\/kokpit.az\/index.php?rest_route=\/wp\/v2\/posts"}],"about":[{"href":"https:\/\/kokpit.az\/index.php?rest_route=\/wp\/v2\/types\/post"}],"author":[{"embeddable":true,"href":"https:\/\/kokpit.az\/index.php?rest_route=\/wp\/v2\/users\/2"}],"replies":[{"embeddable":true,"href":"https:\/\/kokpit.az\/index.php?rest_route=%2Fwp%2Fv2%2Fcomments&post=5039"}],"version-history":[{"count":1,"href":"https:\/\/kokpit.az\/index.php?rest_route=\/wp\/v2\/posts\/5039\/revisions"}],"predecessor-version":[{"id":5041,"href":"https:\/\/kokpit.az\/index.php?rest_route=\/wp\/v2\/posts\/5039\/revisions\/5041"}],"wp:featuredmedia":[{"embeddable":true,"href":"https:\/\/kokpit.az\/index.php?rest_route=\/wp\/v2\/media\/5040"}],"wp:attachment":[{"href":"https:\/\/kokpit.az\/index.php?rest_route=%2Fwp%2Fv2%2Fmedia&parent=5039"}],"wp:term":[{"taxonomy":"category","embeddable":true,"href":"https:\/\/kokpit.az\/index.php?rest_route=%2Fwp%2Fv2%2Fcategories&post=5039"},{"taxonomy":"post_tag","embeddable":true,"href":"https:\/\/kokpit.az\/index.php?rest_route=%2Fwp%2Fv2%2Ftags&post=5039"}],"curies":[{"name":"wp","href":"https:\/\/api.w.org\/{rel}","templated":true}]}}