{"id":5035,"date":"2024-04-11T11:55:56","date_gmt":"2024-04-11T07:55:56","guid":{"rendered":"https:\/\/kokpit.az\/?p=5035"},"modified":"2024-04-11T07:58:00","modified_gmt":"2024-04-11T03:58:00","slug":"mercedes-in-3-namiz%c9%99di-var","status":"publish","type":"post","link":"https:\/\/kokpit.az\/?p=5035","title":{"rendered":"Mercedes-in 3 namiz\u0259di var"},"content":{"rendered":"<p>Kokpit.az xat\u0131rld\u0131r ki, Lyuis H\u0259milton ilin sonunda Mercedes komandas\u0131ndan ayr\u0131lacaq v\u0259 \u201cg\u00fcm\u00fc\u015f\u00fc oxlar\u201d onun yerin\u0259 s\u00fcr\u00fcc\u00fc axtar\u0131r.<\/p>\n<p>Son d\u00f6vrl\u0259rd\u0259 Sebastyan Fettelin d\u0259 ad\u0131 Mercedes-l\u0259 hallan\u0131r v\u0259 haz\u0131rda Araqonda Porsche-nin hiperkar\u0131n\u0131 test ed\u0259n d\u00f6rdqat D\u00fcnya \u00c7empionu Formula 1-\u0259 qay\u0131tmaq ehtimal\u0131n\u0131n oldu\u011funu v\u0259 komanda r\u0259hb\u0259rl\u0259ri il\u0259 dan\u0131\u015f\u0131qlar apard\u0131\u011f\u0131n\u0131 deyib. Mercedes komandas\u0131n\u0131n r\u0259hb\u0259ri Toto Volff da Sebastyan Fettel ehtimal\u0131n\u0131 r\u0259dd etm\u0259yib.<\/p>\n<p>Lakin Bild n\u0259\u015frinin x\u0259b\u0259rin\u0259 g\u00f6r\u0259 Mercedes-in siyah\u0131s\u0131nda 3 s\u00fcr\u00fcc\u00fc var v\u0259 onlar\u0131n aras\u0131nda Sebastyan Fettel yoxdur. \u00dc\u00e7n\u0259f\u0259rlik siyah\u0131ya is\u0259 son \u00fc\u00e7 ilin D\u00fcnya \u00c7empionu Maks Ferstappen ba\u015f\u00e7\u0131l\u0131q edir. Niderlandl\u0131 s\u00fcr\u00fcc\u00fcn\u00fcn Red Bull-la 2028-ci ilin sonuna q\u0259d\u0259r m\u00fcqavil\u0259si olsa da, onun Red Bull-dan ayr\u0131lma ehtimal\u0131 var.<\/p>\n<p>Siyahidak\u0131 dig\u0259r namiz\u0259dl\u0259r is\u0259 Mercedes S\u00fcr\u00fcc\u00fc Akademiyas\u0131nda yeti\u015fmi\u015f 17 ya\u015fl\u0131 Kimi Antonelli v\u0259 haz\u0131rda peletonun \u0259n ya\u015fl\u0131 s\u00fcr\u00fcc\u00fcs\u00fc olan Fernando Alonsodur.<\/p>\n<p>G\u0259l\u0259n il bo\u015fda qalacaq s\u00fcr\u00fcc\u00fcl\u0259rd\u0259n biri is\u0259 Karlos Saynsd\u0131r. Lakin ispaniyal\u0131 s\u00fcr\u00fcc\u00fc g\u0259l\u0259c\u0259yi il\u0259 ba\u011fl\u0131 q\u0259rar\u0131 tezlikl\u0259 verm\u0259k ist\u0259yir v\u0259 buna g\u00f6r\u0259 d\u0259 onun Audi-y\u0259 ke\u00e7\u0259c\u0259yi ehtimal edilir.<\/p>\n","protected":false},"excerpt":{"rendered":"<p>Almaniyan\u0131n m\u0259\u015fhur Bild n\u0259\u015fri bildirib ki, haz\u0131rda Mercedes komandas\u0131n\u0131n siyah\u0131s\u0131nda 3 s\u00fcr\u00fcc\u00fc &#8211; Maks Ferstappen, Kimi Antonelli v\u0259 Fernando Alonso var.<\/p>\n","protected":false},"author":2,"featured_media":5037,"comment_status":"open","ping_status":"open","sticky":false,"template":"","format":"standard","meta":{"footnotes":""},"categories":[2],"tags":[52],"class_list":["post-5035","post","type-post","status-publish","format-standard","has-post-thumbnail","hentry","category-news","tag-mercedes-amg-petronas-f1-team"],"yoast_head":"<!-- This site is optimized with the Yoast SEO plugin v27.5 - https:\/\/yoast.com\/product\/yoast-seo-wordpress\/ -->\n<title>Mercedes-in 3 namiz\u0259di var - X\u0259b\u0259ri Kokpitd\u0259 Oxuyun!<\/title>\n<meta name=\"robots\" content=\"index, follow, max-snippet:-1, max-image-preview:large, max-video-preview:-1\" \/>\n<link rel=\"canonical\" href=\"https:\/\/kokpit.az\/?p=5035\" \/>\n<meta property=\"og:locale\" content=\"az_AZ\" \/>\n<meta property=\"og:type\" content=\"article\" \/>\n<meta property=\"og:title\" content=\"Mercedes-in 3 namiz\u0259di var - X\u0259b\u0259ri Kokpitd\u0259 Oxuyun!\" \/>\n<meta property=\"og:description\" content=\"Almaniyan\u0131n m\u0259\u015fhur Bild n\u0259\u015fri bildirib ki, haz\u0131rda Mercedes komandas\u0131n\u0131n siyah\u0131s\u0131nda 3 s\u00fcr\u00fcc\u00fc - Maks Ferstappen, Kimi Antonelli v\u0259 Fernando Alonso var.\" \/>\n<meta property=\"og:url\" content=\"https:\/\/kokpit.az\/?p=5035\" \/>\n<meta property=\"og:site_name\" content=\"X\u0259b\u0259ri Kokpitd\u0259 Oxuyun!\" \/>\n<meta property=\"article:publisher\" content=\"https:\/\/www.facebook.com\/profile.php?id=61553756392357\" \/>\n<meta property=\"article:published_time\" content=\"2024-04-11T07:55:56+00:00\" \/>\n<meta property=\"og:image\" content=\"https:\/\/kokpit.az\/wp-content\/uploads\/2024\/04\/IMG_2539.webp\" \/>\n\t<meta property=\"og:image:width\" content=\"1600\" \/>\n\t<meta property=\"og:image:height\" content=\"907\" \/>\n\t<meta property=\"og:image:type\" content=\"image\/webp\" \/>\n<meta name=\"author\" content=\"Rauf Hac\u0131yev\" \/>\n<meta name=\"twitter:card\" content=\"summary_large_image\" \/>\n<meta name=\"twitter:label1\" content=\"Written by\" \/>\n\t<meta name=\"twitter:data1\" content=\"Rauf Hac\u0131yev\" \/>\n\t<meta name=\"twitter:label2\" content=\"Est. reading time\" \/>\n\t<meta name=\"twitter:data2\" content=\"1 minute\" \/>\n<script type=\"application\/ld+json\" class=\"yoast-schema-graph\">{\"@context\":\"https:\\\/\\\/schema.org\",\"@graph\":[{\"@type\":\"Article\",\"@id\":\"https:\\\/\\\/kokpit.az\\\/?p=5035#article\",\"isPartOf\":{\"@id\":\"https:\\\/\\\/kokpit.az\\\/?p=5035\"},\"author\":{\"name\":\"Rauf Hac\u0131yev\",\"@id\":\"https:\\\/\\\/kokpit.az\\\/#\\\/schema\\\/person\\\/f4114e650bc2993d0650e4fb6933c581\"},\"headline\":\"Mercedes-in 3 namiz\u0259di var\",\"datePublished\":\"2024-04-11T07:55:56+00:00\",\"mainEntityOfPage\":{\"@id\":\"https:\\\/\\\/kokpit.az\\\/?p=5035\"},\"wordCount\":246,\"commentCount\":0,\"publisher\":{\"@id\":\"https:\\\/\\\/kokpit.az\\\/#organization\"},\"image\":{\"@id\":\"https:\\\/\\\/kokpit.az\\\/?p=5035#primaryimage\"},\"thumbnailUrl\":\"https:\\\/\\\/kokpit.az\\\/wp-content\\\/uploads\\\/2024\\\/04\\\/IMG_2539.webp\",\"keywords\":[\"Mercedes AMG Petronas F1 Team\"],\"articleSection\":[\"X\u0259b\u0259rl\u0259r\"],\"inLanguage\":\"az\",\"potentialAction\":[{\"@type\":\"CommentAction\",\"name\":\"Comment\",\"target\":[\"https:\\\/\\\/kokpit.az\\\/?p=5035#respond\"]}]},{\"@type\":\"WebPage\",\"@id\":\"https:\\\/\\\/kokpit.az\\\/?p=5035\",\"url\":\"https:\\\/\\\/kokpit.az\\\/?p=5035\",\"name\":\"Mercedes-in 3 namiz\u0259di var - X\u0259b\u0259ri Kokpitd\u0259 Oxuyun!\",\"isPartOf\":{\"@id\":\"https:\\\/\\\/kokpit.az\\\/#website\"},\"primaryImageOfPage\":{\"@id\":\"https:\\\/\\\/kokpit.az\\\/?p=5035#primaryimage\"},\"image\":{\"@id\":\"https:\\\/\\\/kokpit.az\\\/?p=5035#primaryimage\"},\"thumbnailUrl\":\"https:\\\/\\\/kokpit.az\\\/wp-content\\\/uploads\\\/2024\\\/04\\\/IMG_2539.webp\",\"datePublished\":\"2024-04-11T07:55:56+00:00\",\"breadcrumb\":{\"@id\":\"https:\\\/\\\/kokpit.az\\\/?p=5035#breadcrumb\"},\"inLanguage\":\"az\",\"potentialAction\":[{\"@type\":\"ReadAction\",\"target\":[\"https:\\\/\\\/kokpit.az\\\/?p=5035\"]}]},{\"@type\":\"ImageObject\",\"inLanguage\":\"az\",\"@id\":\"https:\\\/\\\/kokpit.az\\\/?p=5035#primaryimage\",\"url\":\"https:\\\/\\\/kokpit.az\\\/wp-content\\\/uploads\\\/2024\\\/04\\\/IMG_2539.webp\",\"contentUrl\":\"https:\\\/\\\/kokpit.az\\\/wp-content\\\/uploads\\\/2024\\\/04\\\/IMG_2539.webp\",\"width\":1600,\"height\":907},{\"@type\":\"BreadcrumbList\",\"@id\":\"https:\\\/\\\/kokpit.az\\\/?p=5035#breadcrumb\",\"itemListElement\":[{\"@type\":\"ListItem\",\"position\":1,\"name\":\"Home\",\"item\":\"https:\\\/\\\/kokpit.az\\\/\"},{\"@type\":\"ListItem\",\"position\":2,\"name\":\"Mercedes-in 3 namiz\u0259di var\"}]},{\"@type\":\"WebSite\",\"@id\":\"https:\\\/\\\/kokpit.az\\\/#website\",\"url\":\"https:\\\/\\\/kokpit.az\\\/\",\"name\":\"X\u0259b\u0259ri Kokpitd\u0259 Oxuyun!\",\"description\":\"\",\"publisher\":{\"@id\":\"https:\\\/\\\/kokpit.az\\\/#organization\"},\"potentialAction\":[{\"@type\":\"SearchAction\",\"target\":{\"@type\":\"EntryPoint\",\"urlTemplate\":\"https:\\\/\\\/kokpit.az\\\/?s={search_term_string}\"},\"query-input\":{\"@type\":\"PropertyValueSpecification\",\"valueRequired\":true,\"valueName\":\"search_term_string\"}}],\"inLanguage\":\"az\"},{\"@type\":\"Organization\",\"@id\":\"https:\\\/\\\/kokpit.az\\\/#organization\",\"name\":\"X\u0259b\u0259ri Kokpitd\u0259 Oxuyun!\",\"url\":\"https:\\\/\\\/kokpit.az\\\/\",\"logo\":{\"@type\":\"ImageObject\",\"inLanguage\":\"az\",\"@id\":\"https:\\\/\\\/kokpit.az\\\/#\\\/schema\\\/logo\\\/image\\\/\",\"url\":\"https:\\\/\\\/kokpit.az\\\/wp-content\\\/uploads\\\/2023\\\/05\\\/kokpit.jpg\",\"contentUrl\":\"https:\\\/\\\/kokpit.az\\\/wp-content\\\/uploads\\\/2023\\\/05\\\/kokpit.jpg\",\"width\":488,\"height\":245,\"caption\":\"X\u0259b\u0259ri Kokpitd\u0259 Oxuyun!\"},\"image\":{\"@id\":\"https:\\\/\\\/kokpit.az\\\/#\\\/schema\\\/logo\\\/image\\\/\"},\"sameAs\":[\"https:\\\/\\\/www.facebook.com\\\/profile.php?id=61553756392357\"]},{\"@type\":\"Person\",\"@id\":\"https:\\\/\\\/kokpit.az\\\/#\\\/schema\\\/person\\\/f4114e650bc2993d0650e4fb6933c581\",\"name\":\"Rauf Hac\u0131yev\",\"image\":{\"@type\":\"ImageObject\",\"inLanguage\":\"az\",\"@id\":\"https:\\\/\\\/secure.gravatar.com\\\/avatar\\\/394a2085c47c7acdcf41f7d270b7cbb52513d6f4f24c1cb6dfbbd61f98c0503d?s=96&d=mm&r=g\",\"url\":\"https:\\\/\\\/secure.gravatar.com\\\/avatar\\\/394a2085c47c7acdcf41f7d270b7cbb52513d6f4f24c1cb6dfbbd61f98c0503d?s=96&d=mm&r=g\",\"contentUrl\":\"https:\\\/\\\/secure.gravatar.com\\\/avatar\\\/394a2085c47c7acdcf41f7d270b7cbb52513d6f4f24c1cb6dfbbd61f98c0503d?s=96&d=mm&r=g\",\"caption\":\"Rauf Hac\u0131yev\"},\"sameAs\":[\"https:\\\/\\\/kokpit.az\"],\"url\":\"https:\\\/\\\/kokpit.az\\\/?author=2\"}]}<\/script>\n<!-- \/ Yoast SEO plugin. -->","yoast_head_json":{"title":"Mercedes-in 3 namiz\u0259di var - X\u0259b\u0259ri Kokpitd\u0259 Oxuyun!","robots":{"index":"index","follow":"follow","max-snippet":"max-snippet:-1","max-image-preview":"max-image-preview:large","max-video-preview":"max-video-preview:-1"},"canonical":"https:\/\/kokpit.az\/?p=5035","og_locale":"az_AZ","og_type":"article","og_title":"Mercedes-in 3 namiz\u0259di var - X\u0259b\u0259ri Kokpitd\u0259 Oxuyun!","og_description":"Almaniyan\u0131n m\u0259\u015fhur Bild n\u0259\u015fri bildirib ki, haz\u0131rda Mercedes komandas\u0131n\u0131n siyah\u0131s\u0131nda 3 s\u00fcr\u00fcc\u00fc - Maks Ferstappen, Kimi Antonelli v\u0259 Fernando Alonso var.","og_url":"https:\/\/kokpit.az\/?p=5035","og_site_name":"X\u0259b\u0259ri Kokpitd\u0259 Oxuyun!","article_publisher":"https:\/\/www.facebook.com\/profile.php?id=61553756392357","article_published_time":"2024-04-11T07:55:56+00:00","og_image":[{"width":1600,"height":907,"url":"https:\/\/kokpit.az\/wp-content\/uploads\/2024\/04\/IMG_2539.webp","type":"image\/webp"}],"author":"Rauf Hac\u0131yev","twitter_card":"summary_large_image","twitter_misc":{"Written by":"Rauf Hac\u0131yev","Est. reading time":"1 minute"},"schema":{"@context":"https:\/\/schema.org","@graph":[{"@type":"Article","@id":"https:\/\/kokpit.az\/?p=5035#article","isPartOf":{"@id":"https:\/\/kokpit.az\/?p=5035"},"author":{"name":"Rauf Hac\u0131yev","@id":"https:\/\/kokpit.az\/#\/schema\/person\/f4114e650bc2993d0650e4fb6933c581"},"headline":"Mercedes-in 3 namiz\u0259di var","datePublished":"2024-04-11T07:55:56+00:00","mainEntityOfPage":{"@id":"https:\/\/kokpit.az\/?p=5035"},"wordCount":246,"commentCount":0,"publisher":{"@id":"https:\/\/kokpit.az\/#organization"},"image":{"@id":"https:\/\/kokpit.az\/?p=5035#primaryimage"},"thumbnailUrl":"https:\/\/kokpit.az\/wp-content\/uploads\/2024\/04\/IMG_2539.webp","keywords":["Mercedes AMG Petronas F1 Team"],"articleSection":["X\u0259b\u0259rl\u0259r"],"inLanguage":"az","potentialAction":[{"@type":"CommentAction","name":"Comment","target":["https:\/\/kokpit.az\/?p=5035#respond"]}]},{"@type":"WebPage","@id":"https:\/\/kokpit.az\/?p=5035","url":"https:\/\/kokpit.az\/?p=5035","name":"Mercedes-in 3 namiz\u0259di var - X\u0259b\u0259ri Kokpitd\u0259 Oxuyun!","isPartOf":{"@id":"https:\/\/kokpit.az\/#website"},"primaryImageOfPage":{"@id":"https:\/\/kokpit.az\/?p=5035#primaryimage"},"image":{"@id":"https:\/\/kokpit.az\/?p=5035#primaryimage"},"thumbnailUrl":"https:\/\/kokpit.az\/wp-content\/uploads\/2024\/04\/IMG_2539.webp","datePublished":"2024-04-11T07:55:56+00:00","breadcrumb":{"@id":"https:\/\/kokpit.az\/?p=5035#breadcrumb"},"inLanguage":"az","potentialAction":[{"@type":"ReadAction","target":["https:\/\/kokpit.az\/?p=5035"]}]},{"@type":"ImageObject","inLanguage":"az","@id":"https:\/\/kokpit.az\/?p=5035#primaryimage","url":"https:\/\/kokpit.az\/wp-content\/uploads\/2024\/04\/IMG_2539.webp","contentUrl":"https:\/\/kokpit.az\/wp-content\/uploads\/2024\/04\/IMG_2539.webp","width":1600,"height":907},{"@type":"BreadcrumbList","@id":"https:\/\/kokpit.az\/?p=5035#breadcrumb","itemListElement":[{"@type":"ListItem","position":1,"name":"Home","item":"https:\/\/kokpit.az\/"},{"@type":"ListItem","position":2,"name":"Mercedes-in 3 namiz\u0259di var"}]},{"@type":"WebSite","@id":"https:\/\/kokpit.az\/#website","url":"https:\/\/kokpit.az\/","name":"X\u0259b\u0259ri Kokpitd\u0259 Oxuyun!","description":"","publisher":{"@id":"https:\/\/kokpit.az\/#organization"},"potentialAction":[{"@type":"SearchAction","target":{"@type":"EntryPoint","urlTemplate":"https:\/\/kokpit.az\/?s={search_term_string}"},"query-input":{"@type":"PropertyValueSpecification","valueRequired":true,"valueName":"search_term_string"}}],"inLanguage":"az"},{"@type":"Organization","@id":"https:\/\/kokpit.az\/#organization","name":"X\u0259b\u0259ri Kokpitd\u0259 Oxuyun!","url":"https:\/\/kokpit.az\/","logo":{"@type":"ImageObject","inLanguage":"az","@id":"https:\/\/kokpit.az\/#\/schema\/logo\/image\/","url":"https:\/\/kokpit.az\/wp-content\/uploads\/2023\/05\/kokpit.jpg","contentUrl":"https:\/\/kokpit.az\/wp-content\/uploads\/2023\/05\/kokpit.jpg","width":488,"height":245,"caption":"X\u0259b\u0259ri Kokpitd\u0259 Oxuyun!"},"image":{"@id":"https:\/\/kokpit.az\/#\/schema\/logo\/image\/"},"sameAs":["https:\/\/www.facebook.com\/profile.php?id=61553756392357"]},{"@type":"Person","@id":"https:\/\/kokpit.az\/#\/schema\/person\/f4114e650bc2993d0650e4fb6933c581","name":"Rauf Hac\u0131yev","image":{"@type":"ImageObject","inLanguage":"az","@id":"https:\/\/secure.gravatar.com\/avatar\/394a2085c47c7acdcf41f7d270b7cbb52513d6f4f24c1cb6dfbbd61f98c0503d?s=96&d=mm&r=g","url":"https:\/\/secure.gravatar.com\/avatar\/394a2085c47c7acdcf41f7d270b7cbb52513d6f4f24c1cb6dfbbd61f98c0503d?s=96&d=mm&r=g","contentUrl":"https:\/\/secure.gravatar.com\/avatar\/394a2085c47c7acdcf41f7d270b7cbb52513d6f4f24c1cb6dfbbd61f98c0503d?s=96&d=mm&r=g","caption":"Rauf Hac\u0131yev"},"sameAs":["https:\/\/kokpit.az"],"url":"https:\/\/kokpit.az\/?author=2"}]}},"_links":{"self":[{"href":"https:\/\/kokpit.az\/index.php?rest_route=\/wp\/v2\/posts\/5035","targetHints":{"allow":["GET"]}}],"collection":[{"href":"https:\/\/kokpit.az\/index.php?rest_route=\/wp\/v2\/posts"}],"about":[{"href":"https:\/\/kokpit.az\/index.php?rest_route=\/wp\/v2\/types\/post"}],"author":[{"embeddable":true,"href":"https:\/\/kokpit.az\/index.php?rest_route=\/wp\/v2\/users\/2"}],"replies":[{"embeddable":true,"href":"https:\/\/kokpit.az\/index.php?rest_route=%2Fwp%2Fv2%2Fcomments&post=5035"}],"version-history":[{"count":1,"href":"https:\/\/kokpit.az\/index.php?rest_route=\/wp\/v2\/posts\/5035\/revisions"}],"predecessor-version":[{"id":5036,"href":"https:\/\/kokpit.az\/index.php?rest_route=\/wp\/v2\/posts\/5035\/revisions\/5036"}],"wp:featuredmedia":[{"embeddable":true,"href":"https:\/\/kokpit.az\/index.php?rest_route=\/wp\/v2\/media\/5037"}],"wp:attachment":[{"href":"https:\/\/kokpit.az\/index.php?rest_route=%2Fwp%2Fv2%2Fmedia&parent=5035"}],"wp:term":[{"taxonomy":"category","embeddable":true,"href":"https:\/\/kokpit.az\/index.php?rest_route=%2Fwp%2Fv2%2Fcategories&post=5035"},{"taxonomy":"post_tag","embeddable":true,"href":"https:\/\/kokpit.az\/index.php?rest_route=%2Fwp%2Fv2%2Ftags&post=5035"}],"curies":[{"name":"wp","href":"https:\/\/api.w.org\/{rel}","templated":true}]}}