{"id":4964,"date":"2024-04-06T09:56:58","date_gmt":"2024-04-06T05:56:58","guid":{"rendered":"https:\/\/kokpit.az\/?p=4964"},"modified":"2024-04-06T09:56:58","modified_gmt":"2024-04-06T05:56:58","slug":"m-ferstappen-stivensonun-ayrilacagini-bilirdim","status":"publish","type":"post","link":"https:\/\/kokpit.az\/?p=4964","title":{"rendered":"M.Ferstappen: Stivensonun ayr\u0131laca\u011f\u0131n\u0131 bilirdim"},"content":{"rendered":"<p>Kokpit.az xat\u0131rlad\u0131r ki, Li Stivenson 18 ildir i\u015fl\u0259diyi Red Bull-u t\u0259rk edib. Britaniyal\u0131 mexanik karyeras\u0131na 2000-ci ild\u0259 Jordan komandas\u0131nda ba\u015flay\u0131b. 2006-c\u0131 ild\u0259 is\u0259 Red Bull-a transfer olub. Ba\u015f mexanik art\u0131q pit yolunun dig\u0259r t\u0259r\u0259find\u0259 i\u015fl\u0259y\u0259c\u0259yini deyib v\u0259 ham\u0131n\u0131n a\u011fl\u0131na Sauber komandas\u0131 g\u0259lib.<\/p>\n<p><strong>Li Stivenson<\/strong> a\u00e7\u0131qlamas\u0131nda bel\u0259 demi\u015fdi: \u201cBu g\u00fcn Red Bull-dak\u0131 son g\u00fcn\u00fcmd\u00fcr. Burada inan\u0131lmaz 18 ili gerid\u0259 qoydum. Bu vaxt \u0259rzind\u0259 komanda il\u0259 m\u00f6ht\u0259\u015f\u0259m u\u011furlar qazand\u0131q. B\u00fct\u00fcn komandaya t\u0259\u015f\u0259kk\u00fcr etm\u0259k ist\u0259yir\u0259m, \u00e7\u00fcnki bura 2006-c\u0131 ild\u0259 g\u0259l\u0259nd\u0259 poul, yar\u0131\u015f v\u0259 \u00e7empionluq qazanaca\u011f\u0131m\u0131z\u0131 d\u00fc\u015f\u00fcnm\u0259mi\u015fdim, amma ham\u0131s\u0131n\u0131 bacard\u0131q.<\/p>\n<p>\u0130ndi is\u0259 yeni bir s\u0259hif\u0259 a\u00e7\u0131l\u0131r v\u0259 bazar ert\u0259si Yaponiyaya u\u00e7araq pit yolunun dig\u0259r ucundak\u0131 komanda il\u0259 i\u015fl\u0259m\u0259y\u0259 ba\u015flayaca\u011fam. \u00d6n\u00fcmd\u0259 b\u00f6y\u00fck m\u00fcbariz\u0259 olsa da, buna haz\u0131ram\u201d.<\/p>\n<p><strong>Maks Ferstappen<\/strong> is\u0259 Stivenson bar\u0259d\u0259 bunlar\u0131 deyib: \u201c2020-ci ilin sonunda onsuz da f\u0259rqli rola ke\u00e7mi\u015fdi. \u018fvv\u0259lc\u0259 bir ya da iki il bazada i\u015fl\u0259di. Bundan sonra ba\u015fqa mexanikl\u0259 birlikd\u0259 ba\u015f mexanik kimi i\u015fl\u0259di. Ke\u00e7\u0259n ilin sonunda ayr\u0131laca\u011f\u0131n\u0131 bilirdim v\u0259 komandan\u0131n da he\u00e7 bir problemi yox idi. M\u0259nim \u00fc\u00e7\u00fcn d\u0259yi\u015f\u0259n he\u00e7 n\u0259 yoxdur. D\u00fczd\u00fcr, h\u0259r \u015feyin oldu\u011fu kimi qalmas\u0131n\u0131 ist\u0259y\u0259r\u0259m, amma biri ayr\u0131lmaq ist\u0259yirs\u0259, onu saxlamaq olmaz\u201d.<\/p>\n","protected":false},"excerpt":{"rendered":"<p>Red Bull komandas\u0131n\u0131n s\u00fcr\u00fcc\u00fcs\u00fc Maks Ferstappen bildirib ki, onlar ba\u015f mexanik Li Stivensonun ayr\u0131laca\u011f\u0131n\u0131 \u00e7oxdan bilibl\u0259r v\u0259 d\u0259yi\u015fikliy\u0259 yax\u015f\u0131 n\u0259zar\u0259t edibl\u0259r.<\/p>\n","protected":false},"author":2,"featured_media":4966,"comment_status":"open","ping_status":"open","sticky":false,"template":"","format":"standard","meta":{"footnotes":""},"categories":[2],"tags":[390,56,51],"class_list":["post-4964","post","type-post","status-publish","format-standard","has-post-thumbnail","hentry","category-news","tag-lee-stevenson","tag-max-verstappen","tag-red-bull-racing"],"yoast_head":"<!-- This site is optimized with the Yoast SEO plugin v27.5 - https:\/\/yoast.com\/product\/yoast-seo-wordpress\/ -->\n<title>M.Ferstappen: Stivensonun ayr\u0131laca\u011f\u0131n\u0131 bilirdim - X\u0259b\u0259ri Kokpitd\u0259 Oxuyun!<\/title>\n<meta name=\"robots\" content=\"index, follow, max-snippet:-1, max-image-preview:large, max-video-preview:-1\" \/>\n<link rel=\"canonical\" href=\"https:\/\/kokpit.az\/?p=4964\" \/>\n<meta property=\"og:locale\" content=\"az_AZ\" \/>\n<meta property=\"og:type\" content=\"article\" \/>\n<meta property=\"og:title\" content=\"M.Ferstappen: Stivensonun ayr\u0131laca\u011f\u0131n\u0131 bilirdim - X\u0259b\u0259ri Kokpitd\u0259 Oxuyun!\" \/>\n<meta property=\"og:description\" content=\"Red Bull komandas\u0131n\u0131n s\u00fcr\u00fcc\u00fcs\u00fc Maks Ferstappen bildirib ki, onlar ba\u015f mexanik Li Stivensonun ayr\u0131laca\u011f\u0131n\u0131 \u00e7oxdan bilibl\u0259r v\u0259 d\u0259yi\u015fikliy\u0259 yax\u015f\u0131 n\u0259zar\u0259t edibl\u0259r.\" \/>\n<meta property=\"og:url\" content=\"https:\/\/kokpit.az\/?p=4964\" \/>\n<meta property=\"og:site_name\" content=\"X\u0259b\u0259ri Kokpitd\u0259 Oxuyun!\" \/>\n<meta property=\"article:publisher\" content=\"https:\/\/www.facebook.com\/profile.php?id=61553756392357\" \/>\n<meta property=\"article:published_time\" content=\"2024-04-06T05:56:58+00:00\" \/>\n<meta property=\"og:image\" content=\"https:\/\/kokpit.az\/wp-content\/uploads\/2024\/04\/IMG_2389.jpeg\" \/>\n\t<meta property=\"og:image:width\" content=\"1600\" \/>\n\t<meta property=\"og:image:height\" content=\"900\" \/>\n\t<meta property=\"og:image:type\" content=\"image\/jpeg\" \/>\n<meta name=\"author\" content=\"Rauf Hac\u0131yev\" \/>\n<meta name=\"twitter:card\" content=\"summary_large_image\" \/>\n<meta name=\"twitter:label1\" content=\"Written by\" \/>\n\t<meta name=\"twitter:data1\" content=\"Rauf Hac\u0131yev\" \/>\n\t<meta name=\"twitter:label2\" content=\"Est. reading time\" \/>\n\t<meta name=\"twitter:data2\" content=\"1 minute\" \/>\n<script type=\"application\/ld+json\" class=\"yoast-schema-graph\">{\"@context\":\"https:\\\/\\\/schema.org\",\"@graph\":[{\"@type\":\"Article\",\"@id\":\"https:\\\/\\\/kokpit.az\\\/?p=4964#article\",\"isPartOf\":{\"@id\":\"https:\\\/\\\/kokpit.az\\\/?p=4964\"},\"author\":{\"name\":\"Rauf Hac\u0131yev\",\"@id\":\"https:\\\/\\\/kokpit.az\\\/#\\\/schema\\\/person\\\/f4114e650bc2993d0650e4fb6933c581\"},\"headline\":\"M.Ferstappen: Stivensonun ayr\u0131laca\u011f\u0131n\u0131 bilirdim\",\"datePublished\":\"2024-04-06T05:56:58+00:00\",\"mainEntityOfPage\":{\"@id\":\"https:\\\/\\\/kokpit.az\\\/?p=4964\"},\"wordCount\":277,\"commentCount\":0,\"publisher\":{\"@id\":\"https:\\\/\\\/kokpit.az\\\/#organization\"},\"image\":{\"@id\":\"https:\\\/\\\/kokpit.az\\\/?p=4964#primaryimage\"},\"thumbnailUrl\":\"https:\\\/\\\/kokpit.az\\\/wp-content\\\/uploads\\\/2024\\\/04\\\/IMG_2389.jpeg\",\"keywords\":[\"Lee Stevenson\",\"Max Verstappen\",\"Red Bull Racing\"],\"articleSection\":[\"X\u0259b\u0259rl\u0259r\"],\"inLanguage\":\"az\",\"potentialAction\":[{\"@type\":\"CommentAction\",\"name\":\"Comment\",\"target\":[\"https:\\\/\\\/kokpit.az\\\/?p=4964#respond\"]}]},{\"@type\":\"WebPage\",\"@id\":\"https:\\\/\\\/kokpit.az\\\/?p=4964\",\"url\":\"https:\\\/\\\/kokpit.az\\\/?p=4964\",\"name\":\"M.Ferstappen: Stivensonun ayr\u0131laca\u011f\u0131n\u0131 bilirdim - X\u0259b\u0259ri Kokpitd\u0259 Oxuyun!\",\"isPartOf\":{\"@id\":\"https:\\\/\\\/kokpit.az\\\/#website\"},\"primaryImageOfPage\":{\"@id\":\"https:\\\/\\\/kokpit.az\\\/?p=4964#primaryimage\"},\"image\":{\"@id\":\"https:\\\/\\\/kokpit.az\\\/?p=4964#primaryimage\"},\"thumbnailUrl\":\"https:\\\/\\\/kokpit.az\\\/wp-content\\\/uploads\\\/2024\\\/04\\\/IMG_2389.jpeg\",\"datePublished\":\"2024-04-06T05:56:58+00:00\",\"breadcrumb\":{\"@id\":\"https:\\\/\\\/kokpit.az\\\/?p=4964#breadcrumb\"},\"inLanguage\":\"az\",\"potentialAction\":[{\"@type\":\"ReadAction\",\"target\":[\"https:\\\/\\\/kokpit.az\\\/?p=4964\"]}]},{\"@type\":\"ImageObject\",\"inLanguage\":\"az\",\"@id\":\"https:\\\/\\\/kokpit.az\\\/?p=4964#primaryimage\",\"url\":\"https:\\\/\\\/kokpit.az\\\/wp-content\\\/uploads\\\/2024\\\/04\\\/IMG_2389.jpeg\",\"contentUrl\":\"https:\\\/\\\/kokpit.az\\\/wp-content\\\/uploads\\\/2024\\\/04\\\/IMG_2389.jpeg\",\"width\":1600,\"height\":900},{\"@type\":\"BreadcrumbList\",\"@id\":\"https:\\\/\\\/kokpit.az\\\/?p=4964#breadcrumb\",\"itemListElement\":[{\"@type\":\"ListItem\",\"position\":1,\"name\":\"Home\",\"item\":\"https:\\\/\\\/kokpit.az\\\/\"},{\"@type\":\"ListItem\",\"position\":2,\"name\":\"M.Ferstappen: Stivensonun ayr\u0131laca\u011f\u0131n\u0131 bilirdim\"}]},{\"@type\":\"WebSite\",\"@id\":\"https:\\\/\\\/kokpit.az\\\/#website\",\"url\":\"https:\\\/\\\/kokpit.az\\\/\",\"name\":\"X\u0259b\u0259ri Kokpitd\u0259 Oxuyun!\",\"description\":\"\",\"publisher\":{\"@id\":\"https:\\\/\\\/kokpit.az\\\/#organization\"},\"potentialAction\":[{\"@type\":\"SearchAction\",\"target\":{\"@type\":\"EntryPoint\",\"urlTemplate\":\"https:\\\/\\\/kokpit.az\\\/?s={search_term_string}\"},\"query-input\":{\"@type\":\"PropertyValueSpecification\",\"valueRequired\":true,\"valueName\":\"search_term_string\"}}],\"inLanguage\":\"az\"},{\"@type\":\"Organization\",\"@id\":\"https:\\\/\\\/kokpit.az\\\/#organization\",\"name\":\"X\u0259b\u0259ri Kokpitd\u0259 Oxuyun!\",\"url\":\"https:\\\/\\\/kokpit.az\\\/\",\"logo\":{\"@type\":\"ImageObject\",\"inLanguage\":\"az\",\"@id\":\"https:\\\/\\\/kokpit.az\\\/#\\\/schema\\\/logo\\\/image\\\/\",\"url\":\"https:\\\/\\\/kokpit.az\\\/wp-content\\\/uploads\\\/2023\\\/05\\\/kokpit.jpg\",\"contentUrl\":\"https:\\\/\\\/kokpit.az\\\/wp-content\\\/uploads\\\/2023\\\/05\\\/kokpit.jpg\",\"width\":488,\"height\":245,\"caption\":\"X\u0259b\u0259ri Kokpitd\u0259 Oxuyun!\"},\"image\":{\"@id\":\"https:\\\/\\\/kokpit.az\\\/#\\\/schema\\\/logo\\\/image\\\/\"},\"sameAs\":[\"https:\\\/\\\/www.facebook.com\\\/profile.php?id=61553756392357\"]},{\"@type\":\"Person\",\"@id\":\"https:\\\/\\\/kokpit.az\\\/#\\\/schema\\\/person\\\/f4114e650bc2993d0650e4fb6933c581\",\"name\":\"Rauf Hac\u0131yev\",\"image\":{\"@type\":\"ImageObject\",\"inLanguage\":\"az\",\"@id\":\"https:\\\/\\\/secure.gravatar.com\\\/avatar\\\/394a2085c47c7acdcf41f7d270b7cbb52513d6f4f24c1cb6dfbbd61f98c0503d?s=96&d=mm&r=g\",\"url\":\"https:\\\/\\\/secure.gravatar.com\\\/avatar\\\/394a2085c47c7acdcf41f7d270b7cbb52513d6f4f24c1cb6dfbbd61f98c0503d?s=96&d=mm&r=g\",\"contentUrl\":\"https:\\\/\\\/secure.gravatar.com\\\/avatar\\\/394a2085c47c7acdcf41f7d270b7cbb52513d6f4f24c1cb6dfbbd61f98c0503d?s=96&d=mm&r=g\",\"caption\":\"Rauf Hac\u0131yev\"},\"sameAs\":[\"https:\\\/\\\/kokpit.az\"],\"url\":\"https:\\\/\\\/kokpit.az\\\/?author=2\"}]}<\/script>\n<!-- \/ Yoast SEO plugin. -->","yoast_head_json":{"title":"M.Ferstappen: Stivensonun ayr\u0131laca\u011f\u0131n\u0131 bilirdim - X\u0259b\u0259ri Kokpitd\u0259 Oxuyun!","robots":{"index":"index","follow":"follow","max-snippet":"max-snippet:-1","max-image-preview":"max-image-preview:large","max-video-preview":"max-video-preview:-1"},"canonical":"https:\/\/kokpit.az\/?p=4964","og_locale":"az_AZ","og_type":"article","og_title":"M.Ferstappen: Stivensonun ayr\u0131laca\u011f\u0131n\u0131 bilirdim - X\u0259b\u0259ri Kokpitd\u0259 Oxuyun!","og_description":"Red Bull komandas\u0131n\u0131n s\u00fcr\u00fcc\u00fcs\u00fc Maks Ferstappen bildirib ki, onlar ba\u015f mexanik Li Stivensonun ayr\u0131laca\u011f\u0131n\u0131 \u00e7oxdan bilibl\u0259r v\u0259 d\u0259yi\u015fikliy\u0259 yax\u015f\u0131 n\u0259zar\u0259t edibl\u0259r.","og_url":"https:\/\/kokpit.az\/?p=4964","og_site_name":"X\u0259b\u0259ri Kokpitd\u0259 Oxuyun!","article_publisher":"https:\/\/www.facebook.com\/profile.php?id=61553756392357","article_published_time":"2024-04-06T05:56:58+00:00","og_image":[{"width":1600,"height":900,"url":"https:\/\/kokpit.az\/wp-content\/uploads\/2024\/04\/IMG_2389.jpeg","type":"image\/jpeg"}],"author":"Rauf Hac\u0131yev","twitter_card":"summary_large_image","twitter_misc":{"Written by":"Rauf Hac\u0131yev","Est. reading time":"1 minute"},"schema":{"@context":"https:\/\/schema.org","@graph":[{"@type":"Article","@id":"https:\/\/kokpit.az\/?p=4964#article","isPartOf":{"@id":"https:\/\/kokpit.az\/?p=4964"},"author":{"name":"Rauf Hac\u0131yev","@id":"https:\/\/kokpit.az\/#\/schema\/person\/f4114e650bc2993d0650e4fb6933c581"},"headline":"M.Ferstappen: Stivensonun ayr\u0131laca\u011f\u0131n\u0131 bilirdim","datePublished":"2024-04-06T05:56:58+00:00","mainEntityOfPage":{"@id":"https:\/\/kokpit.az\/?p=4964"},"wordCount":277,"commentCount":0,"publisher":{"@id":"https:\/\/kokpit.az\/#organization"},"image":{"@id":"https:\/\/kokpit.az\/?p=4964#primaryimage"},"thumbnailUrl":"https:\/\/kokpit.az\/wp-content\/uploads\/2024\/04\/IMG_2389.jpeg","keywords":["Lee Stevenson","Max Verstappen","Red Bull Racing"],"articleSection":["X\u0259b\u0259rl\u0259r"],"inLanguage":"az","potentialAction":[{"@type":"CommentAction","name":"Comment","target":["https:\/\/kokpit.az\/?p=4964#respond"]}]},{"@type":"WebPage","@id":"https:\/\/kokpit.az\/?p=4964","url":"https:\/\/kokpit.az\/?p=4964","name":"M.Ferstappen: Stivensonun ayr\u0131laca\u011f\u0131n\u0131 bilirdim - X\u0259b\u0259ri Kokpitd\u0259 Oxuyun!","isPartOf":{"@id":"https:\/\/kokpit.az\/#website"},"primaryImageOfPage":{"@id":"https:\/\/kokpit.az\/?p=4964#primaryimage"},"image":{"@id":"https:\/\/kokpit.az\/?p=4964#primaryimage"},"thumbnailUrl":"https:\/\/kokpit.az\/wp-content\/uploads\/2024\/04\/IMG_2389.jpeg","datePublished":"2024-04-06T05:56:58+00:00","breadcrumb":{"@id":"https:\/\/kokpit.az\/?p=4964#breadcrumb"},"inLanguage":"az","potentialAction":[{"@type":"ReadAction","target":["https:\/\/kokpit.az\/?p=4964"]}]},{"@type":"ImageObject","inLanguage":"az","@id":"https:\/\/kokpit.az\/?p=4964#primaryimage","url":"https:\/\/kokpit.az\/wp-content\/uploads\/2024\/04\/IMG_2389.jpeg","contentUrl":"https:\/\/kokpit.az\/wp-content\/uploads\/2024\/04\/IMG_2389.jpeg","width":1600,"height":900},{"@type":"BreadcrumbList","@id":"https:\/\/kokpit.az\/?p=4964#breadcrumb","itemListElement":[{"@type":"ListItem","position":1,"name":"Home","item":"https:\/\/kokpit.az\/"},{"@type":"ListItem","position":2,"name":"M.Ferstappen: Stivensonun ayr\u0131laca\u011f\u0131n\u0131 bilirdim"}]},{"@type":"WebSite","@id":"https:\/\/kokpit.az\/#website","url":"https:\/\/kokpit.az\/","name":"X\u0259b\u0259ri Kokpitd\u0259 Oxuyun!","description":"","publisher":{"@id":"https:\/\/kokpit.az\/#organization"},"potentialAction":[{"@type":"SearchAction","target":{"@type":"EntryPoint","urlTemplate":"https:\/\/kokpit.az\/?s={search_term_string}"},"query-input":{"@type":"PropertyValueSpecification","valueRequired":true,"valueName":"search_term_string"}}],"inLanguage":"az"},{"@type":"Organization","@id":"https:\/\/kokpit.az\/#organization","name":"X\u0259b\u0259ri Kokpitd\u0259 Oxuyun!","url":"https:\/\/kokpit.az\/","logo":{"@type":"ImageObject","inLanguage":"az","@id":"https:\/\/kokpit.az\/#\/schema\/logo\/image\/","url":"https:\/\/kokpit.az\/wp-content\/uploads\/2023\/05\/kokpit.jpg","contentUrl":"https:\/\/kokpit.az\/wp-content\/uploads\/2023\/05\/kokpit.jpg","width":488,"height":245,"caption":"X\u0259b\u0259ri Kokpitd\u0259 Oxuyun!"},"image":{"@id":"https:\/\/kokpit.az\/#\/schema\/logo\/image\/"},"sameAs":["https:\/\/www.facebook.com\/profile.php?id=61553756392357"]},{"@type":"Person","@id":"https:\/\/kokpit.az\/#\/schema\/person\/f4114e650bc2993d0650e4fb6933c581","name":"Rauf Hac\u0131yev","image":{"@type":"ImageObject","inLanguage":"az","@id":"https:\/\/secure.gravatar.com\/avatar\/394a2085c47c7acdcf41f7d270b7cbb52513d6f4f24c1cb6dfbbd61f98c0503d?s=96&d=mm&r=g","url":"https:\/\/secure.gravatar.com\/avatar\/394a2085c47c7acdcf41f7d270b7cbb52513d6f4f24c1cb6dfbbd61f98c0503d?s=96&d=mm&r=g","contentUrl":"https:\/\/secure.gravatar.com\/avatar\/394a2085c47c7acdcf41f7d270b7cbb52513d6f4f24c1cb6dfbbd61f98c0503d?s=96&d=mm&r=g","caption":"Rauf Hac\u0131yev"},"sameAs":["https:\/\/kokpit.az"],"url":"https:\/\/kokpit.az\/?author=2"}]}},"_links":{"self":[{"href":"https:\/\/kokpit.az\/index.php?rest_route=\/wp\/v2\/posts\/4964","targetHints":{"allow":["GET"]}}],"collection":[{"href":"https:\/\/kokpit.az\/index.php?rest_route=\/wp\/v2\/posts"}],"about":[{"href":"https:\/\/kokpit.az\/index.php?rest_route=\/wp\/v2\/types\/post"}],"author":[{"embeddable":true,"href":"https:\/\/kokpit.az\/index.php?rest_route=\/wp\/v2\/users\/2"}],"replies":[{"embeddable":true,"href":"https:\/\/kokpit.az\/index.php?rest_route=%2Fwp%2Fv2%2Fcomments&post=4964"}],"version-history":[{"count":1,"href":"https:\/\/kokpit.az\/index.php?rest_route=\/wp\/v2\/posts\/4964\/revisions"}],"predecessor-version":[{"id":4965,"href":"https:\/\/kokpit.az\/index.php?rest_route=\/wp\/v2\/posts\/4964\/revisions\/4965"}],"wp:featuredmedia":[{"embeddable":true,"href":"https:\/\/kokpit.az\/index.php?rest_route=\/wp\/v2\/media\/4966"}],"wp:attachment":[{"href":"https:\/\/kokpit.az\/index.php?rest_route=%2Fwp%2Fv2%2Fmedia&parent=4964"}],"wp:term":[{"taxonomy":"category","embeddable":true,"href":"https:\/\/kokpit.az\/index.php?rest_route=%2Fwp%2Fv2%2Fcategories&post=4964"},{"taxonomy":"post_tag","embeddable":true,"href":"https:\/\/kokpit.az\/index.php?rest_route=%2Fwp%2Fv2%2Ftags&post=4964"}],"curies":[{"name":"wp","href":"https:\/\/api.w.org\/{rel}","templated":true}]}}