{"id":4884,"date":"2024-04-02T16:04:54","date_gmt":"2024-04-02T12:04:54","guid":{"rendered":"https:\/\/kokpit.az\/?p=4884"},"modified":"2024-04-02T16:26:17","modified_gmt":"2024-04-02T12:26:17","slug":"r%c9%99sm%c9%99n-david-sancez-mclaren-d%c9%99n-ayrilib","status":"publish","type":"post","link":"https:\/\/kokpit.az\/?p=4884","title":{"rendered":"R\u0259sm\u0259n: David San\u00e7ez McLaren-d\u0259n ayr\u0131l\u0131b"},"content":{"rendered":"<p>Kokpit.az xat\u0131rlad\u0131r ki, David ke\u00e7\u0259n il Ferrari-d\u0259n ayr\u0131lm\u0131\u015f v\u0259 yanvar ay\u0131nda McLaren komandas\u0131na qo\u015fulmu\u015fdu. McLaren hey\u0259tini g\u00fccl\u0259ndirm\u0259k \u00fc\u00e7\u00fcn hey\u0259tin\u0259 \u00e7ox dayda m\u00fch\u0259ndis qatm\u0131\u015fd\u0131 v\u0259 San\u00e7es d\u0259 onlardan biri idi. Lakin sonradan onun komanda il\u0259 uy\u011funla\u015fa bilm\u0259diyi ortaya \u00e7\u0131xd\u0131.<\/p>\n<p>Komandan\u0131n r\u0259hb\u0259ri Andrea Stella bildirib ki, komandan\u0131n performans \u015f\u00f6b\u0259sin\u0259 yeni m\u00fch\u0259ndis axtar\u0131rlar v\u0259 bu m\u00fcdd\u0259t \u0259rzind\u0259 San\u00e7ezin v\u0259zif\u0259sini m\u00fcv\u0259qq\u0259ti olaraq \u00f6z\u00fc icra ed\u0259c\u0259k.<\/p>\n<p><span style=\"color: #ff6600;\"><strong>Andrea Stella<\/strong> <\/span>g\u00f6rd\u00fcy\u00fc i\u015fl\u0259r\u0259 g\u00f6r\u0259 San\u00e7es\u0259 t\u0259\u015f\u0259kk\u00fcr edib v\u0259 bildirib ki, ba\u015flan\u011f\u0131cda ortaya qoyulan plan realla\u015fmay\u0131b: \u201cDavid San\u00e7ez v\u0259 komandan\u0131n r\u0259hb\u0259rliyi aras\u0131nda apar\u0131lan dan\u0131\u015f\u0131qlardan sonra Davidin ayr\u0131lmas\u0131 \u00fc\u00e7\u00fcn ortaq q\u0259rara g\u0259ldik. Bir yerd\u0259 apard\u0131\u011f\u0131m\u0131z d\u0259y\u0259rl\u0259ndirm\u0259l\u0259rd\u0259n sonra g\u00f6rd\u00fck ki, Davidin v\u0259zif\u0259si il\u0259 ba\u011fl\u0131 rol, m\u0259suliyy\u0259t v\u0259 h\u0259d\u0259fl\u0259r g\u00f6zl\u0259ntil\u0259rimizi qar\u015f\u0131lam\u0131r.<\/p>\n<p>Bu probleml\u0259ri g\u00f6rd\u00fckd\u0259n sonra q\u0259rara g\u0259ldik ki, m\u00fck\u0259mm\u0259l bacar\u0131qlar\u0131n\u0131 d\u00fczg\u00fcn istifad\u0259 etm\u0259si \u00fc\u00e7\u00fcn dig\u0259r f\u00fcrs\u0259tl\u0259ri d\u0259y\u0259rl\u0259ndirsin. Davidin biziml\u0259 ke\u00e7irdiyi q\u0131sa m\u00fcdd\u0259td\u0259 biz\u0259 qazand\u0131rd\u0131qlar\u0131 \u00fc\u00e7\u00fcn t\u0259\u015f\u0259kk\u00fcr edir v\u0259 ona u\u011furlar dil\u0259yirik\u201d.<\/p>\n<p>San\u00e7esin ayr\u0131lmas\u0131 komandada d\u0259yi\u015fiklikl\u0259r\u0259 s\u0259b\u0259b olub. Red Bull-un sabiq m\u00fch\u0259ndisi Rob Mar\u015fal indi ba\u015f konstruktordur. Neyl Holdli is\u0259 ba\u015f m\u00fch\u0259ndis olub v\u0259 Mar\u015fal\u0131n v\u0259zif\u0259sini g\u00f6t\u00fcr\u00fcb. Piter Prodromu is\u0259 ba\u015f aerodinamika\u00e7\u0131 v\u0259zif\u0259sind\u0259 i\u015fl\u0259y\u0259c\u0259k.<\/p>\n<p>David San\u00e7ez karyeras\u0131na Renault-da ba\u015flam\u0131\u015f, 2007-ci ild\u0259 McLaren-\u0259 aerodinamika\u00e7\u0131 kimi ke\u00e7mi\u015f v\u0259 Lyuis H\u0259miltonun \u00e7empionlu\u011funda komandan\u0131n bir par\u00e7as\u0131 olmu\u015fdu.<\/p>\n<p>Fransal\u0131 m\u00fch\u0259ndis 2012-ci ild\u0259 Ferrari-y\u0259 ke\u00e7mi\u015f v\u0259 2023-c\u00fc il\u0259 q\u0259d\u0259r burada i\u015fl\u0259mi\u015fdi. O, ke\u00e7\u0259n il McLaren-l\u0259 anla\u015fm\u0131\u015fd\u0131.<\/p>\n<p><strong>David San\u00e7ez<\/strong>: \u201cBu komandan\u0131n bir par\u00e7as\u0131 oldu\u011fum \u00fc\u00e7\u00fcn minn\u0259tdaram. Buraya uy\u011funla\u015fa bilm\u0259s\u0259m d\u0259, h\u0259mkarlar\u0131m\u0131n i\u015f\u0259 olan sevgisin\u0259 h\u00f6rm\u0259t ed\u0259r\u0259k buradan ayr\u0131l\u0131ram. Bu komandaya u\u011furlar arzu edir\u0259m. Formula 1-d\u0259ki n\u00f6vb\u0259ti i\u015fimi s\u0259birsizlikl\u0259 g\u00f6zl\u0259yir\u0259m\u201d.<\/p>\n","protected":false},"excerpt":{"rendered":"<p>McLaren texniki Direktoru David San\u00e7ez il\u0259 yollar\u0131n\u0131 ay\u0131r\u0131b.<\/p>\n","protected":false},"author":2,"featured_media":4885,"comment_status":"open","ping_status":"open","sticky":false,"template":"","format":"standard","meta":{"footnotes":""},"categories":[4,2],"tags":[393,70],"class_list":["post-4884","post","type-post","status-publish","format-standard","has-post-thumbnail","hentry","category-manshet","category-news","tag-david-sanchez","tag-mclaren-formula-1-team"],"yoast_head":"<!-- This site is optimized with the Yoast SEO plugin v27.5 - https:\/\/yoast.com\/product\/yoast-seo-wordpress\/ -->\n<title>R\u0259sm\u0259n: David San\u00e7ez McLaren-d\u0259n ayr\u0131l\u0131b - X\u0259b\u0259ri Kokpitd\u0259 Oxuyun!<\/title>\n<meta name=\"robots\" content=\"index, follow, max-snippet:-1, max-image-preview:large, max-video-preview:-1\" \/>\n<link rel=\"canonical\" href=\"https:\/\/kokpit.az\/?p=4884\" \/>\n<meta property=\"og:locale\" content=\"az_AZ\" \/>\n<meta property=\"og:type\" content=\"article\" \/>\n<meta property=\"og:title\" content=\"R\u0259sm\u0259n: David San\u00e7ez McLaren-d\u0259n ayr\u0131l\u0131b - X\u0259b\u0259ri Kokpitd\u0259 Oxuyun!\" \/>\n<meta property=\"og:description\" content=\"McLaren texniki Direktoru David San\u00e7ez il\u0259 yollar\u0131n\u0131 ay\u0131r\u0131b.\" \/>\n<meta property=\"og:url\" content=\"https:\/\/kokpit.az\/?p=4884\" \/>\n<meta property=\"og:site_name\" content=\"X\u0259b\u0259ri Kokpitd\u0259 Oxuyun!\" \/>\n<meta property=\"article:publisher\" content=\"https:\/\/www.facebook.com\/profile.php?id=61553756392357\" \/>\n<meta property=\"article:published_time\" content=\"2024-04-02T12:04:54+00:00\" \/>\n<meta property=\"article:modified_time\" content=\"2024-04-02T12:26:17+00:00\" \/>\n<meta property=\"og:image\" content=\"https:\/\/kokpit.az\/wp-content\/uploads\/2024\/04\/IMG_2241.jpeg\" \/>\n\t<meta property=\"og:image:width\" content=\"1600\" \/>\n\t<meta property=\"og:image:height\" content=\"900\" \/>\n\t<meta property=\"og:image:type\" content=\"image\/jpeg\" \/>\n<meta name=\"author\" content=\"Rauf Hac\u0131yev\" \/>\n<meta name=\"twitter:card\" content=\"summary_large_image\" \/>\n<meta name=\"twitter:label1\" content=\"Written by\" \/>\n\t<meta name=\"twitter:data1\" content=\"Rauf Hac\u0131yev\" \/>\n\t<meta name=\"twitter:label2\" content=\"Est. reading time\" \/>\n\t<meta name=\"twitter:data2\" content=\"2 minutes\" \/>\n<script type=\"application\/ld+json\" class=\"yoast-schema-graph\">{\"@context\":\"https:\\\/\\\/schema.org\",\"@graph\":[{\"@type\":\"Article\",\"@id\":\"https:\\\/\\\/kokpit.az\\\/?p=4884#article\",\"isPartOf\":{\"@id\":\"https:\\\/\\\/kokpit.az\\\/?p=4884\"},\"author\":{\"name\":\"Rauf Hac\u0131yev\",\"@id\":\"https:\\\/\\\/kokpit.az\\\/#\\\/schema\\\/person\\\/f4114e650bc2993d0650e4fb6933c581\"},\"headline\":\"R\u0259sm\u0259n: David San\u00e7ez McLaren-d\u0259n ayr\u0131l\u0131b\",\"datePublished\":\"2024-04-02T12:04:54+00:00\",\"dateModified\":\"2024-04-02T12:26:17+00:00\",\"mainEntityOfPage\":{\"@id\":\"https:\\\/\\\/kokpit.az\\\/?p=4884\"},\"wordCount\":439,\"commentCount\":0,\"publisher\":{\"@id\":\"https:\\\/\\\/kokpit.az\\\/#organization\"},\"image\":{\"@id\":\"https:\\\/\\\/kokpit.az\\\/?p=4884#primaryimage\"},\"thumbnailUrl\":\"https:\\\/\\\/kokpit.az\\\/wp-content\\\/uploads\\\/2024\\\/04\\\/IMG_2241.jpeg\",\"keywords\":[\"David Sanchez\",\"McLaren Formula 1 Team\"],\"articleSection\":[\"Man\u015fet\",\"X\u0259b\u0259rl\u0259r\"],\"inLanguage\":\"az\",\"potentialAction\":[{\"@type\":\"CommentAction\",\"name\":\"Comment\",\"target\":[\"https:\\\/\\\/kokpit.az\\\/?p=4884#respond\"]}]},{\"@type\":\"WebPage\",\"@id\":\"https:\\\/\\\/kokpit.az\\\/?p=4884\",\"url\":\"https:\\\/\\\/kokpit.az\\\/?p=4884\",\"name\":\"R\u0259sm\u0259n: David San\u00e7ez McLaren-d\u0259n ayr\u0131l\u0131b - X\u0259b\u0259ri Kokpitd\u0259 Oxuyun!\",\"isPartOf\":{\"@id\":\"https:\\\/\\\/kokpit.az\\\/#website\"},\"primaryImageOfPage\":{\"@id\":\"https:\\\/\\\/kokpit.az\\\/?p=4884#primaryimage\"},\"image\":{\"@id\":\"https:\\\/\\\/kokpit.az\\\/?p=4884#primaryimage\"},\"thumbnailUrl\":\"https:\\\/\\\/kokpit.az\\\/wp-content\\\/uploads\\\/2024\\\/04\\\/IMG_2241.jpeg\",\"datePublished\":\"2024-04-02T12:04:54+00:00\",\"dateModified\":\"2024-04-02T12:26:17+00:00\",\"breadcrumb\":{\"@id\":\"https:\\\/\\\/kokpit.az\\\/?p=4884#breadcrumb\"},\"inLanguage\":\"az\",\"potentialAction\":[{\"@type\":\"ReadAction\",\"target\":[\"https:\\\/\\\/kokpit.az\\\/?p=4884\"]}]},{\"@type\":\"ImageObject\",\"inLanguage\":\"az\",\"@id\":\"https:\\\/\\\/kokpit.az\\\/?p=4884#primaryimage\",\"url\":\"https:\\\/\\\/kokpit.az\\\/wp-content\\\/uploads\\\/2024\\\/04\\\/IMG_2241.jpeg\",\"contentUrl\":\"https:\\\/\\\/kokpit.az\\\/wp-content\\\/uploads\\\/2024\\\/04\\\/IMG_2241.jpeg\",\"width\":1600,\"height\":900},{\"@type\":\"BreadcrumbList\",\"@id\":\"https:\\\/\\\/kokpit.az\\\/?p=4884#breadcrumb\",\"itemListElement\":[{\"@type\":\"ListItem\",\"position\":1,\"name\":\"Home\",\"item\":\"https:\\\/\\\/kokpit.az\\\/\"},{\"@type\":\"ListItem\",\"position\":2,\"name\":\"R\u0259sm\u0259n: David San\u00e7ez McLaren-d\u0259n ayr\u0131l\u0131b\"}]},{\"@type\":\"WebSite\",\"@id\":\"https:\\\/\\\/kokpit.az\\\/#website\",\"url\":\"https:\\\/\\\/kokpit.az\\\/\",\"name\":\"X\u0259b\u0259ri Kokpitd\u0259 Oxuyun!\",\"description\":\"\",\"publisher\":{\"@id\":\"https:\\\/\\\/kokpit.az\\\/#organization\"},\"potentialAction\":[{\"@type\":\"SearchAction\",\"target\":{\"@type\":\"EntryPoint\",\"urlTemplate\":\"https:\\\/\\\/kokpit.az\\\/?s={search_term_string}\"},\"query-input\":{\"@type\":\"PropertyValueSpecification\",\"valueRequired\":true,\"valueName\":\"search_term_string\"}}],\"inLanguage\":\"az\"},{\"@type\":\"Organization\",\"@id\":\"https:\\\/\\\/kokpit.az\\\/#organization\",\"name\":\"X\u0259b\u0259ri Kokpitd\u0259 Oxuyun!\",\"url\":\"https:\\\/\\\/kokpit.az\\\/\",\"logo\":{\"@type\":\"ImageObject\",\"inLanguage\":\"az\",\"@id\":\"https:\\\/\\\/kokpit.az\\\/#\\\/schema\\\/logo\\\/image\\\/\",\"url\":\"https:\\\/\\\/kokpit.az\\\/wp-content\\\/uploads\\\/2023\\\/05\\\/kokpit.jpg\",\"contentUrl\":\"https:\\\/\\\/kokpit.az\\\/wp-content\\\/uploads\\\/2023\\\/05\\\/kokpit.jpg\",\"width\":488,\"height\":245,\"caption\":\"X\u0259b\u0259ri Kokpitd\u0259 Oxuyun!\"},\"image\":{\"@id\":\"https:\\\/\\\/kokpit.az\\\/#\\\/schema\\\/logo\\\/image\\\/\"},\"sameAs\":[\"https:\\\/\\\/www.facebook.com\\\/profile.php?id=61553756392357\"]},{\"@type\":\"Person\",\"@id\":\"https:\\\/\\\/kokpit.az\\\/#\\\/schema\\\/person\\\/f4114e650bc2993d0650e4fb6933c581\",\"name\":\"Rauf Hac\u0131yev\",\"image\":{\"@type\":\"ImageObject\",\"inLanguage\":\"az\",\"@id\":\"https:\\\/\\\/secure.gravatar.com\\\/avatar\\\/394a2085c47c7acdcf41f7d270b7cbb52513d6f4f24c1cb6dfbbd61f98c0503d?s=96&d=mm&r=g\",\"url\":\"https:\\\/\\\/secure.gravatar.com\\\/avatar\\\/394a2085c47c7acdcf41f7d270b7cbb52513d6f4f24c1cb6dfbbd61f98c0503d?s=96&d=mm&r=g\",\"contentUrl\":\"https:\\\/\\\/secure.gravatar.com\\\/avatar\\\/394a2085c47c7acdcf41f7d270b7cbb52513d6f4f24c1cb6dfbbd61f98c0503d?s=96&d=mm&r=g\",\"caption\":\"Rauf Hac\u0131yev\"},\"sameAs\":[\"https:\\\/\\\/kokpit.az\"],\"url\":\"https:\\\/\\\/kokpit.az\\\/?author=2\"}]}<\/script>\n<!-- \/ Yoast SEO plugin. -->","yoast_head_json":{"title":"R\u0259sm\u0259n: David San\u00e7ez McLaren-d\u0259n ayr\u0131l\u0131b - X\u0259b\u0259ri Kokpitd\u0259 Oxuyun!","robots":{"index":"index","follow":"follow","max-snippet":"max-snippet:-1","max-image-preview":"max-image-preview:large","max-video-preview":"max-video-preview:-1"},"canonical":"https:\/\/kokpit.az\/?p=4884","og_locale":"az_AZ","og_type":"article","og_title":"R\u0259sm\u0259n: David San\u00e7ez McLaren-d\u0259n ayr\u0131l\u0131b - X\u0259b\u0259ri Kokpitd\u0259 Oxuyun!","og_description":"McLaren texniki Direktoru David San\u00e7ez il\u0259 yollar\u0131n\u0131 ay\u0131r\u0131b.","og_url":"https:\/\/kokpit.az\/?p=4884","og_site_name":"X\u0259b\u0259ri Kokpitd\u0259 Oxuyun!","article_publisher":"https:\/\/www.facebook.com\/profile.php?id=61553756392357","article_published_time":"2024-04-02T12:04:54+00:00","article_modified_time":"2024-04-02T12:26:17+00:00","og_image":[{"width":1600,"height":900,"url":"https:\/\/kokpit.az\/wp-content\/uploads\/2024\/04\/IMG_2241.jpeg","type":"image\/jpeg"}],"author":"Rauf Hac\u0131yev","twitter_card":"summary_large_image","twitter_misc":{"Written by":"Rauf Hac\u0131yev","Est. reading time":"2 minutes"},"schema":{"@context":"https:\/\/schema.org","@graph":[{"@type":"Article","@id":"https:\/\/kokpit.az\/?p=4884#article","isPartOf":{"@id":"https:\/\/kokpit.az\/?p=4884"},"author":{"name":"Rauf Hac\u0131yev","@id":"https:\/\/kokpit.az\/#\/schema\/person\/f4114e650bc2993d0650e4fb6933c581"},"headline":"R\u0259sm\u0259n: David San\u00e7ez McLaren-d\u0259n ayr\u0131l\u0131b","datePublished":"2024-04-02T12:04:54+00:00","dateModified":"2024-04-02T12:26:17+00:00","mainEntityOfPage":{"@id":"https:\/\/kokpit.az\/?p=4884"},"wordCount":439,"commentCount":0,"publisher":{"@id":"https:\/\/kokpit.az\/#organization"},"image":{"@id":"https:\/\/kokpit.az\/?p=4884#primaryimage"},"thumbnailUrl":"https:\/\/kokpit.az\/wp-content\/uploads\/2024\/04\/IMG_2241.jpeg","keywords":["David Sanchez","McLaren Formula 1 Team"],"articleSection":["Man\u015fet","X\u0259b\u0259rl\u0259r"],"inLanguage":"az","potentialAction":[{"@type":"CommentAction","name":"Comment","target":["https:\/\/kokpit.az\/?p=4884#respond"]}]},{"@type":"WebPage","@id":"https:\/\/kokpit.az\/?p=4884","url":"https:\/\/kokpit.az\/?p=4884","name":"R\u0259sm\u0259n: David San\u00e7ez McLaren-d\u0259n ayr\u0131l\u0131b - X\u0259b\u0259ri Kokpitd\u0259 Oxuyun!","isPartOf":{"@id":"https:\/\/kokpit.az\/#website"},"primaryImageOfPage":{"@id":"https:\/\/kokpit.az\/?p=4884#primaryimage"},"image":{"@id":"https:\/\/kokpit.az\/?p=4884#primaryimage"},"thumbnailUrl":"https:\/\/kokpit.az\/wp-content\/uploads\/2024\/04\/IMG_2241.jpeg","datePublished":"2024-04-02T12:04:54+00:00","dateModified":"2024-04-02T12:26:17+00:00","breadcrumb":{"@id":"https:\/\/kokpit.az\/?p=4884#breadcrumb"},"inLanguage":"az","potentialAction":[{"@type":"ReadAction","target":["https:\/\/kokpit.az\/?p=4884"]}]},{"@type":"ImageObject","inLanguage":"az","@id":"https:\/\/kokpit.az\/?p=4884#primaryimage","url":"https:\/\/kokpit.az\/wp-content\/uploads\/2024\/04\/IMG_2241.jpeg","contentUrl":"https:\/\/kokpit.az\/wp-content\/uploads\/2024\/04\/IMG_2241.jpeg","width":1600,"height":900},{"@type":"BreadcrumbList","@id":"https:\/\/kokpit.az\/?p=4884#breadcrumb","itemListElement":[{"@type":"ListItem","position":1,"name":"Home","item":"https:\/\/kokpit.az\/"},{"@type":"ListItem","position":2,"name":"R\u0259sm\u0259n: David San\u00e7ez McLaren-d\u0259n ayr\u0131l\u0131b"}]},{"@type":"WebSite","@id":"https:\/\/kokpit.az\/#website","url":"https:\/\/kokpit.az\/","name":"X\u0259b\u0259ri Kokpitd\u0259 Oxuyun!","description":"","publisher":{"@id":"https:\/\/kokpit.az\/#organization"},"potentialAction":[{"@type":"SearchAction","target":{"@type":"EntryPoint","urlTemplate":"https:\/\/kokpit.az\/?s={search_term_string}"},"query-input":{"@type":"PropertyValueSpecification","valueRequired":true,"valueName":"search_term_string"}}],"inLanguage":"az"},{"@type":"Organization","@id":"https:\/\/kokpit.az\/#organization","name":"X\u0259b\u0259ri Kokpitd\u0259 Oxuyun!","url":"https:\/\/kokpit.az\/","logo":{"@type":"ImageObject","inLanguage":"az","@id":"https:\/\/kokpit.az\/#\/schema\/logo\/image\/","url":"https:\/\/kokpit.az\/wp-content\/uploads\/2023\/05\/kokpit.jpg","contentUrl":"https:\/\/kokpit.az\/wp-content\/uploads\/2023\/05\/kokpit.jpg","width":488,"height":245,"caption":"X\u0259b\u0259ri Kokpitd\u0259 Oxuyun!"},"image":{"@id":"https:\/\/kokpit.az\/#\/schema\/logo\/image\/"},"sameAs":["https:\/\/www.facebook.com\/profile.php?id=61553756392357"]},{"@type":"Person","@id":"https:\/\/kokpit.az\/#\/schema\/person\/f4114e650bc2993d0650e4fb6933c581","name":"Rauf Hac\u0131yev","image":{"@type":"ImageObject","inLanguage":"az","@id":"https:\/\/secure.gravatar.com\/avatar\/394a2085c47c7acdcf41f7d270b7cbb52513d6f4f24c1cb6dfbbd61f98c0503d?s=96&d=mm&r=g","url":"https:\/\/secure.gravatar.com\/avatar\/394a2085c47c7acdcf41f7d270b7cbb52513d6f4f24c1cb6dfbbd61f98c0503d?s=96&d=mm&r=g","contentUrl":"https:\/\/secure.gravatar.com\/avatar\/394a2085c47c7acdcf41f7d270b7cbb52513d6f4f24c1cb6dfbbd61f98c0503d?s=96&d=mm&r=g","caption":"Rauf Hac\u0131yev"},"sameAs":["https:\/\/kokpit.az"],"url":"https:\/\/kokpit.az\/?author=2"}]}},"_links":{"self":[{"href":"https:\/\/kokpit.az\/index.php?rest_route=\/wp\/v2\/posts\/4884","targetHints":{"allow":["GET"]}}],"collection":[{"href":"https:\/\/kokpit.az\/index.php?rest_route=\/wp\/v2\/posts"}],"about":[{"href":"https:\/\/kokpit.az\/index.php?rest_route=\/wp\/v2\/types\/post"}],"author":[{"embeddable":true,"href":"https:\/\/kokpit.az\/index.php?rest_route=\/wp\/v2\/users\/2"}],"replies":[{"embeddable":true,"href":"https:\/\/kokpit.az\/index.php?rest_route=%2Fwp%2Fv2%2Fcomments&post=4884"}],"version-history":[{"count":1,"href":"https:\/\/kokpit.az\/index.php?rest_route=\/wp\/v2\/posts\/4884\/revisions"}],"predecessor-version":[{"id":4886,"href":"https:\/\/kokpit.az\/index.php?rest_route=\/wp\/v2\/posts\/4884\/revisions\/4886"}],"wp:featuredmedia":[{"embeddable":true,"href":"https:\/\/kokpit.az\/index.php?rest_route=\/wp\/v2\/media\/4885"}],"wp:attachment":[{"href":"https:\/\/kokpit.az\/index.php?rest_route=%2Fwp%2Fv2%2Fmedia&parent=4884"}],"wp:term":[{"taxonomy":"category","embeddable":true,"href":"https:\/\/kokpit.az\/index.php?rest_route=%2Fwp%2Fv2%2Fcategories&post=4884"},{"taxonomy":"post_tag","embeddable":true,"href":"https:\/\/kokpit.az\/index.php?rest_route=%2Fwp%2Fv2%2Ftags&post=4884"}],"curies":[{"name":"wp","href":"https:\/\/api.w.org\/{rel}","templated":true}]}}