{"id":4845,"date":"2024-03-29T08:56:34","date_gmt":"2024-03-29T04:56:34","guid":{"rendered":"https:\/\/kokpit.az\/?p=4845"},"modified":"2024-03-29T08:56:34","modified_gmt":"2024-03-29T04:56:34","slug":"k-sayns-h%c9%99l%c9%99-d%c9%99-issiz%c9%99m","status":"publish","type":"post","link":"https:\/\/kokpit.az\/?p=4845","title":{"rendered":"K.Sayns: H\u0259l\u0259 d\u0259 i\u015fsiz\u0259m"},"content":{"rendered":"<p>Kokpit.az xat\u0131rlad\u0131r ki, ispaniyal\u0131 s\u00fcr\u00fcc\u00fc ilin sonunda Ferrari-d\u0259n ayr\u0131lacaq v\u0259 onu Lyuis H\u0259milton \u0259v\u0259z ed\u0259c\u0259k. 30 ya\u015fl\u0131 pilot g\u0259l\u0259n il \u00fc\u00e7\u00fcn h\u0259l\u0259 \u00f6z\u00fcn\u0259 komanda tapa bilm\u0259yib, amma o yeni m\u00f6vs\u00fcm\u0259 \u0259la ba\u015flay\u0131b. Bel\u0259 ki, Sayns m\u00f6vs\u00fcm\u00fcn ilk yar\u0131\u015f\u0131 olan B\u0259hreynd\u0259 podiuma y\u00fcks\u0259lib. \u0130kinci yar\u0131\u015f olan S\u0259udiyy\u0259 \u018fr\u0259bistan\u0131nda apendisit \u0259m\u0259liyyat\u0131na g\u00f6r\u0259 i\u015ftirak etm\u0259yib. Lakin Avstraliyada yenid\u0259n kokpit\u0259 qay\u0131d\u0131b v\u0259 x\u0259st\u0259likd\u0259n aya\u011fa duran kimi q\u0259l\u0259b\u0259 qazan\u0131b.<\/p>\n<p>Karlos Sayns 2022-ci ild\u0259n sonra Red Bull-un s\u00fcr\u00fcc\u00fcl\u0259rind\u0259n ba\u015fqa yar\u0131\u015f qazana bil\u0259n t\u0259k s\u00fcr\u00fcc\u00fcd\u00fcr.<\/p>\n<p><span style=\"color: #ff0000;\"><strong>Karlos Sayns<\/strong><\/span>: \u201cN\u00f6vb\u0259ti m\u00f6vs\u00fcm \u00fc\u00e7\u00fcn h\u0259l\u0259 d\u0259 i\u015fsiz\u0259mz (g\u00fcl\u0259r\u0259k). Amma zarafat bir yana bilir\u0259m ki, m\u0259n\u0259 yax\u015f\u0131 ma\u015f\u0131n verils\u0259, u\u011fur qazana bil\u0259r\u0259m. Sinqapurda da, Avstraliyada da bunu t\u0259sdiql\u0259dim. Ma\u015f\u0131n\u0131m g\u00fccl\u00fc olanda \u00f6z\u00fcm\u00fc yax\u015f\u0131 hiss edir\u0259m v\u0259 Albert Parkda ma\u015f\u0131ndan raz\u0131 idim\u201d.<\/p>\n","protected":false},"excerpt":{"rendered":"<p>Ferrari komandas\u0131n\u0131n s\u00fcr\u00fcc\u00fcs\u00fc Karlos Sayns bildirib ki, n\u00f6vb\u0259ti il \u00fc\u00e7\u00fcn h\u0259l\u0259 d\u0259 i\u015fsizdir.<\/p>\n","protected":false},"author":2,"featured_media":4848,"comment_status":"open","ping_status":"open","sticky":false,"template":"","format":"standard","meta":{"footnotes":""},"categories":[193,2],"tags":[153,96,65,53],"class_list":["post-4845","post","type-post","status-publish","format-standard","has-post-thumbnail","hentry","category-avstraliya-qran-prisi","category-news","tag-albert-park-circuit","tag-australian-grand-prix","tag-carlos-sainz-jr","tag-scuderia-ferrari"],"yoast_head":"<!-- This site is optimized with the Yoast SEO plugin v27.5 - https:\/\/yoast.com\/product\/yoast-seo-wordpress\/ -->\n<title>K.Sayns: H\u0259l\u0259 d\u0259 i\u015fsiz\u0259m - X\u0259b\u0259ri Kokpitd\u0259 Oxuyun!<\/title>\n<meta name=\"robots\" content=\"index, follow, max-snippet:-1, max-image-preview:large, max-video-preview:-1\" \/>\n<link rel=\"canonical\" href=\"https:\/\/kokpit.az\/?p=4845\" \/>\n<meta property=\"og:locale\" content=\"az_AZ\" \/>\n<meta property=\"og:type\" content=\"article\" \/>\n<meta property=\"og:title\" content=\"K.Sayns: H\u0259l\u0259 d\u0259 i\u015fsiz\u0259m - X\u0259b\u0259ri Kokpitd\u0259 Oxuyun!\" \/>\n<meta property=\"og:description\" content=\"Ferrari komandas\u0131n\u0131n s\u00fcr\u00fcc\u00fcs\u00fc Karlos Sayns bildirib ki, n\u00f6vb\u0259ti il \u00fc\u00e7\u00fcn h\u0259l\u0259 d\u0259 i\u015fsizdir.\" \/>\n<meta property=\"og:url\" content=\"https:\/\/kokpit.az\/?p=4845\" \/>\n<meta property=\"og:site_name\" content=\"X\u0259b\u0259ri Kokpitd\u0259 Oxuyun!\" \/>\n<meta property=\"article:publisher\" content=\"https:\/\/www.facebook.com\/profile.php?id=61553756392357\" \/>\n<meta property=\"article:published_time\" content=\"2024-03-29T04:56:34+00:00\" \/>\n<meta property=\"og:image\" content=\"https:\/\/kokpit.az\/wp-content\/uploads\/2024\/03\/IMG_2125-e1711694210279.jpeg\" \/>\n\t<meta property=\"og:image:width\" content=\"1600\" \/>\n\t<meta property=\"og:image:height\" content=\"840\" \/>\n\t<meta property=\"og:image:type\" content=\"image\/jpeg\" \/>\n<meta name=\"author\" content=\"Rauf Hac\u0131yev\" \/>\n<meta name=\"twitter:card\" content=\"summary_large_image\" \/>\n<meta name=\"twitter:label1\" content=\"Written by\" \/>\n\t<meta name=\"twitter:data1\" content=\"Rauf Hac\u0131yev\" \/>\n\t<meta name=\"twitter:label2\" content=\"Est. reading time\" \/>\n\t<meta name=\"twitter:data2\" content=\"1 minute\" \/>\n<script type=\"application\/ld+json\" class=\"yoast-schema-graph\">{\"@context\":\"https:\\\/\\\/schema.org\",\"@graph\":[{\"@type\":\"Article\",\"@id\":\"https:\\\/\\\/kokpit.az\\\/?p=4845#article\",\"isPartOf\":{\"@id\":\"https:\\\/\\\/kokpit.az\\\/?p=4845\"},\"author\":{\"name\":\"Rauf Hac\u0131yev\",\"@id\":\"https:\\\/\\\/kokpit.az\\\/#\\\/schema\\\/person\\\/f4114e650bc2993d0650e4fb6933c581\"},\"headline\":\"K.Sayns: H\u0259l\u0259 d\u0259 i\u015fsiz\u0259m\",\"datePublished\":\"2024-03-29T04:56:34+00:00\",\"mainEntityOfPage\":{\"@id\":\"https:\\\/\\\/kokpit.az\\\/?p=4845\"},\"wordCount\":208,\"commentCount\":0,\"publisher\":{\"@id\":\"https:\\\/\\\/kokpit.az\\\/#organization\"},\"image\":{\"@id\":\"https:\\\/\\\/kokpit.az\\\/?p=4845#primaryimage\"},\"thumbnailUrl\":\"https:\\\/\\\/kokpit.az\\\/wp-content\\\/uploads\\\/2024\\\/03\\\/IMG_2125-e1711694210279.jpeg\",\"keywords\":[\"Albert Park Circuit\",\"Australian Grand Prix\",\"Carlos Sainz Jr.\",\"Scuderia Ferrari\"],\"articleSection\":[\"Avstraliya Qran Prisi\",\"X\u0259b\u0259rl\u0259r\"],\"inLanguage\":\"az\",\"potentialAction\":[{\"@type\":\"CommentAction\",\"name\":\"Comment\",\"target\":[\"https:\\\/\\\/kokpit.az\\\/?p=4845#respond\"]}]},{\"@type\":\"WebPage\",\"@id\":\"https:\\\/\\\/kokpit.az\\\/?p=4845\",\"url\":\"https:\\\/\\\/kokpit.az\\\/?p=4845\",\"name\":\"K.Sayns: H\u0259l\u0259 d\u0259 i\u015fsiz\u0259m - X\u0259b\u0259ri Kokpitd\u0259 Oxuyun!\",\"isPartOf\":{\"@id\":\"https:\\\/\\\/kokpit.az\\\/#website\"},\"primaryImageOfPage\":{\"@id\":\"https:\\\/\\\/kokpit.az\\\/?p=4845#primaryimage\"},\"image\":{\"@id\":\"https:\\\/\\\/kokpit.az\\\/?p=4845#primaryimage\"},\"thumbnailUrl\":\"https:\\\/\\\/kokpit.az\\\/wp-content\\\/uploads\\\/2024\\\/03\\\/IMG_2125-e1711694210279.jpeg\",\"datePublished\":\"2024-03-29T04:56:34+00:00\",\"breadcrumb\":{\"@id\":\"https:\\\/\\\/kokpit.az\\\/?p=4845#breadcrumb\"},\"inLanguage\":\"az\",\"potentialAction\":[{\"@type\":\"ReadAction\",\"target\":[\"https:\\\/\\\/kokpit.az\\\/?p=4845\"]}]},{\"@type\":\"ImageObject\",\"inLanguage\":\"az\",\"@id\":\"https:\\\/\\\/kokpit.az\\\/?p=4845#primaryimage\",\"url\":\"https:\\\/\\\/kokpit.az\\\/wp-content\\\/uploads\\\/2024\\\/03\\\/IMG_2125-e1711694210279.jpeg\",\"contentUrl\":\"https:\\\/\\\/kokpit.az\\\/wp-content\\\/uploads\\\/2024\\\/03\\\/IMG_2125-e1711694210279.jpeg\",\"width\":1600,\"height\":840,\"caption\":\"2RW2BE7 pole position SAINZ Carlos (spa), Scuderia Ferrari SF-23, portrait during the 2023 Formula 1 Singapore Airlines Singapore Grand Prix, 15th round of the 2023 Formula One World Championship from September 15 to 17, 2023 on the Marina Bay Street Circuit, in Singapore - Photo Antonin Vincent\\\/DPPI Credit: DPPI Media\\\/Alamy Live News\"},{\"@type\":\"BreadcrumbList\",\"@id\":\"https:\\\/\\\/kokpit.az\\\/?p=4845#breadcrumb\",\"itemListElement\":[{\"@type\":\"ListItem\",\"position\":1,\"name\":\"Home\",\"item\":\"https:\\\/\\\/kokpit.az\\\/\"},{\"@type\":\"ListItem\",\"position\":2,\"name\":\"K.Sayns: H\u0259l\u0259 d\u0259 i\u015fsiz\u0259m\"}]},{\"@type\":\"WebSite\",\"@id\":\"https:\\\/\\\/kokpit.az\\\/#website\",\"url\":\"https:\\\/\\\/kokpit.az\\\/\",\"name\":\"X\u0259b\u0259ri Kokpitd\u0259 Oxuyun!\",\"description\":\"\",\"publisher\":{\"@id\":\"https:\\\/\\\/kokpit.az\\\/#organization\"},\"potentialAction\":[{\"@type\":\"SearchAction\",\"target\":{\"@type\":\"EntryPoint\",\"urlTemplate\":\"https:\\\/\\\/kokpit.az\\\/?s={search_term_string}\"},\"query-input\":{\"@type\":\"PropertyValueSpecification\",\"valueRequired\":true,\"valueName\":\"search_term_string\"}}],\"inLanguage\":\"az\"},{\"@type\":\"Organization\",\"@id\":\"https:\\\/\\\/kokpit.az\\\/#organization\",\"name\":\"X\u0259b\u0259ri Kokpitd\u0259 Oxuyun!\",\"url\":\"https:\\\/\\\/kokpit.az\\\/\",\"logo\":{\"@type\":\"ImageObject\",\"inLanguage\":\"az\",\"@id\":\"https:\\\/\\\/kokpit.az\\\/#\\\/schema\\\/logo\\\/image\\\/\",\"url\":\"https:\\\/\\\/kokpit.az\\\/wp-content\\\/uploads\\\/2023\\\/05\\\/kokpit.jpg\",\"contentUrl\":\"https:\\\/\\\/kokpit.az\\\/wp-content\\\/uploads\\\/2023\\\/05\\\/kokpit.jpg\",\"width\":488,\"height\":245,\"caption\":\"X\u0259b\u0259ri Kokpitd\u0259 Oxuyun!\"},\"image\":{\"@id\":\"https:\\\/\\\/kokpit.az\\\/#\\\/schema\\\/logo\\\/image\\\/\"},\"sameAs\":[\"https:\\\/\\\/www.facebook.com\\\/profile.php?id=61553756392357\"]},{\"@type\":\"Person\",\"@id\":\"https:\\\/\\\/kokpit.az\\\/#\\\/schema\\\/person\\\/f4114e650bc2993d0650e4fb6933c581\",\"name\":\"Rauf Hac\u0131yev\",\"image\":{\"@type\":\"ImageObject\",\"inLanguage\":\"az\",\"@id\":\"https:\\\/\\\/secure.gravatar.com\\\/avatar\\\/394a2085c47c7acdcf41f7d270b7cbb52513d6f4f24c1cb6dfbbd61f98c0503d?s=96&d=mm&r=g\",\"url\":\"https:\\\/\\\/secure.gravatar.com\\\/avatar\\\/394a2085c47c7acdcf41f7d270b7cbb52513d6f4f24c1cb6dfbbd61f98c0503d?s=96&d=mm&r=g\",\"contentUrl\":\"https:\\\/\\\/secure.gravatar.com\\\/avatar\\\/394a2085c47c7acdcf41f7d270b7cbb52513d6f4f24c1cb6dfbbd61f98c0503d?s=96&d=mm&r=g\",\"caption\":\"Rauf Hac\u0131yev\"},\"sameAs\":[\"https:\\\/\\\/kokpit.az\"],\"url\":\"https:\\\/\\\/kokpit.az\\\/?author=2\"}]}<\/script>\n<!-- \/ Yoast SEO plugin. -->","yoast_head_json":{"title":"K.Sayns: H\u0259l\u0259 d\u0259 i\u015fsiz\u0259m - X\u0259b\u0259ri Kokpitd\u0259 Oxuyun!","robots":{"index":"index","follow":"follow","max-snippet":"max-snippet:-1","max-image-preview":"max-image-preview:large","max-video-preview":"max-video-preview:-1"},"canonical":"https:\/\/kokpit.az\/?p=4845","og_locale":"az_AZ","og_type":"article","og_title":"K.Sayns: H\u0259l\u0259 d\u0259 i\u015fsiz\u0259m - X\u0259b\u0259ri Kokpitd\u0259 Oxuyun!","og_description":"Ferrari komandas\u0131n\u0131n s\u00fcr\u00fcc\u00fcs\u00fc Karlos Sayns bildirib ki, n\u00f6vb\u0259ti il \u00fc\u00e7\u00fcn h\u0259l\u0259 d\u0259 i\u015fsizdir.","og_url":"https:\/\/kokpit.az\/?p=4845","og_site_name":"X\u0259b\u0259ri Kokpitd\u0259 Oxuyun!","article_publisher":"https:\/\/www.facebook.com\/profile.php?id=61553756392357","article_published_time":"2024-03-29T04:56:34+00:00","og_image":[{"width":1600,"height":840,"url":"https:\/\/kokpit.az\/wp-content\/uploads\/2024\/03\/IMG_2125-e1711694210279.jpeg","type":"image\/jpeg"}],"author":"Rauf Hac\u0131yev","twitter_card":"summary_large_image","twitter_misc":{"Written by":"Rauf Hac\u0131yev","Est. reading time":"1 minute"},"schema":{"@context":"https:\/\/schema.org","@graph":[{"@type":"Article","@id":"https:\/\/kokpit.az\/?p=4845#article","isPartOf":{"@id":"https:\/\/kokpit.az\/?p=4845"},"author":{"name":"Rauf Hac\u0131yev","@id":"https:\/\/kokpit.az\/#\/schema\/person\/f4114e650bc2993d0650e4fb6933c581"},"headline":"K.Sayns: H\u0259l\u0259 d\u0259 i\u015fsiz\u0259m","datePublished":"2024-03-29T04:56:34+00:00","mainEntityOfPage":{"@id":"https:\/\/kokpit.az\/?p=4845"},"wordCount":208,"commentCount":0,"publisher":{"@id":"https:\/\/kokpit.az\/#organization"},"image":{"@id":"https:\/\/kokpit.az\/?p=4845#primaryimage"},"thumbnailUrl":"https:\/\/kokpit.az\/wp-content\/uploads\/2024\/03\/IMG_2125-e1711694210279.jpeg","keywords":["Albert Park Circuit","Australian Grand Prix","Carlos Sainz Jr.","Scuderia Ferrari"],"articleSection":["Avstraliya Qran Prisi","X\u0259b\u0259rl\u0259r"],"inLanguage":"az","potentialAction":[{"@type":"CommentAction","name":"Comment","target":["https:\/\/kokpit.az\/?p=4845#respond"]}]},{"@type":"WebPage","@id":"https:\/\/kokpit.az\/?p=4845","url":"https:\/\/kokpit.az\/?p=4845","name":"K.Sayns: H\u0259l\u0259 d\u0259 i\u015fsiz\u0259m - X\u0259b\u0259ri Kokpitd\u0259 Oxuyun!","isPartOf":{"@id":"https:\/\/kokpit.az\/#website"},"primaryImageOfPage":{"@id":"https:\/\/kokpit.az\/?p=4845#primaryimage"},"image":{"@id":"https:\/\/kokpit.az\/?p=4845#primaryimage"},"thumbnailUrl":"https:\/\/kokpit.az\/wp-content\/uploads\/2024\/03\/IMG_2125-e1711694210279.jpeg","datePublished":"2024-03-29T04:56:34+00:00","breadcrumb":{"@id":"https:\/\/kokpit.az\/?p=4845#breadcrumb"},"inLanguage":"az","potentialAction":[{"@type":"ReadAction","target":["https:\/\/kokpit.az\/?p=4845"]}]},{"@type":"ImageObject","inLanguage":"az","@id":"https:\/\/kokpit.az\/?p=4845#primaryimage","url":"https:\/\/kokpit.az\/wp-content\/uploads\/2024\/03\/IMG_2125-e1711694210279.jpeg","contentUrl":"https:\/\/kokpit.az\/wp-content\/uploads\/2024\/03\/IMG_2125-e1711694210279.jpeg","width":1600,"height":840,"caption":"2RW2BE7 pole position SAINZ Carlos (spa), Scuderia Ferrari SF-23, portrait during the 2023 Formula 1 Singapore Airlines Singapore Grand Prix, 15th round of the 2023 Formula One World Championship from September 15 to 17, 2023 on the Marina Bay Street Circuit, in Singapore - Photo Antonin Vincent\/DPPI Credit: DPPI Media\/Alamy Live News"},{"@type":"BreadcrumbList","@id":"https:\/\/kokpit.az\/?p=4845#breadcrumb","itemListElement":[{"@type":"ListItem","position":1,"name":"Home","item":"https:\/\/kokpit.az\/"},{"@type":"ListItem","position":2,"name":"K.Sayns: H\u0259l\u0259 d\u0259 i\u015fsiz\u0259m"}]},{"@type":"WebSite","@id":"https:\/\/kokpit.az\/#website","url":"https:\/\/kokpit.az\/","name":"X\u0259b\u0259ri Kokpitd\u0259 Oxuyun!","description":"","publisher":{"@id":"https:\/\/kokpit.az\/#organization"},"potentialAction":[{"@type":"SearchAction","target":{"@type":"EntryPoint","urlTemplate":"https:\/\/kokpit.az\/?s={search_term_string}"},"query-input":{"@type":"PropertyValueSpecification","valueRequired":true,"valueName":"search_term_string"}}],"inLanguage":"az"},{"@type":"Organization","@id":"https:\/\/kokpit.az\/#organization","name":"X\u0259b\u0259ri Kokpitd\u0259 Oxuyun!","url":"https:\/\/kokpit.az\/","logo":{"@type":"ImageObject","inLanguage":"az","@id":"https:\/\/kokpit.az\/#\/schema\/logo\/image\/","url":"https:\/\/kokpit.az\/wp-content\/uploads\/2023\/05\/kokpit.jpg","contentUrl":"https:\/\/kokpit.az\/wp-content\/uploads\/2023\/05\/kokpit.jpg","width":488,"height":245,"caption":"X\u0259b\u0259ri Kokpitd\u0259 Oxuyun!"},"image":{"@id":"https:\/\/kokpit.az\/#\/schema\/logo\/image\/"},"sameAs":["https:\/\/www.facebook.com\/profile.php?id=61553756392357"]},{"@type":"Person","@id":"https:\/\/kokpit.az\/#\/schema\/person\/f4114e650bc2993d0650e4fb6933c581","name":"Rauf Hac\u0131yev","image":{"@type":"ImageObject","inLanguage":"az","@id":"https:\/\/secure.gravatar.com\/avatar\/394a2085c47c7acdcf41f7d270b7cbb52513d6f4f24c1cb6dfbbd61f98c0503d?s=96&d=mm&r=g","url":"https:\/\/secure.gravatar.com\/avatar\/394a2085c47c7acdcf41f7d270b7cbb52513d6f4f24c1cb6dfbbd61f98c0503d?s=96&d=mm&r=g","contentUrl":"https:\/\/secure.gravatar.com\/avatar\/394a2085c47c7acdcf41f7d270b7cbb52513d6f4f24c1cb6dfbbd61f98c0503d?s=96&d=mm&r=g","caption":"Rauf Hac\u0131yev"},"sameAs":["https:\/\/kokpit.az"],"url":"https:\/\/kokpit.az\/?author=2"}]}},"_links":{"self":[{"href":"https:\/\/kokpit.az\/index.php?rest_route=\/wp\/v2\/posts\/4845","targetHints":{"allow":["GET"]}}],"collection":[{"href":"https:\/\/kokpit.az\/index.php?rest_route=\/wp\/v2\/posts"}],"about":[{"href":"https:\/\/kokpit.az\/index.php?rest_route=\/wp\/v2\/types\/post"}],"author":[{"embeddable":true,"href":"https:\/\/kokpit.az\/index.php?rest_route=\/wp\/v2\/users\/2"}],"replies":[{"embeddable":true,"href":"https:\/\/kokpit.az\/index.php?rest_route=%2Fwp%2Fv2%2Fcomments&post=4845"}],"version-history":[{"count":1,"href":"https:\/\/kokpit.az\/index.php?rest_route=\/wp\/v2\/posts\/4845\/revisions"}],"predecessor-version":[{"id":4846,"href":"https:\/\/kokpit.az\/index.php?rest_route=\/wp\/v2\/posts\/4845\/revisions\/4846"}],"wp:featuredmedia":[{"embeddable":true,"href":"https:\/\/kokpit.az\/index.php?rest_route=\/wp\/v2\/media\/4848"}],"wp:attachment":[{"href":"https:\/\/kokpit.az\/index.php?rest_route=%2Fwp%2Fv2%2Fmedia&parent=4845"}],"wp:term":[{"taxonomy":"category","embeddable":true,"href":"https:\/\/kokpit.az\/index.php?rest_route=%2Fwp%2Fv2%2Fcategories&post=4845"},{"taxonomy":"post_tag","embeddable":true,"href":"https:\/\/kokpit.az\/index.php?rest_route=%2Fwp%2Fv2%2Ftags&post=4845"}],"curies":[{"name":"wp","href":"https:\/\/api.w.org\/{rel}","templated":true}]}}