{"id":4825,"date":"2024-03-26T17:35:16","date_gmt":"2024-03-26T13:35:16","guid":{"rendered":"https:\/\/kokpit.az\/?p=4825"},"modified":"2024-03-26T17:35:16","modified_gmt":"2024-03-26T13:35:16","slug":"s-peres-tempimiz-yox-idi","status":"publish","type":"post","link":"https:\/\/kokpit.az\/?p=4825","title":{"rendered":"S.Peres: Tempimiz yox idi"},"content":{"rendered":"<p>Kokpit.az xat\u0131rlad\u0131r ki, meksikal\u0131 s\u00fcr\u00fcc\u00fc Avstraliyada Maks Ferstappenin m\u00fcbariz\u0259ni dayand\u0131rmas\u0131ndan istifad\u0259 ed\u0259 bilm\u0259yib v\u0259 yar\u0131\u015f\u0131 be\u015finci yerd\u0259 bitirib.<\/p>\n<p>Serxio d\u00fcn\u0259n s\u0131ralanma turunda 3-c\u00fc olsa da, Niko H\u00fclkenberqi \u0259ng\u0259ll\u0259diyi \u00fc\u00e7\u00fcn yar\u0131\u015f\u0131n start\u0131nda 3 yer itirib v\u0259 yar\u0131\u015fa 6-c\u0131 yerd\u0259n ba\u015flay\u0131b. O, Ferstappenin m\u00fcbariz\u0259ni dayand\u0131rmas\u0131na baxmayaraq \u00f6n\u00fcnd\u0259ki Ferrari v\u0259 McLaren s\u00fcr\u00fcc\u00fcl\u0259rin\u0259 yax\u0131nla\u015fa bilm\u0259yib v\u0259 yekunda 5-ci olub. Bu hal is\u0259 ilk iki yar\u0131\u015fda q\u0259l\u0259b\u0259 dublu ed\u0259n Red Bull \u00fc\u00e7\u00fcn \u0259sl faci\u0259 olub.<\/p>\n<p><span style=\"color: #000080;\"><strong>Serxio Peres:<\/strong><\/span> \u201cHeyif ki, tempimiz z\u0259if idi. M\u0259nc\u0259, yar\u0131\u015f\u0131n ilk hiss\u0259sind\u0259 \u00e7\u0259tinlik \u00e7\u0259kdik. Ferrari v\u0259 McLaren-in bizd\u0259n bir add\u0131m \u00f6nd\u0259 oldu\u011funu g\u00f6r\u0259 bilirdik. Balans\u0131 tapa bilm\u0259dik. N\u00f6vb\u0259ti yar\u0131\u015flar \u00fc\u00e7\u00fcn g\u00f6r\u0259c\u0259yimiz i\u015fl\u0259r var. \u00c7ox qeyri-adi asfalt idi v\u0259 h\u0259ft\u0259sonu \u0259rzind\u0259 ist\u0259diyimiz ili\u015fm\u0259ni tapa bilm\u0259dik.<\/p>\n<p>Komanda olaraq h\u0259ft\u0259sonu \u0259rzind\u0259 yet\u0259rli s\u00fcr\u0259timiz yox idi. C\u00fcm\u0259 g\u00fcn\u00fcnd\u0259n b\u0259ri \u00e7\u0259tinlik \u00e7\u0259kirdik v\u0259 t\u0259k\u0259rl\u0259r\u0259 n\u0259zar\u0259t ed\u0259 bilm\u0259dik. Sad\u0259c\u0259 problemi anlamal\u0131 v\u0259 inki\u015faf etm\u0259liyik.<\/p>\n<p>Veqas kimi bir trasda da Ferrari-nin bizd\u0259n g\u00fccl\u00fc oldu\u011funu g\u00f6rd\u00fck v\u0259 \u00f6n t\u0259k\u0259rl\u0259rimizi qoruya bilm\u0259dik\u201d.<\/p>\n","protected":false},"excerpt":{"rendered":"<p>Red Bull komandas\u0131n\u0131n s\u00fcr\u00fcc\u00fcs\u00fc Serxio Peres Avstraliyada podiumsuz qald\u0131\u011f\u0131 \u00fc\u00e7\u00fcn m\u0259yusdur.<\/p>\n","protected":false},"author":2,"featured_media":4827,"comment_status":"open","ping_status":"open","sticky":false,"template":"","format":"standard","meta":{"footnotes":""},"categories":[193,2],"tags":[153,96,51,57],"class_list":["post-4825","post","type-post","status-publish","format-standard","has-post-thumbnail","hentry","category-avstraliya-qran-prisi","category-news","tag-albert-park-circuit","tag-australian-grand-prix","tag-red-bull-racing","tag-sergio-perez"],"yoast_head":"<!-- This site is optimized with the Yoast SEO plugin v27.5 - https:\/\/yoast.com\/product\/yoast-seo-wordpress\/ -->\n<title>S.Peres: Tempimiz yox idi - X\u0259b\u0259ri Kokpitd\u0259 Oxuyun!<\/title>\n<meta name=\"robots\" content=\"index, follow, max-snippet:-1, max-image-preview:large, max-video-preview:-1\" \/>\n<link rel=\"canonical\" href=\"https:\/\/kokpit.az\/?p=4825\" \/>\n<meta property=\"og:locale\" content=\"az_AZ\" \/>\n<meta property=\"og:type\" content=\"article\" \/>\n<meta property=\"og:title\" content=\"S.Peres: Tempimiz yox idi - X\u0259b\u0259ri Kokpitd\u0259 Oxuyun!\" \/>\n<meta property=\"og:description\" content=\"Red Bull komandas\u0131n\u0131n s\u00fcr\u00fcc\u00fcs\u00fc Serxio Peres Avstraliyada podiumsuz qald\u0131\u011f\u0131 \u00fc\u00e7\u00fcn m\u0259yusdur.\" \/>\n<meta property=\"og:url\" content=\"https:\/\/kokpit.az\/?p=4825\" \/>\n<meta property=\"og:site_name\" content=\"X\u0259b\u0259ri Kokpitd\u0259 Oxuyun!\" \/>\n<meta property=\"article:publisher\" content=\"https:\/\/www.facebook.com\/profile.php?id=61553756392357\" \/>\n<meta property=\"article:published_time\" content=\"2024-03-26T13:35:16+00:00\" \/>\n<meta property=\"og:image\" content=\"https:\/\/kokpit.az\/wp-content\/uploads\/2024\/03\/IMG_1673-e1711694431154.jpeg\" \/>\n\t<meta property=\"og:image:width\" content=\"1600\" \/>\n\t<meta property=\"og:image:height\" content=\"840\" \/>\n\t<meta property=\"og:image:type\" content=\"image\/jpeg\" \/>\n<meta name=\"author\" content=\"Rauf Hac\u0131yev\" \/>\n<meta name=\"twitter:card\" content=\"summary_large_image\" \/>\n<meta name=\"twitter:label1\" content=\"Written by\" \/>\n\t<meta name=\"twitter:data1\" content=\"Rauf Hac\u0131yev\" \/>\n\t<meta name=\"twitter:label2\" content=\"Est. reading time\" \/>\n\t<meta name=\"twitter:data2\" content=\"1 minute\" \/>\n<script type=\"application\/ld+json\" class=\"yoast-schema-graph\">{\"@context\":\"https:\\\/\\\/schema.org\",\"@graph\":[{\"@type\":\"Article\",\"@id\":\"https:\\\/\\\/kokpit.az\\\/?p=4825#article\",\"isPartOf\":{\"@id\":\"https:\\\/\\\/kokpit.az\\\/?p=4825\"},\"author\":{\"name\":\"Rauf Hac\u0131yev\",\"@id\":\"https:\\\/\\\/kokpit.az\\\/#\\\/schema\\\/person\\\/f4114e650bc2993d0650e4fb6933c581\"},\"headline\":\"S.Peres: Tempimiz yox idi\",\"datePublished\":\"2024-03-26T13:35:16+00:00\",\"mainEntityOfPage\":{\"@id\":\"https:\\\/\\\/kokpit.az\\\/?p=4825\"},\"wordCount\":247,\"commentCount\":0,\"publisher\":{\"@id\":\"https:\\\/\\\/kokpit.az\\\/#organization\"},\"image\":{\"@id\":\"https:\\\/\\\/kokpit.az\\\/?p=4825#primaryimage\"},\"thumbnailUrl\":\"https:\\\/\\\/kokpit.az\\\/wp-content\\\/uploads\\\/2024\\\/03\\\/IMG_1673-e1711694431154.jpeg\",\"keywords\":[\"Albert Park Circuit\",\"Australian Grand Prix\",\"Red Bull Racing\",\"Sergio Perez\"],\"articleSection\":[\"Avstraliya Qran Prisi\",\"X\u0259b\u0259rl\u0259r\"],\"inLanguage\":\"az\",\"potentialAction\":[{\"@type\":\"CommentAction\",\"name\":\"Comment\",\"target\":[\"https:\\\/\\\/kokpit.az\\\/?p=4825#respond\"]}]},{\"@type\":\"WebPage\",\"@id\":\"https:\\\/\\\/kokpit.az\\\/?p=4825\",\"url\":\"https:\\\/\\\/kokpit.az\\\/?p=4825\",\"name\":\"S.Peres: Tempimiz yox idi - X\u0259b\u0259ri Kokpitd\u0259 Oxuyun!\",\"isPartOf\":{\"@id\":\"https:\\\/\\\/kokpit.az\\\/#website\"},\"primaryImageOfPage\":{\"@id\":\"https:\\\/\\\/kokpit.az\\\/?p=4825#primaryimage\"},\"image\":{\"@id\":\"https:\\\/\\\/kokpit.az\\\/?p=4825#primaryimage\"},\"thumbnailUrl\":\"https:\\\/\\\/kokpit.az\\\/wp-content\\\/uploads\\\/2024\\\/03\\\/IMG_1673-e1711694431154.jpeg\",\"datePublished\":\"2024-03-26T13:35:16+00:00\",\"breadcrumb\":{\"@id\":\"https:\\\/\\\/kokpit.az\\\/?p=4825#breadcrumb\"},\"inLanguage\":\"az\",\"potentialAction\":[{\"@type\":\"ReadAction\",\"target\":[\"https:\\\/\\\/kokpit.az\\\/?p=4825\"]}]},{\"@type\":\"ImageObject\",\"inLanguage\":\"az\",\"@id\":\"https:\\\/\\\/kokpit.az\\\/?p=4825#primaryimage\",\"url\":\"https:\\\/\\\/kokpit.az\\\/wp-content\\\/uploads\\\/2024\\\/03\\\/IMG_1673-e1711694431154.jpeg\",\"contentUrl\":\"https:\\\/\\\/kokpit.az\\\/wp-content\\\/uploads\\\/2024\\\/03\\\/IMG_1673-e1711694431154.jpeg\",\"width\":1600,\"height\":840},{\"@type\":\"BreadcrumbList\",\"@id\":\"https:\\\/\\\/kokpit.az\\\/?p=4825#breadcrumb\",\"itemListElement\":[{\"@type\":\"ListItem\",\"position\":1,\"name\":\"Home\",\"item\":\"https:\\\/\\\/kokpit.az\\\/\"},{\"@type\":\"ListItem\",\"position\":2,\"name\":\"S.Peres: Tempimiz yox idi\"}]},{\"@type\":\"WebSite\",\"@id\":\"https:\\\/\\\/kokpit.az\\\/#website\",\"url\":\"https:\\\/\\\/kokpit.az\\\/\",\"name\":\"X\u0259b\u0259ri Kokpitd\u0259 Oxuyun!\",\"description\":\"\",\"publisher\":{\"@id\":\"https:\\\/\\\/kokpit.az\\\/#organization\"},\"potentialAction\":[{\"@type\":\"SearchAction\",\"target\":{\"@type\":\"EntryPoint\",\"urlTemplate\":\"https:\\\/\\\/kokpit.az\\\/?s={search_term_string}\"},\"query-input\":{\"@type\":\"PropertyValueSpecification\",\"valueRequired\":true,\"valueName\":\"search_term_string\"}}],\"inLanguage\":\"az\"},{\"@type\":\"Organization\",\"@id\":\"https:\\\/\\\/kokpit.az\\\/#organization\",\"name\":\"X\u0259b\u0259ri Kokpitd\u0259 Oxuyun!\",\"url\":\"https:\\\/\\\/kokpit.az\\\/\",\"logo\":{\"@type\":\"ImageObject\",\"inLanguage\":\"az\",\"@id\":\"https:\\\/\\\/kokpit.az\\\/#\\\/schema\\\/logo\\\/image\\\/\",\"url\":\"https:\\\/\\\/kokpit.az\\\/wp-content\\\/uploads\\\/2023\\\/05\\\/kokpit.jpg\",\"contentUrl\":\"https:\\\/\\\/kokpit.az\\\/wp-content\\\/uploads\\\/2023\\\/05\\\/kokpit.jpg\",\"width\":488,\"height\":245,\"caption\":\"X\u0259b\u0259ri Kokpitd\u0259 Oxuyun!\"},\"image\":{\"@id\":\"https:\\\/\\\/kokpit.az\\\/#\\\/schema\\\/logo\\\/image\\\/\"},\"sameAs\":[\"https:\\\/\\\/www.facebook.com\\\/profile.php?id=61553756392357\"]},{\"@type\":\"Person\",\"@id\":\"https:\\\/\\\/kokpit.az\\\/#\\\/schema\\\/person\\\/f4114e650bc2993d0650e4fb6933c581\",\"name\":\"Rauf Hac\u0131yev\",\"image\":{\"@type\":\"ImageObject\",\"inLanguage\":\"az\",\"@id\":\"https:\\\/\\\/secure.gravatar.com\\\/avatar\\\/394a2085c47c7acdcf41f7d270b7cbb52513d6f4f24c1cb6dfbbd61f98c0503d?s=96&d=mm&r=g\",\"url\":\"https:\\\/\\\/secure.gravatar.com\\\/avatar\\\/394a2085c47c7acdcf41f7d270b7cbb52513d6f4f24c1cb6dfbbd61f98c0503d?s=96&d=mm&r=g\",\"contentUrl\":\"https:\\\/\\\/secure.gravatar.com\\\/avatar\\\/394a2085c47c7acdcf41f7d270b7cbb52513d6f4f24c1cb6dfbbd61f98c0503d?s=96&d=mm&r=g\",\"caption\":\"Rauf Hac\u0131yev\"},\"sameAs\":[\"https:\\\/\\\/kokpit.az\"],\"url\":\"https:\\\/\\\/kokpit.az\\\/?author=2\"}]}<\/script>\n<!-- \/ Yoast SEO plugin. -->","yoast_head_json":{"title":"S.Peres: Tempimiz yox idi - X\u0259b\u0259ri Kokpitd\u0259 Oxuyun!","robots":{"index":"index","follow":"follow","max-snippet":"max-snippet:-1","max-image-preview":"max-image-preview:large","max-video-preview":"max-video-preview:-1"},"canonical":"https:\/\/kokpit.az\/?p=4825","og_locale":"az_AZ","og_type":"article","og_title":"S.Peres: Tempimiz yox idi - X\u0259b\u0259ri Kokpitd\u0259 Oxuyun!","og_description":"Red Bull komandas\u0131n\u0131n s\u00fcr\u00fcc\u00fcs\u00fc Serxio Peres Avstraliyada podiumsuz qald\u0131\u011f\u0131 \u00fc\u00e7\u00fcn m\u0259yusdur.","og_url":"https:\/\/kokpit.az\/?p=4825","og_site_name":"X\u0259b\u0259ri Kokpitd\u0259 Oxuyun!","article_publisher":"https:\/\/www.facebook.com\/profile.php?id=61553756392357","article_published_time":"2024-03-26T13:35:16+00:00","og_image":[{"width":1600,"height":840,"url":"https:\/\/kokpit.az\/wp-content\/uploads\/2024\/03\/IMG_1673-e1711694431154.jpeg","type":"image\/jpeg"}],"author":"Rauf Hac\u0131yev","twitter_card":"summary_large_image","twitter_misc":{"Written by":"Rauf Hac\u0131yev","Est. reading time":"1 minute"},"schema":{"@context":"https:\/\/schema.org","@graph":[{"@type":"Article","@id":"https:\/\/kokpit.az\/?p=4825#article","isPartOf":{"@id":"https:\/\/kokpit.az\/?p=4825"},"author":{"name":"Rauf Hac\u0131yev","@id":"https:\/\/kokpit.az\/#\/schema\/person\/f4114e650bc2993d0650e4fb6933c581"},"headline":"S.Peres: Tempimiz yox idi","datePublished":"2024-03-26T13:35:16+00:00","mainEntityOfPage":{"@id":"https:\/\/kokpit.az\/?p=4825"},"wordCount":247,"commentCount":0,"publisher":{"@id":"https:\/\/kokpit.az\/#organization"},"image":{"@id":"https:\/\/kokpit.az\/?p=4825#primaryimage"},"thumbnailUrl":"https:\/\/kokpit.az\/wp-content\/uploads\/2024\/03\/IMG_1673-e1711694431154.jpeg","keywords":["Albert Park Circuit","Australian Grand Prix","Red Bull Racing","Sergio Perez"],"articleSection":["Avstraliya Qran Prisi","X\u0259b\u0259rl\u0259r"],"inLanguage":"az","potentialAction":[{"@type":"CommentAction","name":"Comment","target":["https:\/\/kokpit.az\/?p=4825#respond"]}]},{"@type":"WebPage","@id":"https:\/\/kokpit.az\/?p=4825","url":"https:\/\/kokpit.az\/?p=4825","name":"S.Peres: Tempimiz yox idi - X\u0259b\u0259ri Kokpitd\u0259 Oxuyun!","isPartOf":{"@id":"https:\/\/kokpit.az\/#website"},"primaryImageOfPage":{"@id":"https:\/\/kokpit.az\/?p=4825#primaryimage"},"image":{"@id":"https:\/\/kokpit.az\/?p=4825#primaryimage"},"thumbnailUrl":"https:\/\/kokpit.az\/wp-content\/uploads\/2024\/03\/IMG_1673-e1711694431154.jpeg","datePublished":"2024-03-26T13:35:16+00:00","breadcrumb":{"@id":"https:\/\/kokpit.az\/?p=4825#breadcrumb"},"inLanguage":"az","potentialAction":[{"@type":"ReadAction","target":["https:\/\/kokpit.az\/?p=4825"]}]},{"@type":"ImageObject","inLanguage":"az","@id":"https:\/\/kokpit.az\/?p=4825#primaryimage","url":"https:\/\/kokpit.az\/wp-content\/uploads\/2024\/03\/IMG_1673-e1711694431154.jpeg","contentUrl":"https:\/\/kokpit.az\/wp-content\/uploads\/2024\/03\/IMG_1673-e1711694431154.jpeg","width":1600,"height":840},{"@type":"BreadcrumbList","@id":"https:\/\/kokpit.az\/?p=4825#breadcrumb","itemListElement":[{"@type":"ListItem","position":1,"name":"Home","item":"https:\/\/kokpit.az\/"},{"@type":"ListItem","position":2,"name":"S.Peres: Tempimiz yox idi"}]},{"@type":"WebSite","@id":"https:\/\/kokpit.az\/#website","url":"https:\/\/kokpit.az\/","name":"X\u0259b\u0259ri Kokpitd\u0259 Oxuyun!","description":"","publisher":{"@id":"https:\/\/kokpit.az\/#organization"},"potentialAction":[{"@type":"SearchAction","target":{"@type":"EntryPoint","urlTemplate":"https:\/\/kokpit.az\/?s={search_term_string}"},"query-input":{"@type":"PropertyValueSpecification","valueRequired":true,"valueName":"search_term_string"}}],"inLanguage":"az"},{"@type":"Organization","@id":"https:\/\/kokpit.az\/#organization","name":"X\u0259b\u0259ri Kokpitd\u0259 Oxuyun!","url":"https:\/\/kokpit.az\/","logo":{"@type":"ImageObject","inLanguage":"az","@id":"https:\/\/kokpit.az\/#\/schema\/logo\/image\/","url":"https:\/\/kokpit.az\/wp-content\/uploads\/2023\/05\/kokpit.jpg","contentUrl":"https:\/\/kokpit.az\/wp-content\/uploads\/2023\/05\/kokpit.jpg","width":488,"height":245,"caption":"X\u0259b\u0259ri Kokpitd\u0259 Oxuyun!"},"image":{"@id":"https:\/\/kokpit.az\/#\/schema\/logo\/image\/"},"sameAs":["https:\/\/www.facebook.com\/profile.php?id=61553756392357"]},{"@type":"Person","@id":"https:\/\/kokpit.az\/#\/schema\/person\/f4114e650bc2993d0650e4fb6933c581","name":"Rauf Hac\u0131yev","image":{"@type":"ImageObject","inLanguage":"az","@id":"https:\/\/secure.gravatar.com\/avatar\/394a2085c47c7acdcf41f7d270b7cbb52513d6f4f24c1cb6dfbbd61f98c0503d?s=96&d=mm&r=g","url":"https:\/\/secure.gravatar.com\/avatar\/394a2085c47c7acdcf41f7d270b7cbb52513d6f4f24c1cb6dfbbd61f98c0503d?s=96&d=mm&r=g","contentUrl":"https:\/\/secure.gravatar.com\/avatar\/394a2085c47c7acdcf41f7d270b7cbb52513d6f4f24c1cb6dfbbd61f98c0503d?s=96&d=mm&r=g","caption":"Rauf Hac\u0131yev"},"sameAs":["https:\/\/kokpit.az"],"url":"https:\/\/kokpit.az\/?author=2"}]}},"_links":{"self":[{"href":"https:\/\/kokpit.az\/index.php?rest_route=\/wp\/v2\/posts\/4825","targetHints":{"allow":["GET"]}}],"collection":[{"href":"https:\/\/kokpit.az\/index.php?rest_route=\/wp\/v2\/posts"}],"about":[{"href":"https:\/\/kokpit.az\/index.php?rest_route=\/wp\/v2\/types\/post"}],"author":[{"embeddable":true,"href":"https:\/\/kokpit.az\/index.php?rest_route=\/wp\/v2\/users\/2"}],"replies":[{"embeddable":true,"href":"https:\/\/kokpit.az\/index.php?rest_route=%2Fwp%2Fv2%2Fcomments&post=4825"}],"version-history":[{"count":1,"href":"https:\/\/kokpit.az\/index.php?rest_route=\/wp\/v2\/posts\/4825\/revisions"}],"predecessor-version":[{"id":4826,"href":"https:\/\/kokpit.az\/index.php?rest_route=\/wp\/v2\/posts\/4825\/revisions\/4826"}],"wp:featuredmedia":[{"embeddable":true,"href":"https:\/\/kokpit.az\/index.php?rest_route=\/wp\/v2\/media\/4827"}],"wp:attachment":[{"href":"https:\/\/kokpit.az\/index.php?rest_route=%2Fwp%2Fv2%2Fmedia&parent=4825"}],"wp:term":[{"taxonomy":"category","embeddable":true,"href":"https:\/\/kokpit.az\/index.php?rest_route=%2Fwp%2Fv2%2Fcategories&post=4825"},{"taxonomy":"post_tag","embeddable":true,"href":"https:\/\/kokpit.az\/index.php?rest_route=%2Fwp%2Fv2%2Ftags&post=4825"}],"curies":[{"name":"wp","href":"https:\/\/api.w.org\/{rel}","templated":true}]}}