{"id":4819,"date":"2024-03-26T10:45:30","date_gmt":"2024-03-26T06:45:30","guid":{"rendered":"https:\/\/kokpit.az\/?p=4819"},"modified":"2024-03-26T13:46:28","modified_gmt":"2024-03-26T09:46:28","slug":"s-lekler-sayns-layiq-idi","status":"publish","type":"post","link":"https:\/\/kokpit.az\/?p=4819","title":{"rendered":"\u015e.Lekler: Sayns layiq idi"},"content":{"rendered":"<p>Kokpit.az xat\u0131rlad\u0131r ki, Maks Ferstappen yar\u0131\u015fa pouldan ba\u015flasa da, ikinci d\u00f6vr\u0259d\u0259 \u0259yl\u0259c problemi ya\u015fayaraq, m\u00fcbariz\u0259ni dayand\u0131r\u0131b. Bundan sonra Karlos Sayns yar\u0131\u015f\u0131 rahatl\u0131qla qazan\u0131b, \u015earl Lekler is\u0259 ikinci yeri tutaraq, Ferrari-y\u0259 2022-ci ild\u0259n sonra ilk q\u0259l\u0259b\u0259 dublunu g\u0259tirib. Monakolu s\u00fcr\u00fcc\u00fc yar\u0131\u015f\u0131n son d\u00f6vr\u0259l\u0259rind\u0259 s\u00fcr\u0259tli d\u00f6vr\u0259 vuraraq \u0259lav\u0259 1 xal da qazan\u0131b.<\/p>\n<p><span style=\"color: #ff0000;\"><strong>\u015earl Lekler<\/strong><\/span>: \u201cKomanda olaraq \u00f6z\u00fcm\u00fcz\u00fc yax\u015f\u0131 hiss edirik. Bunu bacarmaq inan\u0131lmazd\u0131r. Karlos \u0259m\u0259liyyatdan qay\u0131tdlqdan sonra \u0259la h\u0259ft\u0259sonu ke\u00e7irdi. M\u0259n is\u0259 ilk pitd\u0259n sonra Hard t\u0259k\u0259rl\u0259rl\u0259 \u00e7ox \u00e7\u0259tinlik \u00e7\u0259kdim. Son t\u0259k\u0259rl\u0259rimiz daha yax\u015f\u0131 i\u015fl\u0259di. Birinci v\u0259 ikinci yer bizim \u00fc\u00e7\u00fcn \u0259n yax\u015f\u0131 n\u0259tic\u0259 idi.<\/p>\n<p>\u0130lk t\u0259k\u0259rl\u0259rd\u0259 arxa t\u0259r\u0259fi qorumal\u0131 idik. Buna g\u00f6r\u0259 pit\u0259 tez g\u0259ldik. Ondan sonra Karlos s\u00fcr\u0259tli idi v\u0259 m\u0259n bu t\u0259k\u0259rl\u0259rd\u0259 \u00e7\u0259tinlik \u00e7\u0259kirdim. M\u0259nc\u0259, ilk pitd\u0259n sonra h\u0259r \u015fey m\u0259lum oldu.<\/p>\n<p>Karlos b\u00fct\u00fcn h\u0259ft\u0259sonu \u0259rzind\u0259 daha yax\u015f\u0131 i\u015fl\u0259di. Q\u0259l\u0259b\u0259y\u0259 q\u0259tilikl\u0259 layiq idi. Ona v\u0259 komandaya g\u00f6r\u0259 \u00e7ox sevincliy\u0259m. \u018fla xal qazand\u0131q. Bundan yax\u015f\u0131s\u0131n\u0131 bacara bilm\u0259zdik\u201d.<\/p>\n<p>Qeyd ed\u0259k ki, Lekler bu ikinclikd\u0259n sonra S\u00fcr\u00fcc\u00fcl\u0259r \u00c7empionat\u0131nda Serxio Peresi qabaqlayaraq, ikinci yer\u0259 y\u00fcks\u0259lib.<\/p>\n","protected":false},"excerpt":{"rendered":"<p>Ferrari komandas\u0131n\u0131n s\u00fcr\u00fcc\u00fcs\u00fc \u015earl Lekler bildirib ki, Karlos Sayns q\u0259l\u0259b\u0259y\u0259 layiq olub.<\/p>\n","protected":false},"author":2,"featured_media":4821,"comment_status":"open","ping_status":"open","sticky":false,"template":"","format":"standard","meta":{"footnotes":""},"categories":[193,2],"tags":[153,96,64,53],"class_list":["post-4819","post","type-post","status-publish","format-standard","has-post-thumbnail","hentry","category-avstraliya-qran-prisi","category-news","tag-albert-park-circuit","tag-australian-grand-prix","tag-charles-leclerc","tag-scuderia-ferrari"],"yoast_head":"<!-- This site is optimized with the Yoast SEO plugin v27.5 - https:\/\/yoast.com\/product\/yoast-seo-wordpress\/ -->\n<title>\u015e.Lekler: Sayns layiq idi - X\u0259b\u0259ri Kokpitd\u0259 Oxuyun!<\/title>\n<meta name=\"robots\" content=\"index, follow, max-snippet:-1, max-image-preview:large, max-video-preview:-1\" \/>\n<link rel=\"canonical\" href=\"https:\/\/kokpit.az\/?p=4819\" \/>\n<meta property=\"og:locale\" content=\"az_AZ\" \/>\n<meta property=\"og:type\" content=\"article\" \/>\n<meta property=\"og:title\" content=\"\u015e.Lekler: Sayns layiq idi - X\u0259b\u0259ri Kokpitd\u0259 Oxuyun!\" \/>\n<meta property=\"og:description\" content=\"Ferrari komandas\u0131n\u0131n s\u00fcr\u00fcc\u00fcs\u00fc \u015earl Lekler bildirib ki, Karlos Sayns q\u0259l\u0259b\u0259y\u0259 layiq olub.\" \/>\n<meta property=\"og:url\" content=\"https:\/\/kokpit.az\/?p=4819\" \/>\n<meta property=\"og:site_name\" content=\"X\u0259b\u0259ri Kokpitd\u0259 Oxuyun!\" \/>\n<meta property=\"article:publisher\" content=\"https:\/\/www.facebook.com\/profile.php?id=61553756392357\" \/>\n<meta property=\"article:published_time\" content=\"2024-03-26T06:45:30+00:00\" \/>\n<meta property=\"article:modified_time\" content=\"2024-03-26T09:46:28+00:00\" \/>\n<meta property=\"og:image\" content=\"https:\/\/kokpit.az\/wp-content\/uploads\/2024\/03\/IMG_1662-e1711694521716.jpeg\" \/>\n\t<meta property=\"og:image:width\" content=\"1600\" \/>\n\t<meta property=\"og:image:height\" content=\"840\" \/>\n\t<meta property=\"og:image:type\" content=\"image\/jpeg\" \/>\n<meta name=\"author\" content=\"Rauf Hac\u0131yev\" \/>\n<meta name=\"twitter:card\" content=\"summary_large_image\" \/>\n<meta name=\"twitter:label1\" content=\"Written by\" \/>\n\t<meta name=\"twitter:data1\" content=\"Rauf Hac\u0131yev\" \/>\n\t<meta name=\"twitter:label2\" content=\"Est. reading time\" \/>\n\t<meta name=\"twitter:data2\" content=\"1 minute\" \/>\n<script type=\"application\/ld+json\" class=\"yoast-schema-graph\">{\"@context\":\"https:\\\/\\\/schema.org\",\"@graph\":[{\"@type\":\"Article\",\"@id\":\"https:\\\/\\\/kokpit.az\\\/?p=4819#article\",\"isPartOf\":{\"@id\":\"https:\\\/\\\/kokpit.az\\\/?p=4819\"},\"author\":{\"name\":\"Rauf Hac\u0131yev\",\"@id\":\"https:\\\/\\\/kokpit.az\\\/#\\\/schema\\\/person\\\/f4114e650bc2993d0650e4fb6933c581\"},\"headline\":\"\u015e.Lekler: Sayns layiq idi\",\"datePublished\":\"2024-03-26T06:45:30+00:00\",\"dateModified\":\"2024-03-26T09:46:28+00:00\",\"mainEntityOfPage\":{\"@id\":\"https:\\\/\\\/kokpit.az\\\/?p=4819\"},\"wordCount\":256,\"commentCount\":0,\"publisher\":{\"@id\":\"https:\\\/\\\/kokpit.az\\\/#organization\"},\"image\":{\"@id\":\"https:\\\/\\\/kokpit.az\\\/?p=4819#primaryimage\"},\"thumbnailUrl\":\"https:\\\/\\\/kokpit.az\\\/wp-content\\\/uploads\\\/2024\\\/03\\\/IMG_1662-e1711694521716.jpeg\",\"keywords\":[\"Albert Park Circuit\",\"Australian Grand Prix\",\"Charles Leclerc\",\"Scuderia Ferrari\"],\"articleSection\":[\"Avstraliya Qran Prisi\",\"X\u0259b\u0259rl\u0259r\"],\"inLanguage\":\"az\",\"potentialAction\":[{\"@type\":\"CommentAction\",\"name\":\"Comment\",\"target\":[\"https:\\\/\\\/kokpit.az\\\/?p=4819#respond\"]}]},{\"@type\":\"WebPage\",\"@id\":\"https:\\\/\\\/kokpit.az\\\/?p=4819\",\"url\":\"https:\\\/\\\/kokpit.az\\\/?p=4819\",\"name\":\"\u015e.Lekler: Sayns layiq idi - X\u0259b\u0259ri Kokpitd\u0259 Oxuyun!\",\"isPartOf\":{\"@id\":\"https:\\\/\\\/kokpit.az\\\/#website\"},\"primaryImageOfPage\":{\"@id\":\"https:\\\/\\\/kokpit.az\\\/?p=4819#primaryimage\"},\"image\":{\"@id\":\"https:\\\/\\\/kokpit.az\\\/?p=4819#primaryimage\"},\"thumbnailUrl\":\"https:\\\/\\\/kokpit.az\\\/wp-content\\\/uploads\\\/2024\\\/03\\\/IMG_1662-e1711694521716.jpeg\",\"datePublished\":\"2024-03-26T06:45:30+00:00\",\"dateModified\":\"2024-03-26T09:46:28+00:00\",\"breadcrumb\":{\"@id\":\"https:\\\/\\\/kokpit.az\\\/?p=4819#breadcrumb\"},\"inLanguage\":\"az\",\"potentialAction\":[{\"@type\":\"ReadAction\",\"target\":[\"https:\\\/\\\/kokpit.az\\\/?p=4819\"]}]},{\"@type\":\"ImageObject\",\"inLanguage\":\"az\",\"@id\":\"https:\\\/\\\/kokpit.az\\\/?p=4819#primaryimage\",\"url\":\"https:\\\/\\\/kokpit.az\\\/wp-content\\\/uploads\\\/2024\\\/03\\\/IMG_1662-e1711694521716.jpeg\",\"contentUrl\":\"https:\\\/\\\/kokpit.az\\\/wp-content\\\/uploads\\\/2024\\\/03\\\/IMG_1662-e1711694521716.jpeg\",\"width\":1600,\"height\":840},{\"@type\":\"BreadcrumbList\",\"@id\":\"https:\\\/\\\/kokpit.az\\\/?p=4819#breadcrumb\",\"itemListElement\":[{\"@type\":\"ListItem\",\"position\":1,\"name\":\"Home\",\"item\":\"https:\\\/\\\/kokpit.az\\\/\"},{\"@type\":\"ListItem\",\"position\":2,\"name\":\"\u015e.Lekler: Sayns layiq idi\"}]},{\"@type\":\"WebSite\",\"@id\":\"https:\\\/\\\/kokpit.az\\\/#website\",\"url\":\"https:\\\/\\\/kokpit.az\\\/\",\"name\":\"X\u0259b\u0259ri Kokpitd\u0259 Oxuyun!\",\"description\":\"\",\"publisher\":{\"@id\":\"https:\\\/\\\/kokpit.az\\\/#organization\"},\"potentialAction\":[{\"@type\":\"SearchAction\",\"target\":{\"@type\":\"EntryPoint\",\"urlTemplate\":\"https:\\\/\\\/kokpit.az\\\/?s={search_term_string}\"},\"query-input\":{\"@type\":\"PropertyValueSpecification\",\"valueRequired\":true,\"valueName\":\"search_term_string\"}}],\"inLanguage\":\"az\"},{\"@type\":\"Organization\",\"@id\":\"https:\\\/\\\/kokpit.az\\\/#organization\",\"name\":\"X\u0259b\u0259ri Kokpitd\u0259 Oxuyun!\",\"url\":\"https:\\\/\\\/kokpit.az\\\/\",\"logo\":{\"@type\":\"ImageObject\",\"inLanguage\":\"az\",\"@id\":\"https:\\\/\\\/kokpit.az\\\/#\\\/schema\\\/logo\\\/image\\\/\",\"url\":\"https:\\\/\\\/kokpit.az\\\/wp-content\\\/uploads\\\/2023\\\/05\\\/kokpit.jpg\",\"contentUrl\":\"https:\\\/\\\/kokpit.az\\\/wp-content\\\/uploads\\\/2023\\\/05\\\/kokpit.jpg\",\"width\":488,\"height\":245,\"caption\":\"X\u0259b\u0259ri Kokpitd\u0259 Oxuyun!\"},\"image\":{\"@id\":\"https:\\\/\\\/kokpit.az\\\/#\\\/schema\\\/logo\\\/image\\\/\"},\"sameAs\":[\"https:\\\/\\\/www.facebook.com\\\/profile.php?id=61553756392357\"]},{\"@type\":\"Person\",\"@id\":\"https:\\\/\\\/kokpit.az\\\/#\\\/schema\\\/person\\\/f4114e650bc2993d0650e4fb6933c581\",\"name\":\"Rauf Hac\u0131yev\",\"image\":{\"@type\":\"ImageObject\",\"inLanguage\":\"az\",\"@id\":\"https:\\\/\\\/secure.gravatar.com\\\/avatar\\\/394a2085c47c7acdcf41f7d270b7cbb52513d6f4f24c1cb6dfbbd61f98c0503d?s=96&d=mm&r=g\",\"url\":\"https:\\\/\\\/secure.gravatar.com\\\/avatar\\\/394a2085c47c7acdcf41f7d270b7cbb52513d6f4f24c1cb6dfbbd61f98c0503d?s=96&d=mm&r=g\",\"contentUrl\":\"https:\\\/\\\/secure.gravatar.com\\\/avatar\\\/394a2085c47c7acdcf41f7d270b7cbb52513d6f4f24c1cb6dfbbd61f98c0503d?s=96&d=mm&r=g\",\"caption\":\"Rauf Hac\u0131yev\"},\"sameAs\":[\"https:\\\/\\\/kokpit.az\"],\"url\":\"https:\\\/\\\/kokpit.az\\\/?author=2\"}]}<\/script>\n<!-- \/ Yoast SEO plugin. -->","yoast_head_json":{"title":"\u015e.Lekler: Sayns layiq idi - X\u0259b\u0259ri Kokpitd\u0259 Oxuyun!","robots":{"index":"index","follow":"follow","max-snippet":"max-snippet:-1","max-image-preview":"max-image-preview:large","max-video-preview":"max-video-preview:-1"},"canonical":"https:\/\/kokpit.az\/?p=4819","og_locale":"az_AZ","og_type":"article","og_title":"\u015e.Lekler: Sayns layiq idi - X\u0259b\u0259ri Kokpitd\u0259 Oxuyun!","og_description":"Ferrari komandas\u0131n\u0131n s\u00fcr\u00fcc\u00fcs\u00fc \u015earl Lekler bildirib ki, Karlos Sayns q\u0259l\u0259b\u0259y\u0259 layiq olub.","og_url":"https:\/\/kokpit.az\/?p=4819","og_site_name":"X\u0259b\u0259ri Kokpitd\u0259 Oxuyun!","article_publisher":"https:\/\/www.facebook.com\/profile.php?id=61553756392357","article_published_time":"2024-03-26T06:45:30+00:00","article_modified_time":"2024-03-26T09:46:28+00:00","og_image":[{"width":1600,"height":840,"url":"https:\/\/kokpit.az\/wp-content\/uploads\/2024\/03\/IMG_1662-e1711694521716.jpeg","type":"image\/jpeg"}],"author":"Rauf Hac\u0131yev","twitter_card":"summary_large_image","twitter_misc":{"Written by":"Rauf Hac\u0131yev","Est. reading time":"1 minute"},"schema":{"@context":"https:\/\/schema.org","@graph":[{"@type":"Article","@id":"https:\/\/kokpit.az\/?p=4819#article","isPartOf":{"@id":"https:\/\/kokpit.az\/?p=4819"},"author":{"name":"Rauf Hac\u0131yev","@id":"https:\/\/kokpit.az\/#\/schema\/person\/f4114e650bc2993d0650e4fb6933c581"},"headline":"\u015e.Lekler: Sayns layiq idi","datePublished":"2024-03-26T06:45:30+00:00","dateModified":"2024-03-26T09:46:28+00:00","mainEntityOfPage":{"@id":"https:\/\/kokpit.az\/?p=4819"},"wordCount":256,"commentCount":0,"publisher":{"@id":"https:\/\/kokpit.az\/#organization"},"image":{"@id":"https:\/\/kokpit.az\/?p=4819#primaryimage"},"thumbnailUrl":"https:\/\/kokpit.az\/wp-content\/uploads\/2024\/03\/IMG_1662-e1711694521716.jpeg","keywords":["Albert Park Circuit","Australian Grand Prix","Charles Leclerc","Scuderia Ferrari"],"articleSection":["Avstraliya Qran Prisi","X\u0259b\u0259rl\u0259r"],"inLanguage":"az","potentialAction":[{"@type":"CommentAction","name":"Comment","target":["https:\/\/kokpit.az\/?p=4819#respond"]}]},{"@type":"WebPage","@id":"https:\/\/kokpit.az\/?p=4819","url":"https:\/\/kokpit.az\/?p=4819","name":"\u015e.Lekler: Sayns layiq idi - X\u0259b\u0259ri Kokpitd\u0259 Oxuyun!","isPartOf":{"@id":"https:\/\/kokpit.az\/#website"},"primaryImageOfPage":{"@id":"https:\/\/kokpit.az\/?p=4819#primaryimage"},"image":{"@id":"https:\/\/kokpit.az\/?p=4819#primaryimage"},"thumbnailUrl":"https:\/\/kokpit.az\/wp-content\/uploads\/2024\/03\/IMG_1662-e1711694521716.jpeg","datePublished":"2024-03-26T06:45:30+00:00","dateModified":"2024-03-26T09:46:28+00:00","breadcrumb":{"@id":"https:\/\/kokpit.az\/?p=4819#breadcrumb"},"inLanguage":"az","potentialAction":[{"@type":"ReadAction","target":["https:\/\/kokpit.az\/?p=4819"]}]},{"@type":"ImageObject","inLanguage":"az","@id":"https:\/\/kokpit.az\/?p=4819#primaryimage","url":"https:\/\/kokpit.az\/wp-content\/uploads\/2024\/03\/IMG_1662-e1711694521716.jpeg","contentUrl":"https:\/\/kokpit.az\/wp-content\/uploads\/2024\/03\/IMG_1662-e1711694521716.jpeg","width":1600,"height":840},{"@type":"BreadcrumbList","@id":"https:\/\/kokpit.az\/?p=4819#breadcrumb","itemListElement":[{"@type":"ListItem","position":1,"name":"Home","item":"https:\/\/kokpit.az\/"},{"@type":"ListItem","position":2,"name":"\u015e.Lekler: Sayns layiq idi"}]},{"@type":"WebSite","@id":"https:\/\/kokpit.az\/#website","url":"https:\/\/kokpit.az\/","name":"X\u0259b\u0259ri Kokpitd\u0259 Oxuyun!","description":"","publisher":{"@id":"https:\/\/kokpit.az\/#organization"},"potentialAction":[{"@type":"SearchAction","target":{"@type":"EntryPoint","urlTemplate":"https:\/\/kokpit.az\/?s={search_term_string}"},"query-input":{"@type":"PropertyValueSpecification","valueRequired":true,"valueName":"search_term_string"}}],"inLanguage":"az"},{"@type":"Organization","@id":"https:\/\/kokpit.az\/#organization","name":"X\u0259b\u0259ri Kokpitd\u0259 Oxuyun!","url":"https:\/\/kokpit.az\/","logo":{"@type":"ImageObject","inLanguage":"az","@id":"https:\/\/kokpit.az\/#\/schema\/logo\/image\/","url":"https:\/\/kokpit.az\/wp-content\/uploads\/2023\/05\/kokpit.jpg","contentUrl":"https:\/\/kokpit.az\/wp-content\/uploads\/2023\/05\/kokpit.jpg","width":488,"height":245,"caption":"X\u0259b\u0259ri Kokpitd\u0259 Oxuyun!"},"image":{"@id":"https:\/\/kokpit.az\/#\/schema\/logo\/image\/"},"sameAs":["https:\/\/www.facebook.com\/profile.php?id=61553756392357"]},{"@type":"Person","@id":"https:\/\/kokpit.az\/#\/schema\/person\/f4114e650bc2993d0650e4fb6933c581","name":"Rauf Hac\u0131yev","image":{"@type":"ImageObject","inLanguage":"az","@id":"https:\/\/secure.gravatar.com\/avatar\/394a2085c47c7acdcf41f7d270b7cbb52513d6f4f24c1cb6dfbbd61f98c0503d?s=96&d=mm&r=g","url":"https:\/\/secure.gravatar.com\/avatar\/394a2085c47c7acdcf41f7d270b7cbb52513d6f4f24c1cb6dfbbd61f98c0503d?s=96&d=mm&r=g","contentUrl":"https:\/\/secure.gravatar.com\/avatar\/394a2085c47c7acdcf41f7d270b7cbb52513d6f4f24c1cb6dfbbd61f98c0503d?s=96&d=mm&r=g","caption":"Rauf Hac\u0131yev"},"sameAs":["https:\/\/kokpit.az"],"url":"https:\/\/kokpit.az\/?author=2"}]}},"_links":{"self":[{"href":"https:\/\/kokpit.az\/index.php?rest_route=\/wp\/v2\/posts\/4819","targetHints":{"allow":["GET"]}}],"collection":[{"href":"https:\/\/kokpit.az\/index.php?rest_route=\/wp\/v2\/posts"}],"about":[{"href":"https:\/\/kokpit.az\/index.php?rest_route=\/wp\/v2\/types\/post"}],"author":[{"embeddable":true,"href":"https:\/\/kokpit.az\/index.php?rest_route=\/wp\/v2\/users\/2"}],"replies":[{"embeddable":true,"href":"https:\/\/kokpit.az\/index.php?rest_route=%2Fwp%2Fv2%2Fcomments&post=4819"}],"version-history":[{"count":1,"href":"https:\/\/kokpit.az\/index.php?rest_route=\/wp\/v2\/posts\/4819\/revisions"}],"predecessor-version":[{"id":4820,"href":"https:\/\/kokpit.az\/index.php?rest_route=\/wp\/v2\/posts\/4819\/revisions\/4820"}],"wp:featuredmedia":[{"embeddable":true,"href":"https:\/\/kokpit.az\/index.php?rest_route=\/wp\/v2\/media\/4821"}],"wp:attachment":[{"href":"https:\/\/kokpit.az\/index.php?rest_route=%2Fwp%2Fv2%2Fmedia&parent=4819"}],"wp:term":[{"taxonomy":"category","embeddable":true,"href":"https:\/\/kokpit.az\/index.php?rest_route=%2Fwp%2Fv2%2Fcategories&post=4819"},{"taxonomy":"post_tag","embeddable":true,"href":"https:\/\/kokpit.az\/index.php?rest_route=%2Fwp%2Fv2%2Ftags&post=4819"}],"curies":[{"name":"wp","href":"https:\/\/api.w.org\/{rel}","templated":true}]}}