{"id":4271,"date":"2024-02-14T15:01:05","date_gmt":"2024-02-14T11:01:05","guid":{"rendered":"https:\/\/kokpit.az\/?p=4271"},"modified":"2024-02-14T15:26:41","modified_gmt":"2024-02-14T11:26:41","slug":"mercedes-w15-t%c9%99qdim-edilib","status":"publish","type":"post","link":"https:\/\/kokpit.az\/?p=4271","title":{"rendered":"Mercedes W15 t\u0259qdim edilib"},"content":{"rendered":"<p>Kokpit.az xat\u0131rlad\u0131r ki, W15 t\u0259qdimatdan d\u0259rhal sonra trasa \u00e7\u0131xar\u0131lacaq. H\u0259m Corc Rassell, h\u0259m d\u0259 Lyuis H\u0259milton ya\u011f\u0131\u015fl\u0131 Silverstounda ma\u015f\u0131n\u0131 15 kilometr s\u00fcr\u0259c\u0259kl\u0259r. Tesrl\u0259rd\u0259n bir g\u00fcn \u0259vv\u0259l is\u0259 B\u0259hreynd\u0259 \u00e7\u0259kili\u015f g\u00fcn\u00fc t\u0259\u015fkil edil\u0259c\u0259k v\u0259 s\u00fcr\u00fcc\u00fcl\u0259r ma\u015f\u0131n\u0131 200 kilometr s\u00fcr\u0259c\u0259kl\u0259r.<\/p>\n<p><img loading=\"lazy\" decoding=\"async\" class=\"alignnone wp-image-4274 size-full\" src=\"https:\/\/kokpit.az\/wp-content\/uploads\/2024\/02\/IMG_0116.jpeg\" alt=\"\" width=\"1600\" height=\"900\" srcset=\"https:\/\/kokpit.az\/wp-content\/uploads\/2024\/02\/IMG_0116.jpeg 1600w, https:\/\/kokpit.az\/wp-content\/uploads\/2024\/02\/IMG_0116-300x169.jpeg 300w, https:\/\/kokpit.az\/wp-content\/uploads\/2024\/02\/IMG_0116-1024x576.jpeg 1024w, https:\/\/kokpit.az\/wp-content\/uploads\/2024\/02\/IMG_0116-768x432.jpeg 768w, https:\/\/kokpit.az\/wp-content\/uploads\/2024\/02\/IMG_0116-1536x864.jpeg 1536w, https:\/\/kokpit.az\/wp-content\/uploads\/2024\/02\/IMG_0116-270x152.jpeg 270w, https:\/\/kokpit.az\/wp-content\/uploads\/2024\/02\/IMG_0116-370x208.jpeg 370w, https:\/\/kokpit.az\/wp-content\/uploads\/2024\/02\/IMG_0116-570x321.jpeg 570w, https:\/\/kokpit.az\/wp-content\/uploads\/2024\/02\/IMG_0116-740x416.jpeg 740w\" sizes=\"auto, (max-width: 1600px) 100vw, 1600px\" \/><\/p>\n<p>Son iki m\u00f6vs\u00fcm Mercedes \u00fc\u00e7\u00fcn el\u0259 d\u0259 \u00fcr\u0259ka\u00e7an olmam\u0131\u015fd\u0131. Buna g\u00f6r\u0259 d\u0259 W15 bolidi Mercedes \u00fc\u00e7\u00fcn \u00e7ox vacibdir. Mercedes 2022-ci ild\u0259 dal\u011falanma problemin\u0259 v\u0259 zeropod konseptin\u0259 g\u00f6r\u0259 \u00e7empionluq m\u00fcbariz\u0259sind\u0259n uzaq qalm\u0131\u015fd\u0131. 2023-c\u00fc ild\u0259 is\u0259 komanda g\u00f6zl\u0259nil\u0259n inki\u015faf\u0131 g\u00f6st\u0259r\u0259 bilm\u0259mi\u015f v\u0259 q\u0259l\u0259b\u0259siz qalm\u0131\u015fd\u0131.<\/p>\n<p>Komanda ke\u00e7\u0259n il z\u0259if performans g\u00f6st\u0259r\u0259nd\u0259n sonra texniki hey\u0259td\u0259 yenilikl\u0259r edibl\u0259r. Ceym \u018fllison texniki direktorlu\u011fa geri qay\u0131d\u0131b v\u0259 Mayk Elliottu \u0259v\u0259z edib.<\/p>\n<p><img loading=\"lazy\" decoding=\"async\" class=\"alignnone wp-image-4275 size-full\" src=\"https:\/\/kokpit.az\/wp-content\/uploads\/2024\/02\/85c30525-56be-4b09-8534-a472f7673641.jpeg\" alt=\"\" width=\"1280\" height=\"1600\" srcset=\"https:\/\/kokpit.az\/wp-content\/uploads\/2024\/02\/85c30525-56be-4b09-8534-a472f7673641.jpeg 1280w, https:\/\/kokpit.az\/wp-content\/uploads\/2024\/02\/85c30525-56be-4b09-8534-a472f7673641-240x300.jpeg 240w, https:\/\/kokpit.az\/wp-content\/uploads\/2024\/02\/85c30525-56be-4b09-8534-a472f7673641-819x1024.jpeg 819w, https:\/\/kokpit.az\/wp-content\/uploads\/2024\/02\/85c30525-56be-4b09-8534-a472f7673641-768x960.jpeg 768w, https:\/\/kokpit.az\/wp-content\/uploads\/2024\/02\/85c30525-56be-4b09-8534-a472f7673641-1229x1536.jpeg 1229w, https:\/\/kokpit.az\/wp-content\/uploads\/2024\/02\/85c30525-56be-4b09-8534-a472f7673641-270x338.jpeg 270w, https:\/\/kokpit.az\/wp-content\/uploads\/2024\/02\/85c30525-56be-4b09-8534-a472f7673641-370x463.jpeg 370w, https:\/\/kokpit.az\/wp-content\/uploads\/2024\/02\/85c30525-56be-4b09-8534-a472f7673641-570x713.jpeg 570w, https:\/\/kokpit.az\/wp-content\/uploads\/2024\/02\/85c30525-56be-4b09-8534-a472f7673641-740x925.jpeg 740w\" sizes=\"auto, (max-width: 1280px) 100vw, 1280px\" \/><\/p>\n<p>\u018fllison 2023-c\u00fc il \u0259rzind\u0259 bu ilin ma\u015f\u0131n\u0131na fokuslanm\u0131\u015fd\u0131. Y\u0259ni ki W15 ilk Ceyms \u018fllisonun d\u00fcz\u0259ltdiyi ilk altl\u0131q effektli ma\u015f\u0131nd\u0131r. Bu, Lyuis H\u0259miltonun b\u0259lk\u0259 d\u0259 s\u00fcrd\u00fcy\u00fc son Mercedes bolidi olacaq.<\/p>\n<p>Bolid ke\u00e7\u0259nilki kimi qara r\u0259ng \u00fcst\u00fcn olsa da, Mercedes \u0259n\u0259n\u0259vi g\u00fcm\u00fc\u015f\u00fc r\u0259ngin\u0259 qay\u0131d\u0131b.<\/p>\n","protected":false},"excerpt":{"rendered":"<p>Mercedes komandas\u0131 2024-c\u00fc il ma\u015f\u0131n\u0131 W15-i bu g\u00fcn r\u0259sm\u0259n t\u0259qdim edib.<\/p>\n","protected":false},"author":2,"featured_media":4273,"comment_status":"open","ping_status":"open","sticky":false,"template":"","format":"standard","meta":{"footnotes":""},"categories":[4,2],"tags":[52,356],"class_list":["post-4271","post","type-post","status-publish","format-standard","has-post-thumbnail","hentry","category-manshet","category-news","tag-mercedes-amg-petronas-f1-team","tag-mercedes-w15"],"yoast_head":"<!-- This site is optimized with the Yoast SEO plugin v27.5 - https:\/\/yoast.com\/product\/yoast-seo-wordpress\/ -->\n<title>Mercedes W15 t\u0259qdim edilib - X\u0259b\u0259ri Kokpitd\u0259 Oxuyun!<\/title>\n<meta name=\"robots\" content=\"index, follow, max-snippet:-1, max-image-preview:large, max-video-preview:-1\" \/>\n<link rel=\"canonical\" href=\"https:\/\/kokpit.az\/?p=4271\" \/>\n<meta property=\"og:locale\" content=\"az_AZ\" \/>\n<meta property=\"og:type\" content=\"article\" \/>\n<meta property=\"og:title\" content=\"Mercedes W15 t\u0259qdim edilib - X\u0259b\u0259ri Kokpitd\u0259 Oxuyun!\" \/>\n<meta property=\"og:description\" content=\"Mercedes komandas\u0131 2024-c\u00fc il ma\u015f\u0131n\u0131 W15-i bu g\u00fcn r\u0259sm\u0259n t\u0259qdim edib.\" \/>\n<meta property=\"og:url\" content=\"https:\/\/kokpit.az\/?p=4271\" \/>\n<meta property=\"og:site_name\" content=\"X\u0259b\u0259ri Kokpitd\u0259 Oxuyun!\" \/>\n<meta property=\"article:publisher\" content=\"https:\/\/www.facebook.com\/profile.php?id=61553756392357\" \/>\n<meta property=\"article:published_time\" content=\"2024-02-14T11:01:05+00:00\" \/>\n<meta property=\"article:modified_time\" content=\"2024-02-14T11:26:41+00:00\" \/>\n<meta property=\"og:image\" content=\"https:\/\/kokpit.az\/wp-content\/uploads\/2024\/02\/IMG_0115.jpeg\" \/>\n\t<meta property=\"og:image:width\" content=\"1600\" \/>\n\t<meta property=\"og:image:height\" content=\"900\" \/>\n\t<meta property=\"og:image:type\" content=\"image\/jpeg\" \/>\n<meta name=\"author\" content=\"Rauf Hac\u0131yev\" \/>\n<meta name=\"twitter:card\" content=\"summary_large_image\" \/>\n<meta name=\"twitter:label1\" content=\"Written by\" \/>\n\t<meta name=\"twitter:data1\" content=\"Rauf Hac\u0131yev\" \/>\n\t<meta name=\"twitter:label2\" content=\"Est. reading time\" \/>\n\t<meta name=\"twitter:data2\" content=\"1 minute\" \/>\n<script type=\"application\/ld+json\" class=\"yoast-schema-graph\">{\"@context\":\"https:\\\/\\\/schema.org\",\"@graph\":[{\"@type\":\"Article\",\"@id\":\"https:\\\/\\\/kokpit.az\\\/?p=4271#article\",\"isPartOf\":{\"@id\":\"https:\\\/\\\/kokpit.az\\\/?p=4271\"},\"author\":{\"name\":\"Rauf Hac\u0131yev\",\"@id\":\"https:\\\/\\\/kokpit.az\\\/#\\\/schema\\\/person\\\/f4114e650bc2993d0650e4fb6933c581\"},\"headline\":\"Mercedes W15 t\u0259qdim edilib\",\"datePublished\":\"2024-02-14T11:01:05+00:00\",\"dateModified\":\"2024-02-14T11:26:41+00:00\",\"mainEntityOfPage\":{\"@id\":\"https:\\\/\\\/kokpit.az\\\/?p=4271\"},\"wordCount\":238,\"commentCount\":0,\"publisher\":{\"@id\":\"https:\\\/\\\/kokpit.az\\\/#organization\"},\"image\":{\"@id\":\"https:\\\/\\\/kokpit.az\\\/?p=4271#primaryimage\"},\"thumbnailUrl\":\"https:\\\/\\\/kokpit.az\\\/wp-content\\\/uploads\\\/2024\\\/02\\\/IMG_0115.jpeg\",\"keywords\":[\"Mercedes AMG Petronas F1 Team\",\"Mercedes W15\"],\"articleSection\":[\"Man\u015fet\",\"X\u0259b\u0259rl\u0259r\"],\"inLanguage\":\"az\",\"potentialAction\":[{\"@type\":\"CommentAction\",\"name\":\"Comment\",\"target\":[\"https:\\\/\\\/kokpit.az\\\/?p=4271#respond\"]}]},{\"@type\":\"WebPage\",\"@id\":\"https:\\\/\\\/kokpit.az\\\/?p=4271\",\"url\":\"https:\\\/\\\/kokpit.az\\\/?p=4271\",\"name\":\"Mercedes W15 t\u0259qdim edilib - X\u0259b\u0259ri Kokpitd\u0259 Oxuyun!\",\"isPartOf\":{\"@id\":\"https:\\\/\\\/kokpit.az\\\/#website\"},\"primaryImageOfPage\":{\"@id\":\"https:\\\/\\\/kokpit.az\\\/?p=4271#primaryimage\"},\"image\":{\"@id\":\"https:\\\/\\\/kokpit.az\\\/?p=4271#primaryimage\"},\"thumbnailUrl\":\"https:\\\/\\\/kokpit.az\\\/wp-content\\\/uploads\\\/2024\\\/02\\\/IMG_0115.jpeg\",\"datePublished\":\"2024-02-14T11:01:05+00:00\",\"dateModified\":\"2024-02-14T11:26:41+00:00\",\"breadcrumb\":{\"@id\":\"https:\\\/\\\/kokpit.az\\\/?p=4271#breadcrumb\"},\"inLanguage\":\"az\",\"potentialAction\":[{\"@type\":\"ReadAction\",\"target\":[\"https:\\\/\\\/kokpit.az\\\/?p=4271\"]}]},{\"@type\":\"ImageObject\",\"inLanguage\":\"az\",\"@id\":\"https:\\\/\\\/kokpit.az\\\/?p=4271#primaryimage\",\"url\":\"https:\\\/\\\/kokpit.az\\\/wp-content\\\/uploads\\\/2024\\\/02\\\/IMG_0115.jpeg\",\"contentUrl\":\"https:\\\/\\\/kokpit.az\\\/wp-content\\\/uploads\\\/2024\\\/02\\\/IMG_0115.jpeg\",\"width\":1600,\"height\":900},{\"@type\":\"BreadcrumbList\",\"@id\":\"https:\\\/\\\/kokpit.az\\\/?p=4271#breadcrumb\",\"itemListElement\":[{\"@type\":\"ListItem\",\"position\":1,\"name\":\"Home\",\"item\":\"https:\\\/\\\/kokpit.az\\\/\"},{\"@type\":\"ListItem\",\"position\":2,\"name\":\"Mercedes W15 t\u0259qdim edilib\"}]},{\"@type\":\"WebSite\",\"@id\":\"https:\\\/\\\/kokpit.az\\\/#website\",\"url\":\"https:\\\/\\\/kokpit.az\\\/\",\"name\":\"X\u0259b\u0259ri Kokpitd\u0259 Oxuyun!\",\"description\":\"\",\"publisher\":{\"@id\":\"https:\\\/\\\/kokpit.az\\\/#organization\"},\"potentialAction\":[{\"@type\":\"SearchAction\",\"target\":{\"@type\":\"EntryPoint\",\"urlTemplate\":\"https:\\\/\\\/kokpit.az\\\/?s={search_term_string}\"},\"query-input\":{\"@type\":\"PropertyValueSpecification\",\"valueRequired\":true,\"valueName\":\"search_term_string\"}}],\"inLanguage\":\"az\"},{\"@type\":\"Organization\",\"@id\":\"https:\\\/\\\/kokpit.az\\\/#organization\",\"name\":\"X\u0259b\u0259ri Kokpitd\u0259 Oxuyun!\",\"url\":\"https:\\\/\\\/kokpit.az\\\/\",\"logo\":{\"@type\":\"ImageObject\",\"inLanguage\":\"az\",\"@id\":\"https:\\\/\\\/kokpit.az\\\/#\\\/schema\\\/logo\\\/image\\\/\",\"url\":\"https:\\\/\\\/kokpit.az\\\/wp-content\\\/uploads\\\/2023\\\/05\\\/kokpit.jpg\",\"contentUrl\":\"https:\\\/\\\/kokpit.az\\\/wp-content\\\/uploads\\\/2023\\\/05\\\/kokpit.jpg\",\"width\":488,\"height\":245,\"caption\":\"X\u0259b\u0259ri Kokpitd\u0259 Oxuyun!\"},\"image\":{\"@id\":\"https:\\\/\\\/kokpit.az\\\/#\\\/schema\\\/logo\\\/image\\\/\"},\"sameAs\":[\"https:\\\/\\\/www.facebook.com\\\/profile.php?id=61553756392357\"]},{\"@type\":\"Person\",\"@id\":\"https:\\\/\\\/kokpit.az\\\/#\\\/schema\\\/person\\\/f4114e650bc2993d0650e4fb6933c581\",\"name\":\"Rauf Hac\u0131yev\",\"image\":{\"@type\":\"ImageObject\",\"inLanguage\":\"az\",\"@id\":\"https:\\\/\\\/secure.gravatar.com\\\/avatar\\\/394a2085c47c7acdcf41f7d270b7cbb52513d6f4f24c1cb6dfbbd61f98c0503d?s=96&d=mm&r=g\",\"url\":\"https:\\\/\\\/secure.gravatar.com\\\/avatar\\\/394a2085c47c7acdcf41f7d270b7cbb52513d6f4f24c1cb6dfbbd61f98c0503d?s=96&d=mm&r=g\",\"contentUrl\":\"https:\\\/\\\/secure.gravatar.com\\\/avatar\\\/394a2085c47c7acdcf41f7d270b7cbb52513d6f4f24c1cb6dfbbd61f98c0503d?s=96&d=mm&r=g\",\"caption\":\"Rauf Hac\u0131yev\"},\"sameAs\":[\"https:\\\/\\\/kokpit.az\"],\"url\":\"https:\\\/\\\/kokpit.az\\\/?author=2\"}]}<\/script>\n<!-- \/ Yoast SEO plugin. -->","yoast_head_json":{"title":"Mercedes W15 t\u0259qdim edilib - X\u0259b\u0259ri Kokpitd\u0259 Oxuyun!","robots":{"index":"index","follow":"follow","max-snippet":"max-snippet:-1","max-image-preview":"max-image-preview:large","max-video-preview":"max-video-preview:-1"},"canonical":"https:\/\/kokpit.az\/?p=4271","og_locale":"az_AZ","og_type":"article","og_title":"Mercedes W15 t\u0259qdim edilib - X\u0259b\u0259ri Kokpitd\u0259 Oxuyun!","og_description":"Mercedes komandas\u0131 2024-c\u00fc il ma\u015f\u0131n\u0131 W15-i bu g\u00fcn r\u0259sm\u0259n t\u0259qdim edib.","og_url":"https:\/\/kokpit.az\/?p=4271","og_site_name":"X\u0259b\u0259ri Kokpitd\u0259 Oxuyun!","article_publisher":"https:\/\/www.facebook.com\/profile.php?id=61553756392357","article_published_time":"2024-02-14T11:01:05+00:00","article_modified_time":"2024-02-14T11:26:41+00:00","og_image":[{"width":1600,"height":900,"url":"https:\/\/kokpit.az\/wp-content\/uploads\/2024\/02\/IMG_0115.jpeg","type":"image\/jpeg"}],"author":"Rauf Hac\u0131yev","twitter_card":"summary_large_image","twitter_misc":{"Written by":"Rauf Hac\u0131yev","Est. reading time":"1 minute"},"schema":{"@context":"https:\/\/schema.org","@graph":[{"@type":"Article","@id":"https:\/\/kokpit.az\/?p=4271#article","isPartOf":{"@id":"https:\/\/kokpit.az\/?p=4271"},"author":{"name":"Rauf Hac\u0131yev","@id":"https:\/\/kokpit.az\/#\/schema\/person\/f4114e650bc2993d0650e4fb6933c581"},"headline":"Mercedes W15 t\u0259qdim edilib","datePublished":"2024-02-14T11:01:05+00:00","dateModified":"2024-02-14T11:26:41+00:00","mainEntityOfPage":{"@id":"https:\/\/kokpit.az\/?p=4271"},"wordCount":238,"commentCount":0,"publisher":{"@id":"https:\/\/kokpit.az\/#organization"},"image":{"@id":"https:\/\/kokpit.az\/?p=4271#primaryimage"},"thumbnailUrl":"https:\/\/kokpit.az\/wp-content\/uploads\/2024\/02\/IMG_0115.jpeg","keywords":["Mercedes AMG Petronas F1 Team","Mercedes W15"],"articleSection":["Man\u015fet","X\u0259b\u0259rl\u0259r"],"inLanguage":"az","potentialAction":[{"@type":"CommentAction","name":"Comment","target":["https:\/\/kokpit.az\/?p=4271#respond"]}]},{"@type":"WebPage","@id":"https:\/\/kokpit.az\/?p=4271","url":"https:\/\/kokpit.az\/?p=4271","name":"Mercedes W15 t\u0259qdim edilib - X\u0259b\u0259ri Kokpitd\u0259 Oxuyun!","isPartOf":{"@id":"https:\/\/kokpit.az\/#website"},"primaryImageOfPage":{"@id":"https:\/\/kokpit.az\/?p=4271#primaryimage"},"image":{"@id":"https:\/\/kokpit.az\/?p=4271#primaryimage"},"thumbnailUrl":"https:\/\/kokpit.az\/wp-content\/uploads\/2024\/02\/IMG_0115.jpeg","datePublished":"2024-02-14T11:01:05+00:00","dateModified":"2024-02-14T11:26:41+00:00","breadcrumb":{"@id":"https:\/\/kokpit.az\/?p=4271#breadcrumb"},"inLanguage":"az","potentialAction":[{"@type":"ReadAction","target":["https:\/\/kokpit.az\/?p=4271"]}]},{"@type":"ImageObject","inLanguage":"az","@id":"https:\/\/kokpit.az\/?p=4271#primaryimage","url":"https:\/\/kokpit.az\/wp-content\/uploads\/2024\/02\/IMG_0115.jpeg","contentUrl":"https:\/\/kokpit.az\/wp-content\/uploads\/2024\/02\/IMG_0115.jpeg","width":1600,"height":900},{"@type":"BreadcrumbList","@id":"https:\/\/kokpit.az\/?p=4271#breadcrumb","itemListElement":[{"@type":"ListItem","position":1,"name":"Home","item":"https:\/\/kokpit.az\/"},{"@type":"ListItem","position":2,"name":"Mercedes W15 t\u0259qdim edilib"}]},{"@type":"WebSite","@id":"https:\/\/kokpit.az\/#website","url":"https:\/\/kokpit.az\/","name":"X\u0259b\u0259ri Kokpitd\u0259 Oxuyun!","description":"","publisher":{"@id":"https:\/\/kokpit.az\/#organization"},"potentialAction":[{"@type":"SearchAction","target":{"@type":"EntryPoint","urlTemplate":"https:\/\/kokpit.az\/?s={search_term_string}"},"query-input":{"@type":"PropertyValueSpecification","valueRequired":true,"valueName":"search_term_string"}}],"inLanguage":"az"},{"@type":"Organization","@id":"https:\/\/kokpit.az\/#organization","name":"X\u0259b\u0259ri Kokpitd\u0259 Oxuyun!","url":"https:\/\/kokpit.az\/","logo":{"@type":"ImageObject","inLanguage":"az","@id":"https:\/\/kokpit.az\/#\/schema\/logo\/image\/","url":"https:\/\/kokpit.az\/wp-content\/uploads\/2023\/05\/kokpit.jpg","contentUrl":"https:\/\/kokpit.az\/wp-content\/uploads\/2023\/05\/kokpit.jpg","width":488,"height":245,"caption":"X\u0259b\u0259ri Kokpitd\u0259 Oxuyun!"},"image":{"@id":"https:\/\/kokpit.az\/#\/schema\/logo\/image\/"},"sameAs":["https:\/\/www.facebook.com\/profile.php?id=61553756392357"]},{"@type":"Person","@id":"https:\/\/kokpit.az\/#\/schema\/person\/f4114e650bc2993d0650e4fb6933c581","name":"Rauf Hac\u0131yev","image":{"@type":"ImageObject","inLanguage":"az","@id":"https:\/\/secure.gravatar.com\/avatar\/394a2085c47c7acdcf41f7d270b7cbb52513d6f4f24c1cb6dfbbd61f98c0503d?s=96&d=mm&r=g","url":"https:\/\/secure.gravatar.com\/avatar\/394a2085c47c7acdcf41f7d270b7cbb52513d6f4f24c1cb6dfbbd61f98c0503d?s=96&d=mm&r=g","contentUrl":"https:\/\/secure.gravatar.com\/avatar\/394a2085c47c7acdcf41f7d270b7cbb52513d6f4f24c1cb6dfbbd61f98c0503d?s=96&d=mm&r=g","caption":"Rauf Hac\u0131yev"},"sameAs":["https:\/\/kokpit.az"],"url":"https:\/\/kokpit.az\/?author=2"}]}},"_links":{"self":[{"href":"https:\/\/kokpit.az\/index.php?rest_route=\/wp\/v2\/posts\/4271","targetHints":{"allow":["GET"]}}],"collection":[{"href":"https:\/\/kokpit.az\/index.php?rest_route=\/wp\/v2\/posts"}],"about":[{"href":"https:\/\/kokpit.az\/index.php?rest_route=\/wp\/v2\/types\/post"}],"author":[{"embeddable":true,"href":"https:\/\/kokpit.az\/index.php?rest_route=\/wp\/v2\/users\/2"}],"replies":[{"embeddable":true,"href":"https:\/\/kokpit.az\/index.php?rest_route=%2Fwp%2Fv2%2Fcomments&post=4271"}],"version-history":[{"count":2,"href":"https:\/\/kokpit.az\/index.php?rest_route=\/wp\/v2\/posts\/4271\/revisions"}],"predecessor-version":[{"id":4276,"href":"https:\/\/kokpit.az\/index.php?rest_route=\/wp\/v2\/posts\/4271\/revisions\/4276"}],"wp:featuredmedia":[{"embeddable":true,"href":"https:\/\/kokpit.az\/index.php?rest_route=\/wp\/v2\/media\/4273"}],"wp:attachment":[{"href":"https:\/\/kokpit.az\/index.php?rest_route=%2Fwp%2Fv2%2Fmedia&parent=4271"}],"wp:term":[{"taxonomy":"category","embeddable":true,"href":"https:\/\/kokpit.az\/index.php?rest_route=%2Fwp%2Fv2%2Fcategories&post=4271"},{"taxonomy":"post_tag","embeddable":true,"href":"https:\/\/kokpit.az\/index.php?rest_route=%2Fwp%2Fv2%2Ftags&post=4271"}],"curies":[{"name":"wp","href":"https:\/\/api.w.org\/{rel}","templated":true}]}}