{"id":4041,"date":"2024-01-28T20:46:28","date_gmt":"2024-01-28T16:46:28","guid":{"rendered":"https:\/\/kokpit.az\/?p=4041"},"modified":"2024-01-28T20:50:10","modified_gmt":"2024-01-28T16:50:10","slug":"ferrari-saynsla-muqaviy%c9%99-yaxindir","status":"publish","type":"post","link":"https:\/\/kokpit.az\/?p=4041","title":{"rendered":"Ferrari Saynsla m\u00fcqavil\u0259y\u0259 yax\u0131nd\u0131r"},"content":{"rendered":"<p>Kokpit.az xat\u0131rlad\u0131r ki, Lekler ke\u00e7diyimiz g\u00fcnl\u0259rd\u0259 Ferrari il\u0259 \u00fc\u00e7\u00fcnc\u00fc d\u0259f\u0259 m\u00fcqavil\u0259 ba\u011flam\u0131\u015fd\u0131.<\/p>\n<p>Frederik Vassy\u00f6rl\u0259 \u015earl Leklerin aralar\u0131 yax\u015f\u0131 oldu\u011fu \u00fc\u00e7\u00fcn t\u0259r\u0259fl\u0259r tez raz\u0131la\u015fd\u0131lar v\u0259 ba\u015fqa alternativl\u0259r\u0259 baxmad\u0131lar. M\u00fcqavil\u0259nin detallar\u0131 h\u0259l\u0259 bilinm\u0259s\u0259 d\u0259, Leklerin 2027-ci ilin sonuna q\u0259d\u0259r Ferrari-d\u0259 qalaca\u011f\u0131 g\u00fcman edilir.<\/p>\n<p>Maranello m\u0259rk\u0259zli komanda bel\u0259likl\u0259 bir s\u00fcr\u00fcc\u00fcs\u00fcn\u00fc raz\u0131l\u0131\u011fa g\u0259tir\u0259 bilib. B\u00f6y\u00fck ehtimalla n\u00f6vb\u0259ti g\u00fcnl\u0259rd\u0259 Karlos Saynsla da yeni m\u00fcqavil\u0259 ba\u011flanacaq. Lakin m\u00fcqavil\u0259nin n\u0259 q\u0259d\u0259r olaca\u011f\u0131 m\u00fc\u0259yy\u0259n deyil. \u201cQ\u0131rm\u0131z\u0131lar\u201d \u00fc\u00e7\u00fcn \u0259sas olan Leklerin m\u00fcqavil\u0259si idi v\u0259 t\u0259r\u0259fl\u0259r art\u0131q raz\u0131l\u0131\u011fa g\u0259libl\u0259r. N\u00f6vb\u0259 is\u0259 Karlos Saynsdad\u0131r.<\/p>\n","protected":false},"excerpt":{"rendered":"<p>Ferrari komandas\u0131 s\u00fcr\u00fcc\u00fcs\u00fc \u015earl Leklerl\u0259 \u00e7oxillik m\u00fcqavil\u0259 imzalay\u0131b. \u0130ndi is\u0259 Karlos Saynsla ikiillik yeni m\u00fcqavil\u0259 imzalanmas\u0131 g\u00f6zl\u0259nilir.<\/p>\n","protected":false},"author":2,"featured_media":3255,"comment_status":"open","ping_status":"open","sticky":false,"template":"","format":"standard","meta":{"footnotes":""},"categories":[2],"tags":[65,53],"class_list":["post-4041","post","type-post","status-publish","format-standard","has-post-thumbnail","hentry","category-news","tag-carlos-sainz-jr","tag-scuderia-ferrari"],"yoast_head":"<!-- This site is optimized with the Yoast SEO plugin v27.5 - https:\/\/yoast.com\/product\/yoast-seo-wordpress\/ -->\n<title>Ferrari Saynsla m\u00fcqavil\u0259y\u0259 yax\u0131nd\u0131r - X\u0259b\u0259ri Kokpitd\u0259 Oxuyun!<\/title>\n<meta name=\"robots\" content=\"index, follow, max-snippet:-1, max-image-preview:large, max-video-preview:-1\" \/>\n<link rel=\"canonical\" href=\"https:\/\/kokpit.az\/?p=4041\" \/>\n<meta property=\"og:locale\" content=\"az_AZ\" \/>\n<meta property=\"og:type\" content=\"article\" \/>\n<meta property=\"og:title\" content=\"Ferrari Saynsla m\u00fcqavil\u0259y\u0259 yax\u0131nd\u0131r - X\u0259b\u0259ri Kokpitd\u0259 Oxuyun!\" \/>\n<meta property=\"og:description\" content=\"Ferrari komandas\u0131 s\u00fcr\u00fcc\u00fcs\u00fc \u015earl Leklerl\u0259 \u00e7oxillik m\u00fcqavil\u0259 imzalay\u0131b. \u0130ndi is\u0259 Karlos Saynsla ikiillik yeni m\u00fcqavil\u0259 imzalanmas\u0131 g\u00f6zl\u0259nilir.\" \/>\n<meta property=\"og:url\" content=\"https:\/\/kokpit.az\/?p=4041\" \/>\n<meta property=\"og:site_name\" content=\"X\u0259b\u0259ri Kokpitd\u0259 Oxuyun!\" \/>\n<meta property=\"article:publisher\" content=\"https:\/\/www.facebook.com\/profile.php?id=61553756392357\" \/>\n<meta property=\"article:published_time\" content=\"2024-01-28T16:46:28+00:00\" \/>\n<meta property=\"article:modified_time\" content=\"2024-01-28T16:50:10+00:00\" \/>\n<meta property=\"og:image\" content=\"https:\/\/kokpit.az\/wp-content\/uploads\/2023\/12\/carlos-sainz-ferrari-abu-dhabi-practice-f1-2023.jpg\" \/>\n\t<meta property=\"og:image:width\" content=\"1600\" \/>\n\t<meta property=\"og:image:height\" content=\"900\" \/>\n\t<meta property=\"og:image:type\" content=\"image\/jpeg\" \/>\n<meta name=\"author\" content=\"Rauf Hac\u0131yev\" \/>\n<meta name=\"twitter:card\" content=\"summary_large_image\" \/>\n<meta name=\"twitter:label1\" content=\"Written by\" \/>\n\t<meta name=\"twitter:data1\" content=\"Rauf Hac\u0131yev\" \/>\n\t<meta name=\"twitter:label2\" content=\"Est. reading time\" \/>\n\t<meta name=\"twitter:data2\" content=\"1 minute\" \/>\n<script type=\"application\/ld+json\" class=\"yoast-schema-graph\">{\"@context\":\"https:\\\/\\\/schema.org\",\"@graph\":[{\"@type\":\"Article\",\"@id\":\"https:\\\/\\\/kokpit.az\\\/?p=4041#article\",\"isPartOf\":{\"@id\":\"https:\\\/\\\/kokpit.az\\\/?p=4041\"},\"author\":{\"name\":\"Rauf Hac\u0131yev\",\"@id\":\"https:\\\/\\\/kokpit.az\\\/#\\\/schema\\\/person\\\/f4114e650bc2993d0650e4fb6933c581\"},\"headline\":\"Ferrari Saynsla m\u00fcqavil\u0259y\u0259 yax\u0131nd\u0131r\",\"datePublished\":\"2024-01-28T16:46:28+00:00\",\"dateModified\":\"2024-01-28T16:50:10+00:00\",\"mainEntityOfPage\":{\"@id\":\"https:\\\/\\\/kokpit.az\\\/?p=4041\"},\"wordCount\":158,\"commentCount\":0,\"publisher\":{\"@id\":\"https:\\\/\\\/kokpit.az\\\/#organization\"},\"image\":{\"@id\":\"https:\\\/\\\/kokpit.az\\\/?p=4041#primaryimage\"},\"thumbnailUrl\":\"https:\\\/\\\/kokpit.az\\\/wp-content\\\/uploads\\\/2023\\\/12\\\/carlos-sainz-ferrari-abu-dhabi-practice-f1-2023.jpg\",\"keywords\":[\"Carlos Sainz Jr.\",\"Scuderia Ferrari\"],\"articleSection\":[\"X\u0259b\u0259rl\u0259r\"],\"inLanguage\":\"az\",\"potentialAction\":[{\"@type\":\"CommentAction\",\"name\":\"Comment\",\"target\":[\"https:\\\/\\\/kokpit.az\\\/?p=4041#respond\"]}]},{\"@type\":\"WebPage\",\"@id\":\"https:\\\/\\\/kokpit.az\\\/?p=4041\",\"url\":\"https:\\\/\\\/kokpit.az\\\/?p=4041\",\"name\":\"Ferrari Saynsla m\u00fcqavil\u0259y\u0259 yax\u0131nd\u0131r - X\u0259b\u0259ri Kokpitd\u0259 Oxuyun!\",\"isPartOf\":{\"@id\":\"https:\\\/\\\/kokpit.az\\\/#website\"},\"primaryImageOfPage\":{\"@id\":\"https:\\\/\\\/kokpit.az\\\/?p=4041#primaryimage\"},\"image\":{\"@id\":\"https:\\\/\\\/kokpit.az\\\/?p=4041#primaryimage\"},\"thumbnailUrl\":\"https:\\\/\\\/kokpit.az\\\/wp-content\\\/uploads\\\/2023\\\/12\\\/carlos-sainz-ferrari-abu-dhabi-practice-f1-2023.jpg\",\"datePublished\":\"2024-01-28T16:46:28+00:00\",\"dateModified\":\"2024-01-28T16:50:10+00:00\",\"breadcrumb\":{\"@id\":\"https:\\\/\\\/kokpit.az\\\/?p=4041#breadcrumb\"},\"inLanguage\":\"az\",\"potentialAction\":[{\"@type\":\"ReadAction\",\"target\":[\"https:\\\/\\\/kokpit.az\\\/?p=4041\"]}]},{\"@type\":\"ImageObject\",\"inLanguage\":\"az\",\"@id\":\"https:\\\/\\\/kokpit.az\\\/?p=4041#primaryimage\",\"url\":\"https:\\\/\\\/kokpit.az\\\/wp-content\\\/uploads\\\/2023\\\/12\\\/carlos-sainz-ferrari-abu-dhabi-practice-f1-2023.jpg\",\"contentUrl\":\"https:\\\/\\\/kokpit.az\\\/wp-content\\\/uploads\\\/2023\\\/12\\\/carlos-sainz-ferrari-abu-dhabi-practice-f1-2023.jpg\",\"width\":1600,\"height\":900},{\"@type\":\"BreadcrumbList\",\"@id\":\"https:\\\/\\\/kokpit.az\\\/?p=4041#breadcrumb\",\"itemListElement\":[{\"@type\":\"ListItem\",\"position\":1,\"name\":\"Home\",\"item\":\"https:\\\/\\\/kokpit.az\\\/\"},{\"@type\":\"ListItem\",\"position\":2,\"name\":\"Ferrari Saynsla m\u00fcqavil\u0259y\u0259 yax\u0131nd\u0131r\"}]},{\"@type\":\"WebSite\",\"@id\":\"https:\\\/\\\/kokpit.az\\\/#website\",\"url\":\"https:\\\/\\\/kokpit.az\\\/\",\"name\":\"X\u0259b\u0259ri Kokpitd\u0259 Oxuyun!\",\"description\":\"\",\"publisher\":{\"@id\":\"https:\\\/\\\/kokpit.az\\\/#organization\"},\"potentialAction\":[{\"@type\":\"SearchAction\",\"target\":{\"@type\":\"EntryPoint\",\"urlTemplate\":\"https:\\\/\\\/kokpit.az\\\/?s={search_term_string}\"},\"query-input\":{\"@type\":\"PropertyValueSpecification\",\"valueRequired\":true,\"valueName\":\"search_term_string\"}}],\"inLanguage\":\"az\"},{\"@type\":\"Organization\",\"@id\":\"https:\\\/\\\/kokpit.az\\\/#organization\",\"name\":\"X\u0259b\u0259ri Kokpitd\u0259 Oxuyun!\",\"url\":\"https:\\\/\\\/kokpit.az\\\/\",\"logo\":{\"@type\":\"ImageObject\",\"inLanguage\":\"az\",\"@id\":\"https:\\\/\\\/kokpit.az\\\/#\\\/schema\\\/logo\\\/image\\\/\",\"url\":\"https:\\\/\\\/kokpit.az\\\/wp-content\\\/uploads\\\/2023\\\/05\\\/kokpit.jpg\",\"contentUrl\":\"https:\\\/\\\/kokpit.az\\\/wp-content\\\/uploads\\\/2023\\\/05\\\/kokpit.jpg\",\"width\":488,\"height\":245,\"caption\":\"X\u0259b\u0259ri Kokpitd\u0259 Oxuyun!\"},\"image\":{\"@id\":\"https:\\\/\\\/kokpit.az\\\/#\\\/schema\\\/logo\\\/image\\\/\"},\"sameAs\":[\"https:\\\/\\\/www.facebook.com\\\/profile.php?id=61553756392357\"]},{\"@type\":\"Person\",\"@id\":\"https:\\\/\\\/kokpit.az\\\/#\\\/schema\\\/person\\\/f4114e650bc2993d0650e4fb6933c581\",\"name\":\"Rauf Hac\u0131yev\",\"image\":{\"@type\":\"ImageObject\",\"inLanguage\":\"az\",\"@id\":\"https:\\\/\\\/secure.gravatar.com\\\/avatar\\\/394a2085c47c7acdcf41f7d270b7cbb52513d6f4f24c1cb6dfbbd61f98c0503d?s=96&d=mm&r=g\",\"url\":\"https:\\\/\\\/secure.gravatar.com\\\/avatar\\\/394a2085c47c7acdcf41f7d270b7cbb52513d6f4f24c1cb6dfbbd61f98c0503d?s=96&d=mm&r=g\",\"contentUrl\":\"https:\\\/\\\/secure.gravatar.com\\\/avatar\\\/394a2085c47c7acdcf41f7d270b7cbb52513d6f4f24c1cb6dfbbd61f98c0503d?s=96&d=mm&r=g\",\"caption\":\"Rauf Hac\u0131yev\"},\"sameAs\":[\"https:\\\/\\\/kokpit.az\"],\"url\":\"https:\\\/\\\/kokpit.az\\\/?author=2\"}]}<\/script>\n<!-- \/ Yoast SEO plugin. -->","yoast_head_json":{"title":"Ferrari Saynsla m\u00fcqavil\u0259y\u0259 yax\u0131nd\u0131r - X\u0259b\u0259ri Kokpitd\u0259 Oxuyun!","robots":{"index":"index","follow":"follow","max-snippet":"max-snippet:-1","max-image-preview":"max-image-preview:large","max-video-preview":"max-video-preview:-1"},"canonical":"https:\/\/kokpit.az\/?p=4041","og_locale":"az_AZ","og_type":"article","og_title":"Ferrari Saynsla m\u00fcqavil\u0259y\u0259 yax\u0131nd\u0131r - X\u0259b\u0259ri Kokpitd\u0259 Oxuyun!","og_description":"Ferrari komandas\u0131 s\u00fcr\u00fcc\u00fcs\u00fc \u015earl Leklerl\u0259 \u00e7oxillik m\u00fcqavil\u0259 imzalay\u0131b. \u0130ndi is\u0259 Karlos Saynsla ikiillik yeni m\u00fcqavil\u0259 imzalanmas\u0131 g\u00f6zl\u0259nilir.","og_url":"https:\/\/kokpit.az\/?p=4041","og_site_name":"X\u0259b\u0259ri Kokpitd\u0259 Oxuyun!","article_publisher":"https:\/\/www.facebook.com\/profile.php?id=61553756392357","article_published_time":"2024-01-28T16:46:28+00:00","article_modified_time":"2024-01-28T16:50:10+00:00","og_image":[{"width":1600,"height":900,"url":"https:\/\/kokpit.az\/wp-content\/uploads\/2023\/12\/carlos-sainz-ferrari-abu-dhabi-practice-f1-2023.jpg","type":"image\/jpeg"}],"author":"Rauf Hac\u0131yev","twitter_card":"summary_large_image","twitter_misc":{"Written by":"Rauf Hac\u0131yev","Est. reading time":"1 minute"},"schema":{"@context":"https:\/\/schema.org","@graph":[{"@type":"Article","@id":"https:\/\/kokpit.az\/?p=4041#article","isPartOf":{"@id":"https:\/\/kokpit.az\/?p=4041"},"author":{"name":"Rauf Hac\u0131yev","@id":"https:\/\/kokpit.az\/#\/schema\/person\/f4114e650bc2993d0650e4fb6933c581"},"headline":"Ferrari Saynsla m\u00fcqavil\u0259y\u0259 yax\u0131nd\u0131r","datePublished":"2024-01-28T16:46:28+00:00","dateModified":"2024-01-28T16:50:10+00:00","mainEntityOfPage":{"@id":"https:\/\/kokpit.az\/?p=4041"},"wordCount":158,"commentCount":0,"publisher":{"@id":"https:\/\/kokpit.az\/#organization"},"image":{"@id":"https:\/\/kokpit.az\/?p=4041#primaryimage"},"thumbnailUrl":"https:\/\/kokpit.az\/wp-content\/uploads\/2023\/12\/carlos-sainz-ferrari-abu-dhabi-practice-f1-2023.jpg","keywords":["Carlos Sainz Jr.","Scuderia Ferrari"],"articleSection":["X\u0259b\u0259rl\u0259r"],"inLanguage":"az","potentialAction":[{"@type":"CommentAction","name":"Comment","target":["https:\/\/kokpit.az\/?p=4041#respond"]}]},{"@type":"WebPage","@id":"https:\/\/kokpit.az\/?p=4041","url":"https:\/\/kokpit.az\/?p=4041","name":"Ferrari Saynsla m\u00fcqavil\u0259y\u0259 yax\u0131nd\u0131r - X\u0259b\u0259ri Kokpitd\u0259 Oxuyun!","isPartOf":{"@id":"https:\/\/kokpit.az\/#website"},"primaryImageOfPage":{"@id":"https:\/\/kokpit.az\/?p=4041#primaryimage"},"image":{"@id":"https:\/\/kokpit.az\/?p=4041#primaryimage"},"thumbnailUrl":"https:\/\/kokpit.az\/wp-content\/uploads\/2023\/12\/carlos-sainz-ferrari-abu-dhabi-practice-f1-2023.jpg","datePublished":"2024-01-28T16:46:28+00:00","dateModified":"2024-01-28T16:50:10+00:00","breadcrumb":{"@id":"https:\/\/kokpit.az\/?p=4041#breadcrumb"},"inLanguage":"az","potentialAction":[{"@type":"ReadAction","target":["https:\/\/kokpit.az\/?p=4041"]}]},{"@type":"ImageObject","inLanguage":"az","@id":"https:\/\/kokpit.az\/?p=4041#primaryimage","url":"https:\/\/kokpit.az\/wp-content\/uploads\/2023\/12\/carlos-sainz-ferrari-abu-dhabi-practice-f1-2023.jpg","contentUrl":"https:\/\/kokpit.az\/wp-content\/uploads\/2023\/12\/carlos-sainz-ferrari-abu-dhabi-practice-f1-2023.jpg","width":1600,"height":900},{"@type":"BreadcrumbList","@id":"https:\/\/kokpit.az\/?p=4041#breadcrumb","itemListElement":[{"@type":"ListItem","position":1,"name":"Home","item":"https:\/\/kokpit.az\/"},{"@type":"ListItem","position":2,"name":"Ferrari Saynsla m\u00fcqavil\u0259y\u0259 yax\u0131nd\u0131r"}]},{"@type":"WebSite","@id":"https:\/\/kokpit.az\/#website","url":"https:\/\/kokpit.az\/","name":"X\u0259b\u0259ri Kokpitd\u0259 Oxuyun!","description":"","publisher":{"@id":"https:\/\/kokpit.az\/#organization"},"potentialAction":[{"@type":"SearchAction","target":{"@type":"EntryPoint","urlTemplate":"https:\/\/kokpit.az\/?s={search_term_string}"},"query-input":{"@type":"PropertyValueSpecification","valueRequired":true,"valueName":"search_term_string"}}],"inLanguage":"az"},{"@type":"Organization","@id":"https:\/\/kokpit.az\/#organization","name":"X\u0259b\u0259ri Kokpitd\u0259 Oxuyun!","url":"https:\/\/kokpit.az\/","logo":{"@type":"ImageObject","inLanguage":"az","@id":"https:\/\/kokpit.az\/#\/schema\/logo\/image\/","url":"https:\/\/kokpit.az\/wp-content\/uploads\/2023\/05\/kokpit.jpg","contentUrl":"https:\/\/kokpit.az\/wp-content\/uploads\/2023\/05\/kokpit.jpg","width":488,"height":245,"caption":"X\u0259b\u0259ri Kokpitd\u0259 Oxuyun!"},"image":{"@id":"https:\/\/kokpit.az\/#\/schema\/logo\/image\/"},"sameAs":["https:\/\/www.facebook.com\/profile.php?id=61553756392357"]},{"@type":"Person","@id":"https:\/\/kokpit.az\/#\/schema\/person\/f4114e650bc2993d0650e4fb6933c581","name":"Rauf Hac\u0131yev","image":{"@type":"ImageObject","inLanguage":"az","@id":"https:\/\/secure.gravatar.com\/avatar\/394a2085c47c7acdcf41f7d270b7cbb52513d6f4f24c1cb6dfbbd61f98c0503d?s=96&d=mm&r=g","url":"https:\/\/secure.gravatar.com\/avatar\/394a2085c47c7acdcf41f7d270b7cbb52513d6f4f24c1cb6dfbbd61f98c0503d?s=96&d=mm&r=g","contentUrl":"https:\/\/secure.gravatar.com\/avatar\/394a2085c47c7acdcf41f7d270b7cbb52513d6f4f24c1cb6dfbbd61f98c0503d?s=96&d=mm&r=g","caption":"Rauf Hac\u0131yev"},"sameAs":["https:\/\/kokpit.az"],"url":"https:\/\/kokpit.az\/?author=2"}]}},"_links":{"self":[{"href":"https:\/\/kokpit.az\/index.php?rest_route=\/wp\/v2\/posts\/4041","targetHints":{"allow":["GET"]}}],"collection":[{"href":"https:\/\/kokpit.az\/index.php?rest_route=\/wp\/v2\/posts"}],"about":[{"href":"https:\/\/kokpit.az\/index.php?rest_route=\/wp\/v2\/types\/post"}],"author":[{"embeddable":true,"href":"https:\/\/kokpit.az\/index.php?rest_route=\/wp\/v2\/users\/2"}],"replies":[{"embeddable":true,"href":"https:\/\/kokpit.az\/index.php?rest_route=%2Fwp%2Fv2%2Fcomments&post=4041"}],"version-history":[{"count":2,"href":"https:\/\/kokpit.az\/index.php?rest_route=\/wp\/v2\/posts\/4041\/revisions"}],"predecessor-version":[{"id":4043,"href":"https:\/\/kokpit.az\/index.php?rest_route=\/wp\/v2\/posts\/4041\/revisions\/4043"}],"wp:featuredmedia":[{"embeddable":true,"href":"https:\/\/kokpit.az\/index.php?rest_route=\/wp\/v2\/media\/3255"}],"wp:attachment":[{"href":"https:\/\/kokpit.az\/index.php?rest_route=%2Fwp%2Fv2%2Fmedia&parent=4041"}],"wp:term":[{"taxonomy":"category","embeddable":true,"href":"https:\/\/kokpit.az\/index.php?rest_route=%2Fwp%2Fv2%2Fcategories&post=4041"},{"taxonomy":"post_tag","embeddable":true,"href":"https:\/\/kokpit.az\/index.php?rest_route=%2Fwp%2Fv2%2Ftags&post=4041"}],"curies":[{"name":"wp","href":"https:\/\/api.w.org\/{rel}","templated":true}]}}