{"id":3979,"date":"2024-01-22T19:11:52","date_gmt":"2024-01-22T15:11:52","guid":{"rendered":"https:\/\/kokpit.az\/?p=3979"},"modified":"2024-01-22T20:16:56","modified_gmt":"2024-01-22T16:16:56","slug":"k-saynsin-g%c9%99l%c9%99c%c9%99yi-t%c9%99hluk%c9%99d%c9%99dir","status":"publish","type":"post","link":"https:\/\/kokpit.az\/?p=3979","title":{"rendered":"K.Sayns\u0131n g\u0259l\u0259c\u0259yi t\u0259hl\u00fck\u0259d\u0259dir?"},"content":{"rendered":"<p>Kokpit.az xat\u0131rlad\u0131r ki, h\u0259m \u015earl\u0131n, h\u0259m d\u0259 Karlosun Ferrari il\u0259 olan m\u00fcqavil\u0259l\u0259ri ilin sonunda ba\u015fa \u00e7atacaq.<\/p>\n<p>\u0130talyanlar h\u0259r iki s\u00fcr\u00fcc\u00fc il\u0259 2023-c\u00fc ilin sonunda dan\u0131\u015f\u0131qlara ba\u015flay\u0131b. \u0130ddialara g\u00f6r\u0259 Ferrari \u015earlla \u00fc\u00e7, Karlosla ikiillik m\u00fcqavil\u0259 ba\u011flamaq ist\u0259yirdi. \u0130ndi is\u0259 h\u0259min resurs bildirir ki, Ferrari tezlikl\u0259 Leklerl\u0259 yeni m\u00fcqavil\u0259 ba\u011flayacaq. Yeni m\u00fcqavil\u0259d\u0259n sonra monakolu s\u00fcr\u00fcc\u00fc 2028-ci il\u0259 q\u0259d\u0259r \u201cq\u0131rm\u0131z\u0131lar\u201d\u0131n hey\u0259tind\u0259 qalacaq.<\/p>\n<p>Ancaq Karlos Sayns\u0131n v\u0259ziyy\u0259ti bir az q\u0259lizdir. \u0130taliya q\u0259zetini verdiyi x\u0259b\u0259r\u0259 g\u00f6r\u0259 Ferrari \u00e7oxillik m\u00fcqavil\u0259 ist\u0259y\u0259n ispaniyal\u0131 s\u00fcr\u00fcc\u00fcy\u0259 birillik m\u00fcqavil\u0259 t\u0259klif edib. Sayns is\u0259 h\u0259l\u0259 g\u00f6zl\u0259m\u0259 m\u00f6vqeyind\u0259dir v\u0259 dan\u0131\u015f\u0131qlar davam edir.<\/p>\n","protected":false},"excerpt":{"rendered":"<p>\u0130taliya m\u0259tbuat\u0131n\u0131n verdiyi x\u0259b\u0259r\u0259 g\u00f6r\u0259 Ferrari \u015earl Leklerl\u0259 \u00e7oxillik m\u00fcqavil\u0259 ba\u011flayacaq, amma Karlos Sayns\u0131n v\u0259ziyy\u0259ti qar\u0131\u015f\u0131qd\u0131r.<\/p>\n","protected":false},"author":2,"featured_media":3981,"comment_status":"open","ping_status":"open","sticky":false,"template":"","format":"standard","meta":{"footnotes":""},"categories":[2],"tags":[65,53],"class_list":["post-3979","post","type-post","status-publish","format-standard","has-post-thumbnail","hentry","category-news","tag-carlos-sainz-jr","tag-scuderia-ferrari"],"yoast_head":"<!-- This site is optimized with the Yoast SEO plugin v27.5 - https:\/\/yoast.com\/product\/yoast-seo-wordpress\/ -->\n<title>K.Sayns\u0131n g\u0259l\u0259c\u0259yi t\u0259hl\u00fck\u0259d\u0259dir? - X\u0259b\u0259ri Kokpitd\u0259 Oxuyun!<\/title>\n<meta name=\"robots\" content=\"index, follow, max-snippet:-1, max-image-preview:large, max-video-preview:-1\" \/>\n<link rel=\"canonical\" href=\"https:\/\/kokpit.az\/?p=3979\" \/>\n<meta property=\"og:locale\" content=\"az_AZ\" \/>\n<meta property=\"og:type\" content=\"article\" \/>\n<meta property=\"og:title\" content=\"K.Sayns\u0131n g\u0259l\u0259c\u0259yi t\u0259hl\u00fck\u0259d\u0259dir? - X\u0259b\u0259ri Kokpitd\u0259 Oxuyun!\" \/>\n<meta property=\"og:description\" content=\"\u0130taliya m\u0259tbuat\u0131n\u0131n verdiyi x\u0259b\u0259r\u0259 g\u00f6r\u0259 Ferrari \u015earl Leklerl\u0259 \u00e7oxillik m\u00fcqavil\u0259 ba\u011flayacaq, amma Karlos Sayns\u0131n v\u0259ziyy\u0259ti qar\u0131\u015f\u0131qd\u0131r.\" \/>\n<meta property=\"og:url\" content=\"https:\/\/kokpit.az\/?p=3979\" \/>\n<meta property=\"og:site_name\" content=\"X\u0259b\u0259ri Kokpitd\u0259 Oxuyun!\" \/>\n<meta property=\"article:publisher\" content=\"https:\/\/www.facebook.com\/profile.php?id=61553756392357\" \/>\n<meta property=\"article:published_time\" content=\"2024-01-22T15:11:52+00:00\" \/>\n<meta property=\"article:modified_time\" content=\"2024-01-22T16:16:56+00:00\" \/>\n<meta property=\"og:image\" content=\"https:\/\/kokpit.az\/wp-content\/uploads\/2024\/01\/IMG_9319.jpeg\" \/>\n\t<meta property=\"og:image:width\" content=\"1600\" \/>\n\t<meta property=\"og:image:height\" content=\"900\" \/>\n\t<meta property=\"og:image:type\" content=\"image\/jpeg\" \/>\n<meta name=\"author\" content=\"Rauf Hac\u0131yev\" \/>\n<meta name=\"twitter:card\" content=\"summary_large_image\" \/>\n<meta name=\"twitter:label1\" content=\"Written by\" \/>\n\t<meta name=\"twitter:data1\" content=\"Rauf Hac\u0131yev\" \/>\n\t<meta name=\"twitter:label2\" content=\"Est. reading time\" \/>\n\t<meta name=\"twitter:data2\" content=\"1 minute\" \/>\n<script type=\"application\/ld+json\" class=\"yoast-schema-graph\">{\"@context\":\"https:\\\/\\\/schema.org\",\"@graph\":[{\"@type\":\"Article\",\"@id\":\"https:\\\/\\\/kokpit.az\\\/?p=3979#article\",\"isPartOf\":{\"@id\":\"https:\\\/\\\/kokpit.az\\\/?p=3979\"},\"author\":{\"name\":\"Rauf Hac\u0131yev\",\"@id\":\"https:\\\/\\\/kokpit.az\\\/#\\\/schema\\\/person\\\/f4114e650bc2993d0650e4fb6933c581\"},\"headline\":\"K.Sayns\u0131n g\u0259l\u0259c\u0259yi t\u0259hl\u00fck\u0259d\u0259dir?\",\"datePublished\":\"2024-01-22T15:11:52+00:00\",\"dateModified\":\"2024-01-22T16:16:56+00:00\",\"mainEntityOfPage\":{\"@id\":\"https:\\\/\\\/kokpit.az\\\/?p=3979\"},\"wordCount\":158,\"commentCount\":0,\"publisher\":{\"@id\":\"https:\\\/\\\/kokpit.az\\\/#organization\"},\"image\":{\"@id\":\"https:\\\/\\\/kokpit.az\\\/?p=3979#primaryimage\"},\"thumbnailUrl\":\"https:\\\/\\\/kokpit.az\\\/wp-content\\\/uploads\\\/2024\\\/01\\\/IMG_9319.jpeg\",\"keywords\":[\"Carlos Sainz Jr.\",\"Scuderia Ferrari\"],\"articleSection\":[\"X\u0259b\u0259rl\u0259r\"],\"inLanguage\":\"az\",\"potentialAction\":[{\"@type\":\"CommentAction\",\"name\":\"Comment\",\"target\":[\"https:\\\/\\\/kokpit.az\\\/?p=3979#respond\"]}]},{\"@type\":\"WebPage\",\"@id\":\"https:\\\/\\\/kokpit.az\\\/?p=3979\",\"url\":\"https:\\\/\\\/kokpit.az\\\/?p=3979\",\"name\":\"K.Sayns\u0131n g\u0259l\u0259c\u0259yi t\u0259hl\u00fck\u0259d\u0259dir? - X\u0259b\u0259ri Kokpitd\u0259 Oxuyun!\",\"isPartOf\":{\"@id\":\"https:\\\/\\\/kokpit.az\\\/#website\"},\"primaryImageOfPage\":{\"@id\":\"https:\\\/\\\/kokpit.az\\\/?p=3979#primaryimage\"},\"image\":{\"@id\":\"https:\\\/\\\/kokpit.az\\\/?p=3979#primaryimage\"},\"thumbnailUrl\":\"https:\\\/\\\/kokpit.az\\\/wp-content\\\/uploads\\\/2024\\\/01\\\/IMG_9319.jpeg\",\"datePublished\":\"2024-01-22T15:11:52+00:00\",\"dateModified\":\"2024-01-22T16:16:56+00:00\",\"breadcrumb\":{\"@id\":\"https:\\\/\\\/kokpit.az\\\/?p=3979#breadcrumb\"},\"inLanguage\":\"az\",\"potentialAction\":[{\"@type\":\"ReadAction\",\"target\":[\"https:\\\/\\\/kokpit.az\\\/?p=3979\"]}]},{\"@type\":\"ImageObject\",\"inLanguage\":\"az\",\"@id\":\"https:\\\/\\\/kokpit.az\\\/?p=3979#primaryimage\",\"url\":\"https:\\\/\\\/kokpit.az\\\/wp-content\\\/uploads\\\/2024\\\/01\\\/IMG_9319.jpeg\",\"contentUrl\":\"https:\\\/\\\/kokpit.az\\\/wp-content\\\/uploads\\\/2024\\\/01\\\/IMG_9319.jpeg\",\"width\":1600,\"height\":900,\"caption\":\"2JDC14H Montreal, Canada. 19th June, 2022. #55 Carlos Sainz (ESP, Scuderia Ferrari), F1 Grand Prix of Canada at Circuit Gilles-Villeneuve on June 19, 2022 in Montreal, Canada. (Photo by HIGH TWO) Credit: dpa\\\/Alamy Live News\"},{\"@type\":\"BreadcrumbList\",\"@id\":\"https:\\\/\\\/kokpit.az\\\/?p=3979#breadcrumb\",\"itemListElement\":[{\"@type\":\"ListItem\",\"position\":1,\"name\":\"Home\",\"item\":\"https:\\\/\\\/kokpit.az\\\/\"},{\"@type\":\"ListItem\",\"position\":2,\"name\":\"K.Sayns\u0131n g\u0259l\u0259c\u0259yi t\u0259hl\u00fck\u0259d\u0259dir?\"}]},{\"@type\":\"WebSite\",\"@id\":\"https:\\\/\\\/kokpit.az\\\/#website\",\"url\":\"https:\\\/\\\/kokpit.az\\\/\",\"name\":\"X\u0259b\u0259ri Kokpitd\u0259 Oxuyun!\",\"description\":\"\",\"publisher\":{\"@id\":\"https:\\\/\\\/kokpit.az\\\/#organization\"},\"potentialAction\":[{\"@type\":\"SearchAction\",\"target\":{\"@type\":\"EntryPoint\",\"urlTemplate\":\"https:\\\/\\\/kokpit.az\\\/?s={search_term_string}\"},\"query-input\":{\"@type\":\"PropertyValueSpecification\",\"valueRequired\":true,\"valueName\":\"search_term_string\"}}],\"inLanguage\":\"az\"},{\"@type\":\"Organization\",\"@id\":\"https:\\\/\\\/kokpit.az\\\/#organization\",\"name\":\"X\u0259b\u0259ri Kokpitd\u0259 Oxuyun!\",\"url\":\"https:\\\/\\\/kokpit.az\\\/\",\"logo\":{\"@type\":\"ImageObject\",\"inLanguage\":\"az\",\"@id\":\"https:\\\/\\\/kokpit.az\\\/#\\\/schema\\\/logo\\\/image\\\/\",\"url\":\"https:\\\/\\\/kokpit.az\\\/wp-content\\\/uploads\\\/2023\\\/05\\\/kokpit.jpg\",\"contentUrl\":\"https:\\\/\\\/kokpit.az\\\/wp-content\\\/uploads\\\/2023\\\/05\\\/kokpit.jpg\",\"width\":488,\"height\":245,\"caption\":\"X\u0259b\u0259ri Kokpitd\u0259 Oxuyun!\"},\"image\":{\"@id\":\"https:\\\/\\\/kokpit.az\\\/#\\\/schema\\\/logo\\\/image\\\/\"},\"sameAs\":[\"https:\\\/\\\/www.facebook.com\\\/profile.php?id=61553756392357\"]},{\"@type\":\"Person\",\"@id\":\"https:\\\/\\\/kokpit.az\\\/#\\\/schema\\\/person\\\/f4114e650bc2993d0650e4fb6933c581\",\"name\":\"Rauf Hac\u0131yev\",\"image\":{\"@type\":\"ImageObject\",\"inLanguage\":\"az\",\"@id\":\"https:\\\/\\\/secure.gravatar.com\\\/avatar\\\/394a2085c47c7acdcf41f7d270b7cbb52513d6f4f24c1cb6dfbbd61f98c0503d?s=96&d=mm&r=g\",\"url\":\"https:\\\/\\\/secure.gravatar.com\\\/avatar\\\/394a2085c47c7acdcf41f7d270b7cbb52513d6f4f24c1cb6dfbbd61f98c0503d?s=96&d=mm&r=g\",\"contentUrl\":\"https:\\\/\\\/secure.gravatar.com\\\/avatar\\\/394a2085c47c7acdcf41f7d270b7cbb52513d6f4f24c1cb6dfbbd61f98c0503d?s=96&d=mm&r=g\",\"caption\":\"Rauf Hac\u0131yev\"},\"sameAs\":[\"https:\\\/\\\/kokpit.az\"],\"url\":\"https:\\\/\\\/kokpit.az\\\/?author=2\"}]}<\/script>\n<!-- \/ Yoast SEO plugin. -->","yoast_head_json":{"title":"K.Sayns\u0131n g\u0259l\u0259c\u0259yi t\u0259hl\u00fck\u0259d\u0259dir? - X\u0259b\u0259ri Kokpitd\u0259 Oxuyun!","robots":{"index":"index","follow":"follow","max-snippet":"max-snippet:-1","max-image-preview":"max-image-preview:large","max-video-preview":"max-video-preview:-1"},"canonical":"https:\/\/kokpit.az\/?p=3979","og_locale":"az_AZ","og_type":"article","og_title":"K.Sayns\u0131n g\u0259l\u0259c\u0259yi t\u0259hl\u00fck\u0259d\u0259dir? - X\u0259b\u0259ri Kokpitd\u0259 Oxuyun!","og_description":"\u0130taliya m\u0259tbuat\u0131n\u0131n verdiyi x\u0259b\u0259r\u0259 g\u00f6r\u0259 Ferrari \u015earl Leklerl\u0259 \u00e7oxillik m\u00fcqavil\u0259 ba\u011flayacaq, amma Karlos Sayns\u0131n v\u0259ziyy\u0259ti qar\u0131\u015f\u0131qd\u0131r.","og_url":"https:\/\/kokpit.az\/?p=3979","og_site_name":"X\u0259b\u0259ri Kokpitd\u0259 Oxuyun!","article_publisher":"https:\/\/www.facebook.com\/profile.php?id=61553756392357","article_published_time":"2024-01-22T15:11:52+00:00","article_modified_time":"2024-01-22T16:16:56+00:00","og_image":[{"width":1600,"height":900,"url":"https:\/\/kokpit.az\/wp-content\/uploads\/2024\/01\/IMG_9319.jpeg","type":"image\/jpeg"}],"author":"Rauf Hac\u0131yev","twitter_card":"summary_large_image","twitter_misc":{"Written by":"Rauf Hac\u0131yev","Est. reading time":"1 minute"},"schema":{"@context":"https:\/\/schema.org","@graph":[{"@type":"Article","@id":"https:\/\/kokpit.az\/?p=3979#article","isPartOf":{"@id":"https:\/\/kokpit.az\/?p=3979"},"author":{"name":"Rauf Hac\u0131yev","@id":"https:\/\/kokpit.az\/#\/schema\/person\/f4114e650bc2993d0650e4fb6933c581"},"headline":"K.Sayns\u0131n g\u0259l\u0259c\u0259yi t\u0259hl\u00fck\u0259d\u0259dir?","datePublished":"2024-01-22T15:11:52+00:00","dateModified":"2024-01-22T16:16:56+00:00","mainEntityOfPage":{"@id":"https:\/\/kokpit.az\/?p=3979"},"wordCount":158,"commentCount":0,"publisher":{"@id":"https:\/\/kokpit.az\/#organization"},"image":{"@id":"https:\/\/kokpit.az\/?p=3979#primaryimage"},"thumbnailUrl":"https:\/\/kokpit.az\/wp-content\/uploads\/2024\/01\/IMG_9319.jpeg","keywords":["Carlos Sainz Jr.","Scuderia Ferrari"],"articleSection":["X\u0259b\u0259rl\u0259r"],"inLanguage":"az","potentialAction":[{"@type":"CommentAction","name":"Comment","target":["https:\/\/kokpit.az\/?p=3979#respond"]}]},{"@type":"WebPage","@id":"https:\/\/kokpit.az\/?p=3979","url":"https:\/\/kokpit.az\/?p=3979","name":"K.Sayns\u0131n g\u0259l\u0259c\u0259yi t\u0259hl\u00fck\u0259d\u0259dir? - X\u0259b\u0259ri Kokpitd\u0259 Oxuyun!","isPartOf":{"@id":"https:\/\/kokpit.az\/#website"},"primaryImageOfPage":{"@id":"https:\/\/kokpit.az\/?p=3979#primaryimage"},"image":{"@id":"https:\/\/kokpit.az\/?p=3979#primaryimage"},"thumbnailUrl":"https:\/\/kokpit.az\/wp-content\/uploads\/2024\/01\/IMG_9319.jpeg","datePublished":"2024-01-22T15:11:52+00:00","dateModified":"2024-01-22T16:16:56+00:00","breadcrumb":{"@id":"https:\/\/kokpit.az\/?p=3979#breadcrumb"},"inLanguage":"az","potentialAction":[{"@type":"ReadAction","target":["https:\/\/kokpit.az\/?p=3979"]}]},{"@type":"ImageObject","inLanguage":"az","@id":"https:\/\/kokpit.az\/?p=3979#primaryimage","url":"https:\/\/kokpit.az\/wp-content\/uploads\/2024\/01\/IMG_9319.jpeg","contentUrl":"https:\/\/kokpit.az\/wp-content\/uploads\/2024\/01\/IMG_9319.jpeg","width":1600,"height":900,"caption":"2JDC14H Montreal, Canada. 19th June, 2022. #55 Carlos Sainz (ESP, Scuderia Ferrari), F1 Grand Prix of Canada at Circuit Gilles-Villeneuve on June 19, 2022 in Montreal, Canada. (Photo by HIGH TWO) Credit: dpa\/Alamy Live News"},{"@type":"BreadcrumbList","@id":"https:\/\/kokpit.az\/?p=3979#breadcrumb","itemListElement":[{"@type":"ListItem","position":1,"name":"Home","item":"https:\/\/kokpit.az\/"},{"@type":"ListItem","position":2,"name":"K.Sayns\u0131n g\u0259l\u0259c\u0259yi t\u0259hl\u00fck\u0259d\u0259dir?"}]},{"@type":"WebSite","@id":"https:\/\/kokpit.az\/#website","url":"https:\/\/kokpit.az\/","name":"X\u0259b\u0259ri Kokpitd\u0259 Oxuyun!","description":"","publisher":{"@id":"https:\/\/kokpit.az\/#organization"},"potentialAction":[{"@type":"SearchAction","target":{"@type":"EntryPoint","urlTemplate":"https:\/\/kokpit.az\/?s={search_term_string}"},"query-input":{"@type":"PropertyValueSpecification","valueRequired":true,"valueName":"search_term_string"}}],"inLanguage":"az"},{"@type":"Organization","@id":"https:\/\/kokpit.az\/#organization","name":"X\u0259b\u0259ri Kokpitd\u0259 Oxuyun!","url":"https:\/\/kokpit.az\/","logo":{"@type":"ImageObject","inLanguage":"az","@id":"https:\/\/kokpit.az\/#\/schema\/logo\/image\/","url":"https:\/\/kokpit.az\/wp-content\/uploads\/2023\/05\/kokpit.jpg","contentUrl":"https:\/\/kokpit.az\/wp-content\/uploads\/2023\/05\/kokpit.jpg","width":488,"height":245,"caption":"X\u0259b\u0259ri Kokpitd\u0259 Oxuyun!"},"image":{"@id":"https:\/\/kokpit.az\/#\/schema\/logo\/image\/"},"sameAs":["https:\/\/www.facebook.com\/profile.php?id=61553756392357"]},{"@type":"Person","@id":"https:\/\/kokpit.az\/#\/schema\/person\/f4114e650bc2993d0650e4fb6933c581","name":"Rauf Hac\u0131yev","image":{"@type":"ImageObject","inLanguage":"az","@id":"https:\/\/secure.gravatar.com\/avatar\/394a2085c47c7acdcf41f7d270b7cbb52513d6f4f24c1cb6dfbbd61f98c0503d?s=96&d=mm&r=g","url":"https:\/\/secure.gravatar.com\/avatar\/394a2085c47c7acdcf41f7d270b7cbb52513d6f4f24c1cb6dfbbd61f98c0503d?s=96&d=mm&r=g","contentUrl":"https:\/\/secure.gravatar.com\/avatar\/394a2085c47c7acdcf41f7d270b7cbb52513d6f4f24c1cb6dfbbd61f98c0503d?s=96&d=mm&r=g","caption":"Rauf Hac\u0131yev"},"sameAs":["https:\/\/kokpit.az"],"url":"https:\/\/kokpit.az\/?author=2"}]}},"_links":{"self":[{"href":"https:\/\/kokpit.az\/index.php?rest_route=\/wp\/v2\/posts\/3979","targetHints":{"allow":["GET"]}}],"collection":[{"href":"https:\/\/kokpit.az\/index.php?rest_route=\/wp\/v2\/posts"}],"about":[{"href":"https:\/\/kokpit.az\/index.php?rest_route=\/wp\/v2\/types\/post"}],"author":[{"embeddable":true,"href":"https:\/\/kokpit.az\/index.php?rest_route=\/wp\/v2\/users\/2"}],"replies":[{"embeddable":true,"href":"https:\/\/kokpit.az\/index.php?rest_route=%2Fwp%2Fv2%2Fcomments&post=3979"}],"version-history":[{"count":1,"href":"https:\/\/kokpit.az\/index.php?rest_route=\/wp\/v2\/posts\/3979\/revisions"}],"predecessor-version":[{"id":3980,"href":"https:\/\/kokpit.az\/index.php?rest_route=\/wp\/v2\/posts\/3979\/revisions\/3980"}],"wp:featuredmedia":[{"embeddable":true,"href":"https:\/\/kokpit.az\/index.php?rest_route=\/wp\/v2\/media\/3981"}],"wp:attachment":[{"href":"https:\/\/kokpit.az\/index.php?rest_route=%2Fwp%2Fv2%2Fmedia&parent=3979"}],"wp:term":[{"taxonomy":"category","embeddable":true,"href":"https:\/\/kokpit.az\/index.php?rest_route=%2Fwp%2Fv2%2Fcategories&post=3979"},{"taxonomy":"post_tag","embeddable":true,"href":"https:\/\/kokpit.az\/index.php?rest_route=%2Fwp%2Fv2%2Ftags&post=3979"}],"curies":[{"name":"wp","href":"https:\/\/api.w.org\/{rel}","templated":true}]}}