{"id":3317,"date":"2023-12-04T13:14:40","date_gmt":"2023-12-04T09:14:40","guid":{"rendered":"https:\/\/kokpit.az\/?p=3317"},"modified":"2023-12-04T15:51:54","modified_gmt":"2023-12-04T11:51:54","slug":"aston-martin-fettel%c9%99-minn%c9%99tdardir","status":"publish","type":"post","link":"https:\/\/kokpit.az\/?p=3317","title":{"rendered":"Aston Martin Fettel\u0259 minn\u0259tdard\u0131r"},"content":{"rendered":"<p>Kokpit.az xat\u0131rlad\u0131r ki, almaniyal\u0131 s\u00fcr\u00fcc\u00fc 2021-ci ilin \u0259vv\u0259lind\u0259 Aston Martin-\u0259 qat\u0131lm\u0131\u015f v\u0259 2022-ci ilin sonunda karyeras\u0131n\u0131 bitir\u0259r\u0259k, ayr\u0131lm\u0131\u015fd\u0131.<\/p>\n<p>Sebastyan Fettel komandadan ayr\u0131ld\u0131qdan sonra Aston Martin daha yax\u015f\u0131 performans g\u00f6st\u0259rm\u0259y\u0259 ba\u015flay\u0131b. Bu da o dem\u0259kdir ki, d\u00f6rdqat D\u00fcnya \u00c7empionu \u0259ziyy\u0259tinin b\u0259hr\u0259sini g\u00f6rm\u0259yib.<\/p>\n<p><strong>Tom Makkallof<\/strong>: \u201cSebastyan Fettel biz\u0259 yar\u0131\u015f v\u0259 \u00e7empionluqlar qazanm\u0131\u015f iki komandan\u0131n t\u0259cr\u00fcb\u0259si il\u0259 g\u0259ldi. U\u011furun a\u00e7ar\u0131 olan x\u0131rsal\u0131qlar\u0131 bilirdi. Biziml\u0259 diqq\u0259tl\u0259 v\u0259 \u00e7ox i\u015fl\u0259di.<\/p>\n<p>Tez-tez deyirik ki, ma\u015f\u0131ndak\u0131 \u0259n yax\u015f\u0131 sensor s\u00fcr\u00fcc\u00fcd\u00fcr. Bolidin inki\u015faf\u0131nda f\u0259rqli model ma\u015f\u0131nlardan, aerodinamik borudan v\u0259 CFD sistemind\u0259n istifad\u0259 edirik. Ancaq ma\u015f\u0131n\u0131n hans\u0131 d\u00f6ng\u0259l\u0259rd\u0259 nec\u0259 probleml\u0259r ya\u015fad\u0131\u011f\u0131n\u0131 ancaq o ma\u015f\u0131n\u0131 s\u00fcr\u0259n s\u00fcr\u00fcc\u00fc dey\u0259 bil\u0259r.<\/p>\n<p>Bu da m\u0259lumatlar\u0131 diqqtl\u0259 t\u0259hlil etm\u0259yimiz\u0259 v\u0259 inki\u015faf etm\u0259yimiz\u0259 k\u00f6m\u0259k edir. Heyif ki, biziml\u0259 yar\u0131\u015fd\u0131\u011f\u0131 iki m\u00f6vs\u00fcmd\u0259 ona yax\u015f\u0131 ma\u015f\u0131n ver\u0259 bilm\u0259dik, ancaq onun k\u00f6m\u0259kl\u0259ri il\u0259 ir\u0259liy\u0259 do\u011fru add\u0131mlar atd\u0131q.<\/p>\n<p>Bu inki\u015faf\u0131 dada bilm\u0259diyi \u00fc\u00e7\u00fcn \u00e7ox t\u0259\u0259ss\u00fcf ke\u00e7irir\u0259m. Formula1-d\u0259 bel\u0259 hallar olur. Bunu daha \u0259vv\u0259l d\u0259 g\u00f6rd\u00fcm. Rubens Barrikello 2010-2011-ci ill\u0259rd\u0259 Williams komandas\u0131nda yar\u0131\u015fanda \u0259lind\u0259m g\u0259l\u0259nin \u0259n yax\u015f\u0131s\u0131n\u0131 etmi\u015f v\u0259 bolidi yax\u015f\u0131la\u015fd\u0131rmaq \u00fc\u00e7\u00fcn n\u0259 laz\u0131m oldu\u011funu biz\u0259 demi\u015fdi. Bunu etdik v\u0259 2012-ci ild\u0259 \u0130spaniya yar\u0131\u015f\u0131n\u0131 qazand\u0131q. Lakin Rubens komandada yox idi v\u0259 i\u015finin b\u0259hr\u0259sini g\u00f6rm\u0259di\u201d.<\/p>\n","protected":false},"excerpt":{"rendered":"<p>Aston Martin komandas\u0131n\u0131n ba\u015f m\u00fch\u0259ndisi Tom MakKallof bildirib ki, haz\u0131rda qazand\u0131qlar\u0131 u\u011furlara g\u00f6r\u0259 Sebastyan Fettel\u0259 minn\u0259tdard\u0131rlar.<\/p>\n","protected":false},"author":2,"featured_media":3319,"comment_status":"open","ping_status":"open","sticky":false,"template":"","format":"standard","meta":{"footnotes":""},"categories":[2],"tags":[66,148],"class_list":["post-3317","post","type-post","status-publish","format-standard","has-post-thumbnail","hentry","category-news","tag-aston-martin-aramco-cognizant-formula-one-team","tag-sebastian-vettel"],"yoast_head":"<!-- This site is optimized with the Yoast SEO plugin v27.5 - https:\/\/yoast.com\/product\/yoast-seo-wordpress\/ -->\n<title>Aston Martin Fettel\u0259 minn\u0259tdard\u0131r - X\u0259b\u0259ri Kokpitd\u0259 Oxuyun!<\/title>\n<meta name=\"robots\" content=\"index, follow, max-snippet:-1, max-image-preview:large, max-video-preview:-1\" \/>\n<link rel=\"canonical\" href=\"https:\/\/kokpit.az\/?p=3317\" \/>\n<meta property=\"og:locale\" content=\"az_AZ\" \/>\n<meta property=\"og:type\" content=\"article\" \/>\n<meta property=\"og:title\" content=\"Aston Martin Fettel\u0259 minn\u0259tdard\u0131r - X\u0259b\u0259ri Kokpitd\u0259 Oxuyun!\" \/>\n<meta property=\"og:description\" content=\"Aston Martin komandas\u0131n\u0131n ba\u015f m\u00fch\u0259ndisi Tom MakKallof bildirib ki, haz\u0131rda qazand\u0131qlar\u0131 u\u011furlara g\u00f6r\u0259 Sebastyan Fettel\u0259 minn\u0259tdard\u0131rlar.\" \/>\n<meta property=\"og:url\" content=\"https:\/\/kokpit.az\/?p=3317\" \/>\n<meta property=\"og:site_name\" content=\"X\u0259b\u0259ri Kokpitd\u0259 Oxuyun!\" \/>\n<meta property=\"article:publisher\" content=\"https:\/\/www.facebook.com\/profile.php?id=61553756392357\" \/>\n<meta property=\"article:published_time\" content=\"2023-12-04T09:14:40+00:00\" \/>\n<meta property=\"article:modified_time\" content=\"2023-12-04T11:51:54+00:00\" \/>\n<meta property=\"og:image\" content=\"https:\/\/kokpit.az\/wp-content\/uploads\/2023\/12\/CCBA74D5-7861-4F9C-8B56-66359A870F33-e1701690688983.jpeg\" \/>\n\t<meta property=\"og:image:width\" content=\"1200\" \/>\n\t<meta property=\"og:image:height\" content=\"675\" \/>\n\t<meta property=\"og:image:type\" content=\"image\/jpeg\" \/>\n<meta name=\"author\" content=\"Rauf Hac\u0131yev\" \/>\n<meta name=\"twitter:card\" content=\"summary_large_image\" \/>\n<meta name=\"twitter:label1\" content=\"Written by\" \/>\n\t<meta name=\"twitter:data1\" content=\"Rauf Hac\u0131yev\" \/>\n\t<meta name=\"twitter:label2\" content=\"Est. reading time\" \/>\n\t<meta name=\"twitter:data2\" content=\"1 minute\" \/>\n<script type=\"application\/ld+json\" class=\"yoast-schema-graph\">{\"@context\":\"https:\\\/\\\/schema.org\",\"@graph\":[{\"@type\":\"Article\",\"@id\":\"https:\\\/\\\/kokpit.az\\\/?p=3317#article\",\"isPartOf\":{\"@id\":\"https:\\\/\\\/kokpit.az\\\/?p=3317\"},\"author\":{\"name\":\"Rauf Hac\u0131yev\",\"@id\":\"https:\\\/\\\/kokpit.az\\\/#\\\/schema\\\/person\\\/f4114e650bc2993d0650e4fb6933c581\"},\"headline\":\"Aston Martin Fettel\u0259 minn\u0259tdard\u0131r\",\"datePublished\":\"2023-12-04T09:14:40+00:00\",\"dateModified\":\"2023-12-04T11:51:54+00:00\",\"mainEntityOfPage\":{\"@id\":\"https:\\\/\\\/kokpit.az\\\/?p=3317\"},\"wordCount\":304,\"commentCount\":0,\"publisher\":{\"@id\":\"https:\\\/\\\/kokpit.az\\\/#organization\"},\"image\":{\"@id\":\"https:\\\/\\\/kokpit.az\\\/?p=3317#primaryimage\"},\"thumbnailUrl\":\"https:\\\/\\\/kokpit.az\\\/wp-content\\\/uploads\\\/2023\\\/12\\\/CCBA74D5-7861-4F9C-8B56-66359A870F33-e1701690688983.jpeg\",\"keywords\":[\"Aston Martin Aramco Cognizant Formula One Team\",\"Sebastian Vettel\"],\"articleSection\":[\"X\u0259b\u0259rl\u0259r\"],\"inLanguage\":\"az\",\"potentialAction\":[{\"@type\":\"CommentAction\",\"name\":\"Comment\",\"target\":[\"https:\\\/\\\/kokpit.az\\\/?p=3317#respond\"]}]},{\"@type\":\"WebPage\",\"@id\":\"https:\\\/\\\/kokpit.az\\\/?p=3317\",\"url\":\"https:\\\/\\\/kokpit.az\\\/?p=3317\",\"name\":\"Aston Martin Fettel\u0259 minn\u0259tdard\u0131r - X\u0259b\u0259ri Kokpitd\u0259 Oxuyun!\",\"isPartOf\":{\"@id\":\"https:\\\/\\\/kokpit.az\\\/#website\"},\"primaryImageOfPage\":{\"@id\":\"https:\\\/\\\/kokpit.az\\\/?p=3317#primaryimage\"},\"image\":{\"@id\":\"https:\\\/\\\/kokpit.az\\\/?p=3317#primaryimage\"},\"thumbnailUrl\":\"https:\\\/\\\/kokpit.az\\\/wp-content\\\/uploads\\\/2023\\\/12\\\/CCBA74D5-7861-4F9C-8B56-66359A870F33-e1701690688983.jpeg\",\"datePublished\":\"2023-12-04T09:14:40+00:00\",\"dateModified\":\"2023-12-04T11:51:54+00:00\",\"breadcrumb\":{\"@id\":\"https:\\\/\\\/kokpit.az\\\/?p=3317#breadcrumb\"},\"inLanguage\":\"az\",\"potentialAction\":[{\"@type\":\"ReadAction\",\"target\":[\"https:\\\/\\\/kokpit.az\\\/?p=3317\"]}]},{\"@type\":\"ImageObject\",\"inLanguage\":\"az\",\"@id\":\"https:\\\/\\\/kokpit.az\\\/?p=3317#primaryimage\",\"url\":\"https:\\\/\\\/kokpit.az\\\/wp-content\\\/uploads\\\/2023\\\/12\\\/CCBA74D5-7861-4F9C-8B56-66359A870F33-e1701690688983.jpeg\",\"contentUrl\":\"https:\\\/\\\/kokpit.az\\\/wp-content\\\/uploads\\\/2023\\\/12\\\/CCBA74D5-7861-4F9C-8B56-66359A870F33-e1701690688983.jpeg\",\"width\":1200,\"height\":675},{\"@type\":\"BreadcrumbList\",\"@id\":\"https:\\\/\\\/kokpit.az\\\/?p=3317#breadcrumb\",\"itemListElement\":[{\"@type\":\"ListItem\",\"position\":1,\"name\":\"Home\",\"item\":\"https:\\\/\\\/kokpit.az\\\/\"},{\"@type\":\"ListItem\",\"position\":2,\"name\":\"Aston Martin Fettel\u0259 minn\u0259tdard\u0131r\"}]},{\"@type\":\"WebSite\",\"@id\":\"https:\\\/\\\/kokpit.az\\\/#website\",\"url\":\"https:\\\/\\\/kokpit.az\\\/\",\"name\":\"X\u0259b\u0259ri Kokpitd\u0259 Oxuyun!\",\"description\":\"\",\"publisher\":{\"@id\":\"https:\\\/\\\/kokpit.az\\\/#organization\"},\"potentialAction\":[{\"@type\":\"SearchAction\",\"target\":{\"@type\":\"EntryPoint\",\"urlTemplate\":\"https:\\\/\\\/kokpit.az\\\/?s={search_term_string}\"},\"query-input\":{\"@type\":\"PropertyValueSpecification\",\"valueRequired\":true,\"valueName\":\"search_term_string\"}}],\"inLanguage\":\"az\"},{\"@type\":\"Organization\",\"@id\":\"https:\\\/\\\/kokpit.az\\\/#organization\",\"name\":\"X\u0259b\u0259ri Kokpitd\u0259 Oxuyun!\",\"url\":\"https:\\\/\\\/kokpit.az\\\/\",\"logo\":{\"@type\":\"ImageObject\",\"inLanguage\":\"az\",\"@id\":\"https:\\\/\\\/kokpit.az\\\/#\\\/schema\\\/logo\\\/image\\\/\",\"url\":\"https:\\\/\\\/kokpit.az\\\/wp-content\\\/uploads\\\/2023\\\/05\\\/kokpit.jpg\",\"contentUrl\":\"https:\\\/\\\/kokpit.az\\\/wp-content\\\/uploads\\\/2023\\\/05\\\/kokpit.jpg\",\"width\":488,\"height\":245,\"caption\":\"X\u0259b\u0259ri Kokpitd\u0259 Oxuyun!\"},\"image\":{\"@id\":\"https:\\\/\\\/kokpit.az\\\/#\\\/schema\\\/logo\\\/image\\\/\"},\"sameAs\":[\"https:\\\/\\\/www.facebook.com\\\/profile.php?id=61553756392357\"]},{\"@type\":\"Person\",\"@id\":\"https:\\\/\\\/kokpit.az\\\/#\\\/schema\\\/person\\\/f4114e650bc2993d0650e4fb6933c581\",\"name\":\"Rauf Hac\u0131yev\",\"image\":{\"@type\":\"ImageObject\",\"inLanguage\":\"az\",\"@id\":\"https:\\\/\\\/secure.gravatar.com\\\/avatar\\\/394a2085c47c7acdcf41f7d270b7cbb52513d6f4f24c1cb6dfbbd61f98c0503d?s=96&d=mm&r=g\",\"url\":\"https:\\\/\\\/secure.gravatar.com\\\/avatar\\\/394a2085c47c7acdcf41f7d270b7cbb52513d6f4f24c1cb6dfbbd61f98c0503d?s=96&d=mm&r=g\",\"contentUrl\":\"https:\\\/\\\/secure.gravatar.com\\\/avatar\\\/394a2085c47c7acdcf41f7d270b7cbb52513d6f4f24c1cb6dfbbd61f98c0503d?s=96&d=mm&r=g\",\"caption\":\"Rauf Hac\u0131yev\"},\"sameAs\":[\"https:\\\/\\\/kokpit.az\"],\"url\":\"https:\\\/\\\/kokpit.az\\\/?author=2\"}]}<\/script>\n<!-- \/ Yoast SEO plugin. -->","yoast_head_json":{"title":"Aston Martin Fettel\u0259 minn\u0259tdard\u0131r - X\u0259b\u0259ri Kokpitd\u0259 Oxuyun!","robots":{"index":"index","follow":"follow","max-snippet":"max-snippet:-1","max-image-preview":"max-image-preview:large","max-video-preview":"max-video-preview:-1"},"canonical":"https:\/\/kokpit.az\/?p=3317","og_locale":"az_AZ","og_type":"article","og_title":"Aston Martin Fettel\u0259 minn\u0259tdard\u0131r - X\u0259b\u0259ri Kokpitd\u0259 Oxuyun!","og_description":"Aston Martin komandas\u0131n\u0131n ba\u015f m\u00fch\u0259ndisi Tom MakKallof bildirib ki, haz\u0131rda qazand\u0131qlar\u0131 u\u011furlara g\u00f6r\u0259 Sebastyan Fettel\u0259 minn\u0259tdard\u0131rlar.","og_url":"https:\/\/kokpit.az\/?p=3317","og_site_name":"X\u0259b\u0259ri Kokpitd\u0259 Oxuyun!","article_publisher":"https:\/\/www.facebook.com\/profile.php?id=61553756392357","article_published_time":"2023-12-04T09:14:40+00:00","article_modified_time":"2023-12-04T11:51:54+00:00","og_image":[{"width":1200,"height":675,"url":"https:\/\/kokpit.az\/wp-content\/uploads\/2023\/12\/CCBA74D5-7861-4F9C-8B56-66359A870F33-e1701690688983.jpeg","type":"image\/jpeg"}],"author":"Rauf Hac\u0131yev","twitter_card":"summary_large_image","twitter_misc":{"Written by":"Rauf Hac\u0131yev","Est. reading time":"1 minute"},"schema":{"@context":"https:\/\/schema.org","@graph":[{"@type":"Article","@id":"https:\/\/kokpit.az\/?p=3317#article","isPartOf":{"@id":"https:\/\/kokpit.az\/?p=3317"},"author":{"name":"Rauf Hac\u0131yev","@id":"https:\/\/kokpit.az\/#\/schema\/person\/f4114e650bc2993d0650e4fb6933c581"},"headline":"Aston Martin Fettel\u0259 minn\u0259tdard\u0131r","datePublished":"2023-12-04T09:14:40+00:00","dateModified":"2023-12-04T11:51:54+00:00","mainEntityOfPage":{"@id":"https:\/\/kokpit.az\/?p=3317"},"wordCount":304,"commentCount":0,"publisher":{"@id":"https:\/\/kokpit.az\/#organization"},"image":{"@id":"https:\/\/kokpit.az\/?p=3317#primaryimage"},"thumbnailUrl":"https:\/\/kokpit.az\/wp-content\/uploads\/2023\/12\/CCBA74D5-7861-4F9C-8B56-66359A870F33-e1701690688983.jpeg","keywords":["Aston Martin Aramco Cognizant Formula One Team","Sebastian Vettel"],"articleSection":["X\u0259b\u0259rl\u0259r"],"inLanguage":"az","potentialAction":[{"@type":"CommentAction","name":"Comment","target":["https:\/\/kokpit.az\/?p=3317#respond"]}]},{"@type":"WebPage","@id":"https:\/\/kokpit.az\/?p=3317","url":"https:\/\/kokpit.az\/?p=3317","name":"Aston Martin Fettel\u0259 minn\u0259tdard\u0131r - X\u0259b\u0259ri Kokpitd\u0259 Oxuyun!","isPartOf":{"@id":"https:\/\/kokpit.az\/#website"},"primaryImageOfPage":{"@id":"https:\/\/kokpit.az\/?p=3317#primaryimage"},"image":{"@id":"https:\/\/kokpit.az\/?p=3317#primaryimage"},"thumbnailUrl":"https:\/\/kokpit.az\/wp-content\/uploads\/2023\/12\/CCBA74D5-7861-4F9C-8B56-66359A870F33-e1701690688983.jpeg","datePublished":"2023-12-04T09:14:40+00:00","dateModified":"2023-12-04T11:51:54+00:00","breadcrumb":{"@id":"https:\/\/kokpit.az\/?p=3317#breadcrumb"},"inLanguage":"az","potentialAction":[{"@type":"ReadAction","target":["https:\/\/kokpit.az\/?p=3317"]}]},{"@type":"ImageObject","inLanguage":"az","@id":"https:\/\/kokpit.az\/?p=3317#primaryimage","url":"https:\/\/kokpit.az\/wp-content\/uploads\/2023\/12\/CCBA74D5-7861-4F9C-8B56-66359A870F33-e1701690688983.jpeg","contentUrl":"https:\/\/kokpit.az\/wp-content\/uploads\/2023\/12\/CCBA74D5-7861-4F9C-8B56-66359A870F33-e1701690688983.jpeg","width":1200,"height":675},{"@type":"BreadcrumbList","@id":"https:\/\/kokpit.az\/?p=3317#breadcrumb","itemListElement":[{"@type":"ListItem","position":1,"name":"Home","item":"https:\/\/kokpit.az\/"},{"@type":"ListItem","position":2,"name":"Aston Martin Fettel\u0259 minn\u0259tdard\u0131r"}]},{"@type":"WebSite","@id":"https:\/\/kokpit.az\/#website","url":"https:\/\/kokpit.az\/","name":"X\u0259b\u0259ri Kokpitd\u0259 Oxuyun!","description":"","publisher":{"@id":"https:\/\/kokpit.az\/#organization"},"potentialAction":[{"@type":"SearchAction","target":{"@type":"EntryPoint","urlTemplate":"https:\/\/kokpit.az\/?s={search_term_string}"},"query-input":{"@type":"PropertyValueSpecification","valueRequired":true,"valueName":"search_term_string"}}],"inLanguage":"az"},{"@type":"Organization","@id":"https:\/\/kokpit.az\/#organization","name":"X\u0259b\u0259ri Kokpitd\u0259 Oxuyun!","url":"https:\/\/kokpit.az\/","logo":{"@type":"ImageObject","inLanguage":"az","@id":"https:\/\/kokpit.az\/#\/schema\/logo\/image\/","url":"https:\/\/kokpit.az\/wp-content\/uploads\/2023\/05\/kokpit.jpg","contentUrl":"https:\/\/kokpit.az\/wp-content\/uploads\/2023\/05\/kokpit.jpg","width":488,"height":245,"caption":"X\u0259b\u0259ri Kokpitd\u0259 Oxuyun!"},"image":{"@id":"https:\/\/kokpit.az\/#\/schema\/logo\/image\/"},"sameAs":["https:\/\/www.facebook.com\/profile.php?id=61553756392357"]},{"@type":"Person","@id":"https:\/\/kokpit.az\/#\/schema\/person\/f4114e650bc2993d0650e4fb6933c581","name":"Rauf Hac\u0131yev","image":{"@type":"ImageObject","inLanguage":"az","@id":"https:\/\/secure.gravatar.com\/avatar\/394a2085c47c7acdcf41f7d270b7cbb52513d6f4f24c1cb6dfbbd61f98c0503d?s=96&d=mm&r=g","url":"https:\/\/secure.gravatar.com\/avatar\/394a2085c47c7acdcf41f7d270b7cbb52513d6f4f24c1cb6dfbbd61f98c0503d?s=96&d=mm&r=g","contentUrl":"https:\/\/secure.gravatar.com\/avatar\/394a2085c47c7acdcf41f7d270b7cbb52513d6f4f24c1cb6dfbbd61f98c0503d?s=96&d=mm&r=g","caption":"Rauf Hac\u0131yev"},"sameAs":["https:\/\/kokpit.az"],"url":"https:\/\/kokpit.az\/?author=2"}]}},"_links":{"self":[{"href":"https:\/\/kokpit.az\/index.php?rest_route=\/wp\/v2\/posts\/3317","targetHints":{"allow":["GET"]}}],"collection":[{"href":"https:\/\/kokpit.az\/index.php?rest_route=\/wp\/v2\/posts"}],"about":[{"href":"https:\/\/kokpit.az\/index.php?rest_route=\/wp\/v2\/types\/post"}],"author":[{"embeddable":true,"href":"https:\/\/kokpit.az\/index.php?rest_route=\/wp\/v2\/users\/2"}],"replies":[{"embeddable":true,"href":"https:\/\/kokpit.az\/index.php?rest_route=%2Fwp%2Fv2%2Fcomments&post=3317"}],"version-history":[{"count":0,"href":"https:\/\/kokpit.az\/index.php?rest_route=\/wp\/v2\/posts\/3317\/revisions"}],"wp:featuredmedia":[{"embeddable":true,"href":"https:\/\/kokpit.az\/index.php?rest_route=\/wp\/v2\/media\/3319"}],"wp:attachment":[{"href":"https:\/\/kokpit.az\/index.php?rest_route=%2Fwp%2Fv2%2Fmedia&parent=3317"}],"wp:term":[{"taxonomy":"category","embeddable":true,"href":"https:\/\/kokpit.az\/index.php?rest_route=%2Fwp%2Fv2%2Fcategories&post=3317"},{"taxonomy":"post_tag","embeddable":true,"href":"https:\/\/kokpit.az\/index.php?rest_route=%2Fwp%2Fv2%2Ftags&post=3317"}],"curies":[{"name":"wp","href":"https:\/\/api.w.org\/{rel}","templated":true}]}}