{"id":28438,"date":"2026-09-05T22:02:00","date_gmt":"2026-09-05T18:02:00","guid":{"rendered":"https:\/\/kokpit.az\/?p=28438"},"modified":"2026-09-06T13:21:10","modified_gmt":"2026-09-06T09:21:10","slug":"ferstappen-yarisi-saz-masinla-kecirm%c9%99k-ist%c9%99yir%c9%99m","status":"publish","type":"post","link":"https:\/\/kokpit.az\/?p=28438","title":{"rendered":"Ferstappen: Yar\u0131\u015f\u0131 saz ma\u015f\u0131nla ke\u00e7irm\u0259k ist\u0259yir\u0259m"},"content":{"rendered":"<p>Liam Louson 14-c\u00fc n\u0259tic\u0259 g\u00f6st\u0259rib v\u0259 g\u00fcc qur\u011fusunun elementl\u0259rinin d\u0259yi\u015fdirilm\u0259sin\u0259 g\u00f6r\u0259 ald\u0131\u011f\u0131 c\u0259za s\u0259b\u0259bind\u0259n pelotonun sonundan start alacaq.<\/p>\n<p><strong>Maks Ferstappen:<\/strong> &#8220;\u00dc\u00e7\u00fcnc\u00fc m\u0259\u015fq bizim \u00fc\u00e7\u00fcn yax\u015f\u0131 al\u0131n\u0131b \u2013 c\u00fcm\u0259 g\u00fcn\u00fc il\u0259 m\u00fcqayis\u0259d\u0259 yax\u015f\u0131 ir\u0259lil\u0259yi\u015f\u0259 nail olmu\u015fduq. T\u0259\u0259ss\u00fcf ki, t\u0259snifatda el\u0259 ilk d\u00f6vr\u0259d\u0259 arxa as\u0131lqanla ba\u011fl\u0131 probleml\u0259r yenid\u0259n ba\u015flad\u0131. Bu probleml\u0259r m\u00f6vs\u00fcm \u0259rzind\u0259 bizd\u0259 art\u0131q d\u0259f\u0259l\u0259rl\u0259 yaran\u0131b v\u0259 yar\u0131\u015f h\u0259ft\u0259sonunun m\u00fcxt\u0259lif m\u0259rh\u0259l\u0259l\u0259rind\u0259 ba\u015f verib.<\/p>\n<p>T\u0259\u0259ss\u00fcf ki, bu d\u0259f\u0259 onlar t\u0259snifatda ortaya \u00e7\u0131xd\u0131. Ma\u015f\u0131n bord\u00fcrl\u0259rd\u0259 v\u0259 nahamarl\u0131qlarda g\u00fccl\u00fc \u015f\u0259kild\u0259 tullanma\u011fa ba\u015flad\u0131. B\u00fct\u00fcn bunlar onsuz da m\u00fcbariz\u0259nin \u00e7ox s\u0131x oldu\u011fu trasda s\u00fcr\u0259t itkisin\u0259 g\u0259tirib \u00e7\u0131xar\u0131r. \u018fg\u0259r problemi h\u0259ll etm\u0259k m\u00fcmk\u00fcn olsa, sabah m\u00fcbariz\u0259 aparaca\u011f\u0131q. Amma bu, podium \u00fc\u00e7\u00fcn kifay\u0259t ed\u0259c\u0259kmi? Bilmir\u0259m. M\u0259n is\u0259 yar\u0131\u015f\u0131 100 faiz saz ma\u015f\u0131nla ke\u00e7irm\u0259k ist\u0259rdim. Bu, \u0259la olard\u0131&#8221;.<\/p>\n<p><strong>Liam Louson:<\/strong> &#8220;D\u00fcz\u00fcn\u00fc des\u0259m, t\u0259snifat\u0131n final\u0131na ke\u00e7m\u0259k laz\u0131m idi. C\u00fcm\u0259 m\u0259\u015fql\u0259rind\u0259 yax\u015f\u0131 s\u00fcr\u0259timiz var idi, amma bu g\u00fcn ma\u015f\u0131n effektivliyini bir q\u0259d\u0259r itirdi. \u00dcmumilikd\u0259 m\u0259qs\u0259d Maks\u0131 finala \u00e7\u0131xarmaq idi v\u0259 biz bunu etdik.<\/p>\n<p>M\u0259nim b\u00fct\u00fcn h\u0259ft\u0259sonum yar\u0131\u015fa haz\u0131rl\u0131\u011fa h\u0259sr olunmu\u015fdu, \u00e7\u00fcnki c\u0259za bar\u0259d\u0259 \u0259vv\u0259lc\u0259d\u0259n bilirdik. V\u0259ziyy\u0259t ideal deyil v\u0259 m\u0259n vahid d\u00f6vr\u0259d\u0259 s\u00fcr\u0259t \u00fcz\u0259rind\u0259 i\u015fl\u0259m\u0259mi\u015fdim. Bu, h\u0259m\u00e7inin birinci d\u00f6ng\u0259d\u0259 t\u0259k\u0259rl\u0259rin bloklanmas\u0131, m\u0259n\u0259, \u015f\u00fcbh\u0259siz, k\u00f6m\u0259k etm\u0259di&#8221;.<\/p>\n","protected":false},"excerpt":{"rendered":"<p>Red Bull Racing-in \u0130taliya Qran Prisinin t\u0259snifat\u0131nda \u0259n yax\u015f\u0131 n\u0259tic\u0259si Maks Ferstappenin alt\u0131nc\u0131 yeri olub. D\u00f6rdqat d\u00fcnya \u00e7empionu sessiyadan sonra ma\u015f\u0131ndak\u0131 texniki probleml\u0259rd\u0259n dan\u0131\u015f\u0131b.<\/p>\n","protected":false},"author":6,"featured_media":28443,"comment_status":"open","ping_status":"open","sticky":false,"template":"","format":"standard","meta":{"footnotes":""},"categories":[204,2],"tags":[106,465,56],"class_list":["post-28438","post","type-post","status-publish","format-standard","has-post-thumbnail","hentry","category-italiya-qran-prisi","category-news","tag-italian-grand-prix","tag-liam-lawson","tag-max-verstappen"],"yoast_head":"<!-- This site is optimized with the Yoast SEO plugin v28.4 - https:\/\/yoast.com\/product\/yoast-seo-wordpress\/ -->\n<title>Ferstappen saz ma\u015f\u0131nla yar\u0131\u015fmaq ist\u0259yir<\/title>\n<meta name=\"description\" content=\"Maks Ferstappen \u0130taliya Qran Prisind\u0259 t\u0259snifatda ya\u015fad\u0131\u011f\u0131 arxa as\u0131lqan probleminin Red Bull-un s\u00fcr\u0259tin\u0259 t\u0259sir etdiyini bildirib.\" \/>\n<meta name=\"robots\" content=\"index, follow, max-snippet:-1, max-image-preview:large, max-video-preview:-1\" \/>\n<link rel=\"canonical\" href=\"https:\/\/kokpit.az\/?p=28438\" \/>\n<meta property=\"og:locale\" content=\"az_AZ\" \/>\n<meta property=\"og:type\" content=\"article\" \/>\n<meta property=\"og:title\" content=\"Ferstappen saz ma\u015f\u0131nla yar\u0131\u015fmaq ist\u0259yir\" \/>\n<meta property=\"og:description\" content=\"Maks Ferstappen \u0130taliya Qran Prisind\u0259 t\u0259snifatda ya\u015fad\u0131\u011f\u0131 arxa as\u0131lqan probleminin Red Bull-un s\u00fcr\u0259tin\u0259 t\u0259sir etdiyini bildirib.\" \/>\n<meta property=\"og:url\" content=\"https:\/\/kokpit.az\/?p=28438\" \/>\n<meta property=\"og:site_name\" content=\"X\u0259b\u0259ri Kokpitd\u0259 Oxuyun!\" \/>\n<meta property=\"article:publisher\" content=\"https:\/\/www.facebook.com\/profile.php?id=61553756392357\" \/>\n<meta property=\"article:published_time\" content=\"2026-09-05T18:02:00+00:00\" \/>\n<meta property=\"article:modified_time\" content=\"2026-09-06T09:21:10+00:00\" \/>\n<meta property=\"og:image\" content=\"https:\/\/kokpit.az\/wp-content\/uploads\/2026\/09\/Max.jpg\" \/>\n\t<meta property=\"og:image:width\" content=\"1200\" \/>\n\t<meta property=\"og:image:height\" content=\"630\" \/>\n\t<meta property=\"og:image:type\" content=\"image\/jpeg\" \/>\n<meta name=\"author\" content=\"Gil\u0259nur H\u00fcseynova\" \/>\n<meta name=\"twitter:card\" content=\"summary_large_image\" \/>\n<meta name=\"twitter:label1\" content=\"Written by\" \/>\n\t<meta name=\"twitter:data1\" content=\"Gil\u0259nur H\u00fcseynova\" \/>\n\t<meta name=\"twitter:label2\" content=\"Est. reading time\" \/>\n\t<meta name=\"twitter:data2\" content=\"2 minutes\" \/>\n<script type=\"application\/ld+json\" class=\"yoast-schema-graph\">{\"@context\":\"https:\\\/\\\/schema.org\",\"@graph\":[{\"@type\":\"Article\",\"@id\":\"https:\\\/\\\/kokpit.az\\\/?p=28438#article\",\"isPartOf\":{\"@id\":\"https:\\\/\\\/kokpit.az\\\/?p=28438\"},\"author\":{\"name\":\"Gil\u0259nur H\u00fcseynova\",\"@id\":\"https:\\\/\\\/kokpit.az\\\/#\\\/schema\\\/person\\\/6382620b4938853967d85bfcc1898861\"},\"headline\":\"Ferstappen: Yar\u0131\u015f\u0131 saz ma\u015f\u0131nla ke\u00e7irm\u0259k ist\u0259yir\u0259m\",\"datePublished\":\"2026-09-05T18:02:00+00:00\",\"dateModified\":\"2026-09-06T09:21:10+00:00\",\"mainEntityOfPage\":{\"@id\":\"https:\\\/\\\/kokpit.az\\\/?p=28438\"},\"wordCount\":339,\"commentCount\":0,\"publisher\":{\"@id\":\"https:\\\/\\\/kokpit.az\\\/#organization\"},\"image\":{\"@id\":\"https:\\\/\\\/kokpit.az\\\/?p=28438#primaryimage\"},\"thumbnailUrl\":\"https:\\\/\\\/kokpit.az\\\/wp-content\\\/uploads\\\/2026\\\/09\\\/Max.jpg\",\"keywords\":[\"Italian Grand Prix\",\"Liam Lawson\",\"Max Verstappen\"],\"articleSection\":[\"\u0130taliya Qran Prisi\",\"X\u0259b\u0259rl\u0259r\"],\"inLanguage\":\"az\",\"potentialAction\":[{\"@type\":\"CommentAction\",\"name\":\"Comment\",\"target\":[\"https:\\\/\\\/kokpit.az\\\/?p=28438#respond\"]}]},{\"@type\":\"WebPage\",\"@id\":\"https:\\\/\\\/kokpit.az\\\/?p=28438\",\"url\":\"https:\\\/\\\/kokpit.az\\\/?p=28438\",\"name\":\"Ferstappen saz ma\u015f\u0131nla yar\u0131\u015fmaq ist\u0259yir\",\"isPartOf\":{\"@id\":\"https:\\\/\\\/kokpit.az\\\/#website\"},\"primaryImageOfPage\":{\"@id\":\"https:\\\/\\\/kokpit.az\\\/?p=28438#primaryimage\"},\"image\":{\"@id\":\"https:\\\/\\\/kokpit.az\\\/?p=28438#primaryimage\"},\"thumbnailUrl\":\"https:\\\/\\\/kokpit.az\\\/wp-content\\\/uploads\\\/2026\\\/09\\\/Max.jpg\",\"datePublished\":\"2026-09-05T18:02:00+00:00\",\"dateModified\":\"2026-09-06T09:21:10+00:00\",\"description\":\"Maks Ferstappen \u0130taliya Qran Prisind\u0259 t\u0259snifatda ya\u015fad\u0131\u011f\u0131 arxa as\u0131lqan probleminin Red Bull-un s\u00fcr\u0259tin\u0259 t\u0259sir etdiyini bildirib.\",\"breadcrumb\":{\"@id\":\"https:\\\/\\\/kokpit.az\\\/?p=28438#breadcrumb\"},\"inLanguage\":\"az\",\"potentialAction\":[{\"@type\":\"ReadAction\",\"target\":[\"https:\\\/\\\/kokpit.az\\\/?p=28438\"]}]},{\"@type\":\"ImageObject\",\"inLanguage\":\"az\",\"@id\":\"https:\\\/\\\/kokpit.az\\\/?p=28438#primaryimage\",\"url\":\"https:\\\/\\\/kokpit.az\\\/wp-content\\\/uploads\\\/2026\\\/09\\\/Max.jpg\",\"contentUrl\":\"https:\\\/\\\/kokpit.az\\\/wp-content\\\/uploads\\\/2026\\\/09\\\/Max.jpg\",\"width\":1200,\"height\":630},{\"@type\":\"BreadcrumbList\",\"@id\":\"https:\\\/\\\/kokpit.az\\\/?p=28438#breadcrumb\",\"itemListElement\":[{\"@type\":\"ListItem\",\"position\":1,\"name\":\"Home\",\"item\":\"https:\\\/\\\/kokpit.az\\\/\"},{\"@type\":\"ListItem\",\"position\":2,\"name\":\"Ferstappen: Yar\u0131\u015f\u0131 saz ma\u015f\u0131nla ke\u00e7irm\u0259k ist\u0259yir\u0259m\"}]},{\"@type\":\"WebSite\",\"@id\":\"https:\\\/\\\/kokpit.az\\\/#website\",\"url\":\"https:\\\/\\\/kokpit.az\\\/\",\"name\":\"X\u0259b\u0259ri Kokpitd\u0259 Oxuyun!\",\"description\":\"\",\"publisher\":{\"@id\":\"https:\\\/\\\/kokpit.az\\\/#organization\"},\"potentialAction\":[{\"@type\":\"SearchAction\",\"target\":{\"@type\":\"EntryPoint\",\"urlTemplate\":\"https:\\\/\\\/kokpit.az\\\/?s={search_term_string}\"},\"query-input\":{\"@type\":\"PropertyValueSpecification\",\"valueRequired\":true,\"valueName\":\"search_term_string\"}}],\"inLanguage\":\"az\"},{\"@type\":\"Organization\",\"@id\":\"https:\\\/\\\/kokpit.az\\\/#organization\",\"name\":\"X\u0259b\u0259ri Kokpitd\u0259 Oxuyun!\",\"url\":\"https:\\\/\\\/kokpit.az\\\/\",\"logo\":{\"@type\":\"ImageObject\",\"inLanguage\":\"az\",\"@id\":\"https:\\\/\\\/kokpit.az\\\/#\\\/schema\\\/logo\\\/image\\\/\",\"url\":\"https:\\\/\\\/kokpit.az\\\/wp-content\\\/uploads\\\/2023\\\/05\\\/kokpit.jpg\",\"contentUrl\":\"https:\\\/\\\/kokpit.az\\\/wp-content\\\/uploads\\\/2023\\\/05\\\/kokpit.jpg\",\"width\":488,\"height\":245,\"caption\":\"X\u0259b\u0259ri Kokpitd\u0259 Oxuyun!\"},\"image\":{\"@id\":\"https:\\\/\\\/kokpit.az\\\/#\\\/schema\\\/logo\\\/image\\\/\"},\"sameAs\":[\"https:\\\/\\\/www.facebook.com\\\/profile.php?id=61553756392357\"]},{\"@type\":\"Person\",\"@id\":\"https:\\\/\\\/kokpit.az\\\/#\\\/schema\\\/person\\\/6382620b4938853967d85bfcc1898861\",\"name\":\"Gil\u0259nur H\u00fcseynova\",\"image\":{\"@type\":\"ImageObject\",\"inLanguage\":\"az\",\"@id\":\"https:\\\/\\\/secure.gravatar.com\\\/avatar\\\/b794200287242e39733ee61964156d4b4e19f935c868526c2b7444529a60f9a2?s=96&d=mm&r=g\",\"url\":\"https:\\\/\\\/secure.gravatar.com\\\/avatar\\\/b794200287242e39733ee61964156d4b4e19f935c868526c2b7444529a60f9a2?s=96&d=mm&r=g\",\"contentUrl\":\"https:\\\/\\\/secure.gravatar.com\\\/avatar\\\/b794200287242e39733ee61964156d4b4e19f935c868526c2b7444529a60f9a2?s=96&d=mm&r=g\",\"caption\":\"Gil\u0259nur H\u00fcseynova\"},\"url\":\"https:\\\/\\\/kokpit.az\\\/?author=6\"}]}<\/script>\n<!-- \/ Yoast SEO plugin. -->","yoast_head_json":{"title":"Ferstappen saz ma\u015f\u0131nla yar\u0131\u015fmaq ist\u0259yir","description":"Maks Ferstappen \u0130taliya Qran Prisind\u0259 t\u0259snifatda ya\u015fad\u0131\u011f\u0131 arxa as\u0131lqan probleminin Red Bull-un s\u00fcr\u0259tin\u0259 t\u0259sir etdiyini bildirib.","robots":{"index":"index","follow":"follow","max-snippet":"max-snippet:-1","max-image-preview":"max-image-preview:large","max-video-preview":"max-video-preview:-1"},"canonical":"https:\/\/kokpit.az\/?p=28438","og_locale":"az_AZ","og_type":"article","og_title":"Ferstappen saz ma\u015f\u0131nla yar\u0131\u015fmaq ist\u0259yir","og_description":"Maks Ferstappen \u0130taliya Qran Prisind\u0259 t\u0259snifatda ya\u015fad\u0131\u011f\u0131 arxa as\u0131lqan probleminin Red Bull-un s\u00fcr\u0259tin\u0259 t\u0259sir etdiyini bildirib.","og_url":"https:\/\/kokpit.az\/?p=28438","og_site_name":"X\u0259b\u0259ri Kokpitd\u0259 Oxuyun!","article_publisher":"https:\/\/www.facebook.com\/profile.php?id=61553756392357","article_published_time":"2026-09-05T18:02:00+00:00","article_modified_time":"2026-09-06T09:21:10+00:00","og_image":[{"width":1200,"height":630,"url":"https:\/\/kokpit.az\/wp-content\/uploads\/2026\/09\/Max.jpg","type":"image\/jpeg"}],"author":"Gil\u0259nur H\u00fcseynova","twitter_card":"summary_large_image","twitter_misc":{"Written by":"Gil\u0259nur H\u00fcseynova","Est. reading time":"2 minutes"},"schema":{"@context":"https:\/\/schema.org","@graph":[{"@type":"Article","@id":"https:\/\/kokpit.az\/?p=28438#article","isPartOf":{"@id":"https:\/\/kokpit.az\/?p=28438"},"author":{"name":"Gil\u0259nur H\u00fcseynova","@id":"https:\/\/kokpit.az\/#\/schema\/person\/6382620b4938853967d85bfcc1898861"},"headline":"Ferstappen: Yar\u0131\u015f\u0131 saz ma\u015f\u0131nla ke\u00e7irm\u0259k ist\u0259yir\u0259m","datePublished":"2026-09-05T18:02:00+00:00","dateModified":"2026-09-06T09:21:10+00:00","mainEntityOfPage":{"@id":"https:\/\/kokpit.az\/?p=28438"},"wordCount":339,"commentCount":0,"publisher":{"@id":"https:\/\/kokpit.az\/#organization"},"image":{"@id":"https:\/\/kokpit.az\/?p=28438#primaryimage"},"thumbnailUrl":"https:\/\/kokpit.az\/wp-content\/uploads\/2026\/09\/Max.jpg","keywords":["Italian Grand Prix","Liam Lawson","Max Verstappen"],"articleSection":["\u0130taliya Qran Prisi","X\u0259b\u0259rl\u0259r"],"inLanguage":"az","potentialAction":[{"@type":"CommentAction","name":"Comment","target":["https:\/\/kokpit.az\/?p=28438#respond"]}]},{"@type":"WebPage","@id":"https:\/\/kokpit.az\/?p=28438","url":"https:\/\/kokpit.az\/?p=28438","name":"Ferstappen saz ma\u015f\u0131nla yar\u0131\u015fmaq ist\u0259yir","isPartOf":{"@id":"https:\/\/kokpit.az\/#website"},"primaryImageOfPage":{"@id":"https:\/\/kokpit.az\/?p=28438#primaryimage"},"image":{"@id":"https:\/\/kokpit.az\/?p=28438#primaryimage"},"thumbnailUrl":"https:\/\/kokpit.az\/wp-content\/uploads\/2026\/09\/Max.jpg","datePublished":"2026-09-05T18:02:00+00:00","dateModified":"2026-09-06T09:21:10+00:00","description":"Maks Ferstappen \u0130taliya Qran Prisind\u0259 t\u0259snifatda ya\u015fad\u0131\u011f\u0131 arxa as\u0131lqan probleminin Red Bull-un s\u00fcr\u0259tin\u0259 t\u0259sir etdiyini bildirib.","breadcrumb":{"@id":"https:\/\/kokpit.az\/?p=28438#breadcrumb"},"inLanguage":"az","potentialAction":[{"@type":"ReadAction","target":["https:\/\/kokpit.az\/?p=28438"]}]},{"@type":"ImageObject","inLanguage":"az","@id":"https:\/\/kokpit.az\/?p=28438#primaryimage","url":"https:\/\/kokpit.az\/wp-content\/uploads\/2026\/09\/Max.jpg","contentUrl":"https:\/\/kokpit.az\/wp-content\/uploads\/2026\/09\/Max.jpg","width":1200,"height":630},{"@type":"BreadcrumbList","@id":"https:\/\/kokpit.az\/?p=28438#breadcrumb","itemListElement":[{"@type":"ListItem","position":1,"name":"Home","item":"https:\/\/kokpit.az\/"},{"@type":"ListItem","position":2,"name":"Ferstappen: Yar\u0131\u015f\u0131 saz ma\u015f\u0131nla ke\u00e7irm\u0259k ist\u0259yir\u0259m"}]},{"@type":"WebSite","@id":"https:\/\/kokpit.az\/#website","url":"https:\/\/kokpit.az\/","name":"X\u0259b\u0259ri Kokpitd\u0259 Oxuyun!","description":"","publisher":{"@id":"https:\/\/kokpit.az\/#organization"},"potentialAction":[{"@type":"SearchAction","target":{"@type":"EntryPoint","urlTemplate":"https:\/\/kokpit.az\/?s={search_term_string}"},"query-input":{"@type":"PropertyValueSpecification","valueRequired":true,"valueName":"search_term_string"}}],"inLanguage":"az"},{"@type":"Organization","@id":"https:\/\/kokpit.az\/#organization","name":"X\u0259b\u0259ri Kokpitd\u0259 Oxuyun!","url":"https:\/\/kokpit.az\/","logo":{"@type":"ImageObject","inLanguage":"az","@id":"https:\/\/kokpit.az\/#\/schema\/logo\/image\/","url":"https:\/\/kokpit.az\/wp-content\/uploads\/2023\/05\/kokpit.jpg","contentUrl":"https:\/\/kokpit.az\/wp-content\/uploads\/2023\/05\/kokpit.jpg","width":488,"height":245,"caption":"X\u0259b\u0259ri Kokpitd\u0259 Oxuyun!"},"image":{"@id":"https:\/\/kokpit.az\/#\/schema\/logo\/image\/"},"sameAs":["https:\/\/www.facebook.com\/profile.php?id=61553756392357"]},{"@type":"Person","@id":"https:\/\/kokpit.az\/#\/schema\/person\/6382620b4938853967d85bfcc1898861","name":"Gil\u0259nur H\u00fcseynova","image":{"@type":"ImageObject","inLanguage":"az","@id":"https:\/\/secure.gravatar.com\/avatar\/b794200287242e39733ee61964156d4b4e19f935c868526c2b7444529a60f9a2?s=96&d=mm&r=g","url":"https:\/\/secure.gravatar.com\/avatar\/b794200287242e39733ee61964156d4b4e19f935c868526c2b7444529a60f9a2?s=96&d=mm&r=g","contentUrl":"https:\/\/secure.gravatar.com\/avatar\/b794200287242e39733ee61964156d4b4e19f935c868526c2b7444529a60f9a2?s=96&d=mm&r=g","caption":"Gil\u0259nur H\u00fcseynova"},"url":"https:\/\/kokpit.az\/?author=6"}]}},"_links":{"self":[{"href":"https:\/\/kokpit.az\/index.php?rest_route=\/wp\/v2\/posts\/28438","targetHints":{"allow":["GET"]}}],"collection":[{"href":"https:\/\/kokpit.az\/index.php?rest_route=\/wp\/v2\/posts"}],"about":[{"href":"https:\/\/kokpit.az\/index.php?rest_route=\/wp\/v2\/types\/post"}],"author":[{"embeddable":true,"href":"https:\/\/kokpit.az\/index.php?rest_route=\/wp\/v2\/users\/6"}],"replies":[{"embeddable":true,"href":"https:\/\/kokpit.az\/index.php?rest_route=%2Fwp%2Fv2%2Fcomments&post=28438"}],"version-history":[{"count":2,"href":"https:\/\/kokpit.az\/index.php?rest_route=\/wp\/v2\/posts\/28438\/revisions"}],"predecessor-version":[{"id":28444,"href":"https:\/\/kokpit.az\/index.php?rest_route=\/wp\/v2\/posts\/28438\/revisions\/28444"}],"wp:featuredmedia":[{"embeddable":true,"href":"https:\/\/kokpit.az\/index.php?rest_route=\/wp\/v2\/media\/28443"}],"wp:attachment":[{"href":"https:\/\/kokpit.az\/index.php?rest_route=%2Fwp%2Fv2%2Fmedia&parent=28438"}],"wp:term":[{"taxonomy":"category","embeddable":true,"href":"https:\/\/kokpit.az\/index.php?rest_route=%2Fwp%2Fv2%2Fcategories&post=28438"},{"taxonomy":"post_tag","embeddable":true,"href":"https:\/\/kokpit.az\/index.php?rest_route=%2Fwp%2Fv2%2Ftags&post=28438"}],"curies":[{"name":"wp","href":"https:\/\/api.w.org\/{rel}","templated":true}]}}