{"id":28436,"date":"2026-09-06T12:00:23","date_gmt":"2026-09-06T08:00:23","guid":{"rendered":"https:\/\/kokpit.az\/?p=28436"},"modified":"2026-09-06T13:24:36","modified_gmt":"2026-09-06T09:24:36","slug":"podiumu-%c9%99lind%c9%99n-aldilar-qasli-cavabini-poul-il%c9%99-verdi","status":"publish","type":"post","link":"https:\/\/kokpit.az\/?p=28436","title":{"rendered":"Podiumu \u0259lind\u0259n ald\u0131lar, Qasli cavab\u0131n\u0131 poul il\u0259 verdi!"},"content":{"rendered":"<p>Monakoda podiuma qalxd\u0131. Alpine kimi bir komanda il\u0259 bunu etm\u0259k onsuz da b\u00f6y\u00fck u\u011fur idi. \u00dcst\u0259lik, h\u0259min podium ona yar\u0131\u015fdan sonra apellyasiya q\u0259rar\u0131 il\u0259 g\u0259ldi. Y\u0259ni Qasli podiumu trasda qazansa da, kuboku bir m\u00fcdd\u0259t sonra h\u00fcquq\u015f\u00fcnaslar\u0131n k\u00f6m\u0259yi il\u0259 g\u00f6t\u00fcrm\u00fc\u015fd\u00fc.<\/p>\n<p>Amma Formula 1-in ironiyas\u0131 burada bitm\u0259di. T\u0259xmin\u0259n \u00fc\u00e7 ay sonra h\u0259min podium yen\u0259 apellyasiyan\u0131n m\u00f6vzusuna \u00e7evrildi v\u0259 bu d\u0259f\u0259 Qasli podiumunu itirdi. B\u0259s frans\u0131z n\u0259 etdi? Cavab\u0131 trasda verdi. H\u0259m d\u0259 nec\u0259!<\/p>\n<p>Monzada, \u0130taliya Qran Prisind\u0259 Pyer Qasli Alpine il\u0259 poul qazand\u0131. B\u0259li, <strong>poul!<\/strong> Alpine il\u0259. Monzada. Ferrari v\u0259 Red Bull-un ev\u0259 \u00e7evirdiyi trasda.<\/p>\n<p>D\u00fczd\u00fcr, Mercedes m\u00fch\u0259rrikinin burada m\u00fc\u0259yy\u0259n rolu var. Bunu danmaq m\u00fcmk\u00fcn deyil. Amma g\u0259lin h\u0259r \u015feyi m\u00fch\u0259rrikin \u00fcst\u00fcn\u0259 atmayaq. \u018fg\u0259r Mercedes motoru t\u0259kba\u015f\u0131na bu n\u0259tic\u0259ni verirdis\u0259, onda Q3-d\u0259 Ferrari v\u0259 Red Bull-u niy\u0259 g\u00f6r\u00fcrd\u00fck?<\/p>\n<p>Dem\u0259li, burada ba\u015fqa amill\u0259r d\u0259 var: Qasli \u00f6z i\u015fini g\u00f6r\u00fcb. Alpine d\u0259 n\u0259hay\u0259t, ma\u015f\u0131n\u0131 do\u011fru p\u0259nc\u0259r\u0259y\u0259 sal\u0131b. N\u0259tic\u0259d\u0259 is\u0259 ortaya ham\u0131n\u0131n g\u00f6zl\u0259m\u0259diyi m\u0259nz\u0259r\u0259 \u00e7\u0131x\u0131b: \u0130taliya Qran Prisinin poulunda Pyer Qasli!<\/p>\n<p>\u0130ndi \u0259sas m\u0259s\u0259l\u0259 budur: bu poul bu g\u00fcn n\u0259 olacaq?<\/p>\n<p>\u018fg\u0259r Qasli startdan sonra liderliyi qoruyub fini\u015f\u0259 q\u0259d\u0259r aparsa, bu, sad\u0259c\u0259 bir q\u0259l\u0259b\u0259 olmayacaq. Bu, son \u00fc\u00e7 ayda ya\u015fananlar\u0131n \u0259n g\u00f6z\u0259l cavab\u0131 olacaq. Podiumu apellyasiya il\u0259 \u0259lind\u0259n al\u0131nan s\u00fcr\u00fcc\u00fcn\u00fcn yenid\u0259n apellyasiya otaqlar\u0131nda yox, tras\u0131n \u00f6z\u00fcnd\u0259 dan\u0131\u015fmas\u0131&#8230; H\u0259qiq\u0259t\u0259n g\u00f6z\u0259l hekay\u0259dir.<\/p>\n<p>Mercedes is\u0259 Qaslini bir k\u0259nara qoysaq, m\u0259nim g\u00f6zl\u0259diyim n\u0259tic\u0259ni verdi. Rassell \u00f6n s\u0131ralardad\u0131r v\u0259 sabah onun \u00fc\u00e7\u00fcn \u00e7ox b\u00f6y\u00fck f\u00fcrs\u0259t var.<\/p>\n<p>McLaren-d\u0259 is\u0259 m\u0259nc\u0259, s\u00f6hb\u0259t art\u0131q t\u0259kc\u0259 s\u00fcr\u0259td\u0259n getmir. Komandadaxili m\u00fcbariz\u0259nin son d\u00f6vr\u0259d\u0259 nec\u0259 q\u0131z\u0131\u015fd\u0131\u011f\u0131n\u0131 g\u00f6rd\u00fck. Piastrinin etdiyi s\u0259hv m\u0259n\u0259 o q\u0259d\u0259r d\u0259 t\u0259sad\u00fcfi g\u00f6r\u00fcnm\u0259di. B\u0259lk\u0259 d\u0259 bu, art\u0131q \u201cm\u0259n d\u0259 buradayam\u201d mesaj\u0131n\u0131n bir q\u0259d\u0259r f\u0259rqli formada verilm\u0259si idi. \u00c7\u00fcnki \u00e7empionat\u0131n bu m\u0259rh\u0259l\u0259sind\u0259 komanda yolda\u015fl\u0131\u011f\u0131 il\u0259 \u00e7empionluq m\u00fcbariz\u0259si aras\u0131nda c\u0259mi bir ne\u00e7\u0259 millimetr qal\u0131r. B\u0259z\u0259n h\u0259min millimetrl\u0259r d\u0259 \u00e7ox \u015fey deyir.<\/p>\n<p>Ferrari-y\u0259 g\u0259l\u0259nd\u0259 is\u0259&#8230; N\u0259 deyim? ADUO dedil\u0259r. 15 at g\u00fcc\u00fc dedil\u0259r. \u015eumaxerin ruhunu \u00e7a\u011f\u0131rd\u0131lar. Amma n\u0259tic\u0259d\u0259 yen\u0259 bildiyimiz Ferrari oldu.<\/p>\n<p>Art\u0131q \u201cmotor g\u00fcc\u00fcd\u00fcr\u201d arqumenti d\u0259 bir az k\u00f6hn\u0259lir. \u00c7\u00fcnki ka\u011f\u0131z \u00fcz\u0259rind\u0259 motor g\u00fcc\u00fcn\u00fcn t\u0259l\u0259b olunmad\u0131\u011f\u0131 Macar\u0131stan v\u0259 Niderlandda da Ferrari \u00f6z\u00fcn\u00fc do\u011frulda bilm\u0259mi\u015fdi.<\/p>\n<p>Monzada is\u0259 ev yar\u0131\u015f\u0131d\u0131r. Tifosi tribunadad\u0131r. Atmosfer tavandad\u0131r. \u015eumaxerin ruhu \u00fc\u00e7\u00fcn yer haz\u0131rd\u0131r. Amma Ferrari yen\u0259 d\u0259 bizi t\u0259\u0259cc\u00fcbl\u0259ndirm\u0259di. \u018fslind\u0259, t\u0259\u0259cc\u00fcbl\u0259ndirm\u0259m\u0259si d\u0259 bir n\u00f6v t\u0259\u0259cc\u00fcbd\u00fcr.<\/p>\n<p>Sabah is\u0259 h\u0259r \u015fey startdan ba\u015flaya bil\u0259r. \u018fg\u0259r Rassell ilk d\u00f6ng\u0259l\u0259rd\u0259 Qaslini ke\u00e7\u0259 bils\u0259, Mercedes s\u00fcr\u00fcc\u00fcs\u00fcn\u00fcn q\u0259l\u0259b\u0259y\u0259 ged\u0259n yolu kifay\u0259t q\u0259d\u0259r a\u00e7\u0131q g\u00f6r\u00fcn\u00fcr. Qasli is\u0259 arxas\u0131ndak\u0131 \u00a0Ferrari v\u0259 McLaren-l\u0259ri n\u0259 q\u0259d\u0259r \u00e7ox l\u0259ngits\u0259, Rassell \u00fc\u00e7\u00fcn i\u015f bir o q\u0259d\u0259r asanla\u015facaq.<\/p>\n<p>Bir d\u0259 arxadan g\u0259l\u0259n Antonelli var. Kiminin startdan sonra nec\u0259 y\u00fcks\u0259l\u0259c\u0259yi yar\u0131\u015f\u0131n \u0259n maraql\u0131 suallar\u0131ndan biridir. Mercedes-in s\u00fcr\u0259ti varsa, Antonelli \u00fc\u00e7\u00fcn bir ne\u00e7\u0259 ma\u015f\u0131n\u0131 ard\u0131c\u0131l ke\u00e7m\u0259k tam real ssenaridir. Amma Monza el\u0259 trasd\u0131r ki, bir s\u0259hv b\u00fct\u00fcn hesablamalar\u0131 bir anda d\u0259yi\u015f\u0259 bil\u0259r.<\/p>\n<p>Ona g\u00f6r\u0259 d\u0259 bu g\u00fcn bizi sad\u0259c\u0259 poul sahibinin qalib olub-olmayaca\u011f\u0131n\u0131 izl\u0259diyimiz yar\u0131\u015f g\u00f6zl\u0259mir.<\/p>\n<p>Qaslinin hekay\u0259sinin nec\u0259 bit\u0259c\u0259yini g\u00f6r\u0259c\u0259yik. Rassell bu f\u00fcrs\u0259ti q\u0259l\u0259b\u0259y\u0259 \u00e7evir\u0259 bil\u0259c\u0259kmi? McLaren-d\u0259 komanda yolda\u015flar\u0131 aras\u0131ndak\u0131 g\u0259rginlik trasda \u00f6z\u00fcn\u00fc daha da g\u00f6st\u0259r\u0259c\u0259kmi? Ferrari n\u0259hay\u0259t, \u201cevd\u0259\u201d diril\u0259c\u0259kmi? Antonelli arxadan g\u0259lib ham\u0131n\u0131n plan\u0131n\u0131 pozacaqm\u0131?<\/p>\n<p>Bir s\u00f6zl\u0259, Monza sabah cavab\u0131n\u0131 ver\u0259c\u0259k. Amma bir \u015fey art\u0131q d\u0259qiqdir: <strong>Pyer Qasli apellyasiyadan ald\u0131\u011f\u0131 podiumu itirdi. Cavab\u0131n\u0131 is\u0259 apellyasiya il\u0259 yox, poul il\u0259 verdi. <\/strong>\u0130ndi n\u00f6vb\u0259 q\u0259l\u0259b\u0259 kubokundad\u0131r.<\/p>\n<p>&nbsp;<\/p>\n","protected":false},"excerpt":{"rendered":"<p>B\u0259z\u0259n Formula 1-d\u0259 el\u0259 hekay\u0259l\u0259r olur ki, ssenarist oturub yazsa, dey\u0259rl\u0259r ki, bir az \u015fi\u015firtmis\u0259n. Pyer Qaslinin son \u00fc\u00e7 ay\u0131 da m\u0259hz bel\u0259 bir hekay\u0259dir.<\/p>\n","protected":false},"author":2,"featured_media":28439,"comment_status":"open","ping_status":"open","sticky":false,"template":"","format":"standard","meta":{"footnotes":""},"categories":[204,3,2],"tags":[173,106],"class_list":["post-28436","post","type-post","status-publish","format-standard","has-post-thumbnail","hentry","category-italiya-qran-prisi","category-articles","category-news","tag-autodromo-nazionale-monza","tag-italian-grand-prix"],"yoast_head":"<!-- This site is optimized with the Yoast SEO plugin v28.4 - https:\/\/yoast.com\/product\/yoast-seo-wordpress\/ -->\n<title>Podiumu \u0259lind\u0259n ald\u0131lar, Qasli cavab\u0131n\u0131 poul il\u0259 verdi! - X\u0259b\u0259ri Kokpitd\u0259 Oxuyun!<\/title>\n<meta name=\"robots\" content=\"index, follow, max-snippet:-1, max-image-preview:large, max-video-preview:-1\" \/>\n<link rel=\"canonical\" href=\"https:\/\/kokpit.az\/?p=28436\" \/>\n<meta property=\"og:locale\" content=\"az_AZ\" \/>\n<meta property=\"og:type\" content=\"article\" \/>\n<meta property=\"og:title\" content=\"Podiumu \u0259lind\u0259n ald\u0131lar, Qasli cavab\u0131n\u0131 poul il\u0259 verdi! - X\u0259b\u0259ri Kokpitd\u0259 Oxuyun!\" \/>\n<meta property=\"og:description\" content=\"B\u0259z\u0259n Formula 1-d\u0259 el\u0259 hekay\u0259l\u0259r olur ki, ssenarist oturub yazsa, dey\u0259rl\u0259r ki, bir az \u015fi\u015firtmis\u0259n. Pyer Qaslinin son \u00fc\u00e7 ay\u0131 da m\u0259hz bel\u0259 bir hekay\u0259dir.\" \/>\n<meta property=\"og:url\" content=\"https:\/\/kokpit.az\/?p=28436\" \/>\n<meta property=\"og:site_name\" content=\"X\u0259b\u0259ri Kokpitd\u0259 Oxuyun!\" \/>\n<meta property=\"article:publisher\" content=\"https:\/\/www.facebook.com\/profile.php?id=61553756392357\" \/>\n<meta property=\"article:published_time\" content=\"2026-09-06T08:00:23+00:00\" \/>\n<meta property=\"article:modified_time\" content=\"2026-09-06T09:24:36+00:00\" \/>\n<meta property=\"og:image\" content=\"https:\/\/kokpit.az\/wp-content\/uploads\/2026\/09\/gasly-e1788686265704.jpg\" \/>\n\t<meta property=\"og:image:width\" content=\"1200\" \/>\n\t<meta property=\"og:image:height\" content=\"630\" \/>\n\t<meta property=\"og:image:type\" content=\"image\/jpeg\" \/>\n<meta name=\"author\" content=\"Rauf Hac\u0131yev\" \/>\n<meta name=\"twitter:card\" content=\"summary_large_image\" \/>\n<meta name=\"twitter:label1\" content=\"Written by\" \/>\n\t<meta name=\"twitter:data1\" content=\"Rauf Hac\u0131yev\" \/>\n\t<meta name=\"twitter:label2\" content=\"Est. reading time\" \/>\n\t<meta name=\"twitter:data2\" content=\"4 minutes\" \/>\n<script type=\"application\/ld+json\" class=\"yoast-schema-graph\">{\"@context\":\"https:\\\/\\\/schema.org\",\"@graph\":[{\"@type\":\"Article\",\"@id\":\"https:\\\/\\\/kokpit.az\\\/?p=28436#article\",\"isPartOf\":{\"@id\":\"https:\\\/\\\/kokpit.az\\\/?p=28436\"},\"author\":{\"name\":\"Rauf Hac\u0131yev\",\"@id\":\"https:\\\/\\\/kokpit.az\\\/#\\\/schema\\\/person\\\/f4114e650bc2993d0650e4fb6933c581\"},\"headline\":\"Podiumu \u0259lind\u0259n ald\u0131lar, Qasli cavab\u0131n\u0131 poul il\u0259 verdi!\",\"datePublished\":\"2026-09-06T08:00:23+00:00\",\"dateModified\":\"2026-09-06T09:24:36+00:00\",\"mainEntityOfPage\":{\"@id\":\"https:\\\/\\\/kokpit.az\\\/?p=28436\"},\"wordCount\":832,\"commentCount\":0,\"publisher\":{\"@id\":\"https:\\\/\\\/kokpit.az\\\/#organization\"},\"image\":{\"@id\":\"https:\\\/\\\/kokpit.az\\\/?p=28436#primaryimage\"},\"thumbnailUrl\":\"https:\\\/\\\/kokpit.az\\\/wp-content\\\/uploads\\\/2026\\\/09\\\/gasly-e1788686265704.jpg\",\"keywords\":[\"Autodromo Nazionale Monza\",\"Italian Grand Prix\"],\"articleSection\":[\"\u0130taliya Qran Prisi\",\"K\u00f6\u015f\u0259 yaz\u0131lar\u0131\",\"X\u0259b\u0259rl\u0259r\"],\"inLanguage\":\"az\",\"potentialAction\":[{\"@type\":\"CommentAction\",\"name\":\"Comment\",\"target\":[\"https:\\\/\\\/kokpit.az\\\/?p=28436#respond\"]}]},{\"@type\":\"WebPage\",\"@id\":\"https:\\\/\\\/kokpit.az\\\/?p=28436\",\"url\":\"https:\\\/\\\/kokpit.az\\\/?p=28436\",\"name\":\"Podiumu \u0259lind\u0259n ald\u0131lar, Qasli cavab\u0131n\u0131 poul il\u0259 verdi! - X\u0259b\u0259ri Kokpitd\u0259 Oxuyun!\",\"isPartOf\":{\"@id\":\"https:\\\/\\\/kokpit.az\\\/#website\"},\"primaryImageOfPage\":{\"@id\":\"https:\\\/\\\/kokpit.az\\\/?p=28436#primaryimage\"},\"image\":{\"@id\":\"https:\\\/\\\/kokpit.az\\\/?p=28436#primaryimage\"},\"thumbnailUrl\":\"https:\\\/\\\/kokpit.az\\\/wp-content\\\/uploads\\\/2026\\\/09\\\/gasly-e1788686265704.jpg\",\"datePublished\":\"2026-09-06T08:00:23+00:00\",\"dateModified\":\"2026-09-06T09:24:36+00:00\",\"breadcrumb\":{\"@id\":\"https:\\\/\\\/kokpit.az\\\/?p=28436#breadcrumb\"},\"inLanguage\":\"az\",\"potentialAction\":[{\"@type\":\"ReadAction\",\"target\":[\"https:\\\/\\\/kokpit.az\\\/?p=28436\"]}]},{\"@type\":\"ImageObject\",\"inLanguage\":\"az\",\"@id\":\"https:\\\/\\\/kokpit.az\\\/?p=28436#primaryimage\",\"url\":\"https:\\\/\\\/kokpit.az\\\/wp-content\\\/uploads\\\/2026\\\/09\\\/gasly-e1788686265704.jpg\",\"contentUrl\":\"https:\\\/\\\/kokpit.az\\\/wp-content\\\/uploads\\\/2026\\\/09\\\/gasly-e1788686265704.jpg\",\"width\":1200,\"height\":630},{\"@type\":\"BreadcrumbList\",\"@id\":\"https:\\\/\\\/kokpit.az\\\/?p=28436#breadcrumb\",\"itemListElement\":[{\"@type\":\"ListItem\",\"position\":1,\"name\":\"Home\",\"item\":\"https:\\\/\\\/kokpit.az\\\/\"},{\"@type\":\"ListItem\",\"position\":2,\"name\":\"Podiumu \u0259lind\u0259n ald\u0131lar, Qasli cavab\u0131n\u0131 poul il\u0259 verdi!\"}]},{\"@type\":\"WebSite\",\"@id\":\"https:\\\/\\\/kokpit.az\\\/#website\",\"url\":\"https:\\\/\\\/kokpit.az\\\/\",\"name\":\"X\u0259b\u0259ri Kokpitd\u0259 Oxuyun!\",\"description\":\"\",\"publisher\":{\"@id\":\"https:\\\/\\\/kokpit.az\\\/#organization\"},\"potentialAction\":[{\"@type\":\"SearchAction\",\"target\":{\"@type\":\"EntryPoint\",\"urlTemplate\":\"https:\\\/\\\/kokpit.az\\\/?s={search_term_string}\"},\"query-input\":{\"@type\":\"PropertyValueSpecification\",\"valueRequired\":true,\"valueName\":\"search_term_string\"}}],\"inLanguage\":\"az\"},{\"@type\":\"Organization\",\"@id\":\"https:\\\/\\\/kokpit.az\\\/#organization\",\"name\":\"X\u0259b\u0259ri Kokpitd\u0259 Oxuyun!\",\"url\":\"https:\\\/\\\/kokpit.az\\\/\",\"logo\":{\"@type\":\"ImageObject\",\"inLanguage\":\"az\",\"@id\":\"https:\\\/\\\/kokpit.az\\\/#\\\/schema\\\/logo\\\/image\\\/\",\"url\":\"https:\\\/\\\/kokpit.az\\\/wp-content\\\/uploads\\\/2023\\\/05\\\/kokpit.jpg\",\"contentUrl\":\"https:\\\/\\\/kokpit.az\\\/wp-content\\\/uploads\\\/2023\\\/05\\\/kokpit.jpg\",\"width\":488,\"height\":245,\"caption\":\"X\u0259b\u0259ri Kokpitd\u0259 Oxuyun!\"},\"image\":{\"@id\":\"https:\\\/\\\/kokpit.az\\\/#\\\/schema\\\/logo\\\/image\\\/\"},\"sameAs\":[\"https:\\\/\\\/www.facebook.com\\\/profile.php?id=61553756392357\"]},{\"@type\":\"Person\",\"@id\":\"https:\\\/\\\/kokpit.az\\\/#\\\/schema\\\/person\\\/f4114e650bc2993d0650e4fb6933c581\",\"name\":\"Rauf Hac\u0131yev\",\"image\":{\"@type\":\"ImageObject\",\"inLanguage\":\"az\",\"@id\":\"https:\\\/\\\/secure.gravatar.com\\\/avatar\\\/394a2085c47c7acdcf41f7d270b7cbb52513d6f4f24c1cb6dfbbd61f98c0503d?s=96&d=mm&r=g\",\"url\":\"https:\\\/\\\/secure.gravatar.com\\\/avatar\\\/394a2085c47c7acdcf41f7d270b7cbb52513d6f4f24c1cb6dfbbd61f98c0503d?s=96&d=mm&r=g\",\"contentUrl\":\"https:\\\/\\\/secure.gravatar.com\\\/avatar\\\/394a2085c47c7acdcf41f7d270b7cbb52513d6f4f24c1cb6dfbbd61f98c0503d?s=96&d=mm&r=g\",\"caption\":\"Rauf Hac\u0131yev\"},\"sameAs\":[\"https:\\\/\\\/kokpit.az\"],\"url\":\"https:\\\/\\\/kokpit.az\\\/?author=2\"}]}<\/script>\n<!-- \/ Yoast SEO plugin. -->","yoast_head_json":{"title":"Podiumu \u0259lind\u0259n ald\u0131lar, Qasli cavab\u0131n\u0131 poul il\u0259 verdi! - X\u0259b\u0259ri Kokpitd\u0259 Oxuyun!","robots":{"index":"index","follow":"follow","max-snippet":"max-snippet:-1","max-image-preview":"max-image-preview:large","max-video-preview":"max-video-preview:-1"},"canonical":"https:\/\/kokpit.az\/?p=28436","og_locale":"az_AZ","og_type":"article","og_title":"Podiumu \u0259lind\u0259n ald\u0131lar, Qasli cavab\u0131n\u0131 poul il\u0259 verdi! - X\u0259b\u0259ri Kokpitd\u0259 Oxuyun!","og_description":"B\u0259z\u0259n Formula 1-d\u0259 el\u0259 hekay\u0259l\u0259r olur ki, ssenarist oturub yazsa, dey\u0259rl\u0259r ki, bir az \u015fi\u015firtmis\u0259n. Pyer Qaslinin son \u00fc\u00e7 ay\u0131 da m\u0259hz bel\u0259 bir hekay\u0259dir.","og_url":"https:\/\/kokpit.az\/?p=28436","og_site_name":"X\u0259b\u0259ri Kokpitd\u0259 Oxuyun!","article_publisher":"https:\/\/www.facebook.com\/profile.php?id=61553756392357","article_published_time":"2026-09-06T08:00:23+00:00","article_modified_time":"2026-09-06T09:24:36+00:00","og_image":[{"width":1200,"height":630,"url":"https:\/\/kokpit.az\/wp-content\/uploads\/2026\/09\/gasly-e1788686265704.jpg","type":"image\/jpeg"}],"author":"Rauf Hac\u0131yev","twitter_card":"summary_large_image","twitter_misc":{"Written by":"Rauf Hac\u0131yev","Est. reading time":"4 minutes"},"schema":{"@context":"https:\/\/schema.org","@graph":[{"@type":"Article","@id":"https:\/\/kokpit.az\/?p=28436#article","isPartOf":{"@id":"https:\/\/kokpit.az\/?p=28436"},"author":{"name":"Rauf Hac\u0131yev","@id":"https:\/\/kokpit.az\/#\/schema\/person\/f4114e650bc2993d0650e4fb6933c581"},"headline":"Podiumu \u0259lind\u0259n ald\u0131lar, Qasli cavab\u0131n\u0131 poul il\u0259 verdi!","datePublished":"2026-09-06T08:00:23+00:00","dateModified":"2026-09-06T09:24:36+00:00","mainEntityOfPage":{"@id":"https:\/\/kokpit.az\/?p=28436"},"wordCount":832,"commentCount":0,"publisher":{"@id":"https:\/\/kokpit.az\/#organization"},"image":{"@id":"https:\/\/kokpit.az\/?p=28436#primaryimage"},"thumbnailUrl":"https:\/\/kokpit.az\/wp-content\/uploads\/2026\/09\/gasly-e1788686265704.jpg","keywords":["Autodromo Nazionale Monza","Italian Grand Prix"],"articleSection":["\u0130taliya Qran Prisi","K\u00f6\u015f\u0259 yaz\u0131lar\u0131","X\u0259b\u0259rl\u0259r"],"inLanguage":"az","potentialAction":[{"@type":"CommentAction","name":"Comment","target":["https:\/\/kokpit.az\/?p=28436#respond"]}]},{"@type":"WebPage","@id":"https:\/\/kokpit.az\/?p=28436","url":"https:\/\/kokpit.az\/?p=28436","name":"Podiumu \u0259lind\u0259n ald\u0131lar, Qasli cavab\u0131n\u0131 poul il\u0259 verdi! - X\u0259b\u0259ri Kokpitd\u0259 Oxuyun!","isPartOf":{"@id":"https:\/\/kokpit.az\/#website"},"primaryImageOfPage":{"@id":"https:\/\/kokpit.az\/?p=28436#primaryimage"},"image":{"@id":"https:\/\/kokpit.az\/?p=28436#primaryimage"},"thumbnailUrl":"https:\/\/kokpit.az\/wp-content\/uploads\/2026\/09\/gasly-e1788686265704.jpg","datePublished":"2026-09-06T08:00:23+00:00","dateModified":"2026-09-06T09:24:36+00:00","breadcrumb":{"@id":"https:\/\/kokpit.az\/?p=28436#breadcrumb"},"inLanguage":"az","potentialAction":[{"@type":"ReadAction","target":["https:\/\/kokpit.az\/?p=28436"]}]},{"@type":"ImageObject","inLanguage":"az","@id":"https:\/\/kokpit.az\/?p=28436#primaryimage","url":"https:\/\/kokpit.az\/wp-content\/uploads\/2026\/09\/gasly-e1788686265704.jpg","contentUrl":"https:\/\/kokpit.az\/wp-content\/uploads\/2026\/09\/gasly-e1788686265704.jpg","width":1200,"height":630},{"@type":"BreadcrumbList","@id":"https:\/\/kokpit.az\/?p=28436#breadcrumb","itemListElement":[{"@type":"ListItem","position":1,"name":"Home","item":"https:\/\/kokpit.az\/"},{"@type":"ListItem","position":2,"name":"Podiumu \u0259lind\u0259n ald\u0131lar, Qasli cavab\u0131n\u0131 poul il\u0259 verdi!"}]},{"@type":"WebSite","@id":"https:\/\/kokpit.az\/#website","url":"https:\/\/kokpit.az\/","name":"X\u0259b\u0259ri Kokpitd\u0259 Oxuyun!","description":"","publisher":{"@id":"https:\/\/kokpit.az\/#organization"},"potentialAction":[{"@type":"SearchAction","target":{"@type":"EntryPoint","urlTemplate":"https:\/\/kokpit.az\/?s={search_term_string}"},"query-input":{"@type":"PropertyValueSpecification","valueRequired":true,"valueName":"search_term_string"}}],"inLanguage":"az"},{"@type":"Organization","@id":"https:\/\/kokpit.az\/#organization","name":"X\u0259b\u0259ri Kokpitd\u0259 Oxuyun!","url":"https:\/\/kokpit.az\/","logo":{"@type":"ImageObject","inLanguage":"az","@id":"https:\/\/kokpit.az\/#\/schema\/logo\/image\/","url":"https:\/\/kokpit.az\/wp-content\/uploads\/2023\/05\/kokpit.jpg","contentUrl":"https:\/\/kokpit.az\/wp-content\/uploads\/2023\/05\/kokpit.jpg","width":488,"height":245,"caption":"X\u0259b\u0259ri Kokpitd\u0259 Oxuyun!"},"image":{"@id":"https:\/\/kokpit.az\/#\/schema\/logo\/image\/"},"sameAs":["https:\/\/www.facebook.com\/profile.php?id=61553756392357"]},{"@type":"Person","@id":"https:\/\/kokpit.az\/#\/schema\/person\/f4114e650bc2993d0650e4fb6933c581","name":"Rauf Hac\u0131yev","image":{"@type":"ImageObject","inLanguage":"az","@id":"https:\/\/secure.gravatar.com\/avatar\/394a2085c47c7acdcf41f7d270b7cbb52513d6f4f24c1cb6dfbbd61f98c0503d?s=96&d=mm&r=g","url":"https:\/\/secure.gravatar.com\/avatar\/394a2085c47c7acdcf41f7d270b7cbb52513d6f4f24c1cb6dfbbd61f98c0503d?s=96&d=mm&r=g","contentUrl":"https:\/\/secure.gravatar.com\/avatar\/394a2085c47c7acdcf41f7d270b7cbb52513d6f4f24c1cb6dfbbd61f98c0503d?s=96&d=mm&r=g","caption":"Rauf Hac\u0131yev"},"sameAs":["https:\/\/kokpit.az"],"url":"https:\/\/kokpit.az\/?author=2"}]}},"_links":{"self":[{"href":"https:\/\/kokpit.az\/index.php?rest_route=\/wp\/v2\/posts\/28436","targetHints":{"allow":["GET"]}}],"collection":[{"href":"https:\/\/kokpit.az\/index.php?rest_route=\/wp\/v2\/posts"}],"about":[{"href":"https:\/\/kokpit.az\/index.php?rest_route=\/wp\/v2\/types\/post"}],"author":[{"embeddable":true,"href":"https:\/\/kokpit.az\/index.php?rest_route=\/wp\/v2\/users\/2"}],"replies":[{"embeddable":true,"href":"https:\/\/kokpit.az\/index.php?rest_route=%2Fwp%2Fv2%2Fcomments&post=28436"}],"version-history":[{"count":1,"href":"https:\/\/kokpit.az\/index.php?rest_route=\/wp\/v2\/posts\/28436\/revisions"}],"predecessor-version":[{"id":28440,"href":"https:\/\/kokpit.az\/index.php?rest_route=\/wp\/v2\/posts\/28436\/revisions\/28440"}],"wp:featuredmedia":[{"embeddable":true,"href":"https:\/\/kokpit.az\/index.php?rest_route=\/wp\/v2\/media\/28439"}],"wp:attachment":[{"href":"https:\/\/kokpit.az\/index.php?rest_route=%2Fwp%2Fv2%2Fmedia&parent=28436"}],"wp:term":[{"taxonomy":"category","embeddable":true,"href":"https:\/\/kokpit.az\/index.php?rest_route=%2Fwp%2Fv2%2Fcategories&post=28436"},{"taxonomy":"post_tag","embeddable":true,"href":"https:\/\/kokpit.az\/index.php?rest_route=%2Fwp%2Fv2%2Ftags&post=28436"}],"curies":[{"name":"wp","href":"https:\/\/api.w.org\/{rel}","templated":true}]}}