{"id":28361,"date":"2026-09-05T08:00:23","date_gmt":"2026-09-05T04:00:23","guid":{"rendered":"https:\/\/kokpit.az\/?p=28361"},"modified":"2026-09-05T00:05:21","modified_gmt":"2026-09-04T20:05:21","slug":"k-antonelli-ferrari-il%c9%99-mubariz%c9%99-aparacagiq","status":"publish","type":"post","link":"https:\/\/kokpit.az\/?p=28361","title":{"rendered":"K.Antonelli: Ferrari il\u0259 m\u00fcbariz\u0259 aparaca\u011f\u0131q"},"content":{"rendered":"<p>Kokpit.az xat\u0131rlad\u0131r ki, italyan s\u00fcr\u00fcc\u00fc c\u00fcm\u0259 g\u00fcn\u00fc ke\u00e7iril\u0259n ikinci s\u0259rb\u0259st y\u00fcr\u00fc\u015f\u00fc \u00fc\u00e7\u00fcnc\u00fc pill\u0259d\u0259 tamamlay\u0131b. Do\u011fma publikas\u0131 \u00f6n\u00fcnd\u0259 yar\u0131\u015fan s\u00fcr\u00fcc\u00fc bu sessiyan\u0131n adi s\u0259rb\u0259st y\u00fcr\u00fc\u015fl\u0259rd\u0259n f\u0259rqli ke\u00e7diyini qeyd edib.<\/p>\n<p><span style=\"color: #33cccc;\"><strong>Kimi Antonelli<\/strong><\/span>: \u201cBurada olmaq, \u0259lb\u0259tt\u0259, inan\u0131lmazd\u0131r v\u0259 ald\u0131\u011f\u0131m d\u0259st\u0259k h\u0259qiq\u0259t\u0259n m\u00f6ht\u0259\u015f\u0259mdir. Bu g\u00fcn h\u0259mi\u015f\u0259kind\u0259n bir q\u0259d\u0259r f\u0259rqli g\u00fcn idi, \u00e7\u00fcnki uzun m\u0259saf\u0259li s\u00fcr\u00fc\u015fl\u0259r\u0259 daha \u00e7ox diqq\u0259t yetirdik.<\/p>\n<p>Yalan dan\u0131\u015fmayaca\u011fam, bir q\u0259d\u0259r q\u0259rib\u0259 g\u00fcn idi, amma \u00fcmumilikd\u0259 yax\u015f\u0131 ke\u00e7di. \u00c7oxlu m\u0259lumat toplad\u0131q v\u0259 indi qar\u015f\u0131dak\u0131 g\u00fcnl\u0259ri s\u0259birsizlikl\u0259 g\u00f6zl\u0259yir\u0259m\u201d.<\/p>\n<p>Antonelli ilk g\u00fcn \u0259rzind\u0259 b\u0259zi s\u00fcr\u00fcc\u00fcl\u0259rin trasda bir-birin\u0259 yax\u0131n h\u0259r\u0259k\u0259t etm\u0259sinin yar\u0131\u015f \u015f\u0259raitind\u0259ki m\u00fcbariz\u0259 bar\u0259d\u0259 vacib m\u0259lumatlar verdiyini s\u00f6yl\u0259yib: \u201cBura h\u0259qiq\u0259t\u0259n d\u0259 \u00e7ox f\u0259rqli \u015feyl\u0259r ed\u0259 bil\u0259c\u0259yiniz trasd\u0131r. Bu g\u00fcn uzun s\u00fcr\u00fc\u015fl\u0259r zaman\u0131 dig\u0259r bolidl\u0259rin arxas\u0131nda getm\u0259k, onlar\u0131n n\u0259l\u0259ri f\u0259rqli etdiyini v\u0259 enerji istifad\u0259sini biziml\u0259 m\u00fcqayis\u0259d\u0259 harada h\u0259yata ke\u00e7irdikl\u0259rini g\u00f6rm\u0259k maraql\u0131 idi.<\/p>\n<p>Bu s\u0259b\u0259bd\u0259n kifay\u0259t q\u0259d\u0259r faydal\u0131 oldu. D\u00fc\u015f\u00fcn\u00fcr\u0259m ki, \u0259limizd\u0259 \u00e7oxlu m\u0259lumat var. \u0130ndi s\u0131ralanma turunu g\u00f6zl\u0259yirik\u201d.<\/p>\n<p>Mercedes s\u00fcr\u00fcc\u00fcs\u00fc h\u0259m\u00e7inin Ferrari-nin yeni g\u00fcc qur\u011fusu il\u0259 performans\u0131n\u0131 art\u0131rd\u0131\u011f\u0131n\u0131 v\u0259 d\u00fczl\u00fckl\u0259rd\u0259 Mercedes il\u0259 aras\u0131ndak\u0131 f\u0259rqi azaltd\u0131\u011f\u0131n\u0131 vur\u011fulay\u0131b: \u201cFerrari yeni m\u00fch\u0259rrikl\u0259 bir add\u0131m ir\u0259li gedib v\u0259 art\u0131q s\u00fcr\u0259tl\u0259rimiz eynidir.<\/p>\n<p>Ferrari bolidinin d\u00f6ng\u0259l\u0259r\u0259 giri\u015fd\u0259 n\u0259 q\u0259d\u0259r g\u00fccl\u00fc oldu\u011funu bilirik. Buna g\u00f6r\u0259 d\u0259 sabah poul u\u011frunda \u00e7ox, \u00e7ox g\u0259rgin m\u00fcbariz\u0259 olacaq\u201d.<\/p>\n","protected":false},"excerpt":{"rendered":"<p>Mercedes komandas\u0131n\u0131n s\u00fcr\u00fcc\u00fcs\u00fc Kimi Antonelli Ferrari-nin yeni m\u00fch\u0259rrikl\u0259 birlikd\u0259 s\u00fcr\u0259tini art\u0131rd\u0131\u011f\u0131n\u0131 v\u0259 Monzada poul u\u011frunda m\u00fcbariz\u0259nin olduqca g\u0259rgin ke\u00e7\u0259c\u0259yini bildirib.<\/p>\n","protected":false},"author":2,"featured_media":28362,"comment_status":"open","ping_status":"open","sticky":false,"template":"","format":"standard","meta":{"footnotes":""},"categories":[204,2],"tags":[389,52],"class_list":["post-28361","post","type-post","status-publish","format-standard","has-post-thumbnail","hentry","category-italiya-qran-prisi","category-news","tag-kimi-antonelli","tag-mercedes-amg-petronas-f1-team"],"yoast_head":"<!-- This site is optimized with the Yoast SEO plugin v28.4 - https:\/\/yoast.com\/product\/yoast-seo-wordpress\/ -->\n<title>K.Antonelli: Ferrari il\u0259 m\u00fcbariz\u0259 aparaca\u011f\u0131q - X\u0259b\u0259ri Kokpitd\u0259 Oxuyun!<\/title>\n<meta name=\"robots\" content=\"index, follow, max-snippet:-1, max-image-preview:large, max-video-preview:-1\" \/>\n<link rel=\"canonical\" href=\"https:\/\/kokpit.az\/?p=28361\" \/>\n<meta property=\"og:locale\" content=\"az_AZ\" \/>\n<meta property=\"og:type\" content=\"article\" \/>\n<meta property=\"og:title\" content=\"K.Antonelli: Ferrari il\u0259 m\u00fcbariz\u0259 aparaca\u011f\u0131q - X\u0259b\u0259ri Kokpitd\u0259 Oxuyun!\" \/>\n<meta property=\"og:description\" content=\"Mercedes komandas\u0131n\u0131n s\u00fcr\u00fcc\u00fcs\u00fc Kimi Antonelli Ferrari-nin yeni m\u00fch\u0259rrikl\u0259 birlikd\u0259 s\u00fcr\u0259tini art\u0131rd\u0131\u011f\u0131n\u0131 v\u0259 Monzada poul u\u011frunda m\u00fcbariz\u0259nin olduqca g\u0259rgin ke\u00e7\u0259c\u0259yini bildirib.\" \/>\n<meta property=\"og:url\" content=\"https:\/\/kokpit.az\/?p=28361\" \/>\n<meta property=\"og:site_name\" content=\"X\u0259b\u0259ri Kokpitd\u0259 Oxuyun!\" \/>\n<meta property=\"article:publisher\" content=\"https:\/\/www.facebook.com\/profile.php?id=61553756392357\" \/>\n<meta property=\"article:published_time\" content=\"2026-09-05T04:00:23+00:00\" \/>\n<meta property=\"og:image\" content=\"https:\/\/kokpit.az\/wp-content\/uploads\/2026\/09\/HRYMm3uW8AIm5yo-e1788552298378.jpeg\" \/>\n\t<meta property=\"og:image:width\" content=\"1200\" \/>\n\t<meta property=\"og:image:height\" content=\"630\" \/>\n\t<meta property=\"og:image:type\" content=\"image\/jpeg\" \/>\n<meta name=\"author\" content=\"Rauf Hac\u0131yev\" \/>\n<meta name=\"twitter:card\" content=\"summary_large_image\" \/>\n<meta name=\"twitter:label1\" content=\"Written by\" \/>\n\t<meta name=\"twitter:data1\" content=\"Rauf Hac\u0131yev\" \/>\n\t<meta name=\"twitter:label2\" content=\"Est. reading time\" \/>\n\t<meta name=\"twitter:data2\" content=\"2 minutes\" \/>\n<script type=\"application\/ld+json\" class=\"yoast-schema-graph\">{\"@context\":\"https:\\\/\\\/schema.org\",\"@graph\":[{\"@type\":\"Article\",\"@id\":\"https:\\\/\\\/kokpit.az\\\/?p=28361#article\",\"isPartOf\":{\"@id\":\"https:\\\/\\\/kokpit.az\\\/?p=28361\"},\"author\":{\"name\":\"Rauf Hac\u0131yev\",\"@id\":\"https:\\\/\\\/kokpit.az\\\/#\\\/schema\\\/person\\\/f4114e650bc2993d0650e4fb6933c581\"},\"headline\":\"K.Antonelli: Ferrari il\u0259 m\u00fcbariz\u0259 aparaca\u011f\u0131q\",\"datePublished\":\"2026-09-05T04:00:23+00:00\",\"mainEntityOfPage\":{\"@id\":\"https:\\\/\\\/kokpit.az\\\/?p=28361\"},\"wordCount\":365,\"commentCount\":0,\"publisher\":{\"@id\":\"https:\\\/\\\/kokpit.az\\\/#organization\"},\"image\":{\"@id\":\"https:\\\/\\\/kokpit.az\\\/?p=28361#primaryimage\"},\"thumbnailUrl\":\"https:\\\/\\\/kokpit.az\\\/wp-content\\\/uploads\\\/2026\\\/09\\\/HRYMm3uW8AIm5yo-e1788552298378.jpeg\",\"keywords\":[\"Kimi Antonelli\",\"Mercedes AMG Petronas F1 Team\"],\"articleSection\":[\"\u0130taliya Qran Prisi\",\"X\u0259b\u0259rl\u0259r\"],\"inLanguage\":\"az\",\"potentialAction\":[{\"@type\":\"CommentAction\",\"name\":\"Comment\",\"target\":[\"https:\\\/\\\/kokpit.az\\\/?p=28361#respond\"]}]},{\"@type\":\"WebPage\",\"@id\":\"https:\\\/\\\/kokpit.az\\\/?p=28361\",\"url\":\"https:\\\/\\\/kokpit.az\\\/?p=28361\",\"name\":\"K.Antonelli: Ferrari il\u0259 m\u00fcbariz\u0259 aparaca\u011f\u0131q - X\u0259b\u0259ri Kokpitd\u0259 Oxuyun!\",\"isPartOf\":{\"@id\":\"https:\\\/\\\/kokpit.az\\\/#website\"},\"primaryImageOfPage\":{\"@id\":\"https:\\\/\\\/kokpit.az\\\/?p=28361#primaryimage\"},\"image\":{\"@id\":\"https:\\\/\\\/kokpit.az\\\/?p=28361#primaryimage\"},\"thumbnailUrl\":\"https:\\\/\\\/kokpit.az\\\/wp-content\\\/uploads\\\/2026\\\/09\\\/HRYMm3uW8AIm5yo-e1788552298378.jpeg\",\"datePublished\":\"2026-09-05T04:00:23+00:00\",\"breadcrumb\":{\"@id\":\"https:\\\/\\\/kokpit.az\\\/?p=28361#breadcrumb\"},\"inLanguage\":\"az\",\"potentialAction\":[{\"@type\":\"ReadAction\",\"target\":[\"https:\\\/\\\/kokpit.az\\\/?p=28361\"]}]},{\"@type\":\"ImageObject\",\"inLanguage\":\"az\",\"@id\":\"https:\\\/\\\/kokpit.az\\\/?p=28361#primaryimage\",\"url\":\"https:\\\/\\\/kokpit.az\\\/wp-content\\\/uploads\\\/2026\\\/09\\\/HRYMm3uW8AIm5yo-e1788552298378.jpeg\",\"contentUrl\":\"https:\\\/\\\/kokpit.az\\\/wp-content\\\/uploads\\\/2026\\\/09\\\/HRYMm3uW8AIm5yo-e1788552298378.jpeg\",\"width\":1200,\"height\":630},{\"@type\":\"BreadcrumbList\",\"@id\":\"https:\\\/\\\/kokpit.az\\\/?p=28361#breadcrumb\",\"itemListElement\":[{\"@type\":\"ListItem\",\"position\":1,\"name\":\"Home\",\"item\":\"https:\\\/\\\/kokpit.az\\\/\"},{\"@type\":\"ListItem\",\"position\":2,\"name\":\"K.Antonelli: Ferrari il\u0259 m\u00fcbariz\u0259 aparaca\u011f\u0131q\"}]},{\"@type\":\"WebSite\",\"@id\":\"https:\\\/\\\/kokpit.az\\\/#website\",\"url\":\"https:\\\/\\\/kokpit.az\\\/\",\"name\":\"X\u0259b\u0259ri Kokpitd\u0259 Oxuyun!\",\"description\":\"\",\"publisher\":{\"@id\":\"https:\\\/\\\/kokpit.az\\\/#organization\"},\"potentialAction\":[{\"@type\":\"SearchAction\",\"target\":{\"@type\":\"EntryPoint\",\"urlTemplate\":\"https:\\\/\\\/kokpit.az\\\/?s={search_term_string}\"},\"query-input\":{\"@type\":\"PropertyValueSpecification\",\"valueRequired\":true,\"valueName\":\"search_term_string\"}}],\"inLanguage\":\"az\"},{\"@type\":\"Organization\",\"@id\":\"https:\\\/\\\/kokpit.az\\\/#organization\",\"name\":\"X\u0259b\u0259ri Kokpitd\u0259 Oxuyun!\",\"url\":\"https:\\\/\\\/kokpit.az\\\/\",\"logo\":{\"@type\":\"ImageObject\",\"inLanguage\":\"az\",\"@id\":\"https:\\\/\\\/kokpit.az\\\/#\\\/schema\\\/logo\\\/image\\\/\",\"url\":\"https:\\\/\\\/kokpit.az\\\/wp-content\\\/uploads\\\/2023\\\/05\\\/kokpit.jpg\",\"contentUrl\":\"https:\\\/\\\/kokpit.az\\\/wp-content\\\/uploads\\\/2023\\\/05\\\/kokpit.jpg\",\"width\":488,\"height\":245,\"caption\":\"X\u0259b\u0259ri Kokpitd\u0259 Oxuyun!\"},\"image\":{\"@id\":\"https:\\\/\\\/kokpit.az\\\/#\\\/schema\\\/logo\\\/image\\\/\"},\"sameAs\":[\"https:\\\/\\\/www.facebook.com\\\/profile.php?id=61553756392357\"]},{\"@type\":\"Person\",\"@id\":\"https:\\\/\\\/kokpit.az\\\/#\\\/schema\\\/person\\\/f4114e650bc2993d0650e4fb6933c581\",\"name\":\"Rauf Hac\u0131yev\",\"image\":{\"@type\":\"ImageObject\",\"inLanguage\":\"az\",\"@id\":\"https:\\\/\\\/secure.gravatar.com\\\/avatar\\\/394a2085c47c7acdcf41f7d270b7cbb52513d6f4f24c1cb6dfbbd61f98c0503d?s=96&d=mm&r=g\",\"url\":\"https:\\\/\\\/secure.gravatar.com\\\/avatar\\\/394a2085c47c7acdcf41f7d270b7cbb52513d6f4f24c1cb6dfbbd61f98c0503d?s=96&d=mm&r=g\",\"contentUrl\":\"https:\\\/\\\/secure.gravatar.com\\\/avatar\\\/394a2085c47c7acdcf41f7d270b7cbb52513d6f4f24c1cb6dfbbd61f98c0503d?s=96&d=mm&r=g\",\"caption\":\"Rauf Hac\u0131yev\"},\"sameAs\":[\"https:\\\/\\\/kokpit.az\"],\"url\":\"https:\\\/\\\/kokpit.az\\\/?author=2\"}]}<\/script>\n<!-- \/ Yoast SEO plugin. -->","yoast_head_json":{"title":"K.Antonelli: Ferrari il\u0259 m\u00fcbariz\u0259 aparaca\u011f\u0131q - X\u0259b\u0259ri Kokpitd\u0259 Oxuyun!","robots":{"index":"index","follow":"follow","max-snippet":"max-snippet:-1","max-image-preview":"max-image-preview:large","max-video-preview":"max-video-preview:-1"},"canonical":"https:\/\/kokpit.az\/?p=28361","og_locale":"az_AZ","og_type":"article","og_title":"K.Antonelli: Ferrari il\u0259 m\u00fcbariz\u0259 aparaca\u011f\u0131q - X\u0259b\u0259ri Kokpitd\u0259 Oxuyun!","og_description":"Mercedes komandas\u0131n\u0131n s\u00fcr\u00fcc\u00fcs\u00fc Kimi Antonelli Ferrari-nin yeni m\u00fch\u0259rrikl\u0259 birlikd\u0259 s\u00fcr\u0259tini art\u0131rd\u0131\u011f\u0131n\u0131 v\u0259 Monzada poul u\u011frunda m\u00fcbariz\u0259nin olduqca g\u0259rgin ke\u00e7\u0259c\u0259yini bildirib.","og_url":"https:\/\/kokpit.az\/?p=28361","og_site_name":"X\u0259b\u0259ri Kokpitd\u0259 Oxuyun!","article_publisher":"https:\/\/www.facebook.com\/profile.php?id=61553756392357","article_published_time":"2026-09-05T04:00:23+00:00","og_image":[{"width":1200,"height":630,"url":"https:\/\/kokpit.az\/wp-content\/uploads\/2026\/09\/HRYMm3uW8AIm5yo-e1788552298378.jpeg","type":"image\/jpeg"}],"author":"Rauf Hac\u0131yev","twitter_card":"summary_large_image","twitter_misc":{"Written by":"Rauf Hac\u0131yev","Est. reading time":"2 minutes"},"schema":{"@context":"https:\/\/schema.org","@graph":[{"@type":"Article","@id":"https:\/\/kokpit.az\/?p=28361#article","isPartOf":{"@id":"https:\/\/kokpit.az\/?p=28361"},"author":{"name":"Rauf Hac\u0131yev","@id":"https:\/\/kokpit.az\/#\/schema\/person\/f4114e650bc2993d0650e4fb6933c581"},"headline":"K.Antonelli: Ferrari il\u0259 m\u00fcbariz\u0259 aparaca\u011f\u0131q","datePublished":"2026-09-05T04:00:23+00:00","mainEntityOfPage":{"@id":"https:\/\/kokpit.az\/?p=28361"},"wordCount":365,"commentCount":0,"publisher":{"@id":"https:\/\/kokpit.az\/#organization"},"image":{"@id":"https:\/\/kokpit.az\/?p=28361#primaryimage"},"thumbnailUrl":"https:\/\/kokpit.az\/wp-content\/uploads\/2026\/09\/HRYMm3uW8AIm5yo-e1788552298378.jpeg","keywords":["Kimi Antonelli","Mercedes AMG Petronas F1 Team"],"articleSection":["\u0130taliya Qran Prisi","X\u0259b\u0259rl\u0259r"],"inLanguage":"az","potentialAction":[{"@type":"CommentAction","name":"Comment","target":["https:\/\/kokpit.az\/?p=28361#respond"]}]},{"@type":"WebPage","@id":"https:\/\/kokpit.az\/?p=28361","url":"https:\/\/kokpit.az\/?p=28361","name":"K.Antonelli: Ferrari il\u0259 m\u00fcbariz\u0259 aparaca\u011f\u0131q - X\u0259b\u0259ri Kokpitd\u0259 Oxuyun!","isPartOf":{"@id":"https:\/\/kokpit.az\/#website"},"primaryImageOfPage":{"@id":"https:\/\/kokpit.az\/?p=28361#primaryimage"},"image":{"@id":"https:\/\/kokpit.az\/?p=28361#primaryimage"},"thumbnailUrl":"https:\/\/kokpit.az\/wp-content\/uploads\/2026\/09\/HRYMm3uW8AIm5yo-e1788552298378.jpeg","datePublished":"2026-09-05T04:00:23+00:00","breadcrumb":{"@id":"https:\/\/kokpit.az\/?p=28361#breadcrumb"},"inLanguage":"az","potentialAction":[{"@type":"ReadAction","target":["https:\/\/kokpit.az\/?p=28361"]}]},{"@type":"ImageObject","inLanguage":"az","@id":"https:\/\/kokpit.az\/?p=28361#primaryimage","url":"https:\/\/kokpit.az\/wp-content\/uploads\/2026\/09\/HRYMm3uW8AIm5yo-e1788552298378.jpeg","contentUrl":"https:\/\/kokpit.az\/wp-content\/uploads\/2026\/09\/HRYMm3uW8AIm5yo-e1788552298378.jpeg","width":1200,"height":630},{"@type":"BreadcrumbList","@id":"https:\/\/kokpit.az\/?p=28361#breadcrumb","itemListElement":[{"@type":"ListItem","position":1,"name":"Home","item":"https:\/\/kokpit.az\/"},{"@type":"ListItem","position":2,"name":"K.Antonelli: Ferrari il\u0259 m\u00fcbariz\u0259 aparaca\u011f\u0131q"}]},{"@type":"WebSite","@id":"https:\/\/kokpit.az\/#website","url":"https:\/\/kokpit.az\/","name":"X\u0259b\u0259ri Kokpitd\u0259 Oxuyun!","description":"","publisher":{"@id":"https:\/\/kokpit.az\/#organization"},"potentialAction":[{"@type":"SearchAction","target":{"@type":"EntryPoint","urlTemplate":"https:\/\/kokpit.az\/?s={search_term_string}"},"query-input":{"@type":"PropertyValueSpecification","valueRequired":true,"valueName":"search_term_string"}}],"inLanguage":"az"},{"@type":"Organization","@id":"https:\/\/kokpit.az\/#organization","name":"X\u0259b\u0259ri Kokpitd\u0259 Oxuyun!","url":"https:\/\/kokpit.az\/","logo":{"@type":"ImageObject","inLanguage":"az","@id":"https:\/\/kokpit.az\/#\/schema\/logo\/image\/","url":"https:\/\/kokpit.az\/wp-content\/uploads\/2023\/05\/kokpit.jpg","contentUrl":"https:\/\/kokpit.az\/wp-content\/uploads\/2023\/05\/kokpit.jpg","width":488,"height":245,"caption":"X\u0259b\u0259ri Kokpitd\u0259 Oxuyun!"},"image":{"@id":"https:\/\/kokpit.az\/#\/schema\/logo\/image\/"},"sameAs":["https:\/\/www.facebook.com\/profile.php?id=61553756392357"]},{"@type":"Person","@id":"https:\/\/kokpit.az\/#\/schema\/person\/f4114e650bc2993d0650e4fb6933c581","name":"Rauf Hac\u0131yev","image":{"@type":"ImageObject","inLanguage":"az","@id":"https:\/\/secure.gravatar.com\/avatar\/394a2085c47c7acdcf41f7d270b7cbb52513d6f4f24c1cb6dfbbd61f98c0503d?s=96&d=mm&r=g","url":"https:\/\/secure.gravatar.com\/avatar\/394a2085c47c7acdcf41f7d270b7cbb52513d6f4f24c1cb6dfbbd61f98c0503d?s=96&d=mm&r=g","contentUrl":"https:\/\/secure.gravatar.com\/avatar\/394a2085c47c7acdcf41f7d270b7cbb52513d6f4f24c1cb6dfbbd61f98c0503d?s=96&d=mm&r=g","caption":"Rauf Hac\u0131yev"},"sameAs":["https:\/\/kokpit.az"],"url":"https:\/\/kokpit.az\/?author=2"}]}},"_links":{"self":[{"href":"https:\/\/kokpit.az\/index.php?rest_route=\/wp\/v2\/posts\/28361","targetHints":{"allow":["GET"]}}],"collection":[{"href":"https:\/\/kokpit.az\/index.php?rest_route=\/wp\/v2\/posts"}],"about":[{"href":"https:\/\/kokpit.az\/index.php?rest_route=\/wp\/v2\/types\/post"}],"author":[{"embeddable":true,"href":"https:\/\/kokpit.az\/index.php?rest_route=\/wp\/v2\/users\/2"}],"replies":[{"embeddable":true,"href":"https:\/\/kokpit.az\/index.php?rest_route=%2Fwp%2Fv2%2Fcomments&post=28361"}],"version-history":[{"count":1,"href":"https:\/\/kokpit.az\/index.php?rest_route=\/wp\/v2\/posts\/28361\/revisions"}],"predecessor-version":[{"id":28363,"href":"https:\/\/kokpit.az\/index.php?rest_route=\/wp\/v2\/posts\/28361\/revisions\/28363"}],"wp:featuredmedia":[{"embeddable":true,"href":"https:\/\/kokpit.az\/index.php?rest_route=\/wp\/v2\/media\/28362"}],"wp:attachment":[{"href":"https:\/\/kokpit.az\/index.php?rest_route=%2Fwp%2Fv2%2Fmedia&parent=28361"}],"wp:term":[{"taxonomy":"category","embeddable":true,"href":"https:\/\/kokpit.az\/index.php?rest_route=%2Fwp%2Fv2%2Fcategories&post=28361"},{"taxonomy":"post_tag","embeddable":true,"href":"https:\/\/kokpit.az\/index.php?rest_route=%2Fwp%2Fv2%2Ftags&post=28361"}],"curies":[{"name":"wp","href":"https:\/\/api.w.org\/{rel}","templated":true}]}}