{"id":28340,"date":"2026-09-04T16:00:32","date_gmt":"2026-09-04T12:00:32","guid":{"rendered":"https:\/\/kokpit.az\/?p=28340"},"modified":"2026-09-04T16:26:04","modified_gmt":"2026-09-04T12:26:04","slug":"qaslinin-monako-qran-prisind%c9%99ki-ucunculuyu-l%c9%99gv-edilib","status":"publish","type":"post","link":"https:\/\/kokpit.az\/?p=28340","title":{"rendered":"Qaslinin Monako Qran Prisind\u0259ki \u00fc\u00e7\u00fcnc\u00fcl\u00fcy\u00fc l\u0259\u011fv edilib"},"content":{"rendered":"<p>\u0130yunun 7-d\u0259 ke\u00e7iril\u0259n Monako Qran Prisind\u0259 Qasli tras \u00fcz\u0259rind\u0259 yar\u0131\u015f\u0131 \u00fc\u00e7\u00fcnc\u00fc s\u0131rada ba\u015fa vurub. Lakin pit yoluna daxil olark\u0259n s\u00fcr\u0259t h\u0259ddini a\u015fd\u0131\u011f\u0131 \u00fc\u00e7\u00fcn yar\u0131\u015fdan sonra vaxt c\u0259zas\u0131 al\u0131b v\u0259 n\u0259tic\u0259d\u0259 yeddinci yer\u0259 geril\u0259yib.<\/p>\n<p>Pit yolunun r\u0259smi zamanlama sisteml\u0259rind\u0259 nasazl\u0131q a\u015fkarlanmas\u0131ndan sonra Alpine bu q\u0259rara etiraz edib. Komandan\u0131n \u201cYenid\u0259n bax\u0131lma h\u00fcququ\u201d t\u0259l\u0259bi q\u0259bul edildikd\u0259n sonra Qaslinin c\u0259zas\u0131 l\u0259\u011fv edilib v\u0259 fransal\u0131 s\u00fcr\u00fcc\u00fc yenid\u0259n podiumun son pill\u0259sin\u0259 y\u00fcks\u0259lib.<\/p>\n<p>Fransal\u0131 s\u00fcr\u00fcc\u00fcn\u00fcn \u00fc\u00e7\u00fcnc\u00fc yer\u0259 qaytar\u0131lmas\u0131ndan sonra McLaren v\u0259 Red Bull m\u0259s\u0259l\u0259ni FIA-n\u0131n Beyn\u0259lxalq Apellyasiya M\u0259hk\u0259m\u0259sin\u0259 da\u015f\u0131y\u0131b. Niderland Qran Prisind\u0259n sonra ke\u00e7iril\u0259n dinl\u0259m\u0259nin ard\u0131ndan q\u0259rar bir daha d\u0259yi\u015fdirilib.<\/p>\n<p>\u0130taliya Qran Prisind\u0259n \u0259vv\u0259l a\u00e7\u0131qlanan yekun q\u0259rara \u0259sas\u0259n, Pyer Qasli Monako Qran Prisind\u0259ki \u00fc\u00e7\u00fcnc\u00fcl\u00fck n\u0259tic\u0259sini v\u0259 podiumunu r\u0259smi olaraq itirib. Red Bull komandas\u0131n\u0131n s\u00fcr\u00fcc\u00fcs\u00fc Ayzek Hacar is\u0259 Monako Qran Prisinin \u00fc\u00e7\u00fcnc\u00fcs\u00fc elan edilib.<\/p>\n<p>Son m\u0259lumata g\u00f6r\u0259, Alpine komandan\u0131n bu q\u0259rardan naraz\u0131 oldu\u011fu v\u0259 h\u00fcquqi imkanlar\u0131n\u0131 d\u0259y\u0259rl\u0259ndirdiyi bildirilir. Komandan\u0131n yax\u0131n vaxtlarda m\u0259s\u0259l\u0259 il\u0259 ba\u011fl\u0131 r\u0259smi a\u00e7\u0131qlama verm\u0259si g\u00f6zl\u0259nilir.<\/p>\n","protected":false},"excerpt":{"rendered":"<p>McLaren v\u0259 Red Bull komandalar\u0131n\u0131n etirazlar\u0131n\u0131n haql\u0131 hesab edilm\u0259sind\u0259n sonra Pyer Qasli Monako Qran Prisind\u0259 qazand\u0131\u011f\u0131 \u00fc\u00e7\u00fcnc\u00fcl\u00fck n\u0259tic\u0259sini itirib.<\/p>\n","protected":false},"author":2,"featured_media":28341,"comment_status":"open","ping_status":"open","sticky":false,"template":"","format":"standard","meta":{"footnotes":""},"categories":[196,2],"tags":[46,77],"class_list":["post-28340","post","type-post","status-publish","format-standard","has-post-thumbnail","hentry","category-monako-qran-prisi","category-news","tag-monaco-grand-prix","tag-pierre-gasly"],"yoast_head":"<!-- This site is optimized with the Yoast SEO plugin v28.4 - https:\/\/yoast.com\/product\/yoast-seo-wordpress\/ -->\n<title>Qaslinin Monako Qran Prisind\u0259ki \u00fc\u00e7\u00fcnc\u00fcl\u00fcy\u00fc l\u0259\u011fv edilib - X\u0259b\u0259ri Kokpitd\u0259 Oxuyun!<\/title>\n<meta name=\"robots\" content=\"index, follow, max-snippet:-1, max-image-preview:large, max-video-preview:-1\" \/>\n<link rel=\"canonical\" href=\"https:\/\/kokpit.az\/?p=28340\" \/>\n<meta property=\"og:locale\" content=\"az_AZ\" \/>\n<meta property=\"og:type\" content=\"article\" \/>\n<meta property=\"og:title\" content=\"Qaslinin Monako Qran Prisind\u0259ki \u00fc\u00e7\u00fcnc\u00fcl\u00fcy\u00fc l\u0259\u011fv edilib - X\u0259b\u0259ri Kokpitd\u0259 Oxuyun!\" \/>\n<meta property=\"og:description\" content=\"McLaren v\u0259 Red Bull komandalar\u0131n\u0131n etirazlar\u0131n\u0131n haql\u0131 hesab edilm\u0259sind\u0259n sonra Pyer Qasli Monako Qran Prisind\u0259 qazand\u0131\u011f\u0131 \u00fc\u00e7\u00fcnc\u00fcl\u00fck n\u0259tic\u0259sini itirib.\" \/>\n<meta property=\"og:url\" content=\"https:\/\/kokpit.az\/?p=28340\" \/>\n<meta property=\"og:site_name\" content=\"X\u0259b\u0259ri Kokpitd\u0259 Oxuyun!\" \/>\n<meta property=\"article:publisher\" content=\"https:\/\/www.facebook.com\/profile.php?id=61553756392357\" \/>\n<meta property=\"article:published_time\" content=\"2026-09-04T12:00:32+00:00\" \/>\n<meta property=\"article:modified_time\" content=\"2026-09-04T12:26:04+00:00\" \/>\n<meta property=\"og:image\" content=\"https:\/\/kokpit.az\/wp-content\/uploads\/2026\/09\/racefansdotnet-24-06-07-11-31-31-2-TWJB-MON-GP-1004-e1788524412373.jpg\" \/>\n\t<meta property=\"og:image:width\" content=\"1200\" \/>\n\t<meta property=\"og:image:height\" content=\"630\" \/>\n\t<meta property=\"og:image:type\" content=\"image\/jpeg\" \/>\n<meta name=\"author\" content=\"Rauf Hac\u0131yev\" \/>\n<meta name=\"twitter:card\" content=\"summary_large_image\" \/>\n<meta name=\"twitter:label1\" content=\"Written by\" \/>\n\t<meta name=\"twitter:data1\" content=\"Rauf Hac\u0131yev\" \/>\n\t<meta name=\"twitter:label2\" content=\"Est. reading time\" \/>\n\t<meta name=\"twitter:data2\" content=\"1 minute\" \/>\n<script type=\"application\/ld+json\" class=\"yoast-schema-graph\">{\"@context\":\"https:\\\/\\\/schema.org\",\"@graph\":[{\"@type\":\"Article\",\"@id\":\"https:\\\/\\\/kokpit.az\\\/?p=28340#article\",\"isPartOf\":{\"@id\":\"https:\\\/\\\/kokpit.az\\\/?p=28340\"},\"author\":{\"name\":\"Rauf Hac\u0131yev\",\"@id\":\"https:\\\/\\\/kokpit.az\\\/#\\\/schema\\\/person\\\/f4114e650bc2993d0650e4fb6933c581\"},\"headline\":\"Qaslinin Monako Qran Prisind\u0259ki \u00fc\u00e7\u00fcnc\u00fcl\u00fcy\u00fc l\u0259\u011fv edilib\",\"datePublished\":\"2026-09-04T12:00:32+00:00\",\"dateModified\":\"2026-09-04T12:26:04+00:00\",\"mainEntityOfPage\":{\"@id\":\"https:\\\/\\\/kokpit.az\\\/?p=28340\"},\"wordCount\":261,\"commentCount\":0,\"publisher\":{\"@id\":\"https:\\\/\\\/kokpit.az\\\/#organization\"},\"image\":{\"@id\":\"https:\\\/\\\/kokpit.az\\\/?p=28340#primaryimage\"},\"thumbnailUrl\":\"https:\\\/\\\/kokpit.az\\\/wp-content\\\/uploads\\\/2026\\\/09\\\/racefansdotnet-24-06-07-11-31-31-2-TWJB-MON-GP-1004-e1788524412373.jpg\",\"keywords\":[\"Monaco Grand Prix\",\"Pierre Gasly\"],\"articleSection\":[\"Monako Qran Prisi\",\"X\u0259b\u0259rl\u0259r\"],\"inLanguage\":\"az\",\"potentialAction\":[{\"@type\":\"CommentAction\",\"name\":\"Comment\",\"target\":[\"https:\\\/\\\/kokpit.az\\\/?p=28340#respond\"]}]},{\"@type\":\"WebPage\",\"@id\":\"https:\\\/\\\/kokpit.az\\\/?p=28340\",\"url\":\"https:\\\/\\\/kokpit.az\\\/?p=28340\",\"name\":\"Qaslinin Monako Qran Prisind\u0259ki \u00fc\u00e7\u00fcnc\u00fcl\u00fcy\u00fc l\u0259\u011fv edilib - X\u0259b\u0259ri Kokpitd\u0259 Oxuyun!\",\"isPartOf\":{\"@id\":\"https:\\\/\\\/kokpit.az\\\/#website\"},\"primaryImageOfPage\":{\"@id\":\"https:\\\/\\\/kokpit.az\\\/?p=28340#primaryimage\"},\"image\":{\"@id\":\"https:\\\/\\\/kokpit.az\\\/?p=28340#primaryimage\"},\"thumbnailUrl\":\"https:\\\/\\\/kokpit.az\\\/wp-content\\\/uploads\\\/2026\\\/09\\\/racefansdotnet-24-06-07-11-31-31-2-TWJB-MON-GP-1004-e1788524412373.jpg\",\"datePublished\":\"2026-09-04T12:00:32+00:00\",\"dateModified\":\"2026-09-04T12:26:04+00:00\",\"breadcrumb\":{\"@id\":\"https:\\\/\\\/kokpit.az\\\/?p=28340#breadcrumb\"},\"inLanguage\":\"az\",\"potentialAction\":[{\"@type\":\"ReadAction\",\"target\":[\"https:\\\/\\\/kokpit.az\\\/?p=28340\"]}]},{\"@type\":\"ImageObject\",\"inLanguage\":\"az\",\"@id\":\"https:\\\/\\\/kokpit.az\\\/?p=28340#primaryimage\",\"url\":\"https:\\\/\\\/kokpit.az\\\/wp-content\\\/uploads\\\/2026\\\/09\\\/racefansdotnet-24-06-07-11-31-31-2-TWJB-MON-GP-1004-e1788524412373.jpg\",\"contentUrl\":\"https:\\\/\\\/kokpit.az\\\/wp-content\\\/uploads\\\/2026\\\/09\\\/racefansdotnet-24-06-07-11-31-31-2-TWJB-MON-GP-1004-e1788524412373.jpg\",\"width\":1200,\"height\":630},{\"@type\":\"BreadcrumbList\",\"@id\":\"https:\\\/\\\/kokpit.az\\\/?p=28340#breadcrumb\",\"itemListElement\":[{\"@type\":\"ListItem\",\"position\":1,\"name\":\"Home\",\"item\":\"https:\\\/\\\/kokpit.az\\\/\"},{\"@type\":\"ListItem\",\"position\":2,\"name\":\"Qaslinin Monako Qran Prisind\u0259ki \u00fc\u00e7\u00fcnc\u00fcl\u00fcy\u00fc l\u0259\u011fv edilib\"}]},{\"@type\":\"WebSite\",\"@id\":\"https:\\\/\\\/kokpit.az\\\/#website\",\"url\":\"https:\\\/\\\/kokpit.az\\\/\",\"name\":\"X\u0259b\u0259ri Kokpitd\u0259 Oxuyun!\",\"description\":\"\",\"publisher\":{\"@id\":\"https:\\\/\\\/kokpit.az\\\/#organization\"},\"potentialAction\":[{\"@type\":\"SearchAction\",\"target\":{\"@type\":\"EntryPoint\",\"urlTemplate\":\"https:\\\/\\\/kokpit.az\\\/?s={search_term_string}\"},\"query-input\":{\"@type\":\"PropertyValueSpecification\",\"valueRequired\":true,\"valueName\":\"search_term_string\"}}],\"inLanguage\":\"az\"},{\"@type\":\"Organization\",\"@id\":\"https:\\\/\\\/kokpit.az\\\/#organization\",\"name\":\"X\u0259b\u0259ri Kokpitd\u0259 Oxuyun!\",\"url\":\"https:\\\/\\\/kokpit.az\\\/\",\"logo\":{\"@type\":\"ImageObject\",\"inLanguage\":\"az\",\"@id\":\"https:\\\/\\\/kokpit.az\\\/#\\\/schema\\\/logo\\\/image\\\/\",\"url\":\"https:\\\/\\\/kokpit.az\\\/wp-content\\\/uploads\\\/2023\\\/05\\\/kokpit.jpg\",\"contentUrl\":\"https:\\\/\\\/kokpit.az\\\/wp-content\\\/uploads\\\/2023\\\/05\\\/kokpit.jpg\",\"width\":488,\"height\":245,\"caption\":\"X\u0259b\u0259ri Kokpitd\u0259 Oxuyun!\"},\"image\":{\"@id\":\"https:\\\/\\\/kokpit.az\\\/#\\\/schema\\\/logo\\\/image\\\/\"},\"sameAs\":[\"https:\\\/\\\/www.facebook.com\\\/profile.php?id=61553756392357\"]},{\"@type\":\"Person\",\"@id\":\"https:\\\/\\\/kokpit.az\\\/#\\\/schema\\\/person\\\/f4114e650bc2993d0650e4fb6933c581\",\"name\":\"Rauf Hac\u0131yev\",\"image\":{\"@type\":\"ImageObject\",\"inLanguage\":\"az\",\"@id\":\"https:\\\/\\\/secure.gravatar.com\\\/avatar\\\/394a2085c47c7acdcf41f7d270b7cbb52513d6f4f24c1cb6dfbbd61f98c0503d?s=96&d=mm&r=g\",\"url\":\"https:\\\/\\\/secure.gravatar.com\\\/avatar\\\/394a2085c47c7acdcf41f7d270b7cbb52513d6f4f24c1cb6dfbbd61f98c0503d?s=96&d=mm&r=g\",\"contentUrl\":\"https:\\\/\\\/secure.gravatar.com\\\/avatar\\\/394a2085c47c7acdcf41f7d270b7cbb52513d6f4f24c1cb6dfbbd61f98c0503d?s=96&d=mm&r=g\",\"caption\":\"Rauf Hac\u0131yev\"},\"sameAs\":[\"https:\\\/\\\/kokpit.az\"],\"url\":\"https:\\\/\\\/kokpit.az\\\/?author=2\"}]}<\/script>\n<!-- \/ Yoast SEO plugin. -->","yoast_head_json":{"title":"Qaslinin Monako Qran Prisind\u0259ki \u00fc\u00e7\u00fcnc\u00fcl\u00fcy\u00fc l\u0259\u011fv edilib - X\u0259b\u0259ri Kokpitd\u0259 Oxuyun!","robots":{"index":"index","follow":"follow","max-snippet":"max-snippet:-1","max-image-preview":"max-image-preview:large","max-video-preview":"max-video-preview:-1"},"canonical":"https:\/\/kokpit.az\/?p=28340","og_locale":"az_AZ","og_type":"article","og_title":"Qaslinin Monako Qran Prisind\u0259ki \u00fc\u00e7\u00fcnc\u00fcl\u00fcy\u00fc l\u0259\u011fv edilib - X\u0259b\u0259ri Kokpitd\u0259 Oxuyun!","og_description":"McLaren v\u0259 Red Bull komandalar\u0131n\u0131n etirazlar\u0131n\u0131n haql\u0131 hesab edilm\u0259sind\u0259n sonra Pyer Qasli Monako Qran Prisind\u0259 qazand\u0131\u011f\u0131 \u00fc\u00e7\u00fcnc\u00fcl\u00fck n\u0259tic\u0259sini itirib.","og_url":"https:\/\/kokpit.az\/?p=28340","og_site_name":"X\u0259b\u0259ri Kokpitd\u0259 Oxuyun!","article_publisher":"https:\/\/www.facebook.com\/profile.php?id=61553756392357","article_published_time":"2026-09-04T12:00:32+00:00","article_modified_time":"2026-09-04T12:26:04+00:00","og_image":[{"width":1200,"height":630,"url":"https:\/\/kokpit.az\/wp-content\/uploads\/2026\/09\/racefansdotnet-24-06-07-11-31-31-2-TWJB-MON-GP-1004-e1788524412373.jpg","type":"image\/jpeg"}],"author":"Rauf Hac\u0131yev","twitter_card":"summary_large_image","twitter_misc":{"Written by":"Rauf Hac\u0131yev","Est. reading time":"1 minute"},"schema":{"@context":"https:\/\/schema.org","@graph":[{"@type":"Article","@id":"https:\/\/kokpit.az\/?p=28340#article","isPartOf":{"@id":"https:\/\/kokpit.az\/?p=28340"},"author":{"name":"Rauf Hac\u0131yev","@id":"https:\/\/kokpit.az\/#\/schema\/person\/f4114e650bc2993d0650e4fb6933c581"},"headline":"Qaslinin Monako Qran Prisind\u0259ki \u00fc\u00e7\u00fcnc\u00fcl\u00fcy\u00fc l\u0259\u011fv edilib","datePublished":"2026-09-04T12:00:32+00:00","dateModified":"2026-09-04T12:26:04+00:00","mainEntityOfPage":{"@id":"https:\/\/kokpit.az\/?p=28340"},"wordCount":261,"commentCount":0,"publisher":{"@id":"https:\/\/kokpit.az\/#organization"},"image":{"@id":"https:\/\/kokpit.az\/?p=28340#primaryimage"},"thumbnailUrl":"https:\/\/kokpit.az\/wp-content\/uploads\/2026\/09\/racefansdotnet-24-06-07-11-31-31-2-TWJB-MON-GP-1004-e1788524412373.jpg","keywords":["Monaco Grand Prix","Pierre Gasly"],"articleSection":["Monako Qran Prisi","X\u0259b\u0259rl\u0259r"],"inLanguage":"az","potentialAction":[{"@type":"CommentAction","name":"Comment","target":["https:\/\/kokpit.az\/?p=28340#respond"]}]},{"@type":"WebPage","@id":"https:\/\/kokpit.az\/?p=28340","url":"https:\/\/kokpit.az\/?p=28340","name":"Qaslinin Monako Qran Prisind\u0259ki \u00fc\u00e7\u00fcnc\u00fcl\u00fcy\u00fc l\u0259\u011fv edilib - X\u0259b\u0259ri Kokpitd\u0259 Oxuyun!","isPartOf":{"@id":"https:\/\/kokpit.az\/#website"},"primaryImageOfPage":{"@id":"https:\/\/kokpit.az\/?p=28340#primaryimage"},"image":{"@id":"https:\/\/kokpit.az\/?p=28340#primaryimage"},"thumbnailUrl":"https:\/\/kokpit.az\/wp-content\/uploads\/2026\/09\/racefansdotnet-24-06-07-11-31-31-2-TWJB-MON-GP-1004-e1788524412373.jpg","datePublished":"2026-09-04T12:00:32+00:00","dateModified":"2026-09-04T12:26:04+00:00","breadcrumb":{"@id":"https:\/\/kokpit.az\/?p=28340#breadcrumb"},"inLanguage":"az","potentialAction":[{"@type":"ReadAction","target":["https:\/\/kokpit.az\/?p=28340"]}]},{"@type":"ImageObject","inLanguage":"az","@id":"https:\/\/kokpit.az\/?p=28340#primaryimage","url":"https:\/\/kokpit.az\/wp-content\/uploads\/2026\/09\/racefansdotnet-24-06-07-11-31-31-2-TWJB-MON-GP-1004-e1788524412373.jpg","contentUrl":"https:\/\/kokpit.az\/wp-content\/uploads\/2026\/09\/racefansdotnet-24-06-07-11-31-31-2-TWJB-MON-GP-1004-e1788524412373.jpg","width":1200,"height":630},{"@type":"BreadcrumbList","@id":"https:\/\/kokpit.az\/?p=28340#breadcrumb","itemListElement":[{"@type":"ListItem","position":1,"name":"Home","item":"https:\/\/kokpit.az\/"},{"@type":"ListItem","position":2,"name":"Qaslinin Monako Qran Prisind\u0259ki \u00fc\u00e7\u00fcnc\u00fcl\u00fcy\u00fc l\u0259\u011fv edilib"}]},{"@type":"WebSite","@id":"https:\/\/kokpit.az\/#website","url":"https:\/\/kokpit.az\/","name":"X\u0259b\u0259ri Kokpitd\u0259 Oxuyun!","description":"","publisher":{"@id":"https:\/\/kokpit.az\/#organization"},"potentialAction":[{"@type":"SearchAction","target":{"@type":"EntryPoint","urlTemplate":"https:\/\/kokpit.az\/?s={search_term_string}"},"query-input":{"@type":"PropertyValueSpecification","valueRequired":true,"valueName":"search_term_string"}}],"inLanguage":"az"},{"@type":"Organization","@id":"https:\/\/kokpit.az\/#organization","name":"X\u0259b\u0259ri Kokpitd\u0259 Oxuyun!","url":"https:\/\/kokpit.az\/","logo":{"@type":"ImageObject","inLanguage":"az","@id":"https:\/\/kokpit.az\/#\/schema\/logo\/image\/","url":"https:\/\/kokpit.az\/wp-content\/uploads\/2023\/05\/kokpit.jpg","contentUrl":"https:\/\/kokpit.az\/wp-content\/uploads\/2023\/05\/kokpit.jpg","width":488,"height":245,"caption":"X\u0259b\u0259ri Kokpitd\u0259 Oxuyun!"},"image":{"@id":"https:\/\/kokpit.az\/#\/schema\/logo\/image\/"},"sameAs":["https:\/\/www.facebook.com\/profile.php?id=61553756392357"]},{"@type":"Person","@id":"https:\/\/kokpit.az\/#\/schema\/person\/f4114e650bc2993d0650e4fb6933c581","name":"Rauf Hac\u0131yev","image":{"@type":"ImageObject","inLanguage":"az","@id":"https:\/\/secure.gravatar.com\/avatar\/394a2085c47c7acdcf41f7d270b7cbb52513d6f4f24c1cb6dfbbd61f98c0503d?s=96&d=mm&r=g","url":"https:\/\/secure.gravatar.com\/avatar\/394a2085c47c7acdcf41f7d270b7cbb52513d6f4f24c1cb6dfbbd61f98c0503d?s=96&d=mm&r=g","contentUrl":"https:\/\/secure.gravatar.com\/avatar\/394a2085c47c7acdcf41f7d270b7cbb52513d6f4f24c1cb6dfbbd61f98c0503d?s=96&d=mm&r=g","caption":"Rauf Hac\u0131yev"},"sameAs":["https:\/\/kokpit.az"],"url":"https:\/\/kokpit.az\/?author=2"}]}},"_links":{"self":[{"href":"https:\/\/kokpit.az\/index.php?rest_route=\/wp\/v2\/posts\/28340","targetHints":{"allow":["GET"]}}],"collection":[{"href":"https:\/\/kokpit.az\/index.php?rest_route=\/wp\/v2\/posts"}],"about":[{"href":"https:\/\/kokpit.az\/index.php?rest_route=\/wp\/v2\/types\/post"}],"author":[{"embeddable":true,"href":"https:\/\/kokpit.az\/index.php?rest_route=\/wp\/v2\/users\/2"}],"replies":[{"embeddable":true,"href":"https:\/\/kokpit.az\/index.php?rest_route=%2Fwp%2Fv2%2Fcomments&post=28340"}],"version-history":[{"count":1,"href":"https:\/\/kokpit.az\/index.php?rest_route=\/wp\/v2\/posts\/28340\/revisions"}],"predecessor-version":[{"id":28342,"href":"https:\/\/kokpit.az\/index.php?rest_route=\/wp\/v2\/posts\/28340\/revisions\/28342"}],"wp:featuredmedia":[{"embeddable":true,"href":"https:\/\/kokpit.az\/index.php?rest_route=\/wp\/v2\/media\/28341"}],"wp:attachment":[{"href":"https:\/\/kokpit.az\/index.php?rest_route=%2Fwp%2Fv2%2Fmedia&parent=28340"}],"wp:term":[{"taxonomy":"category","embeddable":true,"href":"https:\/\/kokpit.az\/index.php?rest_route=%2Fwp%2Fv2%2Fcategories&post=28340"},{"taxonomy":"post_tag","embeddable":true,"href":"https:\/\/kokpit.az\/index.php?rest_route=%2Fwp%2Fv2%2Ftags&post=28340"}],"curies":[{"name":"wp","href":"https:\/\/api.w.org\/{rel}","templated":true}]}}