{"id":28336,"date":"2026-09-04T15:45:18","date_gmt":"2026-09-04T11:45:18","guid":{"rendered":"https:\/\/kokpit.az\/?p=28336"},"modified":"2026-09-04T15:56:21","modified_gmt":"2026-09-04T11:56:21","slug":"italiya-gp-ilk-sessiyada-lekler-zirv%c9%99d%c9%99dir","status":"publish","type":"post","link":"https:\/\/kokpit.az\/?p=28336","title":{"rendered":"\u0130taliya GP: \u0130lk sessiyada Lekler zirv\u0259d\u0259dir"},"content":{"rendered":"<p>&nbsp;<\/p>\n<p>Monzada ilk s\u0259rb\u0259st m\u0259\u015fq sessiyas\u0131 ba\u015flamazdan \u0259vv\u0259l havan\u0131n temperaturu 30\u00b0C, asfalt\u0131n temperaturu is\u0259 49\u00b0C \u00f6l\u00e7\u00fcl\u00fcb.<\/p>\n<p>Bu h\u0259ft\u0259sonu \u00fc\u00e7\u00fcn r\u0259smi olaraq istilik t\u0259hl\u00fck\u0259si elan edilib. Bu is\u0259 pilotlar\u0131n ya soyuducu jilet geyinm\u0259li, ya da bolidl\u0259rin\u0259 5 kiloqram \u0259lav\u0259 \u00e7\u0259ki y\u00fckl\u0259m\u0259li olaca\u011f\u0131 anlam\u0131na g\u0259lirdi.<\/p>\n<p>Bu sessiyada Maks Ferstappenin Red Bull bolidind\u0259 Ayumu \u0130vasa, Aleks Elbonun Williams bolidind\u0259 Lyuk Brouninq, Pyer Qaslinin Alpine bolidind\u0259 Paul Aron, Serxio Peresin Cadillac bolidind\u0259 is\u0259 Kolton Herta i\u015ftirak edib.<\/p>\n<p>Saat 13:30-u g\u00f6st\u0259rdikd\u0259 h\u0259ft\u0259sonunun ilk s\u0259rb\u0259st m\u0259\u015fq sessiyas\u0131na start verilib v\u0259 pilotlar vaxt itirm\u0259d\u0259n trasa \u00e7\u0131xma\u011fa ba\u015flay\u0131blar.<\/p>\n<p>\u0130lk 15 d\u0259qiq\u0259 gerid\u0259 qald\u0131qdan sonra Lando Norris 1:23.719 n\u0259tic\u0259 il\u0259 liderliy\u0259 y\u00fcks\u0259lib. \u0130kinci yerd\u0259 is\u0259 ondan 0,083 saniy\u0259 geri qalan Corc Rassell q\u0259rarla\u015f\u0131b.<\/p>\n<p>Bir ne\u00e7\u0259 d\u0259qiq\u0259 sonra sar\u0131 bayraqlar dal\u011faland\u0131r\u0131l\u0131b v\u0259 Kolton Hertan\u0131n bolidinin trasda dayand\u0131\u011f\u0131 g\u00f6r\u00fcl\u00fcb. Hadis\u0259d\u0259n sonra sessiyaya Virtual T\u0259hl\u00fck\u0259sizlik Ma\u015f\u0131n\u0131 rejimi t\u0259tbiq edilib. Virtual T\u0259hl\u00fck\u0259sizlik Ma\u015f\u0131n\u0131 rejiminin q\u0131rm\u0131z\u0131 bayraqla \u0259v\u0259zl\u0259nm\u0259sind\u0259n sonra Herta bolidd\u0259n d\u00fc\u015f\u00fcb, dig\u0259r pilotlar is\u0259 boksa qay\u0131d\u0131blar.<\/p>\n<p>10 d\u0259qiq\u0259lik fasil\u0259d\u0259n sonra sessiya qald\u0131\u011f\u0131 yerd\u0259n davam etdirilib. \u015earl Lekler sar\u0131 loqolu t\u0259k\u0259rl\u0259rl\u0259 1:23.008 n\u0259tic\u0259 g\u00f6st\u0259r\u0259r\u0259k liderliy\u0259 y\u00fcks\u0259lib. Komanda yolda\u015f\u0131 Lyuis H\u0259milton is\u0259 ikinci pill\u0259d\u0259 q\u0259rarla\u015f\u0131b.<\/p>\n<p>Sessiyan\u0131n qalan d\u0259qiq\u0259l\u0259rind\u0259 Lekler v\u0259 H\u0259miltonun n\u0259tic\u0259l\u0259rini yax\u015f\u0131la\u015fd\u0131ran pilot olmay\u0131b v\u0259 iki komanda yolda\u015f\u0131 Ferrari-nin ev yar\u0131\u015f\u0131nda ilk s\u0259rb\u0259st m\u0259\u015fq sessiyas\u0131n\u0131 ilk iki pill\u0259d\u0259 tamamlay\u0131blar.<\/p>\n<p>Corc Rassell \u00fc\u00e7\u00fcnc\u00fc, bu h\u0259ft\u0259sonu Red Bull-da yenid\u0259n Ayzek Hacar\u0131n yerin\u0259 yar\u0131\u015fan Liam Louson is\u0259 d\u00f6rd\u00fcnc\u00fc olub. \u00c7empionat\u0131n lideri Kimi Antonelli be\u015finci pill\u0259d\u0259 q\u0259rarla\u015f\u0131b.<\/p>\n<p>Lando Norris v\u0259 Arvid Lindblad m\u00fcvafiq olaraq alt\u0131nc\u0131 v\u0259 yeddinci yerl\u0259ri tutublar. Onlar\u0131n ard\u0131nca Qabriel Bortoleto v\u0259 Franko Kolapinto g\u0259lib. Paul Aron is\u0259 sessiyan\u0131 10-cu pill\u0259d\u0259 tamamlay\u0131b.<\/p>\n","protected":false},"excerpt":{"rendered":"<p>2026-c\u0131 il \u0130taliya Qran Prisinin ilk s\u0259rb\u0259st m\u0259\u015fq sessiyas\u0131n\u0131 zirv\u0259d\u0259 tamamlayan pilot \u015earl Lekler olub.<\/p>\n","protected":false},"author":2,"featured_media":28338,"comment_status":"open","ping_status":"open","sticky":false,"template":"","format":"standard","meta":{"footnotes":""},"categories":[204,2],"tags":[64,106,53],"class_list":["post-28336","post","type-post","status-publish","format-standard","has-post-thumbnail","hentry","category-italiya-qran-prisi","category-news","tag-charles-leclerc","tag-italian-grand-prix","tag-scuderia-ferrari"],"yoast_head":"<!-- This site is optimized with the Yoast SEO plugin v28.4 - https:\/\/yoast.com\/product\/yoast-seo-wordpress\/ -->\n<title>\u0130taliya GP: \u0130lk sessiyada Lekler zirv\u0259d\u0259dir - X\u0259b\u0259ri Kokpitd\u0259 Oxuyun!<\/title>\n<meta name=\"robots\" content=\"index, follow, max-snippet:-1, max-image-preview:large, max-video-preview:-1\" \/>\n<link rel=\"canonical\" href=\"https:\/\/kokpit.az\/?p=28336\" \/>\n<meta property=\"og:locale\" content=\"az_AZ\" \/>\n<meta property=\"og:type\" content=\"article\" \/>\n<meta property=\"og:title\" content=\"\u0130taliya GP: \u0130lk sessiyada Lekler zirv\u0259d\u0259dir - X\u0259b\u0259ri Kokpitd\u0259 Oxuyun!\" \/>\n<meta property=\"og:description\" content=\"2026-c\u0131 il \u0130taliya Qran Prisinin ilk s\u0259rb\u0259st m\u0259\u015fq sessiyas\u0131n\u0131 zirv\u0259d\u0259 tamamlayan pilot \u015earl Lekler olub.\" \/>\n<meta property=\"og:url\" content=\"https:\/\/kokpit.az\/?p=28336\" \/>\n<meta property=\"og:site_name\" content=\"X\u0259b\u0259ri Kokpitd\u0259 Oxuyun!\" \/>\n<meta property=\"article:publisher\" content=\"https:\/\/www.facebook.com\/profile.php?id=61553756392357\" \/>\n<meta property=\"article:published_time\" content=\"2026-09-04T11:45:18+00:00\" \/>\n<meta property=\"article:modified_time\" content=\"2026-09-04T11:56:21+00:00\" \/>\n<meta property=\"og:image\" content=\"https:\/\/kokpit.az\/wp-content\/uploads\/2026\/09\/4A671D01-3701-4152-A247-579C264AF1F0.jpeg\" \/>\n\t<meta property=\"og:image:width\" content=\"2048\" \/>\n\t<meta property=\"og:image:height\" content=\"1366\" \/>\n\t<meta property=\"og:image:type\" content=\"image\/jpeg\" \/>\n<meta name=\"author\" content=\"Rauf Hac\u0131yev\" \/>\n<meta name=\"twitter:card\" content=\"summary_large_image\" \/>\n<meta name=\"twitter:label1\" content=\"Written by\" \/>\n\t<meta name=\"twitter:data1\" content=\"Rauf Hac\u0131yev\" \/>\n\t<meta name=\"twitter:label2\" content=\"Est. reading time\" \/>\n\t<meta name=\"twitter:data2\" content=\"2 minutes\" \/>\n<script type=\"application\/ld+json\" class=\"yoast-schema-graph\">{\"@context\":\"https:\\\/\\\/schema.org\",\"@graph\":[{\"@type\":\"Article\",\"@id\":\"https:\\\/\\\/kokpit.az\\\/?p=28336#article\",\"isPartOf\":{\"@id\":\"https:\\\/\\\/kokpit.az\\\/?p=28336\"},\"author\":{\"name\":\"Rauf Hac\u0131yev\",\"@id\":\"https:\\\/\\\/kokpit.az\\\/#\\\/schema\\\/person\\\/f4114e650bc2993d0650e4fb6933c581\"},\"headline\":\"\u0130taliya GP: \u0130lk sessiyada Lekler zirv\u0259d\u0259dir\",\"datePublished\":\"2026-09-04T11:45:18+00:00\",\"dateModified\":\"2026-09-04T11:56:21+00:00\",\"mainEntityOfPage\":{\"@id\":\"https:\\\/\\\/kokpit.az\\\/?p=28336\"},\"wordCount\":391,\"commentCount\":0,\"publisher\":{\"@id\":\"https:\\\/\\\/kokpit.az\\\/#organization\"},\"image\":{\"@id\":\"https:\\\/\\\/kokpit.az\\\/?p=28336#primaryimage\"},\"thumbnailUrl\":\"https:\\\/\\\/kokpit.az\\\/wp-content\\\/uploads\\\/2026\\\/09\\\/4A671D01-3701-4152-A247-579C264AF1F0.jpeg\",\"keywords\":[\"Charles Leclerc\",\"Italian Grand Prix\",\"Scuderia Ferrari\"],\"articleSection\":[\"\u0130taliya Qran Prisi\",\"X\u0259b\u0259rl\u0259r\"],\"inLanguage\":\"az\",\"potentialAction\":[{\"@type\":\"CommentAction\",\"name\":\"Comment\",\"target\":[\"https:\\\/\\\/kokpit.az\\\/?p=28336#respond\"]}]},{\"@type\":\"WebPage\",\"@id\":\"https:\\\/\\\/kokpit.az\\\/?p=28336\",\"url\":\"https:\\\/\\\/kokpit.az\\\/?p=28336\",\"name\":\"\u0130taliya GP: \u0130lk sessiyada Lekler zirv\u0259d\u0259dir - X\u0259b\u0259ri Kokpitd\u0259 Oxuyun!\",\"isPartOf\":{\"@id\":\"https:\\\/\\\/kokpit.az\\\/#website\"},\"primaryImageOfPage\":{\"@id\":\"https:\\\/\\\/kokpit.az\\\/?p=28336#primaryimage\"},\"image\":{\"@id\":\"https:\\\/\\\/kokpit.az\\\/?p=28336#primaryimage\"},\"thumbnailUrl\":\"https:\\\/\\\/kokpit.az\\\/wp-content\\\/uploads\\\/2026\\\/09\\\/4A671D01-3701-4152-A247-579C264AF1F0.jpeg\",\"datePublished\":\"2026-09-04T11:45:18+00:00\",\"dateModified\":\"2026-09-04T11:56:21+00:00\",\"breadcrumb\":{\"@id\":\"https:\\\/\\\/kokpit.az\\\/?p=28336#breadcrumb\"},\"inLanguage\":\"az\",\"potentialAction\":[{\"@type\":\"ReadAction\",\"target\":[\"https:\\\/\\\/kokpit.az\\\/?p=28336\"]}]},{\"@type\":\"ImageObject\",\"inLanguage\":\"az\",\"@id\":\"https:\\\/\\\/kokpit.az\\\/?p=28336#primaryimage\",\"url\":\"https:\\\/\\\/kokpit.az\\\/wp-content\\\/uploads\\\/2026\\\/09\\\/4A671D01-3701-4152-A247-579C264AF1F0.jpeg\",\"contentUrl\":\"https:\\\/\\\/kokpit.az\\\/wp-content\\\/uploads\\\/2026\\\/09\\\/4A671D01-3701-4152-A247-579C264AF1F0.jpeg\",\"width\":2048,\"height\":1366},{\"@type\":\"BreadcrumbList\",\"@id\":\"https:\\\/\\\/kokpit.az\\\/?p=28336#breadcrumb\",\"itemListElement\":[{\"@type\":\"ListItem\",\"position\":1,\"name\":\"Home\",\"item\":\"https:\\\/\\\/kokpit.az\\\/\"},{\"@type\":\"ListItem\",\"position\":2,\"name\":\"\u0130taliya GP: \u0130lk sessiyada Lekler zirv\u0259d\u0259dir\"}]},{\"@type\":\"WebSite\",\"@id\":\"https:\\\/\\\/kokpit.az\\\/#website\",\"url\":\"https:\\\/\\\/kokpit.az\\\/\",\"name\":\"X\u0259b\u0259ri Kokpitd\u0259 Oxuyun!\",\"description\":\"\",\"publisher\":{\"@id\":\"https:\\\/\\\/kokpit.az\\\/#organization\"},\"potentialAction\":[{\"@type\":\"SearchAction\",\"target\":{\"@type\":\"EntryPoint\",\"urlTemplate\":\"https:\\\/\\\/kokpit.az\\\/?s={search_term_string}\"},\"query-input\":{\"@type\":\"PropertyValueSpecification\",\"valueRequired\":true,\"valueName\":\"search_term_string\"}}],\"inLanguage\":\"az\"},{\"@type\":\"Organization\",\"@id\":\"https:\\\/\\\/kokpit.az\\\/#organization\",\"name\":\"X\u0259b\u0259ri Kokpitd\u0259 Oxuyun!\",\"url\":\"https:\\\/\\\/kokpit.az\\\/\",\"logo\":{\"@type\":\"ImageObject\",\"inLanguage\":\"az\",\"@id\":\"https:\\\/\\\/kokpit.az\\\/#\\\/schema\\\/logo\\\/image\\\/\",\"url\":\"https:\\\/\\\/kokpit.az\\\/wp-content\\\/uploads\\\/2023\\\/05\\\/kokpit.jpg\",\"contentUrl\":\"https:\\\/\\\/kokpit.az\\\/wp-content\\\/uploads\\\/2023\\\/05\\\/kokpit.jpg\",\"width\":488,\"height\":245,\"caption\":\"X\u0259b\u0259ri Kokpitd\u0259 Oxuyun!\"},\"image\":{\"@id\":\"https:\\\/\\\/kokpit.az\\\/#\\\/schema\\\/logo\\\/image\\\/\"},\"sameAs\":[\"https:\\\/\\\/www.facebook.com\\\/profile.php?id=61553756392357\"]},{\"@type\":\"Person\",\"@id\":\"https:\\\/\\\/kokpit.az\\\/#\\\/schema\\\/person\\\/f4114e650bc2993d0650e4fb6933c581\",\"name\":\"Rauf Hac\u0131yev\",\"image\":{\"@type\":\"ImageObject\",\"inLanguage\":\"az\",\"@id\":\"https:\\\/\\\/secure.gravatar.com\\\/avatar\\\/394a2085c47c7acdcf41f7d270b7cbb52513d6f4f24c1cb6dfbbd61f98c0503d?s=96&d=mm&r=g\",\"url\":\"https:\\\/\\\/secure.gravatar.com\\\/avatar\\\/394a2085c47c7acdcf41f7d270b7cbb52513d6f4f24c1cb6dfbbd61f98c0503d?s=96&d=mm&r=g\",\"contentUrl\":\"https:\\\/\\\/secure.gravatar.com\\\/avatar\\\/394a2085c47c7acdcf41f7d270b7cbb52513d6f4f24c1cb6dfbbd61f98c0503d?s=96&d=mm&r=g\",\"caption\":\"Rauf Hac\u0131yev\"},\"sameAs\":[\"https:\\\/\\\/kokpit.az\"],\"url\":\"https:\\\/\\\/kokpit.az\\\/?author=2\"}]}<\/script>\n<!-- \/ Yoast SEO plugin. -->","yoast_head_json":{"title":"\u0130taliya GP: \u0130lk sessiyada Lekler zirv\u0259d\u0259dir - X\u0259b\u0259ri Kokpitd\u0259 Oxuyun!","robots":{"index":"index","follow":"follow","max-snippet":"max-snippet:-1","max-image-preview":"max-image-preview:large","max-video-preview":"max-video-preview:-1"},"canonical":"https:\/\/kokpit.az\/?p=28336","og_locale":"az_AZ","og_type":"article","og_title":"\u0130taliya GP: \u0130lk sessiyada Lekler zirv\u0259d\u0259dir - X\u0259b\u0259ri Kokpitd\u0259 Oxuyun!","og_description":"2026-c\u0131 il \u0130taliya Qran Prisinin ilk s\u0259rb\u0259st m\u0259\u015fq sessiyas\u0131n\u0131 zirv\u0259d\u0259 tamamlayan pilot \u015earl Lekler olub.","og_url":"https:\/\/kokpit.az\/?p=28336","og_site_name":"X\u0259b\u0259ri Kokpitd\u0259 Oxuyun!","article_publisher":"https:\/\/www.facebook.com\/profile.php?id=61553756392357","article_published_time":"2026-09-04T11:45:18+00:00","article_modified_time":"2026-09-04T11:56:21+00:00","og_image":[{"width":2048,"height":1366,"url":"https:\/\/kokpit.az\/wp-content\/uploads\/2026\/09\/4A671D01-3701-4152-A247-579C264AF1F0.jpeg","type":"image\/jpeg"}],"author":"Rauf Hac\u0131yev","twitter_card":"summary_large_image","twitter_misc":{"Written by":"Rauf Hac\u0131yev","Est. reading time":"2 minutes"},"schema":{"@context":"https:\/\/schema.org","@graph":[{"@type":"Article","@id":"https:\/\/kokpit.az\/?p=28336#article","isPartOf":{"@id":"https:\/\/kokpit.az\/?p=28336"},"author":{"name":"Rauf Hac\u0131yev","@id":"https:\/\/kokpit.az\/#\/schema\/person\/f4114e650bc2993d0650e4fb6933c581"},"headline":"\u0130taliya GP: \u0130lk sessiyada Lekler zirv\u0259d\u0259dir","datePublished":"2026-09-04T11:45:18+00:00","dateModified":"2026-09-04T11:56:21+00:00","mainEntityOfPage":{"@id":"https:\/\/kokpit.az\/?p=28336"},"wordCount":391,"commentCount":0,"publisher":{"@id":"https:\/\/kokpit.az\/#organization"},"image":{"@id":"https:\/\/kokpit.az\/?p=28336#primaryimage"},"thumbnailUrl":"https:\/\/kokpit.az\/wp-content\/uploads\/2026\/09\/4A671D01-3701-4152-A247-579C264AF1F0.jpeg","keywords":["Charles Leclerc","Italian Grand Prix","Scuderia Ferrari"],"articleSection":["\u0130taliya Qran Prisi","X\u0259b\u0259rl\u0259r"],"inLanguage":"az","potentialAction":[{"@type":"CommentAction","name":"Comment","target":["https:\/\/kokpit.az\/?p=28336#respond"]}]},{"@type":"WebPage","@id":"https:\/\/kokpit.az\/?p=28336","url":"https:\/\/kokpit.az\/?p=28336","name":"\u0130taliya GP: \u0130lk sessiyada Lekler zirv\u0259d\u0259dir - X\u0259b\u0259ri Kokpitd\u0259 Oxuyun!","isPartOf":{"@id":"https:\/\/kokpit.az\/#website"},"primaryImageOfPage":{"@id":"https:\/\/kokpit.az\/?p=28336#primaryimage"},"image":{"@id":"https:\/\/kokpit.az\/?p=28336#primaryimage"},"thumbnailUrl":"https:\/\/kokpit.az\/wp-content\/uploads\/2026\/09\/4A671D01-3701-4152-A247-579C264AF1F0.jpeg","datePublished":"2026-09-04T11:45:18+00:00","dateModified":"2026-09-04T11:56:21+00:00","breadcrumb":{"@id":"https:\/\/kokpit.az\/?p=28336#breadcrumb"},"inLanguage":"az","potentialAction":[{"@type":"ReadAction","target":["https:\/\/kokpit.az\/?p=28336"]}]},{"@type":"ImageObject","inLanguage":"az","@id":"https:\/\/kokpit.az\/?p=28336#primaryimage","url":"https:\/\/kokpit.az\/wp-content\/uploads\/2026\/09\/4A671D01-3701-4152-A247-579C264AF1F0.jpeg","contentUrl":"https:\/\/kokpit.az\/wp-content\/uploads\/2026\/09\/4A671D01-3701-4152-A247-579C264AF1F0.jpeg","width":2048,"height":1366},{"@type":"BreadcrumbList","@id":"https:\/\/kokpit.az\/?p=28336#breadcrumb","itemListElement":[{"@type":"ListItem","position":1,"name":"Home","item":"https:\/\/kokpit.az\/"},{"@type":"ListItem","position":2,"name":"\u0130taliya GP: \u0130lk sessiyada Lekler zirv\u0259d\u0259dir"}]},{"@type":"WebSite","@id":"https:\/\/kokpit.az\/#website","url":"https:\/\/kokpit.az\/","name":"X\u0259b\u0259ri Kokpitd\u0259 Oxuyun!","description":"","publisher":{"@id":"https:\/\/kokpit.az\/#organization"},"potentialAction":[{"@type":"SearchAction","target":{"@type":"EntryPoint","urlTemplate":"https:\/\/kokpit.az\/?s={search_term_string}"},"query-input":{"@type":"PropertyValueSpecification","valueRequired":true,"valueName":"search_term_string"}}],"inLanguage":"az"},{"@type":"Organization","@id":"https:\/\/kokpit.az\/#organization","name":"X\u0259b\u0259ri Kokpitd\u0259 Oxuyun!","url":"https:\/\/kokpit.az\/","logo":{"@type":"ImageObject","inLanguage":"az","@id":"https:\/\/kokpit.az\/#\/schema\/logo\/image\/","url":"https:\/\/kokpit.az\/wp-content\/uploads\/2023\/05\/kokpit.jpg","contentUrl":"https:\/\/kokpit.az\/wp-content\/uploads\/2023\/05\/kokpit.jpg","width":488,"height":245,"caption":"X\u0259b\u0259ri Kokpitd\u0259 Oxuyun!"},"image":{"@id":"https:\/\/kokpit.az\/#\/schema\/logo\/image\/"},"sameAs":["https:\/\/www.facebook.com\/profile.php?id=61553756392357"]},{"@type":"Person","@id":"https:\/\/kokpit.az\/#\/schema\/person\/f4114e650bc2993d0650e4fb6933c581","name":"Rauf Hac\u0131yev","image":{"@type":"ImageObject","inLanguage":"az","@id":"https:\/\/secure.gravatar.com\/avatar\/394a2085c47c7acdcf41f7d270b7cbb52513d6f4f24c1cb6dfbbd61f98c0503d?s=96&d=mm&r=g","url":"https:\/\/secure.gravatar.com\/avatar\/394a2085c47c7acdcf41f7d270b7cbb52513d6f4f24c1cb6dfbbd61f98c0503d?s=96&d=mm&r=g","contentUrl":"https:\/\/secure.gravatar.com\/avatar\/394a2085c47c7acdcf41f7d270b7cbb52513d6f4f24c1cb6dfbbd61f98c0503d?s=96&d=mm&r=g","caption":"Rauf Hac\u0131yev"},"sameAs":["https:\/\/kokpit.az"],"url":"https:\/\/kokpit.az\/?author=2"}]}},"_links":{"self":[{"href":"https:\/\/kokpit.az\/index.php?rest_route=\/wp\/v2\/posts\/28336","targetHints":{"allow":["GET"]}}],"collection":[{"href":"https:\/\/kokpit.az\/index.php?rest_route=\/wp\/v2\/posts"}],"about":[{"href":"https:\/\/kokpit.az\/index.php?rest_route=\/wp\/v2\/types\/post"}],"author":[{"embeddable":true,"href":"https:\/\/kokpit.az\/index.php?rest_route=\/wp\/v2\/users\/2"}],"replies":[{"embeddable":true,"href":"https:\/\/kokpit.az\/index.php?rest_route=%2Fwp%2Fv2%2Fcomments&post=28336"}],"version-history":[{"count":1,"href":"https:\/\/kokpit.az\/index.php?rest_route=\/wp\/v2\/posts\/28336\/revisions"}],"predecessor-version":[{"id":28337,"href":"https:\/\/kokpit.az\/index.php?rest_route=\/wp\/v2\/posts\/28336\/revisions\/28337"}],"wp:featuredmedia":[{"embeddable":true,"href":"https:\/\/kokpit.az\/index.php?rest_route=\/wp\/v2\/media\/28338"}],"wp:attachment":[{"href":"https:\/\/kokpit.az\/index.php?rest_route=%2Fwp%2Fv2%2Fmedia&parent=28336"}],"wp:term":[{"taxonomy":"category","embeddable":true,"href":"https:\/\/kokpit.az\/index.php?rest_route=%2Fwp%2Fv2%2Fcategories&post=28336"},{"taxonomy":"post_tag","embeddable":true,"href":"https:\/\/kokpit.az\/index.php?rest_route=%2Fwp%2Fv2%2Ftags&post=28336"}],"curies":[{"name":"wp","href":"https:\/\/api.w.org\/{rel}","templated":true}]}}