{"id":28320,"date":"2026-09-04T08:10:44","date_gmt":"2026-09-04T04:10:44","guid":{"rendered":"https:\/\/kokpit.az\/?p=28320"},"modified":"2026-09-04T10:23:03","modified_gmt":"2026-09-04T06:23:03","slug":"volkswagen-cind%c9%99-yenil%c9%99nmis-passat-pro-nu-satisa-cixarib","status":"publish","type":"post","link":"https:\/\/kokpit.az\/?p=28320","title":{"rendered":"Volkswagen \u00c7ind\u0259 yenil\u0259nmi\u015f Passat Pro-nu sat\u0131\u015fa \u00e7\u0131xar\u0131b"},"content":{"rendered":"<p>\u00c7in bazar\u0131nda sedan kuzal\u0131 Passat \u0259n\u0259n\u0259sini davam etdir\u0259n SAIC-Volkswagen yenil\u0259nmi\u015f Passat Pro modelini sat\u0131\u015fa t\u0259qdim edib. 2027-ci model ili \u00fc\u00e7\u00fcn sat\u0131\u015fa \u00e7\u0131xar\u0131lan yeni sedan z\u0259ngin t\u0259chizat paketind\u0259n \u0259lav\u0259, sat\u0131\u015f\u0131n ba\u015flanmas\u0131na \u00f6z\u0259l endiriml\u0259r v\u0259 ilk al\u0131c\u0131lara t\u0259qdim olunan \u00f6m\u00fcrl\u00fck m\u00fch\u0259rrik z\u0259man\u0259ti il\u0259 se\u00e7ilir.<\/p>\n<p>Yeni Passat Pro-nun standart qiym\u0259ti 172 min yuan t\u0259\u015fkil ets\u0259 d\u0259, model sat\u0131\u015fa \u00f6z\u0259l endiriml\u0259r n\u0259z\u0259r\u0259 al\u0131nmaqla 139 900 yuandan (t\u0259xmin\u0259n 20 800 dollar) ba\u015flayan qiym\u0259tl\u0259rl\u0259 t\u0259klif olunur. Volkswagen yeni Passat Pro-nun ilk al\u0131c\u0131lar\u0131 \u00fc\u00e7\u00fcn maraql\u0131 kampaniya da haz\u0131rlay\u0131b.<\/p>\n<p>Modeli ilk alan s\u00fcr\u00fcc\u00fcl\u0259r\u0259 \u00a0s\u0259lahiyy\u0259tli servisd\u0259 texniki xidm\u0259t \u015f\u0259rti il\u0259 m\u00fch\u0259rrik v\u0259 transmissiyan\u0131 \u0259hat\u0259 ed\u0259n \u00f6m\u00fcrl\u00fck z\u0259man\u0259t t\u0259qdim olunur.<\/p>\n<p>Bu sedan tan\u0131\u015f m\u00fch\u0259rrik se\u00e7iml\u0259ri il\u0259 t\u0259klif edilir. Standart olaraq t\u0259qdim olunan 1,5 litrlik turbom\u00fch\u0259rrik 160 at g\u00fcc\u00fc v\u0259 250 Nm f\u0131rlanma an\u0131 hasil edir. Daha g\u00fccl\u00fc 2,0 litrlik turbom\u00fch\u0259rrik is\u0259 220 at g\u00fcc\u00fc v\u0259 350 Nm f\u0131rlanma an\u0131na malikdir.<\/p>\n<p>H\u0259r iki m\u00fch\u0259rrik 7 pill\u0259li iki muftal\u0131 transmissiya il\u0259 birl\u0259\u015fdirilir. Volkswagen m\u00fch\u0259ndisl\u0259rinin s\u00f6zl\u0259rin\u0259 g\u00f6r\u0259, h\u0259yata ke\u00e7iril\u0259n t\u0259kmill\u0259\u015fdirm\u0259l\u0259r say\u0259sind\u0259 Passat Pro-nun s\u00fcr\u00fc\u015f dinamikas\u0131 v\u0259 asfaltla ili\u015fm\u0259si yax\u015f\u0131la\u015fd\u0131r\u0131l\u0131b, idar\u0259etm\u0259 komfortu is\u0259 art\u0131r\u0131l\u0131b.<\/p>\n<h3>Xarici dizaynda toxunu\u015flar<\/h3>\n<p><img loading=\"lazy\" decoding=\"async\" class=\"aligncenter wp-image-28322 size-large\" src=\"https:\/\/kokpit.az\/wp-content\/uploads\/2026\/09\/680644-1200x675.jpg-1024x576.webp\" alt=\"\" width=\"770\" height=\"433\" srcset=\"https:\/\/kokpit.az\/wp-content\/uploads\/2026\/09\/680644-1200x675.jpg-1024x576.webp 1024w, https:\/\/kokpit.az\/wp-content\/uploads\/2026\/09\/680644-1200x675.jpg-300x169.webp 300w, https:\/\/kokpit.az\/wp-content\/uploads\/2026\/09\/680644-1200x675.jpg-768x432.webp 768w, https:\/\/kokpit.az\/wp-content\/uploads\/2026\/09\/680644-1200x675.jpg-270x152.webp 270w, https:\/\/kokpit.az\/wp-content\/uploads\/2026\/09\/680644-1200x675.jpg-370x208.webp 370w, https:\/\/kokpit.az\/wp-content\/uploads\/2026\/09\/680644-1200x675.jpg-570x321.webp 570w, https:\/\/kokpit.az\/wp-content\/uploads\/2026\/09\/680644-1200x675.jpg-740x416.webp 740w, https:\/\/kokpit.az\/wp-content\/uploads\/2026\/09\/680644-1200x675.jpg.webp 1200w\" sizes=\"auto, (max-width: 770px) 100vw, 770px\" \/><\/p>\n<p>Dizayn bax\u0131m\u0131ndan \u0259vv\u0259lki versiyadan b\u00f6y\u00fck \u00f6l\u00e7\u00fcd\u0259 f\u0259rql\u0259nm\u0259y\u0259n yeni Passat Pro avtomatik uzaq i\u015f\u0131qlar\u0131n s\u00f6nd\u00fcr\u00fclm\u0259si funksiyas\u0131na malik Matrix LED faralar\u0131 qoruyub.<\/p>\n<p>\u00d6n hiss\u0259d\u0259 t\u00fcndl\u0259\u015fdirilmi\u015f nax\u0131\u015flara sahib yenil\u0259nmi\u015f radiator barmaql\u0131\u011f\u0131 diqq\u0259t \u00e7\u0259kir. Aerodinamik sah\u0259d\u0259 apar\u0131lan t\u0259kmill\u0259\u015fdirm\u0259l\u0259r say\u0259sind\u0259 is\u0259 x\u00fcsusil\u0259 magistral yollarda y\u00fcks\u0259k s\u00fcr\u0259tl\u0259 h\u0259r\u0259k\u0259t zaman\u0131 salondak\u0131 s\u0259s-k\u00fcy\u00fcn azald\u0131ld\u0131\u011f\u0131 bildirilir.<\/p>\n<p>Xarici g\u00f6r\u00fcn\u00fc\u015fd\u0259 \u0259n\u0259n\u0259vi qap\u0131 tutacaqlar\u0131ndan istifad\u0259 davam etdirilib. Yeni dizaynl\u0131 diskl\u0259rl\u0259 yana\u015f\u0131, arxa hiss\u0259d\u0259 iki stop f\u0259n\u0259rinin aras\u0131nda yerl\u0259\u015fdiril\u0259n i\u015f\u0131ql\u0131 Volkswagen loqosu da diqq\u0259t \u00e7\u0259kir.<\/p>\n<h3>\u00dcst versiyada \u00fc\u00e7 ekranl\u0131 kokpit<\/h3>\n<p><img loading=\"lazy\" decoding=\"async\" class=\"aligncenter wp-image-28323 size-large\" src=\"https:\/\/kokpit.az\/wp-content\/uploads\/2026\/09\/1200xauto.jpg-2-1024x576.webp\" alt=\"\" width=\"770\" height=\"433\" srcset=\"https:\/\/kokpit.az\/wp-content\/uploads\/2026\/09\/1200xauto.jpg-2-1024x576.webp 1024w, https:\/\/kokpit.az\/wp-content\/uploads\/2026\/09\/1200xauto.jpg-2-300x169.webp 300w, https:\/\/kokpit.az\/wp-content\/uploads\/2026\/09\/1200xauto.jpg-2-768x432.webp 768w, https:\/\/kokpit.az\/wp-content\/uploads\/2026\/09\/1200xauto.jpg-2-270x152.webp 270w, https:\/\/kokpit.az\/wp-content\/uploads\/2026\/09\/1200xauto.jpg-2-370x208.webp 370w, https:\/\/kokpit.az\/wp-content\/uploads\/2026\/09\/1200xauto.jpg-2-570x321.webp 570w, https:\/\/kokpit.az\/wp-content\/uploads\/2026\/09\/1200xauto.jpg-2-740x416.webp 740w, https:\/\/kokpit.az\/wp-content\/uploads\/2026\/09\/1200xauto.jpg-2.webp 1200w\" sizes=\"auto, (max-width: 770px) 100vw, 770px\" \/><\/p>\n<p>Passat Pro-nun \u0259n y\u00fcks\u0259k t\u0259chizat s\u0259viyy\u0259sind\u0259 r\u0259q\u0259msal cihazlar panelini 15 d\u00fcyml\u00fck m\u0259rk\u0259zi sensor ekran v\u0259 \u00f6n s\u0259rni\u015fin \u00fc\u00e7\u00fcn n\u0259z\u0259rd\u0259 tutulan ayr\u0131ca 11,6 d\u00fcyml\u00fck ekran tamamlay\u0131r.<\/p>\n<p>Yenil\u0259nmi\u015f multimedia sistemind\u0259n \u0259lav\u0259, avadanl\u0131q siyah\u0131s\u0131na 360 d\u0259r\u0259c\u0259 \u0259traf g\u00f6r\u00fcnt\u00fc kameras\u0131, 10 hava yast\u0131\u011f\u0131, elektrik baqaj qapa\u011f\u0131, t\u0259kmill\u0259\u015fdirilmi\u015f s\u0259s sistemi, g\u00fccl\u0259ndirilmi\u015f \u0259yl\u0259c sistemi v\u0259 s\u00fcr\u00fcc\u00fcn\u00fcn yor\u011funlu\u011funu a\u015fkarlayan sistem d\u0259 daxildir.<\/p>\n<p>Passat Pro radar v\u0259 sensorlardan istifad\u0259 ed\u0259n yar\u0131avtonom s\u00fcr\u00fc\u015f texnologiyalar\u0131na da sahibdir. Sistem avtomatik t\u0259cili \u0259yl\u0259cl\u0259m\u0259, s\u0131x t\u0131xacda s\u00fcr\u00fc\u015f d\u0259st\u0259yi, zolaqda saxlama assistenti v\u0259 b\u00fct\u00fcn s\u00fcr\u0259t diapazonunda i\u015fl\u0259y\u0259n adaptiv kruiz-kontrol funksiyalar\u0131n\u0131 bir arada t\u0259qdim edir.<\/p>\n","protected":false},"excerpt":{"rendered":"<p>Volkswagen \u00c7ind\u0259 yenil\u0259nmi\u015f Passat Pro modelini kifay\u0259t q\u0259d\u0259r r\u0259qab\u0259tqabiliyy\u0259tli qiym\u0259t v\u0259 \u00f6m\u00fcrl\u00fck m\u00fch\u0259rrik z\u0259man\u0259ti il\u0259 sat\u0131\u015fa \u00e7\u0131xar\u0131b. \u0130ki f\u0259rqli turbom\u00fch\u0259rrik se\u00e7imi il\u0259 t\u0259qdim olunan sedan z\u0259ngin avadanl\u0131\u011f\u0131 il\u0259 d\u0259 diqq\u0259ti c\u0259lb edir.<\/p>\n","protected":false},"author":2,"featured_media":28321,"comment_status":"open","ping_status":"open","sticky":false,"template":"","format":"standard","meta":{"footnotes":""},"categories":[234,233],"tags":[297,649],"class_list":["post-28320","post","type-post","status-publish","format-standard","has-post-thumbnail","hentry","category-avtomobil-avtomobil","category-avtomobil","tag-volkswagen","tag-volkswagen-passat-pro"],"yoast_head":"<!-- This site is optimized with the Yoast SEO plugin v28.4 - https:\/\/yoast.com\/product\/yoast-seo-wordpress\/ -->\n<title>Volkswagen \u00c7ind\u0259 yenil\u0259nmi\u015f Passat Pro-nu sat\u0131\u015fa \u00e7\u0131xar\u0131b - X\u0259b\u0259ri Kokpitd\u0259 Oxuyun!<\/title>\n<meta name=\"robots\" content=\"index, follow, max-snippet:-1, max-image-preview:large, max-video-preview:-1\" \/>\n<link rel=\"canonical\" href=\"https:\/\/kokpit.az\/?p=28320\" \/>\n<meta property=\"og:locale\" content=\"az_AZ\" \/>\n<meta property=\"og:type\" content=\"article\" \/>\n<meta property=\"og:title\" content=\"Volkswagen \u00c7ind\u0259 yenil\u0259nmi\u015f Passat Pro-nu sat\u0131\u015fa \u00e7\u0131xar\u0131b - X\u0259b\u0259ri Kokpitd\u0259 Oxuyun!\" \/>\n<meta property=\"og:description\" content=\"Volkswagen \u00c7ind\u0259 yenil\u0259nmi\u015f Passat Pro modelini kifay\u0259t q\u0259d\u0259r r\u0259qab\u0259tqabiliyy\u0259tli qiym\u0259t v\u0259 \u00f6m\u00fcrl\u00fck m\u00fch\u0259rrik z\u0259man\u0259ti il\u0259 sat\u0131\u015fa \u00e7\u0131xar\u0131b. \u0130ki f\u0259rqli turbom\u00fch\u0259rrik se\u00e7imi il\u0259 t\u0259qdim olunan sedan z\u0259ngin avadanl\u0131\u011f\u0131 il\u0259 d\u0259 diqq\u0259ti c\u0259lb edir.\" \/>\n<meta property=\"og:url\" content=\"https:\/\/kokpit.az\/?p=28320\" \/>\n<meta property=\"og:site_name\" content=\"X\u0259b\u0259ri Kokpitd\u0259 Oxuyun!\" \/>\n<meta property=\"article:publisher\" content=\"https:\/\/www.facebook.com\/profile.php?id=61553756392357\" \/>\n<meta property=\"article:published_time\" content=\"2026-09-04T04:10:44+00:00\" \/>\n<meta property=\"article:modified_time\" content=\"2026-09-04T06:23:03+00:00\" \/>\n<meta property=\"og:image\" content=\"https:\/\/kokpit.az\/wp-content\/uploads\/2026\/09\/1200xauto.jpg-e1788502905181.webp\" \/>\n\t<meta property=\"og:image:width\" content=\"1200\" \/>\n\t<meta property=\"og:image:height\" content=\"630\" \/>\n\t<meta property=\"og:image:type\" content=\"image\/webp\" \/>\n<meta name=\"author\" content=\"Rauf Hac\u0131yev\" \/>\n<meta name=\"twitter:card\" content=\"summary_large_image\" \/>\n<meta name=\"twitter:label1\" content=\"Written by\" \/>\n\t<meta name=\"twitter:data1\" content=\"Rauf Hac\u0131yev\" \/>\n\t<meta name=\"twitter:label2\" content=\"Est. reading time\" \/>\n\t<meta name=\"twitter:data2\" content=\"3 minutes\" \/>\n<script type=\"application\/ld+json\" class=\"yoast-schema-graph\">{\"@context\":\"https:\\\/\\\/schema.org\",\"@graph\":[{\"@type\":\"Article\",\"@id\":\"https:\\\/\\\/kokpit.az\\\/?p=28320#article\",\"isPartOf\":{\"@id\":\"https:\\\/\\\/kokpit.az\\\/?p=28320\"},\"author\":{\"name\":\"Rauf Hac\u0131yev\",\"@id\":\"https:\\\/\\\/kokpit.az\\\/#\\\/schema\\\/person\\\/f4114e650bc2993d0650e4fb6933c581\"},\"headline\":\"Volkswagen \u00c7ind\u0259 yenil\u0259nmi\u015f Passat Pro-nu sat\u0131\u015fa \u00e7\u0131xar\u0131b\",\"datePublished\":\"2026-09-04T04:10:44+00:00\",\"dateModified\":\"2026-09-04T06:23:03+00:00\",\"mainEntityOfPage\":{\"@id\":\"https:\\\/\\\/kokpit.az\\\/?p=28320\"},\"wordCount\":560,\"commentCount\":0,\"publisher\":{\"@id\":\"https:\\\/\\\/kokpit.az\\\/#organization\"},\"image\":{\"@id\":\"https:\\\/\\\/kokpit.az\\\/?p=28320#primaryimage\"},\"thumbnailUrl\":\"https:\\\/\\\/kokpit.az\\\/wp-content\\\/uploads\\\/2026\\\/09\\\/1200xauto.jpg-e1788502905181.webp\",\"keywords\":[\"Volkswagen\",\"Volkswagen Passat Pro\"],\"articleSection\":[\"Avtomobil\",\"Avtomobil d\u00fcnyas\u0131\"],\"inLanguage\":\"az\",\"potentialAction\":[{\"@type\":\"CommentAction\",\"name\":\"Comment\",\"target\":[\"https:\\\/\\\/kokpit.az\\\/?p=28320#respond\"]}]},{\"@type\":\"WebPage\",\"@id\":\"https:\\\/\\\/kokpit.az\\\/?p=28320\",\"url\":\"https:\\\/\\\/kokpit.az\\\/?p=28320\",\"name\":\"Volkswagen \u00c7ind\u0259 yenil\u0259nmi\u015f Passat Pro-nu sat\u0131\u015fa \u00e7\u0131xar\u0131b - X\u0259b\u0259ri Kokpitd\u0259 Oxuyun!\",\"isPartOf\":{\"@id\":\"https:\\\/\\\/kokpit.az\\\/#website\"},\"primaryImageOfPage\":{\"@id\":\"https:\\\/\\\/kokpit.az\\\/?p=28320#primaryimage\"},\"image\":{\"@id\":\"https:\\\/\\\/kokpit.az\\\/?p=28320#primaryimage\"},\"thumbnailUrl\":\"https:\\\/\\\/kokpit.az\\\/wp-content\\\/uploads\\\/2026\\\/09\\\/1200xauto.jpg-e1788502905181.webp\",\"datePublished\":\"2026-09-04T04:10:44+00:00\",\"dateModified\":\"2026-09-04T06:23:03+00:00\",\"breadcrumb\":{\"@id\":\"https:\\\/\\\/kokpit.az\\\/?p=28320#breadcrumb\"},\"inLanguage\":\"az\",\"potentialAction\":[{\"@type\":\"ReadAction\",\"target\":[\"https:\\\/\\\/kokpit.az\\\/?p=28320\"]}]},{\"@type\":\"ImageObject\",\"inLanguage\":\"az\",\"@id\":\"https:\\\/\\\/kokpit.az\\\/?p=28320#primaryimage\",\"url\":\"https:\\\/\\\/kokpit.az\\\/wp-content\\\/uploads\\\/2026\\\/09\\\/1200xauto.jpg-e1788502905181.webp\",\"contentUrl\":\"https:\\\/\\\/kokpit.az\\\/wp-content\\\/uploads\\\/2026\\\/09\\\/1200xauto.jpg-e1788502905181.webp\",\"width\":1200,\"height\":630},{\"@type\":\"BreadcrumbList\",\"@id\":\"https:\\\/\\\/kokpit.az\\\/?p=28320#breadcrumb\",\"itemListElement\":[{\"@type\":\"ListItem\",\"position\":1,\"name\":\"Home\",\"item\":\"https:\\\/\\\/kokpit.az\\\/\"},{\"@type\":\"ListItem\",\"position\":2,\"name\":\"Volkswagen \u00c7ind\u0259 yenil\u0259nmi\u015f Passat Pro-nu sat\u0131\u015fa \u00e7\u0131xar\u0131b\"}]},{\"@type\":\"WebSite\",\"@id\":\"https:\\\/\\\/kokpit.az\\\/#website\",\"url\":\"https:\\\/\\\/kokpit.az\\\/\",\"name\":\"X\u0259b\u0259ri Kokpitd\u0259 Oxuyun!\",\"description\":\"\",\"publisher\":{\"@id\":\"https:\\\/\\\/kokpit.az\\\/#organization\"},\"potentialAction\":[{\"@type\":\"SearchAction\",\"target\":{\"@type\":\"EntryPoint\",\"urlTemplate\":\"https:\\\/\\\/kokpit.az\\\/?s={search_term_string}\"},\"query-input\":{\"@type\":\"PropertyValueSpecification\",\"valueRequired\":true,\"valueName\":\"search_term_string\"}}],\"inLanguage\":\"az\"},{\"@type\":\"Organization\",\"@id\":\"https:\\\/\\\/kokpit.az\\\/#organization\",\"name\":\"X\u0259b\u0259ri Kokpitd\u0259 Oxuyun!\",\"url\":\"https:\\\/\\\/kokpit.az\\\/\",\"logo\":{\"@type\":\"ImageObject\",\"inLanguage\":\"az\",\"@id\":\"https:\\\/\\\/kokpit.az\\\/#\\\/schema\\\/logo\\\/image\\\/\",\"url\":\"https:\\\/\\\/kokpit.az\\\/wp-content\\\/uploads\\\/2023\\\/05\\\/kokpit.jpg\",\"contentUrl\":\"https:\\\/\\\/kokpit.az\\\/wp-content\\\/uploads\\\/2023\\\/05\\\/kokpit.jpg\",\"width\":488,\"height\":245,\"caption\":\"X\u0259b\u0259ri Kokpitd\u0259 Oxuyun!\"},\"image\":{\"@id\":\"https:\\\/\\\/kokpit.az\\\/#\\\/schema\\\/logo\\\/image\\\/\"},\"sameAs\":[\"https:\\\/\\\/www.facebook.com\\\/profile.php?id=61553756392357\"]},{\"@type\":\"Person\",\"@id\":\"https:\\\/\\\/kokpit.az\\\/#\\\/schema\\\/person\\\/f4114e650bc2993d0650e4fb6933c581\",\"name\":\"Rauf Hac\u0131yev\",\"image\":{\"@type\":\"ImageObject\",\"inLanguage\":\"az\",\"@id\":\"https:\\\/\\\/secure.gravatar.com\\\/avatar\\\/394a2085c47c7acdcf41f7d270b7cbb52513d6f4f24c1cb6dfbbd61f98c0503d?s=96&d=mm&r=g\",\"url\":\"https:\\\/\\\/secure.gravatar.com\\\/avatar\\\/394a2085c47c7acdcf41f7d270b7cbb52513d6f4f24c1cb6dfbbd61f98c0503d?s=96&d=mm&r=g\",\"contentUrl\":\"https:\\\/\\\/secure.gravatar.com\\\/avatar\\\/394a2085c47c7acdcf41f7d270b7cbb52513d6f4f24c1cb6dfbbd61f98c0503d?s=96&d=mm&r=g\",\"caption\":\"Rauf Hac\u0131yev\"},\"sameAs\":[\"https:\\\/\\\/kokpit.az\"],\"url\":\"https:\\\/\\\/kokpit.az\\\/?author=2\"}]}<\/script>\n<!-- \/ Yoast SEO plugin. -->","yoast_head_json":{"title":"Volkswagen \u00c7ind\u0259 yenil\u0259nmi\u015f Passat Pro-nu sat\u0131\u015fa \u00e7\u0131xar\u0131b - X\u0259b\u0259ri Kokpitd\u0259 Oxuyun!","robots":{"index":"index","follow":"follow","max-snippet":"max-snippet:-1","max-image-preview":"max-image-preview:large","max-video-preview":"max-video-preview:-1"},"canonical":"https:\/\/kokpit.az\/?p=28320","og_locale":"az_AZ","og_type":"article","og_title":"Volkswagen \u00c7ind\u0259 yenil\u0259nmi\u015f Passat Pro-nu sat\u0131\u015fa \u00e7\u0131xar\u0131b - X\u0259b\u0259ri Kokpitd\u0259 Oxuyun!","og_description":"Volkswagen \u00c7ind\u0259 yenil\u0259nmi\u015f Passat Pro modelini kifay\u0259t q\u0259d\u0259r r\u0259qab\u0259tqabiliyy\u0259tli qiym\u0259t v\u0259 \u00f6m\u00fcrl\u00fck m\u00fch\u0259rrik z\u0259man\u0259ti il\u0259 sat\u0131\u015fa \u00e7\u0131xar\u0131b. \u0130ki f\u0259rqli turbom\u00fch\u0259rrik se\u00e7imi il\u0259 t\u0259qdim olunan sedan z\u0259ngin avadanl\u0131\u011f\u0131 il\u0259 d\u0259 diqq\u0259ti c\u0259lb edir.","og_url":"https:\/\/kokpit.az\/?p=28320","og_site_name":"X\u0259b\u0259ri Kokpitd\u0259 Oxuyun!","article_publisher":"https:\/\/www.facebook.com\/profile.php?id=61553756392357","article_published_time":"2026-09-04T04:10:44+00:00","article_modified_time":"2026-09-04T06:23:03+00:00","og_image":[{"width":1200,"height":630,"url":"https:\/\/kokpit.az\/wp-content\/uploads\/2026\/09\/1200xauto.jpg-e1788502905181.webp","type":"image\/webp"}],"author":"Rauf Hac\u0131yev","twitter_card":"summary_large_image","twitter_misc":{"Written by":"Rauf Hac\u0131yev","Est. reading time":"3 minutes"},"schema":{"@context":"https:\/\/schema.org","@graph":[{"@type":"Article","@id":"https:\/\/kokpit.az\/?p=28320#article","isPartOf":{"@id":"https:\/\/kokpit.az\/?p=28320"},"author":{"name":"Rauf Hac\u0131yev","@id":"https:\/\/kokpit.az\/#\/schema\/person\/f4114e650bc2993d0650e4fb6933c581"},"headline":"Volkswagen \u00c7ind\u0259 yenil\u0259nmi\u015f Passat Pro-nu sat\u0131\u015fa \u00e7\u0131xar\u0131b","datePublished":"2026-09-04T04:10:44+00:00","dateModified":"2026-09-04T06:23:03+00:00","mainEntityOfPage":{"@id":"https:\/\/kokpit.az\/?p=28320"},"wordCount":560,"commentCount":0,"publisher":{"@id":"https:\/\/kokpit.az\/#organization"},"image":{"@id":"https:\/\/kokpit.az\/?p=28320#primaryimage"},"thumbnailUrl":"https:\/\/kokpit.az\/wp-content\/uploads\/2026\/09\/1200xauto.jpg-e1788502905181.webp","keywords":["Volkswagen","Volkswagen Passat Pro"],"articleSection":["Avtomobil","Avtomobil d\u00fcnyas\u0131"],"inLanguage":"az","potentialAction":[{"@type":"CommentAction","name":"Comment","target":["https:\/\/kokpit.az\/?p=28320#respond"]}]},{"@type":"WebPage","@id":"https:\/\/kokpit.az\/?p=28320","url":"https:\/\/kokpit.az\/?p=28320","name":"Volkswagen \u00c7ind\u0259 yenil\u0259nmi\u015f Passat Pro-nu sat\u0131\u015fa \u00e7\u0131xar\u0131b - X\u0259b\u0259ri Kokpitd\u0259 Oxuyun!","isPartOf":{"@id":"https:\/\/kokpit.az\/#website"},"primaryImageOfPage":{"@id":"https:\/\/kokpit.az\/?p=28320#primaryimage"},"image":{"@id":"https:\/\/kokpit.az\/?p=28320#primaryimage"},"thumbnailUrl":"https:\/\/kokpit.az\/wp-content\/uploads\/2026\/09\/1200xauto.jpg-e1788502905181.webp","datePublished":"2026-09-04T04:10:44+00:00","dateModified":"2026-09-04T06:23:03+00:00","breadcrumb":{"@id":"https:\/\/kokpit.az\/?p=28320#breadcrumb"},"inLanguage":"az","potentialAction":[{"@type":"ReadAction","target":["https:\/\/kokpit.az\/?p=28320"]}]},{"@type":"ImageObject","inLanguage":"az","@id":"https:\/\/kokpit.az\/?p=28320#primaryimage","url":"https:\/\/kokpit.az\/wp-content\/uploads\/2026\/09\/1200xauto.jpg-e1788502905181.webp","contentUrl":"https:\/\/kokpit.az\/wp-content\/uploads\/2026\/09\/1200xauto.jpg-e1788502905181.webp","width":1200,"height":630},{"@type":"BreadcrumbList","@id":"https:\/\/kokpit.az\/?p=28320#breadcrumb","itemListElement":[{"@type":"ListItem","position":1,"name":"Home","item":"https:\/\/kokpit.az\/"},{"@type":"ListItem","position":2,"name":"Volkswagen \u00c7ind\u0259 yenil\u0259nmi\u015f Passat Pro-nu sat\u0131\u015fa \u00e7\u0131xar\u0131b"}]},{"@type":"WebSite","@id":"https:\/\/kokpit.az\/#website","url":"https:\/\/kokpit.az\/","name":"X\u0259b\u0259ri Kokpitd\u0259 Oxuyun!","description":"","publisher":{"@id":"https:\/\/kokpit.az\/#organization"},"potentialAction":[{"@type":"SearchAction","target":{"@type":"EntryPoint","urlTemplate":"https:\/\/kokpit.az\/?s={search_term_string}"},"query-input":{"@type":"PropertyValueSpecification","valueRequired":true,"valueName":"search_term_string"}}],"inLanguage":"az"},{"@type":"Organization","@id":"https:\/\/kokpit.az\/#organization","name":"X\u0259b\u0259ri Kokpitd\u0259 Oxuyun!","url":"https:\/\/kokpit.az\/","logo":{"@type":"ImageObject","inLanguage":"az","@id":"https:\/\/kokpit.az\/#\/schema\/logo\/image\/","url":"https:\/\/kokpit.az\/wp-content\/uploads\/2023\/05\/kokpit.jpg","contentUrl":"https:\/\/kokpit.az\/wp-content\/uploads\/2023\/05\/kokpit.jpg","width":488,"height":245,"caption":"X\u0259b\u0259ri Kokpitd\u0259 Oxuyun!"},"image":{"@id":"https:\/\/kokpit.az\/#\/schema\/logo\/image\/"},"sameAs":["https:\/\/www.facebook.com\/profile.php?id=61553756392357"]},{"@type":"Person","@id":"https:\/\/kokpit.az\/#\/schema\/person\/f4114e650bc2993d0650e4fb6933c581","name":"Rauf Hac\u0131yev","image":{"@type":"ImageObject","inLanguage":"az","@id":"https:\/\/secure.gravatar.com\/avatar\/394a2085c47c7acdcf41f7d270b7cbb52513d6f4f24c1cb6dfbbd61f98c0503d?s=96&d=mm&r=g","url":"https:\/\/secure.gravatar.com\/avatar\/394a2085c47c7acdcf41f7d270b7cbb52513d6f4f24c1cb6dfbbd61f98c0503d?s=96&d=mm&r=g","contentUrl":"https:\/\/secure.gravatar.com\/avatar\/394a2085c47c7acdcf41f7d270b7cbb52513d6f4f24c1cb6dfbbd61f98c0503d?s=96&d=mm&r=g","caption":"Rauf Hac\u0131yev"},"sameAs":["https:\/\/kokpit.az"],"url":"https:\/\/kokpit.az\/?author=2"}]}},"_links":{"self":[{"href":"https:\/\/kokpit.az\/index.php?rest_route=\/wp\/v2\/posts\/28320","targetHints":{"allow":["GET"]}}],"collection":[{"href":"https:\/\/kokpit.az\/index.php?rest_route=\/wp\/v2\/posts"}],"about":[{"href":"https:\/\/kokpit.az\/index.php?rest_route=\/wp\/v2\/types\/post"}],"author":[{"embeddable":true,"href":"https:\/\/kokpit.az\/index.php?rest_route=\/wp\/v2\/users\/2"}],"replies":[{"embeddable":true,"href":"https:\/\/kokpit.az\/index.php?rest_route=%2Fwp%2Fv2%2Fcomments&post=28320"}],"version-history":[{"count":1,"href":"https:\/\/kokpit.az\/index.php?rest_route=\/wp\/v2\/posts\/28320\/revisions"}],"predecessor-version":[{"id":28324,"href":"https:\/\/kokpit.az\/index.php?rest_route=\/wp\/v2\/posts\/28320\/revisions\/28324"}],"wp:featuredmedia":[{"embeddable":true,"href":"https:\/\/kokpit.az\/index.php?rest_route=\/wp\/v2\/media\/28321"}],"wp:attachment":[{"href":"https:\/\/kokpit.az\/index.php?rest_route=%2Fwp%2Fv2%2Fmedia&parent=28320"}],"wp:term":[{"taxonomy":"category","embeddable":true,"href":"https:\/\/kokpit.az\/index.php?rest_route=%2Fwp%2Fv2%2Fcategories&post=28320"},{"taxonomy":"post_tag","embeddable":true,"href":"https:\/\/kokpit.az\/index.php?rest_route=%2Fwp%2Fv2%2Ftags&post=28320"}],"curies":[{"name":"wp","href":"https:\/\/api.w.org\/{rel}","templated":true}]}}