{"id":28311,"date":"2026-09-04T06:38:12","date_gmt":"2026-09-04T02:38:12","guid":{"rendered":"https:\/\/kokpit.az\/?p=28311"},"modified":"2026-09-04T07:47:46","modified_gmt":"2026-09-04T03:47:46","slug":"k-antonelli-artiq-isbatlanasi-hec-n%c9%99yim-yoxdur","status":"publish","type":"post","link":"https:\/\/kokpit.az\/?p=28311","title":{"rendered":"K.Antonelli: Art\u0131q isbatlanas\u0131 he\u00e7 n\u0259yim yoxdur"},"content":{"rendered":"<p>Monzada m\u00fch\u0259rrik d\u0259yi\u015fdirdiyi \u00fc\u00e7\u00fcn startda yer itirm\u0259 c\u0259zas\u0131 alaraq yar\u0131\u015fa arxa s\u0131ralardan ba\u015flayacaq italyan s\u00fcr\u00fcc\u00fc bu v\u0259ziyy\u0259tin onun \u00fcz\u0259rind\u0259 \u0259lav\u0259 t\u0259zyiq yaratmad\u0131\u011f\u0131n\u0131, \u0259ksin\u0259 h\u0259ft\u0259sonuna daha rahat ba\u015flamas\u0131na imkan verdiyini bildirib.<\/p>\n<p><span style=\"color: #33cccc;\"><strong>Kimi Antonelli<\/strong><\/span>: \u201cC\u0259za almaq m\u00fc\u0259yy\u0259n m\u0259nada \u00fcz\u0259rimd\u0259ki t\u0259zyiqi azaltd\u0131. T\u0259bii ki, poul u\u011frunda m\u00fcbariz\u0259 aparma\u011f\u0131 v\u0259 \u0259n \u00f6nd\u0259n ba\u015flama\u011f\u0131 \u00fcst\u00fcn tutard\u0131m, amma bu v\u0259ziyy\u0259t h\u0259ft\u0259sonuna daha rahat ba\u015flamama imkan ver\u0259c\u0259k.<\/p>\n<p>S\u00fcr\u00fc\u015fd\u0259n v\u0259 atmosferd\u0259n daha \u00e7ox z\u00f6vq ala bil\u0259c\u0259y\u0259m. Bundan \u0259lav\u0259, bu, c\u00fcm\u0259 m\u0259\u015fql\u0259rind\u0259 f\u0259rqli i\u015f \u00fcsullar\u0131n\u0131 s\u0131namaq \u00fc\u00e7\u00fcn d\u0259 \u0259la f\u00fcrs\u0259tdir. Monza enerji idar\u0259etm\u0259sinin son d\u0259r\u0259c\u0259 vacib oldu\u011fu v\u0259 \u00f6tm\u0259l\u0259r\u0259 imkan ver\u0259n trasd\u0131r.<\/p>\n<p>C\u0259zan\u0131 m\u0259hz burada alma\u011f\u0131 buna g\u00f6r\u0259 se\u00e7dik. \u00c7\u00fcnki arxa s\u0131ralardan y\u00fcks\u0259lm\u0259k \u00fc\u00e7\u00fcn biz\u0259 bel\u0259 bir imkan ver\u0259 bil\u0259c\u0259k \u0259n yax\u015f\u0131 tras m\u0259hz burad\u0131r.<\/p>\n<p>Realist olmaq laz\u0131md\u0131r. H\u0259d\u0259fim ilk be\u015fliy\u0259 daxil olmaqd\u0131r. \u00d6t\u0259n il Formula 1-\u0259 aid oldu\u011fumu s\u00fcbut etm\u0259k \u00fc\u00e7\u00fcn g\u0259rgin s\u00fcr\u00fcrd\u00fcm. Bu il h\u0259m bolid, h\u0259m d\u0259 t\u0259cr\u00fcb\u0259 bax\u0131m\u0131ndan \u00f6z\u00fcm\u00fc daha yetkin v\u0259 v\u0259ziyy\u0259t\u0259 daha yax\u015f\u0131 n\u0259zar\u0259t ed\u0259n biri kimi hiss edir\u0259m. Art\u0131q s\u00fcbut ed\u0259c\u0259k he\u00e7 n\u0259yim qalmay\u0131b, bunu bacara bil\u0259c\u0259yimi g\u00f6st\u0259rmi\u015f\u0259m&#8221;.<\/p>\n<p>\u0130taliya azarke\u015fl\u0259rinin Ferrari il\u0259 \u00f6z\u00fc aras\u0131nda se\u00e7im etm\u0259li olmas\u0131 il\u0259 ba\u011fl\u0131 sual\u0131 cavabland\u0131ran g\u0259nc pilot Maks Ferstappenin Red Bull il\u0259 uzunm\u00fcdd\u0259tli m\u00fcqavil\u0259 imzalamas\u0131n\u0131 da d\u0259y\u0259rl\u0259ndirib v\u0259 Mercedes-\u0259 ba\u011fl\u0131l\u0131\u011f\u0131n\u0131 vur\u011fulay\u0131b: \u201c\u0130talyan kimi azarke\u015fl\u0259rimizin n\u0259 q\u0259d\u0259r emosional oldu\u011funu \u00e7ox yax\u015f\u0131 bilir\u0259m.<\/p>\n<p>Ferrari, \u0259lb\u0259tt\u0259 ki, m\u00f6ht\u0259\u015f\u0259m v\u0259 inan\u0131lmaz brenddir. Amma m\u0259n Mercedes-d\u0259 oldu\u011fum \u00fc\u00e7\u00fcn \u00e7ox xo\u015fb\u0259xt\u0259m. U\u015faql\u0131\u011f\u0131mdan etibar\u0259n m\u0259n\u0259 bu \u015fans\u0131 ver\u0259n onlar olub v\u0259 m\u0259nim d\u0259 komandaya qaytarmaq ist\u0259diyim \u00e7ox \u015fey var. Maks Ferstappenin d\u0259 Red Bull il\u0259 ox\u015far m\u00fcnasib\u0259ti var. Ona \u00e7ox ki\u00e7ik ya\u015flar\u0131ndan etibar etdil\u0259r v\u0259 o da komandas\u0131na inan\u0131r.<\/p>\n<p>Xo\u015fb\u0259xt oldu\u011funuz v\u0259 inand\u0131\u011f\u0131n\u0131z bir yerd\u0259sinizs\u0259, ayr\u0131lmaq \u00fc\u00e7\u00fcn he\u00e7 bir s\u0259b\u0259b yoxdur. \u018fg\u0259r Mercedes-d\u0259 xo\u015fb\u0259xt qalma\u011fa davam ets\u0259m, b\u00fct\u00fcn karyeram\u0131 bu komandada ke\u00e7ir\u0259 bil\u0259r\u0259m&#8221;.<\/p>\n","protected":false},"excerpt":{"rendered":"<p>\u00c7empionat\u0131n lideri Kimi Antonelli \u0130taliya Qran Prisi \u00f6nc\u0259si jurnalistl\u0259rin suallar\u0131n\u0131 cavabland\u0131r\u0131b.<\/p>\n","protected":false},"author":2,"featured_media":28317,"comment_status":"open","ping_status":"open","sticky":false,"template":"","format":"standard","meta":{"footnotes":""},"categories":[204,2],"tags":[106,389,52],"class_list":["post-28311","post","type-post","status-publish","format-standard","has-post-thumbnail","hentry","category-italiya-qran-prisi","category-news","tag-italian-grand-prix","tag-kimi-antonelli","tag-mercedes-amg-petronas-f1-team"],"yoast_head":"<!-- This site is optimized with the Yoast SEO plugin v28.4 - https:\/\/yoast.com\/product\/yoast-seo-wordpress\/ -->\n<title>K.Antonelli: Art\u0131q isbatlanas\u0131 he\u00e7 n\u0259yim yoxdur - X\u0259b\u0259ri Kokpitd\u0259 Oxuyun!<\/title>\n<meta name=\"robots\" content=\"index, follow, max-snippet:-1, max-image-preview:large, max-video-preview:-1\" \/>\n<link rel=\"canonical\" href=\"https:\/\/kokpit.az\/?p=28311\" \/>\n<meta property=\"og:locale\" content=\"az_AZ\" \/>\n<meta property=\"og:type\" content=\"article\" \/>\n<meta property=\"og:title\" content=\"K.Antonelli: Art\u0131q isbatlanas\u0131 he\u00e7 n\u0259yim yoxdur - X\u0259b\u0259ri Kokpitd\u0259 Oxuyun!\" \/>\n<meta property=\"og:description\" content=\"\u00c7empionat\u0131n lideri Kimi Antonelli \u0130taliya Qran Prisi \u00f6nc\u0259si jurnalistl\u0259rin suallar\u0131n\u0131 cavabland\u0131r\u0131b.\" \/>\n<meta property=\"og:url\" content=\"https:\/\/kokpit.az\/?p=28311\" \/>\n<meta property=\"og:site_name\" content=\"X\u0259b\u0259ri Kokpitd\u0259 Oxuyun!\" \/>\n<meta property=\"article:publisher\" content=\"https:\/\/www.facebook.com\/profile.php?id=61553756392357\" \/>\n<meta property=\"article:published_time\" content=\"2026-09-04T02:38:12+00:00\" \/>\n<meta property=\"article:modified_time\" content=\"2026-09-04T03:47:46+00:00\" \/>\n<meta property=\"og:image\" content=\"https:\/\/kokpit.az\/wp-content\/uploads\/2026\/09\/kimi-antonelli-mercedes-monza-press-conference-planetf1-1320x742-1-e1788493653446.jpg\" \/>\n\t<meta property=\"og:image:width\" content=\"1200\" \/>\n\t<meta property=\"og:image:height\" content=\"632\" \/>\n\t<meta property=\"og:image:type\" content=\"image\/jpeg\" \/>\n<meta name=\"author\" content=\"Rauf Hac\u0131yev\" \/>\n<meta name=\"twitter:card\" content=\"summary_large_image\" \/>\n<meta name=\"twitter:label1\" content=\"Written by\" \/>\n\t<meta name=\"twitter:data1\" content=\"Rauf Hac\u0131yev\" \/>\n\t<meta name=\"twitter:label2\" content=\"Est. reading time\" \/>\n\t<meta name=\"twitter:data2\" content=\"2 minutes\" \/>\n<script type=\"application\/ld+json\" class=\"yoast-schema-graph\">{\"@context\":\"https:\\\/\\\/schema.org\",\"@graph\":[{\"@type\":\"Article\",\"@id\":\"https:\\\/\\\/kokpit.az\\\/?p=28311#article\",\"isPartOf\":{\"@id\":\"https:\\\/\\\/kokpit.az\\\/?p=28311\"},\"author\":{\"name\":\"Rauf Hac\u0131yev\",\"@id\":\"https:\\\/\\\/kokpit.az\\\/#\\\/schema\\\/person\\\/f4114e650bc2993d0650e4fb6933c581\"},\"headline\":\"K.Antonelli: Art\u0131q isbatlanas\u0131 he\u00e7 n\u0259yim yoxdur\",\"datePublished\":\"2026-09-04T02:38:12+00:00\",\"dateModified\":\"2026-09-04T03:47:46+00:00\",\"mainEntityOfPage\":{\"@id\":\"https:\\\/\\\/kokpit.az\\\/?p=28311\"},\"wordCount\":474,\"commentCount\":0,\"publisher\":{\"@id\":\"https:\\\/\\\/kokpit.az\\\/#organization\"},\"image\":{\"@id\":\"https:\\\/\\\/kokpit.az\\\/?p=28311#primaryimage\"},\"thumbnailUrl\":\"https:\\\/\\\/kokpit.az\\\/wp-content\\\/uploads\\\/2026\\\/09\\\/kimi-antonelli-mercedes-monza-press-conference-planetf1-1320x742-1-e1788493653446.jpg\",\"keywords\":[\"Italian Grand Prix\",\"Kimi Antonelli\",\"Mercedes AMG Petronas F1 Team\"],\"articleSection\":[\"\u0130taliya Qran Prisi\",\"X\u0259b\u0259rl\u0259r\"],\"inLanguage\":\"az\",\"potentialAction\":[{\"@type\":\"CommentAction\",\"name\":\"Comment\",\"target\":[\"https:\\\/\\\/kokpit.az\\\/?p=28311#respond\"]}]},{\"@type\":\"WebPage\",\"@id\":\"https:\\\/\\\/kokpit.az\\\/?p=28311\",\"url\":\"https:\\\/\\\/kokpit.az\\\/?p=28311\",\"name\":\"K.Antonelli: Art\u0131q isbatlanas\u0131 he\u00e7 n\u0259yim yoxdur - X\u0259b\u0259ri Kokpitd\u0259 Oxuyun!\",\"isPartOf\":{\"@id\":\"https:\\\/\\\/kokpit.az\\\/#website\"},\"primaryImageOfPage\":{\"@id\":\"https:\\\/\\\/kokpit.az\\\/?p=28311#primaryimage\"},\"image\":{\"@id\":\"https:\\\/\\\/kokpit.az\\\/?p=28311#primaryimage\"},\"thumbnailUrl\":\"https:\\\/\\\/kokpit.az\\\/wp-content\\\/uploads\\\/2026\\\/09\\\/kimi-antonelli-mercedes-monza-press-conference-planetf1-1320x742-1-e1788493653446.jpg\",\"datePublished\":\"2026-09-04T02:38:12+00:00\",\"dateModified\":\"2026-09-04T03:47:46+00:00\",\"breadcrumb\":{\"@id\":\"https:\\\/\\\/kokpit.az\\\/?p=28311#breadcrumb\"},\"inLanguage\":\"az\",\"potentialAction\":[{\"@type\":\"ReadAction\",\"target\":[\"https:\\\/\\\/kokpit.az\\\/?p=28311\"]}]},{\"@type\":\"ImageObject\",\"inLanguage\":\"az\",\"@id\":\"https:\\\/\\\/kokpit.az\\\/?p=28311#primaryimage\",\"url\":\"https:\\\/\\\/kokpit.az\\\/wp-content\\\/uploads\\\/2026\\\/09\\\/kimi-antonelli-mercedes-monza-press-conference-planetf1-1320x742-1-e1788493653446.jpg\",\"contentUrl\":\"https:\\\/\\\/kokpit.az\\\/wp-content\\\/uploads\\\/2026\\\/09\\\/kimi-antonelli-mercedes-monza-press-conference-planetf1-1320x742-1-e1788493653446.jpg\",\"width\":1200,\"height\":632},{\"@type\":\"BreadcrumbList\",\"@id\":\"https:\\\/\\\/kokpit.az\\\/?p=28311#breadcrumb\",\"itemListElement\":[{\"@type\":\"ListItem\",\"position\":1,\"name\":\"Home\",\"item\":\"https:\\\/\\\/kokpit.az\\\/\"},{\"@type\":\"ListItem\",\"position\":2,\"name\":\"K.Antonelli: Art\u0131q isbatlanas\u0131 he\u00e7 n\u0259yim yoxdur\"}]},{\"@type\":\"WebSite\",\"@id\":\"https:\\\/\\\/kokpit.az\\\/#website\",\"url\":\"https:\\\/\\\/kokpit.az\\\/\",\"name\":\"X\u0259b\u0259ri Kokpitd\u0259 Oxuyun!\",\"description\":\"\",\"publisher\":{\"@id\":\"https:\\\/\\\/kokpit.az\\\/#organization\"},\"potentialAction\":[{\"@type\":\"SearchAction\",\"target\":{\"@type\":\"EntryPoint\",\"urlTemplate\":\"https:\\\/\\\/kokpit.az\\\/?s={search_term_string}\"},\"query-input\":{\"@type\":\"PropertyValueSpecification\",\"valueRequired\":true,\"valueName\":\"search_term_string\"}}],\"inLanguage\":\"az\"},{\"@type\":\"Organization\",\"@id\":\"https:\\\/\\\/kokpit.az\\\/#organization\",\"name\":\"X\u0259b\u0259ri Kokpitd\u0259 Oxuyun!\",\"url\":\"https:\\\/\\\/kokpit.az\\\/\",\"logo\":{\"@type\":\"ImageObject\",\"inLanguage\":\"az\",\"@id\":\"https:\\\/\\\/kokpit.az\\\/#\\\/schema\\\/logo\\\/image\\\/\",\"url\":\"https:\\\/\\\/kokpit.az\\\/wp-content\\\/uploads\\\/2023\\\/05\\\/kokpit.jpg\",\"contentUrl\":\"https:\\\/\\\/kokpit.az\\\/wp-content\\\/uploads\\\/2023\\\/05\\\/kokpit.jpg\",\"width\":488,\"height\":245,\"caption\":\"X\u0259b\u0259ri Kokpitd\u0259 Oxuyun!\"},\"image\":{\"@id\":\"https:\\\/\\\/kokpit.az\\\/#\\\/schema\\\/logo\\\/image\\\/\"},\"sameAs\":[\"https:\\\/\\\/www.facebook.com\\\/profile.php?id=61553756392357\"]},{\"@type\":\"Person\",\"@id\":\"https:\\\/\\\/kokpit.az\\\/#\\\/schema\\\/person\\\/f4114e650bc2993d0650e4fb6933c581\",\"name\":\"Rauf Hac\u0131yev\",\"image\":{\"@type\":\"ImageObject\",\"inLanguage\":\"az\",\"@id\":\"https:\\\/\\\/secure.gravatar.com\\\/avatar\\\/394a2085c47c7acdcf41f7d270b7cbb52513d6f4f24c1cb6dfbbd61f98c0503d?s=96&d=mm&r=g\",\"url\":\"https:\\\/\\\/secure.gravatar.com\\\/avatar\\\/394a2085c47c7acdcf41f7d270b7cbb52513d6f4f24c1cb6dfbbd61f98c0503d?s=96&d=mm&r=g\",\"contentUrl\":\"https:\\\/\\\/secure.gravatar.com\\\/avatar\\\/394a2085c47c7acdcf41f7d270b7cbb52513d6f4f24c1cb6dfbbd61f98c0503d?s=96&d=mm&r=g\",\"caption\":\"Rauf Hac\u0131yev\"},\"sameAs\":[\"https:\\\/\\\/kokpit.az\"],\"url\":\"https:\\\/\\\/kokpit.az\\\/?author=2\"}]}<\/script>\n<!-- \/ Yoast SEO plugin. -->","yoast_head_json":{"title":"K.Antonelli: Art\u0131q isbatlanas\u0131 he\u00e7 n\u0259yim yoxdur - X\u0259b\u0259ri Kokpitd\u0259 Oxuyun!","robots":{"index":"index","follow":"follow","max-snippet":"max-snippet:-1","max-image-preview":"max-image-preview:large","max-video-preview":"max-video-preview:-1"},"canonical":"https:\/\/kokpit.az\/?p=28311","og_locale":"az_AZ","og_type":"article","og_title":"K.Antonelli: Art\u0131q isbatlanas\u0131 he\u00e7 n\u0259yim yoxdur - X\u0259b\u0259ri Kokpitd\u0259 Oxuyun!","og_description":"\u00c7empionat\u0131n lideri Kimi Antonelli \u0130taliya Qran Prisi \u00f6nc\u0259si jurnalistl\u0259rin suallar\u0131n\u0131 cavabland\u0131r\u0131b.","og_url":"https:\/\/kokpit.az\/?p=28311","og_site_name":"X\u0259b\u0259ri Kokpitd\u0259 Oxuyun!","article_publisher":"https:\/\/www.facebook.com\/profile.php?id=61553756392357","article_published_time":"2026-09-04T02:38:12+00:00","article_modified_time":"2026-09-04T03:47:46+00:00","og_image":[{"width":1200,"height":632,"url":"https:\/\/kokpit.az\/wp-content\/uploads\/2026\/09\/kimi-antonelli-mercedes-monza-press-conference-planetf1-1320x742-1-e1788493653446.jpg","type":"image\/jpeg"}],"author":"Rauf Hac\u0131yev","twitter_card":"summary_large_image","twitter_misc":{"Written by":"Rauf Hac\u0131yev","Est. reading time":"2 minutes"},"schema":{"@context":"https:\/\/schema.org","@graph":[{"@type":"Article","@id":"https:\/\/kokpit.az\/?p=28311#article","isPartOf":{"@id":"https:\/\/kokpit.az\/?p=28311"},"author":{"name":"Rauf Hac\u0131yev","@id":"https:\/\/kokpit.az\/#\/schema\/person\/f4114e650bc2993d0650e4fb6933c581"},"headline":"K.Antonelli: Art\u0131q isbatlanas\u0131 he\u00e7 n\u0259yim yoxdur","datePublished":"2026-09-04T02:38:12+00:00","dateModified":"2026-09-04T03:47:46+00:00","mainEntityOfPage":{"@id":"https:\/\/kokpit.az\/?p=28311"},"wordCount":474,"commentCount":0,"publisher":{"@id":"https:\/\/kokpit.az\/#organization"},"image":{"@id":"https:\/\/kokpit.az\/?p=28311#primaryimage"},"thumbnailUrl":"https:\/\/kokpit.az\/wp-content\/uploads\/2026\/09\/kimi-antonelli-mercedes-monza-press-conference-planetf1-1320x742-1-e1788493653446.jpg","keywords":["Italian Grand Prix","Kimi Antonelli","Mercedes AMG Petronas F1 Team"],"articleSection":["\u0130taliya Qran Prisi","X\u0259b\u0259rl\u0259r"],"inLanguage":"az","potentialAction":[{"@type":"CommentAction","name":"Comment","target":["https:\/\/kokpit.az\/?p=28311#respond"]}]},{"@type":"WebPage","@id":"https:\/\/kokpit.az\/?p=28311","url":"https:\/\/kokpit.az\/?p=28311","name":"K.Antonelli: Art\u0131q isbatlanas\u0131 he\u00e7 n\u0259yim yoxdur - X\u0259b\u0259ri Kokpitd\u0259 Oxuyun!","isPartOf":{"@id":"https:\/\/kokpit.az\/#website"},"primaryImageOfPage":{"@id":"https:\/\/kokpit.az\/?p=28311#primaryimage"},"image":{"@id":"https:\/\/kokpit.az\/?p=28311#primaryimage"},"thumbnailUrl":"https:\/\/kokpit.az\/wp-content\/uploads\/2026\/09\/kimi-antonelli-mercedes-monza-press-conference-planetf1-1320x742-1-e1788493653446.jpg","datePublished":"2026-09-04T02:38:12+00:00","dateModified":"2026-09-04T03:47:46+00:00","breadcrumb":{"@id":"https:\/\/kokpit.az\/?p=28311#breadcrumb"},"inLanguage":"az","potentialAction":[{"@type":"ReadAction","target":["https:\/\/kokpit.az\/?p=28311"]}]},{"@type":"ImageObject","inLanguage":"az","@id":"https:\/\/kokpit.az\/?p=28311#primaryimage","url":"https:\/\/kokpit.az\/wp-content\/uploads\/2026\/09\/kimi-antonelli-mercedes-monza-press-conference-planetf1-1320x742-1-e1788493653446.jpg","contentUrl":"https:\/\/kokpit.az\/wp-content\/uploads\/2026\/09\/kimi-antonelli-mercedes-monza-press-conference-planetf1-1320x742-1-e1788493653446.jpg","width":1200,"height":632},{"@type":"BreadcrumbList","@id":"https:\/\/kokpit.az\/?p=28311#breadcrumb","itemListElement":[{"@type":"ListItem","position":1,"name":"Home","item":"https:\/\/kokpit.az\/"},{"@type":"ListItem","position":2,"name":"K.Antonelli: Art\u0131q isbatlanas\u0131 he\u00e7 n\u0259yim yoxdur"}]},{"@type":"WebSite","@id":"https:\/\/kokpit.az\/#website","url":"https:\/\/kokpit.az\/","name":"X\u0259b\u0259ri Kokpitd\u0259 Oxuyun!","description":"","publisher":{"@id":"https:\/\/kokpit.az\/#organization"},"potentialAction":[{"@type":"SearchAction","target":{"@type":"EntryPoint","urlTemplate":"https:\/\/kokpit.az\/?s={search_term_string}"},"query-input":{"@type":"PropertyValueSpecification","valueRequired":true,"valueName":"search_term_string"}}],"inLanguage":"az"},{"@type":"Organization","@id":"https:\/\/kokpit.az\/#organization","name":"X\u0259b\u0259ri Kokpitd\u0259 Oxuyun!","url":"https:\/\/kokpit.az\/","logo":{"@type":"ImageObject","inLanguage":"az","@id":"https:\/\/kokpit.az\/#\/schema\/logo\/image\/","url":"https:\/\/kokpit.az\/wp-content\/uploads\/2023\/05\/kokpit.jpg","contentUrl":"https:\/\/kokpit.az\/wp-content\/uploads\/2023\/05\/kokpit.jpg","width":488,"height":245,"caption":"X\u0259b\u0259ri Kokpitd\u0259 Oxuyun!"},"image":{"@id":"https:\/\/kokpit.az\/#\/schema\/logo\/image\/"},"sameAs":["https:\/\/www.facebook.com\/profile.php?id=61553756392357"]},{"@type":"Person","@id":"https:\/\/kokpit.az\/#\/schema\/person\/f4114e650bc2993d0650e4fb6933c581","name":"Rauf Hac\u0131yev","image":{"@type":"ImageObject","inLanguage":"az","@id":"https:\/\/secure.gravatar.com\/avatar\/394a2085c47c7acdcf41f7d270b7cbb52513d6f4f24c1cb6dfbbd61f98c0503d?s=96&d=mm&r=g","url":"https:\/\/secure.gravatar.com\/avatar\/394a2085c47c7acdcf41f7d270b7cbb52513d6f4f24c1cb6dfbbd61f98c0503d?s=96&d=mm&r=g","contentUrl":"https:\/\/secure.gravatar.com\/avatar\/394a2085c47c7acdcf41f7d270b7cbb52513d6f4f24c1cb6dfbbd61f98c0503d?s=96&d=mm&r=g","caption":"Rauf Hac\u0131yev"},"sameAs":["https:\/\/kokpit.az"],"url":"https:\/\/kokpit.az\/?author=2"}]}},"_links":{"self":[{"href":"https:\/\/kokpit.az\/index.php?rest_route=\/wp\/v2\/posts\/28311","targetHints":{"allow":["GET"]}}],"collection":[{"href":"https:\/\/kokpit.az\/index.php?rest_route=\/wp\/v2\/posts"}],"about":[{"href":"https:\/\/kokpit.az\/index.php?rest_route=\/wp\/v2\/types\/post"}],"author":[{"embeddable":true,"href":"https:\/\/kokpit.az\/index.php?rest_route=\/wp\/v2\/users\/2"}],"replies":[{"embeddable":true,"href":"https:\/\/kokpit.az\/index.php?rest_route=%2Fwp%2Fv2%2Fcomments&post=28311"}],"version-history":[{"count":2,"href":"https:\/\/kokpit.az\/index.php?rest_route=\/wp\/v2\/posts\/28311\/revisions"}],"predecessor-version":[{"id":28318,"href":"https:\/\/kokpit.az\/index.php?rest_route=\/wp\/v2\/posts\/28311\/revisions\/28318"}],"wp:featuredmedia":[{"embeddable":true,"href":"https:\/\/kokpit.az\/index.php?rest_route=\/wp\/v2\/media\/28317"}],"wp:attachment":[{"href":"https:\/\/kokpit.az\/index.php?rest_route=%2Fwp%2Fv2%2Fmedia&parent=28311"}],"wp:term":[{"taxonomy":"category","embeddable":true,"href":"https:\/\/kokpit.az\/index.php?rest_route=%2Fwp%2Fv2%2Fcategories&post=28311"},{"taxonomy":"post_tag","embeddable":true,"href":"https:\/\/kokpit.az\/index.php?rest_route=%2Fwp%2Fv2%2Ftags&post=28311"}],"curies":[{"name":"wp","href":"https:\/\/api.w.org\/{rel}","templated":true}]}}