{"id":28303,"date":"2026-09-03T20:31:42","date_gmt":"2026-09-03T16:31:42","guid":{"rendered":"https:\/\/kokpit.az\/?p=28303"},"modified":"2026-09-04T01:37:24","modified_gmt":"2026-09-03T21:37:24","slug":"s-lekler-italiya-daha-f%c9%99rqli-olacaq","status":"publish","type":"post","link":"https:\/\/kokpit.az\/?p=28303","title":{"rendered":"\u015e.Lekler: \u0130taliya daha f\u0259rqli olacaq"},"content":{"rendered":"<p>2026-c\u0131 il qaydalar\u0131n\u0131n Monza kimi y\u00fcks\u0259k s\u00fcr\u0259tli trasda bolid\u0259 v\u0259 s\u00fcr\u00fc\u015f\u0259 t\u0259sirini d\u0259y\u0259rl\u0259ndir\u0259n monakolu s\u00fcr\u00fcc\u00fc builki \u0130taliya Qran Prisinin \u0259vv\u0259lki ill\u0259rd\u0259n xeyli f\u0259rqli olaca\u011f\u0131n\u0131 vur\u011fulay\u0131b: \u201cD\u0259yi\u015fiklik h\u0259qiq\u0259t\u0259n \u00e7ox b\u00f6y\u00fckd\u00fcr. M\u00f6vs\u00fcm\u00fcn \u0259vv\u0259lind\u0259 Spa v\u0259 Silverstoun simulyasiyalar\u0131na baxanda h\u0259ft\u0259sonuna bir q\u0259d\u0259r \u015f\u00fcbh\u0259 il\u0259 yana\u015f\u0131rd\u0131m. Amma trasa \u00e7\u0131xd\u0131qda g\u00f6zl\u0259diyimd\u0259n daha yax\u015f\u0131 hiss etmi\u015fdim.<\/p>\n<p>Monzada da eyni v\u0259ziyy\u0259tin olaca\u011f\u0131na \u00fcmid edir\u0259m. Ka\u011f\u0131z \u00fcz\u0259rind\u0259 bura \u0259vv\u0259lki ill\u0259rl\u0259 m\u00fcqayis\u0259d\u0259 tamamil\u0259 f\u0259rqli tras kimi g\u00f6r\u00fcn\u00fcr.<\/p>\n<p>T\u0259bii ki, \u0259n n\u0259z\u0259r\u0259\u00e7arpan f\u0259rq ham\u0131m\u0131z\u0131n bildiyi kimi g\u00fcc qur\u011fusu t\u0259r\u0259find\u0259dir. Amma m\u0259nc\u0259, asfaltayatma q\u00fcvv\u0259sind\u0259 d\u0259 ciddi d\u0259yi\u015fiklik olacaq. D\u00f6ng\u0259l\u0259rin say\u0131n\u0131n az olmas\u0131 s\u0259b\u0259bind\u0259n d\u00fczl\u00fckl\u0259rd\u0259 itirdiyimiz vaxt\u0131 kompensasiya etm\u0259k daha \u00e7\u0259tin olacaq.<\/p>\n<p>Lakin bolidin b\u00fct\u00fcn sazlamalar\u0131n\u0131 \u0259n yax\u015f\u0131 s\u0259viyy\u0259y\u0259 \u00e7atd\u0131ra bils\u0259k, Silverstoun v\u0259 Spa-da oldu\u011fu kimi bazar g\u00fcn\u00fc yen\u0259 zirv\u0259 u\u011frunda m\u00fcbariz\u0259d\u0259 olaca\u011f\u0131m\u0131za inan\u0131ram&#8221;.<\/p>\n<p>Ferrari-nin do\u011fma yar\u0131\u015f\u0131nda i\u015ftirak\u0131n yaratd\u0131\u011f\u0131 m\u0259suliyy\u0259tl\u0259r\u0259 v\u0259 paddokdak\u0131 son yenilikl\u0259r\u0259 toxunan Lekler Lando Norrisin elan etdiyi yeni a\u015fa\u011f\u0131seriya komandas\u0131n\u0131 da d\u0259y\u0259rl\u0259ndirib: \u201cMonza h\u0259ft\u0259sonlar\u0131 bizim \u00fc\u00e7\u00fcn h\u0259mi\u015f\u0259 daha uzun v\u0259 yorucu ke\u00e7ir. \u0130ki g\u00fcn \u0259vv\u0259l Milanda ke\u00e7iril\u0259n t\u0259dbirl\u0259rl\u0259 ba\u015flad\u0131q, bu g\u00fcn trasa g\u0259ldik v\u0259 n\u0259hay\u0259t, c\u00fcm\u0259 g\u00fcn\u00fc bolidl\u0259 trasa \u00e7\u0131xaca\u011f\u0131q.<\/p>\n<p>Amma ald\u0131\u011f\u0131m\u0131z enerji o q\u0259d\u0259r m\u00fcsb\u0259tdir ki, n\u0259 q\u0259d\u0259r yoruldu\u011fumu yaln\u0131z yar\u0131\u015fdan bir g\u00fcn sonra anlay\u0131ram. Qar\u015f\u0131dak\u0131 h\u0259ft\u0259 Madrid yar\u0131\u015f\u0131 oldu\u011fu \u00fc\u00e7\u00fcn bazar ert\u0259si b\u0259rpa prosesi \u00e7ox vacib olacaq.<\/p>\n<p>Dig\u0259r t\u0259r\u0259fd\u0259n, Lando Norris-in Formula 3 v\u0259 Formula 4-d\u0259 \u00f6z komandas\u0131n\u0131 yaratmas\u0131 h\u0259qiq\u0259t\u0259n \u00e7ox t\u0259sirlidir. Bu, kifay\u0259t q\u0259d\u0259r ciddi layih\u0259dir v\u0259 r\u0259hb\u0259rliyin\u0259 d\u0259 t\u0259cr\u00fcb\u0259li insanlar g\u0259tirilib. H\u0259tta Formula 2-d\u0259ki yar\u0131\u015f m\u00fch\u0259ndisim Qullaume Kapietto da bu proqrama qo\u015fulub. Onun n\u0259 q\u0259d\u0259r m\u00f6ht\u0259\u015f\u0259m m\u00fch\u0259ndis oldu\u011funu \u00e7ox yax\u015f\u0131 bilir\u0259m.<\/p>\n<p>M\u0259nim d\u0259 \u00f6z kartinq komandam var v\u0259 b\u0259lk\u0259 zamanla b\u00f6y\u00fcy\u0259c\u0259k. Ancaq haz\u0131rda ona kifay\u0259t q\u0259d\u0259r vaxt ay\u0131ra bilmir\u0259m&#8221;.<\/p>\n","protected":false},"excerpt":{"rendered":"<p>Ferrari komandas\u0131n\u0131n pilotu \u015earl Lekler \u0130taliya Qran Prisi \u00f6nc\u0259si jurnalistl\u0259rin suallar\u0131n\u0131 cavabland\u0131r\u0131b.<\/p>\n","protected":false},"author":2,"featured_media":28307,"comment_status":"open","ping_status":"open","sticky":false,"template":"","format":"standard","meta":{"footnotes":""},"categories":[204,2],"tags":[64,106,53],"class_list":["post-28303","post","type-post","status-publish","format-standard","has-post-thumbnail","hentry","category-italiya-qran-prisi","category-news","tag-charles-leclerc","tag-italian-grand-prix","tag-scuderia-ferrari"],"yoast_head":"<!-- This site is optimized with the Yoast SEO plugin v28.4 - https:\/\/yoast.com\/product\/yoast-seo-wordpress\/ -->\n<title>\u015e.Lekler: \u0130taliya daha f\u0259rqli olacaq - X\u0259b\u0259ri Kokpitd\u0259 Oxuyun!<\/title>\n<meta name=\"robots\" content=\"index, follow, max-snippet:-1, max-image-preview:large, max-video-preview:-1\" \/>\n<link rel=\"canonical\" href=\"https:\/\/kokpit.az\/?p=28303\" \/>\n<meta property=\"og:locale\" content=\"az_AZ\" \/>\n<meta property=\"og:type\" content=\"article\" \/>\n<meta property=\"og:title\" content=\"\u015e.Lekler: \u0130taliya daha f\u0259rqli olacaq - X\u0259b\u0259ri Kokpitd\u0259 Oxuyun!\" \/>\n<meta property=\"og:description\" content=\"Ferrari komandas\u0131n\u0131n pilotu \u015earl Lekler \u0130taliya Qran Prisi \u00f6nc\u0259si jurnalistl\u0259rin suallar\u0131n\u0131 cavabland\u0131r\u0131b.\" \/>\n<meta property=\"og:url\" content=\"https:\/\/kokpit.az\/?p=28303\" \/>\n<meta property=\"og:site_name\" content=\"X\u0259b\u0259ri Kokpitd\u0259 Oxuyun!\" \/>\n<meta property=\"article:publisher\" content=\"https:\/\/www.facebook.com\/profile.php?id=61553756392357\" \/>\n<meta property=\"article:published_time\" content=\"2026-09-03T16:31:42+00:00\" \/>\n<meta property=\"article:modified_time\" content=\"2026-09-03T21:37:24+00:00\" \/>\n<meta property=\"og:image\" content=\"https:\/\/kokpit.az\/wp-content\/uploads\/2026\/09\/HRTBbxEboAAG8zt-scaled-e1788471422668.jpeg\" \/>\n\t<meta property=\"og:image:width\" content=\"1200\" \/>\n\t<meta property=\"og:image:height\" content=\"630\" \/>\n\t<meta property=\"og:image:type\" content=\"image\/jpeg\" \/>\n<meta name=\"author\" content=\"Rauf Hac\u0131yev\" \/>\n<meta name=\"twitter:card\" content=\"summary_large_image\" \/>\n<meta name=\"twitter:label1\" content=\"Written by\" \/>\n\t<meta name=\"twitter:data1\" content=\"Rauf Hac\u0131yev\" \/>\n\t<meta name=\"twitter:label2\" content=\"Est. reading time\" \/>\n\t<meta name=\"twitter:data2\" content=\"2 minutes\" \/>\n<script type=\"application\/ld+json\" class=\"yoast-schema-graph\">{\"@context\":\"https:\\\/\\\/schema.org\",\"@graph\":[{\"@type\":\"Article\",\"@id\":\"https:\\\/\\\/kokpit.az\\\/?p=28303#article\",\"isPartOf\":{\"@id\":\"https:\\\/\\\/kokpit.az\\\/?p=28303\"},\"author\":{\"name\":\"Rauf Hac\u0131yev\",\"@id\":\"https:\\\/\\\/kokpit.az\\\/#\\\/schema\\\/person\\\/f4114e650bc2993d0650e4fb6933c581\"},\"headline\":\"\u015e.Lekler: \u0130taliya daha f\u0259rqli olacaq\",\"datePublished\":\"2026-09-03T16:31:42+00:00\",\"dateModified\":\"2026-09-03T21:37:24+00:00\",\"mainEntityOfPage\":{\"@id\":\"https:\\\/\\\/kokpit.az\\\/?p=28303\"},\"wordCount\":468,\"commentCount\":0,\"publisher\":{\"@id\":\"https:\\\/\\\/kokpit.az\\\/#organization\"},\"image\":{\"@id\":\"https:\\\/\\\/kokpit.az\\\/?p=28303#primaryimage\"},\"thumbnailUrl\":\"https:\\\/\\\/kokpit.az\\\/wp-content\\\/uploads\\\/2026\\\/09\\\/HRTBbxEboAAG8zt-scaled-e1788471422668.jpeg\",\"keywords\":[\"Charles Leclerc\",\"Italian Grand Prix\",\"Scuderia Ferrari\"],\"articleSection\":[\"\u0130taliya Qran Prisi\",\"X\u0259b\u0259rl\u0259r\"],\"inLanguage\":\"az\",\"potentialAction\":[{\"@type\":\"CommentAction\",\"name\":\"Comment\",\"target\":[\"https:\\\/\\\/kokpit.az\\\/?p=28303#respond\"]}]},{\"@type\":\"WebPage\",\"@id\":\"https:\\\/\\\/kokpit.az\\\/?p=28303\",\"url\":\"https:\\\/\\\/kokpit.az\\\/?p=28303\",\"name\":\"\u015e.Lekler: \u0130taliya daha f\u0259rqli olacaq - X\u0259b\u0259ri Kokpitd\u0259 Oxuyun!\",\"isPartOf\":{\"@id\":\"https:\\\/\\\/kokpit.az\\\/#website\"},\"primaryImageOfPage\":{\"@id\":\"https:\\\/\\\/kokpit.az\\\/?p=28303#primaryimage\"},\"image\":{\"@id\":\"https:\\\/\\\/kokpit.az\\\/?p=28303#primaryimage\"},\"thumbnailUrl\":\"https:\\\/\\\/kokpit.az\\\/wp-content\\\/uploads\\\/2026\\\/09\\\/HRTBbxEboAAG8zt-scaled-e1788471422668.jpeg\",\"datePublished\":\"2026-09-03T16:31:42+00:00\",\"dateModified\":\"2026-09-03T21:37:24+00:00\",\"breadcrumb\":{\"@id\":\"https:\\\/\\\/kokpit.az\\\/?p=28303#breadcrumb\"},\"inLanguage\":\"az\",\"potentialAction\":[{\"@type\":\"ReadAction\",\"target\":[\"https:\\\/\\\/kokpit.az\\\/?p=28303\"]}]},{\"@type\":\"ImageObject\",\"inLanguage\":\"az\",\"@id\":\"https:\\\/\\\/kokpit.az\\\/?p=28303#primaryimage\",\"url\":\"https:\\\/\\\/kokpit.az\\\/wp-content\\\/uploads\\\/2026\\\/09\\\/HRTBbxEboAAG8zt-scaled-e1788471422668.jpeg\",\"contentUrl\":\"https:\\\/\\\/kokpit.az\\\/wp-content\\\/uploads\\\/2026\\\/09\\\/HRTBbxEboAAG8zt-scaled-e1788471422668.jpeg\",\"width\":1200,\"height\":630},{\"@type\":\"BreadcrumbList\",\"@id\":\"https:\\\/\\\/kokpit.az\\\/?p=28303#breadcrumb\",\"itemListElement\":[{\"@type\":\"ListItem\",\"position\":1,\"name\":\"Home\",\"item\":\"https:\\\/\\\/kokpit.az\\\/\"},{\"@type\":\"ListItem\",\"position\":2,\"name\":\"\u015e.Lekler: \u0130taliya daha f\u0259rqli olacaq\"}]},{\"@type\":\"WebSite\",\"@id\":\"https:\\\/\\\/kokpit.az\\\/#website\",\"url\":\"https:\\\/\\\/kokpit.az\\\/\",\"name\":\"X\u0259b\u0259ri Kokpitd\u0259 Oxuyun!\",\"description\":\"\",\"publisher\":{\"@id\":\"https:\\\/\\\/kokpit.az\\\/#organization\"},\"potentialAction\":[{\"@type\":\"SearchAction\",\"target\":{\"@type\":\"EntryPoint\",\"urlTemplate\":\"https:\\\/\\\/kokpit.az\\\/?s={search_term_string}\"},\"query-input\":{\"@type\":\"PropertyValueSpecification\",\"valueRequired\":true,\"valueName\":\"search_term_string\"}}],\"inLanguage\":\"az\"},{\"@type\":\"Organization\",\"@id\":\"https:\\\/\\\/kokpit.az\\\/#organization\",\"name\":\"X\u0259b\u0259ri Kokpitd\u0259 Oxuyun!\",\"url\":\"https:\\\/\\\/kokpit.az\\\/\",\"logo\":{\"@type\":\"ImageObject\",\"inLanguage\":\"az\",\"@id\":\"https:\\\/\\\/kokpit.az\\\/#\\\/schema\\\/logo\\\/image\\\/\",\"url\":\"https:\\\/\\\/kokpit.az\\\/wp-content\\\/uploads\\\/2023\\\/05\\\/kokpit.jpg\",\"contentUrl\":\"https:\\\/\\\/kokpit.az\\\/wp-content\\\/uploads\\\/2023\\\/05\\\/kokpit.jpg\",\"width\":488,\"height\":245,\"caption\":\"X\u0259b\u0259ri Kokpitd\u0259 Oxuyun!\"},\"image\":{\"@id\":\"https:\\\/\\\/kokpit.az\\\/#\\\/schema\\\/logo\\\/image\\\/\"},\"sameAs\":[\"https:\\\/\\\/www.facebook.com\\\/profile.php?id=61553756392357\"]},{\"@type\":\"Person\",\"@id\":\"https:\\\/\\\/kokpit.az\\\/#\\\/schema\\\/person\\\/f4114e650bc2993d0650e4fb6933c581\",\"name\":\"Rauf Hac\u0131yev\",\"image\":{\"@type\":\"ImageObject\",\"inLanguage\":\"az\",\"@id\":\"https:\\\/\\\/secure.gravatar.com\\\/avatar\\\/394a2085c47c7acdcf41f7d270b7cbb52513d6f4f24c1cb6dfbbd61f98c0503d?s=96&d=mm&r=g\",\"url\":\"https:\\\/\\\/secure.gravatar.com\\\/avatar\\\/394a2085c47c7acdcf41f7d270b7cbb52513d6f4f24c1cb6dfbbd61f98c0503d?s=96&d=mm&r=g\",\"contentUrl\":\"https:\\\/\\\/secure.gravatar.com\\\/avatar\\\/394a2085c47c7acdcf41f7d270b7cbb52513d6f4f24c1cb6dfbbd61f98c0503d?s=96&d=mm&r=g\",\"caption\":\"Rauf Hac\u0131yev\"},\"sameAs\":[\"https:\\\/\\\/kokpit.az\"],\"url\":\"https:\\\/\\\/kokpit.az\\\/?author=2\"}]}<\/script>\n<!-- \/ Yoast SEO plugin. -->","yoast_head_json":{"title":"\u015e.Lekler: \u0130taliya daha f\u0259rqli olacaq - X\u0259b\u0259ri Kokpitd\u0259 Oxuyun!","robots":{"index":"index","follow":"follow","max-snippet":"max-snippet:-1","max-image-preview":"max-image-preview:large","max-video-preview":"max-video-preview:-1"},"canonical":"https:\/\/kokpit.az\/?p=28303","og_locale":"az_AZ","og_type":"article","og_title":"\u015e.Lekler: \u0130taliya daha f\u0259rqli olacaq - X\u0259b\u0259ri Kokpitd\u0259 Oxuyun!","og_description":"Ferrari komandas\u0131n\u0131n pilotu \u015earl Lekler \u0130taliya Qran Prisi \u00f6nc\u0259si jurnalistl\u0259rin suallar\u0131n\u0131 cavabland\u0131r\u0131b.","og_url":"https:\/\/kokpit.az\/?p=28303","og_site_name":"X\u0259b\u0259ri Kokpitd\u0259 Oxuyun!","article_publisher":"https:\/\/www.facebook.com\/profile.php?id=61553756392357","article_published_time":"2026-09-03T16:31:42+00:00","article_modified_time":"2026-09-03T21:37:24+00:00","og_image":[{"width":1200,"height":630,"url":"https:\/\/kokpit.az\/wp-content\/uploads\/2026\/09\/HRTBbxEboAAG8zt-scaled-e1788471422668.jpeg","type":"image\/jpeg"}],"author":"Rauf Hac\u0131yev","twitter_card":"summary_large_image","twitter_misc":{"Written by":"Rauf Hac\u0131yev","Est. reading time":"2 minutes"},"schema":{"@context":"https:\/\/schema.org","@graph":[{"@type":"Article","@id":"https:\/\/kokpit.az\/?p=28303#article","isPartOf":{"@id":"https:\/\/kokpit.az\/?p=28303"},"author":{"name":"Rauf Hac\u0131yev","@id":"https:\/\/kokpit.az\/#\/schema\/person\/f4114e650bc2993d0650e4fb6933c581"},"headline":"\u015e.Lekler: \u0130taliya daha f\u0259rqli olacaq","datePublished":"2026-09-03T16:31:42+00:00","dateModified":"2026-09-03T21:37:24+00:00","mainEntityOfPage":{"@id":"https:\/\/kokpit.az\/?p=28303"},"wordCount":468,"commentCount":0,"publisher":{"@id":"https:\/\/kokpit.az\/#organization"},"image":{"@id":"https:\/\/kokpit.az\/?p=28303#primaryimage"},"thumbnailUrl":"https:\/\/kokpit.az\/wp-content\/uploads\/2026\/09\/HRTBbxEboAAG8zt-scaled-e1788471422668.jpeg","keywords":["Charles Leclerc","Italian Grand Prix","Scuderia Ferrari"],"articleSection":["\u0130taliya Qran Prisi","X\u0259b\u0259rl\u0259r"],"inLanguage":"az","potentialAction":[{"@type":"CommentAction","name":"Comment","target":["https:\/\/kokpit.az\/?p=28303#respond"]}]},{"@type":"WebPage","@id":"https:\/\/kokpit.az\/?p=28303","url":"https:\/\/kokpit.az\/?p=28303","name":"\u015e.Lekler: \u0130taliya daha f\u0259rqli olacaq - X\u0259b\u0259ri Kokpitd\u0259 Oxuyun!","isPartOf":{"@id":"https:\/\/kokpit.az\/#website"},"primaryImageOfPage":{"@id":"https:\/\/kokpit.az\/?p=28303#primaryimage"},"image":{"@id":"https:\/\/kokpit.az\/?p=28303#primaryimage"},"thumbnailUrl":"https:\/\/kokpit.az\/wp-content\/uploads\/2026\/09\/HRTBbxEboAAG8zt-scaled-e1788471422668.jpeg","datePublished":"2026-09-03T16:31:42+00:00","dateModified":"2026-09-03T21:37:24+00:00","breadcrumb":{"@id":"https:\/\/kokpit.az\/?p=28303#breadcrumb"},"inLanguage":"az","potentialAction":[{"@type":"ReadAction","target":["https:\/\/kokpit.az\/?p=28303"]}]},{"@type":"ImageObject","inLanguage":"az","@id":"https:\/\/kokpit.az\/?p=28303#primaryimage","url":"https:\/\/kokpit.az\/wp-content\/uploads\/2026\/09\/HRTBbxEboAAG8zt-scaled-e1788471422668.jpeg","contentUrl":"https:\/\/kokpit.az\/wp-content\/uploads\/2026\/09\/HRTBbxEboAAG8zt-scaled-e1788471422668.jpeg","width":1200,"height":630},{"@type":"BreadcrumbList","@id":"https:\/\/kokpit.az\/?p=28303#breadcrumb","itemListElement":[{"@type":"ListItem","position":1,"name":"Home","item":"https:\/\/kokpit.az\/"},{"@type":"ListItem","position":2,"name":"\u015e.Lekler: \u0130taliya daha f\u0259rqli olacaq"}]},{"@type":"WebSite","@id":"https:\/\/kokpit.az\/#website","url":"https:\/\/kokpit.az\/","name":"X\u0259b\u0259ri Kokpitd\u0259 Oxuyun!","description":"","publisher":{"@id":"https:\/\/kokpit.az\/#organization"},"potentialAction":[{"@type":"SearchAction","target":{"@type":"EntryPoint","urlTemplate":"https:\/\/kokpit.az\/?s={search_term_string}"},"query-input":{"@type":"PropertyValueSpecification","valueRequired":true,"valueName":"search_term_string"}}],"inLanguage":"az"},{"@type":"Organization","@id":"https:\/\/kokpit.az\/#organization","name":"X\u0259b\u0259ri Kokpitd\u0259 Oxuyun!","url":"https:\/\/kokpit.az\/","logo":{"@type":"ImageObject","inLanguage":"az","@id":"https:\/\/kokpit.az\/#\/schema\/logo\/image\/","url":"https:\/\/kokpit.az\/wp-content\/uploads\/2023\/05\/kokpit.jpg","contentUrl":"https:\/\/kokpit.az\/wp-content\/uploads\/2023\/05\/kokpit.jpg","width":488,"height":245,"caption":"X\u0259b\u0259ri Kokpitd\u0259 Oxuyun!"},"image":{"@id":"https:\/\/kokpit.az\/#\/schema\/logo\/image\/"},"sameAs":["https:\/\/www.facebook.com\/profile.php?id=61553756392357"]},{"@type":"Person","@id":"https:\/\/kokpit.az\/#\/schema\/person\/f4114e650bc2993d0650e4fb6933c581","name":"Rauf Hac\u0131yev","image":{"@type":"ImageObject","inLanguage":"az","@id":"https:\/\/secure.gravatar.com\/avatar\/394a2085c47c7acdcf41f7d270b7cbb52513d6f4f24c1cb6dfbbd61f98c0503d?s=96&d=mm&r=g","url":"https:\/\/secure.gravatar.com\/avatar\/394a2085c47c7acdcf41f7d270b7cbb52513d6f4f24c1cb6dfbbd61f98c0503d?s=96&d=mm&r=g","contentUrl":"https:\/\/secure.gravatar.com\/avatar\/394a2085c47c7acdcf41f7d270b7cbb52513d6f4f24c1cb6dfbbd61f98c0503d?s=96&d=mm&r=g","caption":"Rauf Hac\u0131yev"},"sameAs":["https:\/\/kokpit.az"],"url":"https:\/\/kokpit.az\/?author=2"}]}},"_links":{"self":[{"href":"https:\/\/kokpit.az\/index.php?rest_route=\/wp\/v2\/posts\/28303","targetHints":{"allow":["GET"]}}],"collection":[{"href":"https:\/\/kokpit.az\/index.php?rest_route=\/wp\/v2\/posts"}],"about":[{"href":"https:\/\/kokpit.az\/index.php?rest_route=\/wp\/v2\/types\/post"}],"author":[{"embeddable":true,"href":"https:\/\/kokpit.az\/index.php?rest_route=\/wp\/v2\/users\/2"}],"replies":[{"embeddable":true,"href":"https:\/\/kokpit.az\/index.php?rest_route=%2Fwp%2Fv2%2Fcomments&post=28303"}],"version-history":[{"count":2,"href":"https:\/\/kokpit.az\/index.php?rest_route=\/wp\/v2\/posts\/28303\/revisions"}],"predecessor-version":[{"id":28308,"href":"https:\/\/kokpit.az\/index.php?rest_route=\/wp\/v2\/posts\/28303\/revisions\/28308"}],"wp:featuredmedia":[{"embeddable":true,"href":"https:\/\/kokpit.az\/index.php?rest_route=\/wp\/v2\/media\/28307"}],"wp:attachment":[{"href":"https:\/\/kokpit.az\/index.php?rest_route=%2Fwp%2Fv2%2Fmedia&parent=28303"}],"wp:term":[{"taxonomy":"category","embeddable":true,"href":"https:\/\/kokpit.az\/index.php?rest_route=%2Fwp%2Fv2%2Fcategories&post=28303"},{"taxonomy":"post_tag","embeddable":true,"href":"https:\/\/kokpit.az\/index.php?rest_route=%2Fwp%2Fv2%2Ftags&post=28303"}],"curies":[{"name":"wp","href":"https:\/\/api.w.org\/{rel}","templated":true}]}}