{"id":28297,"date":"2026-09-03T18:16:14","date_gmt":"2026-09-03T14:16:14","guid":{"rendered":"https:\/\/kokpit.az\/?p=28297"},"modified":"2026-09-03T19:49:41","modified_gmt":"2026-09-03T15:49:41","slug":"okon-yeni-ferrari-muh%c9%99rrikind%c9%99n-istifad%c9%99-ed%c9%99-bilm%c9%99y%c9%99c%c9%99k","status":"publish","type":"post","link":"https:\/\/kokpit.az\/?p=28297","title":{"rendered":"Okon yeni Ferrari m\u00fch\u0259rrikind\u0259n istifad\u0259 ed\u0259 bilm\u0259y\u0259c\u0259k"},"content":{"rendered":"<p>Ferrari-nin Monza \u00fc\u00e7\u00fcn haz\u0131rlad\u0131\u011f\u0131 yenil\u0259nmi\u015f ADUO g\u00fcc qur\u011fusu Oliver Berman\u0131n bolidin\u0259 qura\u015fd\u0131r\u0131lacaq. Fransal\u0131 pilot is\u0259 h\u0259ft\u0259sonunu k\u00f6hn\u0259 spesifikasiya il\u0259 ke\u00e7irm\u0259li olacaq.<\/p>\n<p>Amerika komandas\u0131 komanda r\u0259hb\u0259ri Ayo Komatsunun h\u0259ft\u0259nin \u0259vv\u0259lind\u0259 elan etdiyi tamamil\u0259 yeni aerodinamik paketl\u0259 Monzaya g\u0259lib. Bu aerodinamik yenil\u0259m\u0259l\u0259r h\u0259r iki pilotun bolidind\u0259 yer alacaq.<\/p>\n<p>Lakin m\u00fch\u0259rrik t\u0259dar\u00fck\u00fcn\u00fcn m\u0259hdud olmas\u0131 s\u0259b\u0259bind\u0259n Okon Ferrari t\u0259r\u0259find\u0259n haz\u0131rlanan yegan\u0259 yeni m\u00fch\u0259rrikin komanda yolda\u015f\u0131na verilm\u0259si il\u0259 pis v\u0259ziyy\u0259t\u0259 d\u00fc\u015f\u00fcb.<\/p>\n<p>Qaydalara \u0259sas\u0259n m\u00fch\u0259rrik istehsal\u00e7\u0131lar\u0131 b\u00fct\u00fcn m\u00fc\u015ft\u0259ri komandalar\u0131n\u0131 eyni x\u00fcsusiyy\u0259tl\u0259r\u0259 malik g\u00fcc qur\u011fular\u0131 il\u0259 t\u0259min etm\u0259lidir. Lakin Motorsport.com-un \u0259ld\u0259 etdiyi m\u0259lumata g\u00f6r\u0259, FIA bu v\u0259ziyy\u0259td\u0259 qayda pozuntusu g\u00f6rm\u00fcr. Federasiya yeni m\u00fch\u0259rrikd\u0259n \u0259n az\u0131 bir \u0259d\u0259din t\u0259dar\u00fck edilm\u0259sini qaydalara uy\u011funluq bax\u0131m\u0131ndan kifay\u0259t hesab edir.<\/p>\n<p>M\u0259tbuata a\u00e7\u0131qlama ver\u0259n Esteban Okon yaranan v\u0259ziyy\u0259ti bel\u0259 d\u0259y\u0259rl\u0259ndirib: \u201cYenil\u0259m\u0259 paketinin tamam\u0131na sahib olmayaca\u011fam. Aerodinamik t\u0259r\u0259fd\u0259n yeni bolid\u0259 sahib\u0259m, amma yeni ADUO m\u00fch\u0259rriki m\u0259nd\u0259 olmayacaq.<\/p>\n<p>Komandaya yaln\u0131z bir \u0259d\u0259d m\u00fch\u0259rrik t\u0259qdim olundu\u011fu \u00fc\u00e7\u00fcn m\u0259n k\u00f6hn\u0259 m\u00fch\u0259rrikl\u0259 s\u00fcrm\u0259y\u0259 davam ed\u0259c\u0259y\u0259m. Bu, performans bax\u0131m\u0131ndan kifay\u0259t q\u0259d\u0259r b\u00f6y\u00fck itki yaradacaq. Ancaq yeni aerodinamik paket m\u0259nd\u0259 d\u0259 var v\u0259 trasa \u00e7\u0131xaraq n\u0259l\u0259r ed\u0259 bil\u0259c\u0259yimiz\u0259 baxaca\u011f\u0131q.<\/p>\n<p>\u00c7\u0259r\u015f\u0259nb\u0259 ax\u015fam\u0131 yeni aerodinamik paketi simulyatorda s\u0131nad\u0131m v\u0259 hissiyat h\u0259qiq\u0259t\u0259n daha yax\u015f\u0131 idi. T\u0259bii ki, bunu trasda da g\u00f6st\u0259rm\u0259k laz\u0131md\u0131r. Simulyatordak\u0131 performans\u0131n trasda h\u0259r zaman eyni \u015f\u0259kild\u0259 \u0259ks olunaca\u011f\u0131na z\u0259man\u0259t yoxdur.<\/p>\n<p>Monza bolidin b\u00fct\u00fcn potensial\u0131n\u0131 n\u00fcmayi\u015f etdir\u0259c\u0259yi \u0259n texniki tras deyil. \u018fsl qazanc\u0131 Madridd\u0259 daha ayd\u0131n g\u00f6r\u0259c\u0259yik. Buna baxmayaraq, Lesmo v\u0259 Parabolika d\u00f6ng\u0259l\u0259rind\u0259 bolidin nec\u0259 hiss etdir\u0259c\u0259yini g\u00f6rm\u0259k maraql\u0131 olacaq&#8221;.<\/p>\n<p>Monako Qran Prisind\u0259n b\u0259ri xal qazana bilm\u0259y\u0259r\u0259k inki\u015faf yar\u0131\u015f\u0131nda r\u0259qibl\u0259rind\u0259n geri qalan Haas m\u00f6vs\u00fcm\u00fcn ilk b\u00f6l\u00fcm\u00fcnd\u0259ki formas\u0131n\u0131 yenid\u0259n b\u0259rpa etm\u0259y\u0259 \u00e7al\u0131\u015f\u0131r.<\/p>\n<p>Son yar\u0131\u015flarda bolidin b\u00fct\u00fcn potensial\u0131n\u0131 ortaya qoymas\u0131na baxmayaraq xals\u0131z qald\u0131qlar\u0131n\u0131 bildir\u0259n Okon s\u00f6zl\u0259rini bel\u0259 tamamlay\u0131b: \u00a0\u201cM\u00f6vs\u00fcm\u0259 temp bax\u0131m\u0131ndan \u00e7ox yax\u015f\u0131 ba\u015flam\u0131\u015fd\u0131q, amma r\u0259qibl\u0259rimiz bizd\u0259n daha s\u00fcr\u0259tli inki\u015faf etdil\u0259r.<\/p>\n<p>Uzun m\u00fcdd\u0259tdir bu yenil\u0259m\u0259 paketini g\u00f6zl\u0259yirdik. \u00dcmid edir\u0259m ki, bu add\u0131mlar bizi yenid\u0259n ilk onlu\u011fa yax\u0131nla\u015fd\u0131racaq v\u0259 Racing Bulls il\u0259 Alpine komandalar\u0131 il\u0259 m\u00fcbariz\u0259 apara bil\u0259c\u0259yik.<\/p>\n<p>Son yar\u0131\u015flarda \u00f6z\u00fcm\u0259 g\u0259ldikd\u0259, bolidd\u0259n maksimum performans\u0131 ald\u0131\u011f\u0131m\u0131 hiss edir\u0259m. Amma h\u0259ft\u0259sonunu m\u00fcmk\u00fcn q\u0259d\u0259r yax\u015f\u0131 idar\u0259 edib bunun qar\u015f\u0131l\u0131\u011f\u0131nda xals\u0131z qalmaq m\u0259yusedici idi. \u00dcmid edir\u0259m ki, bu yenil\u0259m\u0259d\u0259n sonra g\u00f6st\u0259rdiyimiz s\u0259yl\u0259rin qar\u015f\u0131l\u0131\u011f\u0131n\u0131 xalla ala bil\u0259c\u0259yik&#8221;.<\/p>\n","protected":false},"excerpt":{"rendered":"<p>Haas komandas\u0131n\u0131n pilotu Esteban Okon \u0130taliya Qran Prisind\u0259 yeni Ferrari m\u00fch\u0259rrikind\u0259n istifad\u0259 ed\u0259 bilm\u0259y\u0259c\u0259yini a\u00e7\u0131qlay\u0131b.<\/p>\n","protected":false},"author":2,"featured_media":28298,"comment_status":"open","ping_status":"open","sticky":false,"template":"","format":"standard","meta":{"footnotes":""},"categories":[204,2],"tags":[78,87],"class_list":["post-28297","post","type-post","status-publish","format-standard","has-post-thumbnail","hentry","category-italiya-qran-prisi","category-news","tag-esteban-ocon","tag-moneygram-haas-f1-team"],"yoast_head":"<!-- This site is optimized with the Yoast SEO plugin v28.4 - https:\/\/yoast.com\/product\/yoast-seo-wordpress\/ -->\n<title>Okon yeni Ferrari m\u00fch\u0259rrikind\u0259n istifad\u0259 ed\u0259 bilm\u0259y\u0259c\u0259k - X\u0259b\u0259ri Kokpitd\u0259 Oxuyun!<\/title>\n<meta name=\"robots\" content=\"index, follow, max-snippet:-1, max-image-preview:large, max-video-preview:-1\" \/>\n<link rel=\"canonical\" href=\"https:\/\/kokpit.az\/?p=28297\" \/>\n<meta property=\"og:locale\" content=\"az_AZ\" \/>\n<meta property=\"og:type\" content=\"article\" \/>\n<meta property=\"og:title\" content=\"Okon yeni Ferrari m\u00fch\u0259rrikind\u0259n istifad\u0259 ed\u0259 bilm\u0259y\u0259c\u0259k - X\u0259b\u0259ri Kokpitd\u0259 Oxuyun!\" \/>\n<meta property=\"og:description\" content=\"Haas komandas\u0131n\u0131n pilotu Esteban Okon \u0130taliya Qran Prisind\u0259 yeni Ferrari m\u00fch\u0259rrikind\u0259n istifad\u0259 ed\u0259 bilm\u0259y\u0259c\u0259yini a\u00e7\u0131qlay\u0131b.\" \/>\n<meta property=\"og:url\" content=\"https:\/\/kokpit.az\/?p=28297\" \/>\n<meta property=\"og:site_name\" content=\"X\u0259b\u0259ri Kokpitd\u0259 Oxuyun!\" \/>\n<meta property=\"article:publisher\" content=\"https:\/\/www.facebook.com\/profile.php?id=61553756392357\" \/>\n<meta property=\"article:published_time\" content=\"2026-09-03T14:16:14+00:00\" \/>\n<meta property=\"article:modified_time\" content=\"2026-09-03T15:49:41+00:00\" \/>\n<meta property=\"og:image\" content=\"https:\/\/kokpit.az\/wp-content\/uploads\/2026\/09\/HQzJ6ZoWEAAvJ-b-e1788450566559.jpeg\" \/>\n\t<meta property=\"og:image:width\" content=\"1200\" \/>\n\t<meta property=\"og:image:height\" content=\"632\" \/>\n\t<meta property=\"og:image:type\" content=\"image\/jpeg\" \/>\n<meta name=\"author\" content=\"Rauf Hac\u0131yev\" \/>\n<meta name=\"twitter:card\" content=\"summary_large_image\" \/>\n<meta name=\"twitter:label1\" content=\"Written by\" \/>\n\t<meta name=\"twitter:data1\" content=\"Rauf Hac\u0131yev\" \/>\n\t<meta name=\"twitter:label2\" content=\"Est. reading time\" \/>\n\t<meta name=\"twitter:data2\" content=\"3 minutes\" \/>\n<script type=\"application\/ld+json\" class=\"yoast-schema-graph\">{\"@context\":\"https:\\\/\\\/schema.org\",\"@graph\":[{\"@type\":\"Article\",\"@id\":\"https:\\\/\\\/kokpit.az\\\/?p=28297#article\",\"isPartOf\":{\"@id\":\"https:\\\/\\\/kokpit.az\\\/?p=28297\"},\"author\":{\"name\":\"Rauf Hac\u0131yev\",\"@id\":\"https:\\\/\\\/kokpit.az\\\/#\\\/schema\\\/person\\\/f4114e650bc2993d0650e4fb6933c581\"},\"headline\":\"Okon yeni Ferrari m\u00fch\u0259rrikind\u0259n istifad\u0259 ed\u0259 bilm\u0259y\u0259c\u0259k\",\"datePublished\":\"2026-09-03T14:16:14+00:00\",\"dateModified\":\"2026-09-03T15:49:41+00:00\",\"mainEntityOfPage\":{\"@id\":\"https:\\\/\\\/kokpit.az\\\/?p=28297\"},\"wordCount\":602,\"commentCount\":0,\"publisher\":{\"@id\":\"https:\\\/\\\/kokpit.az\\\/#organization\"},\"image\":{\"@id\":\"https:\\\/\\\/kokpit.az\\\/?p=28297#primaryimage\"},\"thumbnailUrl\":\"https:\\\/\\\/kokpit.az\\\/wp-content\\\/uploads\\\/2026\\\/09\\\/HQzJ6ZoWEAAvJ-b-e1788450566559.jpeg\",\"keywords\":[\"Esteban Ocon\",\"MoneyGram Haas F1 Team\"],\"articleSection\":[\"\u0130taliya Qran Prisi\",\"X\u0259b\u0259rl\u0259r\"],\"inLanguage\":\"az\",\"potentialAction\":[{\"@type\":\"CommentAction\",\"name\":\"Comment\",\"target\":[\"https:\\\/\\\/kokpit.az\\\/?p=28297#respond\"]}]},{\"@type\":\"WebPage\",\"@id\":\"https:\\\/\\\/kokpit.az\\\/?p=28297\",\"url\":\"https:\\\/\\\/kokpit.az\\\/?p=28297\",\"name\":\"Okon yeni Ferrari m\u00fch\u0259rrikind\u0259n istifad\u0259 ed\u0259 bilm\u0259y\u0259c\u0259k - X\u0259b\u0259ri Kokpitd\u0259 Oxuyun!\",\"isPartOf\":{\"@id\":\"https:\\\/\\\/kokpit.az\\\/#website\"},\"primaryImageOfPage\":{\"@id\":\"https:\\\/\\\/kokpit.az\\\/?p=28297#primaryimage\"},\"image\":{\"@id\":\"https:\\\/\\\/kokpit.az\\\/?p=28297#primaryimage\"},\"thumbnailUrl\":\"https:\\\/\\\/kokpit.az\\\/wp-content\\\/uploads\\\/2026\\\/09\\\/HQzJ6ZoWEAAvJ-b-e1788450566559.jpeg\",\"datePublished\":\"2026-09-03T14:16:14+00:00\",\"dateModified\":\"2026-09-03T15:49:41+00:00\",\"breadcrumb\":{\"@id\":\"https:\\\/\\\/kokpit.az\\\/?p=28297#breadcrumb\"},\"inLanguage\":\"az\",\"potentialAction\":[{\"@type\":\"ReadAction\",\"target\":[\"https:\\\/\\\/kokpit.az\\\/?p=28297\"]}]},{\"@type\":\"ImageObject\",\"inLanguage\":\"az\",\"@id\":\"https:\\\/\\\/kokpit.az\\\/?p=28297#primaryimage\",\"url\":\"https:\\\/\\\/kokpit.az\\\/wp-content\\\/uploads\\\/2026\\\/09\\\/HQzJ6ZoWEAAvJ-b-e1788450566559.jpeg\",\"contentUrl\":\"https:\\\/\\\/kokpit.az\\\/wp-content\\\/uploads\\\/2026\\\/09\\\/HQzJ6ZoWEAAvJ-b-e1788450566559.jpeg\",\"width\":1200,\"height\":632},{\"@type\":\"BreadcrumbList\",\"@id\":\"https:\\\/\\\/kokpit.az\\\/?p=28297#breadcrumb\",\"itemListElement\":[{\"@type\":\"ListItem\",\"position\":1,\"name\":\"Home\",\"item\":\"https:\\\/\\\/kokpit.az\\\/\"},{\"@type\":\"ListItem\",\"position\":2,\"name\":\"Okon yeni Ferrari m\u00fch\u0259rrikind\u0259n istifad\u0259 ed\u0259 bilm\u0259y\u0259c\u0259k\"}]},{\"@type\":\"WebSite\",\"@id\":\"https:\\\/\\\/kokpit.az\\\/#website\",\"url\":\"https:\\\/\\\/kokpit.az\\\/\",\"name\":\"X\u0259b\u0259ri Kokpitd\u0259 Oxuyun!\",\"description\":\"\",\"publisher\":{\"@id\":\"https:\\\/\\\/kokpit.az\\\/#organization\"},\"potentialAction\":[{\"@type\":\"SearchAction\",\"target\":{\"@type\":\"EntryPoint\",\"urlTemplate\":\"https:\\\/\\\/kokpit.az\\\/?s={search_term_string}\"},\"query-input\":{\"@type\":\"PropertyValueSpecification\",\"valueRequired\":true,\"valueName\":\"search_term_string\"}}],\"inLanguage\":\"az\"},{\"@type\":\"Organization\",\"@id\":\"https:\\\/\\\/kokpit.az\\\/#organization\",\"name\":\"X\u0259b\u0259ri Kokpitd\u0259 Oxuyun!\",\"url\":\"https:\\\/\\\/kokpit.az\\\/\",\"logo\":{\"@type\":\"ImageObject\",\"inLanguage\":\"az\",\"@id\":\"https:\\\/\\\/kokpit.az\\\/#\\\/schema\\\/logo\\\/image\\\/\",\"url\":\"https:\\\/\\\/kokpit.az\\\/wp-content\\\/uploads\\\/2023\\\/05\\\/kokpit.jpg\",\"contentUrl\":\"https:\\\/\\\/kokpit.az\\\/wp-content\\\/uploads\\\/2023\\\/05\\\/kokpit.jpg\",\"width\":488,\"height\":245,\"caption\":\"X\u0259b\u0259ri Kokpitd\u0259 Oxuyun!\"},\"image\":{\"@id\":\"https:\\\/\\\/kokpit.az\\\/#\\\/schema\\\/logo\\\/image\\\/\"},\"sameAs\":[\"https:\\\/\\\/www.facebook.com\\\/profile.php?id=61553756392357\"]},{\"@type\":\"Person\",\"@id\":\"https:\\\/\\\/kokpit.az\\\/#\\\/schema\\\/person\\\/f4114e650bc2993d0650e4fb6933c581\",\"name\":\"Rauf Hac\u0131yev\",\"image\":{\"@type\":\"ImageObject\",\"inLanguage\":\"az\",\"@id\":\"https:\\\/\\\/secure.gravatar.com\\\/avatar\\\/394a2085c47c7acdcf41f7d270b7cbb52513d6f4f24c1cb6dfbbd61f98c0503d?s=96&d=mm&r=g\",\"url\":\"https:\\\/\\\/secure.gravatar.com\\\/avatar\\\/394a2085c47c7acdcf41f7d270b7cbb52513d6f4f24c1cb6dfbbd61f98c0503d?s=96&d=mm&r=g\",\"contentUrl\":\"https:\\\/\\\/secure.gravatar.com\\\/avatar\\\/394a2085c47c7acdcf41f7d270b7cbb52513d6f4f24c1cb6dfbbd61f98c0503d?s=96&d=mm&r=g\",\"caption\":\"Rauf Hac\u0131yev\"},\"sameAs\":[\"https:\\\/\\\/kokpit.az\"],\"url\":\"https:\\\/\\\/kokpit.az\\\/?author=2\"}]}<\/script>\n<!-- \/ Yoast SEO plugin. -->","yoast_head_json":{"title":"Okon yeni Ferrari m\u00fch\u0259rrikind\u0259n istifad\u0259 ed\u0259 bilm\u0259y\u0259c\u0259k - X\u0259b\u0259ri Kokpitd\u0259 Oxuyun!","robots":{"index":"index","follow":"follow","max-snippet":"max-snippet:-1","max-image-preview":"max-image-preview:large","max-video-preview":"max-video-preview:-1"},"canonical":"https:\/\/kokpit.az\/?p=28297","og_locale":"az_AZ","og_type":"article","og_title":"Okon yeni Ferrari m\u00fch\u0259rrikind\u0259n istifad\u0259 ed\u0259 bilm\u0259y\u0259c\u0259k - X\u0259b\u0259ri Kokpitd\u0259 Oxuyun!","og_description":"Haas komandas\u0131n\u0131n pilotu Esteban Okon \u0130taliya Qran Prisind\u0259 yeni Ferrari m\u00fch\u0259rrikind\u0259n istifad\u0259 ed\u0259 bilm\u0259y\u0259c\u0259yini a\u00e7\u0131qlay\u0131b.","og_url":"https:\/\/kokpit.az\/?p=28297","og_site_name":"X\u0259b\u0259ri Kokpitd\u0259 Oxuyun!","article_publisher":"https:\/\/www.facebook.com\/profile.php?id=61553756392357","article_published_time":"2026-09-03T14:16:14+00:00","article_modified_time":"2026-09-03T15:49:41+00:00","og_image":[{"width":1200,"height":632,"url":"https:\/\/kokpit.az\/wp-content\/uploads\/2026\/09\/HQzJ6ZoWEAAvJ-b-e1788450566559.jpeg","type":"image\/jpeg"}],"author":"Rauf Hac\u0131yev","twitter_card":"summary_large_image","twitter_misc":{"Written by":"Rauf Hac\u0131yev","Est. reading time":"3 minutes"},"schema":{"@context":"https:\/\/schema.org","@graph":[{"@type":"Article","@id":"https:\/\/kokpit.az\/?p=28297#article","isPartOf":{"@id":"https:\/\/kokpit.az\/?p=28297"},"author":{"name":"Rauf Hac\u0131yev","@id":"https:\/\/kokpit.az\/#\/schema\/person\/f4114e650bc2993d0650e4fb6933c581"},"headline":"Okon yeni Ferrari m\u00fch\u0259rrikind\u0259n istifad\u0259 ed\u0259 bilm\u0259y\u0259c\u0259k","datePublished":"2026-09-03T14:16:14+00:00","dateModified":"2026-09-03T15:49:41+00:00","mainEntityOfPage":{"@id":"https:\/\/kokpit.az\/?p=28297"},"wordCount":602,"commentCount":0,"publisher":{"@id":"https:\/\/kokpit.az\/#organization"},"image":{"@id":"https:\/\/kokpit.az\/?p=28297#primaryimage"},"thumbnailUrl":"https:\/\/kokpit.az\/wp-content\/uploads\/2026\/09\/HQzJ6ZoWEAAvJ-b-e1788450566559.jpeg","keywords":["Esteban Ocon","MoneyGram Haas F1 Team"],"articleSection":["\u0130taliya Qran Prisi","X\u0259b\u0259rl\u0259r"],"inLanguage":"az","potentialAction":[{"@type":"CommentAction","name":"Comment","target":["https:\/\/kokpit.az\/?p=28297#respond"]}]},{"@type":"WebPage","@id":"https:\/\/kokpit.az\/?p=28297","url":"https:\/\/kokpit.az\/?p=28297","name":"Okon yeni Ferrari m\u00fch\u0259rrikind\u0259n istifad\u0259 ed\u0259 bilm\u0259y\u0259c\u0259k - X\u0259b\u0259ri Kokpitd\u0259 Oxuyun!","isPartOf":{"@id":"https:\/\/kokpit.az\/#website"},"primaryImageOfPage":{"@id":"https:\/\/kokpit.az\/?p=28297#primaryimage"},"image":{"@id":"https:\/\/kokpit.az\/?p=28297#primaryimage"},"thumbnailUrl":"https:\/\/kokpit.az\/wp-content\/uploads\/2026\/09\/HQzJ6ZoWEAAvJ-b-e1788450566559.jpeg","datePublished":"2026-09-03T14:16:14+00:00","dateModified":"2026-09-03T15:49:41+00:00","breadcrumb":{"@id":"https:\/\/kokpit.az\/?p=28297#breadcrumb"},"inLanguage":"az","potentialAction":[{"@type":"ReadAction","target":["https:\/\/kokpit.az\/?p=28297"]}]},{"@type":"ImageObject","inLanguage":"az","@id":"https:\/\/kokpit.az\/?p=28297#primaryimage","url":"https:\/\/kokpit.az\/wp-content\/uploads\/2026\/09\/HQzJ6ZoWEAAvJ-b-e1788450566559.jpeg","contentUrl":"https:\/\/kokpit.az\/wp-content\/uploads\/2026\/09\/HQzJ6ZoWEAAvJ-b-e1788450566559.jpeg","width":1200,"height":632},{"@type":"BreadcrumbList","@id":"https:\/\/kokpit.az\/?p=28297#breadcrumb","itemListElement":[{"@type":"ListItem","position":1,"name":"Home","item":"https:\/\/kokpit.az\/"},{"@type":"ListItem","position":2,"name":"Okon yeni Ferrari m\u00fch\u0259rrikind\u0259n istifad\u0259 ed\u0259 bilm\u0259y\u0259c\u0259k"}]},{"@type":"WebSite","@id":"https:\/\/kokpit.az\/#website","url":"https:\/\/kokpit.az\/","name":"X\u0259b\u0259ri Kokpitd\u0259 Oxuyun!","description":"","publisher":{"@id":"https:\/\/kokpit.az\/#organization"},"potentialAction":[{"@type":"SearchAction","target":{"@type":"EntryPoint","urlTemplate":"https:\/\/kokpit.az\/?s={search_term_string}"},"query-input":{"@type":"PropertyValueSpecification","valueRequired":true,"valueName":"search_term_string"}}],"inLanguage":"az"},{"@type":"Organization","@id":"https:\/\/kokpit.az\/#organization","name":"X\u0259b\u0259ri Kokpitd\u0259 Oxuyun!","url":"https:\/\/kokpit.az\/","logo":{"@type":"ImageObject","inLanguage":"az","@id":"https:\/\/kokpit.az\/#\/schema\/logo\/image\/","url":"https:\/\/kokpit.az\/wp-content\/uploads\/2023\/05\/kokpit.jpg","contentUrl":"https:\/\/kokpit.az\/wp-content\/uploads\/2023\/05\/kokpit.jpg","width":488,"height":245,"caption":"X\u0259b\u0259ri Kokpitd\u0259 Oxuyun!"},"image":{"@id":"https:\/\/kokpit.az\/#\/schema\/logo\/image\/"},"sameAs":["https:\/\/www.facebook.com\/profile.php?id=61553756392357"]},{"@type":"Person","@id":"https:\/\/kokpit.az\/#\/schema\/person\/f4114e650bc2993d0650e4fb6933c581","name":"Rauf Hac\u0131yev","image":{"@type":"ImageObject","inLanguage":"az","@id":"https:\/\/secure.gravatar.com\/avatar\/394a2085c47c7acdcf41f7d270b7cbb52513d6f4f24c1cb6dfbbd61f98c0503d?s=96&d=mm&r=g","url":"https:\/\/secure.gravatar.com\/avatar\/394a2085c47c7acdcf41f7d270b7cbb52513d6f4f24c1cb6dfbbd61f98c0503d?s=96&d=mm&r=g","contentUrl":"https:\/\/secure.gravatar.com\/avatar\/394a2085c47c7acdcf41f7d270b7cbb52513d6f4f24c1cb6dfbbd61f98c0503d?s=96&d=mm&r=g","caption":"Rauf Hac\u0131yev"},"sameAs":["https:\/\/kokpit.az"],"url":"https:\/\/kokpit.az\/?author=2"}]}},"_links":{"self":[{"href":"https:\/\/kokpit.az\/index.php?rest_route=\/wp\/v2\/posts\/28297","targetHints":{"allow":["GET"]}}],"collection":[{"href":"https:\/\/kokpit.az\/index.php?rest_route=\/wp\/v2\/posts"}],"about":[{"href":"https:\/\/kokpit.az\/index.php?rest_route=\/wp\/v2\/types\/post"}],"author":[{"embeddable":true,"href":"https:\/\/kokpit.az\/index.php?rest_route=\/wp\/v2\/users\/2"}],"replies":[{"embeddable":true,"href":"https:\/\/kokpit.az\/index.php?rest_route=%2Fwp%2Fv2%2Fcomments&post=28297"}],"version-history":[{"count":1,"href":"https:\/\/kokpit.az\/index.php?rest_route=\/wp\/v2\/posts\/28297\/revisions"}],"predecessor-version":[{"id":28299,"href":"https:\/\/kokpit.az\/index.php?rest_route=\/wp\/v2\/posts\/28297\/revisions\/28299"}],"wp:featuredmedia":[{"embeddable":true,"href":"https:\/\/kokpit.az\/index.php?rest_route=\/wp\/v2\/media\/28298"}],"wp:attachment":[{"href":"https:\/\/kokpit.az\/index.php?rest_route=%2Fwp%2Fv2%2Fmedia&parent=28297"}],"wp:term":[{"taxonomy":"category","embeddable":true,"href":"https:\/\/kokpit.az\/index.php?rest_route=%2Fwp%2Fv2%2Fcategories&post=28297"},{"taxonomy":"post_tag","embeddable":true,"href":"https:\/\/kokpit.az\/index.php?rest_route=%2Fwp%2Fv2%2Ftags&post=28297"}],"curies":[{"name":"wp","href":"https:\/\/api.w.org\/{rel}","templated":true}]}}