{"id":28272,"date":"2026-09-03T16:00:20","date_gmt":"2026-09-03T12:00:20","guid":{"rendered":"https:\/\/kokpit.az\/?p=28272"},"modified":"2026-09-03T17:14:01","modified_gmt":"2026-09-03T13:14:01","slug":"monzada-boyuk-duel-ferrari-sumaxerin-ruhu-il%c9%99-r%c9%99qibl%c9%99r-is%c9%99-q%c9%99l%c9%99b%c9%99-ucun","status":"publish","type":"post","link":"https:\/\/kokpit.az\/?p=28272","title":{"rendered":"Monzada b\u00f6y\u00fck duel: Ferrari \u015eumaxerin miras\u0131, r\u0259qibl\u0259r is\u0259 q\u0259l\u0259b\u0259 \u00fc\u00e7\u00fcn!"},"content":{"rendered":"<h1>Monzada s\u00fcr\u0259t, \u015eumaxer v\u0259 b\u00f6y\u00fck f\u00fcrs\u0259t: Ferrari evind\u0259 n\u0259y\u0259 qadirdir?<\/h1>\n<p>Formula 1 bu h\u0259ft\u0259sonu Monzaya g\u0259lir. Amma Monza he\u00e7 vaxt sad\u0259c\u0259 t\u0259qvimd\u0259ki n\u00f6vb\u0259ti yar\u0131\u015f olmay\u0131b. Bura s\u00fcr\u0259tin m\u0259b\u0259didir, Ferrari-nin evidir, tifozil\u0259rin s\u0259hn\u0259sidir. Bu d\u0259f\u0259 is\u0259 b\u00fct\u00fcn bunlar\u0131n \u00fcst\u00fcn\u0259 \u00e7empionluq m\u00fcbariz\u0259sinin \u0259n maraql\u0131 d\u00f6n\u0259ml\u0259rind\u0259n biri \u0259lav\u0259 olunub.<\/p>\n<p>Kimi Antonelli \u0130taliya Qran Prisin\u0259 d\u00fcnya \u00e7empionat\u0131n\u0131n lideri kimi g\u0259lir. \u0130talyan pilotun do\u011fma torpa\u011f\u0131nda bel\u0259 m\u00f6ht\u0259\u015f\u0259m m\u00f6vqed\u0259 olmas\u0131 \u00f6z\u00fc b\u00f6y\u00fck hekay\u0259dir. Amma hekay\u0259nin \u0259n ironik t\u0259r\u0259fi odur ki, Antonelli ev yar\u0131\u015f\u0131nda \u00f6n s\u0131ralardan yox, b\u00f6y\u00fck ehtimalla peletonun arxas\u0131ndan start alacaq. Mercedes m\u00fch\u0259rrik d\u0259yi\u015fimi s\u0259b\u0259bind\u0259n ona ciddi startda yer itirm\u0259 c\u0259zas\u0131 t\u0259tbiq ed\u0259c\u0259k v\u0259 bu, Corc Rassell \u00fc\u00e7\u00fcn g\u00f6yd\u0259n d\u00fc\u015f\u0259n f\u00fcrs\u0259tdir.<\/p>\n<h3>Antonelli arxada, Rassell \u00f6n\u0259 \u00e7\u0131xacaq?<\/h3>\n<p><img loading=\"lazy\" decoding=\"async\" class=\"aligncenter wp-image-28162\" src=\"https:\/\/kokpit.az\/wp-content\/uploads\/2026\/08\/IMG_9051.webp\" alt=\"\" width=\"770\" height=\"514\" srcset=\"https:\/\/kokpit.az\/wp-content\/uploads\/2026\/08\/IMG_9051.webp 899w, https:\/\/kokpit.az\/wp-content\/uploads\/2026\/08\/IMG_9051-300x200.webp 300w, https:\/\/kokpit.az\/wp-content\/uploads\/2026\/08\/IMG_9051-768x513.webp 768w, https:\/\/kokpit.az\/wp-content\/uploads\/2026\/08\/IMG_9051-270x180.webp 270w, https:\/\/kokpit.az\/wp-content\/uploads\/2026\/08\/IMG_9051-370x247.webp 370w, https:\/\/kokpit.az\/wp-content\/uploads\/2026\/08\/IMG_9051-570x380.webp 570w, https:\/\/kokpit.az\/wp-content\/uploads\/2026\/08\/IMG_9051-740x494.webp 740w\" sizes=\"auto, (max-width: 770px) 100vw, 770px\" \/><\/p>\n<p>Rassell bu m\u00f6vs\u00fcm art\u0131q iki q\u0259l\u0259b\u0259 qazan\u0131b v\u0259 komanda yolda\u015f\u0131n\u0131n arxas\u0131nda \u00e7empionat\u0131n \u0259sas t\u0259qib\u00e7il\u0259rind\u0259n biridir. Antonellinin c\u0259zas\u0131 onun qar\u015f\u0131s\u0131ndak\u0131 \u0259n b\u00f6y\u00fck mane\u0259l\u0259rd\u0259n birini yar\u0131\u015f\u0131n \u00f6z\u00fcnd\u0259n \u0259vv\u0259l aradan qald\u0131r\u0131r. \u00dcst\u0259lik, Monza Mercedes-in g\u00fccl\u00fc t\u0259r\u0259fl\u0259rini g\u00f6st\u0259rm\u0259k \u00fc\u00e7\u00fcn ideal m\u0259kand\u0131r.<\/p>\n<p>Burada m\u00fch\u0259rrik g\u00fcc\u00fc, enerji idar\u0259etm\u0259si v\u0259 d\u00fczl\u00fck s\u00fcr\u0259ti h\u0259yati \u0259h\u0259miyy\u0259t da\u015f\u0131y\u0131r. D\u00f6vr\u0259nin t\u0259xmin\u0259n 76 faizi tam qazla ke\u00e7ilir v\u0259 5,793 kilometrlik trasda 53 d\u00f6vr\u0259 \u0259rzind\u0259 s\u00fcr\u00fcc\u00fcl\u0259r uzun d\u00fczl\u00fckl\u0259rd\u0259 maksimum s\u00fcr\u0259t u\u011frunda m\u00fcbariz\u0259 apar\u0131rlar.<\/p>\n<p>\u018fn maraql\u0131s\u0131 is\u0259 budur: Antonelli arxadan g\u0259lm\u0259li oldu\u011fu halda Mercedes-in \u0259lind\u0259 \u00e7ox g\u00fccl\u00fc m\u00fch\u0259rrik var. Rassell is\u0259 bu \u00fcst\u00fcnl\u00fckd\u0259n ilk andan istifad\u0259 ed\u0259 bil\u0259r.<\/p>\n<p>\u018fg\u0259r Rassell s\u0131ralanmada \u00f6n c\u0259rg\u0259l\u0259rd\u0259n birin\u0259 \u00e7\u0131xa bils\u0259, Antonellinin c\u0259zas\u0131 ona t\u0259kc\u0259 yar\u0131\u015f q\u0259l\u0259b\u0259si yox, \u00e7empionatdak\u0131 f\u0259rqi ciddi \u015f\u0259kild\u0259 azaltmaq imkan\u0131 ver\u0259c\u0259k.<\/p>\n<p>B\u0259z\u0259n Formula 1-d\u0259 \u015fans qap\u0131n\u0131 d\u00f6ym\u00fcr. Sad\u0259c\u0259 komanda yolda\u015f\u0131n\u0131n m\u00fch\u0259rrikini d\u0259yi\u015fdirir&#8230;<\/p>\n<h3>Red Bull-un gizli silah\u0131: at g\u00fcc\u00fc<\/h3>\n<p><img loading=\"lazy\" decoding=\"async\" class=\"aligncenter wp-image-26679 size-large\" src=\"https:\/\/kokpit.az\/wp-content\/uploads\/2026\/07\/IMG_7464-scaled-e1783129302593-1024x538.jpeg\" alt=\"\" width=\"770\" height=\"405\" srcset=\"https:\/\/kokpit.az\/wp-content\/uploads\/2026\/07\/IMG_7464-scaled-e1783129302593-1024x538.jpeg 1024w, https:\/\/kokpit.az\/wp-content\/uploads\/2026\/07\/IMG_7464-scaled-e1783129302593-300x158.jpeg 300w, https:\/\/kokpit.az\/wp-content\/uploads\/2026\/07\/IMG_7464-scaled-e1783129302593-768x403.jpeg 768w, https:\/\/kokpit.az\/wp-content\/uploads\/2026\/07\/IMG_7464-scaled-e1783129302593-270x142.jpeg 270w, https:\/\/kokpit.az\/wp-content\/uploads\/2026\/07\/IMG_7464-scaled-e1783129302593-370x194.jpeg 370w, https:\/\/kokpit.az\/wp-content\/uploads\/2026\/07\/IMG_7464-scaled-e1783129302593-570x299.jpeg 570w, https:\/\/kokpit.az\/wp-content\/uploads\/2026\/07\/IMG_7464-scaled-e1783129302593-740x389.jpeg 740w, https:\/\/kokpit.az\/wp-content\/uploads\/2026\/07\/IMG_7464-scaled-e1783129302593.jpeg 1200w\" sizes=\"auto, (max-width: 770px) 100vw, 770px\" \/><\/p>\n<p>Monzan\u0131n ba\u015fqa bir b\u00f6y\u00fck sual\u0131 is\u0259 Red Bull-dur.<\/p>\n<p>Red Bull-un 2026-c\u0131 il g\u00fcc qur\u011fusunun daxiliyanma m\u00fch\u0259rriki \u00fczr\u0259 h\u0259l\u0259 d\u0259 meyar olmas\u0131 t\u0259sdiql\u0259nib. Y\u0259ni s\u00f6hb\u0259t yaln\u0131z ka\u011f\u0131z \u00fcz\u0259rind\u0259ki r\u0259q\u0259md\u0259n getmir: Monza kimi d\u00fczl\u00fckl\u0259rin \u00fcst\u00fcnl\u00fck t\u0259\u015fkil etdiyi trasda m\u00fch\u0259rrik performans\u0131 birba\u015fa d\u00f6vr\u0259 vaxt\u0131na \u00e7evrilir. \u00a0Bu, Maks Ferstappen \u00fc\u00e7\u00fcn yax\u015f\u0131 x\u0259b\u0259rdir.<\/p>\n<p>Red Bull m\u00f6vs\u00fcm\u00fcn \u0259vv\u0259lind\u0259 Mercedes s\u0259viyy\u0259sind\u0259 g\u00f6r\u00fcnm\u0259s\u0259 d\u0259, Monza kimi traslarda avtomobilin m\u00fch\u0259rrik \u00fcst\u00fcnl\u00fcy\u00fc b\u0259zi aerodinamik \u00e7at\u0131\u015fmazl\u0131qlar\u0131 kompensasiya ed\u0259 bil\u0259r. Ferstappen d\u0259 art\u0131q bu trasda \u00fc\u00e7 d\u0259f\u0259 qalib g\u0259lib v\u0259 ke\u00e7\u0259nilki Monza yar\u0131\u015f\u0131n\u0131 da Red Bull-la qazan\u0131b.<\/p>\n<p>Ba\u015fqa s\u00f6zl\u0259, Monzada Red Bull-u he\u00e7 vaxt siyah\u0131n\u0131n k\u0259nar\u0131na atmaq olmaz.<\/p>\n<h3>McLaren \u00fc\u00e7\u00fcn \u201cy\u00fcks\u0259k s\u00fcr\u0259t\u201d imtahan\u0131<\/h3>\n<p><img loading=\"lazy\" decoding=\"async\" class=\"aligncenter wp-image-28270 size-large\" src=\"https:\/\/kokpit.az\/wp-content\/uploads\/2026\/09\/unnamed-21_f-e1788429391240-1024x538.webp\" alt=\"\" width=\"770\" height=\"405\" srcset=\"https:\/\/kokpit.az\/wp-content\/uploads\/2026\/09\/unnamed-21_f-e1788429391240-1024x538.webp 1024w, https:\/\/kokpit.az\/wp-content\/uploads\/2026\/09\/unnamed-21_f-e1788429391240-300x158.webp 300w, https:\/\/kokpit.az\/wp-content\/uploads\/2026\/09\/unnamed-21_f-e1788429391240-768x403.webp 768w, https:\/\/kokpit.az\/wp-content\/uploads\/2026\/09\/unnamed-21_f-e1788429391240-270x142.webp 270w, https:\/\/kokpit.az\/wp-content\/uploads\/2026\/09\/unnamed-21_f-e1788429391240-370x194.webp 370w, https:\/\/kokpit.az\/wp-content\/uploads\/2026\/09\/unnamed-21_f-e1788429391240-570x299.webp 570w, https:\/\/kokpit.az\/wp-content\/uploads\/2026\/09\/unnamed-21_f-e1788429391240-740x389.webp 740w, https:\/\/kokpit.az\/wp-content\/uploads\/2026\/09\/unnamed-21_f-e1788429391240.webp 1200w\" sizes=\"auto, (max-width: 770px) 100vw, 770px\" \/><\/p>\n<p>Lando Norris is\u0259 \u0130taliyaya \u0259la formada g\u0259lir. McLaren pilotu \u0259vv\u0259lc\u0259 Macar\u0131standa, ard\u0131nca Niderlandda qalib g\u0259l\u0259r\u0259k ard\u0131c\u0131l iki yar\u0131\u015fda maksimum n\u0259tic\u0259 \u0259ld\u0259 edib. \u00dcst\u0259lik, Norris art\u0131q \u00e7empionat\u0131n zirv\u0259sin\u0259 yax\u0131nla\u015fma\u011fa ba\u015flay\u0131b. \u00a0Amma Monza tamam ba\u015fqa hekay\u0259dir.<\/p>\n<p>McLaren-in g\u00fccl\u00fc t\u0259r\u0259fl\u0259rind\u0259n biri y\u00fcks\u0259k asfaltayatma q\u00fcvv\u0259si t\u0259l\u0259b ed\u0259n v\u0259 avtomobilin d\u00f6ng\u0259l\u0259rd\u0259 balans\u0131n\u0131n \u00f6n plana \u00e7\u0131xd\u0131\u011f\u0131 traslard\u0131r. Macar\u0131stan v\u0259 Zandvoort bu bax\u0131mdan komandan\u0131n i\u015fin\u0259 yaray\u0131rd\u0131. Monza is\u0259 avtomobili ba\u015fqa c\u00fcr sor\u011fu-suala \u00e7\u0259kir.<\/p>\n<p>Burada yava\u015f d\u00f6ng\u0259l\u0259rd\u0259 itiril\u0259n zaman v\u0259 x\u00fcsusil\u0259 uzun d\u00fczl\u00fckl\u0259rd\u0259 maksimum s\u00fcr\u0259t \u00e7at\u0131\u015fmazl\u0131\u011f\u0131 \u00e7ox baha ba\u015fa g\u0259l\u0259 bil\u0259r. McLaren-in d\u00fczl\u00fckl\u0259rd\u0259 v\u0259 a\u015fa\u011f\u0131 s\u00fcr\u0259tli d\u00f6ng\u0259l\u0259rd\u0259 r\u0259qibl\u0259rin\u0259 nisb\u0259t\u0259n z\u0259if qalmas\u0131 Monzada onu \u0259vv\u0259lki iki yar\u0131\u015fdak\u0131 q\u0259d\u0259r rahat favorit etm\u0259y\u0259c\u0259k.<\/p>\n<p>Norrisin qar\u015f\u0131s\u0131nda maraql\u0131 sual var: McLaren-in son iki yar\u0131\u015fdak\u0131 q\u0259l\u0259b\u0259 seriyas\u0131 davam ed\u0259c\u0259k, yoxsa Monzan\u0131n uzun d\u00fczl\u00fckl\u0259ri bu seriyan\u0131n qar\u015f\u0131s\u0131na \u00a0divar \u00e7\u0259k\u0259c\u0259k?<\/p>\n<p>M\u0259nc\u0259, McLaren yen\u0259 m\u00fcbariz\u0259nin i\u00e7ind\u0259 olacaq. Lakin bu d\u0259f\u0259 q\u0259l\u0259b\u0259 \u0259vv\u0259lki iki yar\u0131\u015fdak\u0131 q\u0259d\u0259r asan g\u00f6r\u00fcnm\u00fcr.<\/p>\n<h3>Ferrari \u00fc\u00e7\u00fcn is\u0259 bu, adi yar\u0131\u015f deyil<\/h3>\n<p><img loading=\"lazy\" decoding=\"async\" class=\"aligncenter wp-image-28205 size-large\" src=\"https:\/\/kokpit.az\/wp-content\/uploads\/2026\/09\/eupn72c1kgmqfvdzfjuw-e1788322455804-1024x538.webp\" alt=\"\" width=\"770\" height=\"405\" srcset=\"https:\/\/kokpit.az\/wp-content\/uploads\/2026\/09\/eupn72c1kgmqfvdzfjuw-e1788322455804-1024x538.webp 1024w, https:\/\/kokpit.az\/wp-content\/uploads\/2026\/09\/eupn72c1kgmqfvdzfjuw-e1788322455804-300x158.webp 300w, https:\/\/kokpit.az\/wp-content\/uploads\/2026\/09\/eupn72c1kgmqfvdzfjuw-e1788322455804-768x403.webp 768w, https:\/\/kokpit.az\/wp-content\/uploads\/2026\/09\/eupn72c1kgmqfvdzfjuw-e1788322455804-270x142.webp 270w, https:\/\/kokpit.az\/wp-content\/uploads\/2026\/09\/eupn72c1kgmqfvdzfjuw-e1788322455804-370x194.webp 370w, https:\/\/kokpit.az\/wp-content\/uploads\/2026\/09\/eupn72c1kgmqfvdzfjuw-e1788322455804-570x299.webp 570w, https:\/\/kokpit.az\/wp-content\/uploads\/2026\/09\/eupn72c1kgmqfvdzfjuw-e1788322455804-740x389.webp 740w, https:\/\/kokpit.az\/wp-content\/uploads\/2026\/09\/eupn72c1kgmqfvdzfjuw-e1788322455804.webp 1200w\" sizes=\"auto, (max-width: 770px) 100vw, 770px\" \/><\/p>\n<p>V\u0259 g\u0259lirik Monzan\u0131n \u00fcr\u0259yin\u0259 \u2014 Ferrariy\u0259&#8230;<\/p>\n<p>Bu h\u0259ft\u0259sonu q\u0131rm\u0131z\u0131 ma\u015f\u0131nlar bir az da f\u0259rqli g\u00f6r\u00fcn\u0259c\u0259k. Ferrari 1996-c\u0131 ild\u0259 Maykl \u015eumaxerin Monzada qazand\u0131\u011f\u0131 ilk \u0130taliya Qran Prisinin 30 illiyini qeyd edir. SF-26 x\u00fcsusi dizaynla trasda olacaq: F310-u xat\u0131rladan q\u0131rm\u0131z\u0131, a\u011f v\u0259 qara r\u0259ngl\u0259r, \u015eumaxerin \u201cMS\u201d loqosu, yeddi ulduz v\u0259 retro detallar\u0131 olan bu r\u0259ng \u00e7alar\u0131 Ferrari tarixinin \u0259n vacib s\u0259hif\u0259l\u0259rind\u0259n birin\u0259 h\u00f6rm\u0259tdir.<\/p>\n<p>\u015eumaxer Ferrari il\u0259 be\u015f d\u00fcnya \u00e7empionlu\u011fu qazan\u0131b, Monzada is\u0259 q\u0131rm\u0131z\u0131 r\u0259ngl\u0259 be\u015f d\u0259f\u0259 qalib g\u0259lib. Onun 1996-c\u0131 ild\u0259ki q\u0259l\u0259b\u0259si is\u0259 Ferrari-nin 1988-ci ild\u0259n sonra ev yar\u0131\u015f\u0131ndak\u0131 ilk q\u0259l\u0259b\u0259si idi.<\/p>\n<p>Y\u0259ni Ferrari bu d\u0259f\u0259 sad\u0259c\u0259 q\u0259l\u0259b\u0259 qazanmaq ist\u0259mir. Komanda \u015eumaxerin ruhuna uy\u011fun bir h\u0259ft\u0259sonu ya\u015famaq ist\u0259yir. Amma bunun \u00fc\u00e7\u00fcn nostalgiya kifay\u0259t etm\u0259y\u0259c\u0259k.<\/p>\n<h3>15 at g\u00fcc\u00fc Ferrari-ni q\u0259l\u0259b\u0259y\u0259 aparacaq?<\/h3>\n<p><img loading=\"lazy\" decoding=\"async\" class=\"aligncenter wp-image-28182 size-large\" src=\"https:\/\/kokpit.az\/wp-content\/uploads\/2026\/09\/racefansdotnet-24-09-01-09-20-57-2-ferrari-1996-5-e1788252103116-1024x538.jpg\" alt=\"\" width=\"770\" height=\"405\" srcset=\"https:\/\/kokpit.az\/wp-content\/uploads\/2026\/09\/racefansdotnet-24-09-01-09-20-57-2-ferrari-1996-5-e1788252103116-1024x538.jpg 1024w, https:\/\/kokpit.az\/wp-content\/uploads\/2026\/09\/racefansdotnet-24-09-01-09-20-57-2-ferrari-1996-5-e1788252103116-300x158.jpg 300w, https:\/\/kokpit.az\/wp-content\/uploads\/2026\/09\/racefansdotnet-24-09-01-09-20-57-2-ferrari-1996-5-e1788252103116-768x403.jpg 768w, https:\/\/kokpit.az\/wp-content\/uploads\/2026\/09\/racefansdotnet-24-09-01-09-20-57-2-ferrari-1996-5-e1788252103116-270x142.jpg 270w, https:\/\/kokpit.az\/wp-content\/uploads\/2026\/09\/racefansdotnet-24-09-01-09-20-57-2-ferrari-1996-5-e1788252103116-370x194.jpg 370w, https:\/\/kokpit.az\/wp-content\/uploads\/2026\/09\/racefansdotnet-24-09-01-09-20-57-2-ferrari-1996-5-e1788252103116-570x299.jpg 570w, https:\/\/kokpit.az\/wp-content\/uploads\/2026\/09\/racefansdotnet-24-09-01-09-20-57-2-ferrari-1996-5-e1788252103116-740x389.jpg 740w, https:\/\/kokpit.az\/wp-content\/uploads\/2026\/09\/racefansdotnet-24-09-01-09-20-57-2-ferrari-1996-5-e1788252103116.jpg 1200w\" sizes=\"auto, (max-width: 770px) 100vw, 770px\" \/><\/p>\n<p>Ferrari Monzaya m\u00fch\u0259rrik yeniliyi d\u0259 g\u0259tirir. ADUO \u00e7\u0259r\u00e7iv\u0259sind\u0259 haz\u0131rlanan yeni g\u00fcc qur\u011fusunun t\u0259xmin\u0259n <strong>15 at g\u00fcc\u00fc <\/strong>\u0259lav\u0259 etm\u0259si g\u00f6zl\u0259nilir. Bu yenilik Ferrari-nin Mercedes qar\u015f\u0131s\u0131ndak\u0131 m\u00fch\u0259rrik \u00e7at\u0131\u015fmazl\u0131\u011f\u0131n\u0131 \u0259h\u0259miyy\u0259tli d\u0259r\u0259c\u0259d\u0259 azaltmal\u0131d\u0131r. Komanda h\u0259m\u00e7inin Monzan\u0131n a\u015fa\u011f\u0131 asfaltayatma t\u0259l\u0259bl\u0259rin\u0259 uy\u011fun aerodinamik yenilikl\u0259r d\u0259 g\u0259tir\u0259c\u0259k.<\/p>\n<p>15 at g\u00fcc\u00fc Formula 1-d\u0259 b\u0259z\u0259n \u00e7ox \u015feydir, b\u0259z\u0259n is\u0259 sad\u0259c\u0259 statistikad\u0131r.<\/p>\n<p>Amma Monzada 15 at g\u00fcc\u00fc adi trasdak\u0131 15 at g\u00fcc\u00fc deyil. Uzun d\u00fczl\u00fckl\u0259rd\u0259 bu \u0259lav\u0259 g\u00fcc daha \u00e7ox hiss oluna bil\u0259r. Ferrari-nin \u015fassisi onsuz da Mercedes-\u0259 kifay\u0259t q\u0259d\u0259r yax\u0131n hesab olunur. \u018fsas problem m\u00fch\u0259rrik t\u0259r\u0259fd\u0259ki f\u0259rq idi. Yeni g\u00fcc qur\u011fusu bu bo\u015flu\u011fu azaldarsa, q\u0131rm\u0131z\u0131 ma\u015f\u0131nlar n\u0259hay\u0259t Mercedes-l\u0259 eyni masada otura bil\u0259r.<\/p>\n<p>\u00dcst\u0259lik, Antonelli yar\u0131\u015fa arxadan ba\u015flayacaq. Bel\u0259 baxanda Ferrari \u00fc\u00e7\u00fcn b\u00fct\u00fcn da\u015flar bir-bir yerin\u0259 d\u00fc\u015f\u00fcr. Ancaq\u00a0Formula 1-d\u0259 da\u015flar\u0131n yerin\u0259 d\u00fc\u015fm\u0259si h\u0259l\u0259 podiumun haz\u0131r olmas\u0131 dem\u0259k deyil.<\/p>\n<h3>H\u0259milton v\u0259 Lekler \u00fc\u00e7\u00fcn b\u00f6y\u00fck f\u00fcrs\u0259t<\/h3>\n<p><img loading=\"lazy\" decoding=\"async\" class=\"aligncenter wp-image-28281 size-large\" src=\"https:\/\/kokpit.az\/wp-content\/uploads\/2026\/09\/HRCTNRnW4AEWrPB-e1788440439590-1024x613.jpeg\" alt=\"\" width=\"770\" height=\"461\" srcset=\"https:\/\/kokpit.az\/wp-content\/uploads\/2026\/09\/HRCTNRnW4AEWrPB-e1788440439590-1024x613.jpeg 1024w, https:\/\/kokpit.az\/wp-content\/uploads\/2026\/09\/HRCTNRnW4AEWrPB-e1788440439590-300x179.jpeg 300w, https:\/\/kokpit.az\/wp-content\/uploads\/2026\/09\/HRCTNRnW4AEWrPB-e1788440439590-768x459.jpeg 768w, https:\/\/kokpit.az\/wp-content\/uploads\/2026\/09\/HRCTNRnW4AEWrPB-e1788440439590-270x162.jpeg 270w, https:\/\/kokpit.az\/wp-content\/uploads\/2026\/09\/HRCTNRnW4AEWrPB-e1788440439590-370x221.jpeg 370w, https:\/\/kokpit.az\/wp-content\/uploads\/2026\/09\/HRCTNRnW4AEWrPB-e1788440439590-570x341.jpeg 570w, https:\/\/kokpit.az\/wp-content\/uploads\/2026\/09\/HRCTNRnW4AEWrPB-e1788440439590-740x443.jpeg 740w, https:\/\/kokpit.az\/wp-content\/uploads\/2026\/09\/HRCTNRnW4AEWrPB-e1788440439590.jpeg 1080w\" sizes=\"auto, (max-width: 770px) 100vw, 770px\" \/><\/p>\n<p>Ferrari-nin qar\u015f\u0131s\u0131nda iki f\u0259rqli, amma eyni d\u0259r\u0259c\u0259d\u0259 maraql\u0131 hekay\u0259 var.<\/p>\n<p>H\u0259milton Monzada be\u015f d\u0259f\u0259 qalib g\u0259lib v\u0259 bu yar\u0131\u015f\u0131n n\u0259 t\u0259l\u0259b etdiyini \u00e7ox yax\u015f\u0131 bilir. Lekler is\u0259 Ferrari il\u0259 2019 v\u0259 2024-c\u00fc ill\u0259rd\u0259 burada qalib g\u0259lib. Y\u0259ni h\u0259r iki s\u00fcr\u00fcc\u00fcn\u00fcn bu trasda q\u0259l\u0259b\u0259 t\u0259cr\u00fcb\u0259si var.<\/p>\n<p>\u00dcst\u0259lik, qar\u015f\u0131lar\u0131nda c\u0259za alm\u0131\u015f \u00e7empionat lideri var. Bu, Ferrari \u00fc\u00e7\u00fcn ilin \u0259n b\u00f6y\u00fck f\u00fcrs\u0259tl\u0259rind\u0259n biri ola bil\u0259r.<\/p>\n<p>\u018fg\u0259r yeni m\u00fch\u0259rrik g\u00f6zl\u0259nil\u0259n 15 at g\u00fcc\u00fcn\u00fc h\u0259qiq\u0259t\u0259n g\u0259tirs\u0259, SF-26 d\u00fczl\u00fckl\u0259rd\u0259 \u0259vv\u0259lki q\u0259d\u0259r \u0259ziyy\u0259t \u00e7\u0259km\u0259s\u0259, H\u0259milton v\u0259 Lekler s\u0131ralanmada yax\u015f\u0131 n\u0259tic\u0259 g\u00f6st\u0259rs\u0259, Ferrari-nin Monzada q\u0259l\u0259b\u0259 \u00fc\u00e7\u00fcn real \u015fans\u0131 yaranacaq.<\/p>\n<p>\u0130ndi t\u0259s\u0259vv\u00fcr edin: Ferrari \u015eumaxer\u0259 h\u0259sr olunmu\u015f x\u00fcsusi dizaynla, onun ilk Monza q\u0259l\u0259b\u0259sinin 30-cu ild\u00f6n\u00fcm\u00fcnd\u0259, yeni m\u00fch\u0259rrikl\u0259, tifozil\u0259rin qar\u015f\u0131s\u0131nda qalib g\u0259lir&#8230; Bu, sad\u0259c\u0259 q\u0259l\u0259b\u0259 olmazd\u0131. Bu, Ferrari \u00fc\u00e7\u00fcn ssenarisi haz\u0131r yaz\u0131lm\u0131\u015f bir film olard\u0131.<\/p>\n<h3>B\u0259s kim qalib g\u0259l\u0259c\u0259k?<\/h3>\n<p><img loading=\"lazy\" decoding=\"async\" class=\"aligncenter wp-image-28282 size-large\" src=\"https:\/\/kokpit.az\/wp-content\/uploads\/2026\/09\/HQvWamnWkAAXmRl-e1788440815393-1024x591.jpeg\" alt=\"\" width=\"770\" height=\"444\" srcset=\"https:\/\/kokpit.az\/wp-content\/uploads\/2026\/09\/HQvWamnWkAAXmRl-e1788440815393-1024x591.jpeg 1024w, https:\/\/kokpit.az\/wp-content\/uploads\/2026\/09\/HQvWamnWkAAXmRl-e1788440815393-300x173.jpeg 300w, https:\/\/kokpit.az\/wp-content\/uploads\/2026\/09\/HQvWamnWkAAXmRl-e1788440815393-768x443.jpeg 768w, https:\/\/kokpit.az\/wp-content\/uploads\/2026\/09\/HQvWamnWkAAXmRl-e1788440815393-270x156.jpeg 270w, https:\/\/kokpit.az\/wp-content\/uploads\/2026\/09\/HQvWamnWkAAXmRl-e1788440815393-370x213.jpeg 370w, https:\/\/kokpit.az\/wp-content\/uploads\/2026\/09\/HQvWamnWkAAXmRl-e1788440815393-570x329.jpeg 570w, https:\/\/kokpit.az\/wp-content\/uploads\/2026\/09\/HQvWamnWkAAXmRl-e1788440815393-740x427.jpeg 740w, https:\/\/kokpit.az\/wp-content\/uploads\/2026\/09\/HQvWamnWkAAXmRl-e1788440815393.jpeg 1080w\" sizes=\"auto, (max-width: 770px) 100vw, 770px\" \/><\/p>\n<p>Ka\u011f\u0131z \u00fcz\u0259rind\u0259 Mercedes yen\u0259 favoritdir. M\u00fch\u0259rrik g\u00fcc\u00fc, tras\u0131n xarakteri v\u0259 bu m\u00f6vs\u00fcm\u00fcn \u00fcmumi tempi Rasselli \u00e7ox g\u00fccl\u00fc namiz\u0259d\u0259 \u00e7evirir. Antonellinin c\u0259zas\u0131 is\u0259 h\u0259r \u015feyi daha da maraql\u0131 edir.<\/p>\n<p>Red Bull v\u0259 Ferstappen is\u0259 Monzan\u0131n xarakterin\u0259 g\u00f6r\u0259 he\u00e7 vaxt k\u0259narda qala bilm\u0259z.<\/p>\n<p>McLaren v\u0259 Norris son iki yar\u0131\u015f\u0131n verdiyi inamla g\u0259lir, amma bu d\u0259f\u0259 avtomobilin z\u0259if t\u0259r\u0259fl\u0259ri daha s\u0259rt s\u0131naqdan ke\u00e7\u0259c\u0259k.<\/p>\n<p>Ferrari is\u0259&#8230; Ferrari olmaq m\u0259cburiyy\u0259tind\u0259dir. \u00c7\u00fcnki Monzada statistika, m\u00fch\u0259ndislik v\u0259 strategiya q\u0259d\u0259r emosiyalar da yar\u0131\u015f\u0131r.<\/p>\n<p>\u015eumaxerin q\u0131rm\u0131z\u0131 ma\u015f\u0131n\u0131 il\u0259 ba\u015flad\u0131\u011f\u0131 b\u00f6y\u00fck hekay\u0259d\u0259n 30 il sonra Ferrari yenid\u0259n onun xatir\u0259sin\u0259 x\u00fcsusi r\u0259ngl\u0259rl\u0259 trasdad\u0131r. Qar\u015f\u0131s\u0131nda is\u0259 15 at g\u00fccl\u00fck yeni m\u00fch\u0259rrik, minl\u0259rl\u0259 tifozinin t\u0259zyiqi v\u0259 \u00a0g\u00f6zl\u0259nil\u0259n ev q\u0259l\u0259b\u0259si dayan\u0131r.<\/p>\n<p>Monza bu h\u0259ft\u0259sonu bir sual ver\u0259c\u0259k: <strong>Ferrari \u015eumaxerin xatir\u0259sini sad\u0259c\u0259 qeyd ed\u0259c\u0259k, yoxsa onun ruhuna uy\u011fun q\u0259l\u0259b\u0259 il\u0259 tarix\u0259 yeni bir s\u0259hif\u0259 \u0259lav\u0259 ed\u0259c\u0259k?<\/strong><\/p>\n","protected":false},"excerpt":{"rendered":"<p>Monza bu d\u0259f\u0259 sad\u0259c\u0259 \u0130taliya Qran Prisi deyil. \u00c7empionat\u0131n taleyin\u0259 toxuna bil\u0259c\u0259k, Ferrari \u00fc\u00e7\u00fcn emosional, Mercedes \u00fc\u00e7\u00fcn strateji, McLaren \u00fc\u00e7\u00fcn is\u0259 bir n\u00f6v imtahan h\u0259ft\u0259sonudur. Bir t\u0259r\u0259fd\u0259 ev sahibi Ferrari v\u0259 \u015eumaxerin xatir\u0259si, dig\u0259r t\u0259r\u0259fd\u0259 c\u0259za il\u0259 m\u00fcbariz\u0259ni arxadan ba\u015flayacaq \u00e7empionat\u0131n lideri Antonelli, qar\u015f\u0131da is\u0259 d\u00fczl\u00fckl\u0259rin h\u00f6km s\u00fcrd\u00fcy\u00fc \u0259fsan\u0259vi Monza&#8230;<\/p>\n","protected":false},"author":2,"featured_media":28283,"comment_status":"open","ping_status":"open","sticky":false,"template":"","format":"standard","meta":{"footnotes":""},"categories":[204,3,2],"tags":[173,106],"class_list":["post-28272","post","type-post","status-publish","format-standard","has-post-thumbnail","hentry","category-italiya-qran-prisi","category-articles","category-news","tag-autodromo-nazionale-monza","tag-italian-grand-prix"],"yoast_head":"<!-- This site is optimized with the Yoast SEO plugin v28.4 - https:\/\/yoast.com\/product\/yoast-seo-wordpress\/ -->\n<title>Monzada b\u00f6y\u00fck duel: Ferrari \u015eumaxerin miras\u0131, r\u0259qibl\u0259r is\u0259 q\u0259l\u0259b\u0259 \u00fc\u00e7\u00fcn! - X\u0259b\u0259ri Kokpitd\u0259 Oxuyun!<\/title>\n<meta name=\"robots\" content=\"index, follow, max-snippet:-1, max-image-preview:large, max-video-preview:-1\" \/>\n<link rel=\"canonical\" href=\"https:\/\/kokpit.az\/?p=28272\" \/>\n<meta property=\"og:locale\" content=\"az_AZ\" \/>\n<meta property=\"og:type\" content=\"article\" \/>\n<meta property=\"og:title\" content=\"Monzada b\u00f6y\u00fck duel: Ferrari \u015eumaxerin miras\u0131, r\u0259qibl\u0259r is\u0259 q\u0259l\u0259b\u0259 \u00fc\u00e7\u00fcn! - X\u0259b\u0259ri Kokpitd\u0259 Oxuyun!\" \/>\n<meta property=\"og:description\" content=\"Monza bu d\u0259f\u0259 sad\u0259c\u0259 \u0130taliya Qran Prisi deyil. \u00c7empionat\u0131n taleyin\u0259 toxuna bil\u0259c\u0259k, Ferrari \u00fc\u00e7\u00fcn emosional, Mercedes \u00fc\u00e7\u00fcn strateji, McLaren \u00fc\u00e7\u00fcn is\u0259 bir n\u00f6v imtahan h\u0259ft\u0259sonudur. Bir t\u0259r\u0259fd\u0259 ev sahibi Ferrari v\u0259 \u015eumaxerin xatir\u0259si, dig\u0259r t\u0259r\u0259fd\u0259 c\u0259za il\u0259 m\u00fcbariz\u0259ni arxadan ba\u015flayacaq \u00e7empionat\u0131n lideri Antonelli, qar\u015f\u0131da is\u0259 d\u00fczl\u00fckl\u0259rin h\u00f6km s\u00fcrd\u00fcy\u00fc \u0259fsan\u0259vi Monza...\" \/>\n<meta property=\"og:url\" content=\"https:\/\/kokpit.az\/?p=28272\" \/>\n<meta property=\"og:site_name\" content=\"X\u0259b\u0259ri Kokpitd\u0259 Oxuyun!\" \/>\n<meta property=\"article:publisher\" content=\"https:\/\/www.facebook.com\/profile.php?id=61553756392357\" \/>\n<meta property=\"article:published_time\" content=\"2026-09-03T12:00:20+00:00\" \/>\n<meta property=\"article:modified_time\" content=\"2026-09-03T13:14:01+00:00\" \/>\n<meta property=\"og:image\" content=\"https:\/\/kokpit.az\/wp-content\/uploads\/2026\/09\/HRSs86UWUAAGjOA-e1788440875965.jpeg\" \/>\n\t<meta property=\"og:image:width\" content=\"1200\" \/>\n\t<meta property=\"og:image:height\" content=\"630\" \/>\n\t<meta property=\"og:image:type\" content=\"image\/jpeg\" \/>\n<meta name=\"author\" content=\"Rauf Hac\u0131yev\" \/>\n<meta name=\"twitter:card\" content=\"summary_large_image\" \/>\n<meta name=\"twitter:label1\" content=\"Written by\" \/>\n\t<meta name=\"twitter:data1\" content=\"Rauf Hac\u0131yev\" \/>\n\t<meta name=\"twitter:label2\" content=\"Est. reading time\" \/>\n\t<meta name=\"twitter:data2\" content=\"8 minutes\" \/>\n<script type=\"application\/ld+json\" class=\"yoast-schema-graph\">{\"@context\":\"https:\\\/\\\/schema.org\",\"@graph\":[{\"@type\":\"Article\",\"@id\":\"https:\\\/\\\/kokpit.az\\\/?p=28272#article\",\"isPartOf\":{\"@id\":\"https:\\\/\\\/kokpit.az\\\/?p=28272\"},\"author\":{\"name\":\"Rauf Hac\u0131yev\",\"@id\":\"https:\\\/\\\/kokpit.az\\\/#\\\/schema\\\/person\\\/f4114e650bc2993d0650e4fb6933c581\"},\"headline\":\"Monzada b\u00f6y\u00fck duel: Ferrari \u015eumaxerin miras\u0131, r\u0259qibl\u0259r is\u0259 q\u0259l\u0259b\u0259 \u00fc\u00e7\u00fcn!\",\"datePublished\":\"2026-09-03T12:00:20+00:00\",\"dateModified\":\"2026-09-03T13:14:01+00:00\",\"mainEntityOfPage\":{\"@id\":\"https:\\\/\\\/kokpit.az\\\/?p=28272\"},\"wordCount\":1686,\"commentCount\":0,\"publisher\":{\"@id\":\"https:\\\/\\\/kokpit.az\\\/#organization\"},\"image\":{\"@id\":\"https:\\\/\\\/kokpit.az\\\/?p=28272#primaryimage\"},\"thumbnailUrl\":\"https:\\\/\\\/kokpit.az\\\/wp-content\\\/uploads\\\/2026\\\/09\\\/HRSs86UWUAAGjOA-e1788440875965.jpeg\",\"keywords\":[\"Autodromo Nazionale Monza\",\"Italian Grand Prix\"],\"articleSection\":[\"\u0130taliya Qran Prisi\",\"K\u00f6\u015f\u0259 yaz\u0131lar\u0131\",\"X\u0259b\u0259rl\u0259r\"],\"inLanguage\":\"az\",\"potentialAction\":[{\"@type\":\"CommentAction\",\"name\":\"Comment\",\"target\":[\"https:\\\/\\\/kokpit.az\\\/?p=28272#respond\"]}]},{\"@type\":\"WebPage\",\"@id\":\"https:\\\/\\\/kokpit.az\\\/?p=28272\",\"url\":\"https:\\\/\\\/kokpit.az\\\/?p=28272\",\"name\":\"Monzada b\u00f6y\u00fck duel: Ferrari \u015eumaxerin miras\u0131, r\u0259qibl\u0259r is\u0259 q\u0259l\u0259b\u0259 \u00fc\u00e7\u00fcn! - X\u0259b\u0259ri Kokpitd\u0259 Oxuyun!\",\"isPartOf\":{\"@id\":\"https:\\\/\\\/kokpit.az\\\/#website\"},\"primaryImageOfPage\":{\"@id\":\"https:\\\/\\\/kokpit.az\\\/?p=28272#primaryimage\"},\"image\":{\"@id\":\"https:\\\/\\\/kokpit.az\\\/?p=28272#primaryimage\"},\"thumbnailUrl\":\"https:\\\/\\\/kokpit.az\\\/wp-content\\\/uploads\\\/2026\\\/09\\\/HRSs86UWUAAGjOA-e1788440875965.jpeg\",\"datePublished\":\"2026-09-03T12:00:20+00:00\",\"dateModified\":\"2026-09-03T13:14:01+00:00\",\"breadcrumb\":{\"@id\":\"https:\\\/\\\/kokpit.az\\\/?p=28272#breadcrumb\"},\"inLanguage\":\"az\",\"potentialAction\":[{\"@type\":\"ReadAction\",\"target\":[\"https:\\\/\\\/kokpit.az\\\/?p=28272\"]}]},{\"@type\":\"ImageObject\",\"inLanguage\":\"az\",\"@id\":\"https:\\\/\\\/kokpit.az\\\/?p=28272#primaryimage\",\"url\":\"https:\\\/\\\/kokpit.az\\\/wp-content\\\/uploads\\\/2026\\\/09\\\/HRSs86UWUAAGjOA-e1788440875965.jpeg\",\"contentUrl\":\"https:\\\/\\\/kokpit.az\\\/wp-content\\\/uploads\\\/2026\\\/09\\\/HRSs86UWUAAGjOA-e1788440875965.jpeg\",\"width\":1200,\"height\":630},{\"@type\":\"BreadcrumbList\",\"@id\":\"https:\\\/\\\/kokpit.az\\\/?p=28272#breadcrumb\",\"itemListElement\":[{\"@type\":\"ListItem\",\"position\":1,\"name\":\"Home\",\"item\":\"https:\\\/\\\/kokpit.az\\\/\"},{\"@type\":\"ListItem\",\"position\":2,\"name\":\"Monzada b\u00f6y\u00fck duel: Ferrari \u015eumaxerin miras\u0131, r\u0259qibl\u0259r is\u0259 q\u0259l\u0259b\u0259 \u00fc\u00e7\u00fcn!\"}]},{\"@type\":\"WebSite\",\"@id\":\"https:\\\/\\\/kokpit.az\\\/#website\",\"url\":\"https:\\\/\\\/kokpit.az\\\/\",\"name\":\"X\u0259b\u0259ri Kokpitd\u0259 Oxuyun!\",\"description\":\"\",\"publisher\":{\"@id\":\"https:\\\/\\\/kokpit.az\\\/#organization\"},\"potentialAction\":[{\"@type\":\"SearchAction\",\"target\":{\"@type\":\"EntryPoint\",\"urlTemplate\":\"https:\\\/\\\/kokpit.az\\\/?s={search_term_string}\"},\"query-input\":{\"@type\":\"PropertyValueSpecification\",\"valueRequired\":true,\"valueName\":\"search_term_string\"}}],\"inLanguage\":\"az\"},{\"@type\":\"Organization\",\"@id\":\"https:\\\/\\\/kokpit.az\\\/#organization\",\"name\":\"X\u0259b\u0259ri Kokpitd\u0259 Oxuyun!\",\"url\":\"https:\\\/\\\/kokpit.az\\\/\",\"logo\":{\"@type\":\"ImageObject\",\"inLanguage\":\"az\",\"@id\":\"https:\\\/\\\/kokpit.az\\\/#\\\/schema\\\/logo\\\/image\\\/\",\"url\":\"https:\\\/\\\/kokpit.az\\\/wp-content\\\/uploads\\\/2023\\\/05\\\/kokpit.jpg\",\"contentUrl\":\"https:\\\/\\\/kokpit.az\\\/wp-content\\\/uploads\\\/2023\\\/05\\\/kokpit.jpg\",\"width\":488,\"height\":245,\"caption\":\"X\u0259b\u0259ri Kokpitd\u0259 Oxuyun!\"},\"image\":{\"@id\":\"https:\\\/\\\/kokpit.az\\\/#\\\/schema\\\/logo\\\/image\\\/\"},\"sameAs\":[\"https:\\\/\\\/www.facebook.com\\\/profile.php?id=61553756392357\"]},{\"@type\":\"Person\",\"@id\":\"https:\\\/\\\/kokpit.az\\\/#\\\/schema\\\/person\\\/f4114e650bc2993d0650e4fb6933c581\",\"name\":\"Rauf Hac\u0131yev\",\"image\":{\"@type\":\"ImageObject\",\"inLanguage\":\"az\",\"@id\":\"https:\\\/\\\/secure.gravatar.com\\\/avatar\\\/394a2085c47c7acdcf41f7d270b7cbb52513d6f4f24c1cb6dfbbd61f98c0503d?s=96&d=mm&r=g\",\"url\":\"https:\\\/\\\/secure.gravatar.com\\\/avatar\\\/394a2085c47c7acdcf41f7d270b7cbb52513d6f4f24c1cb6dfbbd61f98c0503d?s=96&d=mm&r=g\",\"contentUrl\":\"https:\\\/\\\/secure.gravatar.com\\\/avatar\\\/394a2085c47c7acdcf41f7d270b7cbb52513d6f4f24c1cb6dfbbd61f98c0503d?s=96&d=mm&r=g\",\"caption\":\"Rauf Hac\u0131yev\"},\"sameAs\":[\"https:\\\/\\\/kokpit.az\"],\"url\":\"https:\\\/\\\/kokpit.az\\\/?author=2\"}]}<\/script>\n<!-- \/ Yoast SEO plugin. -->","yoast_head_json":{"title":"Monzada b\u00f6y\u00fck duel: Ferrari \u015eumaxerin miras\u0131, r\u0259qibl\u0259r is\u0259 q\u0259l\u0259b\u0259 \u00fc\u00e7\u00fcn! - X\u0259b\u0259ri Kokpitd\u0259 Oxuyun!","robots":{"index":"index","follow":"follow","max-snippet":"max-snippet:-1","max-image-preview":"max-image-preview:large","max-video-preview":"max-video-preview:-1"},"canonical":"https:\/\/kokpit.az\/?p=28272","og_locale":"az_AZ","og_type":"article","og_title":"Monzada b\u00f6y\u00fck duel: Ferrari \u015eumaxerin miras\u0131, r\u0259qibl\u0259r is\u0259 q\u0259l\u0259b\u0259 \u00fc\u00e7\u00fcn! - X\u0259b\u0259ri Kokpitd\u0259 Oxuyun!","og_description":"Monza bu d\u0259f\u0259 sad\u0259c\u0259 \u0130taliya Qran Prisi deyil. \u00c7empionat\u0131n taleyin\u0259 toxuna bil\u0259c\u0259k, Ferrari \u00fc\u00e7\u00fcn emosional, Mercedes \u00fc\u00e7\u00fcn strateji, McLaren \u00fc\u00e7\u00fcn is\u0259 bir n\u00f6v imtahan h\u0259ft\u0259sonudur. Bir t\u0259r\u0259fd\u0259 ev sahibi Ferrari v\u0259 \u015eumaxerin xatir\u0259si, dig\u0259r t\u0259r\u0259fd\u0259 c\u0259za il\u0259 m\u00fcbariz\u0259ni arxadan ba\u015flayacaq \u00e7empionat\u0131n lideri Antonelli, qar\u015f\u0131da is\u0259 d\u00fczl\u00fckl\u0259rin h\u00f6km s\u00fcrd\u00fcy\u00fc \u0259fsan\u0259vi Monza...","og_url":"https:\/\/kokpit.az\/?p=28272","og_site_name":"X\u0259b\u0259ri Kokpitd\u0259 Oxuyun!","article_publisher":"https:\/\/www.facebook.com\/profile.php?id=61553756392357","article_published_time":"2026-09-03T12:00:20+00:00","article_modified_time":"2026-09-03T13:14:01+00:00","og_image":[{"width":1200,"height":630,"url":"https:\/\/kokpit.az\/wp-content\/uploads\/2026\/09\/HRSs86UWUAAGjOA-e1788440875965.jpeg","type":"image\/jpeg"}],"author":"Rauf Hac\u0131yev","twitter_card":"summary_large_image","twitter_misc":{"Written by":"Rauf Hac\u0131yev","Est. reading time":"8 minutes"},"schema":{"@context":"https:\/\/schema.org","@graph":[{"@type":"Article","@id":"https:\/\/kokpit.az\/?p=28272#article","isPartOf":{"@id":"https:\/\/kokpit.az\/?p=28272"},"author":{"name":"Rauf Hac\u0131yev","@id":"https:\/\/kokpit.az\/#\/schema\/person\/f4114e650bc2993d0650e4fb6933c581"},"headline":"Monzada b\u00f6y\u00fck duel: Ferrari \u015eumaxerin miras\u0131, r\u0259qibl\u0259r is\u0259 q\u0259l\u0259b\u0259 \u00fc\u00e7\u00fcn!","datePublished":"2026-09-03T12:00:20+00:00","dateModified":"2026-09-03T13:14:01+00:00","mainEntityOfPage":{"@id":"https:\/\/kokpit.az\/?p=28272"},"wordCount":1686,"commentCount":0,"publisher":{"@id":"https:\/\/kokpit.az\/#organization"},"image":{"@id":"https:\/\/kokpit.az\/?p=28272#primaryimage"},"thumbnailUrl":"https:\/\/kokpit.az\/wp-content\/uploads\/2026\/09\/HRSs86UWUAAGjOA-e1788440875965.jpeg","keywords":["Autodromo Nazionale Monza","Italian Grand Prix"],"articleSection":["\u0130taliya Qran Prisi","K\u00f6\u015f\u0259 yaz\u0131lar\u0131","X\u0259b\u0259rl\u0259r"],"inLanguage":"az","potentialAction":[{"@type":"CommentAction","name":"Comment","target":["https:\/\/kokpit.az\/?p=28272#respond"]}]},{"@type":"WebPage","@id":"https:\/\/kokpit.az\/?p=28272","url":"https:\/\/kokpit.az\/?p=28272","name":"Monzada b\u00f6y\u00fck duel: Ferrari \u015eumaxerin miras\u0131, r\u0259qibl\u0259r is\u0259 q\u0259l\u0259b\u0259 \u00fc\u00e7\u00fcn! - X\u0259b\u0259ri Kokpitd\u0259 Oxuyun!","isPartOf":{"@id":"https:\/\/kokpit.az\/#website"},"primaryImageOfPage":{"@id":"https:\/\/kokpit.az\/?p=28272#primaryimage"},"image":{"@id":"https:\/\/kokpit.az\/?p=28272#primaryimage"},"thumbnailUrl":"https:\/\/kokpit.az\/wp-content\/uploads\/2026\/09\/HRSs86UWUAAGjOA-e1788440875965.jpeg","datePublished":"2026-09-03T12:00:20+00:00","dateModified":"2026-09-03T13:14:01+00:00","breadcrumb":{"@id":"https:\/\/kokpit.az\/?p=28272#breadcrumb"},"inLanguage":"az","potentialAction":[{"@type":"ReadAction","target":["https:\/\/kokpit.az\/?p=28272"]}]},{"@type":"ImageObject","inLanguage":"az","@id":"https:\/\/kokpit.az\/?p=28272#primaryimage","url":"https:\/\/kokpit.az\/wp-content\/uploads\/2026\/09\/HRSs86UWUAAGjOA-e1788440875965.jpeg","contentUrl":"https:\/\/kokpit.az\/wp-content\/uploads\/2026\/09\/HRSs86UWUAAGjOA-e1788440875965.jpeg","width":1200,"height":630},{"@type":"BreadcrumbList","@id":"https:\/\/kokpit.az\/?p=28272#breadcrumb","itemListElement":[{"@type":"ListItem","position":1,"name":"Home","item":"https:\/\/kokpit.az\/"},{"@type":"ListItem","position":2,"name":"Monzada b\u00f6y\u00fck duel: Ferrari \u015eumaxerin miras\u0131, r\u0259qibl\u0259r is\u0259 q\u0259l\u0259b\u0259 \u00fc\u00e7\u00fcn!"}]},{"@type":"WebSite","@id":"https:\/\/kokpit.az\/#website","url":"https:\/\/kokpit.az\/","name":"X\u0259b\u0259ri Kokpitd\u0259 Oxuyun!","description":"","publisher":{"@id":"https:\/\/kokpit.az\/#organization"},"potentialAction":[{"@type":"SearchAction","target":{"@type":"EntryPoint","urlTemplate":"https:\/\/kokpit.az\/?s={search_term_string}"},"query-input":{"@type":"PropertyValueSpecification","valueRequired":true,"valueName":"search_term_string"}}],"inLanguage":"az"},{"@type":"Organization","@id":"https:\/\/kokpit.az\/#organization","name":"X\u0259b\u0259ri Kokpitd\u0259 Oxuyun!","url":"https:\/\/kokpit.az\/","logo":{"@type":"ImageObject","inLanguage":"az","@id":"https:\/\/kokpit.az\/#\/schema\/logo\/image\/","url":"https:\/\/kokpit.az\/wp-content\/uploads\/2023\/05\/kokpit.jpg","contentUrl":"https:\/\/kokpit.az\/wp-content\/uploads\/2023\/05\/kokpit.jpg","width":488,"height":245,"caption":"X\u0259b\u0259ri Kokpitd\u0259 Oxuyun!"},"image":{"@id":"https:\/\/kokpit.az\/#\/schema\/logo\/image\/"},"sameAs":["https:\/\/www.facebook.com\/profile.php?id=61553756392357"]},{"@type":"Person","@id":"https:\/\/kokpit.az\/#\/schema\/person\/f4114e650bc2993d0650e4fb6933c581","name":"Rauf Hac\u0131yev","image":{"@type":"ImageObject","inLanguage":"az","@id":"https:\/\/secure.gravatar.com\/avatar\/394a2085c47c7acdcf41f7d270b7cbb52513d6f4f24c1cb6dfbbd61f98c0503d?s=96&d=mm&r=g","url":"https:\/\/secure.gravatar.com\/avatar\/394a2085c47c7acdcf41f7d270b7cbb52513d6f4f24c1cb6dfbbd61f98c0503d?s=96&d=mm&r=g","contentUrl":"https:\/\/secure.gravatar.com\/avatar\/394a2085c47c7acdcf41f7d270b7cbb52513d6f4f24c1cb6dfbbd61f98c0503d?s=96&d=mm&r=g","caption":"Rauf Hac\u0131yev"},"sameAs":["https:\/\/kokpit.az"],"url":"https:\/\/kokpit.az\/?author=2"}]}},"_links":{"self":[{"href":"https:\/\/kokpit.az\/index.php?rest_route=\/wp\/v2\/posts\/28272","targetHints":{"allow":["GET"]}}],"collection":[{"href":"https:\/\/kokpit.az\/index.php?rest_route=\/wp\/v2\/posts"}],"about":[{"href":"https:\/\/kokpit.az\/index.php?rest_route=\/wp\/v2\/types\/post"}],"author":[{"embeddable":true,"href":"https:\/\/kokpit.az\/index.php?rest_route=\/wp\/v2\/users\/2"}],"replies":[{"embeddable":true,"href":"https:\/\/kokpit.az\/index.php?rest_route=%2Fwp%2Fv2%2Fcomments&post=28272"}],"version-history":[{"count":5,"href":"https:\/\/kokpit.az\/index.php?rest_route=\/wp\/v2\/posts\/28272\/revisions"}],"predecessor-version":[{"id":28286,"href":"https:\/\/kokpit.az\/index.php?rest_route=\/wp\/v2\/posts\/28272\/revisions\/28286"}],"wp:featuredmedia":[{"embeddable":true,"href":"https:\/\/kokpit.az\/index.php?rest_route=\/wp\/v2\/media\/28283"}],"wp:attachment":[{"href":"https:\/\/kokpit.az\/index.php?rest_route=%2Fwp%2Fv2%2Fmedia&parent=28272"}],"wp:term":[{"taxonomy":"category","embeddable":true,"href":"https:\/\/kokpit.az\/index.php?rest_route=%2Fwp%2Fv2%2Fcategories&post=28272"},{"taxonomy":"post_tag","embeddable":true,"href":"https:\/\/kokpit.az\/index.php?rest_route=%2Fwp%2Fv2%2Ftags&post=28272"}],"curies":[{"name":"wp","href":"https:\/\/api.w.org\/{rel}","templated":true}]}}